{"id":2056,"date":"2011-12-05T02:00:00","date_gmt":"2011-12-05T00:00:00","guid":{"rendered":"http:\/\/92.45.35.169\/isten-cikis-gorusmeleri\/"},"modified":"2024-08-08T21:12:34","modified_gmt":"2024-08-08T18:12:34","slug":"isten-cikis-gorusmeleri","status":"publish","type":"post","link":"https:\/\/www.kariyer.net\/kariyer-rehberi\/isten-cikis-gorusmeleri\/","title":{"rendered":"\u0130\u015ften \u00e7\u0131k\u0131\u015f g\u00f6r\u00fc\u015fmeleri\u2026"},"content":{"rendered":"<div><a href=\"http:\/\/www.kariyer.net\/kariyer-rehberi\/wp-content\/uploads\/2011\/12\/i\u015f\u00e7\u0131k\u0131\u015f.jpg\"><img decoding=\"async\" class=\"size-full wp-image-3170 alignleft\" style=\"margin: 5px;\" alt=\"i\u015f\u00e7\u0131k\u0131\u015f\" src=\"http:\/\/www.kariyer.net\/kariyer-rehberi\/wp-content\/uploads\/2011\/12\/i\u015f\u00e7\u0131k\u0131\u015f.jpg\" width=\"250\" height=\"150\" \/><\/a>\u0130nsan Kaynaklar\u0131, i\u015ften ayr\u0131lan \u00e7al\u0131\u015fanlarla yapt\u0131klar\u0131 i\u015ften \u00e7\u0131k\u0131\u015f g\u00f6r\u00fc\u015fmeleriyle \u015firket i\u00e7indeki memnuniyetsizliklerin nedenini \u00f6\u011frenmeye \u00e7al\u0131\u015f\u0131yor. Ancak y\u00f6netici ne yapm\u0131\u015f da \u00e7al\u0131\u015fan\u0131 b\u0131kt\u0131rm\u0131\u015f, ne s\u0131k\u0131nt\u0131lar ya\u015fam\u0131\u015f gibi bilgiler al\u0131n\u0131rken yap\u0131lan y\u00f6nlendirme ve s\u00fcbjektif yakla\u015f\u0131mlar i\u015ften ayr\u0131lan \u00e7al\u0131\u015fan\u0131n ate\u015fini k\u00f6r\u00fckleyebilir.<\/div>\n<div>Toplant\u0131 odas\u0131nda s\u0131k\u0131nt\u0131l\u0131 bir hava var. Ama sessizlikten ziyade hararetli konu\u015fmalar hakim odaya. Koridordan ge\u00e7erken camdan kafas\u0131n\u0131 uzatanlar bir erkek ve bir kad\u0131n g\u00f6r\u00fcyorlar i\u00e7eride. Erkek s\u00fcrekli anlat\u0131yor, kad\u0131n ise onun s\u00f6ylediklerini onaylamak i\u00e7in devaml\u0131 kafas\u0131n\u0131 sall\u0131yor.<br \/>\n\u0130\u015f i\u00e7in bir araya gelmi\u015f iki insandan \u00e7ok dertle\u015fen iki dost gibiler.<br \/>\nErkek hararetle ama sesini k\u0131sarak devam ediyor konu\u015fmaya:<br \/>\n-B\u00fclent Bey, B\u00fclent Bey var perde arkas\u0131nda, yerin kula\u011f\u0131 vard\u0131r Ye\u015fim\u2019ci\u011fim, bu bilgi sende kals\u0131n ama ger\u00e7ek bu. \u015eimdi ben bu konuyu y\u00f6neticimle, Damla Han\u0131m\u2019la birka\u00e7 defa konu\u015fmak istedim. Fakat o her seferinde bir bahaneyle dinlemek istemedi beni. \u00c7ok s\u00fcbjektif, \u00e7al\u0131\u015fanlara adaletli yakla\u015fmak konusunda \u00e7ok eksiklikleri var. Asl\u0131nda yeni de de\u011fil, y\u0131llar\u0131n y\u00f6neticisi ama neden b\u00f6yle yap\u0131yor anlamad\u0131m, y\u00f6netimsel anlamda \u00e7ok zaaflar\u0131 var. Ekipteki herkes \u015fikayet\u00e7i kendisinden.<br \/>\nYe\u015fim daha fazla dayanam\u0131yor ve araya giriyor:<br \/>\n-Ben d\u0131\u015far\u0131ndan bir g\u00f6z bir \u0130nsan Kaynaklar\u0131 \u00e7al\u0131\u015fan\u0131 olarak bakt\u0131\u011f\u0131mda sizin ekipteki huzursuzlu\u011fu hissediyorum asl\u0131nda. Y\u00f6netimsel anlamda zafiyet kesin var. Bu noktada Damla Han\u0131m ile birebir \u00e7al\u0131\u015fan birisi olarak senin de\u011ferlendirmelerin bizim i\u00e7in \u00e7ok k\u0131ymetli. Bug\u00fcn ayr\u0131ca bir i\u015ften \u00e7\u0131k\u0131\u015f formu doldurtaca\u011f\u0131m sana, orada y\u00f6neticini puanlarken gerekeni de yapars\u0131n.<br \/>\nYe\u015fim\u2019in s\u00f6ylediklerinden sonra Yavuz daha da h\u0131rslan\u0131yor. Akl\u0131ndan hemen \u015f\u00f6yle ge\u00e7iriyor:<br \/>\n-Demek bir form dolduraca\u011f\u0131m ve y\u00f6neticimi de\u011ferlendirece\u011fim. Harika! \u015eimdi yakt\u0131m seni Damla!<br \/>\nAsl\u0131nda Yavuz, Damla Han\u0131m\u2019a tepkiliydi ama bu kadar da vahim boyutlarda de\u011fildi i\u015f. Ne olduysa konu\u015fmaya ba\u015flad\u0131ktan ve Ye\u015fim\u2019in yorumlar\u0131n\u0131 dinledikten sonra olmu\u015ftu. Ye\u015fim onun ate\u015fini s\u00f6nd\u00fcrece\u011fine, yang\u0131na k\u00f6r\u00fckle gitmi\u015fti sanki.<br \/>\nYavuz dolduraca\u011f\u0131 forma bakarken dayanamad\u0131 ve sordu:<br \/>\n-Sana anlatt\u0131klar\u0131m, formda verece\u011fim bilgiler ger\u00e7ekten de\u011ferlendiriliyor mu? \u0130nan kendim i\u00e7in de\u011fil, en az\u0131ndan benden sonras\u0131 i\u00e7in bir \u015feyler d\u00fczelsin diye soruyorum bunu.<br \/>\nYe\u015fim:<br \/>\n-De\u011ferlendirilmez mi! \u00dcst y\u00f6netime t\u00fcm bilgileri aktar\u0131yoruz. \u0130\u015ften ayr\u0131lan \u00e7al\u0131\u015fan neden ayr\u0131lm\u0131\u015f, \u00e7al\u0131\u015ft\u0131\u011f\u0131 s\u00fcrece ne s\u0131k\u0131nt\u0131lar ya\u015fam\u0131\u015f, y\u00f6netici ne yapm\u0131\u015f da \u00e7al\u0131\u015fan\u0131 b\u0131kt\u0131rm\u0131\u015f gibi bilgilerle her \u015feyi anlat\u0131yoruz.<br \/>\n-Anlat\u0131n vallahi Ye\u015fim. \u015eu \u015firkette \u00e7al\u0131\u015ft\u0131\u011f\u0131m d\u00f6rt y\u0131l boyunca neler ya\u015fad\u0131\u011f\u0131m\u0131 bir ben bilirim, bir de Allah bilir. Damla Han\u0131m da belki kendine \u00e7eki d\u00fczen verir.<br \/>\n\u0130\u00e7inde \u201cDamla\u201d ge\u00e7en her c\u00fcmleden sonra dert yanmalar sel olup ak\u0131yordu. Asl\u0131nda Damla Han\u0131m\u2019a tepkili olan yaln\u0131zca Yavuz de\u011fil gibiydi. Ye\u015fim de Damla\u2019ya k\u0131zg\u0131n gibiydi ve bu i\u015ften \u00e7\u0131k\u0131\u015f m\u00fclakat\u0131yla sanki intikam almak istiyordu.<br \/>\nBir yirmi dakika daha konu\u015fup dertle\u015ftiler. G\u00f6r\u00fc\u015fmenin sonunda Yavuz formu b\u00fcy\u00fck bir zevkle \u00f6n\u00fcne \u00e7ekti ve y\u00f6netici de\u011ferlendirme b\u00f6l\u00fcmlerinde \u201cyetersiz\u201d se\u00e7ene\u011finden ba\u015fka bir \u015fey i\u015faretlemedi. Yazd\u0131k\u00e7a, i\u015faretledik\u00e7e rahatl\u0131yor gibiydi.<br \/>\nB\u00f6ylece g\u00f6r\u00fc\u015fme tamamland\u0131 ve Yavuz, Ye\u015fim ile vedala\u015ft\u0131. Art\u0131k iki ayr\u0131 \u015firketin \u00e7al\u0131\u015fan\u0131yd\u0131lar.<br \/>\nYavuz eski \u015firketinden \u00e7\u0131karken mutlu gibiydi. Fakat mutlulu\u011fu uzun s\u00fcrmedi, daha binan\u0131n k\u00f6\u015fesini d\u00f6nmemi\u015fti ki i\u00e7ini bir s\u0131k\u0131nt\u0131 kaplad\u0131. \u201cAcaba Damla\u2019ya biraz haks\u0131zl\u0131k m\u0131 ettim?\u201d sorusu kafas\u0131na dank etti. Fakat s\u0131k\u0131nt\u0131s\u0131n\u0131n haks\u0131zl\u0131k etme d\u00fc\u015f\u00fcncesinden mi, yoksa ileride eski y\u00f6neticisinin \u201columsuz referans\u201d ile intikam alabilece\u011finden mi geldi\u011fini anlayamad\u0131.<br \/>\nYe\u015fim ise g\u00f6r\u00fc\u015fmeden \u00e7\u0131kar \u00e7\u0131kmaz solu\u011fu \u0130nsan Kaynaklar\u0131 m\u00fcd\u00fcr\u00fcn\u00fcn yan\u0131nda ald\u0131. Ona edindi\u011fi kendince gizli bilgileri hevesle anlatt\u0131. Fakat kar\u015f\u0131l\u0131\u011f\u0131nda y\u00f6neticisinden hi\u00e7 beklemedi\u011fi bir tepki ald\u0131.<br \/>\nY\u00f6neticisi onu ki\u015fisel sorunlar\u0131n\u0131 i\u015fe yans\u0131tmakla, \u00e7al\u0131\u015fan\u0131 yanl\u0131\u015f y\u00f6nlendirmekle, objektifli\u011fi zedelemekle, \u00fcslubunun profesyonel olmamas\u0131yla ve i\u015ften \u00e7\u0131k\u0131\u015f g\u00f6r\u00fc\u015fmesini a\u011flama duvar\u0131na \u00e7evirmekle su\u00e7lad\u0131.<br \/>\nK\u0131saca, hararetle ba\u015flayan i\u015ften \u00e7\u0131k\u0131\u015f g\u00f6r\u00fc\u015fmesi o g\u00fcn son bulsa da, kat\u0131l\u0131mc\u0131lar\u0131n\u0131n g\u00f6\u011fs\u00fcndeki ate\u015fi bir s\u00fcre daha onlar\u0131 yakmaya devam etti.<\/div>\n<!-- templates\/buttons-placeholder.php -->\n<div class=\"da-reactions-outer TpostID2056\">\n\t    <div class=\"da-reactions-data da-reactions-container-async center\"\n         data-type=\"post\"\n         data-id=\"2056\"\n         id=\"da-reactions-slot-post-2056\">\n        <div class=\"da-reactions-static\">\n\t\t\t<img src=\"https:\/\/www.kariyer.net\/kariyer-rehberi\/wp-content\/plugins\/da-reactions\/assets\/dist\/loading.svg\" alt=\"Loading spinner\" width=\"48\" height=\"48\" style=\"width:48px\" \/>\n        <\/div>\n    <\/div>\n<\/div>\n","protected":false},"excerpt":{"rendered":"<p>\u0130nsan Kaynaklar\u0131, i\u015ften ayr\u0131lan \u00e7al\u0131\u015fanlarla yapt\u0131klar\u0131 i\u015ften \u00e7\u0131k\u0131\u015f g\u00f6r\u00fc\u015fmeleriyle \u015firket i\u00e7indeki memnuniyetsizliklerin nedenini \u00f6\u011frenmeye \u00e7al\u0131\u015f\u0131yor. Ancak y\u00f6netici ne yapm\u0131\u015f da \u00e7al\u0131\u015fan\u0131 b\u0131kt\u0131rm\u0131\u015f, ne s\u0131k\u0131nt\u0131lar ya\u015fam\u0131\u015f gibi bilgiler al\u0131n\u0131rken yap\u0131lan y\u00f6nlendirme ve s\u00fcbjektif yakla\u015f\u0131mlar i\u015ften ayr\u0131lan \u00e7al\u0131\u015fan\u0131n ate\u015fini k\u00f6r\u00fckleyebilir. Toplant\u0131 odas\u0131nda s\u0131k\u0131nt\u0131l\u0131 bir hava var. Ama sessizlikten ziyade hararetli konu\u015fmalar hakim odaya. Koridordan ge\u00e7erken camdan kafas\u0131n\u0131 [&hellip;]<\/p>\n<!-- templates\/buttons-placeholder.php -->\n<div class=\"da-reactions-outer TpostID2056\">\n\t    <div class=\"da-reactions-data da-reactions-container-async center\"\n         data-type=\"post\"\n         data-id=\"2056\"\n         id=\"da-reactions-slot-post-2056\">\n        <div class=\"da-reactions-static\">\n\t\t\t<img src=\"https:\/\/www.kariyer.net\/kariyer-rehberi\/wp-content\/plugins\/da-reactions\/assets\/dist\/loading.svg\" alt=\"Loading spinner\" width=\"48\" height=\"48\" style=\"width:48px\" \/>\n        <\/div>\n    <\/div>\n<\/div>\n","protected":false},"author":8,"featured_media":4468,"comment_status":"open","ping_status":"open","sticky":false,"template":"","format":"standard","meta":{"footnotes":"","_elementor_edit_mode":"","_elementor_template_type":"","_elementor_data":"","_elementor_page_settings":null,"_elementor_conditions":[]},"categories":[2211,2214],"tags":[],"class_list":{"0":"post-2056","1":"post","2":"type-post","3":"status-publish","4":"format-standard","5":"has-post-thumbnail","7":"category-kariyer-gelisimi","8":"category-yasam"},"yoast_head":"<!-- This site is optimized with the Yoast SEO Premium plugin v21.4 (Yoast SEO v27.0) - https:\/\/yoast.com\/product\/yoast-seo-premium-wordpress\/ -->\n<title>\u0130\u015ften \u00e7\u0131k\u0131\u015f g\u00f6r\u00fc\u015fmeleri\u2026 | Kariyer Rehberi<\/title>\n<meta name=\"description\" content=\"\u0130nsan Kaynaklar\u0131, i\u015ften ayr\u0131lan \u00e7al\u0131\u015fanlarla yapt\u0131klar\u0131 i\u015ften \u00e7\u0131k\u0131\u015f g\u00f6r\u00fc\u015fmeleriyle \u015firket i\u00e7indeki memnuniyetsizliklerin nedenini \u00f6\u011frenmeye \u00e7al\u0131\u015f\u0131yor.\" \/>\n<meta name=\"robots\" content=\"index, follow, max-snippet:-1, max-image-preview:large, max-video-preview:-1\" \/>\n<link rel=\"canonical\" href=\"https:\/\/www.kariyer.net\/kariyer-rehberi\/isten-cikis-gorusmeleri\/\" \/>\n<meta property=\"og:locale\" content=\"tr_TR\" \/>\n<meta property=\"og:type\" content=\"article\" \/>\n<meta property=\"og:title\" content=\"\u0130\u015ften \u00e7\u0131k\u0131\u015f g\u00f6r\u00fc\u015fmeleri\u2026\" \/>\n<meta property=\"og:description\" content=\"\u0130nsan Kaynaklar\u0131, i\u015ften ayr\u0131lan \u00e7al\u0131\u015fanlarla yapt\u0131klar\u0131 i\u015ften \u00e7\u0131k\u0131\u015f g\u00f6r\u00fc\u015fmeleriyle \u015firket i\u00e7indeki memnuniyetsizliklerin nedenini \u00f6\u011frenmeye \u00e7al\u0131\u015f\u0131yor.\" \/>\n<meta property=\"og:url\" content=\"https:\/\/www.kariyer.net\/kariyer-rehberi\/isten-cikis-gorusmeleri\/\" \/>\n<meta property=\"og:site_name\" content=\"Kariyer Rehberi\" \/>\n<meta property=\"article:published_time\" content=\"2011-12-05T00:00:00+00:00\" \/>\n<meta property=\"article:modified_time\" content=\"2024-08-08T18:12:34+00:00\" \/>\n<meta property=\"og:image\" content=\"https:\/\/www.kariyer.net\/kariyer-rehberi\/wp-content\/uploads\/2011\/12\/i\u015f\u00e7\u0131k\u0131\u015f1.jpg\" \/>\n\t<meta property=\"og:image:width\" content=\"290\" \/>\n\t<meta property=\"og:image:height\" content=\"150\" \/>\n\t<meta property=\"og:image:type\" content=\"image\/jpeg\" \/>\n<meta name=\"author\" content=\"Kariyer.net\" \/>\n<meta name=\"twitter:card\" content=\"summary_large_image\" \/>\n<meta name=\"twitter:label1\" content=\"Yazan:\" \/>\n\t<meta name=\"twitter:data1\" content=\"Kariyer.net\" \/>\n\t<meta name=\"twitter:label2\" content=\"Tahmini okuma s\u00fcresi\" \/>\n\t<meta name=\"twitter:data2\" content=\"4 dakika\" \/>\n<!-- \/ Yoast SEO Premium plugin. -->","yoast_head_json":{"title":"\u0130\u015ften \u00e7\u0131k\u0131\u015f g\u00f6r\u00fc\u015fmeleri\u2026 | Kariyer Rehberi","description":"\u0130nsan Kaynaklar\u0131, i\u015ften ayr\u0131lan \u00e7al\u0131\u015fanlarla yapt\u0131klar\u0131 i\u015ften \u00e7\u0131k\u0131\u015f g\u00f6r\u00fc\u015fmeleriyle \u015firket i\u00e7indeki memnuniyetsizliklerin nedenini \u00f6\u011frenmeye \u00e7al\u0131\u015f\u0131yor.","robots":{"index":"index","follow":"follow","max-snippet":"max-snippet:-1","max-image-preview":"max-image-preview:large","max-video-preview":"max-video-preview:-1"},"canonical":"https:\/\/www.kariyer.net\/kariyer-rehberi\/isten-cikis-gorusmeleri\/","og_locale":"tr_TR","og_type":"article","og_title":"\u0130\u015ften \u00e7\u0131k\u0131\u015f g\u00f6r\u00fc\u015fmeleri\u2026","og_description":"\u0130nsan Kaynaklar\u0131, i\u015ften ayr\u0131lan \u00e7al\u0131\u015fanlarla yapt\u0131klar\u0131 i\u015ften \u00e7\u0131k\u0131\u015f g\u00f6r\u00fc\u015fmeleriyle \u015firket i\u00e7indeki memnuniyetsizliklerin nedenini \u00f6\u011frenmeye \u00e7al\u0131\u015f\u0131yor.","og_url":"https:\/\/www.kariyer.net\/kariyer-rehberi\/isten-cikis-gorusmeleri\/","og_site_name":"Kariyer Rehberi","article_published_time":"2011-12-05T00:00:00+00:00","article_modified_time":"2024-08-08T18:12:34+00:00","og_image":[{"width":290,"height":150,"url":"https:\/\/www.kariyer.net\/kariyer-rehberi\/wp-content\/uploads\/2011\/12\/i\u015f\u00e7\u0131k\u0131\u015f1.jpg","type":"image\/jpeg"}],"author":"Kariyer.net","twitter_card":"summary_large_image","twitter_misc":{"Yazan:":"Kariyer.net","Tahmini okuma s\u00fcresi":"4 dakika"},"schema":{"@context":"https:\/\/schema.org","@graph":[{"@type":"Article","@id":"https:\/\/www.kariyer.net\/kariyer-rehberi\/isten-cikis-gorusmeleri\/#article","isPartOf":{"@id":"https:\/\/www.kariyer.net\/kariyer-rehberi\/isten-cikis-gorusmeleri\/"},"author":{"name":"Kariyer.net","@id":"https:\/\/www.kariyer.net\/kariyer-rehberi\/#\/schema\/person\/eb36201afd42c03bc83b82060447b2c9"},"headline":"\u0130\u015ften \u00e7\u0131k\u0131\u015f g\u00f6r\u00fc\u015fmeleri\u2026","datePublished":"2011-12-05T00:00:00+00:00","dateModified":"2024-08-08T18:12:34+00:00","mainEntityOfPage":{"@id":"https:\/\/www.kariyer.net\/kariyer-rehberi\/isten-cikis-gorusmeleri\/"},"wordCount":835,"commentCount":0,"publisher":{"@id":"https:\/\/www.kariyer.net\/kariyer-rehberi\/#organization"},"image":{"@id":"https:\/\/www.kariyer.net\/kariyer-rehberi\/isten-cikis-gorusmeleri\/#primaryimage"},"thumbnailUrl":"https:\/\/www.kariyer.net\/kariyer-rehberi\/wp-content\/uploads\/2011\/12\/i\u015f\u00e7\u0131k\u0131\u015f1.jpg","articleSection":["Kariyer Geli\u015fimi","Ya\u015fam"],"inLanguage":"tr","potentialAction":[{"@type":"CommentAction","name":"Comment","target":["https:\/\/www.kariyer.net\/kariyer-rehberi\/isten-cikis-gorusmeleri\/#respond"]}]},{"@type":"WebPage","@id":"https:\/\/www.kariyer.net\/kariyer-rehberi\/isten-cikis-gorusmeleri\/","url":"https:\/\/www.kariyer.net\/kariyer-rehberi\/isten-cikis-gorusmeleri\/","name":"\u0130\u015ften \u00e7\u0131k\u0131\u015f g\u00f6r\u00fc\u015fmeleri\u2026 | Kariyer Rehberi","isPartOf":{"@id":"https:\/\/www.kariyer.net\/kariyer-rehberi\/#website"},"primaryImageOfPage":{"@id":"https:\/\/www.kariyer.net\/kariyer-rehberi\/isten-cikis-gorusmeleri\/#primaryimage"},"image":{"@id":"https:\/\/www.kariyer.net\/kariyer-rehberi\/isten-cikis-gorusmeleri\/#primaryimage"},"thumbnailUrl":"https:\/\/www.kariyer.net\/kariyer-rehberi\/wp-content\/uploads\/2011\/12\/i\u015f\u00e7\u0131k\u0131\u015f1.jpg","datePublished":"2011-12-05T00:00:00+00:00","dateModified":"2024-08-08T18:12:34+00:00","description":"\u0130nsan Kaynaklar\u0131, i\u015ften ayr\u0131lan \u00e7al\u0131\u015fanlarla yapt\u0131klar\u0131 i\u015ften \u00e7\u0131k\u0131\u015f g\u00f6r\u00fc\u015fmeleriyle \u015firket i\u00e7indeki memnuniyetsizliklerin nedenini \u00f6\u011frenmeye \u00e7al\u0131\u015f\u0131yor.","breadcrumb":{"@id":"https:\/\/www.kariyer.net\/kariyer-rehberi\/isten-cikis-gorusmeleri\/#breadcrumb"},"inLanguage":"tr","potentialAction":[{"@type":"ReadAction","target":["https:\/\/www.kariyer.net\/kariyer-rehberi\/isten-cikis-gorusmeleri\/"]}]},{"@type":"ImageObject","inLanguage":"tr","@id":"https:\/\/www.kariyer.net\/kariyer-rehberi\/isten-cikis-gorusmeleri\/#primaryimage","url":"https:\/\/www.kariyer.net\/kariyer-rehberi\/wp-content\/uploads\/2011\/12\/i\u015f\u00e7\u0131k\u0131\u015f1.jpg","contentUrl":"https:\/\/www.kariyer.net\/kariyer-rehberi\/wp-content\/uploads\/2011\/12\/i\u015f\u00e7\u0131k\u0131\u015f1.jpg","width":290,"height":150},{"@type":"BreadcrumbList","@id":"https:\/\/www.kariyer.net\/kariyer-rehberi\/isten-cikis-gorusmeleri\/#breadcrumb","itemListElement":[{"@type":"ListItem","position":1,"name":"Anasayfa","item":"https:\/\/www.kariyer.net\/kariyer-rehberi\/"},{"@type":"ListItem","position":2,"name":"\u0130\u015ften \u00e7\u0131k\u0131\u015f g\u00f6r\u00fc\u015fmeleri\u2026"}]},{"@type":"WebSite","@id":"https:\/\/www.kariyer.net\/kariyer-rehberi\/#website","url":"https:\/\/www.kariyer.net\/kariyer-rehberi\/","name":"Kariyer Rehberi","description":"\u0130\u015f D\u00fcnyas\u0131yla \u0130lgili Bilmek \u0130stedi\u011finiz Her \u015eey","publisher":{"@id":"https:\/\/www.kariyer.net\/kariyer-rehberi\/#organization"},"potentialAction":[{"@type":"SearchAction","target":{"@type":"EntryPoint","urlTemplate":"https:\/\/www.kariyer.net\/kariyer-rehberi\/?s={search_term_string}"},"query-input":{"@type":"PropertyValueSpecification","valueRequired":true,"valueName":"search_term_string"}}],"inLanguage":"tr"},{"@type":"Organization","@id":"https:\/\/www.kariyer.net\/kariyer-rehberi\/#organization","name":"Kariyer.net","url":"https:\/\/www.kariyer.net\/kariyer-rehberi\/","logo":{"@type":"ImageObject","inLanguage":"tr","@id":"https:\/\/www.kariyer.net\/kariyer-rehberi\/#\/schema\/logo\/image\/","url":"https:\/\/www.kariyer.net\/kariyer-rehberi-new\/wp-content\/uploads\/2023\/01\/og-image11.jpg","contentUrl":"https:\/\/www.kariyer.net\/kariyer-rehberi-new\/wp-content\/uploads\/2023\/01\/og-image11.jpg","width":800,"height":800,"caption":"Kariyer.net"},"image":{"@id":"https:\/\/www.kariyer.net\/kariyer-rehberi\/#\/schema\/logo\/image\/"}},{"@type":"Person","@id":"https:\/\/www.kariyer.net\/kariyer-rehberi\/#\/schema\/person\/eb36201afd42c03bc83b82060447b2c9","name":"Kariyer.net","image":{"@type":"ImageObject","inLanguage":"tr","@id":"https:\/\/www.kariyer.net\/kariyer-rehberi\/#\/schema\/person\/image\/","url":"https:\/\/secure.gravatar.com\/avatar\/ddce3ac68cb52fb2ae004bcee334e49ccc6361fefd68c5f6f4d2a86630c28b2e?s=96&d=mm&r=g","contentUrl":"https:\/\/secure.gravatar.com\/avatar\/ddce3ac68cb52fb2ae004bcee334e49ccc6361fefd68c5f6f4d2a86630c28b2e?s=96&d=mm&r=g","caption":"Kariyer.net"},"url":"https:\/\/www.kariyer.net\/kariyer-rehberi\/author\/kariyer-net\/"}]}},"_links":{"self":[{"href":"https:\/\/www.kariyer.net\/kariyer-rehberi\/wp-json\/wp\/v2\/posts\/2056","targetHints":{"allow":["GET"]}}],"collection":[{"href":"https:\/\/www.kariyer.net\/kariyer-rehberi\/wp-json\/wp\/v2\/posts"}],"about":[{"href":"https:\/\/www.kariyer.net\/kariyer-rehberi\/wp-json\/wp\/v2\/types\/post"}],"author":[{"embeddable":true,"href":"https:\/\/www.kariyer.net\/kariyer-rehberi\/wp-json\/wp\/v2\/users\/8"}],"replies":[{"embeddable":true,"href":"https:\/\/www.kariyer.net\/kariyer-rehberi\/wp-json\/wp\/v2\/comments?post=2056"}],"version-history":[{"count":1,"href":"https:\/\/www.kariyer.net\/kariyer-rehberi\/wp-json\/wp\/v2\/posts\/2056\/revisions"}],"predecessor-version":[{"id":20096,"href":"https:\/\/www.kariyer.net\/kariyer-rehberi\/wp-json\/wp\/v2\/posts\/2056\/revisions\/20096"}],"wp:featuredmedia":[{"embeddable":true,"href":"https:\/\/www.kariyer.net\/kariyer-rehberi\/wp-json\/wp\/v2\/media\/4468"}],"wp:attachment":[{"href":"https:\/\/www.kariyer.net\/kariyer-rehberi\/wp-json\/wp\/v2\/media?parent=2056"}],"wp:term":[{"taxonomy":"category","embeddable":true,"href":"https:\/\/www.kariyer.net\/kariyer-rehberi\/wp-json\/wp\/v2\/categories?post=2056"},{"taxonomy":"post_tag","embeddable":true,"href":"https:\/\/www.kariyer.net\/kariyer-rehberi\/wp-json\/wp\/v2\/tags?post=2056"}],"curies":[{"name":"wp","href":"https:\/\/api.w.org\/{rel}","templated":true}]}}