{"id":2078,"date":"2012-08-02T03:00:00","date_gmt":"2012-08-02T00:00:00","guid":{"rendered":"http:\/\/92.45.35.169\/afrikada-yetenek-avi\/"},"modified":"2024-07-03T14:53:39","modified_gmt":"2024-07-03T11:53:39","slug":"afrikada-yetenek-avi","status":"publish","type":"post","link":"https:\/\/www.kariyer.net\/kariyer-rehberi\/afrikada-yetenek-avi\/","title":{"rendered":"Afrika\u2019da yetenek av\u0131"},"content":{"rendered":"<p>&nbsp;<\/p>\n<p><strong><img decoding=\"async\" style=\"width: 200px; height: 268px; margin: 10px; float: left;\" alt=\"\" src=\"http:\/\/img1.kariyer.net\/WebSite\/uploads\/KariyerRehberi\/pictures\/HP(3).jpg\" \/><\/strong><\/p>\n<p><strong>HP\u2019nin Akdeniz, Orta Do\u011fu ve Afrika B\u00f6lgeleri\u2019nde i\u015fe al\u0131m\u0131 ilk kez bir T\u00fcrk, \u015eebnem Ar\u0131can y\u00f6netiyor. Ar\u0131can, \u00f6zellikle Afrika\u2019da b\u00fcy\u00fcyen potansiyele odakland\u0131klar\u0131n\u0131 anlat\u0131yor.<\/strong><\/p>\n<p>\u0130ki y\u0131ldan bu yana HP\u2019nin MEMA (Akdeniz, Orta Do\u011fu ve Afrika B\u00f6lgesi) \u0130\u015fe Al\u0131m ve Yerle\u015ftirme Direkt\u00f6r\u00fc olarak g\u00f6rev yapan \u015eebnem Ar\u0131can, firma b\u00fcnyesinde bu pozisyona getirilen ilk T\u00fcrk. \u00dcstelik b\u00f6lgeye atanan MEMA sakini. Ar\u0131can, \u00f6ncesinde daha \u00e7ok Avrupal\u0131 y\u00f6neticilere teslim edilen hem keyifli hem de \u00f6zellikle Afrika aya\u011f\u0131yla olduk\u00e7a zorlay\u0131c\u0131 bu b\u00f6lgeye, \u00e7ok k\u00fclt\u00fcrl\u00fc ortamlarda edindi\u011fi deneyimler neticesinde atand\u0131\u011f\u0131n\u0131 dile getiriyor. \u00dcniversiteden mezun oldu\u011fu 1999 y\u0131l\u0131ndan bu yana IK alan\u0131nda g\u00f6rev yapan Ar\u0131can, 13 y\u0131ll\u0131k bu d\u00f6nem s\u00fcresinde \u0130nsan Kaynaklar\u0131 Uzman\u0131, \u0130nsan Kaynaklar\u0131 Proje Y\u00f6neticisi, \u0130nsan Kaynaklar\u0131 \u00dclke M\u00fcd\u00fcr\u00fc ve \u0130\u015fe Al\u0131m ve Yerle\u015ftirme Direkt\u00f6r\u00fc olarak \u00fclke ve b\u00f6lge d\u00fczeyinde bir\u00e7ok farkl\u0131 g\u00f6revde bulunmu\u015f bir isim.<\/p>\n<p><strong>En zorlu yanlar\u0131 en \u00e7ok keyif verenler<\/strong><br \/>\nMEMA b\u00f6lgesine dahil olan \u00fclkeler, T\u00fcrkiye, Yunanistan, \u0130srail ile Birle\u015fik Arap Emirlikleri, Kuveyt, Katar, L\u00fcbnan, M\u0131s\u0131r, Suudi Arabistan ve G\u00fcney Afrika, Tunus, Fas, Burkina Faso, Senegal, Angola, Mozambik, Fildi\u015fi Sahili, Etiyopya, Gana, Kongo, Tanzanya, Uganda, Mauritius gibi Afrika \u00fclkeleri. Ar\u0131can b\u00f6lgede en \u00e7ok zorland\u0131\u011f\u0131 alanlar\u0131n ayn\u0131 zamanda en \u00e7ok keyif verenler oldu\u011funu anlat\u0131yor, \u201cHepsi birbirinden \u00f6zel konular\u0131 farkl\u0131 \u00fclkeler i\u00e7in y\u00f6netmeye \u00e7al\u0131\u015f\u0131yoruz. \u0130lk akl\u0131ma gelenler, Suudi Arabistan\u2019da kad\u0131n i\u015fe al\u0131m\u0131, G\u00fcney Afrika\u2019da siyahlardan olu\u015fan pazar\u0131 etkilemeye \u00e7al\u0131\u015fmak, \u0130srail\u2019de her g\u00fcn ortaya \u00e7\u0131kan start-up \u015firketleriyle rekabet etmek, Yunanistan\u2019da krizden etkilenmi\u015f bir toplumu harekete ge\u00e7irmeye \u00e7al\u0131\u015fmak, Tunus\/M\u0131s\u0131r\/Cezayir\u2019de politik sorunlar\u0131n hala hayat\u0131 ciddi \u015fekilde etkiledi\u011fi bir yerde insanlar\u0131 g\u00fcvenli bir ortamda g\u00f6r\u00fc\u015fmeye \u00e7a\u011f\u0131rmak, Katar\u2019da teklif yapt\u0131\u011f\u0131m\u0131z bir gen\u00e7 k\u0131z\u0131n seyahat edebilmesi i\u00e7in ailesinden izin almak gibi&#8230; Hepsi g\u00fc\u00e7 ancak sonu\u00e7lar\u0131n\u0131 g\u00f6rmek de bir o kadar keyifli\u201d.<\/p>\n<p><strong>K\u00fclt\u00fcr farkl\u0131l\u0131\u011f\u0131 zorluyor<\/strong><br \/>\nHP ge\u00e7en y\u0131l b\u00f6lgede 1700 ki\u015fiyi b\u00fcnyesine katm\u0131\u015f. Ar\u0131can \u00f6zellikle k\u00fclt\u00fcr farkl\u0131l\u0131\u011f\u0131n\u0131n \u00e7al\u0131\u015ft\u0131\u011f\u0131 b\u00f6lgelerde en \u00e7ok kar\u015f\u0131 kar\u015f\u0131ya kald\u0131\u011f\u0131 zorluk oldu\u011funu dile getiriyor. \u201cAyn\u0131 k\u0131tada olmalar\u0131na ra\u011fmen \u00e7e\u015fitli Afrika \u00fclkelerinin kendi i\u00e7lerinde ya\u015fad\u0131klar\u0131 bir tak\u0131m politik sorunlar ve karma\u015fa ki\u015filerin hayat standard\u0131n\u0131 da etkiliyor. Bu olumsuzluklar, ki\u015filerin kom\u015fu \u00fclkelerde \u00e7al\u0131\u015fmas\u0131n\u0131 da \u00e7o\u011fu zaman imkans\u0131z k\u0131l\u0131yor. Bir di\u011fer zorluk olarak, \u00f6zellikle yeni ofis a\u00e7t\u0131\u011f\u0131m\u0131z \u00fclkelerde (Senegal, Mozambik gibi) do\u011fru \u00f6zge\u00e7mi\u015fe ula\u015fabilece\u011fimiz kanallar\u0131n s\u0131n\u0131rl\u0131 olmas\u0131. Nijerya\u2019daki bir adaya telefonla ula\u015fmak i\u00e7in 3-4 saat harcaman\u0131z gerekebiliyor. Ya da Angola\u2019da ilk g\u00f6r\u00fc\u015fmeyi Portekizce yapmak \u00e7o\u011fu zaman avantaj sa\u011fl\u0131yor \u00e7\u00fcnk\u00fc adaylar kendilerini \u0130ngilizce ifade etmekte zorlan\u0131yor. K\u0131saca her \u00fclkenin ger\u00e7e\u011fi farkl\u0131, t\u00fcm\u00fcn\u00fc y\u00f6netmek i\u00e7in ciddi emek harc\u0131yoruz\u201d.<\/p>\n<p><strong>Afrika\u2019n\u0131n potansiyeli b\u00fcy\u00fcyor<\/strong><br \/>\nAr\u0131can, Afrika\u2019daki b\u00fcy\u00fcyen potansiyele dikkat \u00e7ekiyor ve ekliyor, \u201cAfrika h\u0131zla b\u00fcy\u00fcyen bir b\u00f6lge ve t\u00fcm \u00e7ok uluslu \u015firketlerin yeni yat\u0131r\u0131mlar i\u00e7erisinde oldu\u011funu s\u00f6ylemek m\u00fcmk\u00fcn. HP\u2019nin de i\u00e7inde bulundu\u011fu \u00e7ok uluslu \u015firketlerden olu\u015fan bu topluluk, yetenek av\u0131 konusunda farkl\u0131 stratejilerle piyasada var olmaya \u00e7al\u0131\u015f\u0131yor. Tan\u0131\u015ft\u0131\u011f\u0131m\u0131z gen\u00e7 yeteneklerin, ba\u011fl\u0131 bulundu\u011fumuz b\u00f6lgenin y\u00fcr\u00fctt\u00fc\u011f\u00fc en b\u00fcy\u00fck i\u015fe al\u0131m projelerden biri olan \u201cMEMA Graduate University\u201d ad\u0131n\u0131 verdi\u011fimiz bir yeni mezun program\u0131na ili\u015fkin se\u00e7me ve yerle\u015ftirme s\u00fcrecine dahil olmalar\u0131n\u0131 hedefliyoruz. Bu \u00fclkelerde \u00f6zellikle, iyi e\u011fitimli, teknik ya da sosyal b\u00f6l\u00fcmlerden mezun, iki veya daha fazla dil konu\u015fabilen, potansiyelini ke\u015ffetmeye haz\u0131r, sat\u0131\u015f anlam\u0131nda kariyer hedefleri olan gen\u00e7 yetenekleri ke\u015ffetmeye \u00e7al\u0131\u015f\u0131yoruz. Bu gen\u00e7lerin kalk\u0131nmakta olan \u00fclkelerine katabilecekleri g\u00fcc\u00fcn fark\u0131nday\u0131z ve biz de HP olarak bu g\u00fc\u00e7 dalgas\u0131n\u0131n pozitif etkisi ile yeni \u00fclkelerdeki varl\u0131\u011f\u0131m\u0131z\u0131 gen\u00e7 yeteneklerimizle g\u00fc\u00e7lendirebilece\u011fimize inan\u0131yoruz\u201d.<\/p>\n<!-- templates\/buttons-placeholder.php -->\n<div class=\"da-reactions-outer TpostID2078\">\n\t    <div class=\"da-reactions-data da-reactions-container-async center\"\n         data-type=\"post\"\n         data-id=\"2078\"\n         id=\"da-reactions-slot-post-2078\">\n        <div class=\"da-reactions-static\">\n\t\t\t<img src=\"https:\/\/www.kariyer.net\/kariyer-rehberi\/wp-content\/plugins\/da-reactions\/assets\/dist\/loading.svg\" alt=\"Loading spinner\" width=\"48\" height=\"48\" style=\"width:48px\" \/>\n        <\/div>\n    <\/div>\n<\/div>\n","protected":false},"excerpt":{"rendered":"<p>&nbsp; HP\u2019nin Akdeniz, Orta Do\u011fu ve Afrika B\u00f6lgeleri\u2019nde i\u015fe al\u0131m\u0131 ilk kez bir T\u00fcrk, \u015eebnem Ar\u0131can y\u00f6netiyor. Ar\u0131can, \u00f6zellikle Afrika\u2019da b\u00fcy\u00fcyen potansiyele odakland\u0131klar\u0131n\u0131 anlat\u0131yor. \u0130ki y\u0131ldan bu yana HP\u2019nin MEMA (Akdeniz, Orta Do\u011fu ve Afrika B\u00f6lgesi) \u0130\u015fe Al\u0131m ve Yerle\u015ftirme Direkt\u00f6r\u00fc olarak g\u00f6rev yapan \u015eebnem Ar\u0131can, firma b\u00fcnyesinde bu pozisyona getirilen ilk T\u00fcrk. \u00dcstelik b\u00f6lgeye [&hellip;]<\/p>\n<!-- templates\/buttons-placeholder.php -->\n<div class=\"da-reactions-outer TpostID2078\">\n\t    <div class=\"da-reactions-data da-reactions-container-async center\"\n         data-type=\"post\"\n         data-id=\"2078\"\n         id=\"da-reactions-slot-post-2078\">\n        <div class=\"da-reactions-static\">\n\t\t\t<img src=\"https:\/\/www.kariyer.net\/kariyer-rehberi\/wp-content\/plugins\/da-reactions\/assets\/dist\/loading.svg\" alt=\"Loading spinner\" width=\"48\" height=\"48\" style=\"width:48px\" \/>\n        <\/div>\n    <\/div>\n<\/div>\n","protected":false},"author":8,"featured_media":4070,"comment_status":"open","ping_status":"open","sticky":false,"template":"","format":"standard","meta":{"footnotes":"","_elementor_edit_mode":"","_elementor_template_type":"","_elementor_data":"","_elementor_page_settings":null,"_elementor_conditions":[]},"categories":[2203],"tags":[],"class_list":{"0":"post-2078","1":"post","2":"type-post","3":"status-publish","4":"format-standard","5":"has-post-thumbnail","7":"category-haberler-duyurular"},"yoast_head":"<!-- This site is optimized with the Yoast SEO Premium plugin v21.4 (Yoast SEO v27.0) - https:\/\/yoast.com\/product\/yoast-seo-premium-wordpress\/ -->\n<title>Afrika\u2019da yetenek av\u0131 | Kariyer Rehberi<\/title>\n<meta name=\"description\" content=\"&nbsp; HP\u2019nin Akdeniz, Orta Do\u011fu ve Afrika B\u00f6lgeleri\u2019nde i\u015fe al\u0131m\u0131 ilk kez bir T\u00fcrk, \u015eebnem Ar\u0131can y\u00f6netiyor. Ar\u0131can, \u00f6zellikle Afrika\u2019da b\u00fcy\u00fcyen\" \/>\n<meta name=\"robots\" content=\"index, follow, max-snippet:-1, max-image-preview:large, max-video-preview:-1\" \/>\n<link rel=\"canonical\" href=\"https:\/\/www.kariyer.net\/kariyer-rehberi\/afrikada-yetenek-avi\/\" \/>\n<meta property=\"og:locale\" content=\"tr_TR\" \/>\n<meta property=\"og:type\" content=\"article\" \/>\n<meta property=\"og:title\" content=\"Afrika\u2019da yetenek av\u0131\" \/>\n<meta property=\"og:description\" content=\"&nbsp; HP\u2019nin Akdeniz, Orta Do\u011fu ve Afrika B\u00f6lgeleri\u2019nde i\u015fe al\u0131m\u0131 ilk kez bir T\u00fcrk, \u015eebnem Ar\u0131can y\u00f6netiyor. Ar\u0131can, \u00f6zellikle Afrika\u2019da b\u00fcy\u00fcyen\" \/>\n<meta property=\"og:url\" content=\"https:\/\/www.kariyer.net\/kariyer-rehberi\/afrikada-yetenek-avi\/\" \/>\n<meta property=\"og:site_name\" content=\"Kariyer Rehberi\" \/>\n<meta property=\"article:published_time\" content=\"2012-08-02T00:00:00+00:00\" \/>\n<meta property=\"article:modified_time\" content=\"2024-07-03T11:53:39+00:00\" \/>\n<meta property=\"og:image\" content=\"https:\/\/www.kariyer.net\/kariyer-rehberi\/wp-content\/uploads\/2012\/08\/hp1.jpg\" \/>\n\t<meta property=\"og:image:width\" content=\"600\" \/>\n\t<meta property=\"og:image:height\" content=\"300\" \/>\n\t<meta property=\"og:image:type\" content=\"image\/jpeg\" \/>\n<meta name=\"author\" content=\"Kariyer.net\" \/>\n<meta name=\"twitter:card\" content=\"summary_large_image\" \/>\n<meta name=\"twitter:label1\" content=\"Yazan:\" \/>\n\t<meta name=\"twitter:data1\" content=\"Kariyer.net\" \/>\n\t<meta name=\"twitter:label2\" content=\"Tahmini okuma s\u00fcresi\" \/>\n\t<meta name=\"twitter:data2\" content=\"4 dakika\" \/>\n<!-- \/ Yoast SEO Premium plugin. -->","yoast_head_json":{"title":"Afrika\u2019da yetenek av\u0131 | Kariyer Rehberi","description":"&nbsp; HP\u2019nin Akdeniz, Orta Do\u011fu ve Afrika B\u00f6lgeleri\u2019nde i\u015fe al\u0131m\u0131 ilk kez bir T\u00fcrk, \u015eebnem Ar\u0131can y\u00f6netiyor. Ar\u0131can, \u00f6zellikle Afrika\u2019da b\u00fcy\u00fcyen","robots":{"index":"index","follow":"follow","max-snippet":"max-snippet:-1","max-image-preview":"max-image-preview:large","max-video-preview":"max-video-preview:-1"},"canonical":"https:\/\/www.kariyer.net\/kariyer-rehberi\/afrikada-yetenek-avi\/","og_locale":"tr_TR","og_type":"article","og_title":"Afrika\u2019da yetenek av\u0131","og_description":"&nbsp; HP\u2019nin Akdeniz, Orta Do\u011fu ve Afrika B\u00f6lgeleri\u2019nde i\u015fe al\u0131m\u0131 ilk kez bir T\u00fcrk, \u015eebnem Ar\u0131can y\u00f6netiyor. Ar\u0131can, \u00f6zellikle Afrika\u2019da b\u00fcy\u00fcyen","og_url":"https:\/\/www.kariyer.net\/kariyer-rehberi\/afrikada-yetenek-avi\/","og_site_name":"Kariyer Rehberi","article_published_time":"2012-08-02T00:00:00+00:00","article_modified_time":"2024-07-03T11:53:39+00:00","og_image":[{"width":600,"height":300,"url":"https:\/\/www.kariyer.net\/kariyer-rehberi\/wp-content\/uploads\/2012\/08\/hp1.jpg","type":"image\/jpeg"}],"author":"Kariyer.net","twitter_card":"summary_large_image","twitter_misc":{"Yazan:":"Kariyer.net","Tahmini okuma s\u00fcresi":"4 dakika"},"schema":{"@context":"https:\/\/schema.org","@graph":[{"@type":"Article","@id":"https:\/\/www.kariyer.net\/kariyer-rehberi\/afrikada-yetenek-avi\/#article","isPartOf":{"@id":"https:\/\/www.kariyer.net\/kariyer-rehberi\/afrikada-yetenek-avi\/"},"author":{"name":"Kariyer.net","@id":"https:\/\/www.kariyer.net\/kariyer-rehberi\/#\/schema\/person\/eb36201afd42c03bc83b82060447b2c9"},"headline":"Afrika\u2019da yetenek av\u0131","datePublished":"2012-08-02T00:00:00+00:00","dateModified":"2024-07-03T11:53:39+00:00","mainEntityOfPage":{"@id":"https:\/\/www.kariyer.net\/kariyer-rehberi\/afrikada-yetenek-avi\/"},"wordCount":762,"commentCount":0,"publisher":{"@id":"https:\/\/www.kariyer.net\/kariyer-rehberi\/#organization"},"image":{"@id":"https:\/\/www.kariyer.net\/kariyer-rehberi\/afrikada-yetenek-avi\/#primaryimage"},"thumbnailUrl":"https:\/\/www.kariyer.net\/kariyer-rehberi\/wp-content\/uploads\/2012\/08\/hp1.jpg","articleSection":["Haberler ve Duyurular"],"inLanguage":"tr","potentialAction":[{"@type":"CommentAction","name":"Comment","target":["https:\/\/www.kariyer.net\/kariyer-rehberi\/afrikada-yetenek-avi\/#respond"]}]},{"@type":"WebPage","@id":"https:\/\/www.kariyer.net\/kariyer-rehberi\/afrikada-yetenek-avi\/","url":"https:\/\/www.kariyer.net\/kariyer-rehberi\/afrikada-yetenek-avi\/","name":"Afrika\u2019da yetenek av\u0131 | Kariyer Rehberi","isPartOf":{"@id":"https:\/\/www.kariyer.net\/kariyer-rehberi\/#website"},"primaryImageOfPage":{"@id":"https:\/\/www.kariyer.net\/kariyer-rehberi\/afrikada-yetenek-avi\/#primaryimage"},"image":{"@id":"https:\/\/www.kariyer.net\/kariyer-rehberi\/afrikada-yetenek-avi\/#primaryimage"},"thumbnailUrl":"https:\/\/www.kariyer.net\/kariyer-rehberi\/wp-content\/uploads\/2012\/08\/hp1.jpg","datePublished":"2012-08-02T00:00:00+00:00","dateModified":"2024-07-03T11:53:39+00:00","description":"&nbsp; HP\u2019nin Akdeniz, Orta Do\u011fu ve Afrika B\u00f6lgeleri\u2019nde i\u015fe al\u0131m\u0131 ilk kez bir T\u00fcrk, \u015eebnem Ar\u0131can y\u00f6netiyor. Ar\u0131can, \u00f6zellikle Afrika\u2019da b\u00fcy\u00fcyen","breadcrumb":{"@id":"https:\/\/www.kariyer.net\/kariyer-rehberi\/afrikada-yetenek-avi\/#breadcrumb"},"inLanguage":"tr","potentialAction":[{"@type":"ReadAction","target":["https:\/\/www.kariyer.net\/kariyer-rehberi\/afrikada-yetenek-avi\/"]}]},{"@type":"ImageObject","inLanguage":"tr","@id":"https:\/\/www.kariyer.net\/kariyer-rehberi\/afrikada-yetenek-avi\/#primaryimage","url":"https:\/\/www.kariyer.net\/kariyer-rehberi\/wp-content\/uploads\/2012\/08\/hp1.jpg","contentUrl":"https:\/\/www.kariyer.net\/kariyer-rehberi\/wp-content\/uploads\/2012\/08\/hp1.jpg","width":600,"height":300},{"@type":"BreadcrumbList","@id":"https:\/\/www.kariyer.net\/kariyer-rehberi\/afrikada-yetenek-avi\/#breadcrumb","itemListElement":[{"@type":"ListItem","position":1,"name":"Anasayfa","item":"https:\/\/www.kariyer.net\/kariyer-rehberi\/"},{"@type":"ListItem","position":2,"name":"Afrika\u2019da yetenek av\u0131"}]},{"@type":"WebSite","@id":"https:\/\/www.kariyer.net\/kariyer-rehberi\/#website","url":"https:\/\/www.kariyer.net\/kariyer-rehberi\/","name":"Kariyer Rehberi","description":"\u0130\u015f D\u00fcnyas\u0131yla \u0130lgili Bilmek \u0130stedi\u011finiz Her \u015eey","publisher":{"@id":"https:\/\/www.kariyer.net\/kariyer-rehberi\/#organization"},"potentialAction":[{"@type":"SearchAction","target":{"@type":"EntryPoint","urlTemplate":"https:\/\/www.kariyer.net\/kariyer-rehberi\/?s={search_term_string}"},"query-input":{"@type":"PropertyValueSpecification","valueRequired":true,"valueName":"search_term_string"}}],"inLanguage":"tr"},{"@type":"Organization","@id":"https:\/\/www.kariyer.net\/kariyer-rehberi\/#organization","name":"Kariyer.net","url":"https:\/\/www.kariyer.net\/kariyer-rehberi\/","logo":{"@type":"ImageObject","inLanguage":"tr","@id":"https:\/\/www.kariyer.net\/kariyer-rehberi\/#\/schema\/logo\/image\/","url":"https:\/\/www.kariyer.net\/kariyer-rehberi-new\/wp-content\/uploads\/2023\/01\/og-image11.jpg","contentUrl":"https:\/\/www.kariyer.net\/kariyer-rehberi-new\/wp-content\/uploads\/2023\/01\/og-image11.jpg","width":800,"height":800,"caption":"Kariyer.net"},"image":{"@id":"https:\/\/www.kariyer.net\/kariyer-rehberi\/#\/schema\/logo\/image\/"}},{"@type":"Person","@id":"https:\/\/www.kariyer.net\/kariyer-rehberi\/#\/schema\/person\/eb36201afd42c03bc83b82060447b2c9","name":"Kariyer.net","image":{"@type":"ImageObject","inLanguage":"tr","@id":"https:\/\/www.kariyer.net\/kariyer-rehberi\/#\/schema\/person\/image\/","url":"https:\/\/secure.gravatar.com\/avatar\/ddce3ac68cb52fb2ae004bcee334e49ccc6361fefd68c5f6f4d2a86630c28b2e?s=96&d=mm&r=g","contentUrl":"https:\/\/secure.gravatar.com\/avatar\/ddce3ac68cb52fb2ae004bcee334e49ccc6361fefd68c5f6f4d2a86630c28b2e?s=96&d=mm&r=g","caption":"Kariyer.net"},"url":"https:\/\/www.kariyer.net\/kariyer-rehberi\/author\/kariyer-net\/"}]}},"_links":{"self":[{"href":"https:\/\/www.kariyer.net\/kariyer-rehberi\/wp-json\/wp\/v2\/posts\/2078","targetHints":{"allow":["GET"]}}],"collection":[{"href":"https:\/\/www.kariyer.net\/kariyer-rehberi\/wp-json\/wp\/v2\/posts"}],"about":[{"href":"https:\/\/www.kariyer.net\/kariyer-rehberi\/wp-json\/wp\/v2\/types\/post"}],"author":[{"embeddable":true,"href":"https:\/\/www.kariyer.net\/kariyer-rehberi\/wp-json\/wp\/v2\/users\/8"}],"replies":[{"embeddable":true,"href":"https:\/\/www.kariyer.net\/kariyer-rehberi\/wp-json\/wp\/v2\/comments?post=2078"}],"version-history":[{"count":1,"href":"https:\/\/www.kariyer.net\/kariyer-rehberi\/wp-json\/wp\/v2\/posts\/2078\/revisions"}],"predecessor-version":[{"id":18742,"href":"https:\/\/www.kariyer.net\/kariyer-rehberi\/wp-json\/wp\/v2\/posts\/2078\/revisions\/18742"}],"wp:featuredmedia":[{"embeddable":true,"href":"https:\/\/www.kariyer.net\/kariyer-rehberi\/wp-json\/wp\/v2\/media\/4070"}],"wp:attachment":[{"href":"https:\/\/www.kariyer.net\/kariyer-rehberi\/wp-json\/wp\/v2\/media?parent=2078"}],"wp:term":[{"taxonomy":"category","embeddable":true,"href":"https:\/\/www.kariyer.net\/kariyer-rehberi\/wp-json\/wp\/v2\/categories?post=2078"},{"taxonomy":"post_tag","embeddable":true,"href":"https:\/\/www.kariyer.net\/kariyer-rehberi\/wp-json\/wp\/v2\/tags?post=2078"}],"curies":[{"name":"wp","href":"https:\/\/api.w.org\/{rel}","templated":true}]}}