{"id":21158,"date":"2024-09-20T15:03:13","date_gmt":"2024-09-20T12:03:13","guid":{"rendered":"https:\/\/www.kariyer.net\/kariyer-rehberi\/?p=21158"},"modified":"2024-09-20T15:03:13","modified_gmt":"2024-09-20T12:03:13","slug":"kultur-ve-turizm-bakanligi-personel-alimi","status":"publish","type":"post","link":"https:\/\/www.kariyer.net\/kariyer-rehberi\/kultur-ve-turizm-bakanligi-personel-alimi\/","title":{"rendered":"K\u00fclt\u00fcr ve Turizm Bakanl\u0131\u011f\u0131 personel al\u0131m\u0131"},"content":{"rendered":"<p><strong>K\u00fclt\u00fcr ve Turizm Bakanl\u0131\u011f\u0131\u2019nda g\u00f6rev almakla ilgili detaylar\u0131 \u00f6\u011frenmek istiyorsan, senin i\u00e7in en \u00e7ok merak edilen sorular\u0131n cevab\u0131n\u0131 bu yaz\u0131m\u0131zda kaleme ald\u0131k.<\/strong><\/p>\n<p>Kamu kurumlar\u0131na atanmak i\u00e7in her y\u0131l d\u00fczenli olarak s\u0131navlar d\u00fczenlenir. K\u00fclt\u00fcr ve Turizm Bakanl\u0131\u011f\u0131 personel al\u0131m\u0131 da bu tarz s\u0131navlarla yap\u0131l\u0131r. Bu s\u0131navlara girerek, bakanl\u0131\u011f\u0131n merkez ya da ta\u015fra te\u015fkilatlar\u0131nda \u00e7al\u0131\u015fman m\u00fcmk\u00fcn. \u00dclke genelinde kamunun idaresinde olan t\u00fcm sanat ve k\u00fclt\u00fcr i\u015flemlerini K\u00fclt\u00fcr ve Turizm Bakanl\u0131\u011f\u0131 y\u00fcr\u00fct\u00fcr. Sen de bakanl\u0131k b\u00fcnyesinde farkl\u0131 pozisyonlarda \u00e7al\u0131\u015fmak istersen, K\u00fclt\u00fcr ve Turizm Bakanl\u0131\u011f\u0131 personel al\u0131m\u0131 hakk\u0131nda daha ayr\u0131nt\u0131l\u0131 bilgiye ula\u015fabilirsin.<\/p>\n<h2>K\u00fclt\u00fcr ve Turizm Bakanl\u0131\u011f\u0131 personel al\u0131m\u0131 ne zaman?<strong><br \/>\n<\/strong><\/h2>\n<p>K\u00fclt\u00fcr ve Turizm Bakanl\u0131\u011f\u0131 personel al\u0131m\u0131 resmi ileti\u015fim kanallar\u0131 \u00fczerinden yap\u0131lan duyurularla a\u00e7\u0131klan\u0131r. Bu ilanlara bakarak mevcut durumda a\u00e7\u0131k olan pozisyonlar\u0131 g\u00f6rebilirsin. Al\u0131nacak olan memurlar\u0131n nitelikleri, al\u0131naca\u011f\u0131 merkez veya ta\u015fra te\u015fkilatlar\u0131, yap\u0131lacak olan usuller, uygulanacak s\u0131nav veya m\u00fclakatlar yine bu duyurularda belirtilir. K\u00fclt\u00fcr bakanl\u0131\u011f\u0131n\u0131n personel al\u0131m\u0131 y\u00f6netmeli\u011finde belirtildi\u011fi gibi y\u0131l\u0131n farkl\u0131 zamanlar\u0131nda kurum i\u00e7indeki a\u00e7\u0131k olan pozisyonlara ve ihtiyaca g\u00f6re merkezi atama ya da s\u00f6zle\u015fmeli personel yani 4\/B memur al\u0131mlar\u0131 yap\u0131labilir. Bakanl\u0131\u011f\u0131n memur al\u0131m\u0131ndaki en temel \u015fart\u0131 KPSS B puan\u0131na sahip olmakt\u0131r. Cumhurba\u015fkanl\u0131\u011f\u0131 \u0130nsan Kaynaklar\u0131 Ofisi taraf\u0131ndan kurulan Kariyer Kap\u0131s\u0131 \u00fczerinden ya da K\u00fclt\u00fcr Bakanl\u0131\u011f\u0131 ileti\u015fim kanallar\u0131 duyurular k\u0131sm\u0131ndan personel al\u0131m ilanlar\u0131n\u0131 takip edebilirsin. Kamudaki farkl\u0131 se\u00e7enekler i\u00e7in <a href=\"https:\/\/www.kariyer.net\/is-ilanlari\/kamu+devlet\" target=\"_blank\" rel=\"noopener\">kamu devlet i\u015f ilanlar\u0131<\/a> listesini de ziyaret edebilirsin.<\/p>\n<h2>K\u00fclt\u00fcr ve Turizm Bakanl\u0131\u011f\u0131 personel al\u0131m\u0131 yap\u0131yor mu?<strong><br \/>\n<\/strong><\/h2>\n<p>Kamuda y\u0131l i\u00e7erisinde ger\u00e7ekle\u015fen emekliye ayr\u0131lma ya da herhangi bir nedenle memurlu\u011fa son verilmesi durumunda pozisyon a\u00e7\u0131kl\u0131\u011f\u0131 olu\u015fur. Bu a\u00e7\u0131\u011f\u0131n ya\u015fanmas\u0131 sonras\u0131 bo\u015falan pozisyonlar\u0131 doldurmak i\u00e7in K\u00fclt\u00fcr ve Turizm Bakanl\u0131\u011f\u0131 personel al\u0131m\u0131 yapar. Kurum merkez te\u015fkilat\u0131na atama yapabilece\u011fi gibi ba\u011fl\u0131 kurulu\u015flar\u0131na da atama yapabilir. Burada ilk atama yap\u0131lan personel i\u00e7in ilanda belirtilen \u015fartlar\u0131 tamaml\u0131yor olman gerekir. Al\u0131mlar y\u0131ldan y\u0131la de\u011fi\u015fiklik g\u00f6sterir. Personel al\u0131mlar\u0131nda gerekli olan niteliklere bak\u0131lmal\u0131 eksik belgeler ilanlardan \u00f6nce tamamlanmal\u0131d\u0131r. Genel olarak belirlenen temel \u015fart KPSS puan\u0131n\u0131n olmas\u0131d\u0131r. Bu puan, kurumun taban puan kriterine uygun olursa, ba\u015fvuru yapma i\u015flemi ger\u00e7ekle\u015fir. Kurumun kendi ilanlar\u0131 ile al\u0131m\u0131n yan\u0131nda bir y\u0131lda iki defaya mahsus merkezi atamalar ger\u00e7ekle\u015ftirilir. Burada kuruma memur olarak atanan ki\u015filer 4\/A personel kapsam\u0131nda de\u011ferlendirmeye al\u0131n\u0131r.<\/p>\n<h2>K\u00fclt\u00fcr ve Turizm Bakanl\u0131\u011f\u0131 personel al\u0131m\u0131 neye g\u00f6re belirlenir?<\/h2>\n<p>K\u00fclt\u00fcr ve Turizm Bakanl\u0131\u011f\u0131 b\u00fcnyesinde \u00e7al\u0131\u015fan memurlar\u0131n pozisyonlar\u0131\u00a0ihtiyaca g\u00f6re belirlenir. Bir alanda yap\u0131lacak olan i\u015f kapasitesinin ne oldu\u011funa, belirli d\u00f6nemlerde art\u0131p azalan taleplere g\u00f6re ya da a\u00e7\u0131k ya\u015fanan alanlarda bu a\u00e7\u0131klar\u0131 kapatma ihtiyac\u0131 duyulur. \u00d6rnek olarak ta\u015fra olarak adland\u0131r\u0131lan bir \u015fehirde herhangi bir <a href=\"https:\/\/www.kariyer.net\/pozisyonlar\/muze+arastirmacisi\" target=\"_blank\" rel=\"noopener\">m\u00fcze ara\u015ft\u0131rmac\u0131s\u0131<\/a> a\u00e7\u0131\u011f\u0131 varsa buna g\u00f6re al\u0131m a\u00e7\u0131klan\u0131r. K\u00fclt\u00fcr ve Turizm Bakanl\u0131\u011f\u0131 personel al\u0131m s\u00fcrecinde KPSS B grubundan al\u0131nan puanlardan bir alt taban puan\u0131 belirlenir. Taban puan\u0131n tutan adaylar ba\u015fvuru yaparlar. Ba\u015fvuru yapacak aday say\u0131s\u0131n\u0131n bu \u015fekilde k\u0131s\u0131tlanmas\u0131 y\u00fcksek puan alan ki\u015filere de bir avantaj do\u011furur. Alt taban puan\u0131na g\u00f6re ba\u015fvuru yap\u0131lan adaylar i\u00e7in tekrar bir s\u0131ralama yap\u0131l\u0131r. KPSS puan\u0131na g\u00f6re y\u00fcksek puan alan adaydan a\u015fa\u011f\u0131ya do\u011fru inen s\u0131ralama yap\u0131l\u0131r. Personel al\u0131m ilan\u0131nda belirlenen say\u0131ya g\u00f6re s\u0131ralamaya giren ve \u00fcst s\u0131ralarda olan adaylar memur olmaya hak kazan\u0131r. Ayn\u0131 zamanda baz\u0131 pozisyonlar i\u00e7in de m\u00fclakat \u015fart\u0131 da aran\u0131r. Burada iki ya da d\u00f6rt kat\u0131na kadar aday m\u00fclakatlara \u00e7a\u011f\u0131r\u0131larak hem KPSS hem de m\u00fclakat puanlar\u0131 ortalamalar\u0131na g\u00f6re yeniden s\u0131ralama yap\u0131labilir.<\/p>\n<h2>K\u00fclt\u00fcr ve Turizm Bakanl\u0131\u011f\u0131 personel al\u0131m\u0131 ba\u015fvurular\u0131 nas\u0131l yap\u0131l\u0131r?<\/h2>\n<p>K\u00fclt\u00fcr ve Turizm Bakanl\u0131\u011f\u0131 personel al\u0131m\u0131 i\u00e7in bakanl\u0131k b\u00fcnyesinden a\u00e7\u0131klama yap\u0131l\u0131r. Resmi kaynaklardan yap\u0131lan bu duyurular \u00fczerine ba\u015fvurular al\u0131n\u0131r. \u0130lanlar kurumlar\u0131n duyurular\u0131nda yay\u0131nland\u0131\u011f\u0131 gibi Cumhurba\u015fkan\u0131 \u0130nsan Kaynaklar\u0131 Ofisi&#8217;nin bu alanda hizmet sundu\u011fu Kariyer Kap\u0131s\u0131&#8217;ndan da eri\u015fime a\u00e7\u0131l\u0131r. Ba\u015fvurular burada belirlenen linkler \u00fczerinden ya da e-devlet portal\u0131 y\u00f6nlendirmesi yap\u0131larak i\u015fe al\u0131m sekmesinden al\u0131n\u0131r. Mezun oldu\u011fun b\u00f6l\u00fcm, mezuniyet durumun, ald\u0131\u011f\u0131n belge ve sertifikalar, pozisyon i\u00e7in gerekli \u00f6zel \u015fartlar ba\u015fvuru s\u00fcresince istenir. Baz\u0131 pozisyonlara yap\u0131lacak atamalar i\u00e7in m\u00fclakat talebinde, \u0130ngilizcenin gerekli g\u00f6r\u00fcld\u00fc\u011f\u00fc atama alanlar\u0131 i\u00e7in Y\u00d6KD\u0130L ya da YDS puan\u0131 talebinde de bulunur. K\u00fclt\u00fcr ve Turizm Bakanl\u0131\u011f\u0131 personel al\u0131m\u0131 i\u00e7in gerek g\u00f6rd\u00fc\u011f\u00fc zaman kendi de bir s\u0131nav program\u0131 olu\u015fturur. \u00d6zellikle uzmanl\u0131k gerektiren pozisyonlar i\u00e7in bu s\u0131navlara girme \u015fart\u0131 gerekli g\u00f6r\u00fclebilir.<\/p>\n<h2>K\u00fclt\u00fcr ve Turizm Bakanl\u0131\u011f\u0131 personel al\u0131m\u0131nda KPSS \u015fart m\u0131?<\/h2>\n<p>Kamu kurum ve kurulu\u015flar\u0131nda memur olman\u0131n \u015fartlar\u0131ndan en temeli mezun oldu\u011fun e\u011fitim seviyesine g\u00f6re bir KPSS puan\u0131na sahip olmand\u0131r. K\u00fclt\u00fcr ve Turizm Bakanl\u0131\u011f\u0131 personel al\u0131m\u0131 da bu kapsamda pozisyonlar\u0131 doldurmak i\u00e7in KPSS puan\u0131na g\u00f6re yap\u0131l\u0131r. Orta\u00f6\u011fretim, \u00f6n lisans ya da lisans seviyelerinde KPSS s\u0131nav\u0131 mevcuttur. Lisans programlar\u0131ndan mezun olanlar her y\u0131l, orta\u00f6\u011fretim ve \u00f6n lisans programlar\u0131ndan mezun olanlar iki y\u0131lda bir s\u0131nava girebilir. S\u0131navlar \u00d6SYM taraf\u0131ndan yap\u0131l\u0131r. Lisans puan\u0131n\u0131 \u00e7ift y\u0131llarda iki, tek y\u0131llarda bir sene kullanabilirsin. \u00d6n lisans ve orta \u00f6\u011fretim puanlar\u0131 da iki y\u0131l s\u00fcre ile t\u00fcm ba\u015fvurularda kullan\u0131l\u0131r. Yaln\u0131zca birine girebildi\u011fin bu s\u0131navlarda ald\u0131\u011f\u0131n puanlar ile personel al\u0131mlar\u0131na girmeye hak kazan\u0131rs\u0131n. K\u00fclt\u00fcr ve Turizm Bakanl\u0131\u011f\u0131 doldurulacak olan pozisyonlara g\u00f6re bir taban puan\u0131n\u0131\u00a0belirler.<\/p>\n<h2>K\u00fclt\u00fcr ve Turizm Bakanl\u0131\u011f\u0131 y\u0131lda ka\u00e7 kez al\u0131m yap\u0131yor?<strong><br \/>\n<\/strong><\/h2>\n<p>K\u00fclt\u00fcr ve Turizm Bakanl\u0131\u011f\u0131 personel al\u0131m\u0131 da di\u011fer t\u00fcm bakanl\u0131klar gibi merkezi atamalar ile yap\u0131l\u0131r. Bu atamalar genellikle y\u0131lda iki defa yap\u0131l\u0131r. KPSS puan\u0131na g\u00f6re; merkezi atamada merkez te\u015fkilata ya da ba\u011fl\u0131 kurulu\u015flar\u0131n a\u00e7\u0131k olan pozisyonlara yerle\u015febilirsin. Y\u0131l i\u00e7erisinde bakanl\u0131\u011f\u0131n belirledi\u011fi, personel ihtiyac\u0131n\u0131 kar\u015f\u0131lamak i\u00e7in ilanlar yay\u0131nlan\u0131r. Net bir say\u0131da olmayan bu ilanlar genellikle y\u0131lda iki ya da \u00fc\u00e7 defa yap\u0131labilir.<\/p>\n<h2>K\u00fclt\u00fcr ve Turizm Bakanl\u0131\u011f\u0131 hangi kadrolara al\u0131m yap\u0131yor?<strong><br \/>\n<\/strong><\/h2>\n<p>K\u00fclt\u00fcr ve Turizm Bakanl\u0131\u011f\u0131 personel al\u0131m\u0131 i\u00e7in personellerin vas\u0131flar\u0131na g\u00f6re s\u0131n\u0131fland\u0131rma yapar. Burada hizmetin neye y\u00f6nelik oldu\u011funa dair pek \u00e7ok se\u00e7enek g\u00f6z \u00f6n\u00fcnde bulundurulur. Temizlik i\u015f\u00e7isi, a\u015f\u00e7\u0131, g\u00fcvenlik g\u00f6revlisi, b\u00fcro personeli, teknik hizmet personeli, bah\u00e7\u0131van, \u015fof\u00f6r, teknisyen gibi orta\u00f6\u011fretim ve \u00f6n lisans KPSS puan\u0131 ile atabilece\u011finiz kadrolar vard\u0131r. Lisans b\u00f6l\u00fcmleri kapsam\u0131nda al\u0131m yap\u0131lan pozisyonlar aras\u0131nda; m\u00fchendisler, mimar, <a href=\"https:\/\/www.kariyer.net\/pozisyonlar\/arkeolog\" target=\"_blank\" rel=\"noopener\">arkeolog<\/a>, \u015fehir planlamac\u0131s\u0131 ve sanat tarih\u00e7isi bulunur. M\u00fcze ara\u015ft\u0131rmac\u0131s\u0131, B\u00fcro personeli (lisans) ve k\u00fct\u00fcphaneci gibi pozisyonlarda da al\u0131mlar yap\u0131l\u0131r. Bu noktada \u00f6nemli olan mezun oldu\u011fun alandaki ilanlara ba\u015fvuru yapmand\u0131r. E\u011fer <a href=\"https:\/\/www.kariyer.net\/bolumler\/sehir%2Bplanlama\/nedir\" target=\"_blank\" rel=\"noopener\">\u015fehir planlama<\/a> mezunuysan bu alan i\u00e7in a\u00e7\u0131lan se\u00e7enekleri de\u011ferlendirmelisin.<\/p>\n<h2>Atamas\u0131 yap\u0131lan K\u00fclt\u00fcr ve Turizm Bakanl\u0131\u011f\u0131 personeli hangi kurumlarda \u00e7al\u0131\u015f\u0131yor?<\/h2>\n<p>K\u00fclt\u00fcr ve Turizm Bakanl\u0131\u011f\u0131na ba\u011fl\u0131 pek \u00e7ok kurum ve kurulu\u015f vard\u0131r. Atat\u00fcrk Evleri, M\u00fczeler, Devlet Opera ve Baleleri, Radyo ve Televizyon \u00dcst Kurulu, Milli K\u00fct\u00fcphaneler, Halk K\u00fct\u00fcphaneleri, Yazma Eser K\u00fct\u00fcphaneleri, T\u00fcrk Yazmalar\u0131, \u0130l K\u00fclt\u00fcr ve Turizm M\u00fcd\u00fcrl\u00fckleri, Vak\u0131flar Genel M\u00fcd\u00fcrl\u00fc\u011f\u00fc, Yazma Eserler Kurulu Ba\u015fkanl\u0131\u011f\u0131, Yurtd\u0131\u015f\u0131 T\u00fcrkler ve Akraba Topluluklar\u0131 Ba\u015fkanl\u0131\u011f\u0131, Devlet Tiyatrolar Genel M\u00fcd\u00fcrl\u00fc\u011f\u00fc, T\u00fcrk \u0130\u015fbirli\u011fi ve Koordinasyon Ajans\u0131 Ba\u015fkanl\u0131\u011f\u0131, Kapadokya Alan Ba\u015fkanl\u0131\u011f\u0131, \u00c7anakkale Sava\u015flar\u0131 Gelibolu Tarihi Alan Ba\u015fkanl\u0131\u011f\u0131 , Uluda\u011f Alan Ba\u015fkanl\u0131\u011f\u0131 gibi kurumlara atama yapmaktad\u0131r. Ayn\u0131 zamanda Ankara&#8217;da bulunan merkez bakanl\u0131k binas\u0131na da atamalar yap\u0131l\u0131r.<\/p>\n<p>Kaynaklar: <a href=\"https:\/\/www.ktb.gov.tr\/TR-96682\/birimlerimiz.html\" target=\"_blank\" rel=\"noopener\">1<\/a> &#8211; <a href=\"https:\/\/www.ktb.gov.tr\/TR-96682\/birimlerimiz.html\" target=\"_blank\" rel=\"noopener\">2<\/a> &#8211; <a href=\"https:\/\/kamupersonelialim.com\/memur-mevzuat\/kultur-ve-turizm-bakanligi-personeli-nasil-olunur-4104h\" target=\"_blank\" rel=\"noopener\">3<\/a><\/p>\n<!-- templates\/buttons-placeholder.php -->\n<div class=\"da-reactions-outer TpostID21158\">\n\t    <div class=\"da-reactions-data da-reactions-container-async center\"\n         data-type=\"post\"\n         data-id=\"21158\"\n         id=\"da-reactions-slot-post-21158\">\n        <div class=\"da-reactions-static\">\n\t\t\t<img src=\"https:\/\/www.kariyer.net\/kariyer-rehberi\/wp-content\/plugins\/da-reactions\/assets\/dist\/loading.svg\" alt=\"Loading spinner\" width=\"48\" height=\"48\" style=\"width:48px\" \/>\n        <\/div>\n    <\/div>\n<\/div>\n","protected":false},"excerpt":{"rendered":"<p>K\u00fclt\u00fcr ve Turizm Bakanl\u0131\u011f\u0131\u2019nda g\u00f6rev almakla ilgili detaylar\u0131 \u00f6\u011frenmek istiyorsan, senin i\u00e7in en \u00e7ok merak edilen sorular\u0131n cevab\u0131n\u0131 bu yaz\u0131m\u0131zda kaleme ald\u0131k. Kamu kurumlar\u0131na atanmak i\u00e7in her y\u0131l d\u00fczenli olarak s\u0131navlar d\u00fczenlenir. K\u00fclt\u00fcr ve Turizm Bakanl\u0131\u011f\u0131 personel al\u0131m\u0131 da bu tarz s\u0131navlarla yap\u0131l\u0131r. Bu s\u0131navlara girerek, bakanl\u0131\u011f\u0131n merkez ya da ta\u015fra te\u015fkilatlar\u0131nda \u00e7al\u0131\u015fman m\u00fcmk\u00fcn. \u00dclke [&hellip;]<\/p>\n<!-- templates\/buttons-placeholder.php -->\n<div class=\"da-reactions-outer TpostID21158\">\n\t    <div class=\"da-reactions-data da-reactions-container-async center\"\n         data-type=\"post\"\n         data-id=\"21158\"\n         id=\"da-reactions-slot-post-21158\">\n        <div class=\"da-reactions-static\">\n\t\t\t<img src=\"https:\/\/www.kariyer.net\/kariyer-rehberi\/wp-content\/plugins\/da-reactions\/assets\/dist\/loading.svg\" alt=\"Loading spinner\" width=\"48\" height=\"48\" style=\"width:48px\" \/>\n        <\/div>\n    <\/div>\n<\/div>\n","protected":false},"author":12,"featured_media":21160,"comment_status":"closed","ping_status":"open","sticky":false,"template":"","format":"standard","meta":{"footnotes":"","_elementor_edit_mode":"","_elementor_template_type":"","_elementor_data":"","_elementor_page_settings":null,"_elementor_conditions":[]},"categories":[2215],"tags":[],"class_list":{"0":"post-21158","1":"post","2":"type-post","3":"status-publish","4":"format-standard","5":"has-post-thumbnail","7":"category-kamuda-kariyer"},"yoast_head":"<!-- This site is optimized with the Yoast SEO Premium plugin v21.4 (Yoast SEO v27.0) - https:\/\/yoast.com\/product\/yoast-seo-premium-wordpress\/ -->\n<title>K\u00fclt\u00fcr ve Turizm Bakanl\u0131\u011f\u0131 personel al\u0131m\u0131<\/title>\n<meta name=\"description\" content=\"K\u00fclt\u00fcr ve Turizm Bakanl\u0131\u011f\u0131\u2019nda \u00e7al\u0131\u015fmakla ilgili detaylar\u0131 \u00f6\u011frenmek istiyorsan, \u00e7ok merak edilen sorular\u0131n cevab\u0131 bu yaz\u0131m\u0131zda!\" \/>\n<meta name=\"robots\" content=\"index, follow, max-snippet:-1, max-image-preview:large, max-video-preview:-1\" \/>\n<link rel=\"canonical\" href=\"https:\/\/www.kariyer.net\/kariyer-rehberi\/kultur-ve-turizm-bakanligi-personel-alimi\/\" \/>\n<meta property=\"og:locale\" content=\"tr_TR\" \/>\n<meta property=\"og:type\" content=\"article\" \/>\n<meta property=\"og:title\" content=\"K\u00fclt\u00fcr ve Turizm Bakanl\u0131\u011f\u0131 personel al\u0131m\u0131\" \/>\n<meta property=\"og:description\" content=\"K\u00fclt\u00fcr ve Turizm Bakanl\u0131\u011f\u0131\u2019nda g\u00f6rev almakla ilgili detaylar\u0131 \u00f6\u011frenmek istiyorsan, senin i\u00e7in en \u00e7ok merak edilen sorular\u0131n cevab\u0131n\u0131 bu yaz\u0131m\u0131zda kaleme\" \/>\n<meta property=\"og:url\" content=\"https:\/\/www.kariyer.net\/kariyer-rehberi\/kultur-ve-turizm-bakanligi-personel-alimi\/\" \/>\n<meta property=\"og:site_name\" content=\"Kariyer Rehberi\" \/>\n<meta property=\"article:published_time\" content=\"2024-09-20T12:03:13+00:00\" \/>\n<meta property=\"og:image\" content=\"https:\/\/www.kariyer.net\/kariyer-rehberi\/wp-content\/uploads\/2024\/09\/kultur_turizm_bakanligi.jpg\" \/>\n\t<meta property=\"og:image:width\" content=\"900\" \/>\n\t<meta property=\"og:image:height\" content=\"600\" \/>\n\t<meta property=\"og:image:type\" content=\"image\/jpeg\" \/>\n<meta name=\"author\" content=\"Edit\u00f6r\" \/>\n<meta name=\"twitter:card\" content=\"summary_large_image\" \/>\n<meta name=\"twitter:label1\" content=\"Yazan:\" \/>\n\t<meta name=\"twitter:data1\" content=\"Edit\u00f6r\" \/>\n\t<meta name=\"twitter:label2\" content=\"Tahmini okuma s\u00fcresi\" \/>\n\t<meta name=\"twitter:data2\" content=\"7 dakika\" \/>\n<!-- \/ Yoast SEO Premium plugin. -->","yoast_head_json":{"title":"K\u00fclt\u00fcr ve Turizm Bakanl\u0131\u011f\u0131 personel al\u0131m\u0131","description":"K\u00fclt\u00fcr ve Turizm Bakanl\u0131\u011f\u0131\u2019nda \u00e7al\u0131\u015fmakla ilgili detaylar\u0131 \u00f6\u011frenmek istiyorsan, \u00e7ok merak edilen sorular\u0131n cevab\u0131 bu yaz\u0131m\u0131zda!","robots":{"index":"index","follow":"follow","max-snippet":"max-snippet:-1","max-image-preview":"max-image-preview:large","max-video-preview":"max-video-preview:-1"},"canonical":"https:\/\/www.kariyer.net\/kariyer-rehberi\/kultur-ve-turizm-bakanligi-personel-alimi\/","og_locale":"tr_TR","og_type":"article","og_title":"K\u00fclt\u00fcr ve Turizm Bakanl\u0131\u011f\u0131 personel al\u0131m\u0131","og_description":"K\u00fclt\u00fcr ve Turizm Bakanl\u0131\u011f\u0131\u2019nda g\u00f6rev almakla ilgili detaylar\u0131 \u00f6\u011frenmek istiyorsan, senin i\u00e7in en \u00e7ok merak edilen sorular\u0131n cevab\u0131n\u0131 bu yaz\u0131m\u0131zda kaleme","og_url":"https:\/\/www.kariyer.net\/kariyer-rehberi\/kultur-ve-turizm-bakanligi-personel-alimi\/","og_site_name":"Kariyer Rehberi","article_published_time":"2024-09-20T12:03:13+00:00","og_image":[{"width":900,"height":600,"url":"https:\/\/www.kariyer.net\/kariyer-rehberi\/wp-content\/uploads\/2024\/09\/kultur_turizm_bakanligi.jpg","type":"image\/jpeg"}],"author":"Edit\u00f6r","twitter_card":"summary_large_image","twitter_misc":{"Yazan:":"Edit\u00f6r","Tahmini okuma s\u00fcresi":"7 dakika"},"schema":{"@context":"https:\/\/schema.org","@graph":[{"@type":"Article","@id":"https:\/\/www.kariyer.net\/kariyer-rehberi\/kultur-ve-turizm-bakanligi-personel-alimi\/#article","isPartOf":{"@id":"https:\/\/www.kariyer.net\/kariyer-rehberi\/kultur-ve-turizm-bakanligi-personel-alimi\/"},"author":{"name":"Edit\u00f6r","@id":"https:\/\/www.kariyer.net\/kariyer-rehberi\/#\/schema\/person\/94fd6e49c7ff1b1b2565a2cc4fd685dd"},"headline":"K\u00fclt\u00fcr ve Turizm Bakanl\u0131\u011f\u0131 personel al\u0131m\u0131","datePublished":"2024-09-20T12:03:13+00:00","mainEntityOfPage":{"@id":"https:\/\/www.kariyer.net\/kariyer-rehberi\/kultur-ve-turizm-bakanligi-personel-alimi\/"},"wordCount":1538,"publisher":{"@id":"https:\/\/www.kariyer.net\/kariyer-rehberi\/#organization"},"image":{"@id":"https:\/\/www.kariyer.net\/kariyer-rehberi\/kultur-ve-turizm-bakanligi-personel-alimi\/#primaryimage"},"thumbnailUrl":"https:\/\/www.kariyer.net\/kariyer-rehberi\/wp-content\/uploads\/2024\/09\/kultur_turizm_bakanligi.jpg","articleSection":["Kamuda Kariyer"],"inLanguage":"tr"},{"@type":"WebPage","@id":"https:\/\/www.kariyer.net\/kariyer-rehberi\/kultur-ve-turizm-bakanligi-personel-alimi\/","url":"https:\/\/www.kariyer.net\/kariyer-rehberi\/kultur-ve-turizm-bakanligi-personel-alimi\/","name":"K\u00fclt\u00fcr ve Turizm Bakanl\u0131\u011f\u0131 personel al\u0131m\u0131","isPartOf":{"@id":"https:\/\/www.kariyer.net\/kariyer-rehberi\/#website"},"primaryImageOfPage":{"@id":"https:\/\/www.kariyer.net\/kariyer-rehberi\/kultur-ve-turizm-bakanligi-personel-alimi\/#primaryimage"},"image":{"@id":"https:\/\/www.kariyer.net\/kariyer-rehberi\/kultur-ve-turizm-bakanligi-personel-alimi\/#primaryimage"},"thumbnailUrl":"https:\/\/www.kariyer.net\/kariyer-rehberi\/wp-content\/uploads\/2024\/09\/kultur_turizm_bakanligi.jpg","datePublished":"2024-09-20T12:03:13+00:00","description":"K\u00fclt\u00fcr ve Turizm Bakanl\u0131\u011f\u0131\u2019nda \u00e7al\u0131\u015fmakla ilgili detaylar\u0131 \u00f6\u011frenmek istiyorsan, \u00e7ok merak edilen sorular\u0131n cevab\u0131 bu yaz\u0131m\u0131zda!","breadcrumb":{"@id":"https:\/\/www.kariyer.net\/kariyer-rehberi\/kultur-ve-turizm-bakanligi-personel-alimi\/#breadcrumb"},"inLanguage":"tr","potentialAction":[{"@type":"ReadAction","target":["https:\/\/www.kariyer.net\/kariyer-rehberi\/kultur-ve-turizm-bakanligi-personel-alimi\/"]}]},{"@type":"ImageObject","inLanguage":"tr","@id":"https:\/\/www.kariyer.net\/kariyer-rehberi\/kultur-ve-turizm-bakanligi-personel-alimi\/#primaryimage","url":"https:\/\/www.kariyer.net\/kariyer-rehberi\/wp-content\/uploads\/2024\/09\/kultur_turizm_bakanligi.jpg","contentUrl":"https:\/\/www.kariyer.net\/kariyer-rehberi\/wp-content\/uploads\/2024\/09\/kultur_turizm_bakanligi.jpg","width":900,"height":600},{"@type":"BreadcrumbList","@id":"https:\/\/www.kariyer.net\/kariyer-rehberi\/kultur-ve-turizm-bakanligi-personel-alimi\/#breadcrumb","itemListElement":[{"@type":"ListItem","position":1,"name":"Anasayfa","item":"https:\/\/www.kariyer.net\/kariyer-rehberi\/"},{"@type":"ListItem","position":2,"name":"K\u00fclt\u00fcr ve Turizm Bakanl\u0131\u011f\u0131 personel al\u0131m\u0131"}]},{"@type":"WebSite","@id":"https:\/\/www.kariyer.net\/kariyer-rehberi\/#website","url":"https:\/\/www.kariyer.net\/kariyer-rehberi\/","name":"Kariyer Rehberi","description":"\u0130\u015f D\u00fcnyas\u0131yla \u0130lgili Bilmek \u0130stedi\u011finiz Her \u015eey","publisher":{"@id":"https:\/\/www.kariyer.net\/kariyer-rehberi\/#organization"},"potentialAction":[{"@type":"SearchAction","target":{"@type":"EntryPoint","urlTemplate":"https:\/\/www.kariyer.net\/kariyer-rehberi\/?s={search_term_string}"},"query-input":{"@type":"PropertyValueSpecification","valueRequired":true,"valueName":"search_term_string"}}],"inLanguage":"tr"},{"@type":"Organization","@id":"https:\/\/www.kariyer.net\/kariyer-rehberi\/#organization","name":"Kariyer.net","url":"https:\/\/www.kariyer.net\/kariyer-rehberi\/","logo":{"@type":"ImageObject","inLanguage":"tr","@id":"https:\/\/www.kariyer.net\/kariyer-rehberi\/#\/schema\/logo\/image\/","url":"https:\/\/www.kariyer.net\/kariyer-rehberi-new\/wp-content\/uploads\/2023\/01\/og-image11.jpg","contentUrl":"https:\/\/www.kariyer.net\/kariyer-rehberi-new\/wp-content\/uploads\/2023\/01\/og-image11.jpg","width":800,"height":800,"caption":"Kariyer.net"},"image":{"@id":"https:\/\/www.kariyer.net\/kariyer-rehberi\/#\/schema\/logo\/image\/"}},{"@type":"Person","@id":"https:\/\/www.kariyer.net\/kariyer-rehberi\/#\/schema\/person\/94fd6e49c7ff1b1b2565a2cc4fd685dd","name":"Edit\u00f6r","image":{"@type":"ImageObject","inLanguage":"tr","@id":"https:\/\/www.kariyer.net\/kariyer-rehberi\/#\/schema\/person\/image\/","url":"https:\/\/secure.gravatar.com\/avatar\/0c4fe6688343aed3693b15573beae12c08ace5565409d5ab7509bf9c115f458d?s=96&d=mm&r=g","contentUrl":"https:\/\/secure.gravatar.com\/avatar\/0c4fe6688343aed3693b15573beae12c08ace5565409d5ab7509bf9c115f458d?s=96&d=mm&r=g","caption":"Edit\u00f6r"},"url":"https:\/\/www.kariyer.net\/kariyer-rehberi\/author\/editor\/"}]}},"_links":{"self":[{"href":"https:\/\/www.kariyer.net\/kariyer-rehberi\/wp-json\/wp\/v2\/posts\/21158","targetHints":{"allow":["GET"]}}],"collection":[{"href":"https:\/\/www.kariyer.net\/kariyer-rehberi\/wp-json\/wp\/v2\/posts"}],"about":[{"href":"https:\/\/www.kariyer.net\/kariyer-rehberi\/wp-json\/wp\/v2\/types\/post"}],"author":[{"embeddable":true,"href":"https:\/\/www.kariyer.net\/kariyer-rehberi\/wp-json\/wp\/v2\/users\/12"}],"replies":[{"embeddable":true,"href":"https:\/\/www.kariyer.net\/kariyer-rehberi\/wp-json\/wp\/v2\/comments?post=21158"}],"version-history":[{"count":4,"href":"https:\/\/www.kariyer.net\/kariyer-rehberi\/wp-json\/wp\/v2\/posts\/21158\/revisions"}],"predecessor-version":[{"id":21163,"href":"https:\/\/www.kariyer.net\/kariyer-rehberi\/wp-json\/wp\/v2\/posts\/21158\/revisions\/21163"}],"wp:featuredmedia":[{"embeddable":true,"href":"https:\/\/www.kariyer.net\/kariyer-rehberi\/wp-json\/wp\/v2\/media\/21160"}],"wp:attachment":[{"href":"https:\/\/www.kariyer.net\/kariyer-rehberi\/wp-json\/wp\/v2\/media?parent=21158"}],"wp:term":[{"taxonomy":"category","embeddable":true,"href":"https:\/\/www.kariyer.net\/kariyer-rehberi\/wp-json\/wp\/v2\/categories?post=21158"},{"taxonomy":"post_tag","embeddable":true,"href":"https:\/\/www.kariyer.net\/kariyer-rehberi\/wp-json\/wp\/v2\/tags?post=21158"}],"curies":[{"name":"wp","href":"https:\/\/api.w.org\/{rel}","templated":true}]}}