{"id":21165,"date":"2024-09-20T15:28:46","date_gmt":"2024-09-20T12:28:46","guid":{"rendered":"https:\/\/www.kariyer.net\/kariyer-rehberi\/?p=21165"},"modified":"2024-09-20T15:30:15","modified_gmt":"2024-09-20T12:30:15","slug":"milli-egitim-bakanligi-personel-alimi","status":"publish","type":"post","link":"https:\/\/www.kariyer.net\/kariyer-rehberi\/milli-egitim-bakanligi-personel-alimi\/","title":{"rendered":"Milli E\u011fitim Bakanl\u0131\u011f\u0131 personel al\u0131m\u0131"},"content":{"rendered":"<p><strong>Milli E\u011fitim Bakanl\u0131\u011f\u0131\u2019nda g\u00f6rev almakla ilgili detaylar\u0131 \u00f6\u011frenmek istiyorsan, senin i\u00e7in en \u00e7ok merak edilen sorular\u0131n cevab\u0131n\u0131 bu yaz\u0131m\u0131zda kaleme ald\u0131k.<\/strong><\/p>\n<p>Milli E\u011fitim Bakanl\u0131\u011f\u0131, her vatanda\u015f\u0131n e\u011fitime eri\u015fimini kolayla\u015ft\u0131rmak i\u00e7in belirli politika ve uygulamalar izler. Merkez ve ta\u015fra ile birlikte yurt d\u0131\u015f\u0131 te\u015fkilat\u0131 olmak \u00fczere 3 farkl\u0131 kategoriye ayr\u0131l\u0131r. Milli E\u011fitim Bakanl\u0131\u011f\u0131 personel al\u0131m\u0131n\u0131 takip ederek kariyerinde ad\u0131m ad\u0131m ilerleyebilirsin. Personel al\u0131m\u0131 ne zaman ve neye g\u00f6re belirlenir? Hangi kurum ve kadrolara al\u0131m yap\u0131l\u0131r? Ba\u015fvuru nas\u0131l yap\u0131l\u0131r? gibi sorulara senin i\u00e7in haz\u0131rlad\u0131\u011f\u0131m\u0131z bu rehber ile yan\u0131t bulabilirsin.<strong><br \/>\n<\/strong><\/p>\n<h2><strong>Milli E\u011fitim Bakanl\u0131\u011f\u0131 personel al\u0131m\u0131 ne zaman?<br \/>\n<\/strong><\/h2>\n<p>Milli E\u011fitim Bakanl\u0131\u011f\u0131 personel al\u0131m\u0131, y\u0131l\u0131n belirli d\u00f6nemlerinde ger\u00e7ekle\u015fir. Bakanl\u0131k, merkez ve ta\u015fra te\u015fkilat\u0131na s\u00f6zle\u015fmeli personel al\u0131m\u0131 yaparak kadrolar\u0131ndaki bo\u015fluklar\u0131 tamamlar. Bakanl\u0131\u011f\u0131n belirledi\u011fi say\u0131da personel al\u0131narak \u00e7e\u015fitli pozisyon ve kadrolara istihdam sa\u011flan\u0131r. Ki\u015filerin puan ve tercih s\u0131ralamas\u0131na bak\u0131larak s\u00f6zle\u015fmeli pozisyonlara yerle\u015ftirilir. Y\u0131l\u0131n belli zamanlar\u0131nda KPSS s\u0131nav\u0131 sonras\u0131 tercih yapan adaylar, Milli E\u011fitim Bakanl\u0131\u011f\u0131 personel al\u0131m\u0131 s\u00fcrecine dahil olabilir.<\/p>\n<h2><strong>Milli E\u011fitim Bakanl\u0131\u011f\u0131 personel al\u0131m\u0131 yap\u0131yor mu?<br \/>\n<\/strong><\/h2>\n<p>Milli E\u011fitim Bakanl\u0131\u011f\u0131 personel al\u0131m\u0131nda, belirtilen tarihten \u00f6nce girilen KPSS belirleyici olur. Ba\u015fvurular, s\u0131nav sonras\u0131 tercih ve yerle\u015ftirme d\u00f6neminde ger\u00e7ekle\u015ftirilir. Merkez ve ta\u015fra te\u015fkilatlar\u0131na personel al\u0131m\u0131 yapan bakanl\u0131k, ihtiya\u00e7 duyulan kadrolara istihdam sa\u011flar. Bakanl\u0131\u011f\u0131n belirledi\u011fi \u015fartlar \u00e7er\u00e7evesinde ger\u00e7ekle\u015ftirilen personel say\u0131s\u0131, ihtiyaca g\u00f6re yap\u0131l\u0131r. Pozisyon ve kuruma g\u00f6re \u00f6zel ve genel \u015fartlar belirlenerek her y\u0131l d\u00fczenli olarak personel al\u0131n\u0131r. Tercih i\u015flemleri, \u00d6SYM&#8217;nin yay\u0131nlad\u0131\u011f\u0131 k\u0131lavuz kurallar\u0131na g\u00f6re \u00d6SYM&#8217;nin sistemi \u00fczerinden bireysel olarak yap\u0131l\u0131r. 657 Say\u0131l\u0131 Devlet Memurlar\u0131 Kanununun 4\/B maddesi kapsam\u0131nda istihdam edilmek \u00fczere \u00d6SYM taraf\u0131ndan ger\u00e7ekle\u015ftirilir.<\/p>\n<h2><strong>Milli E\u011fitim Bakanl\u0131\u011f\u0131 personel al\u0131m\u0131 neye g\u00f6re belirlenir?<br \/>\n<\/strong><\/h2>\n<p>\u00d6SYM taraf\u0131ndan yay\u0131nlanan k\u0131lavuzda KPSS puan\u0131 ile Milli E\u011fitim Bakanl\u0131\u011f\u0131 personel al\u0131m\u0131 ger\u00e7ekle\u015ftirilir. Kadrolar\u0131n ihtiyac\u0131na g\u00f6re s\u00f6zle\u015fmeli personel al\u0131m\u0131 yap\u0131l\u0131r. \u00dclke ve il genelinde bulunan e\u011fitim kurumlar\u0131n\u0131n ihtiya\u00e7lar\u0131 baz al\u0131narak uygun bir planlama ile \u00f6\u011fretmen ve di\u011fer kadrolar doldurulur. Adaylar\u0131n genel \u015fartlar\u0131 aras\u0131nda; T\u00fcrk vatanda\u015f\u0131 olmalar\u0131, emekli veya ya\u015fl\u0131 ayl\u0131\u011f\u0131 almamalar\u0131 gibi bir\u00e7ok unsur yer al\u0131r.<\/p>\n<p>\u00d6zel \u015fartlar ise ba\u015fvurulan kadroya g\u00f6re farkl\u0131la\u015fabilir. Milli E\u011fitim Bakanl\u0131\u011f\u0131 personel al\u0131m\u0131, her y\u0131l belirli bir say\u0131da ger\u00e7ekle\u015ftirilerek ihtiya\u00e7 duyulan pozisyonlarda istihdam sa\u011flan\u0131r. \u00d6n lisans veya lisans i\u00e7in uygulanan KPSS sonras\u0131, tercih s\u00fcreci ba\u015flar. Sen de kariyerine Milli E\u011fitim Bakanl\u0131\u011f\u0131 b\u00fcnyesinde devam etmek istiyorsan, s\u0131nav s\u00fcrecini tamamlaman ve bakanl\u0131\u011f\u0131n belirtti\u011fi kriterleri yerine getirmen gerekir.<\/p>\n<h2><strong>Milli E\u011fitim Bakanl\u0131\u011f\u0131 personel al\u0131m\u0131 ba\u015fvurular\u0131 nas\u0131l yap\u0131l\u0131r?<br \/>\n<\/strong><\/h2>\n<p>Milli E\u011fitim Bakanl\u0131\u011f\u0131 personel al\u0131m\u0131, KPSS sonu\u00e7lar\u0131na g\u00f6re ger\u00e7ekle\u015ftirilir. Adaylar, s\u0131navdan ald\u0131\u011f\u0131 puanlar neticesinde tercih k\u0131lavuzu kurallar\u0131na uygun olarak tercih listesini olu\u015fturur. Adaylar, \u00d6SYM&#8217;nin sisteminden kimlik numaras\u0131 ve \u015fifre girerek bireysel tercih ba\u015fvurusu yapabilir. Ard\u0131ndan, belirtilen tarihte sonu\u00e7lar a\u00e7\u0131klanana kadar beklenir. Tercihlerini yapan ki\u015filer, sonu\u00e7lar a\u00e7\u0131kland\u0131ktan sonra s\u0131ralamaya, puana ve mezuniyet y\u0131l\u0131na uygun bir kadroya yerle\u015ftirilir. Merkez ve ta\u015fra te\u015fkilat\u0131nda bulunan kurumlar\u0131n kadrolar\u0131nda bulunan a\u00e7\u0131k, istihdam sa\u011flanarak kapat\u0131l\u0131r. Tercih yapan ki\u015filer, MEB kadrosunda yer alan pozisyonlarda g\u00f6revlendirilir. Bakanl\u0131\u011f\u0131n belirledi\u011fi merkez ve ta\u015fra te\u015fkilat\u0131 kadrolar\u0131nda belirtilen say\u0131da personel istihdam edilir. Bu durum, adaylar\u0131n ba\u015fvurular\u0131n\u0131 de\u011ferlendirmesine destek olur. Kariyerine Milli E\u011fitim Bakanl\u0131\u011f\u0131 kurumlar\u0131nda ad\u0131m atmak isteyen ki\u015filer, s\u0131nav ve tercih ile yerle\u015ftirme a\u015famalar\u0131ndan ge\u00e7erek \u00e7al\u0131\u015fma imk\u00e2n\u0131 bulur.<\/p>\n<h2><strong>Milli E\u011fitim Bakanl\u0131\u011f\u0131 personel al\u0131m\u0131nda KPSS \u015fart m\u0131?<br \/>\n<\/strong><\/h2>\n<p>Milli E\u011fitim Bakanl\u0131\u011f\u0131 personel al\u0131m\u0131 i\u00e7in baz\u0131 durumlar hari\u00e7 KPSS \u015fart\u0131 aran\u0131r. Son s\u0131nav d\u00f6neminde uygun bir puan alarak tercih s\u00fcrecine ge\u00e7ebilirsin. Ba\u015fvurmak istedi\u011fin kurumlar\u0131 belirterek puan\u0131na uygun bir tercih listesi yapman gerekir. Adaylar, s\u00f6zle\u015fmeli personel al\u0131m\u0131 i\u00e7in KPSS&#8217;de ald\u0131\u011f\u0131 puana uygun tercih yapar. Tercih listesini olu\u015fturan ki\u015filer, yerle\u015ftirme s\u00fcrecinin tamamlanmas\u0131n\u0131 bekler. Sonras\u0131nda, kadrolar\u0131n \u00f6zel \u015fartlar\u0131na uygunluklar\u0131 ara\u015ft\u0131r\u0131l\u0131r. Pozisyonlar\u0131n s\u0131navlar\u0131na giren adaylar, g\u00f6sterdikleri ba\u015far\u0131ya g\u00f6re kabul edilir ya da edilmez. Ba\u015fvuru sahipleri, s\u0131nav sonu\u00e7lar\u0131na g\u00f6re hareket ederek kariyerlerine ba\u015flayabilir. Milli E\u011fitim Bakanl\u0131\u011f\u0131 personel al\u0131m\u0131 i\u00e7in KPSS ve \u00f6zel s\u0131navlar belirleyici bir fakt\u00f6r olur. Ancak, bakanl\u0131k baz\u0131 d\u00f6nemlerde KPSS \u015fart\u0131 aranmaks\u0131z\u0131n personel al\u0131m\u0131 yaparak ihtiya\u00e7 kar\u015f\u0131layabilir. S\u0131nav \u015fart\u0131 olmad\u0131\u011f\u0131 zaman genellikle, m\u00fclakat ve \u00f6zel s\u0131navlar sonucunda aday se\u00e7ilir. Bakanl\u0131\u011f\u0131n belirledi\u011fi kurum ve kadrolara yerle\u015ftirilerek i\u015f hayatlar\u0131na ba\u015flarlar.<\/p>\n<h2><strong>Milli E\u011fitim Bakanl\u0131\u011f\u0131 y\u0131lda ka\u00e7 kez al\u0131m yap\u0131yor?<\/strong><\/h2>\n<p>Milli E\u011fitim Bakanl\u0131\u011f\u0131 personel al\u0131m\u0131, ihtiyaca g\u00f6re ger\u00e7ekle\u015ftirilir. Y\u0131lda birka\u00e7 kez al\u0131m yapabilen bakanl\u0131\u011f\u0131n istihdam sa\u011flad\u0131\u011f\u0131 kadro ve kurumlar de\u011fi\u015fiklik g\u00f6sterir. Bazen ilkbahar ve sonbahar, bazen de yaz d\u00f6neminde al\u0131m yapan Milli E\u011fitim Bakanl\u0131\u011f\u0131, personel say\u0131s\u0131n\u0131 ihtiyaca g\u00f6re belirler. Baz\u0131 d\u00f6nemlerde 20 binleri bulan istihdam say\u0131s\u0131, baz\u0131 kadrolarda daha d\u00fc\u015f\u00fck rakamlar\u0131 gerektirir. \u00d6\u011fretmen, ofis personeli, teknik ve destek eleman\u0131, hem\u015fire, avukat ve m\u00fchendis gibi a\u00e7\u0131lan bir\u00e7ok pozisyona ba\u015fvurabilirsin. Merkez, ta\u015fra ve yurt d\u0131\u015f\u0131 te\u015fkilatlar\u0131na belirli d\u00f6nemlerde ger\u00e7ekle\u015ftirilen MEB personel al\u0131m\u0131, y\u0131lda birka\u00e7 kez yap\u0131l\u0131r. Sen de Milli E\u011fitim Bakanl\u0131\u011f\u0131 personel al\u0131m\u0131 tarihlerini takip ederek ba\u015fvurunu ger\u00e7ekle\u015ftirebilirsin. Bu durum, kariyerine devlet memuru olarak devam etmeni sa\u011flar.<\/p>\n<h2><strong>Milli E\u011fitim Bakanl\u0131\u011f\u0131 hangi kadrolara al\u0131m yap\u0131yor?<br \/>\n<\/strong><\/h2>\n<p>Milli E\u011fitim Bakanl\u0131\u011f\u0131 personel al\u0131m\u0131, her y\u0131l d\u00fczenli olarak ihtiyaca g\u00f6re belirlenen kadro ve pozisyonlar i\u00e7in ger\u00e7ekle\u015ftirilir. S\u00f6zle\u015fmeli personel al\u0131m\u0131, bakanl\u0131k b\u00fcnyesinde bulunan kurum ve kurulu\u015flar i\u00e7in yap\u0131l\u0131r. Milli E\u011fitim Bakanl\u0131\u011f\u0131n\u0131n al\u0131m yapaca\u011f\u0131 kadrolar i\u00e7erisinde;<\/p>\n<ul>\n<li>\u00d6\u011fretmen,<\/li>\n<li><a href=\"https:\/\/www.kariyer.net\/pozisyonlar\/diyetisyen\" target=\"_blank\" rel=\"noopener\">Diyetisyen<\/a>,<\/li>\n<li>M\u00fchendis,<\/li>\n<li>Hem\u015fire,<\/li>\n<li>B\u00fcro personeli,<\/li>\n<li>Teknik destek eleman\u0131,<\/li>\n<li>Temizlik g\u00f6revlisi,<\/li>\n<li>Avukat,<\/li>\n<li>Bili\u015fim personeli,<\/li>\n<li><a href=\"https:\/\/www.kariyer.net\/pozisyonlar\/elektrik+teknisyeni\" target=\"_blank\" rel=\"noopener\">Elektrik teknisyeni<\/a>,<\/li>\n<li>\u00d6zel g\u00fcvenlik g\u00f6revlisi,<\/li>\n<li>\u015eof\u00f6r gibi bir\u00e7ok pozisyon yer alabilir.<\/li>\n<\/ul>\n<p>Bu pozisyonlar i\u00e7in \u015fartlar\u0131 sa\u011flayan adaylar aras\u0131ndan se\u00e7im yapan \u00d6SYM, ki\u015filerin kariyerlerinde emin ad\u0131mlarla ilerlemelerine destek olur. Bakanl\u0131k taraf\u0131ndan belirlenen kadrolar, kurumlar\u0131n ihtiya\u00e7lar\u0131 g\u00f6z \u00f6n\u00fcnde bulundurularak tespit edilir. Kamuoyuna a\u00e7\u0131klanan bu alanlar, uygun adaylar taraf\u0131ndan tercih edilir.<\/p>\n<p>Sen de, Milli E\u011fitim Bakanl\u0131\u011f\u0131 kadrolar\u0131ndan birinde g\u00f6revlendirmek istiyorsan, genel ve \u00f6zel \u015fartlar\u0131 sa\u011flayarak do\u011fru bir \u015fekilde ad\u0131m atabilirsin. E\u011fer kamu d\u0131\u015f\u0131nda \u00f6zel e\u011fitim kurumlar\u0131 i\u00e7in de se\u00e7enekleri de\u011ferlendirmek istersen <a href=\"https:\/\/www.kariyer.net\/is-ilanlari\/egitim+kurumlari\" target=\"_blank\" rel=\"noopener\">e\u011fitim kurumlar\u0131 i\u015f ilanlar\u0131<\/a> sayfas\u0131n\u0131 inceleyebilirsin.<\/p>\n<h2><strong>Atamas\u0131 yap\u0131lan Milli E\u011fitim Bakanl\u0131\u011f\u0131 personeli hangi kurumlarda \u00e7al\u0131\u015f\u0131yor?<br \/>\n<\/strong><\/h2>\n<p>Milli E\u011fitim Bakanl\u0131\u011f\u0131 personel al\u0131m\u0131, \u00e7e\u015fitli kurum ve kurulu\u015flar baz\u0131nda ger\u00e7ekle\u015ftirilir. Milli E\u011fitim Bakanl\u0131\u011f\u0131&#8217;na ba\u011fl\u0131 kurum ve kurulu\u015flar aras\u0131nda;<\/p>\n<ul>\n<li>Anaokulu,<\/li>\n<li>\u0130lk ve orta\u00f6\u011fretim okullar\u0131,<\/li>\n<li>Meslek, teknik, imam hatip, fen ve d\u00fcz lise d\u00fczeyindeki okullar,<\/li>\n<li>Halk e\u011fitim merkezleri,<\/li>\n<li>Rehabilitasyon merkezleri,<\/li>\n<li>Bilim ve sanat merkezleri,<\/li>\n<li>Rehberlik ve ara\u015ft\u0131rma merkezi,<\/li>\n<li>Ak\u015fam okullar\u0131,<\/li>\n<li>Bas\u0131mevi M\u00fcd\u00fcrl\u00fc\u011f\u00fc,<\/li>\n<li>A\u00e7\u0131k \u00f6\u011fretim okullar\u0131,<\/li>\n<li>Bilgi \u0130\u015flem Genel M\u00fcd\u00fcrl\u00fc\u011f\u00fc,<\/li>\n<li>Ki\u015fisel Geli\u015fim kurslar\u0131,<\/li>\n<li>Dil kurslar\u0131,<\/li>\n<li>Sosyal etkinlik ve geli\u015fim merkezleri<\/li>\n<li><a href=\"https:\/\/www.kariyer.net\/pozisyonlar\/egitim+atasesi\" target=\"_blank\" rel=\"noopener\">E\u011fitim ata\u015fesi<\/a> olarak D\u0131\u015fi\u015fleri Bakanl\u0131\u011f\u0131.<\/li>\n<\/ul>\n<p>Milli E\u011fitim Bakanl\u0131\u011f\u0131 kurumlar\u0131n\u0131n personel al\u0131m tarihlerini ve \u015fartlar\u0131n\u0131 takip ederek kariyerine y\u00f6n verebilirsin.<\/p>\n<p>Kaynaklar: <a href=\"http:\/\/Milli E\u011fitim Bakanl\u0131\u011f\u0131 (MEB) s\u00f6zle\u015fmeli personel al\u0131m\u0131 tercih sonu\u00e7lar\u0131 a\u00e7\u0131kland\u0131 (KPSS-2024\/3 yerle\u015ftirme sonu\u00e7lar\u0131 sorgulama) - Son Dakika T\u00fcrkiye Haberleri | NTV Haber\" target=\"_blank\" rel=\"noopener\">1<\/a> &#8211; <a href=\"http:\/\/5 B\u0130N S\u00d6ZLE\u015eMEL\u0130 PERSONEL ALIMI \u0130\u00c7\u0130N TERC\u0130H BA\u015eVURULARI 24 MART'TA BA\u015eLIYOR (meb.gov.tr)\" target=\"_blank\" rel=\"noopener\">2<\/a> &#8211; <a href=\"http:\/\/Okullar ve Di\u011fer Kurumlar (meb.gov.tr)\" target=\"_blank\" rel=\"noopener\">3<\/a><\/p>\n<!-- templates\/buttons-placeholder.php -->\n<div class=\"da-reactions-outer TpostID21165\">\n\t    <div class=\"da-reactions-data da-reactions-container-async center\"\n         data-type=\"post\"\n         data-id=\"21165\"\n         id=\"da-reactions-slot-post-21165\">\n        <div class=\"da-reactions-static\">\n\t\t\t<img src=\"https:\/\/www.kariyer.net\/kariyer-rehberi\/wp-content\/plugins\/da-reactions\/assets\/dist\/loading.svg\" alt=\"Loading spinner\" width=\"48\" height=\"48\" style=\"width:48px\" \/>\n        <\/div>\n    <\/div>\n<\/div>\n","protected":false},"excerpt":{"rendered":"<p>Milli E\u011fitim Bakanl\u0131\u011f\u0131\u2019nda g\u00f6rev almakla ilgili detaylar\u0131 \u00f6\u011frenmek istiyorsan, senin i\u00e7in en \u00e7ok merak edilen sorular\u0131n cevab\u0131n\u0131 bu yaz\u0131m\u0131zda kaleme ald\u0131k. Milli E\u011fitim Bakanl\u0131\u011f\u0131, her vatanda\u015f\u0131n e\u011fitime eri\u015fimini kolayla\u015ft\u0131rmak i\u00e7in belirli politika ve uygulamalar izler. Merkez ve ta\u015fra ile birlikte yurt d\u0131\u015f\u0131 te\u015fkilat\u0131 olmak \u00fczere 3 farkl\u0131 kategoriye ayr\u0131l\u0131r. Milli E\u011fitim Bakanl\u0131\u011f\u0131 personel al\u0131m\u0131n\u0131 takip [&hellip;]<\/p>\n<!-- templates\/buttons-placeholder.php -->\n<div class=\"da-reactions-outer TpostID21165\">\n\t    <div class=\"da-reactions-data da-reactions-container-async center\"\n         data-type=\"post\"\n         data-id=\"21165\"\n         id=\"da-reactions-slot-post-21165\">\n        <div class=\"da-reactions-static\">\n\t\t\t<img src=\"https:\/\/www.kariyer.net\/kariyer-rehberi\/wp-content\/plugins\/da-reactions\/assets\/dist\/loading.svg\" alt=\"Loading spinner\" width=\"48\" height=\"48\" style=\"width:48px\" \/>\n        <\/div>\n    <\/div>\n<\/div>\n","protected":false},"author":12,"featured_media":21166,"comment_status":"closed","ping_status":"open","sticky":false,"template":"","format":"standard","meta":{"footnotes":"","_elementor_edit_mode":"","_elementor_template_type":"","_elementor_data":"","_elementor_page_settings":null,"_elementor_conditions":[]},"categories":[2215],"tags":[],"class_list":{"0":"post-21165","1":"post","2":"type-post","3":"status-publish","4":"format-standard","5":"has-post-thumbnail","7":"category-kamuda-kariyer"},"yoast_head":"<!-- This site is optimized with the Yoast SEO Premium plugin v21.4 (Yoast SEO v27.0) - https:\/\/yoast.com\/product\/yoast-seo-premium-wordpress\/ -->\n<title>Milli E\u011fitim Bakanl\u0131\u011f\u0131 personel al\u0131m\u0131<\/title>\n<meta name=\"description\" content=\"Milli E\u011fitim Bakanl\u0131\u011f\u0131\u2019nda g\u00f6rev almakla ilgili detaylar\u0131 \u00f6\u011frenmek istiyorsan, merak edilen sorular\u0131n cevab\u0131n\u0131 bu yaz\u0131m\u0131zda kaleme ald\u0131k.\" \/>\n<meta name=\"robots\" content=\"index, follow, max-snippet:-1, max-image-preview:large, max-video-preview:-1\" \/>\n<link rel=\"canonical\" href=\"https:\/\/www.kariyer.net\/kariyer-rehberi\/milli-egitim-bakanligi-personel-alimi\/\" \/>\n<meta property=\"og:locale\" content=\"tr_TR\" \/>\n<meta property=\"og:type\" content=\"article\" \/>\n<meta property=\"og:title\" content=\"Milli E\u011fitim Bakanl\u0131\u011f\u0131 personel al\u0131m\u0131\" \/>\n<meta property=\"og:description\" content=\"Milli E\u011fitim Bakanl\u0131\u011f\u0131\u2019nda g\u00f6rev almakla ilgili detaylar\u0131 \u00f6\u011frenmek istiyorsan, senin i\u00e7in en \u00e7ok merak edilen sorular\u0131n cevab\u0131n\u0131 bu yaz\u0131m\u0131zda kaleme\" \/>\n<meta property=\"og:url\" content=\"https:\/\/www.kariyer.net\/kariyer-rehberi\/milli-egitim-bakanligi-personel-alimi\/\" \/>\n<meta property=\"og:site_name\" content=\"Kariyer Rehberi\" \/>\n<meta property=\"article:published_time\" content=\"2024-09-20T12:28:46+00:00\" \/>\n<meta property=\"article:modified_time\" content=\"2024-09-20T12:30:15+00:00\" \/>\n<meta property=\"og:image\" content=\"https:\/\/www.kariyer.net\/kariyer-rehberi\/wp-content\/uploads\/2024\/09\/mill_egitim_bakanligi.jpg\" \/>\n\t<meta property=\"og:image:width\" content=\"900\" \/>\n\t<meta property=\"og:image:height\" content=\"545\" \/>\n\t<meta property=\"og:image:type\" content=\"image\/jpeg\" \/>\n<meta name=\"author\" content=\"Edit\u00f6r\" \/>\n<meta name=\"twitter:card\" content=\"summary_large_image\" \/>\n<meta name=\"twitter:label1\" content=\"Yazan:\" \/>\n\t<meta name=\"twitter:data1\" content=\"Edit\u00f6r\" \/>\n\t<meta name=\"twitter:label2\" content=\"Tahmini okuma s\u00fcresi\" \/>\n\t<meta name=\"twitter:data2\" content=\"7 dakika\" \/>\n<!-- \/ Yoast SEO Premium plugin. -->","yoast_head_json":{"title":"Milli E\u011fitim Bakanl\u0131\u011f\u0131 personel al\u0131m\u0131","description":"Milli E\u011fitim Bakanl\u0131\u011f\u0131\u2019nda g\u00f6rev almakla ilgili detaylar\u0131 \u00f6\u011frenmek istiyorsan, merak edilen sorular\u0131n cevab\u0131n\u0131 bu yaz\u0131m\u0131zda kaleme ald\u0131k.","robots":{"index":"index","follow":"follow","max-snippet":"max-snippet:-1","max-image-preview":"max-image-preview:large","max-video-preview":"max-video-preview:-1"},"canonical":"https:\/\/www.kariyer.net\/kariyer-rehberi\/milli-egitim-bakanligi-personel-alimi\/","og_locale":"tr_TR","og_type":"article","og_title":"Milli E\u011fitim Bakanl\u0131\u011f\u0131 personel al\u0131m\u0131","og_description":"Milli E\u011fitim Bakanl\u0131\u011f\u0131\u2019nda g\u00f6rev almakla ilgili detaylar\u0131 \u00f6\u011frenmek istiyorsan, senin i\u00e7in en \u00e7ok merak edilen sorular\u0131n cevab\u0131n\u0131 bu yaz\u0131m\u0131zda kaleme","og_url":"https:\/\/www.kariyer.net\/kariyer-rehberi\/milli-egitim-bakanligi-personel-alimi\/","og_site_name":"Kariyer Rehberi","article_published_time":"2024-09-20T12:28:46+00:00","article_modified_time":"2024-09-20T12:30:15+00:00","og_image":[{"width":900,"height":545,"url":"https:\/\/www.kariyer.net\/kariyer-rehberi\/wp-content\/uploads\/2024\/09\/mill_egitim_bakanligi.jpg","type":"image\/jpeg"}],"author":"Edit\u00f6r","twitter_card":"summary_large_image","twitter_misc":{"Yazan:":"Edit\u00f6r","Tahmini okuma s\u00fcresi":"7 dakika"},"schema":{"@context":"https:\/\/schema.org","@graph":[{"@type":"Article","@id":"https:\/\/www.kariyer.net\/kariyer-rehberi\/milli-egitim-bakanligi-personel-alimi\/#article","isPartOf":{"@id":"https:\/\/www.kariyer.net\/kariyer-rehberi\/milli-egitim-bakanligi-personel-alimi\/"},"author":{"name":"Edit\u00f6r","@id":"https:\/\/www.kariyer.net\/kariyer-rehberi\/#\/schema\/person\/94fd6e49c7ff1b1b2565a2cc4fd685dd"},"headline":"Milli E\u011fitim Bakanl\u0131\u011f\u0131 personel al\u0131m\u0131","datePublished":"2024-09-20T12:28:46+00:00","dateModified":"2024-09-20T12:30:15+00:00","mainEntityOfPage":{"@id":"https:\/\/www.kariyer.net\/kariyer-rehberi\/milli-egitim-bakanligi-personel-alimi\/"},"wordCount":1425,"publisher":{"@id":"https:\/\/www.kariyer.net\/kariyer-rehberi\/#organization"},"image":{"@id":"https:\/\/www.kariyer.net\/kariyer-rehberi\/milli-egitim-bakanligi-personel-alimi\/#primaryimage"},"thumbnailUrl":"https:\/\/www.kariyer.net\/kariyer-rehberi\/wp-content\/uploads\/2024\/09\/mill_egitim_bakanligi.jpg","articleSection":["Kamuda Kariyer"],"inLanguage":"tr"},{"@type":"WebPage","@id":"https:\/\/www.kariyer.net\/kariyer-rehberi\/milli-egitim-bakanligi-personel-alimi\/","url":"https:\/\/www.kariyer.net\/kariyer-rehberi\/milli-egitim-bakanligi-personel-alimi\/","name":"Milli E\u011fitim Bakanl\u0131\u011f\u0131 personel al\u0131m\u0131","isPartOf":{"@id":"https:\/\/www.kariyer.net\/kariyer-rehberi\/#website"},"primaryImageOfPage":{"@id":"https:\/\/www.kariyer.net\/kariyer-rehberi\/milli-egitim-bakanligi-personel-alimi\/#primaryimage"},"image":{"@id":"https:\/\/www.kariyer.net\/kariyer-rehberi\/milli-egitim-bakanligi-personel-alimi\/#primaryimage"},"thumbnailUrl":"https:\/\/www.kariyer.net\/kariyer-rehberi\/wp-content\/uploads\/2024\/09\/mill_egitim_bakanligi.jpg","datePublished":"2024-09-20T12:28:46+00:00","dateModified":"2024-09-20T12:30:15+00:00","description":"Milli E\u011fitim Bakanl\u0131\u011f\u0131\u2019nda g\u00f6rev almakla ilgili detaylar\u0131 \u00f6\u011frenmek istiyorsan, merak edilen sorular\u0131n cevab\u0131n\u0131 bu yaz\u0131m\u0131zda kaleme ald\u0131k.","breadcrumb":{"@id":"https:\/\/www.kariyer.net\/kariyer-rehberi\/milli-egitim-bakanligi-personel-alimi\/#breadcrumb"},"inLanguage":"tr","potentialAction":[{"@type":"ReadAction","target":["https:\/\/www.kariyer.net\/kariyer-rehberi\/milli-egitim-bakanligi-personel-alimi\/"]}]},{"@type":"ImageObject","inLanguage":"tr","@id":"https:\/\/www.kariyer.net\/kariyer-rehberi\/milli-egitim-bakanligi-personel-alimi\/#primaryimage","url":"https:\/\/www.kariyer.net\/kariyer-rehberi\/wp-content\/uploads\/2024\/09\/mill_egitim_bakanligi.jpg","contentUrl":"https:\/\/www.kariyer.net\/kariyer-rehberi\/wp-content\/uploads\/2024\/09\/mill_egitim_bakanligi.jpg","width":900,"height":545},{"@type":"BreadcrumbList","@id":"https:\/\/www.kariyer.net\/kariyer-rehberi\/milli-egitim-bakanligi-personel-alimi\/#breadcrumb","itemListElement":[{"@type":"ListItem","position":1,"name":"Anasayfa","item":"https:\/\/www.kariyer.net\/kariyer-rehberi\/"},{"@type":"ListItem","position":2,"name":"Milli E\u011fitim Bakanl\u0131\u011f\u0131 personel al\u0131m\u0131"}]},{"@type":"WebSite","@id":"https:\/\/www.kariyer.net\/kariyer-rehberi\/#website","url":"https:\/\/www.kariyer.net\/kariyer-rehberi\/","name":"Kariyer Rehberi","description":"\u0130\u015f D\u00fcnyas\u0131yla \u0130lgili Bilmek \u0130stedi\u011finiz Her \u015eey","publisher":{"@id":"https:\/\/www.kariyer.net\/kariyer-rehberi\/#organization"},"potentialAction":[{"@type":"SearchAction","target":{"@type":"EntryPoint","urlTemplate":"https:\/\/www.kariyer.net\/kariyer-rehberi\/?s={search_term_string}"},"query-input":{"@type":"PropertyValueSpecification","valueRequired":true,"valueName":"search_term_string"}}],"inLanguage":"tr"},{"@type":"Organization","@id":"https:\/\/www.kariyer.net\/kariyer-rehberi\/#organization","name":"Kariyer.net","url":"https:\/\/www.kariyer.net\/kariyer-rehberi\/","logo":{"@type":"ImageObject","inLanguage":"tr","@id":"https:\/\/www.kariyer.net\/kariyer-rehberi\/#\/schema\/logo\/image\/","url":"https:\/\/www.kariyer.net\/kariyer-rehberi-new\/wp-content\/uploads\/2023\/01\/og-image11.jpg","contentUrl":"https:\/\/www.kariyer.net\/kariyer-rehberi-new\/wp-content\/uploads\/2023\/01\/og-image11.jpg","width":800,"height":800,"caption":"Kariyer.net"},"image":{"@id":"https:\/\/www.kariyer.net\/kariyer-rehberi\/#\/schema\/logo\/image\/"}},{"@type":"Person","@id":"https:\/\/www.kariyer.net\/kariyer-rehberi\/#\/schema\/person\/94fd6e49c7ff1b1b2565a2cc4fd685dd","name":"Edit\u00f6r","image":{"@type":"ImageObject","inLanguage":"tr","@id":"https:\/\/www.kariyer.net\/kariyer-rehberi\/#\/schema\/person\/image\/","url":"https:\/\/secure.gravatar.com\/avatar\/0c4fe6688343aed3693b15573beae12c08ace5565409d5ab7509bf9c115f458d?s=96&d=mm&r=g","contentUrl":"https:\/\/secure.gravatar.com\/avatar\/0c4fe6688343aed3693b15573beae12c08ace5565409d5ab7509bf9c115f458d?s=96&d=mm&r=g","caption":"Edit\u00f6r"},"url":"https:\/\/www.kariyer.net\/kariyer-rehberi\/author\/editor\/"}]}},"_links":{"self":[{"href":"https:\/\/www.kariyer.net\/kariyer-rehberi\/wp-json\/wp\/v2\/posts\/21165","targetHints":{"allow":["GET"]}}],"collection":[{"href":"https:\/\/www.kariyer.net\/kariyer-rehberi\/wp-json\/wp\/v2\/posts"}],"about":[{"href":"https:\/\/www.kariyer.net\/kariyer-rehberi\/wp-json\/wp\/v2\/types\/post"}],"author":[{"embeddable":true,"href":"https:\/\/www.kariyer.net\/kariyer-rehberi\/wp-json\/wp\/v2\/users\/12"}],"replies":[{"embeddable":true,"href":"https:\/\/www.kariyer.net\/kariyer-rehberi\/wp-json\/wp\/v2\/comments?post=21165"}],"version-history":[{"count":1,"href":"https:\/\/www.kariyer.net\/kariyer-rehberi\/wp-json\/wp\/v2\/posts\/21165\/revisions"}],"predecessor-version":[{"id":21167,"href":"https:\/\/www.kariyer.net\/kariyer-rehberi\/wp-json\/wp\/v2\/posts\/21165\/revisions\/21167"}],"wp:featuredmedia":[{"embeddable":true,"href":"https:\/\/www.kariyer.net\/kariyer-rehberi\/wp-json\/wp\/v2\/media\/21166"}],"wp:attachment":[{"href":"https:\/\/www.kariyer.net\/kariyer-rehberi\/wp-json\/wp\/v2\/media?parent=21165"}],"wp:term":[{"taxonomy":"category","embeddable":true,"href":"https:\/\/www.kariyer.net\/kariyer-rehberi\/wp-json\/wp\/v2\/categories?post=21165"},{"taxonomy":"post_tag","embeddable":true,"href":"https:\/\/www.kariyer.net\/kariyer-rehberi\/wp-json\/wp\/v2\/tags?post=21165"}],"curies":[{"name":"wp","href":"https:\/\/api.w.org\/{rel}","templated":true}]}}