{"id":21168,"date":"2024-09-20T16:05:51","date_gmt":"2024-09-20T13:05:51","guid":{"rendered":"https:\/\/www.kariyer.net\/kariyer-rehberi\/?p=21168"},"modified":"2024-09-20T16:05:51","modified_gmt":"2024-09-20T13:05:51","slug":"milli-savunma-bakanligi-personel-alimi","status":"publish","type":"post","link":"https:\/\/www.kariyer.net\/kariyer-rehberi\/milli-savunma-bakanligi-personel-alimi\/","title":{"rendered":"Milli Savunma Bakanl\u0131\u011f\u0131 personel al\u0131m\u0131"},"content":{"rendered":"<p><strong>Milli Savunma Bakanl\u0131\u011f\u0131\u2019nda g\u00f6rev almakla ilgili detaylar\u0131 \u00f6\u011frenmek istiyorsan, senin i\u00e7in en \u00e7ok merak edilen sorular\u0131n cevab\u0131n\u0131 bu yaz\u0131m\u0131zda kaleme ald\u0131k.<\/strong><\/p>\n<p>Mill\u00ee Savunma Bakanl\u0131\u011f\u0131 personel al\u0131m\u0131 i\u00e7in baz\u0131 kriterleri g\u00f6z \u00f6n\u00fcne alarak duyurular yapar. Yap\u0131lan bu duyurular, \u00e7e\u015fitli ko\u015fullar ile s\u0131n\u0131rland\u0131r\u0131l\u0131rken baz\u0131 d\u00f6nemleri kapsar. \u0130htiyaca g\u00f6re belirlenen duyuru g\u00fcnleri ve \u00e7al\u0131\u015facak ki\u015finin nitelikleri zamanla de\u011fi\u015febilir. Ayn\u0131 zamanda baz\u0131 d\u00f6nemlere \u00f6zg\u00fc olan ve e\u011fitimin bizzat Milli Savunma Bakanl\u0131\u011f\u0131 taraf\u0131ndan verildi\u011fi i\u015f alanlar\u0131 i\u00e7inde duyurular yap\u0131l\u0131r. Sen de bu duyurular\u0131 takip ederek kariyer hayat\u0131na Milli Savunma Bakanl\u0131\u011f\u0131 b\u00fcnyesinde devam edebilirsin.<\/p>\n<h2>Milli Savunma Bakanl\u0131\u011f\u0131 personel al\u0131m\u0131 ne zaman?<\/h2>\n<p>Milli Savunma Bakanl\u0131\u011f\u0131 personel al\u0131m\u0131, farkl\u0131 alanlar ve hizmetler i\u00e7in yap\u0131l\u0131r. Bu alanlar kapsam\u0131nda muvazzaf &#8211; s\u00f6zle\u015fmeli subay, muvazzaf astsubay, uzman erba\u015f, s\u00f6zle\u015fmeli er ve devlet memuru al\u0131m\u0131 olur. Yap\u0131lan bu al\u0131mlar i\u00e7in ise belirli d\u00f6nemlerde ilanlar a\u00e7\u0131l\u0131r. A\u00e7\u0131lan ilanlar\u0131n tarihi, sonu\u00e7lanmas\u0131 ya da ba\u015fvuru s\u00fcreci kesin zaman zarflar\u0131 ile belirtilse de baz\u0131 durumlarda ya\u015fanan geli\u015fmeler tarihleri de\u011fi\u015ftirebilir. Bundan kaynakl\u0131 olarak y\u0131la \u00f6zg\u00fc kesin bir tarih belirtmek do\u011fru olmaz. Ayn\u0131 zamanda hizmet alan\u0131na ba\u011fl\u0131 olarak da duyuru yay\u0131nlar\u0131 ya da ba\u015fvuru s\u00fcre\u00e7lerinin vakitlerinde farkl\u0131l\u0131klar ile kar\u015f\u0131la\u015f\u0131labilir.<\/p>\n<p>Genel olarak bak\u0131ld\u0131\u011f\u0131nda muvazzaf ya da s\u00f6zle\u015fmeli subay ba\u015fvurular\u0131 temmuz aylar\u0131nda yap\u0131l\u0131r. Astsubay ba\u015fvurular\u0131 ise haziran ay\u0131n\u0131n sonlar\u0131nda ba\u015flarken temmuzu da kapsayabilir. Uzman \u00e7avu\u015f ve s\u00f6zle\u015fmeli er temini i\u00e7in ise haziran ay\u0131nda ba\u015fvurular al\u0131n\u0131r. Ayn\u0131 zamanda baz\u0131 durumlarda nisan ay\u0131nda \u00e7e\u015fitli ba\u015fvurular\u0131n yap\u0131lmas\u0131 i\u00e7in duyurular payla\u015f\u0131labilir.<\/p>\n<h2>Milli Savunma Bakanl\u0131\u011f\u0131 personel al\u0131m\u0131 yap\u0131yor mu?<\/h2>\n<p>Milli Savunma Bakanl\u0131\u011f\u0131, ihtiya\u00e7lar kapsam\u0131nda personel al\u0131m\u0131 yapar. Al\u0131nan personeller, ihtiya\u00e7 kapsam\u0131nda belirlenir ve d\u00f6neme ba\u011fl\u0131 olarak say\u0131da art\u0131\u015f ya da azal\u0131\u015f ile kar\u015f\u0131la\u015f\u0131labilir.<\/p>\n<p>Subay al\u0131m\u0131 ihtiya\u00e7lar kapsam\u0131nda belirleniyor olup lisans mezunu olan ki\u015filerin ba\u015fvurular\u0131 de\u011ferlendirilerek yap\u0131l\u0131r. Astsubayl\u0131k i\u00e7in ilgili k\u0131lavuzda bulunan taban puan\u0131 ya da daha \u00fczerini alan adaylar ile beraber en az 2 y\u0131ll\u0131k y\u00fcksek\u00f6\u011fretim kurumundan mezun olan ki\u015filer ba\u015fvurabilir. Uzman onba\u015f\u0131 adaylar\u0131 i\u00e7in ilk\u00f6\u011fretim, uzman \u00e7avu\u015flar i\u00e7in ise lise mezunu olmak \u015fart olarak aran\u0131r. Ayn\u0131 zamanda s\u00f6zle\u015fmeli er al\u0131m\u0131 i\u00e7in ilkokul mezunu olmak yeterlidir. Sivil memur al\u0131m\u0131nda ise hizmet alan\u0131na ba\u011fl\u0131 olarak ilkokul, lise ya da y\u00fcksek \u00f6\u011fretim \u015fart\u0131 bulunur. Bu \u015fartlar ile beraber hizmet alan\u0131na ba\u011fl\u0131 olarak \u00e7e\u015fitli fiziki testlerden ge\u00e7mi\u015f olmak, ya\u015f \u015fartlar\u0131na uymak gibi baz\u0131 alanlarda da yeterlilik sa\u011flamak gerekir.<\/p>\n<h2>Milli Savunma Bakanl\u0131\u011f\u0131 personel al\u0131m\u0131 neye g\u00f6re belirlenir?<\/h2>\n<p>Milli Savunma Bakanl\u0131\u011f\u0131 personel al\u0131m\u0131n\u0131n belirlenmesini sa\u011flayan baz\u0131 hususlar vard\u0131r. Bu hususlar askeri alanda yap\u0131lan yenilikler kapsam\u0131nda olu\u015fan s\u0131n\u0131flar ya da ordu kapasitesini art\u0131rmak gibi \u00e7e\u015fitlendirilebilir. Ayn\u0131 zamanda emeklilik ya da farkl\u0131 durumlar nedeniyle kadroda olu\u015fan a\u00e7\u0131klar\u0131n tamamlanmas\u0131 da personel al\u0131m\u0131n\u0131 belirleyen fakt\u00f6rler aras\u0131nda yer al\u0131r.<\/p>\n<p>Bu hususlar ile beraber yeni yap\u0131lan binalar ya da \u00e7al\u0131\u015fma alanlar\u0131nda gidilen geni\u015flemeler sivil memurlara duyulan ihtiyac\u0131n artmas\u0131na neden olabilir. Bu ihtiya\u00e7lar kapsam\u0131nda Milli Savunma Bakanl\u0131\u011f\u0131 personel al\u0131m\u0131 ihtiyac\u0131 belirlenir ve duyurular yap\u0131l\u0131r.<\/p>\n<h2>Milli Savunma Bakanl\u0131\u011f\u0131 personel al\u0131m\u0131 ba\u015fvurular\u0131 nas\u0131l yap\u0131l\u0131r?<\/h2>\n<p>Milli Savunma Bakanl\u0131\u011f\u0131 personel al\u0131m\u0131 i\u00e7in izlenmesi gereken baz\u0131 ad\u0131mlar vard\u0131r. Bu ad\u0131mlar \u015fu \u015fekilde s\u0131ralanabilir:<\/p>\n<p>Milli Savunma Bakanl\u0131\u011f\u0131 taraf\u0131ndan belirtilen tarihlerde ilgili siteye girmen atman gereken ilk ad\u0131md\u0131r. Milli Savunma Bakanl\u0131\u011f\u0131na ait olan siteye girdikten sonra online ba\u015fvuru formunu doldurarak s\u00fcrece ba\u015flayabilirsin. Bu form i\u00e7erisinde yer alan bilgiler incelenerek de\u011ferlendirmeye al\u0131n\u0131r.<\/p>\n<p>De\u011ferlendirme s\u00fcrecinde aday\u0131n numaras\u0131, T.C. kimlik numaras\u0131d\u0131r. Bu kapsamda \u00e7e\u015fitli i\u015flemler i\u00e7in kimlik numaran\u0131 kullanman gerekir. Kimlik numaran ile i\u015flemleri tamamlayarak s\u00fcreci devam ettirebilirsin.<\/p>\n<p>Ba\u015fvuru i\u00e7in ilk ad\u0131mlar\u0131 tamamlad\u0131ktan sonra ba\u015fvurunun onaylanmas\u0131 i\u00e7in izlemen gereken baz\u0131 ad\u0131mlar da vard\u0131r. Bu ad\u0131mlardan biri belirtilen tarih ve yerdeki fiziki yeterlilik testine girmek olur. Bu test, girece\u011fin hizmet alan\u0131na ba\u011fl\u0131 olarak farkl\u0131la\u015fabilir. Genel olarak ko\u015fu, \u015f\u0131nav \u015feklinde yap\u0131l\u0131r.<\/p>\n<p>Fiziki yeterlilik testine de girdikten sonra m\u00fclakat s\u00fcreci ba\u015flar. M\u00fclakat s\u00fcreci de tamamland\u0131ktan sonra ise genel bir sonu\u00e7 yay\u0131nlan\u0131r. Bu sonu\u00e7lara da online bir \u015fekilde Milli Savunma Bakanl\u0131\u011f\u0131n\u0131n sitesinden ula\u015fabilirsin. Bu \u015fekilde ba\u015fvuru s\u00fcrecini tamamlad\u0131ktan sonra kay\u0131t kabul a\u015famas\u0131na gelmen ve gerekli belge ve onaylamalar\u0131 yapman ile s\u00fcre\u00e7 sonlan\u0131r.<\/p>\n<h2>Milli Savunma Bakanl\u0131\u011f\u0131 personel al\u0131m\u0131nda KPSS \u015fart m\u0131?<\/h2>\n<p>Milli Savunma Bakanl\u0131\u011f\u0131 personel al\u0131m\u0131, farkl\u0131 alanlar i\u00e7in yap\u0131l\u0131r. Bu kapsamda baz\u0131 hizmet alanlar\u0131 i\u00e7in KPSS&#8217;ye girmi\u015f olmak ve belirlenen puana ya da s\u0131ralamaya ula\u015fmak gerekir. KPSS \u015fart\u0131; muvazzaf &#8211; s\u00f6zle\u015fmeli subay, muvazzaf astsubay ve uzman erba\u015flar i\u00e7in aran\u0131r. Ayn\u0131 zamanda devlet memuru olarak hizmet almak isteyen ki\u015filerin de ilgili KPSS alan\u0131ndan belirlenen puana ula\u015fmas\u0131 gerekir. KPSS \u00f6nlisans, orta\u00f6\u011fretim ve lisans olarak farkl\u0131 alanlara ayr\u0131l\u0131r. Bu alanlara ba\u011fl\u0131 olarak istenen puanlar de\u011fi\u015febilir ya da hizmet alan\u0131n\u0131n belirledi\u011fi KPSS farkl\u0131la\u015fabilir. S\u00f6zle\u015fmeli er temininde ise KPSS \u015fart\u0131 aranmayabilir.<\/p>\n<h2>Milli Savunma bakanl\u0131\u011f\u0131 y\u0131lda ka\u00e7 kez al\u0131m yap\u0131yor?<\/h2>\n<p>Milli Savunma Bakanl\u0131\u011f\u0131 personel al\u0131m\u0131 genellikle y\u0131lda bir kez yap\u0131l\u0131r. Y\u0131l\u0131n belirli d\u00f6nemlerinde Muvazzaf &#8211; s\u00f6zle\u015fmeli subay- astsubay ve uzman al\u0131m\u0131 olur. S\u00f6zle\u015fmeli er ve baz\u0131 durumlarda uzman al\u0131m\u0131 y\u0131lda iki defa olabilir. Bu kapsamda sivil memur al\u0131m\u0131 da y\u0131l\u0131n belirli d\u00f6nemlerini kapsayabilir. Bu hususta al\u0131m yap\u0131lma say\u0131s\u0131 ihtiya\u00e7 duyulan personelin say\u0131s\u0131 ile do\u011frudan ilgilidir. \u0130lgili ki\u015filer taraf\u0131ndan ordu kapasitesinin art\u0131r\u0131lmas\u0131 da y\u0131l i\u00e7erisinde bir ka\u00e7 kez personel al\u0131m\u0131n\u0131 mecburi bir hale getirebilir.<\/p>\n<h2>Milli Savunma Bakanl\u0131\u011f\u0131 hangi kadrolara al\u0131m yap\u0131yor?<\/h2>\n<p>Milli Savunma Bakanl\u0131\u011f\u0131 ihtiya\u00e7 olan kadrolara al\u0131m yapar. Bu kadrolar; muvazzaf &#8211; s\u00f6zle\u015fmeli erba\u015f er, subay, muvazzaf astsubay, s\u00f6zle\u015fmeli er, uzman erba\u015f ve sivil memur \u015feklinde s\u0131ralanabilir. Bu kapsamda ihtiya\u00e7 duyulan personele ba\u011fl\u0131 olarak bu kadrolar \u00fczerinden al\u0131m yap\u0131l\u0131r. Sivil memur i\u00e7in a\u00e7\u0131lan kadroda baz\u0131 ayr\u0131mlar olabilir. Temizlik ya da yemek g\u00f6revleri i\u00e7in al\u0131nan ki\u015filer ile beraber \u00e7e\u015fitli programlar\u0131n haz\u0131rlanmas\u0131 ya da evraklar\u0131n tamamlanmas\u0131 ad\u0131na ayr\u0131lan kadrolara da ihtiya\u00e7 kapsam\u0131nda al\u0131m yap\u0131l\u0131r.<\/p>\n<h2>Atamas\u0131 yap\u0131lan Milli Savunma Bakanl\u0131\u011f\u0131 personeli hangi kurumlarda \u00e7al\u0131\u015f\u0131yor?<\/h2>\n<p>Atanan Milli Savunma Bakanl\u0131\u011f\u0131 personelleri kadrolar\u0131na ba\u011fl\u0131 olarak farkl\u0131 yerler de \u00e7al\u0131\u015f\u0131r. Muvazzaf &#8211; s\u00f6zle\u015fmeli subay ve muvazzaf astsubaylar genellikle k\u0131\u015fla i\u00e7erisinde g\u00f6rev yapar. Ayn\u0131 zamanda Milli Savunma Bakanl\u0131\u011f\u0131na ba\u011fl\u0131 yap\u0131larda \u00e7e\u015fitli g\u00f6revler alan muvazzaf &#8211; s\u00f6zle\u015fmeli subay ve astsubaylar da vard\u0131r. Sivil olarak atanan memurlar ise k\u0131\u015fla benzeri yerler de \u00e7al\u0131\u015fabilece\u011fi gibi kadrolar\u0131na ba\u011fl\u0131 olarak Kara, Deniz ya da Hava komutanl\u0131klar\u0131nda da g\u00f6rev alabilir. Ayr\u0131ca D\u0131\u015fi\u015fleri Bakanl\u0131\u011f\u0131 b\u00fcnyesinde olan yurt d\u0131\u015f\u0131 temsilciliklerde askeri idari ate\u015fe olarak da \u00e7al\u0131\u015fabilirsin.<\/p>\n<p>Kaynaklar: <a href=\"https:\/\/personeltemin.msb.gov.tr\/\" target=\"_blank\" rel=\"noopener\">1<\/a> &#8211;<a href=\"https:\/\/www.msb.gov.tr\/Content\/Upload\/Docs\/M%C4%B0LL%C3%8E%20SAVUNMA%20BAKANLI%C4%9EI%20S%C3%9CREKL%C4%B0%20%C4%B0%C5%9E%C3%87%C4%B0%20ALIM%20%C4%B0LANI.pdf\" target=\"_blank\" rel=\"noopener\"> 2<\/a> &#8211; <a href=\"https:\/\/personeltemin.msb.gov.tr\/Anasayfa\/IcerikWeb\/MDS02?menuItem=6\" target=\"_blank\" rel=\"noopener\">3<\/a><\/p>\n<!-- templates\/buttons-placeholder.php -->\n<div class=\"da-reactions-outer TpostID21168\">\n\t    <div class=\"da-reactions-data da-reactions-container-async center\"\n         data-type=\"post\"\n         data-id=\"21168\"\n         id=\"da-reactions-slot-post-21168\">\n        <div class=\"da-reactions-static\">\n\t\t\t<img src=\"https:\/\/www.kariyer.net\/kariyer-rehberi\/wp-content\/plugins\/da-reactions\/assets\/dist\/loading.svg\" alt=\"Loading spinner\" width=\"48\" height=\"48\" style=\"width:48px\" \/>\n        <\/div>\n    <\/div>\n<\/div>\n","protected":false},"excerpt":{"rendered":"<p>Milli Savunma Bakanl\u0131\u011f\u0131\u2019nda g\u00f6rev almakla ilgili detaylar\u0131 \u00f6\u011frenmek istiyorsan, senin i\u00e7in en \u00e7ok merak edilen sorular\u0131n cevab\u0131n\u0131 bu yaz\u0131m\u0131zda kaleme ald\u0131k. Mill\u00ee Savunma Bakanl\u0131\u011f\u0131 personel al\u0131m\u0131 i\u00e7in baz\u0131 kriterleri g\u00f6z \u00f6n\u00fcne alarak duyurular yapar. Yap\u0131lan bu duyurular, \u00e7e\u015fitli ko\u015fullar ile s\u0131n\u0131rland\u0131r\u0131l\u0131rken baz\u0131 d\u00f6nemleri kapsar. \u0130htiyaca g\u00f6re belirlenen duyuru g\u00fcnleri ve \u00e7al\u0131\u015facak ki\u015finin nitelikleri zamanla de\u011fi\u015febilir. [&hellip;]<\/p>\n<!-- templates\/buttons-placeholder.php -->\n<div class=\"da-reactions-outer TpostID21168\">\n\t    <div class=\"da-reactions-data da-reactions-container-async center\"\n         data-type=\"post\"\n         data-id=\"21168\"\n         id=\"da-reactions-slot-post-21168\">\n        <div class=\"da-reactions-static\">\n\t\t\t<img src=\"https:\/\/www.kariyer.net\/kariyer-rehberi\/wp-content\/plugins\/da-reactions\/assets\/dist\/loading.svg\" alt=\"Loading spinner\" width=\"48\" height=\"48\" style=\"width:48px\" \/>\n        <\/div>\n    <\/div>\n<\/div>\n","protected":false},"author":12,"featured_media":21169,"comment_status":"closed","ping_status":"open","sticky":false,"template":"","format":"standard","meta":{"footnotes":"","_elementor_edit_mode":"","_elementor_template_type":"","_elementor_data":"","_elementor_page_settings":null,"_elementor_conditions":[]},"categories":[2215],"tags":[],"class_list":{"0":"post-21168","1":"post","2":"type-post","3":"status-publish","4":"format-standard","5":"has-post-thumbnail","7":"category-kamuda-kariyer"},"yoast_head":"<!-- This site is optimized with the Yoast SEO Premium plugin v21.4 (Yoast SEO v27.0) - https:\/\/yoast.com\/product\/yoast-seo-premium-wordpress\/ -->\n<title>Milli Savunma Bakanl\u0131\u011f\u0131 personel al\u0131m\u0131<\/title>\n<meta name=\"description\" content=\"Milli Savunma Bakanl\u0131\u011f\u0131\u2019nda g\u00f6rev almakla ilgili detaylar\u0131 \u00f6\u011frenmek istiyorsan, merak edilen sorular\u0131n cevab\u0131n\u0131 bu yaz\u0131m\u0131zda kaleme ald\u0131k.\" \/>\n<meta name=\"robots\" content=\"index, follow, max-snippet:-1, max-image-preview:large, max-video-preview:-1\" \/>\n<link rel=\"canonical\" href=\"https:\/\/www.kariyer.net\/kariyer-rehberi\/milli-savunma-bakanligi-personel-alimi\/\" \/>\n<meta property=\"og:locale\" content=\"tr_TR\" \/>\n<meta property=\"og:type\" content=\"article\" \/>\n<meta property=\"og:title\" content=\"Milli Savunma Bakanl\u0131\u011f\u0131 personel al\u0131m\u0131\" \/>\n<meta property=\"og:description\" content=\"Milli Savunma Bakanl\u0131\u011f\u0131\u2019nda g\u00f6rev almakla ilgili detaylar\u0131 \u00f6\u011frenmek istiyorsan, senin i\u00e7in en \u00e7ok merak edilen sorular\u0131n cevab\u0131n\u0131 bu yaz\u0131m\u0131zda kaleme\" \/>\n<meta property=\"og:url\" content=\"https:\/\/www.kariyer.net\/kariyer-rehberi\/milli-savunma-bakanligi-personel-alimi\/\" \/>\n<meta property=\"og:site_name\" content=\"Kariyer Rehberi\" \/>\n<meta property=\"article:published_time\" content=\"2024-09-20T13:05:51+00:00\" \/>\n<meta property=\"og:image\" content=\"https:\/\/www.kariyer.net\/kariyer-rehberi\/wp-content\/uploads\/2024\/09\/milli_savunma.jpg\" \/>\n\t<meta property=\"og:image:width\" content=\"900\" \/>\n\t<meta property=\"og:image:height\" content=\"583\" \/>\n\t<meta property=\"og:image:type\" content=\"image\/jpeg\" \/>\n<meta name=\"author\" content=\"Edit\u00f6r\" \/>\n<meta name=\"twitter:card\" content=\"summary_large_image\" \/>\n<meta name=\"twitter:label1\" content=\"Yazan:\" \/>\n\t<meta name=\"twitter:data1\" content=\"Edit\u00f6r\" \/>\n\t<meta name=\"twitter:label2\" content=\"Tahmini okuma s\u00fcresi\" \/>\n\t<meta name=\"twitter:data2\" content=\"6 dakika\" \/>\n<!-- \/ Yoast SEO Premium plugin. -->","yoast_head_json":{"title":"Milli Savunma Bakanl\u0131\u011f\u0131 personel al\u0131m\u0131","description":"Milli Savunma Bakanl\u0131\u011f\u0131\u2019nda g\u00f6rev almakla ilgili detaylar\u0131 \u00f6\u011frenmek istiyorsan, merak edilen sorular\u0131n cevab\u0131n\u0131 bu yaz\u0131m\u0131zda kaleme ald\u0131k.","robots":{"index":"index","follow":"follow","max-snippet":"max-snippet:-1","max-image-preview":"max-image-preview:large","max-video-preview":"max-video-preview:-1"},"canonical":"https:\/\/www.kariyer.net\/kariyer-rehberi\/milli-savunma-bakanligi-personel-alimi\/","og_locale":"tr_TR","og_type":"article","og_title":"Milli Savunma Bakanl\u0131\u011f\u0131 personel al\u0131m\u0131","og_description":"Milli Savunma Bakanl\u0131\u011f\u0131\u2019nda g\u00f6rev almakla ilgili detaylar\u0131 \u00f6\u011frenmek istiyorsan, senin i\u00e7in en \u00e7ok merak edilen sorular\u0131n cevab\u0131n\u0131 bu yaz\u0131m\u0131zda kaleme","og_url":"https:\/\/www.kariyer.net\/kariyer-rehberi\/milli-savunma-bakanligi-personel-alimi\/","og_site_name":"Kariyer Rehberi","article_published_time":"2024-09-20T13:05:51+00:00","og_image":[{"width":900,"height":583,"url":"https:\/\/www.kariyer.net\/kariyer-rehberi\/wp-content\/uploads\/2024\/09\/milli_savunma.jpg","type":"image\/jpeg"}],"author":"Edit\u00f6r","twitter_card":"summary_large_image","twitter_misc":{"Yazan:":"Edit\u00f6r","Tahmini okuma s\u00fcresi":"6 dakika"},"schema":{"@context":"https:\/\/schema.org","@graph":[{"@type":"Article","@id":"https:\/\/www.kariyer.net\/kariyer-rehberi\/milli-savunma-bakanligi-personel-alimi\/#article","isPartOf":{"@id":"https:\/\/www.kariyer.net\/kariyer-rehberi\/milli-savunma-bakanligi-personel-alimi\/"},"author":{"name":"Edit\u00f6r","@id":"https:\/\/www.kariyer.net\/kariyer-rehberi\/#\/schema\/person\/94fd6e49c7ff1b1b2565a2cc4fd685dd"},"headline":"Milli Savunma Bakanl\u0131\u011f\u0131 personel al\u0131m\u0131","datePublished":"2024-09-20T13:05:51+00:00","mainEntityOfPage":{"@id":"https:\/\/www.kariyer.net\/kariyer-rehberi\/milli-savunma-bakanligi-personel-alimi\/"},"wordCount":1350,"publisher":{"@id":"https:\/\/www.kariyer.net\/kariyer-rehberi\/#organization"},"image":{"@id":"https:\/\/www.kariyer.net\/kariyer-rehberi\/milli-savunma-bakanligi-personel-alimi\/#primaryimage"},"thumbnailUrl":"https:\/\/www.kariyer.net\/kariyer-rehberi\/wp-content\/uploads\/2024\/09\/milli_savunma.jpg","articleSection":["Kamuda Kariyer"],"inLanguage":"tr"},{"@type":"WebPage","@id":"https:\/\/www.kariyer.net\/kariyer-rehberi\/milli-savunma-bakanligi-personel-alimi\/","url":"https:\/\/www.kariyer.net\/kariyer-rehberi\/milli-savunma-bakanligi-personel-alimi\/","name":"Milli Savunma Bakanl\u0131\u011f\u0131 personel al\u0131m\u0131","isPartOf":{"@id":"https:\/\/www.kariyer.net\/kariyer-rehberi\/#website"},"primaryImageOfPage":{"@id":"https:\/\/www.kariyer.net\/kariyer-rehberi\/milli-savunma-bakanligi-personel-alimi\/#primaryimage"},"image":{"@id":"https:\/\/www.kariyer.net\/kariyer-rehberi\/milli-savunma-bakanligi-personel-alimi\/#primaryimage"},"thumbnailUrl":"https:\/\/www.kariyer.net\/kariyer-rehberi\/wp-content\/uploads\/2024\/09\/milli_savunma.jpg","datePublished":"2024-09-20T13:05:51+00:00","description":"Milli Savunma Bakanl\u0131\u011f\u0131\u2019nda g\u00f6rev almakla ilgili detaylar\u0131 \u00f6\u011frenmek istiyorsan, merak edilen sorular\u0131n cevab\u0131n\u0131 bu yaz\u0131m\u0131zda kaleme ald\u0131k.","breadcrumb":{"@id":"https:\/\/www.kariyer.net\/kariyer-rehberi\/milli-savunma-bakanligi-personel-alimi\/#breadcrumb"},"inLanguage":"tr","potentialAction":[{"@type":"ReadAction","target":["https:\/\/www.kariyer.net\/kariyer-rehberi\/milli-savunma-bakanligi-personel-alimi\/"]}]},{"@type":"ImageObject","inLanguage":"tr","@id":"https:\/\/www.kariyer.net\/kariyer-rehberi\/milli-savunma-bakanligi-personel-alimi\/#primaryimage","url":"https:\/\/www.kariyer.net\/kariyer-rehberi\/wp-content\/uploads\/2024\/09\/milli_savunma.jpg","contentUrl":"https:\/\/www.kariyer.net\/kariyer-rehberi\/wp-content\/uploads\/2024\/09\/milli_savunma.jpg","width":900,"height":583},{"@type":"BreadcrumbList","@id":"https:\/\/www.kariyer.net\/kariyer-rehberi\/milli-savunma-bakanligi-personel-alimi\/#breadcrumb","itemListElement":[{"@type":"ListItem","position":1,"name":"Anasayfa","item":"https:\/\/www.kariyer.net\/kariyer-rehberi\/"},{"@type":"ListItem","position":2,"name":"Milli Savunma Bakanl\u0131\u011f\u0131 personel al\u0131m\u0131"}]},{"@type":"WebSite","@id":"https:\/\/www.kariyer.net\/kariyer-rehberi\/#website","url":"https:\/\/www.kariyer.net\/kariyer-rehberi\/","name":"Kariyer Rehberi","description":"\u0130\u015f D\u00fcnyas\u0131yla \u0130lgili Bilmek \u0130stedi\u011finiz Her \u015eey","publisher":{"@id":"https:\/\/www.kariyer.net\/kariyer-rehberi\/#organization"},"potentialAction":[{"@type":"SearchAction","target":{"@type":"EntryPoint","urlTemplate":"https:\/\/www.kariyer.net\/kariyer-rehberi\/?s={search_term_string}"},"query-input":{"@type":"PropertyValueSpecification","valueRequired":true,"valueName":"search_term_string"}}],"inLanguage":"tr"},{"@type":"Organization","@id":"https:\/\/www.kariyer.net\/kariyer-rehberi\/#organization","name":"Kariyer.net","url":"https:\/\/www.kariyer.net\/kariyer-rehberi\/","logo":{"@type":"ImageObject","inLanguage":"tr","@id":"https:\/\/www.kariyer.net\/kariyer-rehberi\/#\/schema\/logo\/image\/","url":"https:\/\/www.kariyer.net\/kariyer-rehberi-new\/wp-content\/uploads\/2023\/01\/og-image11.jpg","contentUrl":"https:\/\/www.kariyer.net\/kariyer-rehberi-new\/wp-content\/uploads\/2023\/01\/og-image11.jpg","width":800,"height":800,"caption":"Kariyer.net"},"image":{"@id":"https:\/\/www.kariyer.net\/kariyer-rehberi\/#\/schema\/logo\/image\/"}},{"@type":"Person","@id":"https:\/\/www.kariyer.net\/kariyer-rehberi\/#\/schema\/person\/94fd6e49c7ff1b1b2565a2cc4fd685dd","name":"Edit\u00f6r","image":{"@type":"ImageObject","inLanguage":"tr","@id":"https:\/\/www.kariyer.net\/kariyer-rehberi\/#\/schema\/person\/image\/","url":"https:\/\/secure.gravatar.com\/avatar\/0c4fe6688343aed3693b15573beae12c08ace5565409d5ab7509bf9c115f458d?s=96&d=mm&r=g","contentUrl":"https:\/\/secure.gravatar.com\/avatar\/0c4fe6688343aed3693b15573beae12c08ace5565409d5ab7509bf9c115f458d?s=96&d=mm&r=g","caption":"Edit\u00f6r"},"url":"https:\/\/www.kariyer.net\/kariyer-rehberi\/author\/editor\/"}]}},"_links":{"self":[{"href":"https:\/\/www.kariyer.net\/kariyer-rehberi\/wp-json\/wp\/v2\/posts\/21168","targetHints":{"allow":["GET"]}}],"collection":[{"href":"https:\/\/www.kariyer.net\/kariyer-rehberi\/wp-json\/wp\/v2\/posts"}],"about":[{"href":"https:\/\/www.kariyer.net\/kariyer-rehberi\/wp-json\/wp\/v2\/types\/post"}],"author":[{"embeddable":true,"href":"https:\/\/www.kariyer.net\/kariyer-rehberi\/wp-json\/wp\/v2\/users\/12"}],"replies":[{"embeddable":true,"href":"https:\/\/www.kariyer.net\/kariyer-rehberi\/wp-json\/wp\/v2\/comments?post=21168"}],"version-history":[{"count":3,"href":"https:\/\/www.kariyer.net\/kariyer-rehberi\/wp-json\/wp\/v2\/posts\/21168\/revisions"}],"predecessor-version":[{"id":21172,"href":"https:\/\/www.kariyer.net\/kariyer-rehberi\/wp-json\/wp\/v2\/posts\/21168\/revisions\/21172"}],"wp:featuredmedia":[{"embeddable":true,"href":"https:\/\/www.kariyer.net\/kariyer-rehberi\/wp-json\/wp\/v2\/media\/21169"}],"wp:attachment":[{"href":"https:\/\/www.kariyer.net\/kariyer-rehberi\/wp-json\/wp\/v2\/media?parent=21168"}],"wp:term":[{"taxonomy":"category","embeddable":true,"href":"https:\/\/www.kariyer.net\/kariyer-rehberi\/wp-json\/wp\/v2\/categories?post=21168"},{"taxonomy":"post_tag","embeddable":true,"href":"https:\/\/www.kariyer.net\/kariyer-rehberi\/wp-json\/wp\/v2\/tags?post=21168"}],"curies":[{"name":"wp","href":"https:\/\/api.w.org\/{rel}","templated":true}]}}