{"id":21174,"date":"2024-09-24T16:44:45","date_gmt":"2024-09-24T13:44:45","guid":{"rendered":"https:\/\/www.kariyer.net\/kariyer-rehberi\/?p=21174"},"modified":"2024-09-24T17:15:43","modified_gmt":"2024-09-24T14:15:43","slug":"almanyada-asgari-ucret","status":"publish","type":"post","link":"https:\/\/www.kariyer.net\/kariyer-rehberi\/almanyada-asgari-ucret\/","title":{"rendered":"Almanya&#8217;da asgari \u00fccret"},"content":{"rendered":"<p><strong>Asgari \u00fccret nedir, kimler asgari \u00fccretle \u00e7al\u0131\u015f\u0131r, Almanya&#8217;da asgari \u00fccret ne kadar, asgari \u00fccretle Almanya&#8217;da ge\u00e7im sa\u011flanabilir mi gibi sorular akl\u0131n\u0131 kurcal\u0131yorsa do\u011fru yerdesin. Almanya&#8217;da verilen asgari \u00fccret ve bununla ilgili pek \u00e7ok konu hakk\u0131nda detayl\u0131 bilgiye bu yaz\u0131dan ula\u015fabilirsin. Bu \u015fekilde Almanya&#8217;da \u00e7al\u0131\u015fma imkanlar\u0131 ve asgari \u00fccret ile ge\u00e7im konusunda bilgi sahibi olabilirsin.<\/strong><\/p>\n<h2><strong>Asgari \u00fccret nedir?<\/strong><\/h2>\n<p>Asgari \u00fccretin bir di\u011fer ismi minimum \u00fccrettir. Yasal olarak i\u015f\u00e7ilere \u00f6denmesi gereken en d\u00fc\u015f\u00fck \u00fccret seviyesini temsil eder. Nas\u0131l ki bir i\u015f yerinde \u00e7al\u0131\u015fmaya ba\u015flad\u0131\u011f\u0131nda sigortan\u0131n yap\u0131lmas\u0131 zorunlu k\u0131l\u0131n\u0131yorsa, ayn\u0131 \u015fekilde i\u015fverenin sana \u00f6demesi gereken en d\u00fc\u015f\u00fck miktar da belirlenmi\u015f olan asgari \u00fccret kadard\u0131r. Bu konuda hangi i\u015f sekt\u00f6r\u00fcnde \u00e7al\u0131\u015ft\u0131\u011f\u0131n\u0131n bir \u00f6nemi bulunmaz. Hangi alanda \u00e7al\u0131\u015f\u0131yor olursan ol, \u00e7al\u0131\u015ft\u0131\u011f\u0131n yer sana minimum olarak asgari \u00fccret tutar\u0131nda maa\u015f vermek zorundad\u0131r. Maa\u015f miktar\u0131, her \u00fclkenin kendi ekonomik durumuna ve i\u015f g\u00fcc\u00fc kapasitesine g\u00f6re belirlendi\u011fi gibi d\u00f6nemsel olarak da de\u011fi\u015fir.<\/p>\n<p>Asgari \u00fccretten az \u00fccretle \u00e7al\u0131\u015ft\u0131r\u0131lan i\u015f\u00e7iler ne yapabilir\u00a0 konusunu merak ediyorsan, elbette bunun i\u00e7in de baz\u0131 \u00e7\u00f6z\u00fcmler var. \u0130\u015fverenin asgari \u00fccretten az bir \u00fccretle i\u015f\u00e7i \u00e7al\u0131\u015ft\u0131rmas\u0131 yasakt\u0131r. Bu nedenle i\u015fverenden ald\u0131\u011f\u0131n maa\u015f ile asgari \u00fccretin aras\u0131ndaki fark\u0131 talep edebilirsin. Ayn\u0131 zamanda bu sebebe dayanarak i\u015f s\u00f6zle\u015fmeni hakl\u0131 sebep ile sona erdirebilirsin ve i\u015f s\u00f6zle\u015fmeni sona erdirmen seni bir zarara u\u011fratmaz. \u0130\u015fveren ald\u0131\u011f\u0131n maa\u015f ile asgari \u00fccret aras\u0131ndaki fark\u0131 \u00f6demeyi kabul etmiyorsa, b\u00f6yle bir durumda i\u015fvereni dava etme hakk\u0131n da s\u00f6z konusudur. T\u00fcm bunlar\u0131n yan\u0131 s\u0131ra, hakl\u0131 bir sebeple i\u015f s\u00f6zle\u015fmeni feshetmen sebebiyle, k\u0131dem tazminat\u0131 ve di\u011fer \u00fccret alacaklar\u0131n\u0131 talep etme hakk\u0131na sahip olmaya da devam edersin. B\u00f6yle bir durum i\u00e7erisinde i\u015f\u00e7inin ve i\u015f\u00e7i haklar\u0131n\u0131n kanunlar taraf\u0131ndan korundu\u011funu unutmadan hakk\u0131n\u0131 rahatl\u0131kla arayabilirsin.<\/p>\n<h2><strong>\u00d6zel sekt\u00f6rde asgari \u00fccretten az \u00fccret verilebilir mi?<br \/>\n<\/strong><\/h2>\n<p>Asgari \u00fccret tutar\u0131, kamu veya \u00f6zel olmas\u0131 fark etmeksizin b\u00fct\u00fcn i\u015f alanlar\u0131 i\u00e7in ge\u00e7erlidir. \u0130\u015f Kanunu&#8217;nun gere\u011fi olarak yap\u0131lan i\u015f s\u00f6zle\u015fmesine ba\u011fl\u0131 \u015fekilde \u00e7al\u0131\u015fmakta olan i\u015f\u00e7iye, asgari \u00fccretten d\u00fc\u015f\u00fck olmayacak \u015fekilde \u00f6deme yap\u0131lmas\u0131 zorunlu k\u0131l\u0131nm\u0131\u015ft\u0131r. Bu nedenle \u00f6zel sekt\u00f6rde de olsan, devlete ba\u011fl\u0131 bir kurum veya kurulu\u015fta da \u00e7al\u0131\u015fsan maa\u015f\u0131n en d\u00fc\u015f\u00fck asgari \u00fccret olacak \u015fekilde belirlenmelidir. Kanunlar gere\u011fince, i\u015f\u00e7i ve i\u015fverenin bu konuda anla\u015fm\u0131\u015f olmas\u0131 da bunun i\u00e7in yeterli de\u011fildir. Yani i\u015f\u00e7i ve i\u015fveren asgari \u00fccretten daha az bir \u00fccrete anla\u015fabilmi\u015f olsa dahi asgari \u00fccret tutar\u0131nda \u00f6deme yap\u0131lmas\u0131 zorunludur.<\/p>\n<p>Asgari \u00fccretli bir i\u015fte \u00e7al\u0131\u015farak ge\u00e7imini rahat bir \u015fekilde sa\u011flay\u0131p sa\u011flayamayaca\u011f\u0131n\u0131 merak ediyor olabilirsin. Bu konuyu etkileyen birden \u00e7ok fakt\u00f6r bulunur. Bulundu\u011fun \u00fclkedeki asgari \u00fccret, insanlar\u0131n al\u0131m g\u00fcc\u00fc, enflasyon ve ekonomik veriler gibi birden \u00e7ok etken bu konu \u00fczerinde de\u011fi\u015fikli\u011fe sebep olabilir. Elbette g\u00fcnl\u00fck hayat\u0131nda yapt\u0131\u011f\u0131n harcamalar\u0131n asgari \u00fccretle ge\u00e7imin konusunda \u00f6nemli rol oynayacakt\u0131r.<\/p>\n<p>Al\u0131m g\u00fcc\u00fc y\u00fcksek olan ve ekonomik refah\u0131n y\u00fcksek oldu\u011fu \u00fclkelerde asgari \u00fccret ile ge\u00e7im sa\u011flamak daha kolayd\u0131r. Al\u0131m g\u00fcc\u00fc, bir para birimi ile al\u0131nabilecek olan mallar\u0131n ve hizmetlerin miktar\u0131n\u0131 temsil eder. Ekonomi ve enflasyon gibi nedenlere ba\u011fl\u0131 olarak al\u0131m g\u00fcc\u00fcn\u00fcn de\u011fi\u015fiklik g\u00f6sterebilece\u011fini bilmelisin.<\/p>\n<h2><strong>Almanya&#8217;da asgari \u00fccret ne kadar?<br \/>\n<\/strong><\/h2>\n<p>Son y\u0131llarda i\u015f\u00e7ilerin ve \u00f6\u011frencilerin dikkatini \u00e7eken \u00f6nemli konulardan biri yurt d\u0131\u015f\u0131 seyahatleri ve yurt d\u0131\u015f\u0131nda bir ya\u015fam kurma konusudur. \u00d6zellikle lise veya \u00fcniversite \u00f6\u011frencisiysen; farkl\u0131 bir \u00fclkeye giderek o toplumun k\u00fclt\u00fcr\u00fcn\u00fc \u00f6\u011frenmek, yabanc\u0131 dilini geli\u015ftirmek, e\u011fitim hayat\u0131na olumlu etkileri olacak bir e\u011fitim almak gibi konulara merak salm\u0131\u015f olabilirsin. T\u00fcm bunlar\u0131n yan\u0131nda kazan\u00e7 sa\u011flama konusu da akl\u0131nda \u00f6nemli bir soru i\u015faretine neden olabilir. Farkl\u0131 bir \u00fclkede asgari \u00fccret ile \u00e7al\u0131\u015farak hem kazan\u00e7 sa\u011flay\u0131p birikim yapmak hem de e\u011fitimine katk\u0131da bulunmak istiyorsan, Almanya se\u00e7ene\u011fini d\u00fc\u015f\u00fcnebilirsin.<\/p>\n<p>Ge\u00e7mi\u015f zamanlardan bu yana i\u015f g\u00fcc\u00fc sebebiyle \u00e7ok fazla T\u00fcrk vatanda\u015f\u0131 b\u00fcnyesinde bar\u0131nd\u0131ran Almanya, bu konuda yabanc\u0131l\u0131k hissini daha az hissetmeni sa\u011flayacakt\u0131r. Ayn\u0131 zamanda tarihi b\u00f6lgeleri, e\u011fitim konusunda \u00f6ne \u00e7\u0131kan geli\u015fmeleri de \u00f6\u011frencilerin Almanya&#8217;y\u0131 tercih etmesinde \u00f6nemli etkenlerdir. E\u011fitim sebebiyle gitmenin yan\u0131 s\u0131ra sadece kazan\u00e7 sa\u011flamak i\u00e7in de Almanya&#8217;y\u0131 tercih ediyor olabilirsin. Bu noktada Almanya&#8217;n\u0131n i\u015f\u00e7ilere vermi\u015f oldu\u011fu asgari \u00fccret hakk\u0131nda bilgiyi yaz\u0131m\u0131zda \u00f6\u011frenebilirsin.<\/p>\n<p>Avrupa Birli\u011fi \u0130statistik Ofisi&#8217;nin a\u00e7\u0131klam\u0131\u015f oldu\u011fu bilgiye g\u00f6re, Almanya&#8217;da br\u00fct asgari \u00fccret 2 bin 54 Euro olarak belirlenmi\u015ftir. Bu \u00fccret, 2024 y\u0131l\u0131n\u0131n ilk yar\u0131s\u0131nda ge\u00e7erli olacak \u015fekilde belirlenmi\u015f ve y\u0131l\u0131n ortas\u0131nda asgari \u00fccret konusu tekrar konu\u015fulma karar\u0131na ba\u011flanm\u0131\u015ft\u0131r. Almanya asgari \u00fccret hesab\u0131n\u0131 saatlik \u00e7al\u0131\u015fma sistemi \u00fczerinden yapar. 1 Ocak 2024 itibar\u0131yla saatlik asgari \u00fccret 12 Euro&#8217;dan 12,41 Euro&#8217;ya \u00e7\u0131kar\u0131lm\u0131\u015ft\u0131r. Bu nedenle ayl\u0131k ya da i\u015fe g\u00f6re asgari \u00fccret hesab\u0131 yaparken saatlik \u00e7al\u0131\u015fma hesab\u0131 yapman gerekir.<\/p>\n<p>Bu asgari \u00fccrete g\u00f6re, Avrupa&#8217;da br\u00fct asgari \u00fccretin en y\u00fcksek oldu\u011fu d\u00f6rd\u00fcnc\u00fc \u00fclkenin Almanya oldu\u011funu g\u00f6rebilirsin.\u00a0Ancak bu verinin d\u00f6nemsel olarak de\u011fi\u015febildi\u011fini bilmen gerekir. E\u011fer Almanya&#8217;da asgari \u00fccret ile \u00e7al\u0131\u015fmak istiyorsan \u00fclkede olmay\u0131 planlad\u0131\u011f\u0131n d\u00f6nemdeki miktar\u0131 hesaplaman gerekir. Ayr\u0131ca asgari \u00fccret verilecek i\u015flerde g\u00fcnl\u00fck mesai saati gibi \u015fartlar \u00fclkelere hatta \u00fclke i\u00e7indeki b\u00f6lgelere ve sekt\u00f6rlere g\u00f6re de\u011fi\u015febilir. Bu nedenle ara\u015ft\u0131rman\u0131 bu y\u00f6nde derinle\u015ftirmen gerekebilir.<\/p>\n<h2><strong>Almanya&#8217;da asgari \u00fccretin sat\u0131n alma g\u00fcc\u00fc<\/strong><\/h2>\n<p>Avrupa&#8217;da 2024 y\u0131l\u0131nda asgari \u00fccretin sat\u0131n alma g\u00fcc\u00fc k\u0131yaslamas\u0131nda ilk s\u0131rada gelen \u00fclke Almanya&#8217;d\u0131r. Bu veriler, Almanya&#8217;da asgari \u00fccretle \u00e7al\u0131\u015fan bir bireyin al\u0131m g\u00fcc\u00fcn\u00fcn y\u00fcksek oldu\u011funu ve ald\u0131\u011f\u0131 maa\u015f ile ya\u015fam\u0131n\u0131 zor olmayacak bir seviyede s\u00fcrd\u00fcrebildi\u011fini g\u00f6sterir.<\/p>\n<p>Almanya, Avrupa&#8217;da br\u00fct asgari \u00fccret ile en y\u00fcksek al\u0131m g\u00fcc\u00fcne sahip \u00fclke olarak dikkat \u00e7ekmektedir. Al\u0131m g\u00fcc\u00fcn\u00fcn rahat olmas\u0131 ise asgari \u00fccret kazanarak \u00e7al\u0131\u015ft\u0131\u011f\u0131n bir i\u015f ile ge\u00e7imini sa\u011flaman\u0131n zor olmad\u0131\u011f\u0131n\u0131 g\u00f6sterir. \u00d6\u011frenciysen ve e\u011fitim hayat\u0131n i\u00e7in Almanya&#8217;ya gidip bir yandan da \u00e7al\u0131\u015fmay\u0131 d\u00fc\u015f\u00fcn\u00fcyorsan, bu \u00fclke senin i\u00e7in iyi bir tercih olacakt\u0131r. T\u00fcm bunlar\u0131n yan\u0131nda sadece \u00e7al\u0131\u015fmak i\u00e7in gitmek istiyor da olabilirsin. \u0130ki durum i\u00e7in de Almanya, ge\u00e7imini asgari \u00fccretle sa\u011flamana olanak tan\u0131yacak bir \u00fclke olarak seni memnun edecektir.<\/p>\n<p>Y\u0131l\u0131n ba\u015f\u0131nda al\u0131nan kararlar do\u011frultusunda Almanya, haftada d\u00f6rt g\u00fcn \u00e7al\u0131\u015fma sistemini uygulayabilmek i\u00e7in denemelere ba\u015flam\u0131\u015ft\u0131r. 6 ay s\u00fcrecek olan bu deneme s\u00fcrecinde i\u015f\u00e7ilerin maa\u015flar\u0131n\u0131n azalt\u0131lmayaca\u011f\u0131 belirtilmi\u015ftir. D\u00fcnya Ekonomik Forumu&#8217;nun belirledi\u011fi bilgilere g\u00f6re Almanya, i\u015f\u00e7ilerin haklar\u0131n\u0131 koruma ve uzun olmayan \u00e7al\u0131\u015fma saatleri konular\u0131nda yapt\u0131\u011f\u0131 \u00e7al\u0131\u015fmalar sayesinde Avrupa&#8217;da \u00f6ne \u00e7\u0131kar.<\/p>\n<p>T\u00fcm bunlara bakt\u0131\u011f\u0131nda Almanya&#8217;da, \u00e7al\u0131\u015fan kesimin refah seviyesi y\u00fcksek bir \u015fekilde ya\u015fam\u0131n\u0131 devam ettirebilmesi i\u00e7in gerekli ko\u015fullar\u0131n sa\u011flad\u0131\u011f\u0131 s\u00f6ylenebilir. Asgari \u00fccretli bir i\u015fte \u00e7al\u0131\u015farak birikim yapmak istiyor olabilirsin. E\u011fitim hayat\u0131n\u0131n yan\u0131 s\u0131ra kazan\u00e7 sa\u011flayabilmek i\u00e7in asgari \u00fccretli bir i\u015fte \u00e7al\u0131\u015fmay\u0131 d\u00fc\u015f\u00fcn\u00fcyor olabilirsin.<\/p>\n<p>Almanya&#8217;daki ve di\u011fer \u00fclkelerdeki i\u015f imkanlar\u0131n\u0131 ara\u015ft\u0131rmak ve bu imkanlar hakk\u0131nda detayl\u0131 bilgi almak istersen, <a href=\"https:\/\/www.kariyer.net\/is-ilanlari\/yurtdisi\" target=\"_blank\" rel=\"noopener\">yurtd\u0131\u015f\u0131 i\u015f ilanlar\u0131<\/a> listesini inceleyebilirsin.<\/p>\n<!-- templates\/buttons-placeholder.php -->\n<div class=\"da-reactions-outer TpostID21174\">\n\t    <div class=\"da-reactions-data da-reactions-container-async center\"\n         data-type=\"post\"\n         data-id=\"21174\"\n         id=\"da-reactions-slot-post-21174\">\n        <div class=\"da-reactions-static\">\n\t\t\t<img src=\"https:\/\/www.kariyer.net\/kariyer-rehberi\/wp-content\/plugins\/da-reactions\/assets\/dist\/loading.svg\" alt=\"Loading spinner\" width=\"48\" height=\"48\" style=\"width:48px\" \/>\n        <\/div>\n    <\/div>\n<\/div>\n","protected":false},"excerpt":{"rendered":"<p>Asgari \u00fccret nedir, kimler asgari \u00fccretle \u00e7al\u0131\u015f\u0131r, Almanya&#8217;da asgari \u00fccret ne kadar, asgari \u00fccretle Almanya&#8217;da ge\u00e7im sa\u011flanabilir mi gibi sorular akl\u0131n\u0131 kurcal\u0131yorsa do\u011fru yerdesin. Almanya&#8217;da verilen asgari \u00fccret ve bununla ilgili pek \u00e7ok konu hakk\u0131nda detayl\u0131 bilgiye bu yaz\u0131dan ula\u015fabilirsin. Bu \u015fekilde Almanya&#8217;da \u00e7al\u0131\u015fma imkanlar\u0131 ve asgari \u00fccret ile ge\u00e7im konusunda bilgi sahibi olabilirsin. Asgari [&hellip;]<\/p>\n<!-- templates\/buttons-placeholder.php -->\n<div class=\"da-reactions-outer TpostID21174\">\n\t    <div class=\"da-reactions-data da-reactions-container-async center\"\n         data-type=\"post\"\n         data-id=\"21174\"\n         id=\"da-reactions-slot-post-21174\">\n        <div class=\"da-reactions-static\">\n\t\t\t<img src=\"https:\/\/www.kariyer.net\/kariyer-rehberi\/wp-content\/plugins\/da-reactions\/assets\/dist\/loading.svg\" alt=\"Loading spinner\" width=\"48\" height=\"48\" style=\"width:48px\" \/>\n        <\/div>\n    <\/div>\n<\/div>\n","protected":false},"author":12,"featured_media":21175,"comment_status":"closed","ping_status":"open","sticky":false,"template":"","format":"standard","meta":{"footnotes":"","_elementor_edit_mode":"","_elementor_template_type":"","_elementor_data":"","_elementor_page_settings":null,"_elementor_conditions":[]},"categories":[2214],"tags":[],"class_list":{"0":"post-21174","1":"post","2":"type-post","3":"status-publish","4":"format-standard","5":"has-post-thumbnail","7":"category-yasam"},"yoast_head":"<!-- This site is optimized with the Yoast SEO Premium plugin v21.4 (Yoast SEO v27.0) - https:\/\/yoast.com\/product\/yoast-seo-premium-wordpress\/ -->\n<title>Almanya&#039;da asgari \u00fccret<\/title>\n<meta name=\"description\" content=\"Almanya&#039;da verilen asgari \u00fccret ve bununla ilgili pek \u00e7ok konu hakk\u0131nda detayl\u0131 bilgiye bu yaz\u0131dan ula\u015fabilirsin.\" \/>\n<meta name=\"robots\" content=\"index, follow, max-snippet:-1, max-image-preview:large, max-video-preview:-1\" \/>\n<link rel=\"canonical\" href=\"https:\/\/www.kariyer.net\/kariyer-rehberi\/almanyada-asgari-ucret\/\" \/>\n<meta property=\"og:locale\" content=\"tr_TR\" \/>\n<meta property=\"og:type\" content=\"article\" \/>\n<meta property=\"og:title\" content=\"Almanya&#039;da asgari \u00fccret\" \/>\n<meta property=\"og:description\" content=\"Asgari \u00fccret nedir, kimler asgari \u00fccretle \u00e7al\u0131\u015f\u0131r, Almanya&#039;da asgari \u00fccret ne kadar, asgari \u00fccretle Almanya&#039;da ge\u00e7im sa\u011flanabilir mi gibi sorular akl\u0131n\u0131\" \/>\n<meta property=\"og:url\" content=\"https:\/\/www.kariyer.net\/kariyer-rehberi\/almanyada-asgari-ucret\/\" \/>\n<meta property=\"og:site_name\" content=\"Kariyer Rehberi\" \/>\n<meta property=\"article:published_time\" content=\"2024-09-24T13:44:45+00:00\" \/>\n<meta property=\"article:modified_time\" content=\"2024-09-24T14:15:43+00:00\" \/>\n<meta property=\"og:image\" content=\"https:\/\/www.kariyer.net\/kariyer-rehberi\/wp-content\/uploads\/2024\/09\/almanya_asgari_ucret.jpg\" \/>\n\t<meta property=\"og:image:width\" content=\"900\" \/>\n\t<meta property=\"og:image:height\" content=\"537\" \/>\n\t<meta property=\"og:image:type\" content=\"image\/jpeg\" \/>\n<meta name=\"author\" content=\"Edit\u00f6r\" \/>\n<meta name=\"twitter:card\" content=\"summary_large_image\" \/>\n<meta name=\"twitter:label1\" content=\"Yazan:\" \/>\n\t<meta name=\"twitter:data1\" content=\"Edit\u00f6r\" \/>\n\t<meta name=\"twitter:label2\" content=\"Tahmini okuma s\u00fcresi\" \/>\n\t<meta name=\"twitter:data2\" content=\"7 dakika\" \/>\n<!-- \/ Yoast SEO Premium plugin. -->","yoast_head_json":{"title":"Almanya'da asgari \u00fccret","description":"Almanya'da verilen asgari \u00fccret ve bununla ilgili pek \u00e7ok konu hakk\u0131nda detayl\u0131 bilgiye bu yaz\u0131dan ula\u015fabilirsin.","robots":{"index":"index","follow":"follow","max-snippet":"max-snippet:-1","max-image-preview":"max-image-preview:large","max-video-preview":"max-video-preview:-1"},"canonical":"https:\/\/www.kariyer.net\/kariyer-rehberi\/almanyada-asgari-ucret\/","og_locale":"tr_TR","og_type":"article","og_title":"Almanya'da asgari \u00fccret","og_description":"Asgari \u00fccret nedir, kimler asgari \u00fccretle \u00e7al\u0131\u015f\u0131r, Almanya'da asgari \u00fccret ne kadar, asgari \u00fccretle Almanya'da ge\u00e7im sa\u011flanabilir mi gibi sorular akl\u0131n\u0131","og_url":"https:\/\/www.kariyer.net\/kariyer-rehberi\/almanyada-asgari-ucret\/","og_site_name":"Kariyer Rehberi","article_published_time":"2024-09-24T13:44:45+00:00","article_modified_time":"2024-09-24T14:15:43+00:00","og_image":[{"width":900,"height":537,"url":"https:\/\/www.kariyer.net\/kariyer-rehberi\/wp-content\/uploads\/2024\/09\/almanya_asgari_ucret.jpg","type":"image\/jpeg"}],"author":"Edit\u00f6r","twitter_card":"summary_large_image","twitter_misc":{"Yazan:":"Edit\u00f6r","Tahmini okuma s\u00fcresi":"7 dakika"},"schema":{"@context":"https:\/\/schema.org","@graph":[{"@type":"Article","@id":"https:\/\/www.kariyer.net\/kariyer-rehberi\/almanyada-asgari-ucret\/#article","isPartOf":{"@id":"https:\/\/www.kariyer.net\/kariyer-rehberi\/almanyada-asgari-ucret\/"},"author":{"name":"Edit\u00f6r","@id":"https:\/\/www.kariyer.net\/kariyer-rehberi\/#\/schema\/person\/94fd6e49c7ff1b1b2565a2cc4fd685dd"},"headline":"Almanya&#8217;da asgari \u00fccret","datePublished":"2024-09-24T13:44:45+00:00","dateModified":"2024-09-24T14:15:43+00:00","mainEntityOfPage":{"@id":"https:\/\/www.kariyer.net\/kariyer-rehberi\/almanyada-asgari-ucret\/"},"wordCount":1388,"publisher":{"@id":"https:\/\/www.kariyer.net\/kariyer-rehberi\/#organization"},"image":{"@id":"https:\/\/www.kariyer.net\/kariyer-rehberi\/almanyada-asgari-ucret\/#primaryimage"},"thumbnailUrl":"https:\/\/www.kariyer.net\/kariyer-rehberi\/wp-content\/uploads\/2024\/09\/almanya_asgari_ucret.jpg","articleSection":["Ya\u015fam"],"inLanguage":"tr"},{"@type":"WebPage","@id":"https:\/\/www.kariyer.net\/kariyer-rehberi\/almanyada-asgari-ucret\/","url":"https:\/\/www.kariyer.net\/kariyer-rehberi\/almanyada-asgari-ucret\/","name":"Almanya'da asgari \u00fccret","isPartOf":{"@id":"https:\/\/www.kariyer.net\/kariyer-rehberi\/#website"},"primaryImageOfPage":{"@id":"https:\/\/www.kariyer.net\/kariyer-rehberi\/almanyada-asgari-ucret\/#primaryimage"},"image":{"@id":"https:\/\/www.kariyer.net\/kariyer-rehberi\/almanyada-asgari-ucret\/#primaryimage"},"thumbnailUrl":"https:\/\/www.kariyer.net\/kariyer-rehberi\/wp-content\/uploads\/2024\/09\/almanya_asgari_ucret.jpg","datePublished":"2024-09-24T13:44:45+00:00","dateModified":"2024-09-24T14:15:43+00:00","description":"Almanya'da verilen asgari \u00fccret ve bununla ilgili pek \u00e7ok konu hakk\u0131nda detayl\u0131 bilgiye bu yaz\u0131dan ula\u015fabilirsin.","breadcrumb":{"@id":"https:\/\/www.kariyer.net\/kariyer-rehberi\/almanyada-asgari-ucret\/#breadcrumb"},"inLanguage":"tr","potentialAction":[{"@type":"ReadAction","target":["https:\/\/www.kariyer.net\/kariyer-rehberi\/almanyada-asgari-ucret\/"]}]},{"@type":"ImageObject","inLanguage":"tr","@id":"https:\/\/www.kariyer.net\/kariyer-rehberi\/almanyada-asgari-ucret\/#primaryimage","url":"https:\/\/www.kariyer.net\/kariyer-rehberi\/wp-content\/uploads\/2024\/09\/almanya_asgari_ucret.jpg","contentUrl":"https:\/\/www.kariyer.net\/kariyer-rehberi\/wp-content\/uploads\/2024\/09\/almanya_asgari_ucret.jpg","width":900,"height":537},{"@type":"BreadcrumbList","@id":"https:\/\/www.kariyer.net\/kariyer-rehberi\/almanyada-asgari-ucret\/#breadcrumb","itemListElement":[{"@type":"ListItem","position":1,"name":"Anasayfa","item":"https:\/\/www.kariyer.net\/kariyer-rehberi\/"},{"@type":"ListItem","position":2,"name":"Almanya&#8217;da asgari \u00fccret"}]},{"@type":"WebSite","@id":"https:\/\/www.kariyer.net\/kariyer-rehberi\/#website","url":"https:\/\/www.kariyer.net\/kariyer-rehberi\/","name":"Kariyer Rehberi","description":"\u0130\u015f D\u00fcnyas\u0131yla \u0130lgili Bilmek \u0130stedi\u011finiz Her \u015eey","publisher":{"@id":"https:\/\/www.kariyer.net\/kariyer-rehberi\/#organization"},"potentialAction":[{"@type":"SearchAction","target":{"@type":"EntryPoint","urlTemplate":"https:\/\/www.kariyer.net\/kariyer-rehberi\/?s={search_term_string}"},"query-input":{"@type":"PropertyValueSpecification","valueRequired":true,"valueName":"search_term_string"}}],"inLanguage":"tr"},{"@type":"Organization","@id":"https:\/\/www.kariyer.net\/kariyer-rehberi\/#organization","name":"Kariyer.net","url":"https:\/\/www.kariyer.net\/kariyer-rehberi\/","logo":{"@type":"ImageObject","inLanguage":"tr","@id":"https:\/\/www.kariyer.net\/kariyer-rehberi\/#\/schema\/logo\/image\/","url":"https:\/\/www.kariyer.net\/kariyer-rehberi-new\/wp-content\/uploads\/2023\/01\/og-image11.jpg","contentUrl":"https:\/\/www.kariyer.net\/kariyer-rehberi-new\/wp-content\/uploads\/2023\/01\/og-image11.jpg","width":800,"height":800,"caption":"Kariyer.net"},"image":{"@id":"https:\/\/www.kariyer.net\/kariyer-rehberi\/#\/schema\/logo\/image\/"}},{"@type":"Person","@id":"https:\/\/www.kariyer.net\/kariyer-rehberi\/#\/schema\/person\/94fd6e49c7ff1b1b2565a2cc4fd685dd","name":"Edit\u00f6r","image":{"@type":"ImageObject","inLanguage":"tr","@id":"https:\/\/www.kariyer.net\/kariyer-rehberi\/#\/schema\/person\/image\/","url":"https:\/\/secure.gravatar.com\/avatar\/0c4fe6688343aed3693b15573beae12c08ace5565409d5ab7509bf9c115f458d?s=96&d=mm&r=g","contentUrl":"https:\/\/secure.gravatar.com\/avatar\/0c4fe6688343aed3693b15573beae12c08ace5565409d5ab7509bf9c115f458d?s=96&d=mm&r=g","caption":"Edit\u00f6r"},"url":"https:\/\/www.kariyer.net\/kariyer-rehberi\/author\/editor\/"}]}},"_links":{"self":[{"href":"https:\/\/www.kariyer.net\/kariyer-rehberi\/wp-json\/wp\/v2\/posts\/21174","targetHints":{"allow":["GET"]}}],"collection":[{"href":"https:\/\/www.kariyer.net\/kariyer-rehberi\/wp-json\/wp\/v2\/posts"}],"about":[{"href":"https:\/\/www.kariyer.net\/kariyer-rehberi\/wp-json\/wp\/v2\/types\/post"}],"author":[{"embeddable":true,"href":"https:\/\/www.kariyer.net\/kariyer-rehberi\/wp-json\/wp\/v2\/users\/12"}],"replies":[{"embeddable":true,"href":"https:\/\/www.kariyer.net\/kariyer-rehberi\/wp-json\/wp\/v2\/comments?post=21174"}],"version-history":[{"count":1,"href":"https:\/\/www.kariyer.net\/kariyer-rehberi\/wp-json\/wp\/v2\/posts\/21174\/revisions"}],"predecessor-version":[{"id":21176,"href":"https:\/\/www.kariyer.net\/kariyer-rehberi\/wp-json\/wp\/v2\/posts\/21174\/revisions\/21176"}],"wp:featuredmedia":[{"embeddable":true,"href":"https:\/\/www.kariyer.net\/kariyer-rehberi\/wp-json\/wp\/v2\/media\/21175"}],"wp:attachment":[{"href":"https:\/\/www.kariyer.net\/kariyer-rehberi\/wp-json\/wp\/v2\/media?parent=21174"}],"wp:term":[{"taxonomy":"category","embeddable":true,"href":"https:\/\/www.kariyer.net\/kariyer-rehberi\/wp-json\/wp\/v2\/categories?post=21174"},{"taxonomy":"post_tag","embeddable":true,"href":"https:\/\/www.kariyer.net\/kariyer-rehberi\/wp-json\/wp\/v2\/tags?post=21174"}],"curies":[{"name":"wp","href":"https:\/\/api.w.org\/{rel}","templated":true}]}}