{"id":21177,"date":"2024-09-24T17:15:13","date_gmt":"2024-09-24T14:15:13","guid":{"rendered":"https:\/\/www.kariyer.net\/kariyer-rehberi\/?p=21177"},"modified":"2024-09-24T17:15:38","modified_gmt":"2024-09-24T14:15:38","slug":"ingilterede-asgari-ucret-ne-kadar","status":"publish","type":"post","link":"https:\/\/www.kariyer.net\/kariyer-rehberi\/ingilterede-asgari-ucret-ne-kadar\/","title":{"rendered":"\u0130ngiltere&#8217;de asgari \u00fccret ne kadar?"},"content":{"rendered":"<p><strong>\u0130ngiltere&#8217;de asgari \u00fccret ne kadar, al\u0131m g\u00fcc\u00fc nas\u0131l gibi bir\u00e7ok merak edilen sorunun cevab\u0131 bu yaz\u0131m\u0131zda! \u0130ngiltere&#8217;de \u00e7al\u0131\u015fmak ve sosyal ya\u015fama dair di\u011fer detaylar\u0131 \u00f6\u011frenmek i\u00e7in yaz\u0131m\u0131z\u0131 okuyabilirsin.<\/strong><\/p>\n<p>Asgari \u00fccret, i\u015f\u00e7ilerin ya\u015fam standartlar\u0131n\u0131 korumak ve temel ihtiya\u00e7lar\u0131n\u0131 kar\u015f\u0131layabilmelerini sa\u011flamak amac\u0131yla belirlenen \u00f6nemli bir konudur. Bu \u00fccret, \u00e7al\u0131\u015fanlar\u0131n en d\u00fc\u015f\u00fck maa\u015flar\u0131n\u0131 belirlerken ekonomik ko\u015fullar, i\u015f g\u00fcc\u00fc talebi ve di\u011fer unsurlar g\u00f6z \u00f6n\u00fcnde bulundurularak belirlenir. \u0130ngiltere&#8217;deki asgari \u00fccret politikalar\u0131 hem \u00e7al\u0131\u015fanlar\u0131n refah\u0131n\u0131 art\u0131rmay\u0131 hedeflerken hem de i\u015fverenlerin rekabet g\u00fcc\u00fcn\u00fc korumay\u0131 ama\u00e7lar. M\u00fchendislik, <a href=\"https:\/\/www.kariyer.net\/bolumler\/tip\/nedir\" target=\"_blank\" rel=\"noopener\">t\u0131p<\/a> , bili\u015fim gibi alanlarda \u00e7al\u0131\u015fanlar ise asgari \u00fccretle \u00e7al\u0131\u015fanlara oranla daha fazla \u00fccret alabilmektedir.<\/p>\n<h2><strong>\u0130ngiltere&#8217;de asgari \u00fccret ne kadar?<\/strong><\/h2>\n<p>\u0130ngiltere&#8217;de asgari \u00fccret, 2024 y\u0131l\u0131nda %9.7&#8217;lik bir art\u0131\u015fla saatlik 10.42 Pound olarak belirlenmi\u015ftir. Bu yeni yap\u0131lan hesaplamalar, \u00fclkenin ekonomik ko\u015fullar\u0131 ve i\u015f g\u00fcc\u00fc talebi gibi fakt\u00f6rler g\u00f6z \u00f6n\u00fcnde bulundurularak yap\u0131lm\u0131\u015ft\u0131r. Bu art\u0131\u015f, \u00e7al\u0131\u015fanlar\u0131n ya\u015fam standartlar\u0131n\u0131 iyile\u015ftirmeyi ve temel ihtiya\u00e7lar\u0131n\u0131 kar\u015f\u0131layabilmelerini sa\u011flamay\u0131 ama\u00e7lar.<\/p>\n<p>Yeni rakam, \u0130ngiltere&#8217;nin br\u00fct asgari \u00fccretin en y\u00fcksek seviyelerde oldu\u011fu yedinci \u00fclke oldu\u011funu da g\u00f6sterir. 2023 y\u0131l\u0131nda yap\u0131lan bir ara\u015ft\u0131rma bu sonucu ortaya koymu\u015ftur. \u0130\u015fverenler ve \u00e7al\u0131\u015fanlar aras\u0131ndaki dengeyi koruyarak, \u00fclkenin ekonomik istikrar\u0131n\u0131 ve sosyal adaletini sa\u011flamak i\u00e7in bu t\u00fcr ad\u0131mlar at\u0131l\u0131r. Bu sayede \u0130ngiltere&#8217;de asgari \u00fccret ne kadar sorusunun yan\u0131t\u0131 da verilmi\u015f olur.<\/p>\n<h2><strong>\u0130ngiltere&#8217;de saatlik asgari \u00fccret 2024 y\u0131l\u0131 itibar\u0131yla ne kadar?<\/strong><\/h2>\n<p>\u0130ngiltere&#8217;nin her y\u0131l nisan ay\u0131nda g\u00fcncelledi\u011fi asgari \u00fccret politikalar\u0131, i\u015f\u00e7ilerin ya\u015fam standartlar\u0131n\u0131 korumak ve ekonomik refahlar\u0131n\u0131 desteklemede \u00f6nemli bir rol oynar. 2024 y\u0131l\u0131 itibar\u0131yla belirlenen saatlik asgari \u00fccret miktarlar\u0131, farkl\u0131 ya\u015f gruplar\u0131na ve mesleki durumlara g\u00f6re \u00e7e\u015fitlilik g\u00f6sterir. Bunlar\u0131 k\u0131saca \u015fu \u015fekilde listelemek m\u00fcmk\u00fcnd\u00fcr.<\/p>\n<ul>\n<li>23 ya\u015f\u0131n \u00fcst\u00fcndeki i\u015f\u00e7iler: \u0130ngiltere&#8217;de 23 ya\u015f\u0131n \u00fcst\u00fcndeki i\u015f\u00e7iler i\u00e7in belirlenen saatlik asgari \u00fccret miktar\u0131 10.42 \u00a3&#8217;dur.<\/li>\n<li>21 &#8211; 22 ya\u015f aras\u0131 i\u015f\u00e7iler: 21 ve 22 ya\u015f aras\u0131ndaki i\u015f\u00e7iler i\u00e7in saatlik asgari \u00fccret 10.18 \u00a3 olarak belirlenmi\u015ftir.<\/li>\n<li>18 &#8211; 20 ya\u015f aras\u0131 i\u015f\u00e7iler: \u0130ngiltere&#8217;de 18 ile 20 ya\u015f aras\u0131ndaki i\u015f\u00e7iler i\u00e7in saatlik asgari \u00fccret miktar\u0131 7.49 \u00a3&#8217;dur.<\/li>\n<li>16 &#8211; 17 ya\u015f aras\u0131 i\u015f\u00e7iler: 16 ve 17 ya\u015f aras\u0131ndaki i\u015f\u00e7iler i\u00e7in saatlik olarak belirlenen asgari \u00fccret miktar\u0131 5.28 \u00a3&#8217;dur.<\/li>\n<li>Stajyerler ve \u00e7\u0131raklar: Ya\u015f s\u0131n\u0131fland\u0131rmas\u0131ndan ba\u011f\u0131ms\u0131z olarak, \u0130ngiltere&#8217;de stajyer veya \u00e7\u0131rak olarak \u00e7al\u0131\u015fanlar da saatlik 5.28 \u00a3 asgari \u00fccret almaktad\u0131r.<\/li>\n<\/ul>\n<p>Bu d\u00fczenlemeler, \u00e7al\u0131\u015fanlar\u0131n haklar\u0131n\u0131 g\u00fcvence alt\u0131na al\u0131rken i\u015fverenlerin de rekabet g\u00fc\u00e7lerini s\u00fcrd\u00fcrmelerini sa\u011flar. \u0130ngiltere&#8217;deki asgari \u00fccret politikalar\u0131n\u0131n, i\u015f g\u00fcc\u00fc piyasas\u0131n\u0131n istikrar\u0131n\u0131 ve toplumsal refah\u0131 art\u0131rmaya y\u00f6nelik bir ad\u0131m oldu\u011fu g\u00f6z \u00f6n\u00fcnde bulundurulmal\u0131d\u0131r. \u0130ngiltere&#8217;de ya\u015famak istiyor ve gerekli yasal izinleri alarak burada \u00e7al\u0131\u015fmak istiyorsan, bu listede yer alan ya\u015f s\u0131n\u0131rlar\u0131na g\u00f6re alaca\u011f\u0131n \u00fccret hakk\u0131nda bir fikir sahibi olabilirsin. Bu \u00fccretle birlikte temel ihtiya\u00e7lar\u0131n\u0131 kar\u015f\u0131lamak, ya\u015fam giderlerini \u00f6deyebilmek i\u00e7in nas\u0131l bir b\u00fct\u00e7eye sahip olman gerekti\u011fi hakk\u0131nda da bilgi edinmi\u015f olursun.<\/p>\n<h2><strong>\u0130ngiltere&#8217;de \u00e7al\u0131\u015fma \u00fccretleri ne kadar?<\/strong><\/h2>\n<p>\u0130ngiltere&#8217;de \u00e7al\u0131\u015fma \u00fccretleri, \u00e7al\u0131\u015fma s\u00fcresi ve i\u015fin niteli\u011fine g\u00f6re de\u011fi\u015fiklik g\u00f6sterir. Ortalama olarak g\u00fcnl\u00fck sekiz saat bir \u00e7al\u0131\u015fma s\u00fcresi ve haftada k\u0131rk saat ise bir i\u015f haftas\u0131 kabul edilir. Bu \u00e7al\u0131\u015fma s\u00fcreleri \u00e7er\u00e7evesinde, \u0130ngiltere&#8217;deki ortalama asgari \u00fccret g\u00fcnl\u00fck olarak minimum 85.00 \u0130ngiliz Sterlini civar\u0131ndad\u0131r. \u00dccret, temel ya\u015fam giderlerini kar\u015f\u0131lamaya y\u00f6nelik bir \u00e7aban\u0131n bir yans\u0131mas\u0131 olarak belirlenir. Ayn\u0131 zamanda \u00e7al\u0131\u015fanlar\u0131n refah\u0131n\u0131 desteklemek i\u00e7in \u00f6nemli bir rol oynar.<\/p>\n<p>\u0130ngiltere&#8217;deki i\u015f piyasas\u0131nda, asgari \u00fccretle \u00e7al\u0131\u015fan ki\u015fi say\u0131s\u0131 olduk\u00e7a azd\u0131r. \u0130\u015fverenler \u00e7al\u0131\u015fanlar\u0131na asgari \u00fccretin \u00fcst\u00fcnde maa\u015flar \u00f6demeyi tercih eder. Ortalama olarak, \u0130ngiltere&#8217;deki i\u015fverenlerin sundu\u011fu maa\u015flar 2.000 \u0130ngiliz Sterlini civar\u0131ndad\u0131r. Bu durum ise \u0130ngiltere&#8217;de \u00e7al\u0131\u015fanlar\u0131n daha y\u00fcksek gelirlere sahip oldu\u011funu ve ya\u015fam standartlar\u0131n\u0131 daha iyi bir \u015fekilde s\u00fcrd\u00fcrebildiklerini g\u00f6sterir. \u0130\u015fverenlerin bu yakla\u015f\u0131m\u0131, \u00e7al\u0131\u015fanlar\u0131n motivasyonunu art\u0131r\u0131r. Ayn\u0131 zamanda i\u015f g\u00fcc\u00fc piyasas\u0131nda rekabeti te\u015fvik etmeye y\u00f6neliktir.<\/p>\n<h2><strong>\u0130ngiltere&#8217;de ya\u015fam pahal\u0131 m\u0131?<\/strong><\/h2>\n<p>\u0130ngiltere&#8217;de ya\u015fam pahal\u0131 m\u0131 sorusu, bir\u00e7ok insan\u0131n dikkatini \u00e7eken ve \u00f6nemli bir konudur. Ev kiralamak gibi temel bir ihtiyac\u0131n maliyeti bile olduk\u00e7a dikkate de\u011ferdir. Ortalama bir ev kiralamak i\u00e7in be\u015f y\u00fcz ile be\u015f y\u00fcz elli pound aras\u0131nda bir miktar ay\u0131rmak gerekir. Bununla birlikte evde ya\u015farken harcanan miktar da d\u00fc\u015f\u00fcn\u00fcld\u00fc\u011f\u00fcnde, market al\u0131\u015fveri\u015fleri, faturalar, k\u0131yafetler ve di\u011fer temel ihtiya\u00e7lar i\u00e7in bin pound civar\u0131nda bir b\u00fct\u00e7e gerekir. Ancak \u0130ngiltere&#8217;nin sundu\u011fu sosyal aktiviteler, refah ve ula\u015f\u0131m kolayl\u0131klar\u0131 d\u00fc\u015f\u00fcn\u00fcld\u00fc\u011f\u00fcnde, ya\u015fam kalitesi y\u00fcksektir.<\/p>\n<p>\u0130ngiltere hem yerlileri hem de turistleri \u00e7eken bir\u00e7ok sosyal etkinli\u011fe ev sahipli\u011fi yapar. Al\u0131\u015fveri\u015f merkezleri, k\u00fclt\u00fcrel etkinlikler, tarihi yerler, parklar gibi bir\u00e7ok aktivite mevcuttur. Ula\u015f\u0131m\u0131n kolayl\u0131\u011f\u0131 da g\u00f6z \u00f6n\u00fcne al\u0131nd\u0131\u011f\u0131nda, \u015fehir i\u00e7inde veya \u015fehirler aras\u0131 seyahat olduk\u00e7a rahatt\u0131r.<\/p>\n<h2><strong>\u0130ngiltere&#8217;de ula\u015f\u0131m fiyatlar\u0131 nas\u0131l?<\/strong><\/h2>\n<p>\u0130ngiltere&#8217;de ula\u015f\u0131m, g\u00fcnl\u00fck ya\u015fam\u0131n \u00f6nemli bir par\u00e7as\u0131d\u0131r. Ki\u015filerin okula, i\u015fe ya da seyahate gitmek i\u00e7in farkl\u0131 se\u00e7enekleri bulunur. Toplu ta\u015f\u0131ma tercih edenler i\u00e7in tek y\u00f6nl\u00fc bir bilet 2.80 pound civar\u0131ndad\u0131r. Bu biletler, otob\u00fcs, tren, metro gibi \u00e7e\u015fitli toplu ta\u015f\u0131ma ara\u00e7lar\u0131nda tercih edilir. \u00d6zellikle b\u00fcy\u00fck \u015fehirlerde ya\u015fayanlar i\u00e7in toplu ta\u015f\u0131ma, pratik ve ekonomik bir alternatiftir.<\/p>\n<p>Ki\u015fisel ara\u00e7la seyahat etmeyi tercih edenler i\u00e7in de benzin gibi maliyetler s\u00f6z konusudur. \u0130ngiltere&#8217;de ortalama olarak 1 litre benzinin fiyat\u0131 yakla\u015f\u0131k olarak 1.7 pound civar\u0131ndad\u0131r. Ayn\u0131 zamanda ara\u00e7 sahibi olman\u0131n maliyetleri de g\u00f6z \u00f6n\u00fcne al\u0131nmal\u0131d\u0131r. \u00d6rne\u011fin; otomobil sat\u0131n almak isteyen bir ki\u015finin, ortalama olarak 26,600.00 pound gibi bir tutar\u0131 g\u00f6zden \u00e7\u0131karmas\u0131 gerekir. Bu durum ise arac\u0131n sat\u0131n al\u0131nmas\u0131 i\u00e7in gerekli olan temel maliyetleri kapsar. Ayr\u0131ca ara\u00e7 bak\u0131m\u0131, sigortas\u0131 ve vergi gibi ek masraflar da dikkate al\u0131nmal\u0131d\u0131r.<\/p>\n<h2><strong>\u0130ngiltere&#8217;de kira fiyatlar\u0131 nas\u0131l?<\/strong><\/h2>\n<p>\u0130ngiltere&#8217;de kira fiyatlar\u0131, ya\u015fan\u0131lan b\u00f6lgeye ba\u011fl\u0131 olarak olduk\u00e7a de\u011fi\u015fkenlik g\u00f6sterir. \u00d6zellikle Londra gibi b\u00fcy\u00fck \u015fehirlerde konut kiralama maliyetleri olduk\u00e7a y\u00fcksektir. Bir odal\u0131 daireler i\u00e7in ortalama kira fiyat\u0131 yakla\u015f\u0131k olarak 1,500 pound civar\u0131nda seyrederken, daha geni\u015f bir ya\u015fam alan\u0131 arayanlar i\u00e7in \u00fc\u00e7 odal\u0131 dairelerin kira bedeli 2,600 poundu bulabilir. Di\u011fer \u0130ngiliz \u015fehirlerinde ise kira fiyatlar\u0131 d\u00fc\u015f\u00fck seviyelerde seyreder. \u00d6rne\u011fin; bir odal\u0131 dairelerin ortalama kira bedeli 800 pound civar\u0131nda iken, \u00fc\u00e7 odal\u0131 daireler i\u00e7in bi\u00e7ilen fiyat 1,200 pound civar\u0131ndad\u0131r. Bu durum, \u0130ngiltere genelindeki ya\u015fam maliyetinin b\u00f6lgeden b\u00f6lgeye farkl\u0131l\u0131k g\u00f6sterdi\u011fini kan\u0131tlar.<\/p>\n<h2><strong>\u0130ngiltere&#8217;de fatura giderleri nas\u0131l?<\/strong><\/h2>\n<p>\u0130ngiltere&#8217;de fatura giderleri, ya\u015fan\u0131lan konutun b\u00fcy\u00fckl\u00fc\u011f\u00fcne, kullan\u0131lan enerji miktar\u0131na ve hatta b\u00f6lgenin iklim ko\u015fullar\u0131na g\u00f6re de\u011fi\u015fiklik g\u00f6sterir. Elektrik, do\u011falgaz, su gibi temel fatura kalemleri, ayl\u0131k olarak \u00f6denir. Bu giderler bir hane halk\u0131n\u0131n b\u00fct\u00e7esini \u00f6nemli \u00f6l\u00e7\u00fcde etkiler. \u00d6rne\u011fin, tipik olarak 85 metrekarelik bir konut i\u00e7in ayl\u0131k fatura giderleri yakla\u015f\u0131k 270 pound civar\u0131ndad\u0131r. Ancak bu rakam ki\u015fisel t\u00fcketim al\u0131\u015fkanl\u0131klar\u0131na, enerji verimlili\u011fi \u00f6nlemlerine ve kullan\u0131lan enerji kaynaklar\u0131na ba\u011fl\u0131 olarak de\u011fi\u015fiklik g\u00f6sterir.<\/p>\n<p>Senin ya\u015fam tarz\u0131n ve tercihlerin, fatura giderlerini etkileyen \u00f6nemli unsurlardan bir tanesidir. Daha fazla enerji t\u00fcketen elektrikli ev aletleri kullanmak veya suyu daha fazla kullanmak, fatura giderlerini art\u0131r\u0131r. Fakat enerji verimli cihazlar kullanmak, \u0131s\u0131 yal\u0131t\u0131m\u0131na yat\u0131r\u0131m yapmak veya su tasarrufu sa\u011flayan armat\u00fcrler kullanmak gibi ad\u0131mlar, faturalar\u0131 azalt\u0131r.<\/p>\n<p>\u0130klim ko\u015fullar\u0131 da son derece \u00f6nemlidir. \u00d6rne\u011fin, so\u011fuk bir iklimde ya\u015fayanlar daha fazla \u0131s\u0131tma maliyetleriyle kar\u015f\u0131la\u015f\u0131r. Di\u011fer yandan s\u0131cak bir iklimde ya\u015fayanlar daha fazla so\u011futma maliyetleriyle kar\u015f\u0131 kar\u015f\u0131ya kal\u0131r. O nedenle fatura giderlerini kontrol alt\u0131nda tutmak ve b\u00fct\u00e7eni dengelemek i\u00e7in enerji verimlili\u011fi \u00f6nlemlerini g\u00f6z \u00f6n\u00fcnde bulundurman olduk\u00e7a \u00f6nemlidir.<\/p>\n<!-- templates\/buttons-placeholder.php -->\n<div class=\"da-reactions-outer TpostID21177\">\n\t    <div class=\"da-reactions-data da-reactions-container-async center\"\n         data-type=\"post\"\n         data-id=\"21177\"\n         id=\"da-reactions-slot-post-21177\">\n        <div class=\"da-reactions-static\">\n\t\t\t<img src=\"https:\/\/www.kariyer.net\/kariyer-rehberi\/wp-content\/plugins\/da-reactions\/assets\/dist\/loading.svg\" alt=\"Loading spinner\" width=\"48\" height=\"48\" style=\"width:48px\" \/>\n        <\/div>\n    <\/div>\n<\/div>\n","protected":false},"excerpt":{"rendered":"<p>\u0130ngiltere&#8217;de asgari \u00fccret ne kadar, al\u0131m g\u00fcc\u00fc nas\u0131l gibi bir\u00e7ok merak edilen sorunun cevab\u0131 bu yaz\u0131m\u0131zda! \u0130ngiltere&#8217;de \u00e7al\u0131\u015fmak ve sosyal ya\u015fama dair di\u011fer detaylar\u0131 \u00f6\u011frenmek i\u00e7in yaz\u0131m\u0131z\u0131 okuyabilirsin. Asgari \u00fccret, i\u015f\u00e7ilerin ya\u015fam standartlar\u0131n\u0131 korumak ve temel ihtiya\u00e7lar\u0131n\u0131 kar\u015f\u0131layabilmelerini sa\u011flamak amac\u0131yla belirlenen \u00f6nemli bir konudur. Bu \u00fccret, \u00e7al\u0131\u015fanlar\u0131n en d\u00fc\u015f\u00fck maa\u015flar\u0131n\u0131 belirlerken ekonomik ko\u015fullar, i\u015f g\u00fcc\u00fc [&hellip;]<\/p>\n<!-- templates\/buttons-placeholder.php -->\n<div class=\"da-reactions-outer TpostID21177\">\n\t    <div class=\"da-reactions-data da-reactions-container-async center\"\n         data-type=\"post\"\n         data-id=\"21177\"\n         id=\"da-reactions-slot-post-21177\">\n        <div class=\"da-reactions-static\">\n\t\t\t<img src=\"https:\/\/www.kariyer.net\/kariyer-rehberi\/wp-content\/plugins\/da-reactions\/assets\/dist\/loading.svg\" alt=\"Loading spinner\" width=\"48\" height=\"48\" style=\"width:48px\" \/>\n        <\/div>\n    <\/div>\n<\/div>\n","protected":false},"author":12,"featured_media":21178,"comment_status":"closed","ping_status":"open","sticky":false,"template":"","format":"standard","meta":{"footnotes":"","_elementor_edit_mode":"","_elementor_template_type":"","_elementor_data":"","_elementor_page_settings":null,"_elementor_conditions":[]},"categories":[2214],"tags":[],"class_list":{"0":"post-21177","1":"post","2":"type-post","3":"status-publish","4":"format-standard","5":"has-post-thumbnail","7":"category-yasam"},"yoast_head":"<!-- This site is optimized with the Yoast SEO Premium plugin v21.4 (Yoast SEO v27.0) - https:\/\/yoast.com\/product\/yoast-seo-premium-wordpress\/ -->\n<title>\u0130ngiltere&#039;de asgari \u00fccret ne kadar?<\/title>\n<meta name=\"description\" content=\"&quot;\u0130ngiltere&#039;de asgari \u00fccret ne kadar, al\u0131m g\u00fcc\u00fc nas\u0131l?&quot; gibi bir\u00e7ok merak edilen sorunun cevab\u0131 bu yaz\u0131m\u0131zda! Hemen oku!\" \/>\n<meta name=\"robots\" content=\"index, follow, max-snippet:-1, max-image-preview:large, max-video-preview:-1\" \/>\n<link rel=\"canonical\" href=\"https:\/\/www.kariyer.net\/kariyer-rehberi\/ingilterede-asgari-ucret-ne-kadar\/\" \/>\n<meta property=\"og:locale\" content=\"tr_TR\" \/>\n<meta property=\"og:type\" content=\"article\" \/>\n<meta property=\"og:title\" content=\"\u0130ngiltere&#039;de asgari \u00fccret ne kadar?\" \/>\n<meta property=\"og:description\" content=\"\u0130ngiltere&#039;de asgari \u00fccret ne kadar, al\u0131m g\u00fcc\u00fc nas\u0131l gibi bir\u00e7ok merak edilen sorunun cevab\u0131 bu yaz\u0131m\u0131zda! \u0130ngiltere&#039;de \u00e7al\u0131\u015fmak ve sosyal ya\u015fama dair\" \/>\n<meta property=\"og:url\" content=\"https:\/\/www.kariyer.net\/kariyer-rehberi\/ingilterede-asgari-ucret-ne-kadar\/\" \/>\n<meta property=\"og:site_name\" content=\"Kariyer Rehberi\" \/>\n<meta property=\"article:published_time\" content=\"2024-09-24T14:15:13+00:00\" \/>\n<meta property=\"article:modified_time\" content=\"2024-09-24T14:15:38+00:00\" \/>\n<meta property=\"og:image\" content=\"https:\/\/www.kariyer.net\/kariyer-rehberi\/wp-content\/uploads\/2024\/09\/ingiltere_asgari_ucret.jpg\" \/>\n\t<meta property=\"og:image:width\" content=\"900\" \/>\n\t<meta property=\"og:image:height\" content=\"624\" \/>\n\t<meta property=\"og:image:type\" content=\"image\/jpeg\" \/>\n<meta name=\"author\" content=\"Edit\u00f6r\" \/>\n<meta name=\"twitter:card\" content=\"summary_large_image\" \/>\n<meta name=\"twitter:label1\" content=\"Yazan:\" \/>\n\t<meta name=\"twitter:data1\" content=\"Edit\u00f6r\" \/>\n\t<meta name=\"twitter:label2\" content=\"Tahmini okuma s\u00fcresi\" \/>\n\t<meta name=\"twitter:data2\" content=\"7 dakika\" \/>\n<!-- \/ Yoast SEO Premium plugin. -->","yoast_head_json":{"title":"\u0130ngiltere'de asgari \u00fccret ne kadar?","description":"\"\u0130ngiltere'de asgari \u00fccret ne kadar, al\u0131m g\u00fcc\u00fc nas\u0131l?\" gibi bir\u00e7ok merak edilen sorunun cevab\u0131 bu yaz\u0131m\u0131zda! Hemen oku!","robots":{"index":"index","follow":"follow","max-snippet":"max-snippet:-1","max-image-preview":"max-image-preview:large","max-video-preview":"max-video-preview:-1"},"canonical":"https:\/\/www.kariyer.net\/kariyer-rehberi\/ingilterede-asgari-ucret-ne-kadar\/","og_locale":"tr_TR","og_type":"article","og_title":"\u0130ngiltere'de asgari \u00fccret ne kadar?","og_description":"\u0130ngiltere'de asgari \u00fccret ne kadar, al\u0131m g\u00fcc\u00fc nas\u0131l gibi bir\u00e7ok merak edilen sorunun cevab\u0131 bu yaz\u0131m\u0131zda! \u0130ngiltere'de \u00e7al\u0131\u015fmak ve sosyal ya\u015fama dair","og_url":"https:\/\/www.kariyer.net\/kariyer-rehberi\/ingilterede-asgari-ucret-ne-kadar\/","og_site_name":"Kariyer Rehberi","article_published_time":"2024-09-24T14:15:13+00:00","article_modified_time":"2024-09-24T14:15:38+00:00","og_image":[{"width":900,"height":624,"url":"https:\/\/www.kariyer.net\/kariyer-rehberi\/wp-content\/uploads\/2024\/09\/ingiltere_asgari_ucret.jpg","type":"image\/jpeg"}],"author":"Edit\u00f6r","twitter_card":"summary_large_image","twitter_misc":{"Yazan:":"Edit\u00f6r","Tahmini okuma s\u00fcresi":"7 dakika"},"schema":{"@context":"https:\/\/schema.org","@graph":[{"@type":"Article","@id":"https:\/\/www.kariyer.net\/kariyer-rehberi\/ingilterede-asgari-ucret-ne-kadar\/#article","isPartOf":{"@id":"https:\/\/www.kariyer.net\/kariyer-rehberi\/ingilterede-asgari-ucret-ne-kadar\/"},"author":{"name":"Edit\u00f6r","@id":"https:\/\/www.kariyer.net\/kariyer-rehberi\/#\/schema\/person\/94fd6e49c7ff1b1b2565a2cc4fd685dd"},"headline":"\u0130ngiltere&#8217;de asgari \u00fccret ne kadar?","datePublished":"2024-09-24T14:15:13+00:00","dateModified":"2024-09-24T14:15:38+00:00","mainEntityOfPage":{"@id":"https:\/\/www.kariyer.net\/kariyer-rehberi\/ingilterede-asgari-ucret-ne-kadar\/"},"wordCount":1522,"publisher":{"@id":"https:\/\/www.kariyer.net\/kariyer-rehberi\/#organization"},"image":{"@id":"https:\/\/www.kariyer.net\/kariyer-rehberi\/ingilterede-asgari-ucret-ne-kadar\/#primaryimage"},"thumbnailUrl":"https:\/\/www.kariyer.net\/kariyer-rehberi\/wp-content\/uploads\/2024\/09\/ingiltere_asgari_ucret.jpg","articleSection":["Ya\u015fam"],"inLanguage":"tr"},{"@type":"WebPage","@id":"https:\/\/www.kariyer.net\/kariyer-rehberi\/ingilterede-asgari-ucret-ne-kadar\/","url":"https:\/\/www.kariyer.net\/kariyer-rehberi\/ingilterede-asgari-ucret-ne-kadar\/","name":"\u0130ngiltere'de asgari \u00fccret ne kadar?","isPartOf":{"@id":"https:\/\/www.kariyer.net\/kariyer-rehberi\/#website"},"primaryImageOfPage":{"@id":"https:\/\/www.kariyer.net\/kariyer-rehberi\/ingilterede-asgari-ucret-ne-kadar\/#primaryimage"},"image":{"@id":"https:\/\/www.kariyer.net\/kariyer-rehberi\/ingilterede-asgari-ucret-ne-kadar\/#primaryimage"},"thumbnailUrl":"https:\/\/www.kariyer.net\/kariyer-rehberi\/wp-content\/uploads\/2024\/09\/ingiltere_asgari_ucret.jpg","datePublished":"2024-09-24T14:15:13+00:00","dateModified":"2024-09-24T14:15:38+00:00","description":"\"\u0130ngiltere'de asgari \u00fccret ne kadar, al\u0131m g\u00fcc\u00fc nas\u0131l?\" gibi bir\u00e7ok merak edilen sorunun cevab\u0131 bu yaz\u0131m\u0131zda! Hemen oku!","breadcrumb":{"@id":"https:\/\/www.kariyer.net\/kariyer-rehberi\/ingilterede-asgari-ucret-ne-kadar\/#breadcrumb"},"inLanguage":"tr","potentialAction":[{"@type":"ReadAction","target":["https:\/\/www.kariyer.net\/kariyer-rehberi\/ingilterede-asgari-ucret-ne-kadar\/"]}]},{"@type":"ImageObject","inLanguage":"tr","@id":"https:\/\/www.kariyer.net\/kariyer-rehberi\/ingilterede-asgari-ucret-ne-kadar\/#primaryimage","url":"https:\/\/www.kariyer.net\/kariyer-rehberi\/wp-content\/uploads\/2024\/09\/ingiltere_asgari_ucret.jpg","contentUrl":"https:\/\/www.kariyer.net\/kariyer-rehberi\/wp-content\/uploads\/2024\/09\/ingiltere_asgari_ucret.jpg","width":900,"height":624},{"@type":"BreadcrumbList","@id":"https:\/\/www.kariyer.net\/kariyer-rehberi\/ingilterede-asgari-ucret-ne-kadar\/#breadcrumb","itemListElement":[{"@type":"ListItem","position":1,"name":"Anasayfa","item":"https:\/\/www.kariyer.net\/kariyer-rehberi\/"},{"@type":"ListItem","position":2,"name":"\u0130ngiltere&#8217;de asgari \u00fccret ne kadar?"}]},{"@type":"WebSite","@id":"https:\/\/www.kariyer.net\/kariyer-rehberi\/#website","url":"https:\/\/www.kariyer.net\/kariyer-rehberi\/","name":"Kariyer Rehberi","description":"\u0130\u015f D\u00fcnyas\u0131yla \u0130lgili Bilmek \u0130stedi\u011finiz Her \u015eey","publisher":{"@id":"https:\/\/www.kariyer.net\/kariyer-rehberi\/#organization"},"potentialAction":[{"@type":"SearchAction","target":{"@type":"EntryPoint","urlTemplate":"https:\/\/www.kariyer.net\/kariyer-rehberi\/?s={search_term_string}"},"query-input":{"@type":"PropertyValueSpecification","valueRequired":true,"valueName":"search_term_string"}}],"inLanguage":"tr"},{"@type":"Organization","@id":"https:\/\/www.kariyer.net\/kariyer-rehberi\/#organization","name":"Kariyer.net","url":"https:\/\/www.kariyer.net\/kariyer-rehberi\/","logo":{"@type":"ImageObject","inLanguage":"tr","@id":"https:\/\/www.kariyer.net\/kariyer-rehberi\/#\/schema\/logo\/image\/","url":"https:\/\/www.kariyer.net\/kariyer-rehberi-new\/wp-content\/uploads\/2023\/01\/og-image11.jpg","contentUrl":"https:\/\/www.kariyer.net\/kariyer-rehberi-new\/wp-content\/uploads\/2023\/01\/og-image11.jpg","width":800,"height":800,"caption":"Kariyer.net"},"image":{"@id":"https:\/\/www.kariyer.net\/kariyer-rehberi\/#\/schema\/logo\/image\/"}},{"@type":"Person","@id":"https:\/\/www.kariyer.net\/kariyer-rehberi\/#\/schema\/person\/94fd6e49c7ff1b1b2565a2cc4fd685dd","name":"Edit\u00f6r","image":{"@type":"ImageObject","inLanguage":"tr","@id":"https:\/\/www.kariyer.net\/kariyer-rehberi\/#\/schema\/person\/image\/","url":"https:\/\/secure.gravatar.com\/avatar\/0c4fe6688343aed3693b15573beae12c08ace5565409d5ab7509bf9c115f458d?s=96&d=mm&r=g","contentUrl":"https:\/\/secure.gravatar.com\/avatar\/0c4fe6688343aed3693b15573beae12c08ace5565409d5ab7509bf9c115f458d?s=96&d=mm&r=g","caption":"Edit\u00f6r"},"url":"https:\/\/www.kariyer.net\/kariyer-rehberi\/author\/editor\/"}]}},"_links":{"self":[{"href":"https:\/\/www.kariyer.net\/kariyer-rehberi\/wp-json\/wp\/v2\/posts\/21177","targetHints":{"allow":["GET"]}}],"collection":[{"href":"https:\/\/www.kariyer.net\/kariyer-rehberi\/wp-json\/wp\/v2\/posts"}],"about":[{"href":"https:\/\/www.kariyer.net\/kariyer-rehberi\/wp-json\/wp\/v2\/types\/post"}],"author":[{"embeddable":true,"href":"https:\/\/www.kariyer.net\/kariyer-rehberi\/wp-json\/wp\/v2\/users\/12"}],"replies":[{"embeddable":true,"href":"https:\/\/www.kariyer.net\/kariyer-rehberi\/wp-json\/wp\/v2\/comments?post=21177"}],"version-history":[{"count":2,"href":"https:\/\/www.kariyer.net\/kariyer-rehberi\/wp-json\/wp\/v2\/posts\/21177\/revisions"}],"predecessor-version":[{"id":21180,"href":"https:\/\/www.kariyer.net\/kariyer-rehberi\/wp-json\/wp\/v2\/posts\/21177\/revisions\/21180"}],"wp:featuredmedia":[{"embeddable":true,"href":"https:\/\/www.kariyer.net\/kariyer-rehberi\/wp-json\/wp\/v2\/media\/21178"}],"wp:attachment":[{"href":"https:\/\/www.kariyer.net\/kariyer-rehberi\/wp-json\/wp\/v2\/media?parent=21177"}],"wp:term":[{"taxonomy":"category","embeddable":true,"href":"https:\/\/www.kariyer.net\/kariyer-rehberi\/wp-json\/wp\/v2\/categories?post=21177"},{"taxonomy":"post_tag","embeddable":true,"href":"https:\/\/www.kariyer.net\/kariyer-rehberi\/wp-json\/wp\/v2\/tags?post=21177"}],"curies":[{"name":"wp","href":"https:\/\/api.w.org\/{rel}","templated":true}]}}