{"id":21185,"date":"2024-09-24T17:53:42","date_gmt":"2024-09-24T14:53:42","guid":{"rendered":"https:\/\/www.kariyer.net\/kariyer-rehberi\/?p=21185"},"modified":"2024-09-24T17:54:41","modified_gmt":"2024-09-24T14:54:41","slug":"kanadada-asgari-ucret-ne-kadar","status":"publish","type":"post","link":"https:\/\/www.kariyer.net\/kariyer-rehberi\/kanadada-asgari-ucret-ne-kadar\/","title":{"rendered":"Kanada&#8217;da asgari \u00fccret ne kadar?"},"content":{"rendered":"<p><strong>\u201cKanada\u2019da asgari \u00fccret ne kadar, al\u0131m g\u00fcc\u00fc nas\u0131l?\u201d gibi merak edilen bir\u00e7ok sorunun cevab\u0131 bu yaz\u0131m\u0131zda! Kanada\u2019da \u00e7al\u0131\u015fmak ve sosyal ya\u015fama dair di\u011fer detaylar\u0131 \u00f6\u011frenmek i\u00e7in yaz\u0131m\u0131z\u0131 okuyabilirsin.<\/strong><\/p>\n<p>Kanada, d\u00fcnya \u00e7ap\u0131nda ekonomik refah\u0131yla tan\u0131nan bir \u00fclke olarak i\u015f\u00e7i refah\u0131na b\u00fcy\u00fck \u00f6nem verir. Bu ba\u011flamda, Kanada&#8217;da asgari \u00fccret belirlenmesi, \u00e7al\u0131\u015fanlar\u0131n ya\u015fam standartlar\u0131n\u0131 iyile\u015ftirmeyi ve ekonomik adaleti sa\u011flamay\u0131 ama\u00e7lar. Asgari \u00fccret, i\u015f\u00e7ilerin temel ihtiya\u00e7lar\u0131n\u0131 kar\u015f\u0131lamalar\u0131na ve ya\u015famlar\u0131n\u0131 s\u00fcrd\u00fcrebilmelerine olanak tan\u0131r. Di\u011fer yandan i\u015fverenler i\u00e7in de adil bir i\u015f g\u00fcc\u00fc maliyeti sa\u011flar. Kanada&#8217;n\u0131n \u00e7e\u015fitli eyaletlerinde ve b\u00f6lgelerinde asgari \u00fccret farkl\u0131l\u0131k g\u00f6sterir. Ancak federal h\u00fck\u00fcmet ve yerel y\u00f6netimler, bu konuda d\u00fczenlemeler yapar ve g\u00fcncel tutarlar\u0131 belirler. <strong>Kanada&#8217;da asgari \u00fccret ne kadar <\/strong>merak ediyorsan a\u015fa\u011f\u0131da cevap bulabilirsin.<\/p>\n<h2>Kanada&#8217;da asgari \u00fccret ne kadar?<\/h2>\n<p>Kanada&#8217;da i\u015f\u00e7i maa\u015flar\u0131 her eyalette farkl\u0131l\u0131k g\u00f6sterir. Yani bu, ayn\u0131 i\u015fi yapan farkl\u0131 ki\u015filerin ald\u0131\u011f\u0131 \u00fccretlerin de\u011fi\u015fkenlik g\u00f6sterdi\u011fi anlam\u0131na gelir. \u00dclkede toplamda 10 farkl\u0131 eyalet oldu\u011fundan, maa\u015flar aras\u0131ndaki bu farkl\u0131l\u0131k olduk\u00e7a belirgindir. \u0130lgin\u00e7 bir detay da maa\u015flar\u0131n ayl\u0131k de\u011fil, saatlik olarak belirlenmesidir. \u00d6rne\u011fin, Saskatchewan eyaletinde saatlik asgari \u00fccret 13 Kanada dolar\u0131d\u0131r. Bu miktar Ontario&#8217;da 1 Ekim 2024&#8217;ten itibaren saat ba\u015f\u0131na 17,20 Kanada dolar\u0131na y\u00fckselecektir. Ottawa gibi geli\u015fmi\u015f \u015fehirlerde ise saatlik \u00fccret 16 Kanada dolar\u0131n\u0131 bulabilir.<\/p>\n<p>Ontario h\u00fck\u00fcmeti, 2024 y\u0131l\u0131nda asgari \u00fccreti saat ba\u015f\u0131na 16,55 dolardan 17,20 dolara \u00e7\u0131kararak y\u0131ll\u0131k y\u00fczde 3,9&#8217;luk bir art\u0131\u015f ger\u00e7ekle\u015ftirmi\u015ftir. Bu art\u0131\u015f, Ontario&#8217;nun asgari \u00fccretini ikinci en y\u00fcksek seviyeye getirecek ve Ontario T\u00fcketici Fiyat Endeksi&#8217;ne (T\u00dcFE) dayan\u0131r. Kanada&#8217;da haftal\u0131k \u00e7al\u0131\u015fma s\u00fcreleri 37 ile 40 saat aras\u0131nda de\u011fi\u015fir. Ancak baz\u0131 eyaletlerde bu s\u00fcre 44-48 saatlere kadar \u00e7\u0131kabilir.<\/p>\n<p>Ortalama asgari \u00fccret 2.400 ile 2.800 Kanada dolar\u0131 aras\u0131nda de\u011fi\u015fir. Geli\u015fmi\u015f \u015fehirlerde ya\u015fam maliyetleri olduk\u00e7a y\u00fcksektir. Di\u011fer \u015fehirlerde asgari \u00fccretle ge\u00e7inmek m\u00fcmk\u00fcnd\u00fcr. Ancak ev kira fiyatlar\u0131n\u0131n y\u00fcksekli\u011fi, asgari \u00fccretle ge\u00e7inmeyi zorla\u015ft\u0131r\u0131r. \u00c7ocuklu aileler i\u00e7in ise daha y\u00fcksek maa\u015flar \u00f6nemlidir. \u00c7\u00fcnk\u00fc bu durum ge\u00e7imlerini sa\u011flamak a\u00e7\u0131s\u0131ndan kritiktir. Kanada&#8217;da ya\u015famaya ve bu \u00fclkede \u00e7al\u0131\u015fmaya karar verdiysen, \u00fccret politikas\u0131ndaki bu farkl\u0131l\u0131klar\u0131 dikkate almal\u0131s\u0131n.<\/p>\n<h2>Kanada&#8217;da asgari \u00fccretle \u00e7al\u0131\u015fanlar\u0131n oran\u0131 ne kadar?<\/h2>\n<p>Kanada&#8217;da asgari \u00fccretle \u00e7al\u0131\u015fan oran\u0131 olduk\u00e7a d\u00fc\u015f\u00fckt\u00fcr. \u00c7\u00fcnk\u00fc Kanada&#8217;da i\u015f g\u00fcc\u00fc talebi y\u00fcksektir. \u00dclke, \u00e7al\u0131\u015fanlar\u0131n temel ihtiya\u00e7lar\u0131n\u0131 kar\u015f\u0131layacak d\u00fczeyde \u00fccretlendirilmesini te\u015fvik eder. Fakat Kanada&#8217;n\u0131n kendi vatanda\u015flar\u0131 ve di\u011fer \u00fclkelerden gelen \u00e7al\u0131\u015fanlar\u0131n \u00e7o\u011funlu\u011fu, kendi mesleklerini yaparak asgari \u00fccretin \u00e7ok \u00fczerinde \u00fccretler al\u0131r. Bu durum ise Kanada&#8217;da asgari \u00fccretle ge\u00e7imini sa\u011flayan kesimin nispeten az olmas\u0131na yol a\u00e7ar.<\/p>\n<p>Kanada&#8217;da ya\u015fayanlar\u0131n sadece %7&#8217;si asgari \u00fccretle ge\u00e7imini sa\u011flar. Di\u011fer \u00fclkelerden gelen i\u015f\u00e7ilerin yakla\u015f\u0131k %30&#8217;u asgari \u00fccretle \u00e7al\u0131\u015f\u0131r. Ancak \u00f6nemli bir nokta da \u015fudur ki bu \u00fccretler i\u015f\u00e7ilerin tecr\u00fcbe kazanmalar\u0131na, kendilerini geli\u015ftirmelerine ba\u011fl\u0131 olarak zamanla artabilir. Bu durum da Kanada&#8217;n\u0131n i\u015f g\u00fcc\u00fc piyasas\u0131ndaki dinamizmi ve i\u015f\u00e7ilerin kariyer geli\u015fimine verdi\u011fi \u00f6nemi yans\u0131t\u0131r.<\/p>\n<h2>Kanada i\u015fsizlik maa\u015f\u0131 olarak ne kadar \u00f6deme yapar?<\/h2>\n<p>Kanada&#8217;n\u0131n i\u015f g\u00fcc\u00fc piyasas\u0131 canl\u0131 olmakla birlikte i\u015fsizlik oranlar\u0131 olduk\u00e7a d\u00fc\u015f\u00fckt\u00fcr. Fakat baz\u0131 durumlarda, i\u015fsizlik ka\u00e7\u0131n\u0131lmazd\u0131r. \u0130\u015fsiz kalan vatanda\u015flara mali yard\u0131m sa\u011flayan \u0130\u015fsizlik Sigortas\u0131, 10 ay boyunca s\u00fcrebilir. Bu s\u00fcre zarf\u0131nda, i\u015fsizlik maa\u015f\u0131 olarak \u00f6denen miktar, yakla\u015f\u0131k 2.000 Kanada dolar\u0131 civar\u0131ndad\u0131r. Bu destek, i\u015f arama s\u00fcrecinde olan bireylere finansal bir g\u00fcvence sunarak Kanada&#8217;n\u0131n sosyal refah sistemine katk\u0131da bulunur. Bu sayede i\u015fsizlik maa\u015f\u0131, vatanda\u015flar\u0131n ekonomik g\u00fcvencesini sa\u011flamak ve toplumsal refah\u0131 desteklemek ad\u0131na \u00f6nemli bir role sahiptir.<\/p>\n<h2>Mesleklerine g\u00f6re Kanada\u2019da \u00e7al\u0131\u015fan \u00fccretleri<\/h2>\n<p>Kanada&#8217;da \u00e7al\u0131\u015fman\u0131n getirdi\u011fi ekonomik avantajlar, farkl\u0131 meslek gruplar\u0131 aras\u0131nda belirgin farkl\u0131l\u0131klar g\u00f6sterir. Asgari \u00fccret ve i\u015fsizlik maa\u015flar\u0131 tek ba\u015f\u0131na ya\u015famak i\u00e7in yeterlidir. Di\u011fer meslek gruplar\u0131n\u0131n daha y\u00fcksek gelir elde etme imkan\u0131 vard\u0131r. Her mesle\u011fin kazand\u0131\u011f\u0131 \u00fccret, \u00e7e\u015fitli unsurlara ba\u011fl\u0131 olarak de\u011fi\u015fkenlik g\u00f6sterir.<\/p>\n<h2>Kanada&#8217;da en y\u00fcksek maa\u015fl\u0131 meslekler neler?<\/h2>\n<p>Kanada&#8217;da diplomal\u0131 bireyler i\u00e7in bir\u00e7ok y\u00fcksek maa\u015fl\u0131 i\u015f imkan\u0131 mevcuttur. Enerji tesisat\u00e7\u0131l\u0131\u011f\u0131ndan bilgisayar m\u00fchendisli\u011fi teknolojilerine kadar geni\u015f bir yelpazede kariyer se\u00e7enekleri bulunur. Bu alanlarda \u00e7al\u0131\u015fanlar, olduk\u00e7a rekabet\u00e7i \u00fccretlerle kar\u015f\u0131la\u015f\u0131rlar. \u00d6rne\u011fin; enerji tesisat\u00e7\u0131lar\u0131, ortalama olarak y\u0131lda 52.528 dolar ile 128.310 dolar aras\u0131nda bir gelir elde edebilir. Bu mesleklerdeki y\u00fcksek maa\u015flar, diploma sahibi bireyler i\u00e7in cazip kariyer f\u0131rsatlar\u0131 sunar. Ayn\u0131 zamanda Kanada&#8217;n\u0131n ekonomik refah\u0131na katk\u0131da bulunur. Bu i\u015fler hem teknik bilgi hem de pratik beceri gerektirir. Bu nedenle diplomal\u0131 i\u015f\u00e7ilere y\u00fcksek talep vard\u0131r. Kanada&#8217;n\u0131n i\u015f piyasas\u0131nda bu t\u00fcr meslekler, istikrarl\u0131 bir kariyer ve maddi g\u00fcvence sunar.<\/p>\n<p><a href=\"https:\/\/www.kariyer.net\/pozisyonlar\/eczaci\" target=\"_blank\" rel=\"noopener\">Eczac\u0131l\u0131k<\/a>, m\u00fchendislik, ve ekonomi gibi alanlarda, y\u00fcksek gelir potansiyeline sahip i\u015f f\u0131rsatlar\u0131 vard\u0131r. \u00d6rne\u011fin, eczac\u0131l\u0131k alan\u0131nda \u00e7al\u0131\u015fanlar, y\u0131ll\u0131k ortalama $109,645&#8217;a kadar kazan\u00e7 elde edebilir. Ekonomistler ve <a href=\"https:\/\/www.kariyer.net\/pozisyonlar\/finans+uzmani\" target=\"_blank\" rel=\"noopener\">finans uzmanlar\u0131<\/a> gibi ekonomi alan\u0131nda uzmanla\u015fm\u0131\u015f profesyoneller, ortalama olarak $55,713 ile $106,578 aras\u0131nda de\u011fi\u015fen bir gelir elde edebilir. Y\u00fcksek lisans derecesine sahip bireyler i\u00e7in ise finans, eczac\u0131l\u0131k ve muhasebe gibi alanlarda y\u00fcksek maa\u015fl\u0131 i\u015f f\u0131rsatlar\u0131 mevcuttur. \u00d6zellikle finans sekt\u00f6r\u00fcnde \u00e7al\u0131\u015fanlar, y\u0131ll\u0131k ortalama $78,910&#8217;a kadar kazan\u00e7 sa\u011flayabilir. Benzer \u015fekilde, eczac\u0131l\u0131k ve muhasebe gibi alanlarda da y\u00fcksek lisans derecesine sahip profesyoneller, $106,578&#8217;a kadar olan kazan\u00e7 aral\u0131\u011f\u0131ndan faydalanabilir.<\/p>\n<h2>Kanada&#8217;da ya\u015fam pahal\u0131 m\u0131?<\/h2>\n<p>Kanada&#8217;da ya\u015fam\u0131n pahal\u0131 olup olmad\u0131\u011f\u0131n\u0131 de\u011ferlendirirken bir\u00e7ok unsuru g\u00f6z \u00f6n\u00fcnde bulundurmak son derece \u00f6nemlidir. Ya\u015fam maliyeti b\u00fcy\u00fck \u00f6l\u00e7\u00fcde ya\u015fayaca\u011f\u0131n \u015fehre ve ya\u015fam tarz\u0131na ba\u011fl\u0131d\u0131r. \u00d6rne\u011fin, b\u00fcy\u00fck \u015fehirlerdeki kiralar y\u00fcksektir. Genel ya\u015fam giderleri de buna paralel olarak artabilir. Ancak daha k\u00fc\u00e7\u00fck \u015fehirler veya k\u0131rsal b\u00f6lgelerde ya\u015famak uygun maliyetlidir. Ayn\u0131 \u015fekilde ki\u015fisel harcama al\u0131\u015fkanl\u0131klar\u0131n da ya\u015fam maliyetini etkiler. L\u00fcks t\u00fcketim al\u0131\u015fkanl\u0131klar\u0131n varsa ya da s\u0131k s\u0131k d\u0131\u015far\u0131da yemek yeme e\u011filimindeysen, ya\u015fam maliyetin daha y\u00fcksek olur.<\/p>\n<p>Bir di\u011fer \u00f6nemli etmen ise gelir d\u00fczeyindir. Kanada&#8217;da, y\u00fcksek bir ya\u015fam standard\u0131na sahip olmak i\u00e7in iyi bir gelire ihtiyac\u0131n vard\u0131r. Ancak Kanada&#8217;da \u00e7al\u0131\u015fma ve ya\u015fama f\u0131rsatlar\u0131 geni\u015ftir. \u0130yi bir kariyer yapabilirsen, ya\u015fam maliyetini kar\u015f\u0131lamak daha m\u00fcmk\u00fcn hale gelir. Ayn\u0131 \u015fekilde Kanada&#8217;da ya\u015fayan bir\u00e7ok insan, sa\u011fl\u0131k hizmetleri, e\u011fitim ve sosyal hizmetler gibi kamu hizmetlerden yararlan\u0131r. Bu durum ise ya\u015fam maliyetini dengelemeye destek olur.<\/p>\n<h2>Kanada&#8217;da i\u015f bulma olanaklar\u0131 nas\u0131l?<\/h2>\n<p>Kanada&#8217;da i\u015f bulma ve kariyer olanaklar\u0131 olduk\u00e7a \u00e7e\u015fitli olup, \u00e7e\u015fitli sekt\u00f6rlerde f\u0131rsatlar sunar. \u00d6zellikle b\u00fcy\u00fck \u015fehirlerde, Toronto, Vancouver, Montreal gibi i\u015f arayanlar i\u00e7in geni\u015f bir i\u015f piyasas\u0131 bulunur. Bu \u015fehirlerde, bir\u00e7ok farkl\u0131 sekt\u00f6rde i\u015f imkanlar\u0131 mevcuttur. \u00d6rne\u011fin bilgi teknolojileri, finans, sa\u011fl\u0131k, e\u011fitim ve turizm gibi alanlarda i\u015f imkanlar\u0131 vard\u0131r. Ayn\u0131 \u015fekilde Kanada&#8217;da y\u00fcksek \u00f6\u011frenim kurumlar\u0131n\u0131n kalitesi olduk\u00e7a y\u00fcksektir. Bu durum ise nitelikli i\u015f g\u00fcc\u00fcn\u00fcn bulunmas\u0131n\u0131 sa\u011flar.<\/p>\n<p>Kanada&#8217;da i\u015f bulma s\u00fcrecinde dil becerileri \u00f6nemli bir rol oynar. \u0130ngilizce ve Frans\u0131zca dil bilgisi, bir\u00e7ok i\u015f i\u00e7in gereklidir. Bu becerilere sahip adaylar \u00f6ncelikli tercih edilir. \u0130\u015f arayanlar i\u00e7in \u00f6nemli bir di\u011fer husus ise Kanada&#8217;da \u00e7al\u0131\u015fma izni alabilmek i\u00e7in gerekli prosed\u00fcrleri ve belgeleri \u00f6nceden ara\u015ft\u0131rarak haz\u0131rl\u0131kl\u0131 olmakt\u0131r.<\/p>\n<!-- templates\/buttons-placeholder.php -->\n<div class=\"da-reactions-outer TpostID21185\">\n\t    <div class=\"da-reactions-data da-reactions-container-async center\"\n         data-type=\"post\"\n         data-id=\"21185\"\n         id=\"da-reactions-slot-post-21185\">\n        <div class=\"da-reactions-static\">\n\t\t\t<img src=\"https:\/\/www.kariyer.net\/kariyer-rehberi\/wp-content\/plugins\/da-reactions\/assets\/dist\/loading.svg\" alt=\"Loading spinner\" width=\"48\" height=\"48\" style=\"width:48px\" \/>\n        <\/div>\n    <\/div>\n<\/div>\n","protected":false},"excerpt":{"rendered":"<p>\u201cKanada\u2019da asgari \u00fccret ne kadar, al\u0131m g\u00fcc\u00fc nas\u0131l?\u201d gibi merak edilen bir\u00e7ok sorunun cevab\u0131 bu yaz\u0131m\u0131zda! Kanada\u2019da \u00e7al\u0131\u015fmak ve sosyal ya\u015fama dair di\u011fer detaylar\u0131 \u00f6\u011frenmek i\u00e7in yaz\u0131m\u0131z\u0131 okuyabilirsin. Kanada, d\u00fcnya \u00e7ap\u0131nda ekonomik refah\u0131yla tan\u0131nan bir \u00fclke olarak i\u015f\u00e7i refah\u0131na b\u00fcy\u00fck \u00f6nem verir. Bu ba\u011flamda, Kanada&#8217;da asgari \u00fccret belirlenmesi, \u00e7al\u0131\u015fanlar\u0131n ya\u015fam standartlar\u0131n\u0131 iyile\u015ftirmeyi ve ekonomik adaleti [&hellip;]<\/p>\n<!-- templates\/buttons-placeholder.php -->\n<div class=\"da-reactions-outer TpostID21185\">\n\t    <div class=\"da-reactions-data da-reactions-container-async center\"\n         data-type=\"post\"\n         data-id=\"21185\"\n         id=\"da-reactions-slot-post-21185\">\n        <div class=\"da-reactions-static\">\n\t\t\t<img src=\"https:\/\/www.kariyer.net\/kariyer-rehberi\/wp-content\/plugins\/da-reactions\/assets\/dist\/loading.svg\" alt=\"Loading spinner\" width=\"48\" height=\"48\" style=\"width:48px\" \/>\n        <\/div>\n    <\/div>\n<\/div>\n","protected":false},"author":12,"featured_media":21186,"comment_status":"closed","ping_status":"open","sticky":false,"template":"","format":"standard","meta":{"footnotes":"","_elementor_edit_mode":"","_elementor_template_type":"","_elementor_data":"","_elementor_page_settings":null,"_elementor_conditions":[]},"categories":[2214],"tags":[],"class_list":{"0":"post-21185","1":"post","2":"type-post","3":"status-publish","4":"format-standard","5":"has-post-thumbnail","7":"category-yasam"},"yoast_head":"<!-- This site is optimized with the Yoast SEO Premium plugin v21.4 (Yoast SEO v27.0) - https:\/\/yoast.com\/product\/yoast-seo-premium-wordpress\/ -->\n<title>Kanada\u2019da asgari \u00fccret ne kadar?<\/title>\n<meta name=\"description\" content=\"\u201cKanada\u2019da asgari \u00fccret ne kadar, al\u0131m g\u00fcc\u00fc nas\u0131l?\u201d gibi merak edilen bir\u00e7ok sorunun cevab\u0131 bu yaz\u0131m\u0131zda! Hemen oku!\" \/>\n<meta name=\"robots\" content=\"index, follow, max-snippet:-1, max-image-preview:large, max-video-preview:-1\" \/>\n<link rel=\"canonical\" href=\"https:\/\/www.kariyer.net\/kariyer-rehberi\/kanadada-asgari-ucret-ne-kadar\/\" \/>\n<meta property=\"og:locale\" content=\"tr_TR\" \/>\n<meta property=\"og:type\" content=\"article\" \/>\n<meta property=\"og:title\" content=\"Kanada&#039;da asgari \u00fccret ne kadar?\" \/>\n<meta property=\"og:description\" content=\"\u201cKanada\u2019da asgari \u00fccret ne kadar, al\u0131m g\u00fcc\u00fc nas\u0131l?\u201d gibi merak edilen bir\u00e7ok sorunun cevab\u0131 bu yaz\u0131m\u0131zda! Kanada\u2019da \u00e7al\u0131\u015fmak ve sosyal ya\u015fama dair di\u011fer\" \/>\n<meta property=\"og:url\" content=\"https:\/\/www.kariyer.net\/kariyer-rehberi\/kanadada-asgari-ucret-ne-kadar\/\" \/>\n<meta property=\"og:site_name\" content=\"Kariyer Rehberi\" \/>\n<meta property=\"article:published_time\" content=\"2024-09-24T14:53:42+00:00\" \/>\n<meta property=\"article:modified_time\" content=\"2024-09-24T14:54:41+00:00\" \/>\n<meta property=\"og:image\" content=\"https:\/\/www.kariyer.net\/kariyer-rehberi\/wp-content\/uploads\/2024\/09\/kanada_asgari_ucret.jpg\" \/>\n\t<meta property=\"og:image:width\" content=\"900\" \/>\n\t<meta property=\"og:image:height\" content=\"585\" \/>\n\t<meta property=\"og:image:type\" content=\"image\/jpeg\" \/>\n<meta name=\"author\" content=\"Edit\u00f6r\" \/>\n<meta name=\"twitter:card\" content=\"summary_large_image\" \/>\n<meta name=\"twitter:label1\" content=\"Yazan:\" \/>\n\t<meta name=\"twitter:data1\" content=\"Edit\u00f6r\" \/>\n\t<meta name=\"twitter:label2\" content=\"Tahmini okuma s\u00fcresi\" \/>\n\t<meta name=\"twitter:data2\" content=\"7 dakika\" \/>\n<!-- \/ Yoast SEO Premium plugin. -->","yoast_head_json":{"title":"Kanada\u2019da asgari \u00fccret ne kadar?","description":"\u201cKanada\u2019da asgari \u00fccret ne kadar, al\u0131m g\u00fcc\u00fc nas\u0131l?\u201d gibi merak edilen bir\u00e7ok sorunun cevab\u0131 bu yaz\u0131m\u0131zda! Hemen oku!","robots":{"index":"index","follow":"follow","max-snippet":"max-snippet:-1","max-image-preview":"max-image-preview:large","max-video-preview":"max-video-preview:-1"},"canonical":"https:\/\/www.kariyer.net\/kariyer-rehberi\/kanadada-asgari-ucret-ne-kadar\/","og_locale":"tr_TR","og_type":"article","og_title":"Kanada'da asgari \u00fccret ne kadar?","og_description":"\u201cKanada\u2019da asgari \u00fccret ne kadar, al\u0131m g\u00fcc\u00fc nas\u0131l?\u201d gibi merak edilen bir\u00e7ok sorunun cevab\u0131 bu yaz\u0131m\u0131zda! Kanada\u2019da \u00e7al\u0131\u015fmak ve sosyal ya\u015fama dair di\u011fer","og_url":"https:\/\/www.kariyer.net\/kariyer-rehberi\/kanadada-asgari-ucret-ne-kadar\/","og_site_name":"Kariyer Rehberi","article_published_time":"2024-09-24T14:53:42+00:00","article_modified_time":"2024-09-24T14:54:41+00:00","og_image":[{"width":900,"height":585,"url":"https:\/\/www.kariyer.net\/kariyer-rehberi\/wp-content\/uploads\/2024\/09\/kanada_asgari_ucret.jpg","type":"image\/jpeg"}],"author":"Edit\u00f6r","twitter_card":"summary_large_image","twitter_misc":{"Yazan:":"Edit\u00f6r","Tahmini okuma s\u00fcresi":"7 dakika"},"schema":{"@context":"https:\/\/schema.org","@graph":[{"@type":"Article","@id":"https:\/\/www.kariyer.net\/kariyer-rehberi\/kanadada-asgari-ucret-ne-kadar\/#article","isPartOf":{"@id":"https:\/\/www.kariyer.net\/kariyer-rehberi\/kanadada-asgari-ucret-ne-kadar\/"},"author":{"name":"Edit\u00f6r","@id":"https:\/\/www.kariyer.net\/kariyer-rehberi\/#\/schema\/person\/94fd6e49c7ff1b1b2565a2cc4fd685dd"},"headline":"Kanada&#8217;da asgari \u00fccret ne kadar?","datePublished":"2024-09-24T14:53:42+00:00","dateModified":"2024-09-24T14:54:41+00:00","mainEntityOfPage":{"@id":"https:\/\/www.kariyer.net\/kariyer-rehberi\/kanadada-asgari-ucret-ne-kadar\/"},"wordCount":1445,"publisher":{"@id":"https:\/\/www.kariyer.net\/kariyer-rehberi\/#organization"},"image":{"@id":"https:\/\/www.kariyer.net\/kariyer-rehberi\/kanadada-asgari-ucret-ne-kadar\/#primaryimage"},"thumbnailUrl":"https:\/\/www.kariyer.net\/kariyer-rehberi\/wp-content\/uploads\/2024\/09\/kanada_asgari_ucret.jpg","articleSection":["Ya\u015fam"],"inLanguage":"tr"},{"@type":"WebPage","@id":"https:\/\/www.kariyer.net\/kariyer-rehberi\/kanadada-asgari-ucret-ne-kadar\/","url":"https:\/\/www.kariyer.net\/kariyer-rehberi\/kanadada-asgari-ucret-ne-kadar\/","name":"Kanada\u2019da asgari \u00fccret ne kadar?","isPartOf":{"@id":"https:\/\/www.kariyer.net\/kariyer-rehberi\/#website"},"primaryImageOfPage":{"@id":"https:\/\/www.kariyer.net\/kariyer-rehberi\/kanadada-asgari-ucret-ne-kadar\/#primaryimage"},"image":{"@id":"https:\/\/www.kariyer.net\/kariyer-rehberi\/kanadada-asgari-ucret-ne-kadar\/#primaryimage"},"thumbnailUrl":"https:\/\/www.kariyer.net\/kariyer-rehberi\/wp-content\/uploads\/2024\/09\/kanada_asgari_ucret.jpg","datePublished":"2024-09-24T14:53:42+00:00","dateModified":"2024-09-24T14:54:41+00:00","description":"\u201cKanada\u2019da asgari \u00fccret ne kadar, al\u0131m g\u00fcc\u00fc nas\u0131l?\u201d gibi merak edilen bir\u00e7ok sorunun cevab\u0131 bu yaz\u0131m\u0131zda! Hemen oku!","breadcrumb":{"@id":"https:\/\/www.kariyer.net\/kariyer-rehberi\/kanadada-asgari-ucret-ne-kadar\/#breadcrumb"},"inLanguage":"tr","potentialAction":[{"@type":"ReadAction","target":["https:\/\/www.kariyer.net\/kariyer-rehberi\/kanadada-asgari-ucret-ne-kadar\/"]}]},{"@type":"ImageObject","inLanguage":"tr","@id":"https:\/\/www.kariyer.net\/kariyer-rehberi\/kanadada-asgari-ucret-ne-kadar\/#primaryimage","url":"https:\/\/www.kariyer.net\/kariyer-rehberi\/wp-content\/uploads\/2024\/09\/kanada_asgari_ucret.jpg","contentUrl":"https:\/\/www.kariyer.net\/kariyer-rehberi\/wp-content\/uploads\/2024\/09\/kanada_asgari_ucret.jpg","width":900,"height":585},{"@type":"BreadcrumbList","@id":"https:\/\/www.kariyer.net\/kariyer-rehberi\/kanadada-asgari-ucret-ne-kadar\/#breadcrumb","itemListElement":[{"@type":"ListItem","position":1,"name":"Anasayfa","item":"https:\/\/www.kariyer.net\/kariyer-rehberi\/"},{"@type":"ListItem","position":2,"name":"Kanada&#8217;da asgari \u00fccret ne kadar?"}]},{"@type":"WebSite","@id":"https:\/\/www.kariyer.net\/kariyer-rehberi\/#website","url":"https:\/\/www.kariyer.net\/kariyer-rehberi\/","name":"Kariyer Rehberi","description":"\u0130\u015f D\u00fcnyas\u0131yla \u0130lgili Bilmek \u0130stedi\u011finiz Her \u015eey","publisher":{"@id":"https:\/\/www.kariyer.net\/kariyer-rehberi\/#organization"},"potentialAction":[{"@type":"SearchAction","target":{"@type":"EntryPoint","urlTemplate":"https:\/\/www.kariyer.net\/kariyer-rehberi\/?s={search_term_string}"},"query-input":{"@type":"PropertyValueSpecification","valueRequired":true,"valueName":"search_term_string"}}],"inLanguage":"tr"},{"@type":"Organization","@id":"https:\/\/www.kariyer.net\/kariyer-rehberi\/#organization","name":"Kariyer.net","url":"https:\/\/www.kariyer.net\/kariyer-rehberi\/","logo":{"@type":"ImageObject","inLanguage":"tr","@id":"https:\/\/www.kariyer.net\/kariyer-rehberi\/#\/schema\/logo\/image\/","url":"https:\/\/www.kariyer.net\/kariyer-rehberi-new\/wp-content\/uploads\/2023\/01\/og-image11.jpg","contentUrl":"https:\/\/www.kariyer.net\/kariyer-rehberi-new\/wp-content\/uploads\/2023\/01\/og-image11.jpg","width":800,"height":800,"caption":"Kariyer.net"},"image":{"@id":"https:\/\/www.kariyer.net\/kariyer-rehberi\/#\/schema\/logo\/image\/"}},{"@type":"Person","@id":"https:\/\/www.kariyer.net\/kariyer-rehberi\/#\/schema\/person\/94fd6e49c7ff1b1b2565a2cc4fd685dd","name":"Edit\u00f6r","image":{"@type":"ImageObject","inLanguage":"tr","@id":"https:\/\/www.kariyer.net\/kariyer-rehberi\/#\/schema\/person\/image\/","url":"https:\/\/secure.gravatar.com\/avatar\/0c4fe6688343aed3693b15573beae12c08ace5565409d5ab7509bf9c115f458d?s=96&d=mm&r=g","contentUrl":"https:\/\/secure.gravatar.com\/avatar\/0c4fe6688343aed3693b15573beae12c08ace5565409d5ab7509bf9c115f458d?s=96&d=mm&r=g","caption":"Edit\u00f6r"},"url":"https:\/\/www.kariyer.net\/kariyer-rehberi\/author\/editor\/"}]}},"_links":{"self":[{"href":"https:\/\/www.kariyer.net\/kariyer-rehberi\/wp-json\/wp\/v2\/posts\/21185","targetHints":{"allow":["GET"]}}],"collection":[{"href":"https:\/\/www.kariyer.net\/kariyer-rehberi\/wp-json\/wp\/v2\/posts"}],"about":[{"href":"https:\/\/www.kariyer.net\/kariyer-rehberi\/wp-json\/wp\/v2\/types\/post"}],"author":[{"embeddable":true,"href":"https:\/\/www.kariyer.net\/kariyer-rehberi\/wp-json\/wp\/v2\/users\/12"}],"replies":[{"embeddable":true,"href":"https:\/\/www.kariyer.net\/kariyer-rehberi\/wp-json\/wp\/v2\/comments?post=21185"}],"version-history":[{"count":1,"href":"https:\/\/www.kariyer.net\/kariyer-rehberi\/wp-json\/wp\/v2\/posts\/21185\/revisions"}],"predecessor-version":[{"id":21187,"href":"https:\/\/www.kariyer.net\/kariyer-rehberi\/wp-json\/wp\/v2\/posts\/21185\/revisions\/21187"}],"wp:featuredmedia":[{"embeddable":true,"href":"https:\/\/www.kariyer.net\/kariyer-rehberi\/wp-json\/wp\/v2\/media\/21186"}],"wp:attachment":[{"href":"https:\/\/www.kariyer.net\/kariyer-rehberi\/wp-json\/wp\/v2\/media?parent=21185"}],"wp:term":[{"taxonomy":"category","embeddable":true,"href":"https:\/\/www.kariyer.net\/kariyer-rehberi\/wp-json\/wp\/v2\/categories?post=21185"},{"taxonomy":"post_tag","embeddable":true,"href":"https:\/\/www.kariyer.net\/kariyer-rehberi\/wp-json\/wp\/v2\/tags?post=21185"}],"curies":[{"name":"wp","href":"https:\/\/api.w.org\/{rel}","templated":true}]}}