{"id":21192,"date":"2024-09-25T11:14:17","date_gmt":"2024-09-25T08:14:17","guid":{"rendered":"https:\/\/www.kariyer.net\/kariyer-rehberi\/?p=21192"},"modified":"2024-09-25T11:16:07","modified_gmt":"2024-09-25T08:16:07","slug":"yunanistanda-asgari-ucret-ne-kadar","status":"publish","type":"post","link":"https:\/\/www.kariyer.net\/kariyer-rehberi\/yunanistanda-asgari-ucret-ne-kadar\/","title":{"rendered":"Yunanistan&#8217;da asgari \u00fccret ne kadar?"},"content":{"rendered":"<p><strong>\u201cYunanistan\u2019da asgari \u00fccret ne kadar, al\u0131m g\u00fcc\u00fc nas\u0131l?\u201d gibi merak edilen bir\u00e7ok sorunun cevab\u0131 bu yaz\u0131m\u0131zda! Yunanistan\u2019da \u00e7al\u0131\u015fmak ve sosyal ya\u015fama dair di\u011fer detaylar\u0131 \u00f6\u011frenmek i\u00e7in yaz\u0131m\u0131z\u0131 okuyabilirsin.<\/strong><\/p>\n<p>Yunanistan,\u00a0 bat\u0131 medeniyetinin do\u011fdu\u011fu yer. Yunanistan\u2019da ya\u015fayan ve \u00e7o\u011funlukla g\u00fcne\u015fli havan\u0131n ve muhte\u015fem kumsallar\u0131n tad\u0131n\u0131 \u00e7\u0131karmak i\u00e7in oraya giden bir\u00e7ok yabanc\u0131 var. Yunanistan\u2019da ister da\u011flarda, ister ormanda, ister k\u0131y\u0131larda, ister Akdeniz\u2019e yay\u0131lm\u0131\u015f 6.000 adada bol miktarda do\u011fal g\u00fczellik bulabilirsin. Yunanistan, tarihin, bol g\u00fcne\u015f alan adalar\u0131n, hareketli \u015fehirlerin ve zamans\u0131z geleneklerin b\u00fcy\u00fcleyici bir kar\u0131\u015f\u0131m\u0131.<\/p>\n<p>Turizm, denizcilik ve tar\u0131m sekt\u00f6r\u00fcndeki i\u015f f\u0131rsatlar\u0131yla \u00f6n plana \u00e7\u0131kan Yunanistan&#8217;\u0131n \u00e7al\u0131\u015fma \u015fartlar\u0131n\u0131 ve asgari \u00fccretini merak ediyorsan, detaylar\u0131 yaz\u0131m\u0131zda bulabilirsin. Genelde tatil i\u00e7in tercih edilen bir \u00fclke olan Yunanistan&#8217;da i\u015f f\u0131rsatlar\u0131 da turizm, denizcilik ve tar\u0131m alanlar\u0131nda yo\u011funla\u015f\u0131yor. Yunanistan&#8217;\u0131n \u00fclkemize co\u011frafi olarak yak\u0131nl\u0131\u011f\u0131 ve k\u00fclt\u00fcr benzerli\u011fi onu cazip \u00fclkelerden biri yap\u0131yor.<\/p>\n<h2><strong>Yunanistan&#8217;da asgari \u00fccretle \u00e7al\u0131\u015fabilmek i\u00e7in yapman gerekenler<\/strong><\/h2>\n<p><strong>Yunanistan&#8217;da asgari \u00fccretle \u00e7al\u0131\u015fabilmek i\u00e7in yapman gerekenler \u015funlar:<\/strong><\/p>\n<ul>\n<li>Pasaportun (vize bitiminden sonra en az \u00fc\u00e7 ay sonras\u0131na ge\u00e7erlilik s\u00fcresi),<\/li>\n<li>Biyometrik foto\u011fraf<\/li>\n<li>\u0130ngilizce veya Yunanca doldurulmu\u015f ba\u015fvuru formu<\/li>\n<li>Lisansl\u0131 bir doktor taraf\u0131ndan verilmi\u015f bir sa\u011fl\u0131k sertifikas\u0131<\/li>\n<li>Yunanistan\u2019da ge\u00e7erli bir sa\u011fl\u0131k sigortas\u0131 belgesi<\/li>\n<li>Do\u011fdu\u011fun veya \u015fu anda ikamet etti\u011fin \u00fclke taraf\u0131ndan verilen sicil kayd\u0131<\/li>\n<\/ul>\n<p>T\u00fcm bu belgeleri toplay\u0131p\u00a0 Yunanistan konsoloslu\u011funa veya b\u00fcy\u00fckel\u00e7ili\u011fine ba\u015fvurmal\u0131s\u0131n.<\/p>\n<p>T\u00fcm bunlar\u0131 ba\u015far\u0131yla yapt\u0131ysan, Yunanistan&#8217;da \u00e7al\u0131\u015ft\u0131\u011f\u0131nda alaca\u011f\u0131n <strong>asgari \u00fccret 830 euro<\/strong>. Ortalama maa\u015flara gelince o da i\u015fe ve \u00e7al\u0131\u015fan\u0131n deneyimine ba\u011fl\u0131 olarak 1.428 Euro ile 2.788 Euro aras\u0131nda.<\/p>\n<h2><strong>Yunanistan&#8217;da asgari \u00fccretle \u00e7al\u0131\u015fma ko\u015fullar\u0131\u00a0<\/strong><\/h2>\n<p>Yunanistan&#8217;da haftal\u0131k \u00e7al\u0131\u015fma s\u00fcresi 40 saat ve fazla mesai \u00fccreti normal \u00fccretin %125&#8217;i.<\/p>\n<p>Yunanistan&#8217;da \u00e7al\u0131\u015fanlar i\u00e7in sosyal g\u00fcvenlik sistemi mevcut. Bu sistem sa\u011fl\u0131k sigortas\u0131, emeklilik sigortas\u0131 ve i\u015fsizlik sigortas\u0131 gibi imkanlar sunuyor.<\/p>\n<h2><strong>Yunanistan&#8217;da asgari \u00fccretle ya\u015fam s\u00fcrd\u00fcrebilmek i\u00e7in bilmen gerekenler<\/strong><\/h2>\n<p>E\u011fer ya\u015fad\u0131\u011f\u0131n konutun m\u00fclkiyeti sana ait ise bar\u0131nma ile ilgili olarak hesap edilmesi gereken maliyet emlak vergisi. Y\u0131ll\u0131k olarak \u00f6denen emlak vergisi bina ya\u015f\u0131na g\u00f6re metrekare i\u00e7in 3 ila 5 \u20ac aras\u0131nda de\u011fi\u015fiyor.<\/p>\n<p>Konutun m\u00fclkiyetinin sana ait olmamas\u0131 durumunda ise g\u00f6z \u00f6n\u00fcne al\u0131nmas\u0131 gereken kira bedeli tabii ki konutun bulundu\u011fu \u015fehre ve b\u00f6lgeye ba\u011fl\u0131 olarak de\u011fi\u015fiyor.<\/p>\n<p>Ayr\u0131ca Numbeo\u2019ya g\u00f6re en pahal\u0131 \u015fehir olan Atina\u2019da ayda 300-500 Euro\u2019ya, merkez d\u0131\u015f\u0131nda 200-400 Euro\u2019ya tek yatak odal\u0131 bir daire bulabilirsin. Biraz daha b\u00fcy\u00fck bir daire ar\u0131yorsan, \u00fc\u00e7 yatak odal\u0131 bir daireyi \u015fehir i\u00e7inde 500-1000 Euro\u2019ya, \u015fehir merkezinin d\u0131\u015f\u0131nda ayda 400-800 Euro\u2019ya bulabilirsin.<\/p>\n<p>Faturalar s\u00f6z konusu oldu\u011funda (elektrik, do\u011falgaz, su vb.), evin b\u00fcy\u00fckl\u00fc\u011f\u00fcne, mevsime ve kullan\u0131m d\u00fczeyine ba\u011fl\u0131 olarak yakla\u015f\u0131k 150-300 Euro \u00f6demen gerekecek.<\/p>\n<h2><strong>Yunanistan&#8217;da i\u015f d\u00fcnyas\u0131<\/strong><\/h2>\n<p>Yunanistan, 2008\u2019deki k\u00fcresel mali kriz s\u0131ras\u0131nda ekonomik gerileme ya\u015fad\u0131. \u0130\u015fsizlik oranlar\u0131 t\u00fcm zamanlar\u0131n en y\u00fcksek seviyesine ula\u015ft\u0131, ancak \u00fclke ekonomik potansiyeli nedeniyle yat\u0131r\u0131mc\u0131 almaya devam etti. \u00a0Yat\u0131r\u0131mlardaki b\u00fcy\u00fcme, hem Yunan vatanda\u015flar\u0131 hem de Avrupa\u2019daki di\u011fer \u00fclke vatanda\u015flar\u0131 i\u00e7in i\u015f f\u0131rsatlar\u0131n\u0131 art\u0131rd\u0131. Yunan ekonomisi, kararl\u0131 bir i\u015f g\u00fcc\u00fcyle ve Yunanistan Golden Visa gibi yat\u0131r\u0131mc\u0131lar\u0131 te\u015fvik etmek i\u00e7in \u00e7e\u015fitli h\u00fck\u00fcmet giri\u015fimleri sayesinde son birka\u00e7 y\u0131lda yeniden \u015fekillenmeye ba\u015flad\u0131.<\/p>\n<p>Yunanistan&#8217;da b\u00fcy\u00fck uluslararas\u0131 \u015firketler pek fazla bulunmuyor. Bununla birlikte, Yunan h\u00fck\u00fcmeti \u00f6zellikle \u00e7ok uluslu \u015firketlerde veya seyahat end\u00fcstrisinde yabanc\u0131lar\u0131 \u00e7al\u0131\u015fmaya te\u015fvik ediyor.<\/p>\n<h2><strong>Yunanistan&#8217;da sosyal ya\u015fam<\/strong><\/h2>\n<p>Yunanistan\u2019da sosyal ya\u015fam, ilgin\u00e7 bir ritme sahip. \u00dclke n\u00fcfusunun neredeyse \u00fc\u00e7te birinden fazlas\u0131n\u0131 bar\u0131nd\u0131ran, Atina\u2019n\u0131n merkezinde oldu\u011fu Attiki b\u00f6lgesinde, sosyal ya\u015fam ritmindeki \u201cyava\u015fl\u0131k\u201d \u00fclkenin di\u011fer b\u00f6lgelerindeki gibi g\u00f6r\u00fcn\u00fcr de\u011fil. Bu \u201cyava\u015fl\u0131\u011f\u0131\u201d g\u00f6zle g\u00f6r\u00fcn\u00fcr hale getiren temel unsurlardan biri \u201csiesta\u201d uygulamas\u0131. Yunanistan\u2019da yaz aylar\u0131nda 15:00 \u2013 17:30 k\u0131\u015f aylar\u0131nda ise 15:30 \u2013 17:30 aras\u0131 uygulanan siesta, \u201ckamusal sessizlik\u201d saatleri olarak Yunan mevzuat\u0131nda da yer al\u0131r. Bu saatler aras\u0131nda \u2013turistik b\u00f6lgeler hari\u00e7- ma\u011fazalar da kapal\u0131 olup, pazartesi, \u00e7ar\u015famba ve cumartesi g\u00fcnleri siesta ba\u015flang\u0131c\u0131nda kapanan maza\u011falar, sadece sal\u0131, per\u015fembe ve cuma g\u00fcnleri siesta sonras\u0131nda 21:00\u2019e kadar tekrar a\u00e7arlar.<\/p>\n<p>Yunanistan\u2019da lokanta ve tavernalarda yeme-i\u00e7me konusunda \u00f6ncelikle belirtilmesi gereken bir konu porsiyonlar\u0131n boyutu. Yunanistan\u2019da porsiyonlar bir\u00e7ok \u00fclke vatanda\u015f\u0131n\u0131n bunu deneyimleyenlerin \u201cke\u015fke iki ki\u015fiye bir porsiyon s\u00f6yleseydik\u201d diyebilece\u011fi kadar ola\u011fan s\u0131n\u0131rlar\u0131n \u00f6tesinde b\u00fcy\u00fck bulunuyor.<\/p>\n<p>Yunanistan\u2019da yeme-i\u00e7me denildi\u011finde akla ilk olarak tavernalar gelir ve s\u0131kl\u0131kla da \u201clokanta\u201d kar\u015f\u0131l\u0131\u011f\u0131 olarak d\u00fc\u015f\u00fcn\u00fcl\u00fcrler. Her ne kadar aralar\u0131ndaki s\u0131n\u0131r pek belirsiz olsa da lokantalarda \u00f6ncelikli faaliyet \u201cdoymak\u201d iken tavernalardaki temel hedef sosyalle\u015fmek. Mesela bir lokantada canl\u0131 m\u00fczik ya da sahne, dans pisti gibi alanlar olmad\u0131\u011f\u0131 gibi genel i\u015fleyi\u015fleri de \u201cyemek\u201d odakl\u0131 ve saatlerce oturulacak tarzda bir d\u00fczenlemeye sahip olmayan mek\u00e2nlar. Tencere\/f\u0131r\u0131n yemekleri daha temel \u00fcr\u00fcnlerini olu\u015fturur ve mek\u00e2nlar g\u00f6rece daha sadedir.<\/p>\n<!-- templates\/buttons-placeholder.php -->\n<div class=\"da-reactions-outer TpostID21192\">\n\t    <div class=\"da-reactions-data da-reactions-container-async center\"\n         data-type=\"post\"\n         data-id=\"21192\"\n         id=\"da-reactions-slot-post-21192\">\n        <div class=\"da-reactions-static\">\n\t\t\t<img src=\"https:\/\/www.kariyer.net\/kariyer-rehberi\/wp-content\/plugins\/da-reactions\/assets\/dist\/loading.svg\" alt=\"Loading spinner\" width=\"48\" height=\"48\" style=\"width:48px\" \/>\n        <\/div>\n    <\/div>\n<\/div>\n","protected":false},"excerpt":{"rendered":"<p>\u201cYunanistan\u2019da asgari \u00fccret ne kadar, al\u0131m g\u00fcc\u00fc nas\u0131l?\u201d gibi merak edilen bir\u00e7ok sorunun cevab\u0131 bu yaz\u0131m\u0131zda! Yunanistan\u2019da \u00e7al\u0131\u015fmak ve sosyal ya\u015fama dair di\u011fer detaylar\u0131 \u00f6\u011frenmek i\u00e7in yaz\u0131m\u0131z\u0131 okuyabilirsin. Yunanistan,\u00a0 bat\u0131 medeniyetinin do\u011fdu\u011fu yer. Yunanistan\u2019da ya\u015fayan ve \u00e7o\u011funlukla g\u00fcne\u015fli havan\u0131n ve muhte\u015fem kumsallar\u0131n tad\u0131n\u0131 \u00e7\u0131karmak i\u00e7in oraya giden bir\u00e7ok yabanc\u0131 var. Yunanistan\u2019da ister da\u011flarda, ister ormanda, [&hellip;]<\/p>\n<!-- templates\/buttons-placeholder.php -->\n<div class=\"da-reactions-outer TpostID21192\">\n\t    <div class=\"da-reactions-data da-reactions-container-async center\"\n         data-type=\"post\"\n         data-id=\"21192\"\n         id=\"da-reactions-slot-post-21192\">\n        <div class=\"da-reactions-static\">\n\t\t\t<img src=\"https:\/\/www.kariyer.net\/kariyer-rehberi\/wp-content\/plugins\/da-reactions\/assets\/dist\/loading.svg\" alt=\"Loading spinner\" width=\"48\" height=\"48\" style=\"width:48px\" \/>\n        <\/div>\n    <\/div>\n<\/div>\n","protected":false},"author":12,"featured_media":21193,"comment_status":"closed","ping_status":"open","sticky":false,"template":"","format":"standard","meta":{"footnotes":"","_elementor_edit_mode":"","_elementor_template_type":"","_elementor_data":"","_elementor_page_settings":null,"_elementor_conditions":[]},"categories":[2214],"tags":[],"class_list":{"0":"post-21192","1":"post","2":"type-post","3":"status-publish","4":"format-standard","5":"has-post-thumbnail","7":"category-yasam"},"yoast_head":"<!-- This site is optimized with the Yoast SEO Premium plugin v21.4 (Yoast SEO v27.0) - https:\/\/yoast.com\/product\/yoast-seo-premium-wordpress\/ -->\n<title>Yunanistan&#039;da asgari \u00fccret ne kadar?<\/title>\n<meta name=\"description\" content=\"\u201cYunanistan\u2019da asgari \u00fccret ne kadar, al\u0131m g\u00fcc\u00fc nas\u0131l?\u201d gibi merak edilen bir\u00e7ok sorunun cevab\u0131 bu yaz\u0131m\u0131zda!\" \/>\n<meta name=\"robots\" content=\"index, follow, max-snippet:-1, max-image-preview:large, max-video-preview:-1\" \/>\n<link rel=\"canonical\" href=\"https:\/\/www.kariyer.net\/kariyer-rehberi\/yunanistanda-asgari-ucret-ne-kadar\/\" \/>\n<meta property=\"og:locale\" content=\"tr_TR\" \/>\n<meta property=\"og:type\" content=\"article\" \/>\n<meta property=\"og:title\" content=\"Yunanistan&#039;da asgari \u00fccret ne kadar?\" \/>\n<meta property=\"og:description\" content=\"\u201cYunanistan\u2019da asgari \u00fccret ne kadar, al\u0131m g\u00fcc\u00fc nas\u0131l?\u201d gibi merak edilen bir\u00e7ok sorunun cevab\u0131 bu yaz\u0131m\u0131zda! Yunanistan\u2019da \u00e7al\u0131\u015fmak ve sosyal ya\u015fama dair\" \/>\n<meta property=\"og:url\" content=\"https:\/\/www.kariyer.net\/kariyer-rehberi\/yunanistanda-asgari-ucret-ne-kadar\/\" \/>\n<meta property=\"og:site_name\" content=\"Kariyer Rehberi\" \/>\n<meta property=\"article:published_time\" content=\"2024-09-25T08:14:17+00:00\" \/>\n<meta property=\"article:modified_time\" content=\"2024-09-25T08:16:07+00:00\" \/>\n<meta property=\"og:image\" content=\"https:\/\/www.kariyer.net\/kariyer-rehberi\/wp-content\/uploads\/2024\/09\/yunanistan_asgari_ucret.jpg\" \/>\n\t<meta property=\"og:image:width\" content=\"900\" \/>\n\t<meta property=\"og:image:height\" content=\"601\" \/>\n\t<meta property=\"og:image:type\" content=\"image\/jpeg\" \/>\n<meta name=\"author\" content=\"Edit\u00f6r\" \/>\n<meta name=\"twitter:card\" content=\"summary_large_image\" \/>\n<meta name=\"twitter:label1\" content=\"Yazan:\" \/>\n\t<meta name=\"twitter:data1\" content=\"Edit\u00f6r\" \/>\n\t<meta name=\"twitter:label2\" content=\"Tahmini okuma s\u00fcresi\" \/>\n\t<meta name=\"twitter:data2\" content=\"5 dakika\" \/>\n<!-- \/ Yoast SEO Premium plugin. -->","yoast_head_json":{"title":"Yunanistan'da asgari \u00fccret ne kadar?","description":"\u201cYunanistan\u2019da asgari \u00fccret ne kadar, al\u0131m g\u00fcc\u00fc nas\u0131l?\u201d gibi merak edilen bir\u00e7ok sorunun cevab\u0131 bu yaz\u0131m\u0131zda!","robots":{"index":"index","follow":"follow","max-snippet":"max-snippet:-1","max-image-preview":"max-image-preview:large","max-video-preview":"max-video-preview:-1"},"canonical":"https:\/\/www.kariyer.net\/kariyer-rehberi\/yunanistanda-asgari-ucret-ne-kadar\/","og_locale":"tr_TR","og_type":"article","og_title":"Yunanistan'da asgari \u00fccret ne kadar?","og_description":"\u201cYunanistan\u2019da asgari \u00fccret ne kadar, al\u0131m g\u00fcc\u00fc nas\u0131l?\u201d gibi merak edilen bir\u00e7ok sorunun cevab\u0131 bu yaz\u0131m\u0131zda! Yunanistan\u2019da \u00e7al\u0131\u015fmak ve sosyal ya\u015fama dair","og_url":"https:\/\/www.kariyer.net\/kariyer-rehberi\/yunanistanda-asgari-ucret-ne-kadar\/","og_site_name":"Kariyer Rehberi","article_published_time":"2024-09-25T08:14:17+00:00","article_modified_time":"2024-09-25T08:16:07+00:00","og_image":[{"width":900,"height":601,"url":"https:\/\/www.kariyer.net\/kariyer-rehberi\/wp-content\/uploads\/2024\/09\/yunanistan_asgari_ucret.jpg","type":"image\/jpeg"}],"author":"Edit\u00f6r","twitter_card":"summary_large_image","twitter_misc":{"Yazan:":"Edit\u00f6r","Tahmini okuma s\u00fcresi":"5 dakika"},"schema":{"@context":"https:\/\/schema.org","@graph":[{"@type":"Article","@id":"https:\/\/www.kariyer.net\/kariyer-rehberi\/yunanistanda-asgari-ucret-ne-kadar\/#article","isPartOf":{"@id":"https:\/\/www.kariyer.net\/kariyer-rehberi\/yunanistanda-asgari-ucret-ne-kadar\/"},"author":{"name":"Edit\u00f6r","@id":"https:\/\/www.kariyer.net\/kariyer-rehberi\/#\/schema\/person\/94fd6e49c7ff1b1b2565a2cc4fd685dd"},"headline":"Yunanistan&#8217;da asgari \u00fccret ne kadar?","datePublished":"2024-09-25T08:14:17+00:00","dateModified":"2024-09-25T08:16:07+00:00","mainEntityOfPage":{"@id":"https:\/\/www.kariyer.net\/kariyer-rehberi\/yunanistanda-asgari-ucret-ne-kadar\/"},"wordCount":987,"publisher":{"@id":"https:\/\/www.kariyer.net\/kariyer-rehberi\/#organization"},"image":{"@id":"https:\/\/www.kariyer.net\/kariyer-rehberi\/yunanistanda-asgari-ucret-ne-kadar\/#primaryimage"},"thumbnailUrl":"https:\/\/www.kariyer.net\/kariyer-rehberi\/wp-content\/uploads\/2024\/09\/yunanistan_asgari_ucret.jpg","articleSection":["Ya\u015fam"],"inLanguage":"tr"},{"@type":"WebPage","@id":"https:\/\/www.kariyer.net\/kariyer-rehberi\/yunanistanda-asgari-ucret-ne-kadar\/","url":"https:\/\/www.kariyer.net\/kariyer-rehberi\/yunanistanda-asgari-ucret-ne-kadar\/","name":"Yunanistan'da asgari \u00fccret ne kadar?","isPartOf":{"@id":"https:\/\/www.kariyer.net\/kariyer-rehberi\/#website"},"primaryImageOfPage":{"@id":"https:\/\/www.kariyer.net\/kariyer-rehberi\/yunanistanda-asgari-ucret-ne-kadar\/#primaryimage"},"image":{"@id":"https:\/\/www.kariyer.net\/kariyer-rehberi\/yunanistanda-asgari-ucret-ne-kadar\/#primaryimage"},"thumbnailUrl":"https:\/\/www.kariyer.net\/kariyer-rehberi\/wp-content\/uploads\/2024\/09\/yunanistan_asgari_ucret.jpg","datePublished":"2024-09-25T08:14:17+00:00","dateModified":"2024-09-25T08:16:07+00:00","description":"\u201cYunanistan\u2019da asgari \u00fccret ne kadar, al\u0131m g\u00fcc\u00fc nas\u0131l?\u201d gibi merak edilen bir\u00e7ok sorunun cevab\u0131 bu yaz\u0131m\u0131zda!","breadcrumb":{"@id":"https:\/\/www.kariyer.net\/kariyer-rehberi\/yunanistanda-asgari-ucret-ne-kadar\/#breadcrumb"},"inLanguage":"tr","potentialAction":[{"@type":"ReadAction","target":["https:\/\/www.kariyer.net\/kariyer-rehberi\/yunanistanda-asgari-ucret-ne-kadar\/"]}]},{"@type":"ImageObject","inLanguage":"tr","@id":"https:\/\/www.kariyer.net\/kariyer-rehberi\/yunanistanda-asgari-ucret-ne-kadar\/#primaryimage","url":"https:\/\/www.kariyer.net\/kariyer-rehberi\/wp-content\/uploads\/2024\/09\/yunanistan_asgari_ucret.jpg","contentUrl":"https:\/\/www.kariyer.net\/kariyer-rehberi\/wp-content\/uploads\/2024\/09\/yunanistan_asgari_ucret.jpg","width":900,"height":601},{"@type":"BreadcrumbList","@id":"https:\/\/www.kariyer.net\/kariyer-rehberi\/yunanistanda-asgari-ucret-ne-kadar\/#breadcrumb","itemListElement":[{"@type":"ListItem","position":1,"name":"Anasayfa","item":"https:\/\/www.kariyer.net\/kariyer-rehberi\/"},{"@type":"ListItem","position":2,"name":"Yunanistan&#8217;da asgari \u00fccret ne kadar?"}]},{"@type":"WebSite","@id":"https:\/\/www.kariyer.net\/kariyer-rehberi\/#website","url":"https:\/\/www.kariyer.net\/kariyer-rehberi\/","name":"Kariyer Rehberi","description":"\u0130\u015f D\u00fcnyas\u0131yla \u0130lgili Bilmek \u0130stedi\u011finiz Her \u015eey","publisher":{"@id":"https:\/\/www.kariyer.net\/kariyer-rehberi\/#organization"},"potentialAction":[{"@type":"SearchAction","target":{"@type":"EntryPoint","urlTemplate":"https:\/\/www.kariyer.net\/kariyer-rehberi\/?s={search_term_string}"},"query-input":{"@type":"PropertyValueSpecification","valueRequired":true,"valueName":"search_term_string"}}],"inLanguage":"tr"},{"@type":"Organization","@id":"https:\/\/www.kariyer.net\/kariyer-rehberi\/#organization","name":"Kariyer.net","url":"https:\/\/www.kariyer.net\/kariyer-rehberi\/","logo":{"@type":"ImageObject","inLanguage":"tr","@id":"https:\/\/www.kariyer.net\/kariyer-rehberi\/#\/schema\/logo\/image\/","url":"https:\/\/www.kariyer.net\/kariyer-rehberi-new\/wp-content\/uploads\/2023\/01\/og-image11.jpg","contentUrl":"https:\/\/www.kariyer.net\/kariyer-rehberi-new\/wp-content\/uploads\/2023\/01\/og-image11.jpg","width":800,"height":800,"caption":"Kariyer.net"},"image":{"@id":"https:\/\/www.kariyer.net\/kariyer-rehberi\/#\/schema\/logo\/image\/"}},{"@type":"Person","@id":"https:\/\/www.kariyer.net\/kariyer-rehberi\/#\/schema\/person\/94fd6e49c7ff1b1b2565a2cc4fd685dd","name":"Edit\u00f6r","image":{"@type":"ImageObject","inLanguage":"tr","@id":"https:\/\/www.kariyer.net\/kariyer-rehberi\/#\/schema\/person\/image\/","url":"https:\/\/secure.gravatar.com\/avatar\/0c4fe6688343aed3693b15573beae12c08ace5565409d5ab7509bf9c115f458d?s=96&d=mm&r=g","contentUrl":"https:\/\/secure.gravatar.com\/avatar\/0c4fe6688343aed3693b15573beae12c08ace5565409d5ab7509bf9c115f458d?s=96&d=mm&r=g","caption":"Edit\u00f6r"},"url":"https:\/\/www.kariyer.net\/kariyer-rehberi\/author\/editor\/"}]}},"_links":{"self":[{"href":"https:\/\/www.kariyer.net\/kariyer-rehberi\/wp-json\/wp\/v2\/posts\/21192","targetHints":{"allow":["GET"]}}],"collection":[{"href":"https:\/\/www.kariyer.net\/kariyer-rehberi\/wp-json\/wp\/v2\/posts"}],"about":[{"href":"https:\/\/www.kariyer.net\/kariyer-rehberi\/wp-json\/wp\/v2\/types\/post"}],"author":[{"embeddable":true,"href":"https:\/\/www.kariyer.net\/kariyer-rehberi\/wp-json\/wp\/v2\/users\/12"}],"replies":[{"embeddable":true,"href":"https:\/\/www.kariyer.net\/kariyer-rehberi\/wp-json\/wp\/v2\/comments?post=21192"}],"version-history":[{"count":3,"href":"https:\/\/www.kariyer.net\/kariyer-rehberi\/wp-json\/wp\/v2\/posts\/21192\/revisions"}],"predecessor-version":[{"id":21196,"href":"https:\/\/www.kariyer.net\/kariyer-rehberi\/wp-json\/wp\/v2\/posts\/21192\/revisions\/21196"}],"wp:featuredmedia":[{"embeddable":true,"href":"https:\/\/www.kariyer.net\/kariyer-rehberi\/wp-json\/wp\/v2\/media\/21193"}],"wp:attachment":[{"href":"https:\/\/www.kariyer.net\/kariyer-rehberi\/wp-json\/wp\/v2\/media?parent=21192"}],"wp:term":[{"taxonomy":"category","embeddable":true,"href":"https:\/\/www.kariyer.net\/kariyer-rehberi\/wp-json\/wp\/v2\/categories?post=21192"},{"taxonomy":"post_tag","embeddable":true,"href":"https:\/\/www.kariyer.net\/kariyer-rehberi\/wp-json\/wp\/v2\/tags?post=21192"}],"curies":[{"name":"wp","href":"https:\/\/api.w.org\/{rel}","templated":true}]}}