{"id":21207,"date":"2024-09-25T15:40:58","date_gmt":"2024-09-25T12:40:58","guid":{"rendered":"https:\/\/www.kariyer.net\/kariyer-rehberi\/?p=21207"},"modified":"2024-09-25T15:44:50","modified_gmt":"2024-09-25T12:44:50","slug":"fransada-asgari-ucret-ne-kadar","status":"publish","type":"post","link":"https:\/\/www.kariyer.net\/kariyer-rehberi\/fransada-asgari-ucret-ne-kadar\/","title":{"rendered":"Fransa\u2019da asgari \u00fccret ne kadar?"},"content":{"rendered":"<p><strong>\u201cFransa\u2019da asgari \u00fccret ne kadar, al\u0131m g\u00fcc\u00fc nas\u0131l?\u201d gibi merak edilen bir\u00e7ok sorunun cevab\u0131 bu yaz\u0131m\u0131zda! Fransa\u2019da \u00e7al\u0131\u015fmaya ve sosyal ya\u015fama dair di\u011fer detaylar\u0131 \u00f6\u011frenmek i\u00e7in yaz\u0131m\u0131z\u0131 okuyabilirsin.<\/strong><\/p>\n<p><span style=\"font-weight: 400;\">\u0130\u015f hayat\u0131nda Avrupa\u2019n\u0131n en iyi imkanlar\u0131na sahip \u00fclkelerinden biri olan Fransa\u2019da \u00e7al\u0131\u015fma ko\u015fullar\u0131, \u00fccretleri ve olanaklar\u0131 ile ilgili merak etti\u011fin sorular\u0131n cevaplar\u0131n\u0131 \u00f6\u011frenmek i\u00e7in daha fazla beklemene gerek yok. Fransa\u2019da asgari \u00fccret ne kadar, asgari \u00fccretle \u00e7al\u0131\u015fabilmek i\u00e7in hangi kriterleri kar\u015f\u0131lmak gerekir, Fransa\u2019da \u00f6ne \u00e7\u0131kan meslekler nelerdir gibi daha bir\u00e7ok sorunun yan\u0131t\u0131n\u0131 bulmak i\u00e7in haz\u0131rlad\u0131\u011f\u0131m\u0131z bu yaz\u0131y\u0131 inceleyebilirsin.\u00a0\u00a0<\/span><\/p>\n<p><span style=\"font-weight: 400;\">Fransa\u2019da asgari \u00fccret saatlik olarak belirlenmi\u015ftir. Bir \u00e7al\u0131\u015fan i\u015f s\u00f6zle\u015fmesi imzalad\u0131\u011f\u0131 kurumda bir hafta da \u00e7al\u0131\u015fsa, \u00fc\u00e7 ay da \u00e7al\u0131\u015fsa alaca\u011f\u0131 \u00fccret saatlik olarak bellidir. Ancak \u00fclkemizde asgari \u00fccret en az bir ay \u00e7al\u0131\u015fma yerine getirildi\u011fi taktirde kazan\u0131l\u0131r. \u00d6rne\u011fin; Fransa\u2019da haftal\u0131k \u00e7al\u0131\u015fma s\u00fcresi 35 saattir ve asgari \u00fccret de buna g\u00f6re hesaplan\u0131r.<\/span><\/p>\n<h2><b>Asgari \u00fccret nedir?<\/b><\/h2>\n<p><span style=\"font-weight: 400;\">Bir \u00fclkede \u00e7al\u0131\u015fan ki\u015filerin elde edebilecekleri minimum tutara asgari \u00fccret denilmektedir. \u00c7al\u0131\u015fan haklar\u0131n\u0131n korunmas\u0131, devletin \u00e7al\u0131\u015fanlar\u0131 tespit etmesi, vergilendirmesi, de\u011fi\u015fen \u00fcr\u00fcn fiyatland\u0131rma politikalar\u0131 ve enflasyon kar\u015f\u0131s\u0131nda hakkaniyetli bir \u00fccret belirlenmesi amac\u0131 ile asgari \u00fccret kavram\u0131 ortayta \u00e7\u0131km\u0131\u015ft\u0131r. Asgari \u00fccret her y\u0131l yeniden belirlenir ve hem kamuoyunda hem de resmi gazetede, cumhurba\u015fkan\u0131n\u0131n imzas\u0131 ile g\u00fcvence alt\u0131na al\u0131narak a\u00e7\u0131klan\u0131r. \u00dckemizde 1951 y\u0131l\u0131nda sanayi i\u015f\u00e7ilerinin korunmas\u0131 amac\u0131 ile y\u00fcr\u00fcrl\u00fc\u011fe giren asgari \u00fccret yasas\u0131, Fransda\u2019da ilk olarak 1915 y\u0131l\u0131nda uygulanmaya ba\u015flanm\u0131\u015ft\u0131r. Asgari \u00fccret, br\u00fct ve net kazan\u00e7 olmak \u00fczere farkl\u0131 seviyelerde g\u00f6r\u00fcl\u00fcr. Br\u00fct kazan\u00e7 \u00e7al\u0131\u015fan\u0131n vergiler d\u00fc\u015f\u00fclmeden elde etti\u011fi kazanc\u0131 ifade eder. Net \u00fccret ise gelir vergisi gibi devletlerin kesti\u011fi vergiler \u00e7\u0131kar\u0131ld\u0131ktan sonra elde edilen, yani \u00e7al\u0131\u015fan\u0131n eline ge\u00e7en kesin rakam\u0131 ifade eder.<\/span><\/p>\n<p><span style=\"font-weight: 400;\">\u00d6zellikle dar gelirli bireylerin daha adil ko\u015fullarda bir ya\u015fam s\u00fcrmesi i\u00e7in yasala\u015ft\u0131r\u0131lan asgari \u00fccret, her y\u0131l ocak ay\u0131nda yeniden belirlenir. Asgari \u00fccretin belirlenmesi i\u00e7in bir komisyon olu\u015fturulur ve bu komisyonda sendika ba\u015fkan\u0131n\u0131n da g\u00f6r\u00fc\u015fleri al\u0131narak bir rakam belirlenir. Sosyal g\u00fcvenlik ve \u00e7al\u0131\u015fma bakan\u0131 bu rakam\u0131 a\u00e7\u0131klar. Baz\u0131 d\u00f6nemlerde, \u00f6zellikle ekonomik dalgalanmalar\u0131n \u00e7ok oldu\u011fu d\u00f6nemlerde, ocak ay\u0131ndan sonra, haziran ay\u0131nda da artan enflasyonla do\u011fru orant\u0131l\u0131 olarak, y\u0131l i\u00e7inde ikinci asgari \u00fccret rakam\u0131 saptanabilir. Enflasyonla m\u00fccadele eden, n\u00fcfus ve g\u00f6\u00e7 sorunu ya\u015fayan \u00fclkelerde asgari \u00fccretin beklentileri kar\u015fl\u0131lamad\u0131\u011f\u0131 durumlar da ortaya \u00e7\u0131kabilir. Bu nedenle asgari \u00fccret, yeni i\u015fe ba\u015flayan, deneyimsiz, ya\u015f\u0131 \u00e7ok gen\u00e7 olan \u00e7al\u0131\u015fanlar i\u00e7in daha \u00f6nemli bir rakamd\u0131r. \u00c7\u00fcnk\u00fc \u00e7al\u0131\u015fanlar\u0131n deneyimleri artt\u0131k\u00e7a, i\u015flerinde uzman hale geldikleri oranda \u00fccretlerinde iyile\u015ftirmeler yap\u0131l\u0131r, daha y\u00fcksek maa\u015flar alabilirler.\u00a0<\/span><\/p>\n<p><span style=\"font-weight: 400;\">Asgari \u00fccretin bir di\u011fer hedefi de \u00f6zellikle i\u015fe yeni ba\u015flayan gen\u00e7lerin, i\u015flerinde deneyim kazanana dek ihtiya\u00e7lar\u0131n\u0131n kar\u015f\u0131lanmas\u0131d\u0131r. Fransa\u2019da i\u015f ilanlar\u0131 aras\u0131nda se\u00e7im yaparken ya da bir i\u015fveren taraf\u0131ndan davet edildi\u011finde, verilecek \u00fccret mutlaka belirtilir. Fransa\u2019da her y\u0131l gen\u00e7lerin ve farkl\u0131 \u00fclkelerden yetenekli ki\u015filerin de\u011ferlendirilmesi amac\u0131 ile olu\u015fturulan \u00e7ok say\u0131da bo\u015f pozisyon vard\u0131r. Bu pozsiyonlar i\u00e7in minimum lise diplomas\u0131 gerekmekle birlikte, \u00fcniversite diplomas\u0131 sahibi olanlar\u0131n daha rahat i\u015f bulduklar\u0131 yap\u0131lan ara\u015ft\u0131rmalarda ortaya \u00e7\u0131kan bir sonu\u00e7tur.\u00a0<\/span><\/p>\n<h2><b>Fransa\u2019da asgari \u00fccret ve daha y\u00fcksek \u00fccret ile \u00e7al\u0131\u015f\u0131lan meslekler nelerdir?<\/b><\/h2>\n<p><span style=\"font-weight: 400;\">Fransa, her sekt\u00f6rden \u00e7al\u0131\u015fan i\u00e7in \u00e7ok geni\u015f i\u015f olanaklar\u0131na sahiptir. Fransa, her y\u0131l y\u00fczbinlerce yabanc\u0131 i\u015f\u00e7iye ev sahipli\u011fi yapar. Bunlar\u0131n aras\u0131nda kalifiye, mavi ve beyaz yakal\u0131 \u00e7al\u0131\u015fanlara y\u00f6nelik i\u015f ilanlar\u0131 oldu\u011fu kadar, asgari \u00fccretle ge\u00e7mini s\u00fcrd\u00fcrmeyi d\u00fc\u015f\u00fcnen ki\u015filere y\u00f6nelik de \u00e7ok say\u0131da i\u015f ilan\u0131 vard\u0131r. Burada unutmaman gereken \u00e7ok \u00f6nemli bir nokta var. Fransa Avrupa\u2019da en y\u00fcksek asgari \u00fccret veren \u00fckeler aras\u0131nda ilk s\u0131ralarda yer almaktad\u0131r. Bu nedenle Fransa\u2019da asgari \u00fccretle \u00e7al\u0131\u015fan bir ki\u015fi, yiyecek, bar\u0131nma, \u0131s\u0131nma, elektrik, su gibi temel ihtiya\u00e7lar\u0131n\u0131 rahat\u00e7a kar\u015f\u0131layabilmektedir. Fransa\u2019da asgari \u00fccret 2024 y\u0131l\u0131 i\u00e7in saatlik 11,65 avrodur. Ancak Fransa\u2019da \u00e7al\u0131\u015fmak \u00e7ok da kolay de\u011fil. Her sene Fransa\u2019ya \u00e7al\u0131\u015fmak i\u00e7in giden y\u00fczbinlerce insan var. Bu nedenle \u00e7al\u0131\u015fmak istedi\u011fin i\u015fle ilgili \u00e7ok iyi d\u00fc\u015f\u00fcn\u00fcp, \u00f6nceliklerini bu ger\u00e7ekler do\u011frultusunda belirlemelisin. Yaz\u0131n\u0131n devam\u0131nda Fransa\u2019da asgari \u00fccret ile ya da daha y\u00fcksek \u00fccret ile \u00e7al\u0131\u015fabilece\u011fin meslek kategorilerini, i\u015f alanlar\u0131n\u0131 bulabilirsin.\u00a0<\/span><\/p>\n<h3><strong>Fransa&#8217;da asgari \u00fccret ile \u00e7al\u0131\u015f\u0131lan meslekler<\/strong><\/h3>\n<ul>\n<li><span style=\"font-weight: 400;\"> Depo eleman\u0131<\/span><\/li>\n<li><span style=\"font-weight: 400;\"> Kargo eleman\u0131<\/span><\/li>\n<li><strong><a href=\"https:\/\/www.kariyer.net\/pozisyonlar\/kurye\/nedir\" target=\"_blank\" rel=\"noopener\"> Kurye<\/a><\/strong><\/li>\n<li><span style=\"font-weight: 400;\"> Market eleman\u0131<\/span><\/li>\n<li><span style=\"font-weight: 400;\"> \u0130n\u015faat eleman\u0131<\/span><\/li>\n<li><span style=\"font-weight: 400;\"> Elektrik ve elektronik teknikeri<\/span><\/li>\n<li><span style=\"font-weight: 400;\"> Bilgisayar teknikeri<\/span><\/li>\n<li><span style=\"font-weight: 400;\"> Fayans\u00e7\u0131<\/span><\/li>\n<li><span style=\"font-weight: 400;\"> Tesisat\u00e7\u0131<\/span><\/li>\n<li><span style=\"font-weight: 400;\"> D\u00f6\u015femeci ve d\u00f6k\u00fcmc\u00fc<\/span><\/li>\n<li><span style=\"font-weight: 400;\"> Kaynak ustas\u0131<\/span><\/li>\n<li><span style=\"font-weight: 400;\"> \u015eof\u00f6r<\/span><\/li>\n<li><span style=\"font-weight: 400;\"> Restoran eleman\u0131<\/span><\/li>\n<li><span style=\"font-weight: 400;\"> Bula\u015f\u0131k\u00e7\u0131<\/span><\/li>\n<li><span style=\"font-weight: 400;\"> Garson<\/span><\/li>\n<li><span style=\"font-weight: 400;\"> Tar\u0131m eleman\u0131<\/span><\/li>\n<li><span style=\"font-weight: 400;\"> Kasap<\/span><\/li>\n<li><span style=\"font-weight: 400;\"> Kuaf\u00f6r<\/span><\/li>\n<li><span style=\"font-weight: 400;\"> Turizm eleman\u0131<\/span><\/li>\n<li><span style=\"font-weight: 400;\"> Temizlik\u00e7i<\/span><\/li>\n<li><span style=\"font-weight: 400;\"> \u00c7ocuk bak\u0131c\u0131s\u0131<\/span><\/li>\n<li><span style=\"font-weight: 400;\"> Bah\u00e7\u0131van<\/span><\/li>\n<li><span style=\"font-weight: 400;\"> Sigorta eleman\u0131<\/span><\/li>\n<li><span style=\"font-weight: 400;\"> \u00c7a\u011fr\u0131 merkezi eleman\u0131<\/span><\/li>\n<li><span style=\"font-weight: 400;\"> Sat\u0131\u015f temsilcisi<\/span><\/li>\n<li><span style=\"font-weight: 400;\"> Fabrika eleman\u0131<\/span><\/li>\n<li><span style=\"font-weight: 400;\"> Bal\u0131k\u00e7\u0131<\/span><\/li>\n<\/ul>\n<h3><b>Y\u00fcksek \u00fccret ile \u00e7al\u0131\u015f\u0131lan meslekler<\/b><\/h3>\n<ul>\n<li><span style=\"font-weight: 400;\"> \u0130\u015f geli\u015ftirme m\u00fcd\u00fcr\u00fc<\/span><\/li>\n<li><span style=\"font-weight: 400;\"> Yapay zeka m\u00fchendisi<\/span><\/li>\n<li><strong><a href=\"https:\/\/www.kariyer.net\/pozisyonlar\/bilgisayar+muhendisi\/nedir\" target=\"_blank\" rel=\"noopener\"> Bilgisayar m\u00fchendisi<\/a><\/strong><\/li>\n<li><span style=\"font-weight: 400;\"> Moda tasar\u0131mc\u0131s\u0131<\/span><\/li>\n<li><span style=\"font-weight: 400;\"> Grafik tasar\u0131mc\u0131<\/span><\/li>\n<li><span style=\"font-weight: 400;\"> Doktor<\/span><\/li>\n<li><span style=\"font-weight: 400;\"> Hem\u015fire<\/span><\/li>\n<li><span style=\"font-weight: 400;\"> \u0130n\u015faat m\u00fchendisi<\/span><\/li>\n<li><span style=\"font-weight: 400;\"> Makine m\u00fchendisi<\/span><\/li>\n<li><span style=\"font-weight: 400;\"> Mimar<\/span><\/li>\n<li><span style=\"font-weight: 400;\"> Dan\u0131\u015fman<\/span><\/li>\n<li><span style=\"font-weight: 400;\"> Bankac\u0131<\/span><\/li>\n<li><strong><a href=\"https:\/\/www.kariyer.net\/pozisyonlar\/sosyolog\/nedir\" target=\"_blank\" rel=\"noopener\"> Sosyolog<\/a><\/strong><\/li>\n<li><span style=\"font-weight: 400;\"> Akt\u00f6r<\/span><\/li>\n<li><span style=\"font-weight: 400;\"> \u00c7evirmen<\/span><\/li>\n<li><span style=\"font-weight: 400;\"> \u00d6\u011fretmen<\/span><\/li>\n<li><span style=\"font-weight: 400;\"> Yazar<\/span><\/li>\n<li><span style=\"font-weight: 400;\"> Sosyal medya uzman\u0131<\/span><\/li>\n<\/ul>\n<h2><b>Fransa\u2019da \u00e7al\u0131\u015fma olanaklar\u0131, ya\u015fam ko\u015fullar\u0131 nas\u0131ld\u0131r?<\/b><\/h2>\n<p><span style=\"font-weight: 400;\">Fransa, Birle\u015fmi\u015f Milletler\u2019in be\u015f daimi \u00fcyesinden biri olarak, k\u00fclt\u00fcrel ve ekonomik yap\u0131s\u0131 ile \u00e7al\u0131\u015fanlar\u0131n d\u00fcnyada en \u00e7ok tercih etti\u011fi \u00fclkelerden biridir. Fransa\u2019da ya\u015fam standartlar\u0131 olduk\u00e7a y\u00fcksektir. \u00dclkenin b\u00fcy\u00fcyen ekonomisi, ileri d\u00fczey teknolojik olanaklar\u0131, hemen her sekt\u00f6r\u00fcn kendi i\u00e7inde geli\u015fmesini sa\u011flam\u0131\u015ft\u0131r. Bu nedenle Fransa\u2019da sekt\u00f6rel ayr\u0131m yapmak zordur. \u00c7\u00fcnk\u00fc her sekt\u00f6r geli\u015fmi\u015f olanaklara sahiptir.\u00a0<\/span><\/p>\n<p><span style=\"font-weight: 400;\">Fransa, \u015fehirle\u015fmi\u015f ve d\u00fcnya dinamiklerine uyumlu bir \u00fclkedir. Bu nedenle Fransa \u015fehirlerinde her sekt\u00f6r ayn\u0131 \u00f6l\u00e7\u00fcde \u00f6ne \u00e7\u0131kmaktad\u0131r. Ancak baz\u0131 sekt\u00f6rler farkl\u0131 \u015fehirlerde daha geli\u015fmi\u015ftir. Paris gibi bir k\u00fclt\u00fcr ba\u015fkenti, ayr\u0131ca restoranlar\u0131, canl\u0131 gece hayat\u0131 ve barlar\u0131yla \u00fcnl\u00fcd\u00fcr. E\u011fer Fransa\u2019da <\/span><a href=\"https:\/\/www.kariyer.net\/is-ilanlari\/garson\" target=\"_blank\" rel=\"noopener\"><span style=\"font-weight: 400;\">garson<\/span><\/a><span style=\"font-weight: 400;\"> olarak \u00e7al\u0131\u015fmay\u0131 d\u00fc\u015f\u00fcn\u00fcyorsan, Paris\u2019te her y\u0131l garson pozisyonunda i\u015f\u00e7i arayan binlerce restoranla kar\u015f\u0131la\u015fabilirsin. Fransa\u2019n\u0131n daha i\u00e7 kesimlerindeki Metz, Nice gibi kentlerde tar\u0131msal faaliyetler, hayvanc\u0131l\u0131k gibi meslekler de halen olduk\u00e7a aktiftir. Bu b\u00f6lgelerde tar\u0131m i\u015f\u00e7isi olarak \u00e7al\u0131\u015fabilirsin. Yine ayn\u0131 \u015fekilde Fransa\u2019n\u0131n liman kenti olan Marsilya\u2019da bal\u0131k\u00e7\u0131l\u0131kla ilgili talepleri kar\u015f\u0131lamak i\u00e7in \u00e7ok say\u0131da \u00e7al\u0131\u015fana ihtiya\u00e7 vard\u0131r. Marsilya\u2019da bal\u0131k\u00e7\u0131l\u0131k yapabilir, ihtiya\u00e7 duyulan \u00e7ok farkl\u0131 alanlarda asgari \u00fccretle \u00e7al\u0131\u015fabilirsin.\u00a0<\/span><\/p>\n<!-- templates\/buttons-placeholder.php -->\n<div class=\"da-reactions-outer TpostID21207\">\n\t    <div class=\"da-reactions-data da-reactions-container-async center\"\n         data-type=\"post\"\n         data-id=\"21207\"\n         id=\"da-reactions-slot-post-21207\">\n        <div class=\"da-reactions-static\">\n\t\t\t<img src=\"https:\/\/www.kariyer.net\/kariyer-rehberi\/wp-content\/plugins\/da-reactions\/assets\/dist\/loading.svg\" alt=\"Loading spinner\" width=\"48\" height=\"48\" style=\"width:48px\" \/>\n        <\/div>\n    <\/div>\n<\/div>\n","protected":false},"excerpt":{"rendered":"<p>\u201cFransa\u2019da asgari \u00fccret ne kadar, al\u0131m g\u00fcc\u00fc nas\u0131l?\u201d gibi merak edilen bir\u00e7ok sorunun cevab\u0131 bu yaz\u0131m\u0131zda! Fransa\u2019da \u00e7al\u0131\u015fmaya ve sosyal ya\u015fama dair di\u011fer detaylar\u0131 \u00f6\u011frenmek i\u00e7in yaz\u0131m\u0131z\u0131 okuyabilirsin. \u0130\u015f hayat\u0131nda Avrupa\u2019n\u0131n en iyi imkanlar\u0131na sahip \u00fclkelerinden biri olan Fransa\u2019da \u00e7al\u0131\u015fma ko\u015fullar\u0131, \u00fccretleri ve olanaklar\u0131 ile ilgili merak etti\u011fin sorular\u0131n cevaplar\u0131n\u0131 \u00f6\u011frenmek i\u00e7in daha fazla beklemene [&hellip;]<\/p>\n<!-- templates\/buttons-placeholder.php -->\n<div class=\"da-reactions-outer TpostID21207\">\n\t    <div class=\"da-reactions-data da-reactions-container-async center\"\n         data-type=\"post\"\n         data-id=\"21207\"\n         id=\"da-reactions-slot-post-21207\">\n        <div class=\"da-reactions-static\">\n\t\t\t<img src=\"https:\/\/www.kariyer.net\/kariyer-rehberi\/wp-content\/plugins\/da-reactions\/assets\/dist\/loading.svg\" alt=\"Loading spinner\" width=\"48\" height=\"48\" style=\"width:48px\" \/>\n        <\/div>\n    <\/div>\n<\/div>\n","protected":false},"author":12,"featured_media":21208,"comment_status":"closed","ping_status":"open","sticky":false,"template":"","format":"standard","meta":{"footnotes":"","_elementor_edit_mode":"","_elementor_template_type":"","_elementor_data":"","_elementor_page_settings":null,"_elementor_conditions":[]},"categories":[2214],"tags":[],"class_list":{"0":"post-21207","1":"post","2":"type-post","3":"status-publish","4":"format-standard","5":"has-post-thumbnail","7":"category-yasam"},"yoast_head":"<!-- This site is optimized with the Yoast SEO Premium plugin v21.4 (Yoast SEO v27.0) - https:\/\/yoast.com\/product\/yoast-seo-premium-wordpress\/ -->\n<title>Fransa\u2019da asgari \u00fccret ne kadar?<\/title>\n<meta name=\"description\" content=\"\u201cFransa\u2019da asgari \u00fccret ne kadar, al\u0131m g\u00fcc\u00fc nas\u0131l?\u201d gibi merak edilen bir\u00e7ok sorunun cevab\u0131 bu yaz\u0131m\u0131zda! Hemen oku!\" \/>\n<meta name=\"robots\" content=\"index, follow, max-snippet:-1, max-image-preview:large, max-video-preview:-1\" \/>\n<link rel=\"canonical\" href=\"https:\/\/www.kariyer.net\/kariyer-rehberi\/fransada-asgari-ucret-ne-kadar\/\" \/>\n<meta property=\"og:locale\" content=\"tr_TR\" \/>\n<meta property=\"og:type\" content=\"article\" \/>\n<meta property=\"og:title\" content=\"Fransa\u2019da asgari \u00fccret ne kadar?\" \/>\n<meta property=\"og:description\" content=\"\u201cFransa\u2019da asgari \u00fccret ne kadar, al\u0131m g\u00fcc\u00fc nas\u0131l?\u201d gibi merak edilen bir\u00e7ok sorunun cevab\u0131 bu yaz\u0131m\u0131zda! Fransa\u2019da \u00e7al\u0131\u015fmaya ve sosyal ya\u015fama dair di\u011fer\" \/>\n<meta property=\"og:url\" content=\"https:\/\/www.kariyer.net\/kariyer-rehberi\/fransada-asgari-ucret-ne-kadar\/\" \/>\n<meta property=\"og:site_name\" content=\"Kariyer Rehberi\" \/>\n<meta property=\"article:published_time\" content=\"2024-09-25T12:40:58+00:00\" \/>\n<meta property=\"article:modified_time\" content=\"2024-09-25T12:44:50+00:00\" \/>\n<meta property=\"og:image\" content=\"https:\/\/www.kariyer.net\/kariyer-rehberi\/wp-content\/uploads\/2024\/09\/fransa_asgari_ucret.jpg\" \/>\n\t<meta property=\"og:image:width\" content=\"900\" \/>\n\t<meta property=\"og:image:height\" content=\"600\" \/>\n\t<meta property=\"og:image:type\" content=\"image\/jpeg\" \/>\n<meta name=\"author\" content=\"Edit\u00f6r\" \/>\n<meta name=\"twitter:card\" content=\"summary_large_image\" \/>\n<meta name=\"twitter:label1\" content=\"Yazan:\" \/>\n\t<meta name=\"twitter:data1\" content=\"Edit\u00f6r\" \/>\n\t<meta name=\"twitter:label2\" content=\"Tahmini okuma s\u00fcresi\" \/>\n\t<meta name=\"twitter:data2\" content=\"6 dakika\" \/>\n<!-- \/ Yoast SEO Premium plugin. -->","yoast_head_json":{"title":"Fransa\u2019da asgari \u00fccret ne kadar?","description":"\u201cFransa\u2019da asgari \u00fccret ne kadar, al\u0131m g\u00fcc\u00fc nas\u0131l?\u201d gibi merak edilen bir\u00e7ok sorunun cevab\u0131 bu yaz\u0131m\u0131zda! Hemen oku!","robots":{"index":"index","follow":"follow","max-snippet":"max-snippet:-1","max-image-preview":"max-image-preview:large","max-video-preview":"max-video-preview:-1"},"canonical":"https:\/\/www.kariyer.net\/kariyer-rehberi\/fransada-asgari-ucret-ne-kadar\/","og_locale":"tr_TR","og_type":"article","og_title":"Fransa\u2019da asgari \u00fccret ne kadar?","og_description":"\u201cFransa\u2019da asgari \u00fccret ne kadar, al\u0131m g\u00fcc\u00fc nas\u0131l?\u201d gibi merak edilen bir\u00e7ok sorunun cevab\u0131 bu yaz\u0131m\u0131zda! Fransa\u2019da \u00e7al\u0131\u015fmaya ve sosyal ya\u015fama dair di\u011fer","og_url":"https:\/\/www.kariyer.net\/kariyer-rehberi\/fransada-asgari-ucret-ne-kadar\/","og_site_name":"Kariyer Rehberi","article_published_time":"2024-09-25T12:40:58+00:00","article_modified_time":"2024-09-25T12:44:50+00:00","og_image":[{"width":900,"height":600,"url":"https:\/\/www.kariyer.net\/kariyer-rehberi\/wp-content\/uploads\/2024\/09\/fransa_asgari_ucret.jpg","type":"image\/jpeg"}],"author":"Edit\u00f6r","twitter_card":"summary_large_image","twitter_misc":{"Yazan:":"Edit\u00f6r","Tahmini okuma s\u00fcresi":"6 dakika"},"schema":{"@context":"https:\/\/schema.org","@graph":[{"@type":"Article","@id":"https:\/\/www.kariyer.net\/kariyer-rehberi\/fransada-asgari-ucret-ne-kadar\/#article","isPartOf":{"@id":"https:\/\/www.kariyer.net\/kariyer-rehberi\/fransada-asgari-ucret-ne-kadar\/"},"author":{"name":"Edit\u00f6r","@id":"https:\/\/www.kariyer.net\/kariyer-rehberi\/#\/schema\/person\/94fd6e49c7ff1b1b2565a2cc4fd685dd"},"headline":"Fransa\u2019da asgari \u00fccret ne kadar?","datePublished":"2024-09-25T12:40:58+00:00","dateModified":"2024-09-25T12:44:50+00:00","mainEntityOfPage":{"@id":"https:\/\/www.kariyer.net\/kariyer-rehberi\/fransada-asgari-ucret-ne-kadar\/"},"wordCount":1226,"publisher":{"@id":"https:\/\/www.kariyer.net\/kariyer-rehberi\/#organization"},"image":{"@id":"https:\/\/www.kariyer.net\/kariyer-rehberi\/fransada-asgari-ucret-ne-kadar\/#primaryimage"},"thumbnailUrl":"https:\/\/www.kariyer.net\/kariyer-rehberi\/wp-content\/uploads\/2024\/09\/fransa_asgari_ucret.jpg","articleSection":["Ya\u015fam"],"inLanguage":"tr"},{"@type":"WebPage","@id":"https:\/\/www.kariyer.net\/kariyer-rehberi\/fransada-asgari-ucret-ne-kadar\/","url":"https:\/\/www.kariyer.net\/kariyer-rehberi\/fransada-asgari-ucret-ne-kadar\/","name":"Fransa\u2019da asgari \u00fccret ne kadar?","isPartOf":{"@id":"https:\/\/www.kariyer.net\/kariyer-rehberi\/#website"},"primaryImageOfPage":{"@id":"https:\/\/www.kariyer.net\/kariyer-rehberi\/fransada-asgari-ucret-ne-kadar\/#primaryimage"},"image":{"@id":"https:\/\/www.kariyer.net\/kariyer-rehberi\/fransada-asgari-ucret-ne-kadar\/#primaryimage"},"thumbnailUrl":"https:\/\/www.kariyer.net\/kariyer-rehberi\/wp-content\/uploads\/2024\/09\/fransa_asgari_ucret.jpg","datePublished":"2024-09-25T12:40:58+00:00","dateModified":"2024-09-25T12:44:50+00:00","description":"\u201cFransa\u2019da asgari \u00fccret ne kadar, al\u0131m g\u00fcc\u00fc nas\u0131l?\u201d gibi merak edilen bir\u00e7ok sorunun cevab\u0131 bu yaz\u0131m\u0131zda! Hemen oku!","breadcrumb":{"@id":"https:\/\/www.kariyer.net\/kariyer-rehberi\/fransada-asgari-ucret-ne-kadar\/#breadcrumb"},"inLanguage":"tr","potentialAction":[{"@type":"ReadAction","target":["https:\/\/www.kariyer.net\/kariyer-rehberi\/fransada-asgari-ucret-ne-kadar\/"]}]},{"@type":"ImageObject","inLanguage":"tr","@id":"https:\/\/www.kariyer.net\/kariyer-rehberi\/fransada-asgari-ucret-ne-kadar\/#primaryimage","url":"https:\/\/www.kariyer.net\/kariyer-rehberi\/wp-content\/uploads\/2024\/09\/fransa_asgari_ucret.jpg","contentUrl":"https:\/\/www.kariyer.net\/kariyer-rehberi\/wp-content\/uploads\/2024\/09\/fransa_asgari_ucret.jpg","width":900,"height":600},{"@type":"BreadcrumbList","@id":"https:\/\/www.kariyer.net\/kariyer-rehberi\/fransada-asgari-ucret-ne-kadar\/#breadcrumb","itemListElement":[{"@type":"ListItem","position":1,"name":"Anasayfa","item":"https:\/\/www.kariyer.net\/kariyer-rehberi\/"},{"@type":"ListItem","position":2,"name":"Fransa\u2019da asgari \u00fccret ne kadar?"}]},{"@type":"WebSite","@id":"https:\/\/www.kariyer.net\/kariyer-rehberi\/#website","url":"https:\/\/www.kariyer.net\/kariyer-rehberi\/","name":"Kariyer Rehberi","description":"\u0130\u015f D\u00fcnyas\u0131yla \u0130lgili Bilmek \u0130stedi\u011finiz Her \u015eey","publisher":{"@id":"https:\/\/www.kariyer.net\/kariyer-rehberi\/#organization"},"potentialAction":[{"@type":"SearchAction","target":{"@type":"EntryPoint","urlTemplate":"https:\/\/www.kariyer.net\/kariyer-rehberi\/?s={search_term_string}"},"query-input":{"@type":"PropertyValueSpecification","valueRequired":true,"valueName":"search_term_string"}}],"inLanguage":"tr"},{"@type":"Organization","@id":"https:\/\/www.kariyer.net\/kariyer-rehberi\/#organization","name":"Kariyer.net","url":"https:\/\/www.kariyer.net\/kariyer-rehberi\/","logo":{"@type":"ImageObject","inLanguage":"tr","@id":"https:\/\/www.kariyer.net\/kariyer-rehberi\/#\/schema\/logo\/image\/","url":"https:\/\/www.kariyer.net\/kariyer-rehberi-new\/wp-content\/uploads\/2023\/01\/og-image11.jpg","contentUrl":"https:\/\/www.kariyer.net\/kariyer-rehberi-new\/wp-content\/uploads\/2023\/01\/og-image11.jpg","width":800,"height":800,"caption":"Kariyer.net"},"image":{"@id":"https:\/\/www.kariyer.net\/kariyer-rehberi\/#\/schema\/logo\/image\/"}},{"@type":"Person","@id":"https:\/\/www.kariyer.net\/kariyer-rehberi\/#\/schema\/person\/94fd6e49c7ff1b1b2565a2cc4fd685dd","name":"Edit\u00f6r","image":{"@type":"ImageObject","inLanguage":"tr","@id":"https:\/\/www.kariyer.net\/kariyer-rehberi\/#\/schema\/person\/image\/","url":"https:\/\/secure.gravatar.com\/avatar\/0c4fe6688343aed3693b15573beae12c08ace5565409d5ab7509bf9c115f458d?s=96&d=mm&r=g","contentUrl":"https:\/\/secure.gravatar.com\/avatar\/0c4fe6688343aed3693b15573beae12c08ace5565409d5ab7509bf9c115f458d?s=96&d=mm&r=g","caption":"Edit\u00f6r"},"url":"https:\/\/www.kariyer.net\/kariyer-rehberi\/author\/editor\/"}]}},"_links":{"self":[{"href":"https:\/\/www.kariyer.net\/kariyer-rehberi\/wp-json\/wp\/v2\/posts\/21207","targetHints":{"allow":["GET"]}}],"collection":[{"href":"https:\/\/www.kariyer.net\/kariyer-rehberi\/wp-json\/wp\/v2\/posts"}],"about":[{"href":"https:\/\/www.kariyer.net\/kariyer-rehberi\/wp-json\/wp\/v2\/types\/post"}],"author":[{"embeddable":true,"href":"https:\/\/www.kariyer.net\/kariyer-rehberi\/wp-json\/wp\/v2\/users\/12"}],"replies":[{"embeddable":true,"href":"https:\/\/www.kariyer.net\/kariyer-rehberi\/wp-json\/wp\/v2\/comments?post=21207"}],"version-history":[{"count":3,"href":"https:\/\/www.kariyer.net\/kariyer-rehberi\/wp-json\/wp\/v2\/posts\/21207\/revisions"}],"predecessor-version":[{"id":21211,"href":"https:\/\/www.kariyer.net\/kariyer-rehberi\/wp-json\/wp\/v2\/posts\/21207\/revisions\/21211"}],"wp:featuredmedia":[{"embeddable":true,"href":"https:\/\/www.kariyer.net\/kariyer-rehberi\/wp-json\/wp\/v2\/media\/21208"}],"wp:attachment":[{"href":"https:\/\/www.kariyer.net\/kariyer-rehberi\/wp-json\/wp\/v2\/media?parent=21207"}],"wp:term":[{"taxonomy":"category","embeddable":true,"href":"https:\/\/www.kariyer.net\/kariyer-rehberi\/wp-json\/wp\/v2\/categories?post=21207"},{"taxonomy":"post_tag","embeddable":true,"href":"https:\/\/www.kariyer.net\/kariyer-rehberi\/wp-json\/wp\/v2\/tags?post=21207"}],"curies":[{"name":"wp","href":"https:\/\/api.w.org\/{rel}","templated":true}]}}