{"id":21226,"date":"2024-09-26T15:59:40","date_gmt":"2024-09-26T12:59:40","guid":{"rendered":"https:\/\/www.kariyer.net\/kariyer-rehberi\/?p=21226"},"modified":"2024-09-26T16:00:30","modified_gmt":"2024-09-26T13:00:30","slug":"cinde-asgari-ucret-ne-kadar","status":"publish","type":"post","link":"https:\/\/www.kariyer.net\/kariyer-rehberi\/cinde-asgari-ucret-ne-kadar\/","title":{"rendered":"\u00c7in&#8217;de asgari \u00fccret ne kadar?"},"content":{"rendered":"<p><strong>\u201c\u00c7in&#8217;de asgari \u00fccret ne kadar, al\u0131m g\u00fcc\u00fc nas\u0131l?\u201d gibi merak edilen bir\u00e7ok sorunun cevab\u0131 bu yaz\u0131m\u0131zda! \u00c7in&#8217;de \u00e7al\u0131\u015fmaya ve sosyal ya\u015fama dair di\u011fer detaylar\u0131 \u00f6\u011frenmek i\u00e7in yaz\u0131m\u0131z\u0131 okuyabilirsin.<\/strong><\/p>\n<p>\u00dclkeler, ekonomik ve sosyal ko\u015fullar\u0131na ba\u011fl\u0131 olarak belirledikleri asgari \u00fccret ile \u00e7al\u0131\u015fanlar\u0131n ya\u015famsal standartlar\u0131n\u0131 d\u00fczenlemeye \u00e7al\u0131\u015f\u0131yor. Asgari \u00fccret, bir \u00fclkede \u00e7al\u0131\u015fanlara \u00f6denen en d\u00fc\u015f\u00fck yasal \u00fccreti temsil eder ve her devlet kendi ekonomisine g\u00f6re bu \u00fccreti belirler. Her \u00fclkede asgari \u00fccret politikalar\u0131, ekonomik ko\u015fullar ve sosyal ya\u015fant\u0131ya ba\u011fl\u0131 olarak farkl\u0131l\u0131k g\u00f6sterebilir. Asgari \u00fccretin, \u00e7al\u0131\u015fanlar\u0131n temel ihtiya\u00e7lar\u0131n\u0131 kar\u015f\u0131layacak d\u00fczeyde olmas\u0131 gerekir. Bu d\u00fczeyi belirlerken de g\u0131da, konut, e\u011fitim ve sa\u011fl\u0131k gibi temel ya\u015fam giderlerini kapsayacak \u015fekilde belirlenmelidir. \u00dclkeler \u00e7al\u0131\u015fanlar\u0131n ald\u0131\u011f\u0131 asgari \u00fccreti belirli aral\u0131klarla g\u00fczden ge\u00e7irir ve ekonomik ko\u015fullara uygun \u015fekilde \u00fccrette g\u00fcncellenir. Bu g\u00fcncelleme, genellikle bir y\u0131ll\u0131k s\u00fcre\u00e7te ya da belirli aral\u0131klarla yap\u0131l\u0131r. Asgari \u00fccret art\u0131\u015flar\u0131, i\u015f\u00e7ilerin ya\u015fam kalitelerini ve refah seviyelerini iyile\u015ftirmeyi hedefler.<\/p>\n<h2>\u00c7in\u2019de asgari \u00fccret<\/h2>\n<p>\u00c7in&#8217;de asgari \u00fccret 2024 y\u0131l\u0131nda 2.590 yuan, yani ortalama 360 dolar olarak belirlenmi\u015ftir. \u00c7in, d\u00fcnya ekonomisinde \u00f6nemli bir yere sahiptir. Bu sebeple de i\u015f\u00e7i haklar\u0131na ve ya\u015fam standartlar\u0131na \u00f6nem verir. \u00c7in\u2019de i\u015f imkanlar\u0131 bak\u0131m\u0131ndan olduk\u00e7a fazla alan vard\u0131r. \u00c7in d\u00fcnyada bir\u00e7ok b\u00fcy\u00fck \u015firketin merkezi veya \u00fcretim tesisinin bulundu\u011fu bir \u00fclkedir. \u0130malat, teknoloji, finans, sa\u011fl\u0131k ve turizm sekt\u00f6rleri i\u00e7in \u00f6nemli i\u015f alanlar\u0131 sunmaktad\u0131r. Ancak, \u00c7in\u2019de i\u015f bulmak baz\u0131 durumlarda zor olabilir. \u00d6zellikle yabanc\u0131ysan\u0131z\u00a0 \u00fclkenin dili, k\u00fclt\u00fcr\u00fc, i\u015f d\u00fczeni ve yasalara uyum sa\u011flama konusunda zorluklar ya\u015fayabilirsiniz. Ama \u00c7in\u2019de yabanc\u0131lara y\u00f6nelik istihdam politikalar\u0131 son y\u0131llarda daha da geli\u015ftirilmi\u015ftir ve bir\u00e7ok firma yabanc\u0131 \u00e7al\u0131\u015fanlara da i\u015f imk\u00e2n\u0131 sunmaktad\u0131r.<\/p>\n<p><strong>\u00c7in\u2019de asgari \u00fccretle \u00e7al\u0131\u015fan oran\u0131 <\/strong>tam belli de\u011fildir. \u00c7\u00fcnk\u00fc \u00fclkede hem resmi hem de gayri resmi i\u015f sekt\u00f6rleri bulunmaktad\u0131r. \u00dclkenin b\u00fcy\u00fck bir \u00e7o\u011funlu\u011fu asgari \u00fccretle \u00e7al\u0131\u015fmaktad\u0131r.<\/p>\n<h2>\u00c7in\u2019de \u00e7al\u0131\u015fma \u015fartlar\u0131<\/h2>\n<p>\u00c7al\u0131\u015fma \u015fartlar\u0131, \u00c7in i\u015f kanunlar\u0131 taraf\u0131ndan d\u00fczenlenmektedir. \u0130\u015f kanunlar\u0131, i\u015fverenlerin ve \u00e7al\u0131\u015fanlar\u0131n t\u00fcm haklar\u0131n\u0131 korumaktad\u0131r. Kanun ayr\u0131ca i\u015f saatleri, tatiller, \u00fccretler, i\u015f sa\u011fl\u0131\u011f\u0131 ve g\u00fcvenli\u011fi gibi konularda da d\u00fczenleme yapmaktad\u0131r. \u00c7in\u2019de normal \u00e7al\u0131\u015fma saatleri haftada 40 saattir; ama haftada en fazla 36 saat fazla mesai yap\u0131lmas\u0131na izin verilir. \u00c7al\u0131\u015fanlar\u0131n haftada bir g\u00fcn izin hakk\u0131 vard\u0131r. Tatil g\u00fcnleri aras\u0131nda ise \u00f6zel g\u00fcnler ve y\u0131ll\u0131k izin g\u00fcnleri bulunmaktad\u0131r. Ayr\u0131ca, i\u015fverenlerin i\u015f\u00e7i sa\u011fl\u0131\u011f\u0131 ve g\u00fcvenli\u011fini koruma i\u00e7in \u00f6nlemler almal\u0131 ve \u00e7al\u0131\u015fanlar\u0131n\u0131n e\u011fitimli olmalar\u0131n\u0131 sa\u011flamalar\u0131 gerekmektedir.<\/p>\n<h2>\u00c7in\u2019de \u00e7al\u0131\u015f\u0131p kariyer yapmak<\/h2>\n<p>\u00c7in\u2019de \u00e7al\u0131\u015fmak yeni mezunlar i\u00e7in s\u0131ra d\u0131\u015f\u0131 bir deneyim olabilir. \u00c7in\u2019de \u00e7al\u0131\u015fmak yeni mezunlar i\u00e7in de\u011fi\u015fik bir deneyim olabilece\u011fi gibi e\u011fitimin s\u00fcresince \u00fclkede \u00f6\u011frencilerin \u00e7al\u0131\u015fmas\u0131na izin verilmez ve mezun olduktan sonra da \u00e7al\u0131\u015fma vizesine ba\u015fvurmak i\u00e7in iki y\u0131ll\u0131k bir i\u015f ge\u00e7mi\u015fine ihtiyac\u0131n vard\u0131r. \u00dclkede bir y\u0131ll\u0131k \u00e7al\u0131\u015fma vizesi ba\u015fvurusu i\u00e7in yabanc\u0131 \u00f6\u011frencilerin derecesiyle e\u015fle\u015fen bir alanda \u00c7inli bir firmada i\u015f bulmas\u0131 gerekir. Di\u011fer \u00fclkeler gibi \u00c7in\u2019de \u0130ngilizce \u00f6\u011fretmenli\u011fi en \u00e7ok istihdam olana\u011f\u0131 olan i\u015flerden biridir.<\/p>\n<h2>\u00c7in nas\u0131l bir \u00fclke?<\/h2>\n<p>\u00c7in, resm\u00ee ad\u0131 \u00c7in Halk Cumhuriyetidir. \u00c7inin ba\u015fkenti ise \u201cBeijing\u201d yani Pekin\u2019dir. Pekin \u00c7in\u2019in siyasi ba\u015fkenti olmas\u0131n\u0131n yan\u0131 s\u0131ra e\u011fitim, turizm ve k\u00fclt\u00fcr\u00fcn de ba\u015fkentidir. \u00c7in&#8217;in para birimi \u00c7in Yuan\u0131\u2019d\u0131r. \u00c7in d\u00fcnyan\u0131n en kalabal\u0131k ikinci, kara alan\u0131 bak\u0131m\u0131ndan \u00fc\u00e7\u00fcnc\u00fc en b\u00fcy\u00fck \u00fclkesidir. Bir\u00e7ok dinin bir arada bulundu\u011fu bu \u00fclkede, \u00c7inliler esas olarak Budizm, Daoizm, \u0130slamiyet, Katoliklik ve H\u0131ristiyanl\u0131\u011fa inan\u0131rlar. \u00dclkede ya\u015fayan insanlar ge\u00e7imlerini tar\u0131m, sanayi, madencilik ve hizmet sekt\u00f6r\u00fc gibi alanlardan kar\u015f\u0131l\u0131yorlar. \u00c7inin ithalat ve ihracat konusunda \u00e7ok geli\u015fmi\u015f bir \u00fclke olup, \u015fimdiye kadar d\u00fcnyada 220\u2019den fazla \u00fclke ve b\u00f6lge \u00c7in ile ticaret ba\u011flant\u0131s\u0131 kurmu\u015ftur. Teknolojik bak\u0131mdan s\u00fcrekli kendini geli\u015ftirerek d\u00fcnyaya a\u00e7\u0131lan bir kap\u0131 haline gelmi\u015ftir.<\/p>\n<h2>\u00c7in\u2019e nas\u0131l gidilir?<\/h2>\n<p>\u00c7in&#8217;e seyahat i\u00e7in en \u00e7ok tercih edilen ula\u015f\u0131m yolu havayoludur. Sen de T\u00fcrkiye\u2019den \u00c7in&#8217;e tek bir seferle u\u00e7u\u015f yapabilir ya da aktarmal\u0131 u\u00e7u\u015flar\u0131 tercih edebilirsin. En \u00e7ok sefer yap\u0131lan \u00c7in \u015fehirleri ise Pekin, Guangzhou ve \u015eanghay olarak s\u0131ralanabilir. \u00c7in&#8217;e en \u00e7ok mart, nisan ve \u015fubat aylar\u0131nda insanlar daha \u00e7ok seyahat ediyor. Bu y\u00fczden de bu aylarda bilet fiyatlar\u0131 y\u00fcksek olabiliyor; ama erken rezervasyon ile u\u00e7ak biletini daha uygun fiyata alman m\u00fcmk\u00fcn. Tabi bir de gitmeden \u00f6nce pasaport vizesini halletmen gerekecek, \u00c7in i\u00e7in iki ayr\u0131 vize bulunuyor. Bu vizeleri k\u0131sa ve uzun s\u00fcreli olarak grupland\u0131rabiliriz. Turistik sebeple \u00c7in&#8217;e gitmek istiyorsan, \u00fc\u00e7 ay ge\u00e7erlilik s\u00fcresi bulunan L tipi vizeye ba\u015fvurabilirsin. \u0130\u015f seyahati i\u00e7in gidiyorsan, o zaman da M tipi ticari vizeye ba\u015fvuru yapabilirsin. \u00c7in&#8217;e gitmek i\u00e7in yap\u0131lan vize talepleri olduk\u00e7a fazla o y\u00fczden ba\u015fvuru yapaca\u011f\u0131n vize t\u00fcr\u00fcn\u00fc \u00f6nceden belirleyip, ona g\u00f6re evrak haz\u0131rlaman faydal\u0131 olacakt\u0131r. E\u011fer Makau ve Hong Kong gibi \u00f6zel y\u00f6netim b\u00f6lgelerine gideceksen, bu b\u00f6lgeler i\u00e7in vize almana gerek kalm\u0131yor ama bu b\u00f6lgelerden \u00c7in\u2019e ge\u00e7i\u015f yapmak i\u00e7in vize ba\u015fvurusu yine zorunlu hale geliyor.<\/p>\n<h2>\u00c7in\u2019de \u00e7al\u0131\u015fmak i\u00e7in vize i\u00e7in gerekli evraklar<\/h2>\n<p>\u00c7in&#8217;de \u00e7al\u0131\u015fmaya gideceksen, \u00c7in Z vizesi alman gerekmektedir. Bu vize i\u00e7in gerekli evrak listesi;<\/p>\n<ul>\n<li>\u00c7in \u00e7al\u0131\u015fma vizesi i\u00e7in ilk \u00f6nce iki \u00e7e\u015fit resmi davetiye vermen gerekmektedir. Bunlar konsoloslu\u011fa hitaben olacak beyaz ve ye\u015fil davetiyedir. Ba\u015fvuru i\u00e7in davetiyelerin orijinallerini vermen gerekmektedir.<\/li>\n<li>\u00c7in Z vizesi i\u00e7in \u00c7in\u2019de \u00e7al\u0131\u015faca\u011f\u0131n \u015firketin vergi levhas\u0131n\u0131n fotokopisi gerekmektedir. \u00c7in\u2019e giri\u015fin ilk defa olmas\u0131 durumunda ise bu belgeye ek olarak ID ve davet de gerekmektedir.<\/li>\n<li>\u00c7al\u0131\u015fma vizesi i\u00e7in ikametg\u00e2h belgesi alman ve bu belgenin asl\u0131n\u0131 verme gerekmektedir.<\/li>\n<li>Belge olarak savc\u0131l\u0131ktan sab\u0131ka kayd\u0131n\u0131 da almal\u0131s\u0131n. Adli sicil kayd\u0131n\u0131 g\u00f6steren belgede &#8220;Adli sicil kayd\u0131 yoktur&#8221; yaz\u0131s\u0131 olmal\u0131d\u0131r. Bu belgenin de sadece asl\u0131 kabul edilmektedir.<\/li>\n<li>\u00c7al\u0131\u015fma vizesi i\u00e7in n\u00fcfus c\u00fczdan\u0131n\u0131n fotokopisi istenmektedir.<\/li>\n<li>Vize i\u00e7in \u015fu anki kulland\u0131\u011f\u0131n pasaport bir de eski pasaportunun asl\u0131 istenmektedir.<\/li>\n<li>\u00c7al\u0131\u015fma vizesi i\u00e7in istenilen kriterlere uygun foto\u011fraf gereklidir.<\/li>\n<\/ul>\n<p>Bu liste \u00c7in Z vizesi i\u00e7in gerekli evraklard\u0131r.<\/p>\n<!-- templates\/buttons-placeholder.php -->\n<div class=\"da-reactions-outer TpostID21226\">\n\t    <div class=\"da-reactions-data da-reactions-container-async center\"\n         data-type=\"post\"\n         data-id=\"21226\"\n         id=\"da-reactions-slot-post-21226\">\n        <div class=\"da-reactions-static\">\n\t\t\t<img src=\"https:\/\/www.kariyer.net\/kariyer-rehberi\/wp-content\/plugins\/da-reactions\/assets\/dist\/loading.svg\" alt=\"Loading spinner\" width=\"48\" height=\"48\" style=\"width:48px\" \/>\n        <\/div>\n    <\/div>\n<\/div>\n","protected":false},"excerpt":{"rendered":"<p>\u201c\u00c7in&#8217;de asgari \u00fccret ne kadar, al\u0131m g\u00fcc\u00fc nas\u0131l?\u201d gibi merak edilen bir\u00e7ok sorunun cevab\u0131 bu yaz\u0131m\u0131zda! \u00c7in&#8217;de \u00e7al\u0131\u015fmaya ve sosyal ya\u015fama dair di\u011fer detaylar\u0131 \u00f6\u011frenmek i\u00e7in yaz\u0131m\u0131z\u0131 okuyabilirsin. \u00dclkeler, ekonomik ve sosyal ko\u015fullar\u0131na ba\u011fl\u0131 olarak belirledikleri asgari \u00fccret ile \u00e7al\u0131\u015fanlar\u0131n ya\u015famsal standartlar\u0131n\u0131 d\u00fczenlemeye \u00e7al\u0131\u015f\u0131yor. Asgari \u00fccret, bir \u00fclkede \u00e7al\u0131\u015fanlara \u00f6denen en d\u00fc\u015f\u00fck yasal \u00fccreti temsil [&hellip;]<\/p>\n<!-- templates\/buttons-placeholder.php -->\n<div class=\"da-reactions-outer TpostID21226\">\n\t    <div class=\"da-reactions-data da-reactions-container-async center\"\n         data-type=\"post\"\n         data-id=\"21226\"\n         id=\"da-reactions-slot-post-21226\">\n        <div class=\"da-reactions-static\">\n\t\t\t<img src=\"https:\/\/www.kariyer.net\/kariyer-rehberi\/wp-content\/plugins\/da-reactions\/assets\/dist\/loading.svg\" alt=\"Loading spinner\" width=\"48\" height=\"48\" style=\"width:48px\" \/>\n        <\/div>\n    <\/div>\n<\/div>\n","protected":false},"author":12,"featured_media":21227,"comment_status":"closed","ping_status":"open","sticky":false,"template":"","format":"standard","meta":{"footnotes":"","_elementor_edit_mode":"","_elementor_template_type":"","_elementor_data":"","_elementor_page_settings":null,"_elementor_conditions":[]},"categories":[2214],"tags":[],"class_list":{"0":"post-21226","1":"post","2":"type-post","3":"status-publish","4":"format-standard","5":"has-post-thumbnail","7":"category-yasam"},"yoast_head":"<!-- This site is optimized with the Yoast SEO Premium plugin v21.4 (Yoast SEO v27.0) - https:\/\/yoast.com\/product\/yoast-seo-premium-wordpress\/ -->\n<title>\u00c7in&#039;de asgari \u00fccret ne kadar?<\/title>\n<meta name=\"description\" content=\"\u201c\u00c7in&#039;de asgari \u00fccret ne kadar, al\u0131m g\u00fcc\u00fc nas\u0131l?\u201d gibi merak edilen bir\u00e7ok sorunun cevab\u0131 bu yaz\u0131m\u0131zda! Hemen oku!\" \/>\n<meta name=\"robots\" content=\"index, follow, max-snippet:-1, max-image-preview:large, max-video-preview:-1\" \/>\n<link rel=\"canonical\" href=\"https:\/\/www.kariyer.net\/kariyer-rehberi\/cinde-asgari-ucret-ne-kadar\/\" \/>\n<meta property=\"og:locale\" content=\"tr_TR\" \/>\n<meta property=\"og:type\" content=\"article\" \/>\n<meta property=\"og:title\" content=\"\u00c7in&#039;de asgari \u00fccret ne kadar?\" \/>\n<meta property=\"og:description\" content=\"\u201c\u00c7in&#039;de asgari \u00fccret ne kadar, al\u0131m g\u00fcc\u00fc nas\u0131l?\u201d gibi merak edilen bir\u00e7ok sorunun cevab\u0131 bu yaz\u0131m\u0131zda! \u00c7in&#039;de \u00e7al\u0131\u015fmaya ve sosyal ya\u015fama dair di\u011fer\" \/>\n<meta property=\"og:url\" content=\"https:\/\/www.kariyer.net\/kariyer-rehberi\/cinde-asgari-ucret-ne-kadar\/\" \/>\n<meta property=\"og:site_name\" content=\"Kariyer Rehberi\" \/>\n<meta property=\"article:published_time\" content=\"2024-09-26T12:59:40+00:00\" \/>\n<meta property=\"article:modified_time\" content=\"2024-09-26T13:00:30+00:00\" \/>\n<meta property=\"og:image\" content=\"https:\/\/www.kariyer.net\/kariyer-rehberi\/wp-content\/uploads\/2024\/09\/cin_asgari_ucret.jpg\" \/>\n\t<meta property=\"og:image:width\" content=\"900\" \/>\n\t<meta property=\"og:image:height\" content=\"600\" \/>\n\t<meta property=\"og:image:type\" content=\"image\/jpeg\" \/>\n<meta name=\"author\" content=\"Edit\u00f6r\" \/>\n<meta name=\"twitter:card\" content=\"summary_large_image\" \/>\n<meta name=\"twitter:label1\" content=\"Yazan:\" \/>\n\t<meta name=\"twitter:data1\" content=\"Edit\u00f6r\" \/>\n\t<meta name=\"twitter:label2\" content=\"Tahmini okuma s\u00fcresi\" \/>\n\t<meta name=\"twitter:data2\" content=\"6 dakika\" \/>\n<!-- \/ Yoast SEO Premium plugin. -->","yoast_head_json":{"title":"\u00c7in'de asgari \u00fccret ne kadar?","description":"\u201c\u00c7in'de asgari \u00fccret ne kadar, al\u0131m g\u00fcc\u00fc nas\u0131l?\u201d gibi merak edilen bir\u00e7ok sorunun cevab\u0131 bu yaz\u0131m\u0131zda! Hemen oku!","robots":{"index":"index","follow":"follow","max-snippet":"max-snippet:-1","max-image-preview":"max-image-preview:large","max-video-preview":"max-video-preview:-1"},"canonical":"https:\/\/www.kariyer.net\/kariyer-rehberi\/cinde-asgari-ucret-ne-kadar\/","og_locale":"tr_TR","og_type":"article","og_title":"\u00c7in'de asgari \u00fccret ne kadar?","og_description":"\u201c\u00c7in'de asgari \u00fccret ne kadar, al\u0131m g\u00fcc\u00fc nas\u0131l?\u201d gibi merak edilen bir\u00e7ok sorunun cevab\u0131 bu yaz\u0131m\u0131zda! \u00c7in'de \u00e7al\u0131\u015fmaya ve sosyal ya\u015fama dair di\u011fer","og_url":"https:\/\/www.kariyer.net\/kariyer-rehberi\/cinde-asgari-ucret-ne-kadar\/","og_site_name":"Kariyer Rehberi","article_published_time":"2024-09-26T12:59:40+00:00","article_modified_time":"2024-09-26T13:00:30+00:00","og_image":[{"width":900,"height":600,"url":"https:\/\/www.kariyer.net\/kariyer-rehberi\/wp-content\/uploads\/2024\/09\/cin_asgari_ucret.jpg","type":"image\/jpeg"}],"author":"Edit\u00f6r","twitter_card":"summary_large_image","twitter_misc":{"Yazan:":"Edit\u00f6r","Tahmini okuma s\u00fcresi":"6 dakika"},"schema":{"@context":"https:\/\/schema.org","@graph":[{"@type":"Article","@id":"https:\/\/www.kariyer.net\/kariyer-rehberi\/cinde-asgari-ucret-ne-kadar\/#article","isPartOf":{"@id":"https:\/\/www.kariyer.net\/kariyer-rehberi\/cinde-asgari-ucret-ne-kadar\/"},"author":{"name":"Edit\u00f6r","@id":"https:\/\/www.kariyer.net\/kariyer-rehberi\/#\/schema\/person\/94fd6e49c7ff1b1b2565a2cc4fd685dd"},"headline":"\u00c7in&#8217;de asgari \u00fccret ne kadar?","datePublished":"2024-09-26T12:59:40+00:00","dateModified":"2024-09-26T13:00:30+00:00","mainEntityOfPage":{"@id":"https:\/\/www.kariyer.net\/kariyer-rehberi\/cinde-asgari-ucret-ne-kadar\/"},"wordCount":1217,"publisher":{"@id":"https:\/\/www.kariyer.net\/kariyer-rehberi\/#organization"},"image":{"@id":"https:\/\/www.kariyer.net\/kariyer-rehberi\/cinde-asgari-ucret-ne-kadar\/#primaryimage"},"thumbnailUrl":"https:\/\/www.kariyer.net\/kariyer-rehberi\/wp-content\/uploads\/2024\/09\/cin_asgari_ucret.jpg","articleSection":["Ya\u015fam"],"inLanguage":"tr"},{"@type":"WebPage","@id":"https:\/\/www.kariyer.net\/kariyer-rehberi\/cinde-asgari-ucret-ne-kadar\/","url":"https:\/\/www.kariyer.net\/kariyer-rehberi\/cinde-asgari-ucret-ne-kadar\/","name":"\u00c7in'de asgari \u00fccret ne kadar?","isPartOf":{"@id":"https:\/\/www.kariyer.net\/kariyer-rehberi\/#website"},"primaryImageOfPage":{"@id":"https:\/\/www.kariyer.net\/kariyer-rehberi\/cinde-asgari-ucret-ne-kadar\/#primaryimage"},"image":{"@id":"https:\/\/www.kariyer.net\/kariyer-rehberi\/cinde-asgari-ucret-ne-kadar\/#primaryimage"},"thumbnailUrl":"https:\/\/www.kariyer.net\/kariyer-rehberi\/wp-content\/uploads\/2024\/09\/cin_asgari_ucret.jpg","datePublished":"2024-09-26T12:59:40+00:00","dateModified":"2024-09-26T13:00:30+00:00","description":"\u201c\u00c7in'de asgari \u00fccret ne kadar, al\u0131m g\u00fcc\u00fc nas\u0131l?\u201d gibi merak edilen bir\u00e7ok sorunun cevab\u0131 bu yaz\u0131m\u0131zda! Hemen oku!","breadcrumb":{"@id":"https:\/\/www.kariyer.net\/kariyer-rehberi\/cinde-asgari-ucret-ne-kadar\/#breadcrumb"},"inLanguage":"tr","potentialAction":[{"@type":"ReadAction","target":["https:\/\/www.kariyer.net\/kariyer-rehberi\/cinde-asgari-ucret-ne-kadar\/"]}]},{"@type":"ImageObject","inLanguage":"tr","@id":"https:\/\/www.kariyer.net\/kariyer-rehberi\/cinde-asgari-ucret-ne-kadar\/#primaryimage","url":"https:\/\/www.kariyer.net\/kariyer-rehberi\/wp-content\/uploads\/2024\/09\/cin_asgari_ucret.jpg","contentUrl":"https:\/\/www.kariyer.net\/kariyer-rehberi\/wp-content\/uploads\/2024\/09\/cin_asgari_ucret.jpg","width":900,"height":600},{"@type":"BreadcrumbList","@id":"https:\/\/www.kariyer.net\/kariyer-rehberi\/cinde-asgari-ucret-ne-kadar\/#breadcrumb","itemListElement":[{"@type":"ListItem","position":1,"name":"Anasayfa","item":"https:\/\/www.kariyer.net\/kariyer-rehberi\/"},{"@type":"ListItem","position":2,"name":"\u00c7in&#8217;de asgari \u00fccret ne kadar?"}]},{"@type":"WebSite","@id":"https:\/\/www.kariyer.net\/kariyer-rehberi\/#website","url":"https:\/\/www.kariyer.net\/kariyer-rehberi\/","name":"Kariyer Rehberi","description":"\u0130\u015f D\u00fcnyas\u0131yla \u0130lgili Bilmek \u0130stedi\u011finiz Her \u015eey","publisher":{"@id":"https:\/\/www.kariyer.net\/kariyer-rehberi\/#organization"},"potentialAction":[{"@type":"SearchAction","target":{"@type":"EntryPoint","urlTemplate":"https:\/\/www.kariyer.net\/kariyer-rehberi\/?s={search_term_string}"},"query-input":{"@type":"PropertyValueSpecification","valueRequired":true,"valueName":"search_term_string"}}],"inLanguage":"tr"},{"@type":"Organization","@id":"https:\/\/www.kariyer.net\/kariyer-rehberi\/#organization","name":"Kariyer.net","url":"https:\/\/www.kariyer.net\/kariyer-rehberi\/","logo":{"@type":"ImageObject","inLanguage":"tr","@id":"https:\/\/www.kariyer.net\/kariyer-rehberi\/#\/schema\/logo\/image\/","url":"https:\/\/www.kariyer.net\/kariyer-rehberi-new\/wp-content\/uploads\/2023\/01\/og-image11.jpg","contentUrl":"https:\/\/www.kariyer.net\/kariyer-rehberi-new\/wp-content\/uploads\/2023\/01\/og-image11.jpg","width":800,"height":800,"caption":"Kariyer.net"},"image":{"@id":"https:\/\/www.kariyer.net\/kariyer-rehberi\/#\/schema\/logo\/image\/"}},{"@type":"Person","@id":"https:\/\/www.kariyer.net\/kariyer-rehberi\/#\/schema\/person\/94fd6e49c7ff1b1b2565a2cc4fd685dd","name":"Edit\u00f6r","image":{"@type":"ImageObject","inLanguage":"tr","@id":"https:\/\/www.kariyer.net\/kariyer-rehberi\/#\/schema\/person\/image\/","url":"https:\/\/secure.gravatar.com\/avatar\/0c4fe6688343aed3693b15573beae12c08ace5565409d5ab7509bf9c115f458d?s=96&d=mm&r=g","contentUrl":"https:\/\/secure.gravatar.com\/avatar\/0c4fe6688343aed3693b15573beae12c08ace5565409d5ab7509bf9c115f458d?s=96&d=mm&r=g","caption":"Edit\u00f6r"},"url":"https:\/\/www.kariyer.net\/kariyer-rehberi\/author\/editor\/"}]}},"_links":{"self":[{"href":"https:\/\/www.kariyer.net\/kariyer-rehberi\/wp-json\/wp\/v2\/posts\/21226","targetHints":{"allow":["GET"]}}],"collection":[{"href":"https:\/\/www.kariyer.net\/kariyer-rehberi\/wp-json\/wp\/v2\/posts"}],"about":[{"href":"https:\/\/www.kariyer.net\/kariyer-rehberi\/wp-json\/wp\/v2\/types\/post"}],"author":[{"embeddable":true,"href":"https:\/\/www.kariyer.net\/kariyer-rehberi\/wp-json\/wp\/v2\/users\/12"}],"replies":[{"embeddable":true,"href":"https:\/\/www.kariyer.net\/kariyer-rehberi\/wp-json\/wp\/v2\/comments?post=21226"}],"version-history":[{"count":2,"href":"https:\/\/www.kariyer.net\/kariyer-rehberi\/wp-json\/wp\/v2\/posts\/21226\/revisions"}],"predecessor-version":[{"id":21229,"href":"https:\/\/www.kariyer.net\/kariyer-rehberi\/wp-json\/wp\/v2\/posts\/21226\/revisions\/21229"}],"wp:featuredmedia":[{"embeddable":true,"href":"https:\/\/www.kariyer.net\/kariyer-rehberi\/wp-json\/wp\/v2\/media\/21227"}],"wp:attachment":[{"href":"https:\/\/www.kariyer.net\/kariyer-rehberi\/wp-json\/wp\/v2\/media?parent=21226"}],"wp:term":[{"taxonomy":"category","embeddable":true,"href":"https:\/\/www.kariyer.net\/kariyer-rehberi\/wp-json\/wp\/v2\/categories?post=21226"},{"taxonomy":"post_tag","embeddable":true,"href":"https:\/\/www.kariyer.net\/kariyer-rehberi\/wp-json\/wp\/v2\/tags?post=21226"}],"curies":[{"name":"wp","href":"https:\/\/api.w.org\/{rel}","templated":true}]}}