{"id":21230,"date":"2024-09-26T16:13:37","date_gmt":"2024-09-26T13:13:37","guid":{"rendered":"https:\/\/www.kariyer.net\/kariyer-rehberi\/?p=21230"},"modified":"2024-09-26T16:13:51","modified_gmt":"2024-09-26T13:13:51","slug":"ispanyada-asgari-ucret-ne-kadar","status":"publish","type":"post","link":"https:\/\/www.kariyer.net\/kariyer-rehberi\/ispanyada-asgari-ucret-ne-kadar\/","title":{"rendered":"\u0130spanya&#8217;da asgari \u00fccret ne kadar?"},"content":{"rendered":"<p><strong>\u201c\u0130spanya&#8217;da asgari \u00fccret ne kadar, al\u0131m g\u00fcc\u00fc nas\u0131l?\u201d gibi merak edilen bir\u00e7ok sorunun cevab\u0131 bu yaz\u0131m\u0131zda! \u0130spanya&#8217;da \u00e7al\u0131\u015fmaya ve sosyal ya\u015fama dair di\u011fer detaylar\u0131 \u00f6\u011frenmek i\u00e7in yaz\u0131m\u0131z\u0131 okuyabilirsin.<\/strong><\/p>\n<p>\u0130spanya&#8217;da asgari \u00fccret, \u00fclkenin ekonomik ve sosyal yap\u0131s\u0131n\u0131n \u00f6nemli bir g\u00f6stergesidir. \u0130\u015f\u00e7ilerin ve ailelerinin ya\u015fam standartlar\u0131n\u0131 belirleyen \u00fccret, her y\u0131l belirlenen yasal bir alt s\u0131n\u0131rd\u0131r. \u0130spanya&#8217;da asgari \u00fccretin ne kadar oldu\u011fu hem \u00e7al\u0131\u015fma hayat\u0131 hem de toplumsal refah a\u00e7\u0131s\u0131ndan \u00f6nemli bir konudur. <strong>\u0130spanya&#8217;da asgari \u00fccret ne kadar <\/strong>diye merak ediyorsan, bu konudaki t\u00fcm detaylar\u0131 ve sorular\u0131n\u0131n cevaplar\u0131n\u0131 burada bulabilirsin.<\/p>\n<h2>\u0130spanya&#8217;da asgari \u00fccret ne kadar?<\/h2>\n<p>\u0130spanya&#8217;da asgari \u00fccret, \u00fclkedeki milyonlarca asgari \u00fccretli i\u00e7in \u00f6nemli bir gelir kayna\u011f\u0131d\u0131r. \u00dclkede yakla\u015f\u0131k olarak 2,5 milyon ki\u015fi asgari \u00fccretle \u00e7al\u0131\u015fmaktad\u0131r. Asgari \u00fccret, 1 Ocak 2024 tarihinden itibaren yap\u0131lan y\u00fczde 5&#8217;lik bir art\u0131\u015f\u0131n ard\u0131ndan 1.334 avroya y\u00fckselmi\u015ftir. Bu zamm\u0131n ard\u0131ndan, asgari \u00fccret alan ki\u015filerin gelir vergisinden muaf tutuldu\u011funu belirtmek son derece \u00f6nemlidir. Bu d\u00fczenleme, asgari \u00fccretli \u00e7al\u0131\u015fanlar\u0131n daha fazla gelir elde etmelerine ve ya\u015fam standartlar\u0131n\u0131 iyile\u015ftirmelerine katk\u0131 sa\u011flar.<\/p>\n<p>\u0130spanya&#8217;da asgari \u00fccret, pek \u00e7ok aile i\u00e7in temel bir ge\u00e7im kayna\u011f\u0131d\u0131r. \u00d6zellikle vergi muafiyeti gibi te\u015fviklerle desteklenmesi, d\u00fc\u015f\u00fck gelirli kesimlerin ekonomik olarak daha rahat bir duruma gelmesine yard\u0131mc\u0131 olur. 1.334 avro olan asgari \u00fccret, \u00fclkenin genel ekonomik ko\u015fullar\u0131 ve i\u015f\u00e7i haklar\u0131yla ilgili yap\u0131lan de\u011ferlendirmelerle belirlenir. Bu \u00fccretin art\u0131\u015f\u0131, asgari \u00fccretli \u00e7al\u0131\u015fanlar\u0131n maa\u015flar\u0131n\u0131 korumak ve ekonomik olarak daha iyi ko\u015fullarda ya\u015famalar\u0131n\u0131 sa\u011flamak i\u00e7in yap\u0131lan \u00f6nemli bir ad\u0131md\u0131r.\u00a0E\u011fer sen de \u0130spanya&#8217;da \u00e7al\u0131\u015fmak i\u00e7in ara\u015ft\u0131rmalar yap\u0131yorsan, asgari \u00fccret politikas\u0131 hakk\u0131ndaki bu bilgi i\u015fine yarayabilir.<\/p>\n<h2>\u0130spanya&#8217;da kimler asgari \u00fccret al\u0131r?<\/h2>\n<p>\u0130spanya&#8217;da asgari \u00fccret alan ki\u015filer genellikle i\u015f\u00e7ilerdir. Asgari \u00fccret, sekt\u00f6rlere ve b\u00f6lgelere g\u00f6re de\u011fi\u015fiklik g\u00f6sterir. Ancak \u00fclke genelinde ge\u00e7erli olan yasal bir asgari \u00fccret mevcuttur. Bu \u00fccret, i\u015f\u00e7ilerin ya\u015fam standartlar\u0131n\u0131 korumay\u0131 ama\u00e7layan bir \u00f6nlem olup i\u015f g\u00fcvencesi sa\u011flamak i\u00e7in \u00f6nemli bir ara\u00e7t\u0131r. Asgari \u00fccret, hizmet sekt\u00f6r\u00fcnde, tar\u0131m i\u015flerinde ve d\u00fc\u015f\u00fck vas\u0131fl\u0131 i\u015flerde \u00e7al\u0131\u015fan ki\u015fileri kapsar. Bununla birlikte asgari \u00fccret alanlar aras\u0131nda gen\u00e7 i\u015f\u00e7iler, stajyerler ve ge\u00e7ici i\u015f\u00e7iler de bulunur. \u0130spanya&#8217;da asgari \u00fccret alan ki\u015filer aras\u0131nda \u00f6zellikle hizmet sekt\u00f6r\u00fcnde \u00e7al\u0131\u015fanlar \u00f6ne \u00e7\u0131kar. Restoranlarda, otellerde, temizlik \u015firketlerinde, perakende ma\u011fazalar\u0131nda \u00e7al\u0131\u015fan <a href=\"https:\/\/www.kariyer.net\/pozisyonlar\/garson\" target=\"_blank\" rel=\"noopener\">garson<\/a>lar, temizlik g\u00f6revlileri asgari \u00fccretten yararlanan kesimler aras\u0131nda belirtilebilir.<\/p>\n<h2>Asgari \u00fccretin \u0130spanya ekonomisindeki rol\u00fc ve etkileri<\/h2>\n<p>\u0130spanya&#8217;da belirlenen asgari \u00fccret, \u00fclke ekonomisinde \u00f6nemli bir rol oynar. 2024 itibar\u0131yla asgari \u00fccret, ayda 1.334 avro olarak belirlenmi\u015ftir. Bu \u00fccret, \u0130spanya&#8217;daki \u00e7al\u0131\u015fanlar\u0131n en d\u00fc\u015f\u00fck seviyede alabilece\u011fi \u00fccreti temsil etmekle birlikte i\u015f g\u00fcc\u00fc piyasas\u0131ndaki maa\u015f d\u00fczeylerini belirlemede etkili kriterdir. Asgari \u00fccretin bu seviyeye y\u00fckseltilmesi, \u00e7al\u0131\u015fanlar\u0131n ya\u015fam standartlar\u0131n\u0131 art\u0131rmay\u0131 ve yoksullu\u011fu azaltmay\u0131 hedefler.<\/p>\n<p>Asgari \u00fccretin art\u0131r\u0131lmas\u0131, \u00f6zellikle d\u00fc\u015f\u00fck gelirli ailelerin refah\u0131n\u0131 art\u0131rarak toplumsal e\u015fitsizlikleri azalt\u0131r. Daha y\u00fcksek bir asgari \u00fccret, t\u00fcketicilerin harcama g\u00fcc\u00fcn\u00fc art\u0131rarak ekonomik b\u00fcy\u00fcmeyi te\u015fvik eder. Bununla birlikte i\u015fverenler i\u00e7in maliyetleri art\u0131rarak k\u00fc\u00e7\u00fck i\u015fletmeleri olumsuz etkiler. \u00d6zellikle hizmet sekt\u00f6r\u00fcnde faaliyet g\u00f6steren i\u015fletmeler, asgari \u00fccret art\u0131\u015flar\u0131yla kar\u015f\u0131 kar\u015f\u0131ya kald\u0131\u011f\u0131nda maliyetleri dengelemek zorunda kalabilir.<\/p>\n<p>\u0130spanya&#8217;da asgari \u00fccret politikas\u0131, i\u015f g\u00fcc\u00fc piyasas\u0131n\u0131n dinamiklerini etkiler. Y\u00fcksek bir asgari \u00fccret, i\u015f g\u00fcc\u00fcne olan talebi etkiledi\u011fi gibi i\u015fsizlik oranlar\u0131 \u00fczerindeki bask\u0131y\u0131 art\u0131r\u0131r. Ayr\u0131ca sekt\u00f6rel farkl\u0131l\u0131klar da g\u00f6z \u00f6n\u00fcnde bulundurulmal\u0131d\u0131r. \u00d6rne\u011fin; tar\u0131m veya turizm gibi belirli sekt\u00f6rlerdeki i\u015fletmeler, asgari \u00fccret art\u0131\u015flar\u0131ndan farkl\u0131 \u015fekilde etkilenebilir.<\/p>\n<h2>\u0130spanya&#8217;da kira \u00fccretleri nas\u0131l?<\/h2>\n<p>\u0130spanya, kira \u00fccretleri a\u00e7\u0131s\u0131ndan di\u011fer Avrupa \u00fclkelerine k\u0131yasla daha uygun se\u00e7enekler sunan bir \u00fclke olarak dikkat \u00e7eker. Bu durum \u00f6zellikle emekliler ve g\u00f6\u00e7menler i\u00e7in \u00e7ekici bir yerle\u015fim alternatifi haline gelmi\u015ftir. \u0130spanya&#8217;da \u00e7al\u0131\u015fmaya karar verdiysen kira alternatiflerini \u015fu \u015fekilde de\u011ferlendirebilirsin:<\/p>\n<ul>\n<li>\u0130spanya&#8217;da \u015fehir merkezinde yer alan 1 yatak odal\u0131 dairenin kiras\u0131 500 ile 1,200 avro aras\u0131nda de\u011fi\u015fir.<\/li>\n<li>\u015eehir merkezi d\u0131\u015f\u0131nda bulunan 1 yatak odal\u0131 dairelerin kira fiyatlar\u0131 ise 400 ile 900 avro aras\u0131ndad\u0131r.<\/li>\n<li>\u015eehir merkezinde yer alan 3 yatak odal\u0131 dairenin kiras\u0131 800 ile 2,000 avro aras\u0131nda bulunur.<\/li>\n<li>\u015eehir merkezi d\u0131\u015f\u0131nda bulunan 3 yatak odal\u0131 dairenin kiras\u0131 ise 650 ile 1,500 avro aras\u0131nda seyreder.<\/li>\n<\/ul>\n<p>Kira \u00fccretleri, dairenin bulundu\u011fu b\u00f6lgeye ve dairenin \u00f6zelliklerine ba\u011fl\u0131 olarak de\u011fi\u015fkenlik g\u00f6sterir. Bu nedenle \u0130spanya&#8217;da kiral\u0131k konut ar\u0131yorsan, b\u00fct\u00e7ene uygun olan b\u00f6lgeleri ve daire tiplerini tercih ederek se\u00e7imini yapabilirsin.<\/p>\n<h2>\u0130spanya\u2019da konut \u00fccreti ne kadar?<\/h2>\n<p>\u0130spanya&#8217;da konut fiyatlar\u0131, yerle\u015fim yeri ve konutun konumu gibi kriterlere ba\u011fl\u0131 olarak olduk\u00e7a de\u011fi\u015fkenlik g\u00f6sterir. \u015eehir merkezlerindeki konutlar \u00e7o\u011fu zaman y\u00fcksek fiyatl\u0131d\u0131r. \u00d6rne\u011fin, \u015fehir merkezinde yer alan bir konutun metrekare ba\u015f\u0131na fiyat\u0131 ortalama olarak 1,900 ile 6,000 avro aras\u0131nda de\u011fi\u015fir. Bu fiyatlar b\u00fcy\u00fck \u015fehirlerde, \u00f6zellikle Madrid ve Barselona gibi pop\u00fcler b\u00f6lgelerde daha y\u00fcksektir. Bu b\u00f6lgelerde konut fiyatlar\u0131 talep yo\u011funlu\u011fu ve konumun prestiji gibi unsurlara ba\u011fl\u0131 olarak belirlenir.<\/p>\n<p>\u015eehir d\u0131\u015f\u0131nda bulunan b\u00f6lgelerde konut fiyatlar\u0131 uygundur. Bu b\u00f6lgelerde metrekare ba\u015f\u0131na d\u00fc\u015fen fiyatlar 1,200 ile 3,576 avro aras\u0131nda de\u011fi\u015fmektedir. \u00d6zellikle k\u0131rsal b\u00f6lgelerde veya daha k\u00fc\u00e7\u00fck \u015fehirlerde bu fiyat aral\u0131klar\u0131 daha s\u0131k rastlanan bir durumdur. \u0130spanya&#8217;n\u0131n farkl\u0131 b\u00f6lgelerindeki konut piyasas\u0131, geni\u015f bir yelpazede fiyat ve \u00f6zellik sunar. O nedenle konut sat\u0131n almak isteyenlerin tercihleri ve b\u00fct\u00e7eleri do\u011frultusunda \u00e7e\u015fitli se\u00e7enekler bulunur.<\/p>\n<h2>\u0130spanya\u2019da ula\u015f\u0131m \u00fccreti ne kadar?<\/h2>\n<p>\u0130spanya&#8217;da ula\u015f\u0131m, geni\u015f ve etkili bir toplu ta\u015f\u0131ma a\u011f\u0131yla h\u0131zl\u0131 ve kolayd\u0131r. \u00dclkenin demiryolu sistemi, \u015fehirleri ve kasabalar\u0131 birbirine ba\u011flayarak kapsaml\u0131 bir seyahat imkan\u0131 sunar. Demiryolu a\u011f\u0131nda k\u0131sa mesafeli seyahatler \u00fccretsizdir. Y\u00fcksek h\u0131zl\u0131 trenler y\u00fczde 50 indirimle hizmet verir. Bunun yan\u0131 s\u0131ra otob\u00fcs, metro ve tramvay gibi toplu ta\u015f\u0131ma ara\u00e7lar\u0131 da yayg\u0131n olarak kullan\u0131l\u0131r. \u0130spanya&#8217;da ya\u015fad\u0131\u011f\u0131n ve \u00e7al\u0131\u015ft\u0131\u011f\u0131n s\u00fcre boyunca toplu ta\u015f\u0131ma ara\u00e7lar\u0131n\u0131n bu avantajlar\u0131ndan yararlanabilirsin.<\/p>\n<p>\u0130spanya&#8217;daki ula\u015f\u0131m \u00fccretleri \u00e7e\u015fitli se\u00e7eneklere g\u00f6re de\u011fi\u015fiklik g\u00f6sterir. Yerel ula\u015f\u0131mda tek y\u00f6n biletler 1.05 ile 2.40 avro aras\u0131nda de\u011fi\u015fir. Standart yeti\u015fkin ayl\u0131k ge\u00e7i\u015f kartlar\u0131 ise 25,95 ile 54,60 avro aras\u0131nda sat\u0131l\u0131r. \u0130spanya&#8217;da taksiler de yayg\u0131n bir ula\u015f\u0131m alternatifidir. Taksi ba\u015flang\u0131\u00e7 \u00fccretleri 2.35 ile 5.50 avro aras\u0131nda de\u011fi\u015fir. Her kilometre i\u00e7in ek \u00fccret al\u0131n\u0131r. Normal tarifede kilometre ba\u015f\u0131na \u00fccret 0.86 ile 3.00 avro aras\u0131nda de\u011fi\u015fir.<\/p>\n<h2>\u0130spanya&#8217;da ya\u015fayanlar\u0131n asgari \u00fccretle ge\u00e7inme ko\u015fullar\u0131<\/h2>\n<p>\u0130spanya&#8217;da ya\u015fayanlar\u0131n asgari \u00fccretle ge\u00e7inme ko\u015fullar\u0131 ve refah d\u00fczeyi, asgari \u00fccretin belirlendi\u011fi seviye ve \u00fclkenin genel ekonomik ko\u015fullar\u0131yla yak\u0131ndan ili\u015fkilidir. 2024&#8217;te 1.334 avro olan \u0130spanya&#8217;daki asgari \u00fccret, bir\u00e7ok ki\u015fiye g\u00f6re ge\u00e7im sa\u011flamak i\u00e7in yeterli de\u011fildir. \u00d6zellikle b\u00fcy\u00fck \u015fehirlerde ya\u015fayanlar i\u00e7in kira ve temel ya\u015fam maliyetleri olduk\u00e7a y\u00fcksektir. Bu durum, asgari \u00fccretle \u00e7al\u0131\u015fanlar\u0131n ya\u015fam standartlar\u0131n\u0131 ve refah d\u00fczeyini etkiler.<\/p>\n<p>Asgari \u00fccretle \u00e7al\u0131\u015fanlar\u0131n ge\u00e7im ko\u015fullar\u0131 zorludur. Kira, g\u0131da, ula\u015f\u0131m ve temel ihtiya\u00e7lar i\u00e7in harcanan miktar, asgari \u00fccretle kar\u015f\u0131lanabilecek seviyeyi a\u015fabilir. Bu nedenle bir\u00e7ok ki\u015fi ikinci bir i\u015f veya aile yard\u0131m\u0131 gibi alternatif gelir kaynaklar\u0131na ba\u015fvurabilir. Asgari \u00fccretle ge\u00e7inenlerin \u00e7o\u011fu, ya\u015fam standartlar\u0131n\u0131 iyile\u015ftirmek ve temel ihtiya\u00e7lar\u0131n\u0131 kar\u015f\u0131lamak i\u00e7in ek \u00e7abalar sarf etmek zorunda kalabilir.<\/p>\n<p>\u0130spanya&#8217;da asgari \u00fccretle ya\u015faman\u0131n refah d\u00fczeyi, ki\u015finin ya\u015fad\u0131\u011f\u0131 b\u00f6lgeye ve harcama al\u0131\u015fkanl\u0131klar\u0131na g\u00f6re de\u011fi\u015fir. \u00d6rne\u011fin, \u015fehir merkezlerindeki kira fiyatlar\u0131 y\u00fcksek oldu\u011fu i\u00e7in asgari \u00fccretle \u00e7al\u0131\u015fanlar uzak b\u00f6lgelerde uygun konut aray\u0131\u015f\u0131na girer. Bununla birlikte \u0130spanya&#8217;da sosyal yard\u0131m programlar\u0131 ve destek sistemleri de asgari \u00fccretle ge\u00e7inenlerin refah\u0131n\u0131 art\u0131rmaya y\u00f6neliktir. Bu programlar, temel ihtiya\u00e7lar\u0131 kar\u015f\u0131lamak ve yoksullu\u011fu azaltmak amac\u0131yla tasarlanm\u0131\u015ft\u0131r.<\/p>\n<!-- templates\/buttons-placeholder.php -->\n<div class=\"da-reactions-outer TpostID21230\">\n\t    <div class=\"da-reactions-data da-reactions-container-async center\"\n         data-type=\"post\"\n         data-id=\"21230\"\n         id=\"da-reactions-slot-post-21230\">\n        <div class=\"da-reactions-static\">\n\t\t\t<img src=\"https:\/\/www.kariyer.net\/kariyer-rehberi\/wp-content\/plugins\/da-reactions\/assets\/dist\/loading.svg\" alt=\"Loading spinner\" width=\"48\" height=\"48\" style=\"width:48px\" \/>\n        <\/div>\n    <\/div>\n<\/div>\n","protected":false},"excerpt":{"rendered":"<p>\u201c\u0130spanya&#8217;da asgari \u00fccret ne kadar, al\u0131m g\u00fcc\u00fc nas\u0131l?\u201d gibi merak edilen bir\u00e7ok sorunun cevab\u0131 bu yaz\u0131m\u0131zda! \u0130spanya&#8217;da \u00e7al\u0131\u015fmaya ve sosyal ya\u015fama dair di\u011fer detaylar\u0131 \u00f6\u011frenmek i\u00e7in yaz\u0131m\u0131z\u0131 okuyabilirsin. \u0130spanya&#8217;da asgari \u00fccret, \u00fclkenin ekonomik ve sosyal yap\u0131s\u0131n\u0131n \u00f6nemli bir g\u00f6stergesidir. \u0130\u015f\u00e7ilerin ve ailelerinin ya\u015fam standartlar\u0131n\u0131 belirleyen \u00fccret, her y\u0131l belirlenen yasal bir alt s\u0131n\u0131rd\u0131r. \u0130spanya&#8217;da asgari [&hellip;]<\/p>\n<!-- templates\/buttons-placeholder.php -->\n<div class=\"da-reactions-outer TpostID21230\">\n\t    <div class=\"da-reactions-data da-reactions-container-async center\"\n         data-type=\"post\"\n         data-id=\"21230\"\n         id=\"da-reactions-slot-post-21230\">\n        <div class=\"da-reactions-static\">\n\t\t\t<img src=\"https:\/\/www.kariyer.net\/kariyer-rehberi\/wp-content\/plugins\/da-reactions\/assets\/dist\/loading.svg\" alt=\"Loading spinner\" width=\"48\" height=\"48\" style=\"width:48px\" \/>\n        <\/div>\n    <\/div>\n<\/div>\n","protected":false},"author":12,"featured_media":21231,"comment_status":"closed","ping_status":"open","sticky":false,"template":"","format":"standard","meta":{"footnotes":"","_elementor_edit_mode":"","_elementor_template_type":"","_elementor_data":"","_elementor_page_settings":null,"_elementor_conditions":[]},"categories":[2214],"tags":[],"class_list":{"0":"post-21230","1":"post","2":"type-post","3":"status-publish","4":"format-standard","5":"has-post-thumbnail","7":"category-yasam"},"yoast_head":"<!-- This site is optimized with the Yoast SEO Premium plugin v21.4 (Yoast SEO v27.0) - https:\/\/yoast.com\/product\/yoast-seo-premium-wordpress\/ -->\n<title>\u0130spanya&#039;da asgari \u00fccret ne kadar?<\/title>\n<meta name=\"description\" content=\"\u201c\u0130spanya&#039;da asgari \u00fccret ne kadar, al\u0131m g\u00fcc\u00fc nas\u0131l?\u201d gibi merak edilen bir\u00e7ok sorunun cevab\u0131 bu yaz\u0131m\u0131zda!\" \/>\n<meta name=\"robots\" content=\"index, follow, max-snippet:-1, max-image-preview:large, max-video-preview:-1\" \/>\n<link rel=\"canonical\" href=\"https:\/\/www.kariyer.net\/kariyer-rehberi\/ispanyada-asgari-ucret-ne-kadar\/\" \/>\n<meta property=\"og:locale\" content=\"tr_TR\" \/>\n<meta property=\"og:type\" content=\"article\" \/>\n<meta property=\"og:title\" content=\"\u0130spanya&#039;da asgari \u00fccret ne kadar?\" \/>\n<meta property=\"og:description\" content=\"\u201c\u0130spanya&#039;da asgari \u00fccret ne kadar, al\u0131m g\u00fcc\u00fc nas\u0131l?\u201d gibi merak edilen bir\u00e7ok sorunun cevab\u0131 bu yaz\u0131m\u0131zda! \u0130spanya&#039;da \u00e7al\u0131\u015fmaya ve sosyal ya\u015fama dair\" \/>\n<meta property=\"og:url\" content=\"https:\/\/www.kariyer.net\/kariyer-rehberi\/ispanyada-asgari-ucret-ne-kadar\/\" \/>\n<meta property=\"og:site_name\" content=\"Kariyer Rehberi\" \/>\n<meta property=\"article:published_time\" content=\"2024-09-26T13:13:37+00:00\" \/>\n<meta property=\"article:modified_time\" content=\"2024-09-26T13:13:51+00:00\" \/>\n<meta property=\"og:image\" content=\"https:\/\/www.kariyer.net\/kariyer-rehberi\/wp-content\/uploads\/2024\/09\/ispanya_asgari-ucret.jpg\" \/>\n\t<meta property=\"og:image:width\" content=\"900\" \/>\n\t<meta property=\"og:image:height\" content=\"547\" \/>\n\t<meta property=\"og:image:type\" content=\"image\/jpeg\" \/>\n<meta name=\"author\" content=\"Edit\u00f6r\" \/>\n<meta name=\"twitter:card\" content=\"summary_large_image\" \/>\n<meta name=\"twitter:label1\" content=\"Yazan:\" \/>\n\t<meta name=\"twitter:data1\" content=\"Edit\u00f6r\" \/>\n\t<meta name=\"twitter:label2\" content=\"Tahmini okuma s\u00fcresi\" \/>\n\t<meta name=\"twitter:data2\" content=\"7 dakika\" \/>\n<!-- \/ Yoast SEO Premium plugin. -->","yoast_head_json":{"title":"\u0130spanya'da asgari \u00fccret ne kadar?","description":"\u201c\u0130spanya'da asgari \u00fccret ne kadar, al\u0131m g\u00fcc\u00fc nas\u0131l?\u201d gibi merak edilen bir\u00e7ok sorunun cevab\u0131 bu yaz\u0131m\u0131zda!","robots":{"index":"index","follow":"follow","max-snippet":"max-snippet:-1","max-image-preview":"max-image-preview:large","max-video-preview":"max-video-preview:-1"},"canonical":"https:\/\/www.kariyer.net\/kariyer-rehberi\/ispanyada-asgari-ucret-ne-kadar\/","og_locale":"tr_TR","og_type":"article","og_title":"\u0130spanya'da asgari \u00fccret ne kadar?","og_description":"\u201c\u0130spanya'da asgari \u00fccret ne kadar, al\u0131m g\u00fcc\u00fc nas\u0131l?\u201d gibi merak edilen bir\u00e7ok sorunun cevab\u0131 bu yaz\u0131m\u0131zda! \u0130spanya'da \u00e7al\u0131\u015fmaya ve sosyal ya\u015fama dair","og_url":"https:\/\/www.kariyer.net\/kariyer-rehberi\/ispanyada-asgari-ucret-ne-kadar\/","og_site_name":"Kariyer Rehberi","article_published_time":"2024-09-26T13:13:37+00:00","article_modified_time":"2024-09-26T13:13:51+00:00","og_image":[{"width":900,"height":547,"url":"https:\/\/www.kariyer.net\/kariyer-rehberi\/wp-content\/uploads\/2024\/09\/ispanya_asgari-ucret.jpg","type":"image\/jpeg"}],"author":"Edit\u00f6r","twitter_card":"summary_large_image","twitter_misc":{"Yazan:":"Edit\u00f6r","Tahmini okuma s\u00fcresi":"7 dakika"},"schema":{"@context":"https:\/\/schema.org","@graph":[{"@type":"Article","@id":"https:\/\/www.kariyer.net\/kariyer-rehberi\/ispanyada-asgari-ucret-ne-kadar\/#article","isPartOf":{"@id":"https:\/\/www.kariyer.net\/kariyer-rehberi\/ispanyada-asgari-ucret-ne-kadar\/"},"author":{"name":"Edit\u00f6r","@id":"https:\/\/www.kariyer.net\/kariyer-rehberi\/#\/schema\/person\/94fd6e49c7ff1b1b2565a2cc4fd685dd"},"headline":"\u0130spanya&#8217;da asgari \u00fccret ne kadar?","datePublished":"2024-09-26T13:13:37+00:00","dateModified":"2024-09-26T13:13:51+00:00","mainEntityOfPage":{"@id":"https:\/\/www.kariyer.net\/kariyer-rehberi\/ispanyada-asgari-ucret-ne-kadar\/"},"wordCount":1501,"publisher":{"@id":"https:\/\/www.kariyer.net\/kariyer-rehberi\/#organization"},"image":{"@id":"https:\/\/www.kariyer.net\/kariyer-rehberi\/ispanyada-asgari-ucret-ne-kadar\/#primaryimage"},"thumbnailUrl":"https:\/\/www.kariyer.net\/kariyer-rehberi\/wp-content\/uploads\/2024\/09\/ispanya_asgari-ucret.jpg","articleSection":["Ya\u015fam"],"inLanguage":"tr"},{"@type":"WebPage","@id":"https:\/\/www.kariyer.net\/kariyer-rehberi\/ispanyada-asgari-ucret-ne-kadar\/","url":"https:\/\/www.kariyer.net\/kariyer-rehberi\/ispanyada-asgari-ucret-ne-kadar\/","name":"\u0130spanya'da asgari \u00fccret ne kadar?","isPartOf":{"@id":"https:\/\/www.kariyer.net\/kariyer-rehberi\/#website"},"primaryImageOfPage":{"@id":"https:\/\/www.kariyer.net\/kariyer-rehberi\/ispanyada-asgari-ucret-ne-kadar\/#primaryimage"},"image":{"@id":"https:\/\/www.kariyer.net\/kariyer-rehberi\/ispanyada-asgari-ucret-ne-kadar\/#primaryimage"},"thumbnailUrl":"https:\/\/www.kariyer.net\/kariyer-rehberi\/wp-content\/uploads\/2024\/09\/ispanya_asgari-ucret.jpg","datePublished":"2024-09-26T13:13:37+00:00","dateModified":"2024-09-26T13:13:51+00:00","description":"\u201c\u0130spanya'da asgari \u00fccret ne kadar, al\u0131m g\u00fcc\u00fc nas\u0131l?\u201d gibi merak edilen bir\u00e7ok sorunun cevab\u0131 bu yaz\u0131m\u0131zda!","breadcrumb":{"@id":"https:\/\/www.kariyer.net\/kariyer-rehberi\/ispanyada-asgari-ucret-ne-kadar\/#breadcrumb"},"inLanguage":"tr","potentialAction":[{"@type":"ReadAction","target":["https:\/\/www.kariyer.net\/kariyer-rehberi\/ispanyada-asgari-ucret-ne-kadar\/"]}]},{"@type":"ImageObject","inLanguage":"tr","@id":"https:\/\/www.kariyer.net\/kariyer-rehberi\/ispanyada-asgari-ucret-ne-kadar\/#primaryimage","url":"https:\/\/www.kariyer.net\/kariyer-rehberi\/wp-content\/uploads\/2024\/09\/ispanya_asgari-ucret.jpg","contentUrl":"https:\/\/www.kariyer.net\/kariyer-rehberi\/wp-content\/uploads\/2024\/09\/ispanya_asgari-ucret.jpg","width":900,"height":547},{"@type":"BreadcrumbList","@id":"https:\/\/www.kariyer.net\/kariyer-rehberi\/ispanyada-asgari-ucret-ne-kadar\/#breadcrumb","itemListElement":[{"@type":"ListItem","position":1,"name":"Anasayfa","item":"https:\/\/www.kariyer.net\/kariyer-rehberi\/"},{"@type":"ListItem","position":2,"name":"\u0130spanya&#8217;da asgari \u00fccret ne kadar?"}]},{"@type":"WebSite","@id":"https:\/\/www.kariyer.net\/kariyer-rehberi\/#website","url":"https:\/\/www.kariyer.net\/kariyer-rehberi\/","name":"Kariyer Rehberi","description":"\u0130\u015f D\u00fcnyas\u0131yla \u0130lgili Bilmek \u0130stedi\u011finiz Her \u015eey","publisher":{"@id":"https:\/\/www.kariyer.net\/kariyer-rehberi\/#organization"},"potentialAction":[{"@type":"SearchAction","target":{"@type":"EntryPoint","urlTemplate":"https:\/\/www.kariyer.net\/kariyer-rehberi\/?s={search_term_string}"},"query-input":{"@type":"PropertyValueSpecification","valueRequired":true,"valueName":"search_term_string"}}],"inLanguage":"tr"},{"@type":"Organization","@id":"https:\/\/www.kariyer.net\/kariyer-rehberi\/#organization","name":"Kariyer.net","url":"https:\/\/www.kariyer.net\/kariyer-rehberi\/","logo":{"@type":"ImageObject","inLanguage":"tr","@id":"https:\/\/www.kariyer.net\/kariyer-rehberi\/#\/schema\/logo\/image\/","url":"https:\/\/www.kariyer.net\/kariyer-rehberi-new\/wp-content\/uploads\/2023\/01\/og-image11.jpg","contentUrl":"https:\/\/www.kariyer.net\/kariyer-rehberi-new\/wp-content\/uploads\/2023\/01\/og-image11.jpg","width":800,"height":800,"caption":"Kariyer.net"},"image":{"@id":"https:\/\/www.kariyer.net\/kariyer-rehberi\/#\/schema\/logo\/image\/"}},{"@type":"Person","@id":"https:\/\/www.kariyer.net\/kariyer-rehberi\/#\/schema\/person\/94fd6e49c7ff1b1b2565a2cc4fd685dd","name":"Edit\u00f6r","image":{"@type":"ImageObject","inLanguage":"tr","@id":"https:\/\/www.kariyer.net\/kariyer-rehberi\/#\/schema\/person\/image\/","url":"https:\/\/secure.gravatar.com\/avatar\/0c4fe6688343aed3693b15573beae12c08ace5565409d5ab7509bf9c115f458d?s=96&d=mm&r=g","contentUrl":"https:\/\/secure.gravatar.com\/avatar\/0c4fe6688343aed3693b15573beae12c08ace5565409d5ab7509bf9c115f458d?s=96&d=mm&r=g","caption":"Edit\u00f6r"},"url":"https:\/\/www.kariyer.net\/kariyer-rehberi\/author\/editor\/"}]}},"_links":{"self":[{"href":"https:\/\/www.kariyer.net\/kariyer-rehberi\/wp-json\/wp\/v2\/posts\/21230","targetHints":{"allow":["GET"]}}],"collection":[{"href":"https:\/\/www.kariyer.net\/kariyer-rehberi\/wp-json\/wp\/v2\/posts"}],"about":[{"href":"https:\/\/www.kariyer.net\/kariyer-rehberi\/wp-json\/wp\/v2\/types\/post"}],"author":[{"embeddable":true,"href":"https:\/\/www.kariyer.net\/kariyer-rehberi\/wp-json\/wp\/v2\/users\/12"}],"replies":[{"embeddable":true,"href":"https:\/\/www.kariyer.net\/kariyer-rehberi\/wp-json\/wp\/v2\/comments?post=21230"}],"version-history":[{"count":1,"href":"https:\/\/www.kariyer.net\/kariyer-rehberi\/wp-json\/wp\/v2\/posts\/21230\/revisions"}],"predecessor-version":[{"id":21232,"href":"https:\/\/www.kariyer.net\/kariyer-rehberi\/wp-json\/wp\/v2\/posts\/21230\/revisions\/21232"}],"wp:featuredmedia":[{"embeddable":true,"href":"https:\/\/www.kariyer.net\/kariyer-rehberi\/wp-json\/wp\/v2\/media\/21231"}],"wp:attachment":[{"href":"https:\/\/www.kariyer.net\/kariyer-rehberi\/wp-json\/wp\/v2\/media?parent=21230"}],"wp:term":[{"taxonomy":"category","embeddable":true,"href":"https:\/\/www.kariyer.net\/kariyer-rehberi\/wp-json\/wp\/v2\/categories?post=21230"},{"taxonomy":"post_tag","embeddable":true,"href":"https:\/\/www.kariyer.net\/kariyer-rehberi\/wp-json\/wp\/v2\/tags?post=21230"}],"curies":[{"name":"wp","href":"https:\/\/api.w.org\/{rel}","templated":true}]}}