{"id":21235,"date":"2024-09-27T15:57:44","date_gmt":"2024-09-27T12:57:44","guid":{"rendered":"https:\/\/www.kariyer.net\/kariyer-rehberi\/?p=21235"},"modified":"2024-09-27T15:58:25","modified_gmt":"2024-09-27T12:58:25","slug":"portekizde-asgari-ucret-ne-kadar","status":"publish","type":"post","link":"https:\/\/www.kariyer.net\/kariyer-rehberi\/portekizde-asgari-ucret-ne-kadar\/","title":{"rendered":"Portekiz&#8217;de asgari \u00fccret ne kadar?"},"content":{"rendered":"<p><strong>\u201cPortekiz&#8217;de asgari \u00fccret ne kadar, al\u0131m g\u00fcc\u00fc nas\u0131l?\u201d gibi merak edilen bir\u00e7ok sorunun cevab\u0131 bu yaz\u0131m\u0131zda! Portekiz&#8217;de \u00e7al\u0131\u015fmaya ve sosyal ya\u015fama dair di\u011fer detaylar\u0131 \u00f6\u011frenmek i\u00e7in yaz\u0131m\u0131z\u0131 okuyabilirsin.<\/strong><\/p>\n<p>2024 y\u0131l\u0131nda <strong>Portekiz&#8217;de asgari \u00fccret ne kadar<\/strong> sorusunun yan\u0131t\u0131n\u0131 merak ediyorsan, \u00fclkede asgari \u00fccretin, ulusal \u00e7apta 822,5 euro olarak belirlendi\u011fi s\u00f6ylenebilir. Portekiz&#8217;de asgari \u00fccretin belirlenmesi, ya\u015fam maliyeti, ulusal verimlilik ve h\u00fck\u00fcmetin mali politikalar\u0131na dayal\u0131 y\u0131ll\u0131k ayarlamalar\u0131 yans\u0131tan bir s\u00fcre\u00e7tir.<\/p>\n<p>2024 itibar\u0131yla, Portekiz&#8217;in ortalama maa\u015f\u0131, artan ya\u015fam maliyeti ile kar\u015f\u0131la\u015ft\u0131r\u0131ld\u0131\u011f\u0131nda 1,463 euro olarak belirlenmi\u015ftir. Bu \u00fclkede ya\u015famak istiyorsan, \u00f6zellikle Lizbon&#8217;da kiral\u0131k daire bulman\u0131n giderek zorla\u015ft\u0131\u011f\u0131 bir pazarda, ayl\u0131k 1,000 eurodan d\u00fc\u015f\u00fck bir daire bulmak giderek zorla\u015fmaktad\u0131r. Bu ekonomik bask\u0131, \u00f6zellikle gen\u00e7 nesil olmak \u00fczere bir\u00e7ok bireyin ebeveynleriyle veya payla\u015f\u0131ml\u0131 konut durumlar\u0131nda, bazen di\u011fer \u00e7iftlerle bile alan payla\u015farak ya\u015famay\u0131 tercih etmesine yol a\u00e7m\u0131\u015ft\u0131r. Portekiz&#8217;de asgari \u00fccret, \u00fclkeyi \u00f6zellikle gen\u00e7 nesil i\u00e7in istihdam f\u0131rsatlar\u0131 a\u00e7\u0131s\u0131ndan cazip bir destinasyon olarak g\u00f6rmekten uzakla\u015ft\u0131ran Avrupa&#8217;daki en d\u00fc\u015f\u00fck maa\u015flardan biri olarak s\u0131ralanmaktad\u0131r. Bu durum, daha iyi \u00f6deme f\u0131rsatlar\u0131 arayan bir\u00e7ok gencin yurt d\u0131\u015f\u0131na g\u00f6\u00e7 etme oran\u0131nda \u00f6nemli bir art\u0131\u015fa neden olmu\u015ftur. Ancak, teknoloji, enerji, finansal hizmetler ve sigorta gibi belirli sekt\u00f6rler, di\u011fer \u00fclkelerdeki maa\u015flarla kar\u015f\u0131la\u015ft\u0131r\u0131labilir rekabet\u00e7i maa\u015flar sunmaktad\u0131r. Ancak genel olarak, maa\u015f seviyeleri genelde daha d\u00fc\u015f\u00fck olup, Portekizce konu\u015fmayanlar i\u00e7in i\u015f f\u0131rsatlar\u0131 k\u0131tt\u0131r.<\/p>\n<p>Portekiz&#8217;de ya\u015famak ve \u00e7al\u0131\u015fmak gibi bir plan\u0131n var ise bir\u00e7ok yabanc\u0131n\u0131n, dil engellerinin daha az oldu\u011fu \u00e7a\u011fr\u0131 merkezlerinde veya uluslararas\u0131 \u015firketlerde \u00e7al\u0131\u015ft\u0131\u011f\u0131 bilgisini dikkate alman gerekebilir. Bu ekonomik ko\u015fullar g\u00f6z \u00f6n\u00fcnde bulunduruldu\u011funda, Portekiz geleneksel istihdam arayanlar i\u00e7in de\u011fil, emekliler ve uzaktan \u00e7al\u0131\u015fanlar i\u00e7in daha cazip bir destinasyon haline gelmi\u015ftir. \u00dclkenin dijital g\u00f6\u00e7men vizesi, esnek \u00e7al\u0131\u015fma imkan\u0131na sahip olan ve Portekiz&#8217;in ya\u015fam kalitesinden yararlan\u0131rken daha g\u00fc\u00e7l\u00fc para birimleriyle kazan\u00e7 sa\u011flayabilen AB\/EEA\/\u0130svi\u00e7re pasaportu olmayanlar i\u00e7in cazip bir se\u00e7enektir. Portekiz&#8217;deki asgari \u00fccretin g\u00fcncellenmesi, h\u00fck\u00fcmet bakanlar\u0131, ticaret \u00f6rg\u00fct\u00fc temsilcileri ve sendika liderlerinden olu\u015fan \u00fc\u00e7l\u00fc bir komite taraf\u0131ndan ger\u00e7ekle\u015ftirilen bir s\u00fcreci i\u00e7ermektedir. Bu s\u00fcre\u00e7, \u00fclkenin ekonomik ve sosyal hedeflerine uygun bir asgari \u00fccret seviyesini belirlemeyi ama\u00e7lamaktad\u0131r. Portekiz&#8217;de asgari \u00fccret ile ya\u015fam ko\u015fullar\u0131 hakk\u0131ndaki sorular\u0131n\u0131n yan\u0131tlar\u0131n\u0131 burada bulabilirsin.<\/p>\n<h2><strong>Portekiz&#8217;de saatlik asgari \u00fccret<\/strong><\/h2>\n<p>Portekiz, Avrupa&#8217;n\u0131n g\u00fcneybat\u0131s\u0131nda yer alan, zengin k\u00fclt\u00fcrel miras\u0131 ve canl\u0131 ekonomisi ile dikkat \u00e7eken bir \u00fclkedir. Portekiz ekonomisi, turizm, tar\u0131m ve sanayi gibi \u00e7e\u015fitli sekt\u00f6rlerdeki performans\u0131yla Avrupa Birli\u011fi i\u00e7inde kendine \u00f6zg\u00fc bir konuma sahiptir. Portekiz&#8217;de asgari \u00fccret, \u00e7al\u0131\u015fanlar\u0131n ya\u015fam standartlar\u0131n\u0131 korumak ve iyile\u015ftirmek i\u00e7in \u00f6nemli bir ekonomik g\u00f6stergedir. 2024 y\u0131l\u0131nda Portekiz&#8217;de uygulanan asgari \u00fccret, \u00e7al\u0131\u015fanlar\u0131n mali durumunu ve i\u015fverenlerin maliyet hesaplamalar\u0131n\u0131 do\u011frudan etkileyen bir fakt\u00f6rd\u00fcr. Saatlik asgari \u00fccret, \u00e7al\u0131\u015fanlar\u0131n g\u00fcnl\u00fck ya\u015famlar\u0131nda kar\u015f\u0131la\u015ft\u0131klar\u0131 mali zorluklarla ba\u015fa \u00e7\u0131kmalar\u0131na yard\u0131mc\u0131 olacak bir gelir seviyesi sa\u011flamay\u0131 ama\u00e7lar. Ayn\u0131 zamanda, i\u015fverenler i\u00e7in de i\u015f g\u00fcc\u00fc maliyetlerini planlama a\u00e7\u0131s\u0131ndan bir referans noktas\u0131d\u0131r.<\/p>\n<p>Portekiz&#8217;de saatlik asgari \u00fccretin belirlenmesi, \u00e7e\u015fitli ekonomik g\u00f6stergeler ve ya\u015fam maliyeti analizleri dikkate al\u0131narak yap\u0131l\u0131r. Bu s\u00fcre\u00e7, h\u00fck\u00fcmet, i\u015f\u00e7i sendikalar\u0131 ve i\u015fverenler aras\u0131nda yap\u0131lan m\u00fczakerelerle \u015fekillenir. Saatlik asgari \u00fccret, genellikle y\u0131ll\u0131k bazda g\u00f6zden ge\u00e7irilir ve gerekti\u011finde g\u00fcncellenir. Saatlik asgari \u00fccret, \u00e7al\u0131\u015fanlar\u0131n ald\u0131\u011f\u0131 toplam \u00fccretin \u00e7al\u0131\u015fma saatlerine b\u00f6l\u00fcnmesiyle hesaplan\u0131r ve bu da part-time ve tam zamanl\u0131 \u00e7al\u0131\u015fanlar i\u00e7in farkl\u0131l\u0131k g\u00f6sterebilir. Portekiz ekonomisi, turizm, tar\u0131m, bal\u0131k\u00e7\u0131l\u0131k ve teknoloji gibi \u00e7e\u015fitli sekt\u00f6rlerdeki performans\u0131yla Avrupa Birli\u011fi i\u00e7inde kendine sa\u011flam bir yer edinmi\u015ftir. Sen de kendi uzmanl\u0131k alan\u0131na g\u00f6re bu alanlardaki \u00e7al\u0131\u015fma f\u0131rsatlar\u0131n\u0131, yasal gereklilikleri ara\u015ft\u0131rabilirsin.<\/p>\n<p>Saatlik asgari \u00fccretin belirlenmesi, bu sekt\u00f6rlerde \u00e7al\u0131\u015fanlar\u0131n gelir d\u00fczeylerini korumak ve ekonomik b\u00fcy\u00fcmeyi desteklemek i\u00e7in kritik bir rol oynar. Portekiz&#8217;de 2024 y\u0131l\u0131nda uygulanan saatlik asgari \u00fccret, ekonomik istikrar\u0131n ve sosyal adaletin sa\u011flanmas\u0131nda kilit bir role sahiptir. Bu \u00fccret, \u00e7al\u0131\u015fanlar\u0131n ya\u015fam kalitesini y\u00fckseltmeyi hedeflerken, i\u015fverenler i\u00e7in de maliyet hesaplamalar\u0131nda belirleyici bir fakt\u00f6rd\u00fcr.<\/p>\n<h2><strong>Portekiz&#8217;de asgari \u00fccretle \u00e7al\u0131\u015fan meslekler<\/strong><\/h2>\n<p>Ekonomik a\u00e7\u0131dan bak\u0131ld\u0131\u011f\u0131nda, Portekiz&#8217;de asgari \u00fccretle \u00e7al\u0131\u015fan mesleklerin geni\u015f bir yelpazesi bulunmaktad\u0131r.<\/p>\n<p>Portekiz&#8217;de asgari \u00fccretle \u00e7al\u0131\u015fan meslekler aras\u0131nda, yaz\u0131l\u0131mc\u0131lar, doktorlar, <a href=\"https:\/\/www.kariyer.net\/pozisyonlar\/hemsire\" target=\"_blank\" rel=\"noopener\">hem\u015fire<\/a>ler, garsonlar, terc\u00fcmanlar ve <a href=\"https:\/\/www.kariyer.net\/pozisyonlar\/musteri+temsilcisi\" target=\"_blank\" rel=\"noopener\">m\u00fc\u015fteri temsilcileri<\/a>\u00a0 gibi pozisyonlar bulunmaktad\u0131r. Bu meslekler, \u00fclkenin ekonomik yap\u0131s\u0131n\u0131n \u00e7e\u015fitlili\u011fini ve i\u015f g\u00fcc\u00fc piyasas\u0131n\u0131n dinamiklerini yans\u0131tmaktad\u0131r. \u00d6zellikle teknoloji ve sa\u011fl\u0131k sekt\u00f6rleri, Portekiz&#8217;de \u00f6nemli i\u015f imkanlar\u0131 sunmaktad\u0131r. Yaz\u0131l\u0131m m\u00fchendisleri, UX tasar\u0131mc\u0131lar\u0131 ve web geli\u015ftiriciler gibi teknoloji odakl\u0131 meslekler, son y\u0131llarda y\u00fcksek talep g\u00f6ren alanlar aras\u0131ndad\u0131r. Portekiz&#8217;de \u00e7al\u0131\u015fmak isteyen yabanc\u0131 uyruklu bireyler i\u00e7in \u0130ngilizce dil bilgisi b\u00fcy\u00fck bir avantaj sa\u011flamaktad\u0131r. \u00dclkede y\u00fcksek oranda \u0130ngilizce bilen bir n\u00fcfus bulunmakta ve bu da yabanc\u0131 i\u015f\u00e7ilerin i\u015f bulmas\u0131n\u0131 kolayla\u015ft\u0131rmaktad\u0131r. E\u011fer kariyer planlar\u0131n i\u00e7erisinden Portekiz&#8217;de \u00e7al\u0131\u015fmak var ise sen de yabanc\u0131 dilini geli\u015ftirmek i\u00e7in gerekli giri\u015fimlerde bulunabilirsin.<\/p>\n<p>Portekiz, \u00e7al\u0131\u015fan haklar\u0131 konusunda ileri bir \u00fclke olarak bilinir ve \u00f6zel sekt\u00f6rde asgari \u00fccret alan \u00e7al\u0131\u015fanlar\u0131n oran\u0131 %23.5 civar\u0131ndad\u0131r. Ayr\u0131ca, Portekiz&#8217;de \u00e7al\u0131\u015fma saatleri, \u00e7al\u0131\u015fanlar i\u00e7in g\u00fcnl\u00fck en fazla 8 saat ve haftal\u0131k en fazla 40 saat olarak s\u0131n\u0131rland\u0131r\u0131lm\u0131\u015ft\u0131r. Portekiz&#8217;de asgari \u00fccretle \u00e7al\u0131\u015fan mesleklerin maa\u015flar\u0131, di\u011fer Avrupa \u00fclkelerine k\u0131yasla d\u00fc\u015f\u00fck kalmakla birlikte, \u00fclkenin sundu\u011fu y\u00fcksek ya\u015fam kalitesi ve \u00e7al\u0131\u015fma \u015fartlar\u0131, bu durumu dengelemektedir. Bu da i\u015f d\u0131\u015f\u0131 zamanda kendine zaman ay\u0131rman i\u00e7in bir f\u0131rsat olarak de\u011ferlendirilebilir.<\/p>\n<h2><strong>Portekiz&#8217;de ya\u015fam maliyetleri nas\u0131ld\u0131r?<\/strong><\/h2>\n<p>Portekiz, Atlantik Okyanusu&#8217;nun s\u0131cak k\u0131y\u0131lar\u0131, d\u00fc\u015f\u00fck su\u00e7 oranlar\u0131 ve geli\u015fmi\u015f e\u011fitim ve sa\u011fl\u0131k sistemleri ile bir\u00e7ok ki\u015fi i\u00e7in cazip bir ya\u015fam alan\u0131 sunar. \u00dclkenin ya\u015fam maliyetleri, genel olarak kar\u015f\u0131lanabilir seviyelerde olup, Bat\u0131 Avrupa \u00fclkelerine k\u0131yasla daha d\u00fc\u015f\u00fck ortalama maa\u015flarla dengelenir. Portekiz&#8217;de ya\u015fam standartlar\u0131, Birle\u015fmi\u015f Milletler&#8217;in insani geli\u015fmi\u015flik endeksi raporuna g\u00f6re d\u00fcnya ortalamas\u0131n\u0131n olduk\u00e7a \u00fczerindedir.<\/p>\n<p>\u00dclke, sa\u011fl\u0131k sistemine y\u0131ll\u0131k milli has\u0131lat\u0131n\u0131n %9&#8217;unu ay\u0131rarak, vatanda\u015flar\u0131na ve oturum iznine sahip olanlara neredeyse \u00fccretsiz sa\u011fl\u0131k hizmeti sunar. E\u011fitim sistemi de Avrupa Birli\u011fi taraf\u0131ndan tan\u0131nan diplomalarla kaliteli e\u011fitim f\u0131rsatlar\u0131 sa\u011flamaktad\u0131r. Ya\u015fam maliyetleri a\u00e7\u0131s\u0131ndan, Portekiz&#8217;de bir \u00e7ift, k\u00fc\u00e7\u00fck \u015fehirlerde veya i\u00e7 b\u00f6lgelerde ayda yakla\u015f\u0131k 1,500 \u20ac ile ya\u015fayabilirken, Lizbon gibi b\u00fcy\u00fck \u015fehirlerde bu maliyet 2,000 \u20ac ile 2,500 \u20ac aras\u0131nda de\u011fi\u015febilir. Market al\u0131\u015fveri\u015fi, ula\u015f\u0131m, sigorta ve e\u011fitim gibi temel harcamalar i\u00e7in ayl\u0131k b\u00fct\u00e7e, ya\u015fam tarz\u0131na ve tercih edilen \u015fehre g\u00f6re farkl\u0131l\u0131k g\u00f6sterebilir. \u00d6rne\u011fin, 2024 verilerine g\u00f6re, 2 ki\u015fi ve 1 \u00e7ocuktan olu\u015fan bir aile i\u00e7in market al\u0131\u015fveri\u015fi maliyeti ayl\u0131k ortalama 500 \u20ac civar\u0131ndad\u0131r.<\/p>\n<p>Portekiz&#8217;de ula\u015f\u0131m giderleri, Avrupa&#8217;n\u0131n en geli\u015fmi\u015f ula\u015f\u0131m altyap\u0131lar\u0131ndan birine sahip olup, metro biletleri 1,80 \u20ac ile 5 \u20ac, ayl\u0131k kartlar ise 30 \u20ac ile 40 \u20ac aras\u0131nda de\u011fi\u015fir. Yine Portekiz&#8217;de \u00f6\u011frenciler i\u00e7in indirimli bilet uygulamalar\u0131 mevcut olup bu da \u00fclkede e\u011fitim g\u00f6ren kesim i\u00e7in \u00f6nemli bir avantaj sa\u011flamaktad\u0131r. Bu a\u00e7\u0131dan, Portekiz&#8217;de ya\u015fam maliyetlerinin, \u00fclkenin sundu\u011fu ya\u015fam kalitesi g\u00f6z \u00f6n\u00fcnde bulunduruldu\u011funda olduk\u00e7a makul seviyelerde oldu\u011fu s\u00f6ylenebilir. Ancak, ekonomik durum ve ya\u015fam tarz\u0131 tercihleri gibi fakt\u00f6rler, ki\u015fisel maliyetleri etkileyebilir. Portekiz&#8217;de ya\u015famak, bir\u00e7ok ki\u015fi i\u00e7in hem ekonomik hem de sosyal a\u00e7\u0131dan tatmin edici bir deneyim sunmaktad\u0131r.<\/p>\n<!-- templates\/buttons-placeholder.php -->\n<div class=\"da-reactions-outer TpostID21235\">\n\t    <div class=\"da-reactions-data da-reactions-container-async center\"\n         data-type=\"post\"\n         data-id=\"21235\"\n         id=\"da-reactions-slot-post-21235\">\n        <div class=\"da-reactions-static\">\n\t\t\t<img src=\"https:\/\/www.kariyer.net\/kariyer-rehberi\/wp-content\/plugins\/da-reactions\/assets\/dist\/loading.svg\" alt=\"Loading spinner\" width=\"48\" height=\"48\" style=\"width:48px\" \/>\n        <\/div>\n    <\/div>\n<\/div>\n","protected":false},"excerpt":{"rendered":"<p>\u201cPortekiz&#8217;de asgari \u00fccret ne kadar, al\u0131m g\u00fcc\u00fc nas\u0131l?\u201d gibi merak edilen bir\u00e7ok sorunun cevab\u0131 bu yaz\u0131m\u0131zda! Portekiz&#8217;de \u00e7al\u0131\u015fmaya ve sosyal ya\u015fama dair di\u011fer detaylar\u0131 \u00f6\u011frenmek i\u00e7in yaz\u0131m\u0131z\u0131 okuyabilirsin. 2024 y\u0131l\u0131nda Portekiz&#8217;de asgari \u00fccret ne kadar sorusunun yan\u0131t\u0131n\u0131 merak ediyorsan, \u00fclkede asgari \u00fccretin, ulusal \u00e7apta 822,5 euro olarak belirlendi\u011fi s\u00f6ylenebilir. Portekiz&#8217;de asgari \u00fccretin belirlenmesi, ya\u015fam maliyeti, [&hellip;]<\/p>\n<!-- templates\/buttons-placeholder.php -->\n<div class=\"da-reactions-outer TpostID21235\">\n\t    <div class=\"da-reactions-data da-reactions-container-async center\"\n         data-type=\"post\"\n         data-id=\"21235\"\n         id=\"da-reactions-slot-post-21235\">\n        <div class=\"da-reactions-static\">\n\t\t\t<img src=\"https:\/\/www.kariyer.net\/kariyer-rehberi\/wp-content\/plugins\/da-reactions\/assets\/dist\/loading.svg\" alt=\"Loading spinner\" width=\"48\" height=\"48\" style=\"width:48px\" \/>\n        <\/div>\n    <\/div>\n<\/div>\n","protected":false},"author":12,"featured_media":21236,"comment_status":"closed","ping_status":"open","sticky":false,"template":"","format":"standard","meta":{"footnotes":"","_elementor_edit_mode":"","_elementor_template_type":"","_elementor_data":"","_elementor_page_settings":null,"_elementor_conditions":[]},"categories":[2214],"tags":[],"class_list":{"0":"post-21235","1":"post","2":"type-post","3":"status-publish","4":"format-standard","5":"has-post-thumbnail","7":"category-yasam"},"yoast_head":"<!-- This site is optimized with the Yoast SEO Premium plugin v21.4 (Yoast SEO v27.0) - https:\/\/yoast.com\/product\/yoast-seo-premium-wordpress\/ -->\n<title>Portekiz&#039;de asgari \u00fccret ne kadar?<\/title>\n<meta name=\"description\" content=\"\u201cPortekiz&#039;de asgari \u00fccret ne kadar, al\u0131m g\u00fcc\u00fc nas\u0131l?\u201d gibi merak edilen bir\u00e7ok sorunun cevab\u0131 bu yaz\u0131m\u0131zda!\" \/>\n<meta name=\"robots\" content=\"index, follow, max-snippet:-1, max-image-preview:large, max-video-preview:-1\" \/>\n<link rel=\"canonical\" href=\"https:\/\/www.kariyer.net\/kariyer-rehberi\/portekizde-asgari-ucret-ne-kadar\/\" \/>\n<meta property=\"og:locale\" content=\"tr_TR\" \/>\n<meta property=\"og:type\" content=\"article\" \/>\n<meta property=\"og:title\" content=\"Portekiz&#039;de asgari \u00fccret ne kadar?\" \/>\n<meta property=\"og:description\" content=\"\u201cPortekiz&#039;de asgari \u00fccret ne kadar, al\u0131m g\u00fcc\u00fc nas\u0131l?\u201d gibi merak edilen bir\u00e7ok sorunun cevab\u0131 bu yaz\u0131m\u0131zda! Portekiz&#039;de \u00e7al\u0131\u015fmaya ve sosyal ya\u015fama dair\" \/>\n<meta property=\"og:url\" content=\"https:\/\/www.kariyer.net\/kariyer-rehberi\/portekizde-asgari-ucret-ne-kadar\/\" \/>\n<meta property=\"og:site_name\" content=\"Kariyer Rehberi\" \/>\n<meta property=\"article:published_time\" content=\"2024-09-27T12:57:44+00:00\" \/>\n<meta property=\"article:modified_time\" content=\"2024-09-27T12:58:25+00:00\" \/>\n<meta property=\"og:image\" content=\"https:\/\/www.kariyer.net\/kariyer-rehberi\/wp-content\/uploads\/2024\/09\/portekiz_asgari_ucret.jpg\" \/>\n\t<meta property=\"og:image:width\" content=\"900\" \/>\n\t<meta property=\"og:image:height\" content=\"600\" \/>\n\t<meta property=\"og:image:type\" content=\"image\/jpeg\" \/>\n<meta name=\"author\" content=\"Edit\u00f6r\" \/>\n<meta name=\"twitter:card\" content=\"summary_large_image\" \/>\n<meta name=\"twitter:label1\" content=\"Yazan:\" \/>\n\t<meta name=\"twitter:data1\" content=\"Edit\u00f6r\" \/>\n\t<meta name=\"twitter:label2\" content=\"Tahmini okuma s\u00fcresi\" \/>\n\t<meta name=\"twitter:data2\" content=\"7 dakika\" \/>\n<!-- \/ Yoast SEO Premium plugin. -->","yoast_head_json":{"title":"Portekiz'de asgari \u00fccret ne kadar?","description":"\u201cPortekiz'de asgari \u00fccret ne kadar, al\u0131m g\u00fcc\u00fc nas\u0131l?\u201d gibi merak edilen bir\u00e7ok sorunun cevab\u0131 bu yaz\u0131m\u0131zda!","robots":{"index":"index","follow":"follow","max-snippet":"max-snippet:-1","max-image-preview":"max-image-preview:large","max-video-preview":"max-video-preview:-1"},"canonical":"https:\/\/www.kariyer.net\/kariyer-rehberi\/portekizde-asgari-ucret-ne-kadar\/","og_locale":"tr_TR","og_type":"article","og_title":"Portekiz'de asgari \u00fccret ne kadar?","og_description":"\u201cPortekiz'de asgari \u00fccret ne kadar, al\u0131m g\u00fcc\u00fc nas\u0131l?\u201d gibi merak edilen bir\u00e7ok sorunun cevab\u0131 bu yaz\u0131m\u0131zda! Portekiz'de \u00e7al\u0131\u015fmaya ve sosyal ya\u015fama dair","og_url":"https:\/\/www.kariyer.net\/kariyer-rehberi\/portekizde-asgari-ucret-ne-kadar\/","og_site_name":"Kariyer Rehberi","article_published_time":"2024-09-27T12:57:44+00:00","article_modified_time":"2024-09-27T12:58:25+00:00","og_image":[{"width":900,"height":600,"url":"https:\/\/www.kariyer.net\/kariyer-rehberi\/wp-content\/uploads\/2024\/09\/portekiz_asgari_ucret.jpg","type":"image\/jpeg"}],"author":"Edit\u00f6r","twitter_card":"summary_large_image","twitter_misc":{"Yazan:":"Edit\u00f6r","Tahmini okuma s\u00fcresi":"7 dakika"},"schema":{"@context":"https:\/\/schema.org","@graph":[{"@type":"Article","@id":"https:\/\/www.kariyer.net\/kariyer-rehberi\/portekizde-asgari-ucret-ne-kadar\/#article","isPartOf":{"@id":"https:\/\/www.kariyer.net\/kariyer-rehberi\/portekizde-asgari-ucret-ne-kadar\/"},"author":{"name":"Edit\u00f6r","@id":"https:\/\/www.kariyer.net\/kariyer-rehberi\/#\/schema\/person\/94fd6e49c7ff1b1b2565a2cc4fd685dd"},"headline":"Portekiz&#8217;de asgari \u00fccret ne kadar?","datePublished":"2024-09-27T12:57:44+00:00","dateModified":"2024-09-27T12:58:25+00:00","mainEntityOfPage":{"@id":"https:\/\/www.kariyer.net\/kariyer-rehberi\/portekizde-asgari-ucret-ne-kadar\/"},"wordCount":1498,"publisher":{"@id":"https:\/\/www.kariyer.net\/kariyer-rehberi\/#organization"},"image":{"@id":"https:\/\/www.kariyer.net\/kariyer-rehberi\/portekizde-asgari-ucret-ne-kadar\/#primaryimage"},"thumbnailUrl":"https:\/\/www.kariyer.net\/kariyer-rehberi\/wp-content\/uploads\/2024\/09\/portekiz_asgari_ucret.jpg","articleSection":["Ya\u015fam"],"inLanguage":"tr"},{"@type":"WebPage","@id":"https:\/\/www.kariyer.net\/kariyer-rehberi\/portekizde-asgari-ucret-ne-kadar\/","url":"https:\/\/www.kariyer.net\/kariyer-rehberi\/portekizde-asgari-ucret-ne-kadar\/","name":"Portekiz'de asgari \u00fccret ne kadar?","isPartOf":{"@id":"https:\/\/www.kariyer.net\/kariyer-rehberi\/#website"},"primaryImageOfPage":{"@id":"https:\/\/www.kariyer.net\/kariyer-rehberi\/portekizde-asgari-ucret-ne-kadar\/#primaryimage"},"image":{"@id":"https:\/\/www.kariyer.net\/kariyer-rehberi\/portekizde-asgari-ucret-ne-kadar\/#primaryimage"},"thumbnailUrl":"https:\/\/www.kariyer.net\/kariyer-rehberi\/wp-content\/uploads\/2024\/09\/portekiz_asgari_ucret.jpg","datePublished":"2024-09-27T12:57:44+00:00","dateModified":"2024-09-27T12:58:25+00:00","description":"\u201cPortekiz'de asgari \u00fccret ne kadar, al\u0131m g\u00fcc\u00fc nas\u0131l?\u201d gibi merak edilen bir\u00e7ok sorunun cevab\u0131 bu yaz\u0131m\u0131zda!","breadcrumb":{"@id":"https:\/\/www.kariyer.net\/kariyer-rehberi\/portekizde-asgari-ucret-ne-kadar\/#breadcrumb"},"inLanguage":"tr","potentialAction":[{"@type":"ReadAction","target":["https:\/\/www.kariyer.net\/kariyer-rehberi\/portekizde-asgari-ucret-ne-kadar\/"]}]},{"@type":"ImageObject","inLanguage":"tr","@id":"https:\/\/www.kariyer.net\/kariyer-rehberi\/portekizde-asgari-ucret-ne-kadar\/#primaryimage","url":"https:\/\/www.kariyer.net\/kariyer-rehberi\/wp-content\/uploads\/2024\/09\/portekiz_asgari_ucret.jpg","contentUrl":"https:\/\/www.kariyer.net\/kariyer-rehberi\/wp-content\/uploads\/2024\/09\/portekiz_asgari_ucret.jpg","width":900,"height":600},{"@type":"BreadcrumbList","@id":"https:\/\/www.kariyer.net\/kariyer-rehberi\/portekizde-asgari-ucret-ne-kadar\/#breadcrumb","itemListElement":[{"@type":"ListItem","position":1,"name":"Anasayfa","item":"https:\/\/www.kariyer.net\/kariyer-rehberi\/"},{"@type":"ListItem","position":2,"name":"Portekiz&#8217;de asgari \u00fccret ne kadar?"}]},{"@type":"WebSite","@id":"https:\/\/www.kariyer.net\/kariyer-rehberi\/#website","url":"https:\/\/www.kariyer.net\/kariyer-rehberi\/","name":"Kariyer Rehberi","description":"\u0130\u015f D\u00fcnyas\u0131yla \u0130lgili Bilmek \u0130stedi\u011finiz Her \u015eey","publisher":{"@id":"https:\/\/www.kariyer.net\/kariyer-rehberi\/#organization"},"potentialAction":[{"@type":"SearchAction","target":{"@type":"EntryPoint","urlTemplate":"https:\/\/www.kariyer.net\/kariyer-rehberi\/?s={search_term_string}"},"query-input":{"@type":"PropertyValueSpecification","valueRequired":true,"valueName":"search_term_string"}}],"inLanguage":"tr"},{"@type":"Organization","@id":"https:\/\/www.kariyer.net\/kariyer-rehberi\/#organization","name":"Kariyer.net","url":"https:\/\/www.kariyer.net\/kariyer-rehberi\/","logo":{"@type":"ImageObject","inLanguage":"tr","@id":"https:\/\/www.kariyer.net\/kariyer-rehberi\/#\/schema\/logo\/image\/","url":"https:\/\/www.kariyer.net\/kariyer-rehberi-new\/wp-content\/uploads\/2023\/01\/og-image11.jpg","contentUrl":"https:\/\/www.kariyer.net\/kariyer-rehberi-new\/wp-content\/uploads\/2023\/01\/og-image11.jpg","width":800,"height":800,"caption":"Kariyer.net"},"image":{"@id":"https:\/\/www.kariyer.net\/kariyer-rehberi\/#\/schema\/logo\/image\/"}},{"@type":"Person","@id":"https:\/\/www.kariyer.net\/kariyer-rehberi\/#\/schema\/person\/94fd6e49c7ff1b1b2565a2cc4fd685dd","name":"Edit\u00f6r","image":{"@type":"ImageObject","inLanguage":"tr","@id":"https:\/\/www.kariyer.net\/kariyer-rehberi\/#\/schema\/person\/image\/","url":"https:\/\/secure.gravatar.com\/avatar\/0c4fe6688343aed3693b15573beae12c08ace5565409d5ab7509bf9c115f458d?s=96&d=mm&r=g","contentUrl":"https:\/\/secure.gravatar.com\/avatar\/0c4fe6688343aed3693b15573beae12c08ace5565409d5ab7509bf9c115f458d?s=96&d=mm&r=g","caption":"Edit\u00f6r"},"url":"https:\/\/www.kariyer.net\/kariyer-rehberi\/author\/editor\/"}]}},"_links":{"self":[{"href":"https:\/\/www.kariyer.net\/kariyer-rehberi\/wp-json\/wp\/v2\/posts\/21235","targetHints":{"allow":["GET"]}}],"collection":[{"href":"https:\/\/www.kariyer.net\/kariyer-rehberi\/wp-json\/wp\/v2\/posts"}],"about":[{"href":"https:\/\/www.kariyer.net\/kariyer-rehberi\/wp-json\/wp\/v2\/types\/post"}],"author":[{"embeddable":true,"href":"https:\/\/www.kariyer.net\/kariyer-rehberi\/wp-json\/wp\/v2\/users\/12"}],"replies":[{"embeddable":true,"href":"https:\/\/www.kariyer.net\/kariyer-rehberi\/wp-json\/wp\/v2\/comments?post=21235"}],"version-history":[{"count":2,"href":"https:\/\/www.kariyer.net\/kariyer-rehberi\/wp-json\/wp\/v2\/posts\/21235\/revisions"}],"predecessor-version":[{"id":21238,"href":"https:\/\/www.kariyer.net\/kariyer-rehberi\/wp-json\/wp\/v2\/posts\/21235\/revisions\/21238"}],"wp:featuredmedia":[{"embeddable":true,"href":"https:\/\/www.kariyer.net\/kariyer-rehberi\/wp-json\/wp\/v2\/media\/21236"}],"wp:attachment":[{"href":"https:\/\/www.kariyer.net\/kariyer-rehberi\/wp-json\/wp\/v2\/media?parent=21235"}],"wp:term":[{"taxonomy":"category","embeddable":true,"href":"https:\/\/www.kariyer.net\/kariyer-rehberi\/wp-json\/wp\/v2\/categories?post=21235"},{"taxonomy":"post_tag","embeddable":true,"href":"https:\/\/www.kariyer.net\/kariyer-rehberi\/wp-json\/wp\/v2\/tags?post=21235"}],"curies":[{"name":"wp","href":"https:\/\/api.w.org\/{rel}","templated":true}]}}