{"id":21243,"date":"2024-09-30T16:39:57","date_gmt":"2024-09-30T13:39:57","guid":{"rendered":"https:\/\/www.kariyer.net\/kariyer-rehberi\/?p=21243"},"modified":"2024-10-01T16:41:17","modified_gmt":"2024-10-01T13:41:17","slug":"iranda-asgari-ucret-ne-kadar","status":"publish","type":"post","link":"https:\/\/www.kariyer.net\/kariyer-rehberi\/iranda-asgari-ucret-ne-kadar\/","title":{"rendered":"\u0130ran&#8217;da asgari \u00fccret ne kadar?"},"content":{"rendered":"<p><strong>\u201c\u0130ran&#8217;da\u00a0asgari \u00fccret ne kadar, al\u0131m g\u00fcc\u00fc nas\u0131l?\u201d gibi merak edilen bir\u00e7ok sorunun cevab\u0131 bu yaz\u0131m\u0131zda! \u0130ran&#8217;da \u00e7al\u0131\u015fmaya ve sosyal ya\u015fama dair di\u011fer detaylar\u0131 \u00f6\u011frenmek i\u00e7in yaz\u0131m\u0131z\u0131 okuyabilirsin.<\/strong><\/p>\n<p><span style=\"font-weight: 400;\">\u0130ran&#8217;da kariyer ya da e\u011fitim plan\u0131 yap\u0131yorsan ku\u015fkusuz \u0130ran&#8217;da asgari \u00fccret ne kadar,\u00a0 ekonomik ya da sosyal ya\u015fam nas\u0131l, gibi pek \u00e7ok soru akl\u0131na geliyor olabilir. Sorular\u0131na cevap ar\u0131yorsan detaylar i\u00e7in okumaya devam edebilirsin.\u00a0<\/span><\/p>\n<p><span style=\"font-weight: 400;\">Asya k\u0131tas\u0131n\u0131n g\u00fcneybat\u0131s\u0131nda konumlanan \u0130ran, co\u011frafi olarak olduk\u00e7a \u00f6nemli bir yere sahip. Afganistan, Pakistan, T\u00fcrkmenistan, Azerbaycan, Ermenistan, T\u00fcrkiye ve Irak ile kara s\u0131n\u0131r\u0131na sahip olan \u00fclke; Ortado\u011fu&#8217;nun en \u00f6nemli g\u00fc\u00e7lerinden biri.\u00a0<\/span><\/p>\n<h2><b>\u0130ran&#8217;da asgari \u00fccret ne kadar?<\/b><\/h2>\n<p><span style=\"font-weight: 400;\">\u0130ran&#8217;da ya\u015fam ve kariyer plan\u0131 denilince zihninde ilk olarak &#8220;\u0130ran&#8217;da asgari \u00fccret ne kadar?&#8221; sorusu canlanabilir. \u0130ran&#8217;\u0131n resmi para birimi \u0130ran Riyali&#8217;dir. Buna g\u00f6re 2024 y\u0131l\u0131 itibar\u0131yla \u0130ran&#8217;da asgari \u00fccret ortalama olarak 26.554.950 \u0130ran Riyali&#8217;dir.\u00a0<\/span><\/p>\n<p><span style=\"font-weight: 400;\">\u0130ran&#8217;da \u00e7al\u0131\u015fmay\u0131 daha uzun s\u00fcre konaklamay\u0131 d\u00fc\u015f\u00fcn\u00fcyorsan oturma ve \u00e7al\u0131\u015fma izni alman gerekiyor. \u00c7al\u0131\u015faca\u011f\u0131n firman\u0131n davetiyesi ya da \u0130ran&#8217;da e\u011fitim alaca\u011f\u0131n okulun verece\u011fi kabul belgesi ile oturum izni alman m\u00fcmk\u00fcn oluyor. \u00c7al\u0131\u015fmak \u00fczere anla\u015ft\u0131\u011f\u0131n firma senin ad\u0131na \u00e7al\u0131\u015fma izni ba\u015fvurusunda bulunuyor ve b\u00f6ylece iznin en ge\u00e7 bir ay i\u00e7erisinde \u00e7\u0131k\u0131yor.<\/span><\/p>\n<h2><b>\u0130ran&#8217;da \u00e7al\u0131\u015fma hayat\u0131 nas\u0131l?<\/b><\/h2>\n<p><span style=\"font-weight: 400;\">\u0130ran&#8217;da sanayi, tar\u0131m, ticaret ve hizmet sekt\u00f6r\u00fcnde canl\u0131 bir \u00e7al\u0131\u015fma hayat\u0131 s\u00f6z konusu. \u00dclkeye s\u00fcrekli olarak yabanc\u0131 \u00fclkelerden i\u015f\u00e7iler geliyor ve bunlar\u0131n b\u00fcy\u00fck bir \u00e7o\u011funlu\u011fu T\u00fcrklerden olu\u015fuyor. \u0130ran&#8217;da yabanc\u0131 i\u015f\u00e7ilerin \u00e7al\u0131\u015fma ko\u015fullar\u0131 ve maa\u015flar\u0131 firmaya g\u00f6re de\u011fi\u015fiklik g\u00f6sterebiliyor. \u0130ran&#8217;da \u00e7al\u0131\u015fan her bir birey sigortadan faydalanabiliyor ve \u015firketler \u00e7al\u0131\u015fanlar\u0131na ek olarak \u00f6zel sa\u011fl\u0131k sigortas\u0131 imkan\u0131 da sunabiliyor. Baz\u0131 firmalar\u0131n yabanc\u0131 i\u015f\u00e7ilerin konut ve \u00e7ocuklar\u0131n\u0131n e\u011fitim giderlerini kar\u015f\u0131lad\u0131\u011f\u0131 g\u00f6r\u00fcl\u00fcyor.\u00a0<\/span><\/p>\n<p><span style=\"font-weight: 400;\">\u0130ran&#8217;\u0131n \u00e7al\u0131\u015fma takvimi T\u00fcrkiye&#8217;den farkl\u0131 olmas\u0131yla dikkat \u00e7ekiyor. \u0130ran&#8217;da ilk \u00e7al\u0131\u015fma g\u00fcn\u00fc cumartesi, haftan\u0131n son g\u00fcn\u00fc ise \u00e7ar\u015famba. \u00dclkede tatil g\u00fcnleri per\u015fembe ve cuma. Cuma g\u00fcnleri devlet kurumlar\u0131n\u0131n yan\u0131 s\u0131ra pek \u00e7ok i\u015f yeri ve d\u00fckkan da kapal\u0131 durumda. Per\u015fembe ve cuma olan hafta sonu tatillerinin d\u0131\u015f\u0131nda \u0130ran&#8217;da resmi tatiller 25 g\u00fcn olarak uygulan\u0131yor.<\/span><\/p>\n<h2><b>\u0130ran&#8217;da n\u00fcfus ve k\u00fclt\u00fcr nas\u0131l?<\/b><\/h2>\n<p><span style=\"font-weight: 400;\">2022 verilerine g\u00f6re ortalama 86 milyon n\u00fcfusa sahip olan \u0130ran, d\u00fcnyan\u0131n en kalabal\u0131k 17. \u00fclkesi olmas\u0131 ile dikkat \u00e7ekiyor. Etnik olarak n\u00fcfusun yar\u0131s\u0131ndan \u00e7o\u011fu Farslardan olu\u015fuyor. Bunun d\u0131\u015f\u0131nda Azeriler, K\u00fcrtler, T\u00fcrkmenler, Belu\u00e7lar ve Araplar az\u0131nl\u0131k grupta yer al\u0131yor. N\u00fcfusa oran\u0131na bak\u0131ld\u0131\u011f\u0131nda etnik kesim \u015f\u00f6yle s\u0131ralan\u0131yor: Fars (%65), Azeri (%16), K\u00fcrt (%7), Lur (%6), Arap (%2), Belu\u00e7(%2); T\u00fcrkmen, Ka\u015fkai ve di\u011fer T\u00fcrk kesim (%1), Ermeni, G\u00fcrc\u00fc ve A\u015furi kesim (%1&#8217;den az).\u00a0\u00a0<\/span><\/p>\n<p><span style=\"font-weight: 400;\">\u0130ran k\u00fclt\u00fcr\u00fc, \u0130sl\u00e2m \u00f6ncesinin ve \u0130sl\u00e2m\u00ee k\u00fclt\u00fcr\u00fcn\u00fcn bir sentezi olarak g\u00f6r\u00fcl\u00fcyor ve \u00e7ok boyutlu olmas\u0131 ile dikkat \u00e7ekiyor. \u0130ran el sanatlar\u0131, \u00f6zellikle \u0130ran hal\u0131s\u0131 etnik \u00f6\u011feleri ile d\u00fcnya \u00e7ap\u0131nda \u00f6n plana \u00e7\u0131k\u0131yor. Bunun yan\u0131 s\u0131ra safran, f\u0131st\u0131k, hurma, karides ve havyar turistlerin yo\u011fun ilgi g\u00f6sterdi\u011fi \u00fcr\u00fcnler aras\u0131nda yer al\u0131yor.<\/span><\/p>\n<h2><b>\u0130ran&#8217;da ekonomik durum ve ya\u015fam nas\u0131l?<\/b><\/h2>\n<p><span style=\"font-weight: 400;\">\u0130ran ekonomisi b\u00fcy\u00fck oranda do\u011falgaz ve petrol ihracat\u0131na dayan\u0131yor. \u00dclkede 208 milyar varil petrol rezervi bulundu\u011fu biliniyor. Suudi Arabistan ve Venezuela ile birlikte \u00f6nemli petrol rezervlerine sahip olan \u0130ran, 2021 y\u0131l sonu itibar\u0131yla g\u00fcnl\u00fck 2,4 milyon varil petrol \u00fcretimi ile dikkat \u00e7ekiyor. 34 trilyon metrek\u00fcpl\u00fck do\u011falgaz rezervi bulunan \u00fclkenin; \u00e7inko, bak\u0131r ve demir rezervi de bulunuyor. Rezervler y\u00fcksek miktarda olunca yabanc\u0131 yat\u0131r\u0131mc\u0131lar\u0131n en \u00e7ok yat\u0131r\u0131m yapt\u0131\u011f\u0131 alanlar da petrokimya sanayi olarak \u00f6ne \u00e7\u0131k\u0131yor. Sanayinin yan\u0131 s\u0131ra tar\u0131m da \u0130ran&#8217;da \u00f6nemli bir yere sahip.\u00a0<\/span><\/p>\n<p><span style=\"font-weight: 400;\">Verimli topraklar \u00fczerinde \u015feker pancar\u0131, f\u0131st\u0131k, meyve \u00e7e\u015fitleri ile m\u0131s\u0131r, arpa, pirin\u00e7 gibi tah\u0131llar \u00fcretiliyor. Bununla birlikte Hazar Denizi\u2019nden \u00e7\u0131kar\u0131lan havyar, d\u00fcnya pazar\u0131nda kendine \u00f6nemli oranda yer buluyor. Petrol ve do\u011falgaz, in\u015faat ve altyap\u0131, turizm ve sa\u011fl\u0131k, enerji, otomotiv, madencilik, petrokimya, perakende, in\u015faat malzemeleri, tekstil, makine \u0130ran potansiyel yat\u0131r\u0131m sekt\u00f6rleri aras\u0131nda bulunuyor.<\/span><\/p>\n<p><span style=\"font-weight: 400;\">\u0130ran\u2019da ATM olarak adland\u0131r\u0131lan para \u00e7ekme makineleri bulunmuyor. Ayr\u0131ca kredi kartlar\u0131 da kullan\u0131lm\u0131yor. Bu nedenle \u0130ran\u2019a gidecek ki\u015filerin yanlar\u0131nda seyahat boyunca yetecek kadar nakit para bulundurmalar\u0131 tavsiye ediliyor. \u0130ran&#8217;\u0131n resmi para birimi olan \u0130ran Riyali, \u0130ran d\u0131\u015f\u0131nda konvertibl para niteli\u011finde bulunmuyor. Yani, farkl\u0131 bir para birimine d\u00f6n\u00fc\u015ft\u00fcr\u00fclmesi m\u00fcmk\u00fcn olmuyor. Bu nedenle \u0130ran&#8217;da bulunan yabanc\u0131lar\u0131n otel faturas\u0131n\u0131 \u00f6derken ya da y\u00fcksek mebla\u011fda al\u0131m yaparken kullanabilecekleri ge\u00e7erli yabanc\u0131 para birimi Euro olarak \u00f6ne \u00e7\u0131k\u0131yor.<\/span><\/p>\n<h2><b>\u0130ran&#8217;da ev fiyatlar\u0131 ve bar\u0131nma ko\u015fullar\u0131 nas\u0131l?<\/b><\/h2>\n<p><span style=\"font-weight: 400;\">\u0130ran&#8217;\u0131n ba\u015fkenti Tahran&#8217;da kiral\u0131k ve sat\u0131l\u0131k ev fiyatlar\u0131n\u0131n \u00f6nceki y\u0131llara nazaran art\u0131\u015f g\u00f6sterdi\u011fi g\u00f6r\u00fcl\u00fcyor. \u0130ran \u0130statistik Merkezi taraf\u0131ndan haz\u0131rlanan konut raporunda 2020 y\u0131l\u0131na k\u0131yasla konut fiyatlar\u0131n\u0131n 2021 y\u0131l\u0131nda %71,8 artt\u0131\u011f\u0131 ifade ediliyor. \u00dclke genelinde art\u0131\u015f ya\u015fansa da Tahran, ba\u015fkent ve en b\u00fcy\u00fck metropol olmas\u0131 nedeniyle konut art\u0131\u015f\u0131nda ba\u015f\u0131 \u00e7ekiyor. Tahran\u2019a yak\u0131n konumda bulunan bir konutun metrekare fiyat\u0131 yakla\u015f\u0131k olarak 5-10 milyon t\u00fcmen iken, Tahran\u2019da 20 milyon t\u00fcmen oldu\u011fu g\u00f6r\u00fcl\u00fcyor. Y\u00fcksek konut fiyatlar\u0131 ve artan maliyetler nedeniyle insanlar \u015fehirlere yak\u0131n merkezlere g\u00f6\u00e7 etmek zorunda kal\u0131yor. Alternatif merkezlerin ba\u015f\u0131nda ise Kerec yer al\u0131yor. Bununla birlikte \u0130ran&#8217;daki ev fiyatlar\u0131 ve mali a\u00e7\u0131dan bar\u0131nma ko\u015fullar\u0131n\u0131 k\u0131saca \u015f\u00f6yle \u00f6zetlemek m\u00fcmk\u00fcn:\u00a0<\/span><\/p>\n<ul>\n<li style=\"font-weight: 400;\" aria-level=\"1\"><span style=\"font-weight: 400;\">Merkezde konumlanan tek yatak odal\u0131 daire kiras\u0131 532.39\u20ac<\/span><\/li>\n<li style=\"font-weight: 400;\" aria-level=\"1\"><span style=\"font-weight: 400;\">Banliy\u00f6de tek yatak odal\u0131 daire kiras\u0131 343.52\u20ac<\/span><\/li>\n<li style=\"font-weight: 400;\" aria-level=\"1\"><span style=\"font-weight: 400;\">Merkezde konumlanan 3 yatak odal\u0131 dairenin kiras\u0131 1,247.67\u20ac<\/span><\/li>\n<li style=\"font-weight: 400;\" aria-level=\"1\"><span style=\"font-weight: 400;\">Banliy\u00f6de bulunan 3 yatak odal\u0131 daire kiras\u0131 808.02\u20ac<\/span><\/li>\n<li style=\"font-weight: 400;\" aria-level=\"1\"><span style=\"font-weight: 400;\">Merkezde bulunan bir dairenin metrekare olarak fiyat\u0131 2,344.48\u20ac<\/span><\/li>\n<li style=\"font-weight: 400;\" aria-level=\"1\"><span style=\"font-weight: 400;\">Banliy\u00f6de konumlanan bir dairenin metrekare cinsinden fiyat\u0131 1,383.35\u20ac<\/span><\/li>\n<\/ul>\n<h2><b>\u0130ran&#8217;da i\u015f ve \u015fehir i\u00e7i ula\u015f\u0131m olanaklar\u0131<\/b><\/h2>\n<p><span style=\"font-weight: 400;\">\u0130ran n\u00fcfusunun d\u00f6rtte \u00fc\u00e7\u00fc \u015fehirde ya\u015f\u0131yor. K\u0131rsaldan kente g\u00f6\u00e7 ise artarak devam ediyor. \u015eehirle\u015fme oran\u0131 artarken \u015fehir i\u00e7i ula\u015f\u0131mda \u00e7e\u015fitli g\u00fc\u00e7l\u00fckler ya\u015fanabiliyor. \u0130ran&#8217;da \u015fehir i\u00e7i ula\u015f\u0131m i\u00e7in tek y\u00f6nl\u00fc toplu ta\u015f\u0131ma bileti 0.39\u20ac. Bunun d\u0131\u015f\u0131nda toplu ta\u015f\u0131ma ve taksi \u00fccretleri \u015f\u00f6yle s\u0131ralan\u0131yor:<\/span><\/p>\n<ul>\n<li style=\"font-weight: 400;\" aria-level=\"1\"><span style=\"font-weight: 400;\">Taksi a\u00e7\u0131l\u0131\u015f \u00fccreti 0.53\u20ac<\/span><\/li>\n<li style=\"font-weight: 400;\" aria-level=\"1\"><span style=\"font-weight: 400;\">Ayl\u0131k toplu ta\u015f\u0131ma kart\u0131 16.39\u20ac<\/span><\/li>\n<li style=\"font-weight: 400;\" aria-level=\"1\"><span style=\"font-weight: 400;\">Taksiyle bir saatlik yolculuk \u00fccreti 3.23\u20ac<\/span><\/li>\n<li style=\"font-weight: 400;\" aria-level=\"1\"><span style=\"font-weight: 400;\">1 km&#8217;lik taksi \u00fccreti 0.39\u20ac<\/span><\/li>\n<\/ul>\n<p><span style=\"font-weight: 400;\">\u0130ran&#8217;\u0131n ba\u015fkenti Tahran&#8217;da g\u00fcnde ortalama 18 milyon \u015fehir i\u00e7i yolculuk yap\u0131l\u0131yor. Toplu ta\u015f\u0131ma yerine \u00e7o\u011funlukla \u015fahsi ara\u00e7la ula\u015f\u0131m ger\u00e7ekle\u015ftiriliyor. Bunun d\u0131\u015f\u0131nda \u00fclkede sivil havaalanlar\u0131 ve demiryoluyla da ula\u015f\u0131m sa\u011flan\u0131yor.<\/span><\/p>\n<h2><b>\u0130ran&#8217;da nas\u0131l i\u015f bulunur?<\/b><\/h2>\n<p><span style=\"font-weight: 400;\">\u0130ran&#8217;da \u00e7al\u0131\u015fmak istiyorsan, \u00f6ncelikle bir firma ile anla\u015fma yapmak zorundas\u0131n. Anla\u015ft\u0131\u011f\u0131n firman\u0131n daveti ile vize ba\u015fvurusunda bulunarak \u00e7al\u0131\u015fma ve oturma izni alabilirsin. Turist vizesi ile \u0130ran&#8217;da \u00e7al\u0131\u015fmak yasal de\u011fil.\u00a0<\/span><\/p>\n<!-- templates\/buttons-placeholder.php -->\n<div class=\"da-reactions-outer TpostID21243\">\n\t    <div class=\"da-reactions-data da-reactions-container-async center\"\n         data-type=\"post\"\n         data-id=\"21243\"\n         id=\"da-reactions-slot-post-21243\">\n        <div class=\"da-reactions-static\">\n\t\t\t<img src=\"https:\/\/www.kariyer.net\/kariyer-rehberi\/wp-content\/plugins\/da-reactions\/assets\/dist\/loading.svg\" alt=\"Loading spinner\" width=\"48\" height=\"48\" style=\"width:48px\" \/>\n        <\/div>\n    <\/div>\n<\/div>\n","protected":false},"excerpt":{"rendered":"<p>\u201c\u0130ran&#8217;da\u00a0asgari \u00fccret ne kadar, al\u0131m g\u00fcc\u00fc nas\u0131l?\u201d gibi merak edilen bir\u00e7ok sorunun cevab\u0131 bu yaz\u0131m\u0131zda! \u0130ran&#8217;da \u00e7al\u0131\u015fmaya ve sosyal ya\u015fama dair di\u011fer detaylar\u0131 \u00f6\u011frenmek i\u00e7in yaz\u0131m\u0131z\u0131 okuyabilirsin. \u0130ran&#8217;da kariyer ya da e\u011fitim plan\u0131 yap\u0131yorsan ku\u015fkusuz \u0130ran&#8217;da asgari \u00fccret ne kadar,\u00a0 ekonomik ya da sosyal ya\u015fam nas\u0131l, gibi pek \u00e7ok soru akl\u0131na geliyor olabilir. Sorular\u0131na cevap [&hellip;]<\/p>\n<!-- templates\/buttons-placeholder.php -->\n<div class=\"da-reactions-outer TpostID21243\">\n\t    <div class=\"da-reactions-data da-reactions-container-async center\"\n         data-type=\"post\"\n         data-id=\"21243\"\n         id=\"da-reactions-slot-post-21243\">\n        <div class=\"da-reactions-static\">\n\t\t\t<img src=\"https:\/\/www.kariyer.net\/kariyer-rehberi\/wp-content\/plugins\/da-reactions\/assets\/dist\/loading.svg\" alt=\"Loading spinner\" width=\"48\" height=\"48\" style=\"width:48px\" \/>\n        <\/div>\n    <\/div>\n<\/div>\n","protected":false},"author":12,"featured_media":21244,"comment_status":"closed","ping_status":"open","sticky":false,"template":"","format":"standard","meta":{"footnotes":"","_elementor_edit_mode":"","_elementor_template_type":"","_elementor_data":"","_elementor_page_settings":null,"_elementor_conditions":[]},"categories":[2214],"tags":[],"class_list":{"0":"post-21243","1":"post","2":"type-post","3":"status-publish","4":"format-standard","5":"has-post-thumbnail","7":"category-yasam"},"yoast_head":"<!-- This site is optimized with the Yoast SEO Premium plugin v21.4 (Yoast SEO v27.0) - https:\/\/yoast.com\/product\/yoast-seo-premium-wordpress\/ -->\n<title>\u0130ran&#039;da asgari \u00fccret ne kadar?<\/title>\n<meta name=\"description\" content=\"\u201c\u0130ran&#039;da asgari \u00fccret ne kadar, al\u0131m g\u00fcc\u00fc nas\u0131l?\u201d gibi merak edilen bir\u00e7ok sorunun cevab\u0131 bu yaz\u0131m\u0131zda! Hemen oku!\" \/>\n<meta name=\"robots\" content=\"index, follow, max-snippet:-1, max-image-preview:large, max-video-preview:-1\" \/>\n<link rel=\"canonical\" href=\"https:\/\/www.kariyer.net\/kariyer-rehberi\/iranda-asgari-ucret-ne-kadar\/\" \/>\n<meta property=\"og:locale\" content=\"tr_TR\" \/>\n<meta property=\"og:type\" content=\"article\" \/>\n<meta property=\"og:title\" content=\"\u0130ran&#039;da asgari \u00fccret ne kadar?\" \/>\n<meta property=\"og:description\" content=\"\u201c\u0130ran&#039;da\u00a0asgari \u00fccret ne kadar, al\u0131m g\u00fcc\u00fc nas\u0131l?\u201d gibi merak edilen bir\u00e7ok sorunun cevab\u0131 bu yaz\u0131m\u0131zda! \u0130ran&#039;da \u00e7al\u0131\u015fmaya ve sosyal ya\u015fama dair di\u011fer\" \/>\n<meta property=\"og:url\" content=\"https:\/\/www.kariyer.net\/kariyer-rehberi\/iranda-asgari-ucret-ne-kadar\/\" \/>\n<meta property=\"og:site_name\" content=\"Kariyer Rehberi\" \/>\n<meta property=\"article:published_time\" content=\"2024-09-30T13:39:57+00:00\" \/>\n<meta property=\"article:modified_time\" content=\"2024-10-01T13:41:17+00:00\" \/>\n<meta property=\"og:image\" content=\"https:\/\/www.kariyer.net\/kariyer-rehberi\/wp-content\/uploads\/2024\/10\/iran_asgari_ucret.jpg\" \/>\n\t<meta property=\"og:image:width\" content=\"900\" \/>\n\t<meta property=\"og:image:height\" content=\"585\" \/>\n\t<meta property=\"og:image:type\" content=\"image\/jpeg\" \/>\n<meta name=\"author\" content=\"Edit\u00f6r\" \/>\n<meta name=\"twitter:card\" content=\"summary_large_image\" \/>\n<meta name=\"twitter:label1\" content=\"Yazan:\" \/>\n\t<meta name=\"twitter:data1\" content=\"Edit\u00f6r\" \/>\n\t<meta name=\"twitter:label2\" content=\"Tahmini okuma s\u00fcresi\" \/>\n\t<meta name=\"twitter:data2\" content=\"6 dakika\" \/>\n<!-- \/ Yoast SEO Premium plugin. -->","yoast_head_json":{"title":"\u0130ran'da asgari \u00fccret ne kadar?","description":"\u201c\u0130ran'da asgari \u00fccret ne kadar, al\u0131m g\u00fcc\u00fc nas\u0131l?\u201d gibi merak edilen bir\u00e7ok sorunun cevab\u0131 bu yaz\u0131m\u0131zda! Hemen oku!","robots":{"index":"index","follow":"follow","max-snippet":"max-snippet:-1","max-image-preview":"max-image-preview:large","max-video-preview":"max-video-preview:-1"},"canonical":"https:\/\/www.kariyer.net\/kariyer-rehberi\/iranda-asgari-ucret-ne-kadar\/","og_locale":"tr_TR","og_type":"article","og_title":"\u0130ran'da asgari \u00fccret ne kadar?","og_description":"\u201c\u0130ran'da\u00a0asgari \u00fccret ne kadar, al\u0131m g\u00fcc\u00fc nas\u0131l?\u201d gibi merak edilen bir\u00e7ok sorunun cevab\u0131 bu yaz\u0131m\u0131zda! \u0130ran'da \u00e7al\u0131\u015fmaya ve sosyal ya\u015fama dair di\u011fer","og_url":"https:\/\/www.kariyer.net\/kariyer-rehberi\/iranda-asgari-ucret-ne-kadar\/","og_site_name":"Kariyer Rehberi","article_published_time":"2024-09-30T13:39:57+00:00","article_modified_time":"2024-10-01T13:41:17+00:00","og_image":[{"width":900,"height":585,"url":"https:\/\/www.kariyer.net\/kariyer-rehberi\/wp-content\/uploads\/2024\/10\/iran_asgari_ucret.jpg","type":"image\/jpeg"}],"author":"Edit\u00f6r","twitter_card":"summary_large_image","twitter_misc":{"Yazan:":"Edit\u00f6r","Tahmini okuma s\u00fcresi":"6 dakika"},"schema":{"@context":"https:\/\/schema.org","@graph":[{"@type":"Article","@id":"https:\/\/www.kariyer.net\/kariyer-rehberi\/iranda-asgari-ucret-ne-kadar\/#article","isPartOf":{"@id":"https:\/\/www.kariyer.net\/kariyer-rehberi\/iranda-asgari-ucret-ne-kadar\/"},"author":{"name":"Edit\u00f6r","@id":"https:\/\/www.kariyer.net\/kariyer-rehberi\/#\/schema\/person\/94fd6e49c7ff1b1b2565a2cc4fd685dd"},"headline":"\u0130ran&#8217;da asgari \u00fccret ne kadar?","datePublished":"2024-09-30T13:39:57+00:00","dateModified":"2024-10-01T13:41:17+00:00","mainEntityOfPage":{"@id":"https:\/\/www.kariyer.net\/kariyer-rehberi\/iranda-asgari-ucret-ne-kadar\/"},"wordCount":1296,"publisher":{"@id":"https:\/\/www.kariyer.net\/kariyer-rehberi\/#organization"},"image":{"@id":"https:\/\/www.kariyer.net\/kariyer-rehberi\/iranda-asgari-ucret-ne-kadar\/#primaryimage"},"thumbnailUrl":"https:\/\/www.kariyer.net\/kariyer-rehberi\/wp-content\/uploads\/2024\/10\/iran_asgari_ucret.jpg","articleSection":["Ya\u015fam"],"inLanguage":"tr"},{"@type":"WebPage","@id":"https:\/\/www.kariyer.net\/kariyer-rehberi\/iranda-asgari-ucret-ne-kadar\/","url":"https:\/\/www.kariyer.net\/kariyer-rehberi\/iranda-asgari-ucret-ne-kadar\/","name":"\u0130ran'da asgari \u00fccret ne kadar?","isPartOf":{"@id":"https:\/\/www.kariyer.net\/kariyer-rehberi\/#website"},"primaryImageOfPage":{"@id":"https:\/\/www.kariyer.net\/kariyer-rehberi\/iranda-asgari-ucret-ne-kadar\/#primaryimage"},"image":{"@id":"https:\/\/www.kariyer.net\/kariyer-rehberi\/iranda-asgari-ucret-ne-kadar\/#primaryimage"},"thumbnailUrl":"https:\/\/www.kariyer.net\/kariyer-rehberi\/wp-content\/uploads\/2024\/10\/iran_asgari_ucret.jpg","datePublished":"2024-09-30T13:39:57+00:00","dateModified":"2024-10-01T13:41:17+00:00","description":"\u201c\u0130ran'da asgari \u00fccret ne kadar, al\u0131m g\u00fcc\u00fc nas\u0131l?\u201d gibi merak edilen bir\u00e7ok sorunun cevab\u0131 bu yaz\u0131m\u0131zda! Hemen oku!","breadcrumb":{"@id":"https:\/\/www.kariyer.net\/kariyer-rehberi\/iranda-asgari-ucret-ne-kadar\/#breadcrumb"},"inLanguage":"tr","potentialAction":[{"@type":"ReadAction","target":["https:\/\/www.kariyer.net\/kariyer-rehberi\/iranda-asgari-ucret-ne-kadar\/"]}]},{"@type":"ImageObject","inLanguage":"tr","@id":"https:\/\/www.kariyer.net\/kariyer-rehberi\/iranda-asgari-ucret-ne-kadar\/#primaryimage","url":"https:\/\/www.kariyer.net\/kariyer-rehberi\/wp-content\/uploads\/2024\/10\/iran_asgari_ucret.jpg","contentUrl":"https:\/\/www.kariyer.net\/kariyer-rehberi\/wp-content\/uploads\/2024\/10\/iran_asgari_ucret.jpg","width":900,"height":585},{"@type":"BreadcrumbList","@id":"https:\/\/www.kariyer.net\/kariyer-rehberi\/iranda-asgari-ucret-ne-kadar\/#breadcrumb","itemListElement":[{"@type":"ListItem","position":1,"name":"Anasayfa","item":"https:\/\/www.kariyer.net\/kariyer-rehberi\/"},{"@type":"ListItem","position":2,"name":"\u0130ran&#8217;da asgari \u00fccret ne kadar?"}]},{"@type":"WebSite","@id":"https:\/\/www.kariyer.net\/kariyer-rehberi\/#website","url":"https:\/\/www.kariyer.net\/kariyer-rehberi\/","name":"Kariyer Rehberi","description":"\u0130\u015f D\u00fcnyas\u0131yla \u0130lgili Bilmek \u0130stedi\u011finiz Her \u015eey","publisher":{"@id":"https:\/\/www.kariyer.net\/kariyer-rehberi\/#organization"},"potentialAction":[{"@type":"SearchAction","target":{"@type":"EntryPoint","urlTemplate":"https:\/\/www.kariyer.net\/kariyer-rehberi\/?s={search_term_string}"},"query-input":{"@type":"PropertyValueSpecification","valueRequired":true,"valueName":"search_term_string"}}],"inLanguage":"tr"},{"@type":"Organization","@id":"https:\/\/www.kariyer.net\/kariyer-rehberi\/#organization","name":"Kariyer.net","url":"https:\/\/www.kariyer.net\/kariyer-rehberi\/","logo":{"@type":"ImageObject","inLanguage":"tr","@id":"https:\/\/www.kariyer.net\/kariyer-rehberi\/#\/schema\/logo\/image\/","url":"https:\/\/www.kariyer.net\/kariyer-rehberi-new\/wp-content\/uploads\/2023\/01\/og-image11.jpg","contentUrl":"https:\/\/www.kariyer.net\/kariyer-rehberi-new\/wp-content\/uploads\/2023\/01\/og-image11.jpg","width":800,"height":800,"caption":"Kariyer.net"},"image":{"@id":"https:\/\/www.kariyer.net\/kariyer-rehberi\/#\/schema\/logo\/image\/"}},{"@type":"Person","@id":"https:\/\/www.kariyer.net\/kariyer-rehberi\/#\/schema\/person\/94fd6e49c7ff1b1b2565a2cc4fd685dd","name":"Edit\u00f6r","image":{"@type":"ImageObject","inLanguage":"tr","@id":"https:\/\/www.kariyer.net\/kariyer-rehberi\/#\/schema\/person\/image\/","url":"https:\/\/secure.gravatar.com\/avatar\/0c4fe6688343aed3693b15573beae12c08ace5565409d5ab7509bf9c115f458d?s=96&d=mm&r=g","contentUrl":"https:\/\/secure.gravatar.com\/avatar\/0c4fe6688343aed3693b15573beae12c08ace5565409d5ab7509bf9c115f458d?s=96&d=mm&r=g","caption":"Edit\u00f6r"},"url":"https:\/\/www.kariyer.net\/kariyer-rehberi\/author\/editor\/"}]}},"_links":{"self":[{"href":"https:\/\/www.kariyer.net\/kariyer-rehberi\/wp-json\/wp\/v2\/posts\/21243","targetHints":{"allow":["GET"]}}],"collection":[{"href":"https:\/\/www.kariyer.net\/kariyer-rehberi\/wp-json\/wp\/v2\/posts"}],"about":[{"href":"https:\/\/www.kariyer.net\/kariyer-rehberi\/wp-json\/wp\/v2\/types\/post"}],"author":[{"embeddable":true,"href":"https:\/\/www.kariyer.net\/kariyer-rehberi\/wp-json\/wp\/v2\/users\/12"}],"replies":[{"embeddable":true,"href":"https:\/\/www.kariyer.net\/kariyer-rehberi\/wp-json\/wp\/v2\/comments?post=21243"}],"version-history":[{"count":3,"href":"https:\/\/www.kariyer.net\/kariyer-rehberi\/wp-json\/wp\/v2\/posts\/21243\/revisions"}],"predecessor-version":[{"id":21247,"href":"https:\/\/www.kariyer.net\/kariyer-rehberi\/wp-json\/wp\/v2\/posts\/21243\/revisions\/21247"}],"wp:featuredmedia":[{"embeddable":true,"href":"https:\/\/www.kariyer.net\/kariyer-rehberi\/wp-json\/wp\/v2\/media\/21244"}],"wp:attachment":[{"href":"https:\/\/www.kariyer.net\/kariyer-rehberi\/wp-json\/wp\/v2\/media?parent=21243"}],"wp:term":[{"taxonomy":"category","embeddable":true,"href":"https:\/\/www.kariyer.net\/kariyer-rehberi\/wp-json\/wp\/v2\/categories?post=21243"},{"taxonomy":"post_tag","embeddable":true,"href":"https:\/\/www.kariyer.net\/kariyer-rehberi\/wp-json\/wp\/v2\/tags?post=21243"}],"curies":[{"name":"wp","href":"https:\/\/api.w.org\/{rel}","templated":true}]}}