{"id":21251,"date":"2024-10-01T22:13:30","date_gmt":"2024-10-01T19:13:30","guid":{"rendered":"https:\/\/www.kariyer.net\/kariyer-rehberi\/?p=21251"},"modified":"2024-10-01T22:15:13","modified_gmt":"2024-10-01T19:15:13","slug":"misirda-asgari-ucret-ne-kadar","status":"publish","type":"post","link":"https:\/\/www.kariyer.net\/kariyer-rehberi\/misirda-asgari-ucret-ne-kadar\/","title":{"rendered":"M\u0131s\u0131r&#8217;da asgari \u00fccret ne kadar?"},"content":{"rendered":"<p><strong>\u201cM\u0131s\u0131r&#8217;da asgari \u00fccret ne kadar, al\u0131m g\u00fcc\u00fc nas\u0131l?\u201d gibi merak edilen bir\u00e7ok sorunun cevab\u0131 bu yaz\u0131m\u0131zda! M\u0131s\u0131r&#8217;da \u00e7al\u0131\u015fmaya ve sosyal ya\u015fama dair di\u011fer detaylar\u0131 \u00f6\u011frenmek i\u00e7in yaz\u0131m\u0131z\u0131 okuyabilirsin.<\/strong><\/p>\n<p><span style=\"font-weight: 400;\">Asgari \u00fccret veya minimum \u00fccret, yasal bak\u0131mdan i\u015f\u00e7ilere \u00f6denebilecek en d\u00fc\u015f\u00fck \u00fccret seviyesidir. Asgari \u00fccretin; i\u015f\u00e7inin g\u0131da, konut, giyim, sa\u011fl\u0131k, ula\u015f\u0131m, k\u00fclt\u00fcr ya da benzeri gereksinimlerini asgari d\u00fczeyde kar\u015f\u0131layacak bi\u00e7imde hesaplanmas\u0131 gereklidir. \u00dclkelere g\u00f6re asgari \u00fccretin de\u011fi\u015fkenlik g\u00f6sterebildi\u011fini s\u00f6yleyebiliriz. \u00d6rne\u011fin; baz\u0131 \u00fclkeler sadece saatlik bazda a\u00e7\u0131klarken baz\u0131lar\u0131 da do\u011frudan belirli bir saatlik \u00e7al\u0131\u015fman\u0131n kar\u015f\u0131l\u0131\u011f\u0131 olarak ayl\u0131k bazda a\u00e7\u0131klar.\u00a0\u00a0<\/span><\/p>\n<p><b>M\u0131s\u0131r&#8217;da asgari \u00fccretin ne kadar<\/b><span style=\"font-weight: 400;\"> sorusu i\u00e7in de bu \u00fclkede asgari \u00fccret uygulamas\u0131n\u0131n sadece kamu kurumunda \u00e7al\u0131\u015fanlar i\u00e7in belirlendi\u011fini s\u00f6yleyebiliriz. Bu durumda \u00f6zel sekt\u00f6rde \u00e7al\u0131\u015fan i\u015f\u00e7ilerin ald\u0131\u011f\u0131 \u00fccretlerin, i\u015fverenler taraf\u0131ndan belirlendi\u011fi ger\u00e7e\u011fine kolayca ula\u015fabilmekteyiz.\u00a0<\/span><\/p>\n<h2><b>M\u0131s\u0131r&#8217;da asgari \u00fccret ne kadar?\u00a0<\/b><\/h2>\n<p><span style=\"font-weight: 400;\">M\u0131s\u0131r&#8217;da 2024\u2019te yap\u0131lan asgari \u00fccret art\u0131\u015f\u0131 ile birlikte; kamuda \u00e7al\u0131\u015fan i\u015f\u00e7i ve emek\u00e7iler i\u00e7in asgari \u00fccretin, may\u0131s ay\u0131 itibar\u0131yla 3 bin 500 M\u0131s\u0131r liras\u0131ndan\u00a0 6 bin M\u0131s\u0131r liras\u0131na y\u00fckseldi\u011fini s\u00f6ylemek m\u00fcmk\u00fcn. Bu de\u011fer ise yakla\u015f\u0131k olarak 130 Amerikan dolar\u0131na tekab\u00fcl ediyor.\u00a0<\/span><\/p>\n<h2><b>M\u0131s\u0131r&#8217;da ortalama maa\u015f ne kadar?<\/b><\/h2>\n<p><span style=\"font-weight: 400;\">Asgari \u00fccret o \u00fclkenin ekonomik ko\u015fullar\u0131 hakk\u0131nda bilgi verir. Ayr\u0131ca o \u00fclkenin ekonomik olanaklar\u0131 hakk\u0131nda daha detayl\u0131 bilgi i\u00e7in de genel maa\u015flara bakarak fikir edinebilirsin.\u00a0<\/span><\/p>\n<p><span style=\"font-weight: 400;\">M\u0131s\u0131r&#8217;da ortalama maa\u015f; farkl\u0131 sekt\u00f6rlere, co\u011frafi konumlara, deneyim ve e\u011fitim d\u00fczeylerine g\u00f6re de\u011fi\u015fir. B\u00fcy\u00fck bir n\u00fcfusa ve \u00f6nemli gelir e\u015fitsizliklerine sahip \u00fclkenin, geli\u015fmekte olan \u00fclkeler aras\u0131nda yer ald\u0131\u011f\u0131n\u0131 s\u00f6yleyebiliriz.\u00a0<\/span><\/p>\n<p><span style=\"font-weight: 400;\">M\u0131s\u0131r&#8217;daki maa\u015f aral\u0131\u011f\u0131 olduk\u00e7a geni\u015ftir. Mevcut en son rakamlara g\u00f6re, M\u0131s\u0131r&#8217;da ortalama ayl\u0131k maa\u015f genellikle ayda 6 bin ile\u00a0 9 bin M\u0131s\u0131r poundu (EGP) civar\u0131nda oldu\u011fu g\u00f6r\u00fclmektedir. (Hemen hat\u0131rlatal\u0131m M\u0131s\u0131rda hem M\u0131s\u0131r poundu hem de M\u0131s\u0131r liras\u0131 kullan\u0131l\u0131yor) Ancak bu rakam bahsetti\u011fimiz fakt\u00f6rlere ba\u011fl\u0131 olarak b\u00fcy\u00fck \u00f6l\u00e7\u00fcde farkl\u0131l\u0131k g\u00f6sterebilir.\u00a0<\/span><\/p>\n<p><span style=\"font-weight: 400;\">\u00dclkenin farkl\u0131 farkl\u0131 b\u00f6lgelerinde al\u0131nan \u00fccretler de de\u011fi\u015fir. D\u00fcnyan\u0131n pek \u00e7ok noktas\u0131nda oldu\u011fu gibi M\u0131s\u0131r&#8217;da ya\u015faman\u0131n maliyeti de b\u00f6lgelere g\u00f6re de\u011fi\u015fmektedir. Kentsel alanlar, \u00f6zellikle Kahire ve \u0130skenderiye, k\u0131rsal alanlara g\u00f6re \u00f6nemli \u00f6l\u00e7\u00fcde daha pahal\u0131d\u0131r. Artan ya\u015fam maliyetini dengelemek i\u00e7in de bu metropollerde ortalama maa\u015flar daha y\u00fcksek olma e\u011filimindedir.\u00a0<\/span><\/p>\n<p><span style=\"font-weight: 400;\">Ba\u015fta \u00f6zel sekt\u00f6r olmak \u00fczere pek \u00e7ok \u00e7al\u0131\u015fan, ald\u0131klar\u0131 maa\u015flar\u0131n\u0131n yan\u0131 s\u0131ra toplam tazminat paketine katk\u0131da bulunan konut yard\u0131m\u0131, ula\u015f\u0131m, sa\u011fl\u0131k sigortas\u0131, y\u0131ll\u0131k ikramiye gibi ek avantajlar da alabilmektedir. Bu faydalar hesaba kat\u0131ld\u0131\u011f\u0131nda, ortalama ayl\u0131k maa\u015f artabilir ve bu \u00e7al\u0131\u015fanlar i\u00e7in bir miktar daha iyi bir maddi durum sa\u011flayabilir. M\u0131s\u0131r&#8217;da \u00e7al\u0131\u015fan gurbet\u00e7ilerin ortalama maa\u015f\u0131 ise \u00fclkenin \u00e7o\u011funlukla yabanc\u0131 uzmana ihtiyac\u0131 olmas\u0131ndan dolay\u0131, genellikle yerel i\u015fe al\u0131nanlardan daha y\u00fcksektir. Bu roller genellikle \u00f6nemli \u00f6l\u00e7\u00fcde daha y\u00fcksek \u00fccretler gerektirir ve uluslararas\u0131 standartlarla kar\u015f\u0131la\u015ft\u0131r\u0131labilir imkanlardan yararlan\u0131r.<\/span><\/p>\n<p><span style=\"font-weight: 400;\">Bu farkl\u0131l\u0131klara ra\u011fmen M\u0131s\u0131r&#8217;daki ortalama maa\u015f, \u00e7al\u0131\u015fan n\u00fcfusun kazanc\u0131n\u0131 anlamak i\u00e7in genel bir \u00f6l\u00e7\u00fct sa\u011flar. Ayn\u0131 zamanda \u00fclke i\u00e7indeki ekonomik ko\u015fullar\u0131n bir g\u00f6stergesi olarak da kabul edebiliriz. Ayr\u0131ca ortalama maa\u015f; enflasyona, para birimi de\u011ferlemesine, ulusal ve k\u00fcresel ekonomideki de\u011fi\u015fimlere ba\u011fl\u0131 olarak de\u011fi\u015febilir.<\/span><\/p>\n<h2><b>M\u0131s\u0131r&#8217;da en \u00e7ok kazanan meslekler neler?<\/b><\/h2>\n<p><span style=\"font-weight: 400;\">Di\u011fer \u00fclkelerde oldu\u011fu gibi M\u0131s\u0131r&#8217;da da belirli becerilere olan talep, sorumluluk d\u00fczeyi veya uzmanl\u0131k e\u011fitimi ve \u00f6\u011fretimi ihtiyac\u0131 gibi fakt\u00f6rler nedeniyle belirli baz\u0131 meslekler daha y\u00fcksek maa\u015f alma e\u011filiminde. Bu do\u011frultuda M\u0131s\u0131r&#8217;daki en y\u00fcksek \u00fccretli meslekleri a\u015fa\u011f\u0131daki gibi s\u0131ralayabiliriz;<\/span><\/p>\n<ul>\n<li style=\"font-weight: 400;\" aria-level=\"1\"><b>T\u0131p Doktoru:<\/b><span style=\"font-weight: 400;\"> Cerrahlar ve doktorlar, yapt\u0131klar\u0131 i\u015fin niteli\u011fi ve alana girmek i\u00e7in ald\u0131klar\u0131 kapsaml\u0131 e\u011fitim g\u00f6z \u00f6n\u00fcne al\u0131nd\u0131\u011f\u0131nda, M\u0131s\u0131r&#8217;da en \u00e7ok kazanan meslekler aras\u0131nda yer al\u0131r.\u00a0<\/span><\/li>\n<li style=\"font-weight: 400;\" aria-level=\"1\"><b>Bankac\u0131l\u0131k ve Finans Uzmanlar\u0131:<\/b><span style=\"font-weight: 400;\"> Yat\u0131r\u0131m bankac\u0131lar\u0131, finans y\u00f6neticileri ve finans m\u00fcd\u00fcrleri gibi pozisyonlar da dahil olmak \u00fczere bankac\u0131l\u0131k, yat\u0131r\u0131m ve finans alan\u0131ndaki \u00fcst d\u00fczey roller, ticari k\u00e2rl\u0131l\u0131k ve ekonomik istikrar \u00fczerindeki \u00f6nemli etkileri nedeniyle y\u00fcksek maa\u015flara sahiptir.\u00a0<\/span><\/li>\n<li style=\"font-weight: 400;\" aria-level=\"1\"><b>M\u00fchendislik Uzmanlar\u0131:<\/b><span style=\"font-weight: 400;\"> M\u00fchendisli\u011fin belirli alanlar\u0131, \u00f6zellikle de petrol, kimya ve elektrik m\u00fchendisli\u011fi y\u00fcksek talep g\u00f6rmektedir. Bu rollerin M\u0131s\u0131r ekonomisinin baz\u0131 \u00f6nemli sekt\u00f6rlerine yapt\u0131\u011f\u0131 katk\u0131lardan dolay\u0131 \u00f6zel \u015firketler rekabet\u00e7i maa\u015flar sunar.<\/span><\/li>\n<li style=\"font-weight: 400;\" aria-level=\"1\"><b>Telekom\u00fcnikasyon M\u00fchendisleri:<\/b><span style=\"font-weight: 400;\"> Telekom\u00fcnikasyon ve bilgi teknolojisinin h\u0131zl\u0131 bir \u015fekilde geni\u015flemesiyle birlikte; bu sekt\u00f6rde de M\u0131s\u0131r\u2019da \u00f6nemli bir yere sahiptir. Bu alandaki profesyonel \u00e7al\u0131\u015fanlar\u0131n, \u00f6zellikle de a\u011f altyap\u0131s\u0131 ve siber g\u00fcvenlikle ilgilenenlerin, genele oranla daha iyi bir \u00fccret ald\u0131klar\u0131 bilinmektedir.<\/span><\/li>\n<li style=\"font-weight: 400;\" aria-level=\"1\"><b>\u0130n\u015faat ve Proje Y\u00f6neticileri:<\/b><span style=\"font-weight: 400;\"> M\u0131s\u0131r, altyap\u0131s\u0131n\u0131 geli\u015ftirmeye devam ederken, b\u00fcy\u00fck \u00f6l\u00e7ekli projeleri y\u00f6netebilecek deneyimli in\u015faat ve proje y\u00f6neticilerine ihtiya\u00e7 duyar. Bu meslek grubundakiler de maa\u015f ortalamas\u0131n\u0131n \u00fczerinde \u00e7al\u0131\u015f\u0131r.\u00a0<\/span><\/li>\n<li style=\"font-weight: 400;\" aria-level=\"1\"><b>BT ve Yaz\u0131l\u0131m Geli\u015ftirme Uzmanlar\u0131:<\/b><span style=\"font-weight: 400;\"> Bilgi Teknolojileri y\u00f6neticileri, yaz\u0131l\u0131m geli\u015ftiricileri ve sistem analistleri; i\u015fletmelerin dijital \u00e7a\u011fda rekabet\u00e7i olarak kalabilmeleri i\u00e7in hayati \u00f6nem ta\u015f\u0131maktad\u0131r. Onlar\u0131n bu rolleri, ait olduklar\u0131 meslek grubunu M\u0131s\u0131r&#8217;da daha iyi \u00fccretli i\u015fler aras\u0131na sokar.\u00a0<\/span><\/li>\n<li style=\"font-weight: 400;\" aria-level=\"1\"><b>Hukuk Uzmanlar\u0131:<\/b><span style=\"font-weight: 400;\"> Avukatlar; \u00f6zellikle \u015firketler hukuku, fikri m\u00fclkiyet ve uluslararas\u0131 hukuk alanlar\u0131nda uzmanla\u015fm\u0131\u015f olan profesyoneller; prestijli hukuk firmalar\u0131 ya da \u00e7ok uluslu \u015firketler i\u00e7in \u00e7al\u0131\u015f\u0131rken y\u00fcksek kazan\u00e7 f\u0131rsatlar\u0131na sahip olabiliyor.<\/span><\/li>\n<li style=\"font-weight: 400;\" aria-level=\"1\"><b>\u0130\u015fletme Y\u00f6neticileri:<\/b><span style=\"font-weight: 400;\"> Daha b\u00fcy\u00fck \u015firketlerde veya \u00e7ok uluslu \u015firketlerde CEO&#8217;lar ve genel m\u00fcd\u00fcrler gibi \u00fcst d\u00fczey y\u00f6netici pozisyonlar\u0131, karma\u015f\u0131k organizasyonlar\u0131n y\u00fcr\u00fct\u00fclmesiyle ilgili \u00f6nemli sorumluluklar\u0131 yans\u0131tan y\u00fcksek bir maa\u015f al\u0131rlar.<\/span><\/li>\n<li style=\"font-weight: 400;\" aria-level=\"1\"><b>Pazarlama ve Sat\u0131\u015f Direkt\u00f6rleri:<\/b><span style=\"font-weight: 400;\"> \u00d6zellikle rekabet i\u00e7erisinde olan end\u00fcstrilerde; stratejik pazarlama ve sat\u0131\u015f \u00e7abalar\u0131yla i\u015f b\u00fcy\u00fcmesini sa\u011flayan profesyoneller, daha y\u00fcksek maa\u015flar ile \u00f6d\u00fcllendirilir.<\/span><\/li>\n<li style=\"font-weight: 400;\" aria-level=\"1\"><b>Akademik Profesyoneller:<\/b><span style=\"font-weight: 400;\"> Tipik olarak en \u00e7ok kazananlar aras\u0131nda olmasa da y\u00fcksek \u00f6\u011frenimde g\u00f6rev alan profes\u00f6rler, \u00f6zellikle \u00f6zel \u00fcniversitelerdeki veya uzmanl\u0131k alanlar\u0131ndaki profes\u00f6rler, e\u011fitimle ilgili di\u011fer pozisyonlara k\u0131yasla nispeten y\u00fcksek maa\u015flar alabilme potansiyeline sahiptirler. Bu y\u00fczden akademi profesyonelleri de bu konu ba\u015fl\u0131\u011f\u0131 alt\u0131ndaki yerini alabilmektedir.<\/span><\/li>\n<\/ul>\n<p><span style=\"font-weight: 400;\">Yukar\u0131daki meslekler geli\u015fen ekonomiye ve teknolojik geli\u015fmelere ba\u011fl\u0131 olarak de\u011fi\u015febilmektedir. \u00dcstelik her meslekte deneyim, itibar, i\u015fveren organizasyonun b\u00fcy\u00fckl\u00fc\u011f\u00fc ve di\u011fer fakt\u00f6rlere dayal\u0131 olarak maa\u015fta potansiyel farkl\u0131l\u0131klar olu\u015fabilir. E\u011fer Amerika, \u0130ngiltere, Almanya ve Kanada farketmeksizin t\u00fcm d\u00fcnyada maddi a\u00e7\u0131dan en \u00e7ok kazand\u0131ran meslekleri de incelemek istersen <\/span><a href=\"https:\/\/www.kariyer.net\/kariyer-rehberi\/en-cok-para-kazandiran-meslekler-ve-pozisyonlar\/\"><span style=\"font-weight: 400;\">En \u00e7ok para kazand\u0131ran meslekler<\/span><\/a><span style=\"font-weight: 400;\"> yaz\u0131m\u0131za da g\u00f6z atabilirsin.<\/span><\/p>\n<h2><b>M\u0131s\u0131r&#8217;da \u00e7al\u0131\u015fma ko\u015fullar\u0131 nas\u0131l?<\/b><\/h2>\n<p><span style=\"font-weight: 400;\">\u00dclkedeki asgari \u00fccreti, ortalama maa\u015f\u0131 ve en \u00e7ok kazanan meslekleri inceledikten sonra \u00e7al\u0131\u015fma ko\u015fullar\u0131 hakk\u0131nda art\u0131k konu\u015fabiliriz. M\u0131s\u0131r\u2019da \u00e7al\u0131\u015fma saatleri; g\u00fcnde 8 saat, haftada 6 g\u00fcn ve maksimum 48 saat \u015feklindedir.\u00a0<\/span><\/p>\n<p><span style=\"font-weight: 400;\">Ayr\u0131ca dinlenme s\u00fcresi olarak belirlenen s\u00fcrenin haftada en az 24 saat, aral\u0131ks\u0131z olmas\u0131 \u015fart\u0131yla verildi\u011fi bilinmektedir. M\u0131s\u0131r\u2019da bir \u00e7al\u0131\u015fan e\u011fer g\u00fcnde 8 saatten fazla \u00e7al\u0131\u015f\u0131yorsa, g\u00fcnd\u00fcz \u00e7al\u0131\u015fmas\u0131 i\u00e7in %35, gece \u00e7al\u0131\u015fmas\u0131 i\u00e7in %70 ikramiye hakk\u0131na sahip olur. T\u00fcm bunlara ek olarak, M\u0131s\u0131r\u2019da emeklilik ya\u015f\u0131n\u0131n 60 oldu\u011fu bilgisini de ekleyebiliriz.\u00a0\u00a0<\/span><\/p>\n<h2><b>M\u0131s\u0131r&#8217;da yabanc\u0131lar i\u00e7in i\u015f f\u0131rsatlar\u0131 nas\u0131l?<\/b><\/h2>\n<p><span style=\"font-weight: 400;\"> M\u0131s\u0131r\u2019da i\u015f f\u0131rsatlar\u0131 genel olarak yabanc\u0131lar i\u00e7in verimli olmakla kalmay\u0131p ayr\u0131ca yerel halktan daha iyi maa\u015f alma olas\u0131l\u0131klar\u0131 da sunmaktad\u0131r. M\u0131s\u0131r d\u0131\u015f\u0131ndaki di\u011fer \u00fclke vatanda\u015flar\u0131 i\u00e7in en rahat i\u015f imkan\u0131 bulunacak sekt\u00f6rler ise lojistik, e\u011fitim, m\u00fc\u015fteri hizmetleri ve bili\u015fim.\u00a0<\/span><span style=\"font-weight: 400;\">M\u0131s\u0131r&#8217;daki bo\u015f pozisyonlar, kariyerlerini ilerletmek veya farkl\u0131 bir alana girmek isteyen yabanc\u0131lar i\u00e7in ideal olanaklar sa\u011flar.\u00a0<\/span><\/p>\n<!-- templates\/buttons-placeholder.php -->\n<div class=\"da-reactions-outer TpostID21251\">\n\t    <div class=\"da-reactions-data da-reactions-container-async center\"\n         data-type=\"post\"\n         data-id=\"21251\"\n         id=\"da-reactions-slot-post-21251\">\n        <div class=\"da-reactions-static\">\n\t\t\t<img src=\"https:\/\/www.kariyer.net\/kariyer-rehberi\/wp-content\/plugins\/da-reactions\/assets\/dist\/loading.svg\" alt=\"Loading spinner\" width=\"48\" height=\"48\" style=\"width:48px\" \/>\n        <\/div>\n    <\/div>\n<\/div>\n","protected":false},"excerpt":{"rendered":"<p>\u201cM\u0131s\u0131r&#8217;da asgari \u00fccret ne kadar, al\u0131m g\u00fcc\u00fc nas\u0131l?\u201d gibi merak edilen bir\u00e7ok sorunun cevab\u0131 bu yaz\u0131m\u0131zda! M\u0131s\u0131r&#8217;da \u00e7al\u0131\u015fmaya ve sosyal ya\u015fama dair di\u011fer detaylar\u0131 \u00f6\u011frenmek i\u00e7in yaz\u0131m\u0131z\u0131 okuyabilirsin. Asgari \u00fccret veya minimum \u00fccret, yasal bak\u0131mdan i\u015f\u00e7ilere \u00f6denebilecek en d\u00fc\u015f\u00fck \u00fccret seviyesidir. Asgari \u00fccretin; i\u015f\u00e7inin g\u0131da, konut, giyim, sa\u011fl\u0131k, ula\u015f\u0131m, k\u00fclt\u00fcr ya da benzeri gereksinimlerini asgari [&hellip;]<\/p>\n<!-- templates\/buttons-placeholder.php -->\n<div class=\"da-reactions-outer TpostID21251\">\n\t    <div class=\"da-reactions-data da-reactions-container-async center\"\n         data-type=\"post\"\n         data-id=\"21251\"\n         id=\"da-reactions-slot-post-21251\">\n        <div class=\"da-reactions-static\">\n\t\t\t<img src=\"https:\/\/www.kariyer.net\/kariyer-rehberi\/wp-content\/plugins\/da-reactions\/assets\/dist\/loading.svg\" alt=\"Loading spinner\" width=\"48\" height=\"48\" style=\"width:48px\" \/>\n        <\/div>\n    <\/div>\n<\/div>\n","protected":false},"author":12,"featured_media":21252,"comment_status":"closed","ping_status":"open","sticky":false,"template":"","format":"standard","meta":{"footnotes":"","_elementor_edit_mode":"","_elementor_template_type":"","_elementor_data":"","_elementor_page_settings":null,"_elementor_conditions":[]},"categories":[2214],"tags":[],"class_list":{"0":"post-21251","1":"post","2":"type-post","3":"status-publish","4":"format-standard","5":"has-post-thumbnail","7":"category-yasam"},"yoast_head":"<!-- This site is optimized with the Yoast SEO Premium plugin v21.4 (Yoast SEO v27.0) - https:\/\/yoast.com\/product\/yoast-seo-premium-wordpress\/ -->\n<title>M\u0131s\u0131r&#039;da asgari \u00fccret ne kadar?<\/title>\n<meta name=\"description\" content=\"\u201cM\u0131s\u0131r&#039;da asgari \u00fccret ne kadar, al\u0131m g\u00fcc\u00fc nas\u0131l?\u201d gibi merak edilen bir\u00e7ok sorunun cevab\u0131 bu yaz\u0131m\u0131zda! Hemen oku!\" \/>\n<meta name=\"robots\" content=\"index, follow, max-snippet:-1, max-image-preview:large, max-video-preview:-1\" \/>\n<link rel=\"canonical\" href=\"https:\/\/www.kariyer.net\/kariyer-rehberi\/misirda-asgari-ucret-ne-kadar\/\" \/>\n<meta property=\"og:locale\" content=\"tr_TR\" \/>\n<meta property=\"og:type\" content=\"article\" \/>\n<meta property=\"og:title\" content=\"M\u0131s\u0131r&#039;da asgari \u00fccret ne kadar?\" \/>\n<meta property=\"og:description\" content=\"\u201cM\u0131s\u0131r&#039;da asgari \u00fccret ne kadar, al\u0131m g\u00fcc\u00fc nas\u0131l?\u201d gibi merak edilen bir\u00e7ok sorunun cevab\u0131 bu yaz\u0131m\u0131zda! M\u0131s\u0131r&#039;da \u00e7al\u0131\u015fmaya ve sosyal ya\u015fama dair di\u011fer\" \/>\n<meta property=\"og:url\" content=\"https:\/\/www.kariyer.net\/kariyer-rehberi\/misirda-asgari-ucret-ne-kadar\/\" \/>\n<meta property=\"og:site_name\" content=\"Kariyer Rehberi\" \/>\n<meta property=\"article:published_time\" content=\"2024-10-01T19:13:30+00:00\" \/>\n<meta property=\"article:modified_time\" content=\"2024-10-01T19:15:13+00:00\" \/>\n<meta property=\"og:image\" content=\"https:\/\/www.kariyer.net\/kariyer-rehberi\/wp-content\/uploads\/2024\/10\/misir_asgari_ucret.jpg\" \/>\n\t<meta property=\"og:image:width\" content=\"900\" \/>\n\t<meta property=\"og:image:height\" content=\"600\" \/>\n\t<meta property=\"og:image:type\" content=\"image\/jpeg\" \/>\n<meta name=\"author\" content=\"Edit\u00f6r\" \/>\n<meta name=\"twitter:card\" content=\"summary_large_image\" \/>\n<meta name=\"twitter:label1\" content=\"Yazan:\" \/>\n\t<meta name=\"twitter:data1\" content=\"Edit\u00f6r\" \/>\n\t<meta name=\"twitter:label2\" content=\"Tahmini okuma s\u00fcresi\" \/>\n\t<meta name=\"twitter:data2\" content=\"7 dakika\" \/>\n<!-- \/ Yoast SEO Premium plugin. -->","yoast_head_json":{"title":"M\u0131s\u0131r'da asgari \u00fccret ne kadar?","description":"\u201cM\u0131s\u0131r'da asgari \u00fccret ne kadar, al\u0131m g\u00fcc\u00fc nas\u0131l?\u201d gibi merak edilen bir\u00e7ok sorunun cevab\u0131 bu yaz\u0131m\u0131zda! Hemen oku!","robots":{"index":"index","follow":"follow","max-snippet":"max-snippet:-1","max-image-preview":"max-image-preview:large","max-video-preview":"max-video-preview:-1"},"canonical":"https:\/\/www.kariyer.net\/kariyer-rehberi\/misirda-asgari-ucret-ne-kadar\/","og_locale":"tr_TR","og_type":"article","og_title":"M\u0131s\u0131r'da asgari \u00fccret ne kadar?","og_description":"\u201cM\u0131s\u0131r'da asgari \u00fccret ne kadar, al\u0131m g\u00fcc\u00fc nas\u0131l?\u201d gibi merak edilen bir\u00e7ok sorunun cevab\u0131 bu yaz\u0131m\u0131zda! M\u0131s\u0131r'da \u00e7al\u0131\u015fmaya ve sosyal ya\u015fama dair di\u011fer","og_url":"https:\/\/www.kariyer.net\/kariyer-rehberi\/misirda-asgari-ucret-ne-kadar\/","og_site_name":"Kariyer Rehberi","article_published_time":"2024-10-01T19:13:30+00:00","article_modified_time":"2024-10-01T19:15:13+00:00","og_image":[{"width":900,"height":600,"url":"https:\/\/www.kariyer.net\/kariyer-rehberi\/wp-content\/uploads\/2024\/10\/misir_asgari_ucret.jpg","type":"image\/jpeg"}],"author":"Edit\u00f6r","twitter_card":"summary_large_image","twitter_misc":{"Yazan:":"Edit\u00f6r","Tahmini okuma s\u00fcresi":"7 dakika"},"schema":{"@context":"https:\/\/schema.org","@graph":[{"@type":"Article","@id":"https:\/\/www.kariyer.net\/kariyer-rehberi\/misirda-asgari-ucret-ne-kadar\/#article","isPartOf":{"@id":"https:\/\/www.kariyer.net\/kariyer-rehberi\/misirda-asgari-ucret-ne-kadar\/"},"author":{"name":"Edit\u00f6r","@id":"https:\/\/www.kariyer.net\/kariyer-rehberi\/#\/schema\/person\/94fd6e49c7ff1b1b2565a2cc4fd685dd"},"headline":"M\u0131s\u0131r&#8217;da asgari \u00fccret ne kadar?","datePublished":"2024-10-01T19:13:30+00:00","dateModified":"2024-10-01T19:15:13+00:00","mainEntityOfPage":{"@id":"https:\/\/www.kariyer.net\/kariyer-rehberi\/misirda-asgari-ucret-ne-kadar\/"},"wordCount":1523,"publisher":{"@id":"https:\/\/www.kariyer.net\/kariyer-rehberi\/#organization"},"image":{"@id":"https:\/\/www.kariyer.net\/kariyer-rehberi\/misirda-asgari-ucret-ne-kadar\/#primaryimage"},"thumbnailUrl":"https:\/\/www.kariyer.net\/kariyer-rehberi\/wp-content\/uploads\/2024\/10\/misir_asgari_ucret.jpg","articleSection":["Ya\u015fam"],"inLanguage":"tr"},{"@type":"WebPage","@id":"https:\/\/www.kariyer.net\/kariyer-rehberi\/misirda-asgari-ucret-ne-kadar\/","url":"https:\/\/www.kariyer.net\/kariyer-rehberi\/misirda-asgari-ucret-ne-kadar\/","name":"M\u0131s\u0131r'da asgari \u00fccret ne kadar?","isPartOf":{"@id":"https:\/\/www.kariyer.net\/kariyer-rehberi\/#website"},"primaryImageOfPage":{"@id":"https:\/\/www.kariyer.net\/kariyer-rehberi\/misirda-asgari-ucret-ne-kadar\/#primaryimage"},"image":{"@id":"https:\/\/www.kariyer.net\/kariyer-rehberi\/misirda-asgari-ucret-ne-kadar\/#primaryimage"},"thumbnailUrl":"https:\/\/www.kariyer.net\/kariyer-rehberi\/wp-content\/uploads\/2024\/10\/misir_asgari_ucret.jpg","datePublished":"2024-10-01T19:13:30+00:00","dateModified":"2024-10-01T19:15:13+00:00","description":"\u201cM\u0131s\u0131r'da asgari \u00fccret ne kadar, al\u0131m g\u00fcc\u00fc nas\u0131l?\u201d gibi merak edilen bir\u00e7ok sorunun cevab\u0131 bu yaz\u0131m\u0131zda! Hemen oku!","breadcrumb":{"@id":"https:\/\/www.kariyer.net\/kariyer-rehberi\/misirda-asgari-ucret-ne-kadar\/#breadcrumb"},"inLanguage":"tr","potentialAction":[{"@type":"ReadAction","target":["https:\/\/www.kariyer.net\/kariyer-rehberi\/misirda-asgari-ucret-ne-kadar\/"]}]},{"@type":"ImageObject","inLanguage":"tr","@id":"https:\/\/www.kariyer.net\/kariyer-rehberi\/misirda-asgari-ucret-ne-kadar\/#primaryimage","url":"https:\/\/www.kariyer.net\/kariyer-rehberi\/wp-content\/uploads\/2024\/10\/misir_asgari_ucret.jpg","contentUrl":"https:\/\/www.kariyer.net\/kariyer-rehberi\/wp-content\/uploads\/2024\/10\/misir_asgari_ucret.jpg","width":900,"height":600},{"@type":"BreadcrumbList","@id":"https:\/\/www.kariyer.net\/kariyer-rehberi\/misirda-asgari-ucret-ne-kadar\/#breadcrumb","itemListElement":[{"@type":"ListItem","position":1,"name":"Anasayfa","item":"https:\/\/www.kariyer.net\/kariyer-rehberi\/"},{"@type":"ListItem","position":2,"name":"M\u0131s\u0131r&#8217;da asgari \u00fccret ne kadar?"}]},{"@type":"WebSite","@id":"https:\/\/www.kariyer.net\/kariyer-rehberi\/#website","url":"https:\/\/www.kariyer.net\/kariyer-rehberi\/","name":"Kariyer Rehberi","description":"\u0130\u015f D\u00fcnyas\u0131yla \u0130lgili Bilmek \u0130stedi\u011finiz Her \u015eey","publisher":{"@id":"https:\/\/www.kariyer.net\/kariyer-rehberi\/#organization"},"potentialAction":[{"@type":"SearchAction","target":{"@type":"EntryPoint","urlTemplate":"https:\/\/www.kariyer.net\/kariyer-rehberi\/?s={search_term_string}"},"query-input":{"@type":"PropertyValueSpecification","valueRequired":true,"valueName":"search_term_string"}}],"inLanguage":"tr"},{"@type":"Organization","@id":"https:\/\/www.kariyer.net\/kariyer-rehberi\/#organization","name":"Kariyer.net","url":"https:\/\/www.kariyer.net\/kariyer-rehberi\/","logo":{"@type":"ImageObject","inLanguage":"tr","@id":"https:\/\/www.kariyer.net\/kariyer-rehberi\/#\/schema\/logo\/image\/","url":"https:\/\/www.kariyer.net\/kariyer-rehberi-new\/wp-content\/uploads\/2023\/01\/og-image11.jpg","contentUrl":"https:\/\/www.kariyer.net\/kariyer-rehberi-new\/wp-content\/uploads\/2023\/01\/og-image11.jpg","width":800,"height":800,"caption":"Kariyer.net"},"image":{"@id":"https:\/\/www.kariyer.net\/kariyer-rehberi\/#\/schema\/logo\/image\/"}},{"@type":"Person","@id":"https:\/\/www.kariyer.net\/kariyer-rehberi\/#\/schema\/person\/94fd6e49c7ff1b1b2565a2cc4fd685dd","name":"Edit\u00f6r","image":{"@type":"ImageObject","inLanguage":"tr","@id":"https:\/\/www.kariyer.net\/kariyer-rehberi\/#\/schema\/person\/image\/","url":"https:\/\/secure.gravatar.com\/avatar\/0c4fe6688343aed3693b15573beae12c08ace5565409d5ab7509bf9c115f458d?s=96&d=mm&r=g","contentUrl":"https:\/\/secure.gravatar.com\/avatar\/0c4fe6688343aed3693b15573beae12c08ace5565409d5ab7509bf9c115f458d?s=96&d=mm&r=g","caption":"Edit\u00f6r"},"url":"https:\/\/www.kariyer.net\/kariyer-rehberi\/author\/editor\/"}]}},"_links":{"self":[{"href":"https:\/\/www.kariyer.net\/kariyer-rehberi\/wp-json\/wp\/v2\/posts\/21251","targetHints":{"allow":["GET"]}}],"collection":[{"href":"https:\/\/www.kariyer.net\/kariyer-rehberi\/wp-json\/wp\/v2\/posts"}],"about":[{"href":"https:\/\/www.kariyer.net\/kariyer-rehberi\/wp-json\/wp\/v2\/types\/post"}],"author":[{"embeddable":true,"href":"https:\/\/www.kariyer.net\/kariyer-rehberi\/wp-json\/wp\/v2\/users\/12"}],"replies":[{"embeddable":true,"href":"https:\/\/www.kariyer.net\/kariyer-rehberi\/wp-json\/wp\/v2\/comments?post=21251"}],"version-history":[{"count":3,"href":"https:\/\/www.kariyer.net\/kariyer-rehberi\/wp-json\/wp\/v2\/posts\/21251\/revisions"}],"predecessor-version":[{"id":21255,"href":"https:\/\/www.kariyer.net\/kariyer-rehberi\/wp-json\/wp\/v2\/posts\/21251\/revisions\/21255"}],"wp:featuredmedia":[{"embeddable":true,"href":"https:\/\/www.kariyer.net\/kariyer-rehberi\/wp-json\/wp\/v2\/media\/21252"}],"wp:attachment":[{"href":"https:\/\/www.kariyer.net\/kariyer-rehberi\/wp-json\/wp\/v2\/media?parent=21251"}],"wp:term":[{"taxonomy":"category","embeddable":true,"href":"https:\/\/www.kariyer.net\/kariyer-rehberi\/wp-json\/wp\/v2\/categories?post=21251"},{"taxonomy":"post_tag","embeddable":true,"href":"https:\/\/www.kariyer.net\/kariyer-rehberi\/wp-json\/wp\/v2\/tags?post=21251"}],"curies":[{"name":"wp","href":"https:\/\/api.w.org\/{rel}","templated":true}]}}