{"id":21261,"date":"2024-10-03T16:04:26","date_gmt":"2024-10-03T13:04:26","guid":{"rendered":"https:\/\/www.kariyer.net\/kariyer-rehberi\/?p=21261"},"modified":"2024-10-04T10:50:37","modified_gmt":"2024-10-04T07:50:37","slug":"teknoloji-sektorunde-yeniden-yukselmek-icin-ilk-adimi-at","status":"publish","type":"post","link":"https:\/\/www.kariyer.net\/kariyer-rehberi\/teknoloji-sektorunde-yeniden-yukselmek-icin-ilk-adimi-at\/","title":{"rendered":"Teknoloji sekt\u00f6r\u00fcnde yeniden y\u00fckselmek i\u00e7in ilk ad\u0131m\u0131 at!"},"content":{"rendered":"<p><strong>\u201cGelecek Hayalim Tech Talks\u201d serisi, kad\u0131nlar\u0131n teknoloji sekt\u00f6r\u00fcndeki g\u00fcc\u00fcn\u00fc g\u00f6stermesine destek olacak s\u00f6yle\u015filerle devam ediyor. \u201cBen de D\u00f6n\u00fc\u015f\u00fcyorum \u0130\u015fe D\u00f6n\u00fcyorum\u201d oturumu, \u00e7al\u0131\u015fma hayat\u0131ndaki teknolojik d\u00f6n\u00fc\u015f\u00fcm\u00fc yakalamak isteyenlere ilham olacak&#8230;<\/strong><\/p>\n<p>KAG\u0130DER Tech Talks sohbet serisi, i\u015f arayan veya kariyerini yeniden yap\u0131land\u0131rmak isteyen kad\u0131nlara ilham olmak i\u00e7in <strong> \u201cBen de D\u00f6n\u00fc\u015f\u00fcyorum \u0130\u015fe D\u00f6n\u00fcyorum\u201d <\/strong>oturumuyla devam ediyor.<\/p>\n<p>Bu \u00f6zel oturum; i\u015f arayan, i\u015f hayat\u0131na ara verip yeniden d\u00f6nmeye haz\u0131rlanan, kariyerinde d\u00f6n\u00fc\u015f\u00fcm arayanlar i\u00e7in dolu dolu bir i\u00e7eri\u011fe sahip. Kat\u0131l\u0131mc\u0131lar, insan kaynaklar\u0131 taraf\u0131ndaki beklenti ve y\u00fckselen de\u011ferlere dair fikir sahibi olabilecek, ara verdikleri kariyerlerine teknoloji alan\u0131na yo\u011funla\u015farak g\u00fc\u00e7l\u00fc d\u00f6n\u00fc\u015fler ger\u00e7ekle\u015ftiren profesyonellerin deneyimlerini dinleme \u015fans\u0131 bulacak.<\/p>\n<p><a href=\"https:\/\/www.kariyer.net\/kariyer-rehberi\/wp-content\/uploads\/2024\/10\/tectalks.jpeg\"><img fetchpriority=\"high\" decoding=\"async\" class=\"wp-image-21270 alignleft\" src=\"https:\/\/www.kariyer.net\/kariyer-rehberi\/wp-content\/uploads\/2024\/10\/tectalks.jpeg\" alt=\"\" width=\"379\" height=\"379\" srcset=\"https:\/\/www.kariyer.net\/kariyer-rehberi\/wp-content\/uploads\/2024\/10\/tectalks.jpeg 1080w, https:\/\/www.kariyer.net\/kariyer-rehberi\/wp-content\/uploads\/2024\/10\/tectalks-300x300.jpeg 300w, https:\/\/www.kariyer.net\/kariyer-rehberi\/wp-content\/uploads\/2024\/10\/tectalks-1024x1024.jpeg 1024w, https:\/\/www.kariyer.net\/kariyer-rehberi\/wp-content\/uploads\/2024\/10\/tectalks-150x150.jpeg 150w, https:\/\/www.kariyer.net\/kariyer-rehberi\/wp-content\/uploads\/2024\/10\/tectalks-768x768.jpeg 768w, https:\/\/www.kariyer.net\/kariyer-rehberi\/wp-content\/uploads\/2024\/10\/tectalks-450x450.jpeg 450w, https:\/\/www.kariyer.net\/kariyer-rehberi\/wp-content\/uploads\/2024\/10\/tectalks-780x780.jpeg 780w\" sizes=\"(max-width: 379px) 100vw, 379px\" \/><\/a><\/p>\n<h3>Moderat\u00f6r:<\/h3>\n<p>\u00c7i\u00e7ek \u00c7izmeci<\/p>\n<h3><strong>Konu\u015fmac\u0131lar:<\/strong><\/h3>\n<ul>\n<li style=\"text-align: left;\"><strong>Berna Belk\u0131s<\/strong> \u2013 CHRO ve \u0130cra Kurulu \u00dcyesi, Param Grup<\/li>\n<li><strong>Nazl\u0131 \u015eenyi\u011fit<\/strong> \u2013 Yetenek Kazan\u0131m K\u0131demli M\u00fcd\u00fcr, Vodafone<\/li>\n<li><strong>Sedef Doktur<\/strong> \u2013 \u0130\u015f Analisti<\/li>\n<li><strong>Hande Cimilli<\/strong> \u2013 K\u0131demli Dijital Performans Pazarlama Uzman\u0131<\/li>\n<\/ul>\n<p><strong>Tarih:<\/strong> 8 Ekim Sal\u0131<br \/>\n<strong>Saat:<\/strong> 11.00-12.30<br \/>\n<strong>Yer:<\/strong> Zoom<\/p>\n<p>Kay\u0131t olmak i\u00e7in <b><a href=\"https:\/\/tinyurl.com\/TechTalksisedonuyorum\" target=\"_blank\" rel=\"noopener\">buraya <\/a><\/b>t\u0131klayabilirsin!<\/p>\n<!-- templates\/buttons-placeholder.php -->\n<div class=\"da-reactions-outer TpostID21261\">\n\t    <div class=\"da-reactions-data da-reactions-container-async center\"\n         data-type=\"post\"\n         data-id=\"21261\"\n         id=\"da-reactions-slot-post-21261\">\n        <div class=\"da-reactions-static\">\n\t\t\t<img src=\"https:\/\/www.kariyer.net\/kariyer-rehberi\/wp-content\/plugins\/da-reactions\/assets\/dist\/loading.svg\" alt=\"Loading spinner\" width=\"48\" height=\"48\" style=\"width:48px\" \/>\n        <\/div>\n    <\/div>\n<\/div>\n","protected":false},"excerpt":{"rendered":"<p>\u201cGelecek Hayalim Tech Talks\u201d serisi, kad\u0131nlar\u0131n teknoloji sekt\u00f6r\u00fcndeki g\u00fcc\u00fcn\u00fc g\u00f6stermesine destek olacak s\u00f6yle\u015filerle devam ediyor. \u201cBen de D\u00f6n\u00fc\u015f\u00fcyorum \u0130\u015fe D\u00f6n\u00fcyorum\u201d oturumu, \u00e7al\u0131\u015fma hayat\u0131ndaki teknolojik d\u00f6n\u00fc\u015f\u00fcm\u00fc yakalamak isteyenlere ilham olacak&#8230; KAG\u0130DER Tech Talks sohbet serisi, i\u015f arayan veya kariyerini yeniden yap\u0131land\u0131rmak isteyen kad\u0131nlara ilham olmak i\u00e7in \u201cBen de D\u00f6n\u00fc\u015f\u00fcyorum \u0130\u015fe D\u00f6n\u00fcyorum\u201d oturumuyla devam ediyor. Bu \u00f6zel [&hellip;]<\/p>\n<!-- templates\/buttons-placeholder.php -->\n<div class=\"da-reactions-outer TpostID21261\">\n\t    <div class=\"da-reactions-data da-reactions-container-async center\"\n         data-type=\"post\"\n         data-id=\"21261\"\n         id=\"da-reactions-slot-post-21261\">\n        <div class=\"da-reactions-static\">\n\t\t\t<img src=\"https:\/\/www.kariyer.net\/kariyer-rehberi\/wp-content\/plugins\/da-reactions\/assets\/dist\/loading.svg\" alt=\"Loading spinner\" width=\"48\" height=\"48\" style=\"width:48px\" \/>\n        <\/div>\n    <\/div>\n<\/div>\n","protected":false},"author":12,"featured_media":21264,"comment_status":"closed","ping_status":"open","sticky":false,"template":"","format":"standard","meta":{"footnotes":"","_elementor_edit_mode":"","_elementor_template_type":"","_elementor_data":"","_elementor_page_settings":null,"_elementor_conditions":[]},"categories":[2203],"tags":[],"class_list":{"0":"post-21261","1":"post","2":"type-post","3":"status-publish","4":"format-standard","5":"has-post-thumbnail","7":"category-haberler-duyurular"},"yoast_head":"<!-- This site is optimized with the Yoast SEO Premium plugin v21.4 (Yoast SEO v27.0) - https:\/\/yoast.com\/product\/yoast-seo-premium-wordpress\/ -->\n<title>Teknoloji sekt\u00f6r\u00fcnde yeniden y\u00fckselmek i\u00e7in ilk ad\u0131m\u0131 at!<\/title>\n<meta name=\"description\" content=\"\u201cGelecek Hayalim Tech Talks\u201d serisi kad\u0131nlar\u0131n teknoloji sekt\u00f6r\u00fcndeki g\u00fcc\u00fcn\u00fc g\u00f6stermesine destek olacak s\u00f6yle\u015filerle devam ediyor.\" \/>\n<meta name=\"robots\" content=\"index, follow, max-snippet:-1, max-image-preview:large, max-video-preview:-1\" \/>\n<link rel=\"canonical\" href=\"https:\/\/www.kariyer.net\/kariyer-rehberi\/teknoloji-sektorunde-yeniden-yukselmek-icin-ilk-adimi-at\/\" \/>\n<meta property=\"og:locale\" content=\"tr_TR\" \/>\n<meta property=\"og:type\" content=\"article\" \/>\n<meta property=\"og:title\" content=\"Teknoloji sekt\u00f6r\u00fcnde yeniden y\u00fckselmek i\u00e7in ilk ad\u0131m\u0131 at!\" \/>\n<meta property=\"og:description\" content=\"\u201cGelecek Hayalim Tech Talks\u201d serisi, kad\u0131nlar\u0131n teknoloji sekt\u00f6r\u00fcndeki g\u00fcc\u00fcn\u00fc g\u00f6stermesine destek olacak s\u00f6yle\u015filerle devam ediyor. \u201cBen de D\u00f6n\u00fc\u015f\u00fcyorum\" \/>\n<meta property=\"og:url\" content=\"https:\/\/www.kariyer.net\/kariyer-rehberi\/teknoloji-sektorunde-yeniden-yukselmek-icin-ilk-adimi-at\/\" \/>\n<meta property=\"og:site_name\" content=\"Kariyer Rehberi\" \/>\n<meta property=\"article:published_time\" content=\"2024-10-03T13:04:26+00:00\" \/>\n<meta property=\"article:modified_time\" content=\"2024-10-04T07:50:37+00:00\" \/>\n<meta property=\"og:image\" content=\"https:\/\/www.kariyer.net\/kariyer-rehberi\/wp-content\/uploads\/2024\/10\/kagider.jpg\" \/>\n\t<meta property=\"og:image:width\" content=\"900\" \/>\n\t<meta property=\"og:image:height\" content=\"600\" \/>\n\t<meta property=\"og:image:type\" content=\"image\/jpeg\" \/>\n<meta name=\"author\" content=\"Edit\u00f6r\" \/>\n<meta name=\"twitter:card\" content=\"summary_large_image\" \/>\n<meta name=\"twitter:label1\" content=\"Yazan:\" \/>\n\t<meta name=\"twitter:data1\" content=\"Edit\u00f6r\" \/>\n\t<meta name=\"twitter:label2\" content=\"Tahmini okuma s\u00fcresi\" \/>\n\t<meta name=\"twitter:data2\" content=\"2 dakika\" \/>\n<!-- \/ Yoast SEO Premium plugin. -->","yoast_head_json":{"title":"Teknoloji sekt\u00f6r\u00fcnde yeniden y\u00fckselmek i\u00e7in ilk ad\u0131m\u0131 at!","description":"\u201cGelecek Hayalim Tech Talks\u201d serisi kad\u0131nlar\u0131n teknoloji sekt\u00f6r\u00fcndeki g\u00fcc\u00fcn\u00fc g\u00f6stermesine destek olacak s\u00f6yle\u015filerle devam ediyor.","robots":{"index":"index","follow":"follow","max-snippet":"max-snippet:-1","max-image-preview":"max-image-preview:large","max-video-preview":"max-video-preview:-1"},"canonical":"https:\/\/www.kariyer.net\/kariyer-rehberi\/teknoloji-sektorunde-yeniden-yukselmek-icin-ilk-adimi-at\/","og_locale":"tr_TR","og_type":"article","og_title":"Teknoloji sekt\u00f6r\u00fcnde yeniden y\u00fckselmek i\u00e7in ilk ad\u0131m\u0131 at!","og_description":"\u201cGelecek Hayalim Tech Talks\u201d serisi, kad\u0131nlar\u0131n teknoloji sekt\u00f6r\u00fcndeki g\u00fcc\u00fcn\u00fc g\u00f6stermesine destek olacak s\u00f6yle\u015filerle devam ediyor. \u201cBen de D\u00f6n\u00fc\u015f\u00fcyorum","og_url":"https:\/\/www.kariyer.net\/kariyer-rehberi\/teknoloji-sektorunde-yeniden-yukselmek-icin-ilk-adimi-at\/","og_site_name":"Kariyer Rehberi","article_published_time":"2024-10-03T13:04:26+00:00","article_modified_time":"2024-10-04T07:50:37+00:00","og_image":[{"width":900,"height":600,"url":"https:\/\/www.kariyer.net\/kariyer-rehberi\/wp-content\/uploads\/2024\/10\/kagider.jpg","type":"image\/jpeg"}],"author":"Edit\u00f6r","twitter_card":"summary_large_image","twitter_misc":{"Yazan:":"Edit\u00f6r","Tahmini okuma s\u00fcresi":"2 dakika"},"schema":{"@context":"https:\/\/schema.org","@graph":[{"@type":"Article","@id":"https:\/\/www.kariyer.net\/kariyer-rehberi\/teknoloji-sektorunde-yeniden-yukselmek-icin-ilk-adimi-at\/#article","isPartOf":{"@id":"https:\/\/www.kariyer.net\/kariyer-rehberi\/teknoloji-sektorunde-yeniden-yukselmek-icin-ilk-adimi-at\/"},"author":{"name":"Edit\u00f6r","@id":"https:\/\/www.kariyer.net\/kariyer-rehberi\/#\/schema\/person\/94fd6e49c7ff1b1b2565a2cc4fd685dd"},"headline":"Teknoloji sekt\u00f6r\u00fcnde yeniden y\u00fckselmek i\u00e7in ilk ad\u0131m\u0131 at!","datePublished":"2024-10-03T13:04:26+00:00","dateModified":"2024-10-04T07:50:37+00:00","mainEntityOfPage":{"@id":"https:\/\/www.kariyer.net\/kariyer-rehberi\/teknoloji-sektorunde-yeniden-yukselmek-icin-ilk-adimi-at\/"},"wordCount":217,"publisher":{"@id":"https:\/\/www.kariyer.net\/kariyer-rehberi\/#organization"},"image":{"@id":"https:\/\/www.kariyer.net\/kariyer-rehberi\/teknoloji-sektorunde-yeniden-yukselmek-icin-ilk-adimi-at\/#primaryimage"},"thumbnailUrl":"https:\/\/www.kariyer.net\/kariyer-rehberi\/wp-content\/uploads\/2024\/10\/kagider.jpg","articleSection":["Haberler ve Duyurular"],"inLanguage":"tr"},{"@type":"WebPage","@id":"https:\/\/www.kariyer.net\/kariyer-rehberi\/teknoloji-sektorunde-yeniden-yukselmek-icin-ilk-adimi-at\/","url":"https:\/\/www.kariyer.net\/kariyer-rehberi\/teknoloji-sektorunde-yeniden-yukselmek-icin-ilk-adimi-at\/","name":"Teknoloji sekt\u00f6r\u00fcnde yeniden y\u00fckselmek i\u00e7in ilk ad\u0131m\u0131 at!","isPartOf":{"@id":"https:\/\/www.kariyer.net\/kariyer-rehberi\/#website"},"primaryImageOfPage":{"@id":"https:\/\/www.kariyer.net\/kariyer-rehberi\/teknoloji-sektorunde-yeniden-yukselmek-icin-ilk-adimi-at\/#primaryimage"},"image":{"@id":"https:\/\/www.kariyer.net\/kariyer-rehberi\/teknoloji-sektorunde-yeniden-yukselmek-icin-ilk-adimi-at\/#primaryimage"},"thumbnailUrl":"https:\/\/www.kariyer.net\/kariyer-rehberi\/wp-content\/uploads\/2024\/10\/kagider.jpg","datePublished":"2024-10-03T13:04:26+00:00","dateModified":"2024-10-04T07:50:37+00:00","description":"\u201cGelecek Hayalim Tech Talks\u201d serisi kad\u0131nlar\u0131n teknoloji sekt\u00f6r\u00fcndeki g\u00fcc\u00fcn\u00fc g\u00f6stermesine destek olacak s\u00f6yle\u015filerle devam ediyor.","breadcrumb":{"@id":"https:\/\/www.kariyer.net\/kariyer-rehberi\/teknoloji-sektorunde-yeniden-yukselmek-icin-ilk-adimi-at\/#breadcrumb"},"inLanguage":"tr","potentialAction":[{"@type":"ReadAction","target":["https:\/\/www.kariyer.net\/kariyer-rehberi\/teknoloji-sektorunde-yeniden-yukselmek-icin-ilk-adimi-at\/"]}]},{"@type":"ImageObject","inLanguage":"tr","@id":"https:\/\/www.kariyer.net\/kariyer-rehberi\/teknoloji-sektorunde-yeniden-yukselmek-icin-ilk-adimi-at\/#primaryimage","url":"https:\/\/www.kariyer.net\/kariyer-rehberi\/wp-content\/uploads\/2024\/10\/kagider.jpg","contentUrl":"https:\/\/www.kariyer.net\/kariyer-rehberi\/wp-content\/uploads\/2024\/10\/kagider.jpg","width":900,"height":600},{"@type":"BreadcrumbList","@id":"https:\/\/www.kariyer.net\/kariyer-rehberi\/teknoloji-sektorunde-yeniden-yukselmek-icin-ilk-adimi-at\/#breadcrumb","itemListElement":[{"@type":"ListItem","position":1,"name":"Anasayfa","item":"https:\/\/www.kariyer.net\/kariyer-rehberi\/"},{"@type":"ListItem","position":2,"name":"Teknoloji sekt\u00f6r\u00fcnde yeniden y\u00fckselmek i\u00e7in ilk ad\u0131m\u0131 at!"}]},{"@type":"WebSite","@id":"https:\/\/www.kariyer.net\/kariyer-rehberi\/#website","url":"https:\/\/www.kariyer.net\/kariyer-rehberi\/","name":"Kariyer Rehberi","description":"\u0130\u015f D\u00fcnyas\u0131yla \u0130lgili Bilmek \u0130stedi\u011finiz Her \u015eey","publisher":{"@id":"https:\/\/www.kariyer.net\/kariyer-rehberi\/#organization"},"potentialAction":[{"@type":"SearchAction","target":{"@type":"EntryPoint","urlTemplate":"https:\/\/www.kariyer.net\/kariyer-rehberi\/?s={search_term_string}"},"query-input":{"@type":"PropertyValueSpecification","valueRequired":true,"valueName":"search_term_string"}}],"inLanguage":"tr"},{"@type":"Organization","@id":"https:\/\/www.kariyer.net\/kariyer-rehberi\/#organization","name":"Kariyer.net","url":"https:\/\/www.kariyer.net\/kariyer-rehberi\/","logo":{"@type":"ImageObject","inLanguage":"tr","@id":"https:\/\/www.kariyer.net\/kariyer-rehberi\/#\/schema\/logo\/image\/","url":"https:\/\/www.kariyer.net\/kariyer-rehberi-new\/wp-content\/uploads\/2023\/01\/og-image11.jpg","contentUrl":"https:\/\/www.kariyer.net\/kariyer-rehberi-new\/wp-content\/uploads\/2023\/01\/og-image11.jpg","width":800,"height":800,"caption":"Kariyer.net"},"image":{"@id":"https:\/\/www.kariyer.net\/kariyer-rehberi\/#\/schema\/logo\/image\/"}},{"@type":"Person","@id":"https:\/\/www.kariyer.net\/kariyer-rehberi\/#\/schema\/person\/94fd6e49c7ff1b1b2565a2cc4fd685dd","name":"Edit\u00f6r","image":{"@type":"ImageObject","inLanguage":"tr","@id":"https:\/\/www.kariyer.net\/kariyer-rehberi\/#\/schema\/person\/image\/","url":"https:\/\/secure.gravatar.com\/avatar\/0c4fe6688343aed3693b15573beae12c08ace5565409d5ab7509bf9c115f458d?s=96&d=mm&r=g","contentUrl":"https:\/\/secure.gravatar.com\/avatar\/0c4fe6688343aed3693b15573beae12c08ace5565409d5ab7509bf9c115f458d?s=96&d=mm&r=g","caption":"Edit\u00f6r"},"url":"https:\/\/www.kariyer.net\/kariyer-rehberi\/author\/editor\/"}]}},"_links":{"self":[{"href":"https:\/\/www.kariyer.net\/kariyer-rehberi\/wp-json\/wp\/v2\/posts\/21261","targetHints":{"allow":["GET"]}}],"collection":[{"href":"https:\/\/www.kariyer.net\/kariyer-rehberi\/wp-json\/wp\/v2\/posts"}],"about":[{"href":"https:\/\/www.kariyer.net\/kariyer-rehberi\/wp-json\/wp\/v2\/types\/post"}],"author":[{"embeddable":true,"href":"https:\/\/www.kariyer.net\/kariyer-rehberi\/wp-json\/wp\/v2\/users\/12"}],"replies":[{"embeddable":true,"href":"https:\/\/www.kariyer.net\/kariyer-rehberi\/wp-json\/wp\/v2\/comments?post=21261"}],"version-history":[{"count":7,"href":"https:\/\/www.kariyer.net\/kariyer-rehberi\/wp-json\/wp\/v2\/posts\/21261\/revisions"}],"predecessor-version":[{"id":21271,"href":"https:\/\/www.kariyer.net\/kariyer-rehberi\/wp-json\/wp\/v2\/posts\/21261\/revisions\/21271"}],"wp:featuredmedia":[{"embeddable":true,"href":"https:\/\/www.kariyer.net\/kariyer-rehberi\/wp-json\/wp\/v2\/media\/21264"}],"wp:attachment":[{"href":"https:\/\/www.kariyer.net\/kariyer-rehberi\/wp-json\/wp\/v2\/media?parent=21261"}],"wp:term":[{"taxonomy":"category","embeddable":true,"href":"https:\/\/www.kariyer.net\/kariyer-rehberi\/wp-json\/wp\/v2\/categories?post=21261"},{"taxonomy":"post_tag","embeddable":true,"href":"https:\/\/www.kariyer.net\/kariyer-rehberi\/wp-json\/wp\/v2\/tags?post=21261"}],"curies":[{"name":"wp","href":"https:\/\/api.w.org\/{rel}","templated":true}]}}