{"id":21272,"date":"2024-10-08T14:42:22","date_gmt":"2024-10-08T11:42:22","guid":{"rendered":"https:\/\/www.kariyer.net\/kariyer-rehberi\/?p=21272"},"modified":"2024-11-20T15:16:51","modified_gmt":"2024-11-20T12:16:51","slug":"sifirdan-yazilimci-ol-gelecegine-yon-ver","status":"publish","type":"post","link":"https:\/\/www.kariyer.net\/kariyer-rehberi\/sifirdan-yazilimci-ol-gelecegine-yon-ver\/","title":{"rendered":"S\u0131f\u0131rdan yaz\u0131l\u0131mc\u0131 ol, gelece\u011fine y\u00f6n ver!"},"content":{"rendered":"<p><strong>Teknolojinin h\u0131zla geli\u015fti\u011fi bir d\u00f6nemde ya\u015f\u0131yoruz ve yaz\u0131l\u0131m bilgisi art\u0131k hayat\u0131n her alan\u0131nda \u00f6nemli bir yer tutuyor. Peki, mesle\u011fin ne olursa olsun, yaz\u0131l\u0131m \u00f6\u011frenerek gelece\u011fini \u015fekillendirebilece\u011fini, yapay zeka ve teknoloji \u00e7a\u011f\u0131nda kendine g\u00fc\u00e7l\u00fc bir yer edinebilece\u011fini biliyor musun?<\/strong><\/p>\n<p>BilgeAdam Akademi, deneyimli e\u011fitmenleri ve geni\u015f e\u011fitim olanaklar\u0131yla s\u0131f\u0131rdan ba\u015flayarak seni yaz\u0131l\u0131m d\u00fcnyas\u0131na kazand\u0131racak bir f\u0131rsat sunuyor.<\/p>\n<h2>Peki, yaz\u0131l\u0131m alan\u0131na ad\u0131m att\u0131\u011f\u0131nda seni neler bekliyor?<\/h2>\n<h3><strong>Y\u00fcksek maa\u015f<\/strong><\/h3>\n<p>Yaz\u0131l\u0131mc\u0131 olman\u0131n en cazip yanlar\u0131ndan biri, bu sekt\u00f6rdeki maa\u015flar\u0131n pek \u00e7ok alana g\u00f6re daha y\u00fcksek olmas\u0131d\u0131r.<\/p>\n<h3><strong>Global i\u015f f\u0131rsatlar\u0131<\/strong><\/h3>\n<p>Yaz\u0131l\u0131m becerileri sadece T\u00fcrkiye ile s\u0131n\u0131rl\u0131 kalm\u0131yor. Pek \u00e7ok \u00fclke, yaz\u0131l\u0131mc\u0131lar i\u00e7in \u00f6zel \u00e7al\u0131\u015fma vizeleri sunarak yurt d\u0131\u015f\u0131nda \u00e7al\u0131\u015fma f\u0131rsatlar\u0131 yarat\u0131yor. Bu da kariyerini global d\u00fczeyde geni\u015fletmene olanak sa\u011fl\u0131yor. T\u00fcrkiye\u2019de ise yaz\u0131l\u0131m alan\u0131nda yeteneklere olan talep fazla. Bu durum yerel ve uluslararas\u0131 <strong><a href=\"https:\/\/www.kariyer.net\/is-ilanlari\/yazilim%2Buzmani\" target=\"_blank\" rel=\"noopener\">i\u015f imkanlar\u0131n\u0131<\/a><\/strong> de\u011ferlendirme f\u0131rsat\u0131 sunuyor.<\/p>\n<h3><strong>Esnek \u00e7al\u0131\u015fma imkan\u0131<\/strong><\/h3>\n<p>Yaz\u0131l\u0131mc\u0131 olarak esnek \u00e7al\u0131\u015fma imkanlar\u0131ndan da faydalanabilirsin. \u0130ster freelance \u00e7al\u0131\u015farak kendi i\u015fini yapabilir, ister bir \u015firkete ba\u011fl\u0131 kalarak uzaktan \u00e7al\u0131\u015fma imkan\u0131 bulabilirsin. Teknolojinin sundu\u011fu esneklik sayesinde nerede olursan ol, i\u015fini diledi\u011fin yerden y\u00fcr\u00fctebilirsin. Ayr\u0131ca, kendi projelerini hayata ge\u00e7irip giri\u015fimci olma f\u0131rsat\u0131 da seni bekliyor.<\/p>\n<p><a href=\"https:\/\/bit.ly\/3BrITCK\"><img fetchpriority=\"high\" decoding=\"async\" class=\"alignnone size-full wp-image-21464\" src=\"https:\/\/www.kariyer.net\/kariyer-rehberi\/wp-content\/uploads\/2024\/10\/KariyerNetBanner-900x600-1.jpg\" alt=\"\" width=\"900\" height=\"600\" srcset=\"https:\/\/www.kariyer.net\/kariyer-rehberi\/wp-content\/uploads\/2024\/10\/KariyerNetBanner-900x600-1.jpg 900w, https:\/\/www.kariyer.net\/kariyer-rehberi\/wp-content\/uploads\/2024\/10\/KariyerNetBanner-900x600-1-300x200.jpg 300w, https:\/\/www.kariyer.net\/kariyer-rehberi\/wp-content\/uploads\/2024\/10\/KariyerNetBanner-900x600-1-768x512.jpg 768w, https:\/\/www.kariyer.net\/kariyer-rehberi\/wp-content\/uploads\/2024\/10\/KariyerNetBanner-900x600-1-450x300.jpg 450w, https:\/\/www.kariyer.net\/kariyer-rehberi\/wp-content\/uploads\/2024\/10\/KariyerNetBanner-900x600-1-780x520.jpg 780w\" sizes=\"(max-width: 900px) 100vw, 900px\" \/><\/a><\/p>\n<p><strong>Peki, t\u00fcm bu avantajlara sahip olmak i\u00e7in yaz\u0131l\u0131m hakk\u0131nda \u00f6nceden bilgi sahibi olmana gerek var m\u0131? Cevap basit: Hay\u0131r!<\/strong><\/p>\n<p>BilgeAdam Akademi\u2019de; Full Stack .NET Developer, Full Stack Java Developer gibi alanlarda s\u0131f\u0131rdan ba\u015flayabilir, uzmanla\u015farak yaz\u0131l\u0131m d\u00fcnyas\u0131nda kendine yer edinebilirsin. E\u011fitimler, tamamen uygulama temelli olup sekt\u00f6rde ihtiya\u00e7 duyulan bilgi ve becerileri kazanmana yard\u0131mc\u0131 oluyor. E\u011fitimler boyunca, ger\u00e7ek d\u00fcnya uygulamalar\u0131 ve sim\u00fclasyonlar\u0131n\u0131 bir araya getirerek teori ve prati\u011fi deneyimleyebilirsin.<\/p>\n<p>Bu yolculukta, her ge\u00e7en g\u00fcn yeni \u015feyler \u00f6\u011frenmeye devam edecek ve kendini s\u00fcrekli g\u00fcncel tutabileceksin. Teknoloji h\u0131zla de\u011fi\u015firken, sen de bu geli\u015fmeleri takip edip kariyerinde ilerleyebilirsin. Yaz\u0131l\u0131mc\u0131 olmak, d\u00fcnyay\u0131 \u015fekillendiren bir g\u00fcc\u00fcn par\u00e7as\u0131 olmakt\u0131r. BilgeAdam Akademi ile bu g\u00fc\u00e7ten faydalanarak gelece\u011fini \u015fekillendirebilirsin.<\/p>\n<p>Yaz\u0131l\u0131m alan\u0131nda s\u0131f\u0131rdan kariyerine ba\u015flayarak y\u0131ld\u0131z bir yaz\u0131l\u0131mc\u0131 olmak istersen hemen <strong><a href=\"https:\/\/bit.ly\/3BrITCK\">ba\u015fvuru formunu doldur!<\/a><\/strong><\/p>\n<!-- templates\/buttons-placeholder.php -->\n<div class=\"da-reactions-outer TpostID21272\">\n\t    <div class=\"da-reactions-data da-reactions-container-async center\"\n         data-type=\"post\"\n         data-id=\"21272\"\n         id=\"da-reactions-slot-post-21272\">\n        <div class=\"da-reactions-static\">\n\t\t\t<img src=\"https:\/\/www.kariyer.net\/kariyer-rehberi\/wp-content\/plugins\/da-reactions\/assets\/dist\/loading.svg\" alt=\"Loading spinner\" width=\"48\" height=\"48\" style=\"width:48px\" \/>\n        <\/div>\n    <\/div>\n<\/div>\n","protected":false},"excerpt":{"rendered":"<p>Teknolojinin h\u0131zla geli\u015fti\u011fi bir d\u00f6nemde ya\u015f\u0131yoruz ve yaz\u0131l\u0131m bilgisi art\u0131k hayat\u0131n her alan\u0131nda \u00f6nemli bir yer tutuyor. Peki, mesle\u011fin ne olursa olsun, yaz\u0131l\u0131m \u00f6\u011frenerek gelece\u011fini \u015fekillendirebilece\u011fini, yapay zeka ve teknoloji \u00e7a\u011f\u0131nda kendine g\u00fc\u00e7l\u00fc bir yer edinebilece\u011fini biliyor musun? BilgeAdam Akademi, deneyimli e\u011fitmenleri ve geni\u015f e\u011fitim olanaklar\u0131yla s\u0131f\u0131rdan ba\u015flayarak seni yaz\u0131l\u0131m d\u00fcnyas\u0131na kazand\u0131racak bir f\u0131rsat sunuyor. [&hellip;]<\/p>\n<!-- templates\/buttons-placeholder.php -->\n<div class=\"da-reactions-outer TpostID21272\">\n\t    <div class=\"da-reactions-data da-reactions-container-async center\"\n         data-type=\"post\"\n         data-id=\"21272\"\n         id=\"da-reactions-slot-post-21272\">\n        <div class=\"da-reactions-static\">\n\t\t\t<img src=\"https:\/\/www.kariyer.net\/kariyer-rehberi\/wp-content\/plugins\/da-reactions\/assets\/dist\/loading.svg\" alt=\"Loading spinner\" width=\"48\" height=\"48\" style=\"width:48px\" \/>\n        <\/div>\n    <\/div>\n<\/div>\n","protected":false},"author":12,"featured_media":21273,"comment_status":"closed","ping_status":"open","sticky":false,"template":"","format":"standard","meta":{"footnotes":"","_elementor_edit_mode":"","_elementor_template_type":"","_elementor_data":"","_elementor_page_settings":null,"_elementor_conditions":[]},"categories":[2211],"tags":[],"class_list":{"0":"post-21272","1":"post","2":"type-post","3":"status-publish","4":"format-standard","5":"has-post-thumbnail","7":"category-kariyer-gelisimi"},"yoast_head":"<!-- This site is optimized with the Yoast SEO Premium plugin v21.4 (Yoast SEO v27.0) - https:\/\/yoast.com\/product\/yoast-seo-premium-wordpress\/ -->\n<title>S\u0131f\u0131rdan yaz\u0131l\u0131mc\u0131 ol, gelece\u011fine y\u00f6n ver!<\/title>\n<meta name=\"description\" content=\"Yaz\u0131l\u0131m \u00f6\u011frenerek gelece\u011fini \u015fekillendirebilece\u011fini, yapay zeka ve teknoloji \u00e7a\u011f\u0131nda kendine g\u00fc\u00e7l\u00fc bir yer edinebilece\u011fini biliyor musun?\" \/>\n<meta name=\"robots\" content=\"index, follow, max-snippet:-1, max-image-preview:large, max-video-preview:-1\" \/>\n<link rel=\"canonical\" href=\"https:\/\/www.kariyer.net\/kariyer-rehberi\/sifirdan-yazilimci-ol-gelecegine-yon-ver\/\" \/>\n<meta property=\"og:locale\" content=\"tr_TR\" \/>\n<meta property=\"og:type\" content=\"article\" \/>\n<meta property=\"og:title\" content=\"S\u0131f\u0131rdan yaz\u0131l\u0131mc\u0131 ol, gelece\u011fine y\u00f6n ver!\" \/>\n<meta property=\"og:description\" content=\"Teknolojinin h\u0131zla geli\u015fti\u011fi bir d\u00f6nemde ya\u015f\u0131yoruz ve yaz\u0131l\u0131m bilgisi art\u0131k hayat\u0131n her alan\u0131nda \u00f6nemli bir yer tutuyor. Peki, mesle\u011fin ne olursa olsun,\" \/>\n<meta property=\"og:url\" content=\"https:\/\/www.kariyer.net\/kariyer-rehberi\/sifirdan-yazilimci-ol-gelecegine-yon-ver\/\" \/>\n<meta property=\"og:site_name\" content=\"Kariyer Rehberi\" \/>\n<meta property=\"article:published_time\" content=\"2024-10-08T11:42:22+00:00\" \/>\n<meta property=\"article:modified_time\" content=\"2024-11-20T12:16:51+00:00\" \/>\n<meta property=\"og:image\" content=\"https:\/\/www.kariyer.net\/kariyer-rehberi\/wp-content\/uploads\/2024\/10\/bilge_adam_yazilimci.jpg\" \/>\n\t<meta property=\"og:image:width\" content=\"900\" \/>\n\t<meta property=\"og:image:height\" content=\"579\" \/>\n\t<meta property=\"og:image:type\" content=\"image\/jpeg\" \/>\n<meta name=\"author\" content=\"Edit\u00f6r\" \/>\n<meta name=\"twitter:card\" content=\"summary_large_image\" \/>\n<meta name=\"twitter:label1\" content=\"Yazan:\" \/>\n\t<meta name=\"twitter:data1\" content=\"Edit\u00f6r\" \/>\n\t<meta name=\"twitter:label2\" content=\"Tahmini okuma s\u00fcresi\" \/>\n\t<meta name=\"twitter:data2\" content=\"3 dakika\" \/>\n<!-- \/ Yoast SEO Premium plugin. -->","yoast_head_json":{"title":"S\u0131f\u0131rdan yaz\u0131l\u0131mc\u0131 ol, gelece\u011fine y\u00f6n ver!","description":"Yaz\u0131l\u0131m \u00f6\u011frenerek gelece\u011fini \u015fekillendirebilece\u011fini, yapay zeka ve teknoloji \u00e7a\u011f\u0131nda kendine g\u00fc\u00e7l\u00fc bir yer edinebilece\u011fini biliyor musun?","robots":{"index":"index","follow":"follow","max-snippet":"max-snippet:-1","max-image-preview":"max-image-preview:large","max-video-preview":"max-video-preview:-1"},"canonical":"https:\/\/www.kariyer.net\/kariyer-rehberi\/sifirdan-yazilimci-ol-gelecegine-yon-ver\/","og_locale":"tr_TR","og_type":"article","og_title":"S\u0131f\u0131rdan yaz\u0131l\u0131mc\u0131 ol, gelece\u011fine y\u00f6n ver!","og_description":"Teknolojinin h\u0131zla geli\u015fti\u011fi bir d\u00f6nemde ya\u015f\u0131yoruz ve yaz\u0131l\u0131m bilgisi art\u0131k hayat\u0131n her alan\u0131nda \u00f6nemli bir yer tutuyor. Peki, mesle\u011fin ne olursa olsun,","og_url":"https:\/\/www.kariyer.net\/kariyer-rehberi\/sifirdan-yazilimci-ol-gelecegine-yon-ver\/","og_site_name":"Kariyer Rehberi","article_published_time":"2024-10-08T11:42:22+00:00","article_modified_time":"2024-11-20T12:16:51+00:00","og_image":[{"width":900,"height":579,"url":"https:\/\/www.kariyer.net\/kariyer-rehberi\/wp-content\/uploads\/2024\/10\/bilge_adam_yazilimci.jpg","type":"image\/jpeg"}],"author":"Edit\u00f6r","twitter_card":"summary_large_image","twitter_misc":{"Yazan:":"Edit\u00f6r","Tahmini okuma s\u00fcresi":"3 dakika"},"schema":{"@context":"https:\/\/schema.org","@graph":[{"@type":"Article","@id":"https:\/\/www.kariyer.net\/kariyer-rehberi\/sifirdan-yazilimci-ol-gelecegine-yon-ver\/#article","isPartOf":{"@id":"https:\/\/www.kariyer.net\/kariyer-rehberi\/sifirdan-yazilimci-ol-gelecegine-yon-ver\/"},"author":{"name":"Edit\u00f6r","@id":"https:\/\/www.kariyer.net\/kariyer-rehberi\/#\/schema\/person\/94fd6e49c7ff1b1b2565a2cc4fd685dd"},"headline":"S\u0131f\u0131rdan yaz\u0131l\u0131mc\u0131 ol, gelece\u011fine y\u00f6n ver!","datePublished":"2024-10-08T11:42:22+00:00","dateModified":"2024-11-20T12:16:51+00:00","mainEntityOfPage":{"@id":"https:\/\/www.kariyer.net\/kariyer-rehberi\/sifirdan-yazilimci-ol-gelecegine-yon-ver\/"},"wordCount":458,"publisher":{"@id":"https:\/\/www.kariyer.net\/kariyer-rehberi\/#organization"},"image":{"@id":"https:\/\/www.kariyer.net\/kariyer-rehberi\/sifirdan-yazilimci-ol-gelecegine-yon-ver\/#primaryimage"},"thumbnailUrl":"https:\/\/www.kariyer.net\/kariyer-rehberi\/wp-content\/uploads\/2024\/10\/bilge_adam_yazilimci.jpg","articleSection":["Kariyer Geli\u015fimi"],"inLanguage":"tr"},{"@type":"WebPage","@id":"https:\/\/www.kariyer.net\/kariyer-rehberi\/sifirdan-yazilimci-ol-gelecegine-yon-ver\/","url":"https:\/\/www.kariyer.net\/kariyer-rehberi\/sifirdan-yazilimci-ol-gelecegine-yon-ver\/","name":"S\u0131f\u0131rdan yaz\u0131l\u0131mc\u0131 ol, gelece\u011fine y\u00f6n ver!","isPartOf":{"@id":"https:\/\/www.kariyer.net\/kariyer-rehberi\/#website"},"primaryImageOfPage":{"@id":"https:\/\/www.kariyer.net\/kariyer-rehberi\/sifirdan-yazilimci-ol-gelecegine-yon-ver\/#primaryimage"},"image":{"@id":"https:\/\/www.kariyer.net\/kariyer-rehberi\/sifirdan-yazilimci-ol-gelecegine-yon-ver\/#primaryimage"},"thumbnailUrl":"https:\/\/www.kariyer.net\/kariyer-rehberi\/wp-content\/uploads\/2024\/10\/bilge_adam_yazilimci.jpg","datePublished":"2024-10-08T11:42:22+00:00","dateModified":"2024-11-20T12:16:51+00:00","description":"Yaz\u0131l\u0131m \u00f6\u011frenerek gelece\u011fini \u015fekillendirebilece\u011fini, yapay zeka ve teknoloji \u00e7a\u011f\u0131nda kendine g\u00fc\u00e7l\u00fc bir yer edinebilece\u011fini biliyor musun?","breadcrumb":{"@id":"https:\/\/www.kariyer.net\/kariyer-rehberi\/sifirdan-yazilimci-ol-gelecegine-yon-ver\/#breadcrumb"},"inLanguage":"tr","potentialAction":[{"@type":"ReadAction","target":["https:\/\/www.kariyer.net\/kariyer-rehberi\/sifirdan-yazilimci-ol-gelecegine-yon-ver\/"]}]},{"@type":"ImageObject","inLanguage":"tr","@id":"https:\/\/www.kariyer.net\/kariyer-rehberi\/sifirdan-yazilimci-ol-gelecegine-yon-ver\/#primaryimage","url":"https:\/\/www.kariyer.net\/kariyer-rehberi\/wp-content\/uploads\/2024\/10\/bilge_adam_yazilimci.jpg","contentUrl":"https:\/\/www.kariyer.net\/kariyer-rehberi\/wp-content\/uploads\/2024\/10\/bilge_adam_yazilimci.jpg","width":900,"height":579},{"@type":"BreadcrumbList","@id":"https:\/\/www.kariyer.net\/kariyer-rehberi\/sifirdan-yazilimci-ol-gelecegine-yon-ver\/#breadcrumb","itemListElement":[{"@type":"ListItem","position":1,"name":"Anasayfa","item":"https:\/\/www.kariyer.net\/kariyer-rehberi\/"},{"@type":"ListItem","position":2,"name":"S\u0131f\u0131rdan yaz\u0131l\u0131mc\u0131 ol, gelece\u011fine y\u00f6n ver!"}]},{"@type":"WebSite","@id":"https:\/\/www.kariyer.net\/kariyer-rehberi\/#website","url":"https:\/\/www.kariyer.net\/kariyer-rehberi\/","name":"Kariyer Rehberi","description":"\u0130\u015f D\u00fcnyas\u0131yla \u0130lgili Bilmek \u0130stedi\u011finiz Her \u015eey","publisher":{"@id":"https:\/\/www.kariyer.net\/kariyer-rehberi\/#organization"},"potentialAction":[{"@type":"SearchAction","target":{"@type":"EntryPoint","urlTemplate":"https:\/\/www.kariyer.net\/kariyer-rehberi\/?s={search_term_string}"},"query-input":{"@type":"PropertyValueSpecification","valueRequired":true,"valueName":"search_term_string"}}],"inLanguage":"tr"},{"@type":"Organization","@id":"https:\/\/www.kariyer.net\/kariyer-rehberi\/#organization","name":"Kariyer.net","url":"https:\/\/www.kariyer.net\/kariyer-rehberi\/","logo":{"@type":"ImageObject","inLanguage":"tr","@id":"https:\/\/www.kariyer.net\/kariyer-rehberi\/#\/schema\/logo\/image\/","url":"https:\/\/www.kariyer.net\/kariyer-rehberi-new\/wp-content\/uploads\/2023\/01\/og-image11.jpg","contentUrl":"https:\/\/www.kariyer.net\/kariyer-rehberi-new\/wp-content\/uploads\/2023\/01\/og-image11.jpg","width":800,"height":800,"caption":"Kariyer.net"},"image":{"@id":"https:\/\/www.kariyer.net\/kariyer-rehberi\/#\/schema\/logo\/image\/"}},{"@type":"Person","@id":"https:\/\/www.kariyer.net\/kariyer-rehberi\/#\/schema\/person\/94fd6e49c7ff1b1b2565a2cc4fd685dd","name":"Edit\u00f6r","image":{"@type":"ImageObject","inLanguage":"tr","@id":"https:\/\/www.kariyer.net\/kariyer-rehberi\/#\/schema\/person\/image\/","url":"https:\/\/secure.gravatar.com\/avatar\/0c4fe6688343aed3693b15573beae12c08ace5565409d5ab7509bf9c115f458d?s=96&d=mm&r=g","contentUrl":"https:\/\/secure.gravatar.com\/avatar\/0c4fe6688343aed3693b15573beae12c08ace5565409d5ab7509bf9c115f458d?s=96&d=mm&r=g","caption":"Edit\u00f6r"},"url":"https:\/\/www.kariyer.net\/kariyer-rehberi\/author\/editor\/"}]}},"_links":{"self":[{"href":"https:\/\/www.kariyer.net\/kariyer-rehberi\/wp-json\/wp\/v2\/posts\/21272","targetHints":{"allow":["GET"]}}],"collection":[{"href":"https:\/\/www.kariyer.net\/kariyer-rehberi\/wp-json\/wp\/v2\/posts"}],"about":[{"href":"https:\/\/www.kariyer.net\/kariyer-rehberi\/wp-json\/wp\/v2\/types\/post"}],"author":[{"embeddable":true,"href":"https:\/\/www.kariyer.net\/kariyer-rehberi\/wp-json\/wp\/v2\/users\/12"}],"replies":[{"embeddable":true,"href":"https:\/\/www.kariyer.net\/kariyer-rehberi\/wp-json\/wp\/v2\/comments?post=21272"}],"version-history":[{"count":7,"href":"https:\/\/www.kariyer.net\/kariyer-rehberi\/wp-json\/wp\/v2\/posts\/21272\/revisions"}],"predecessor-version":[{"id":21474,"href":"https:\/\/www.kariyer.net\/kariyer-rehberi\/wp-json\/wp\/v2\/posts\/21272\/revisions\/21474"}],"wp:featuredmedia":[{"embeddable":true,"href":"https:\/\/www.kariyer.net\/kariyer-rehberi\/wp-json\/wp\/v2\/media\/21273"}],"wp:attachment":[{"href":"https:\/\/www.kariyer.net\/kariyer-rehberi\/wp-json\/wp\/v2\/media?parent=21272"}],"wp:term":[{"taxonomy":"category","embeddable":true,"href":"https:\/\/www.kariyer.net\/kariyer-rehberi\/wp-json\/wp\/v2\/categories?post=21272"},{"taxonomy":"post_tag","embeddable":true,"href":"https:\/\/www.kariyer.net\/kariyer-rehberi\/wp-json\/wp\/v2\/tags?post=21272"}],"curies":[{"name":"wp","href":"https:\/\/api.w.org\/{rel}","templated":true}]}}