{"id":21284,"date":"2024-10-08T10:28:05","date_gmt":"2024-10-08T07:28:05","guid":{"rendered":"https:\/\/www.kariyer.net\/kariyer-rehberi\/?p=21284"},"modified":"2024-10-08T10:28:39","modified_gmt":"2024-10-08T07:28:39","slug":"saglik-bakanligi-personel-alimi","status":"publish","type":"post","link":"https:\/\/www.kariyer.net\/kariyer-rehberi\/saglik-bakanligi-personel-alimi\/","title":{"rendered":"Sa\u011fl\u0131k Bakanl\u0131\u011f\u0131 personel al\u0131m\u0131"},"content":{"rendered":"<p><strong><b>Sa\u011fl\u0131k Bakanl\u0131\u011f\u0131&#8217;nda<\/b>\u00a0g\u00f6rev almakla ilgili detaylar\u0131 \u00f6\u011frenmek istiyorsan, senin i\u00e7in en \u00e7ok merak edilen sorular\u0131n cevab\u0131n\u0131 bu yaz\u0131m\u0131zda kaleme ald\u0131k.<\/strong><\/p>\n<p><b>Sa\u011fl\u0131k Bakanl\u0131\u011f\u0131 personel al\u0131m\u0131<\/b><span style=\"font-weight: 400;\"> s\u00fcrecine dair detayl\u0131 bilgi sahibi olman, ba\u015fvuru s\u00fcrecinin olumlu neticelenmesi a\u00e7\u0131s\u0131ndan b\u00fcy\u00fck yarar sa\u011flar. Sa\u011fl\u0131k Bakanl\u0131\u011f\u0131\u2019n\u0131n yapt\u0131\u011f\u0131 al\u0131mlar, kontenjanlar, ba\u015fvuru s\u00fcre\u00e7leri, \u015fartlar\u0131 ve tarihleri gibi merak edebilece\u011fin t\u00fcm sorular\u0131 yan\u0131tlad\u0131k. E\u011fer sen de bakanl\u0131\u011fa ba\u011fl\u0131 kadrolarda yer almak i\u00e7in personel al\u0131m ilan\u0131 bekleyenlerden biriysen akl\u0131na, tak\u0131lan sorular\u0131n cevaplar\u0131na yaz\u0131n\u0131n devam\u0131ndan ula\u015fabilirsin.<\/span><\/p>\n<p><span style=\"font-weight: 400;\">Sa\u011fl\u0131k Bakanl\u0131\u011f\u0131 personel al\u0131m\u0131 ilanlar\u0131 neredeyse her y\u0131l yay\u0131nlan\u0131r. Farkl\u0131 bran\u015flarda istihdam edilmek \u00fczere a\u00e7\u0131lan kontenjanlar\u0131n say\u0131s\u0131 farkl\u0131l\u0131k g\u00f6sterir. Bunun yan\u0131 s\u0131ra al\u0131m \u015fartlar\u0131 ve benzeri hususlar a\u00e7\u0131s\u0131ndan da ilan detaylar\u0131 farkl\u0131l\u0131k g\u00f6sterebilir. 2024 y\u0131l\u0131 i\u00e7in bakanl\u0131\u011f\u0131n duyurdu\u011fu ilanlar ve detaylar\u0131na i\u00e7eri\u011fin devam\u0131ndan ula\u015farak akl\u0131ndaki sorulara cevap bulabilirsin. \u0130\u015fte, Sa\u011fl\u0131k Bakanl\u0131\u011f\u0131 personel al\u0131m\u0131 \u015fartlar\u0131, ilan ve kontenjan say\u0131lar\u0131\u2026<\/span><\/p>\n<h2><b>Sa\u011fl\u0131k Bakanl\u0131\u011f\u0131 personel al\u0131m\u0131 ne zaman?\u00a0<\/b><\/h2>\n<p><span style=\"font-weight: 400;\">Sa\u011fl\u0131k Bakanl\u0131\u011f\u0131 personel al\u0131m\u0131 i\u00e7in yeni bir duyuru mevcut de\u011fildir. Bakanl\u0131\u011f\u0131n duyurusunu yapt\u0131\u011f\u0131 son al\u0131m detay\u0131 yeniden al\u0131m s\u00fcrecine dairdir. Personel al\u0131mlar\u0131 olmas\u0131 halinde ilanlar bakanl\u0131\u011f\u0131n resmi web sitesinde yay\u0131nlan\u0131r. Bu ilanlarda al\u0131nacak personel say\u0131s\u0131, pozisyonlar ve ba\u015fvuru tarihleri gibi ilgiler de yer al\u0131r. Ba\u015fvurular\u0131n sadece Entegre Kurumsal \u0130\u015flem Platformu \u00fczerinden kabul edilir. \u0130lanlarda belirtilen s\u00fcreler i\u00e7inde ba\u015fvurular\u0131n yap\u0131lmas\u0131 gerekir. E\u011fer sen de ba\u015fvuru ya da yeniden atama kuras\u0131na kat\u0131lmak istersen belirtilen tarih ve saat dilimine kadar ba\u015fvurunu belirtilen platform \u00fczerinden yapmal\u0131s\u0131n. Bu platforma eri\u015fmek i\u00e7in Sa\u011fl\u0131k Bakanl\u0131\u011f\u0131 resmi web sitesindeki duyurular\u0131 takip ederek ilan detaylar\u0131n\u0131 inceleyebilirsin.\u00a0<\/span><\/p>\n<h2><b>Sa\u011fl\u0131k Bakanl\u0131\u011f\u0131 personel al\u0131m\u0131 yap\u0131yor mu?\u00a0<\/b><\/h2>\n<p><span style=\"font-weight: 400;\">Sa\u011fl\u0131k Bakanl\u0131\u011f\u0131 personel al\u0131m\u0131 i\u00e7in en s\u0131k ilan a\u00e7an bakanl\u0131klar aras\u0131ndad\u0131r. T\u0131p ve sa\u011fl\u0131k ile ilgili t\u00fcm alanlarla Sa\u011fl\u0131k Bakanl\u0131\u011f\u0131 ilgilenir. Hastaneler ya da benzeri devlet kurumlar\u0131nda istihdam edilmek \u00fczere doktor, pratisyen, hem\u015fire, acil sa\u011fl\u0131k teknikeri gibi birbirinden farkl\u0131 bran\u015flar i\u00e7in al\u0131mlar yapabilir. \u0130stifa s\u00fcre\u00e7leri de yeni al\u0131m f\u0131rsatlar\u0131 olu\u015fturabilir. \u0130lgili al\u0131mlar a\u00e7\u0131lan kadrolar ve eksikli\u011fe g\u00f6re belirlenir. Emekli olma durumu, tayinler ve benzeri durumlarda ya\u015fanan personel eksikli\u011fi Sa\u011fl\u0131k Bakanl\u0131\u011f\u0131 personel al\u0131m\u0131 ilan\u0131 a\u00e7\u0131lmas\u0131 anlam\u0131na gelir. KPSS ile al\u0131m yap\u0131lan bu bran\u015flardan biriyle ilgileniyorsan, al\u0131m s\u00fcre\u00e7lerini yak\u0131ndan takip etmen gerekir. Hizmet alanlar\u0131n\u0131n geni\u015flemesi ve talebin artmas\u0131 sonucunda da Sa\u011fl\u0131k Bakanl\u0131\u011f\u0131 personel al\u0131m\u0131na ihtiya\u00e7 duyulabilir.\u00a0<\/span><\/p>\n<h2><b>Sa\u011fl\u0131k Bakanl\u0131\u011f\u0131 personel al\u0131m\u0131 neye g\u00f6re belirlenir?\u00a0<\/b><\/h2>\n<p><span style=\"font-weight: 400;\">Sa\u011fl\u0131k Bakanl\u0131\u011f\u0131 personel al\u0131m\u0131 belirlemelerinde farkl\u0131 kriterler aran\u0131r. Hangi bran\u015f ve alan i\u00e7in kadro a\u00e7\u0131ld\u0131\u011f\u0131na g\u00f6re de\u011fi\u015fen \u015fartlar g\u00f6rebilirsin. En genel anlam\u0131yla aranan ortak nitelik KPSS \u015fart\u0131d\u0131r. Bakanl\u0131\u011fa ba\u011fl\u0131 hizmet verebilece\u011fin t\u00fcm bran\u015flar\u0131n al\u0131mlar\u0131nda KPSS puan\u0131n baz al\u0131n\u0131r. S\u00f6zle\u015fmeli ya da kadrolu olarak al\u0131m yap\u0131lan t\u00fcm ilanlara ba\u015fvurmadan \u00f6nce KPSS s\u0131nav\u0131na girip yeterli puan ald\u0131ktan sonra bunu ibraz edebilmen istenir. Ek ve genel \u015fartlar aras\u0131nda ise mezuniyetin, deneyimin, s\u00f6zl\u00fc m\u00fclakatlardaki ba\u015far\u0131n gibi hususlar \u00f6nemlidir. Sa\u011fl\u0131k Bakanl\u0131\u011f\u0131 personel al\u0131m\u0131 ba\u015fvuru s\u00fcre\u00e7lerinde, online ba\u015fvuru formunda talep edilen t\u00fcm bilgileri eksiksiz girmen ve belgeleri de eklemen s\u00fcrecin daha olumlu olmas\u0131 ad\u0131na \u00f6nemlidir.<\/span><\/p>\n<h2><b>Sa\u011fl\u0131k Bakanl\u0131\u011f\u0131 personel al\u0131m\u0131 ba\u015fvurular\u0131 nas\u0131l yap\u0131l\u0131r?\u00a0<\/b><\/h2>\n<p><span style=\"font-weight: 400;\">Sa\u011fl\u0131k Bakanl\u0131\u011f\u0131 personel al\u0131m\u0131 ilanlar\u0131 yay\u0131nland\u0131\u011f\u0131nda ba\u015fvuru s\u00fcre\u00e7leri ve tarihler hakk\u0131nda detayl\u0131 bilgiye de yer verilir. Ba\u015fvurular\u0131 ka\u00e7\u0131rmadan online olarak ba\u015fvuru yapmak istiyorsan, mutlaka bakanl\u0131\u011fa ait resmi web sitesindeki duyurular\u0131 takip etmen tavsiye edilir. A\u00e7\u0131lan kadrolar ve yay\u0131nlanan t\u00fcm Sa\u011fl\u0131k Bakanl\u0131\u011f\u0131 personel al\u0131m\u0131 i\u00e7in ba\u015fvuru kanal\u0131 ayn\u0131d\u0131r. Bu kanal ba\u015fvurulara \u00f6zel a\u00e7\u0131lan EK\u0130P platformudur. Entegre Kurumsal \u0130\u015flem Platformu ad\u0131yla da bilinen bu kanala e-Devlet \u015fifren ile giri\u015f yapabilirsin. Bunun yan\u0131 s\u0131ra T.C. Kimlik Kart\u0131, \u0130nternet Bankac\u0131l\u0131\u011f\u0131 ya da Mobil \u0130mza gibi se\u00e7eneklerden herhangi biriyle de sisteme giri\u015f yapman m\u00fcmk\u00fcnd\u00fcr. Giri\u015fin ard\u0131ndan g\u00fcncel ilanlara ait formlar seni kar\u015f\u0131lar. Ba\u015fvurmak istedi\u011fin alan\u0131n formunu eksiksiz \u015fekilde doldurarak ilk ad\u0131m\u0131n\u0131 tamamlayabilirsin. Ba\u015fvurun s\u0131ras\u0131nda istenen belgeleri eksiksiz \u015fekilde sisteme y\u00fcklerken dikkat etmen tavsiye edilir. Aksi halde ba\u015fvurun eksik belge nedeniyle ge\u00e7ersiz say\u0131l\u0131rsa ba\u015fvuru tarihini de ka\u00e7\u0131rabilirsin.\u00a0<\/span><\/p>\n<h2><b>Sa\u011fl\u0131k Bakanl\u0131\u011f\u0131 personel al\u0131m\u0131nda KPSS \u015fart m\u0131?\u00a0<\/b><\/h2>\n<p><span style=\"font-weight: 400;\">Sa\u011fl\u0131k Bakanl\u0131\u011f\u0131 personel al\u0131m\u0131 i\u00e7in aranan \u015fartlar k\u0131lavuzlar\u0131n yay\u0131nland\u0131\u011f\u0131 zaman belli olur. Al\u0131m ilanlar\u0131n\u0131n detaylar\u0131nda aranan \u00f6zel ve genel \u015fartlar\u0131n tamam\u0131 yer al\u0131r. Kadroya g\u00f6re belirlenen \u015fartlar\u0131 bu ilanlar yay\u0131nland\u0131\u011f\u0131 zaman detayl\u0131 olarak g\u00f6rebilirsin. Al\u0131m ilan t\u00fcr\u00fc ve kadro fark etmeksizin her y\u0131l aranan en temel \u00f6n \u015fart KPSS s\u0131nav\u0131d\u0131r. KPSS s\u0131nav\u0131na girmeyen ve al\u0131m i\u00e7in belirtilen puan t\u00fcr\u00fcnde yeterli puan\u0131 alamayan adaylar\u0131n ba\u015fvurular\u0131 kabul edilmez. KPSS d\u0131\u015f\u0131nda talep edilen baz\u0131 genel \u015fartlar ise \u015funlardan olu\u015fur:<\/span><\/p>\n<ul>\n<li style=\"font-weight: 400;\" aria-level=\"1\"><span style=\"font-weight: 400;\">S\u00f6zle\u015fmeli pozisyonlar i\u00e7in 657 say\u0131l\u0131 Kanunun 4. maddesinin B f\u0131kras\u0131nda talep edilen s\u00f6zle\u015fmeli personel \u00e7al\u0131\u015ft\u0131rma \u015fartlar\u0131n\u0131n hepsini ta\u015f\u0131mak.<\/span><\/li>\n<li style=\"font-weight: 400;\" aria-level=\"1\"><span style=\"font-weight: 400;\">T\u00fcrk vatanda\u015f\u0131 olmak.\u00a0<\/span><\/li>\n<li style=\"font-weight: 400;\" aria-level=\"1\"><span style=\"font-weight: 400;\">G\u00fcvenlik soru\u015fturmas\u0131ndan ge\u00e7mek.<\/span><\/li>\n<li style=\"font-weight: 400;\" aria-level=\"1\"><span style=\"font-weight: 400;\">KPSS s\u0131nav\u0131na girip yeterli puan alm\u0131\u015f olmak.<\/span><\/li>\n<li style=\"font-weight: 400;\" aria-level=\"1\"><span style=\"font-weight: 400;\">Sosyal G\u00fcvenlik Kurumundan emekli ayl\u0131\u011f\u0131 ve benzeri maa\u015f yard\u0131mlar\u0131 almamak.<\/span><\/li>\n<li style=\"font-weight: 400;\" aria-level=\"1\"><span style=\"font-weight: 400;\">Ba\u015fvuru i\u00e7in k\u0131lavuzda belirtilen \u00f6zel \u015fartlar\u0131n tamam\u0131n\u0131 ta\u015f\u0131mak.<\/span><\/li>\n<li style=\"font-weight: 400;\" aria-level=\"1\"><span style=\"font-weight: 400;\">A\u00e7\u0131lan kadro i\u00e7in e\u011fitim yeterlili\u011finin olmas\u0131.<\/span><\/li>\n<\/ul>\n<h2><b>Sa\u011fl\u0131k Bakanl\u0131\u011f\u0131 y\u0131lda ka\u00e7 kez al\u0131m yap\u0131yor?\u00a0<\/b><\/h2>\n<p><span style=\"font-weight: 400;\">Sa\u011fl\u0131k Bakanl\u0131\u011f\u0131 personel al\u0131m\u0131 ge\u00e7mi\u015fe bak\u0131ld\u0131\u011f\u0131nda her y\u0131l yap\u0131l\u0131r. Y\u0131l bazl\u0131 a\u00e7\u0131lan kadrolar\u0131n say\u0131s\u0131 ve bran\u015flar\u0131 ihtiyaca g\u00f6re de\u011fi\u015fkenlik g\u00f6sterir. Bu nedenle bakanl\u0131\u011f\u0131n her y\u0131l ka\u00e7 ki\u015fi ve hangi bran\u015ftan istihdam sa\u011flayaca\u011f\u0131 sadece duyuru yap\u0131l\u0131rsa belirtilir. Son 5 y\u0131la bak\u0131ld\u0131\u011f\u0131nda farkl\u0131 bran\u015flar i\u00e7in istihdam edilen personel say\u0131s\u0131n\u0131n 106.514 ki\u015fi oldu\u011fu g\u00f6r\u00fcl\u00fcr. Bu ki\u015filer aras\u0131nda hem\u015fire, doktor, acil t\u0131p teknisyeni gibi farkl\u0131 bran\u015flarda \u00e7al\u0131\u015fanlar yer al\u0131r. Sa\u011fl\u0131k Bakanl\u0131\u011f\u0131 personel al\u0131m\u0131 i\u00e7in a\u00e7\u0131labilecek kadrolar psikolog, eczac\u0131, di\u015f hekimi, anestezi teknikeri, odyometri teknikeri ve benzeri bran\u015flardan olu\u015fabilir. <\/span><\/p>\n<p><span style=\"font-weight: 400;\">Sa\u011fl\u0131k alan\u0131ndaki di\u011fer a\u00e7\u0131k pozisyonlar\u0131 ise Kariyer.net \u00fczerinden <\/span><a href=\"https:\/\/www.kariyer.net\/is-ilanlari\/saglik+personeli\" target=\"_blank\" rel=\"noopener\"><span style=\"font-weight: 400;\">sa\u011fl\u0131k personeli i\u015f ilanlar\u0131<\/span><\/a><span style=\"font-weight: 400;\"> sayfalar\u0131ndan inceleyebilirsin.<\/span><\/p>\n<h2><b>Sa\u011fl\u0131k Bakanl\u0131\u011f\u0131 hangi kadrolara al\u0131m yap\u0131yor?\u00a0<\/b><\/h2>\n<p><span style=\"font-weight: 400;\">Sa\u011fl\u0131k Bakanl\u0131\u011f\u0131 personel al\u0131m\u0131 i\u00e7in kadrolar s\u00fcrekli farkl\u0131l\u0131k g\u00f6sterir. \u0130stifa, emeklilik, personel eksikli\u011fi ve benzeri fakt\u00f6rlere g\u00f6re al\u0131m yap\u0131lacak kadrolar\u0131n belirlendi\u011fini g\u00f6rebilirsin. Bakanl\u0131\u011f\u0131n en s\u0131k al\u0131m yapt\u0131\u011f\u0131 ve kontenjan a\u00e7t\u0131\u011f\u0131 belli ba\u015fl\u0131 kadrolar mevcuttur. Bu kadrolardan baz\u0131lar\u0131 ise \u015funlardan olu\u015fur:<\/span><\/p>\n<ul>\n<li style=\"font-weight: 400;\" aria-level=\"1\"><a href=\"https:\/\/www.kariyer.net\/pozisyonlar\/biyolog\" target=\"_blank\" rel=\"noopener\"><span style=\"font-weight: 400;\">Biyolog<\/span><\/a><\/li>\n<li style=\"font-weight: 400;\" aria-level=\"1\"><span style=\"font-weight: 400;\">\u00c7ocuk Geli\u015fimcisi\u00a0<\/span><\/li>\n<li style=\"font-weight: 400;\" aria-level=\"1\"><span style=\"font-weight: 400;\">Di\u011fer Teknik Hizmetler Personeli\u00a0\u00a0<\/span><\/li>\n<li style=\"font-weight: 400;\" aria-level=\"1\"><span style=\"font-weight: 400;\">Dil ve Konu\u015fma Terapisti\u00a0<\/span><\/li>\n<li style=\"font-weight: 400;\" aria-level=\"1\"><span style=\"font-weight: 400;\">Diyetisyen\u00a0<\/span><\/li>\n<li style=\"font-weight: 400;\" aria-level=\"1\"><span style=\"font-weight: 400;\">Ebe\u00a0<\/span><\/li>\n<li style=\"font-weight: 400;\" aria-level=\"1\"><span style=\"font-weight: 400;\">Fizyoterapist\u00a0<\/span><\/li>\n<li style=\"font-weight: 400;\" aria-level=\"1\"><span style=\"font-weight: 400;\">Hem\u015fire\u00a0<\/span><\/li>\n<li style=\"font-weight: 400;\" aria-level=\"1\"><span style=\"font-weight: 400;\">Hem\u015fire\u00a0<\/span><\/li>\n<li style=\"font-weight: 400;\" aria-level=\"1\"><span style=\"font-weight: 400;\">\u0130\u015f ve U\u011fra\u015f\u0131 Terapisti\u00a0<\/span><\/li>\n<li style=\"font-weight: 400;\" aria-level=\"1\"><span style=\"font-weight: 400;\">Odyolog\u00a0<\/span><\/li>\n<li style=\"font-weight: 400;\" aria-level=\"1\"><span style=\"font-weight: 400;\">Psikolog\u00a0<\/span><\/li>\n<li style=\"font-weight: 400;\" aria-level=\"1\"><span style=\"font-weight: 400;\">Sa\u011fl\u0131k Fizik\u00e7isi\u00a0<\/span><\/li>\n<li style=\"font-weight: 400;\" aria-level=\"1\"><span style=\"font-weight: 400;\">Sa\u011fl\u0131k Teknikeri R\u00f6ntgen\u00a0<\/span><\/li>\n<li style=\"font-weight: 400;\" aria-level=\"1\"><span style=\"font-weight: 400;\">Sa\u011fl\u0131k Teknikeri T\u0131bbi Sekreter\u00a0<\/span><\/li>\n<li style=\"font-weight: 400;\" aria-level=\"1\"><span style=\"font-weight: 400;\">Sa\u011fl\u0131k Teknikeri Adli T\u0131p\u00a0<\/span><\/li>\n<li style=\"font-weight: 400;\" aria-level=\"1\"><span style=\"font-weight: 400;\">Sa\u011fl\u0131k Teknikeri A\u011f\u0131z Di\u015f Sa\u011fl\u0131\u011f\u0131\u00a0<\/span><\/li>\n<li style=\"font-weight: 400;\" aria-level=\"1\"><span style=\"font-weight: 400;\">Sa\u011fl\u0131k Teknikeri Ameliyat\u00a0<\/span><\/li>\n<\/ul>\n<h2><b>Atamas\u0131 yap\u0131lan Sa\u011fl\u0131k Bakanl\u0131\u011f\u0131 personeli hangi kurumlarda \u00e7al\u0131\u015f\u0131yor?<\/b><\/h2>\n<p><span style=\"font-weight: 400;\">Sa\u011fl\u0131k Bakanl\u0131\u011f\u0131 personel al\u0131m\u0131 sonras\u0131 atamas\u0131 yap\u0131lan personellerin nerede \u00e7al\u0131\u015faca\u011f\u0131 kadroya ve ihtiyaca g\u00f6re de\u011fi\u015fir. Merkezde g\u00f6rev alabilecekleri gibi ta\u015frada da g\u00f6rev almalar\u0131 gerekebilir. Sa\u011fl\u0131k ile ilgili t\u00fcm s\u00fcre\u00e7lerle ilgilenen Sa\u011fl\u0131k Bakanl\u0131\u011f\u0131, hastaneler ba\u015fta olmak \u00fczere bakanl\u0131\u011fa ba\u011fl\u0131 ofisler, b\u00fcrolar ve farkl\u0131 \u00e7al\u0131\u015fma alanlar\u0131 i\u00e7in de al\u0131m yapabilir. Bran\u015fa g\u00f6re de\u011fi\u015fen \u00e7al\u0131\u015fma alanlar\u0131na ilan detaylar\u0131ndan bakabilirsin. Ba\u015fvuru ve s\u0131nav s\u00fcrecin tamamland\u0131ktan sonra ataman kabul edilirse, nereye atanaca\u011f\u0131n\u0131 bu a\u015famadan sonra \u00f6\u011frenebilirsin. \u0130lk kez atanacak s\u00f6zle\u015fmeli ya da kadrolu personelleri genel olarak ta\u015frada ya da do\u011fu b\u00f6lgesi illerinde g\u00f6rev alabilir. Alan\u0131n i\u00e7in ideal olan Sa\u011fl\u0131k Bakanl\u0131\u011f\u0131 personel al\u0131m\u0131 duyurular\u0131n\u0131 takip ederek sen de ba\u015fvurunu yapabilirsin.<\/span><\/p>\n<!-- templates\/buttons-placeholder.php -->\n<div class=\"da-reactions-outer TpostID21284\">\n\t    <div class=\"da-reactions-data da-reactions-container-async center\"\n         data-type=\"post\"\n         data-id=\"21284\"\n         id=\"da-reactions-slot-post-21284\">\n        <div class=\"da-reactions-static\">\n\t\t\t<img src=\"https:\/\/www.kariyer.net\/kariyer-rehberi\/wp-content\/plugins\/da-reactions\/assets\/dist\/loading.svg\" alt=\"Loading spinner\" width=\"48\" height=\"48\" style=\"width:48px\" \/>\n        <\/div>\n    <\/div>\n<\/div>\n","protected":false},"excerpt":{"rendered":"<p>Sa\u011fl\u0131k Bakanl\u0131\u011f\u0131&#8217;nda\u00a0g\u00f6rev almakla ilgili detaylar\u0131 \u00f6\u011frenmek istiyorsan, senin i\u00e7in en \u00e7ok merak edilen sorular\u0131n cevab\u0131n\u0131 bu yaz\u0131m\u0131zda kaleme ald\u0131k. Sa\u011fl\u0131k Bakanl\u0131\u011f\u0131 personel al\u0131m\u0131 s\u00fcrecine dair detayl\u0131 bilgi sahibi olman, ba\u015fvuru s\u00fcrecinin olumlu neticelenmesi a\u00e7\u0131s\u0131ndan b\u00fcy\u00fck yarar sa\u011flar. Sa\u011fl\u0131k Bakanl\u0131\u011f\u0131\u2019n\u0131n yapt\u0131\u011f\u0131 al\u0131mlar, kontenjanlar, ba\u015fvuru s\u00fcre\u00e7leri, \u015fartlar\u0131 ve tarihleri gibi merak edebilece\u011fin t\u00fcm sorular\u0131 yan\u0131tlad\u0131k. E\u011fer sen [&hellip;]<\/p>\n<!-- templates\/buttons-placeholder.php -->\n<div class=\"da-reactions-outer TpostID21284\">\n\t    <div class=\"da-reactions-data da-reactions-container-async center\"\n         data-type=\"post\"\n         data-id=\"21284\"\n         id=\"da-reactions-slot-post-21284\">\n        <div class=\"da-reactions-static\">\n\t\t\t<img src=\"https:\/\/www.kariyer.net\/kariyer-rehberi\/wp-content\/plugins\/da-reactions\/assets\/dist\/loading.svg\" alt=\"Loading spinner\" width=\"48\" height=\"48\" style=\"width:48px\" \/>\n        <\/div>\n    <\/div>\n<\/div>\n","protected":false},"author":12,"featured_media":21286,"comment_status":"closed","ping_status":"open","sticky":false,"template":"","format":"standard","meta":{"footnotes":"","_elementor_edit_mode":"","_elementor_template_type":"","_elementor_data":"","_elementor_page_settings":null,"_elementor_conditions":[]},"categories":[2215],"tags":[],"class_list":{"0":"post-21284","1":"post","2":"type-post","3":"status-publish","4":"format-standard","5":"has-post-thumbnail","7":"category-kamuda-kariyer"},"yoast_head":"<!-- This site is optimized with the Yoast SEO Premium plugin v21.4 (Yoast SEO v27.0) - https:\/\/yoast.com\/product\/yoast-seo-premium-wordpress\/ -->\n<title>Sa\u011fl\u0131k Bakanl\u0131\u011f\u0131 personel al\u0131m\u0131<\/title>\n<meta name=\"description\" content=\"Sa\u011fl\u0131k Bakanl\u0131\u011f\u0131&#039;nda\u00a0g\u00f6rev almakla ilgili detaylar\u0131 \u00f6\u011frenmek istiyorsan, merak edilen sorular\u0131n cevab\u0131n\u0131 bu yaz\u0131m\u0131zda kaleme ald\u0131k.\" \/>\n<meta name=\"robots\" content=\"index, follow, max-snippet:-1, max-image-preview:large, max-video-preview:-1\" \/>\n<link rel=\"canonical\" href=\"https:\/\/www.kariyer.net\/kariyer-rehberi\/saglik-bakanligi-personel-alimi\/\" \/>\n<meta property=\"og:locale\" content=\"tr_TR\" \/>\n<meta property=\"og:type\" content=\"article\" \/>\n<meta property=\"og:title\" content=\"Sa\u011fl\u0131k Bakanl\u0131\u011f\u0131 personel al\u0131m\u0131\" \/>\n<meta property=\"og:description\" content=\"Sa\u011fl\u0131k Bakanl\u0131\u011f\u0131&#039;nda\u00a0g\u00f6rev almakla ilgili detaylar\u0131 \u00f6\u011frenmek istiyorsan, senin i\u00e7in en \u00e7ok merak edilen sorular\u0131n cevab\u0131n\u0131 bu yaz\u0131m\u0131zda kaleme ald\u0131k.\" \/>\n<meta property=\"og:url\" content=\"https:\/\/www.kariyer.net\/kariyer-rehberi\/saglik-bakanligi-personel-alimi\/\" \/>\n<meta property=\"og:site_name\" content=\"Kariyer Rehberi\" \/>\n<meta property=\"article:published_time\" content=\"2024-10-08T07:28:05+00:00\" \/>\n<meta property=\"article:modified_time\" content=\"2024-10-08T07:28:39+00:00\" \/>\n<meta property=\"og:image\" content=\"https:\/\/www.kariyer.net\/kariyer-rehberi\/wp-content\/uploads\/2024\/10\/saglik_bakanligi.jpg\" \/>\n\t<meta property=\"og:image:width\" content=\"900\" \/>\n\t<meta property=\"og:image:height\" content=\"600\" \/>\n\t<meta property=\"og:image:type\" content=\"image\/jpeg\" \/>\n<meta name=\"author\" content=\"Edit\u00f6r\" \/>\n<meta name=\"twitter:card\" content=\"summary_large_image\" \/>\n<meta name=\"twitter:label1\" content=\"Yazan:\" \/>\n\t<meta name=\"twitter:data1\" content=\"Edit\u00f6r\" \/>\n\t<meta name=\"twitter:label2\" content=\"Tahmini okuma s\u00fcresi\" \/>\n\t<meta name=\"twitter:data2\" content=\"7 dakika\" \/>\n<!-- \/ Yoast SEO Premium plugin. -->","yoast_head_json":{"title":"Sa\u011fl\u0131k Bakanl\u0131\u011f\u0131 personel al\u0131m\u0131","description":"Sa\u011fl\u0131k Bakanl\u0131\u011f\u0131'nda\u00a0g\u00f6rev almakla ilgili detaylar\u0131 \u00f6\u011frenmek istiyorsan, merak edilen sorular\u0131n cevab\u0131n\u0131 bu yaz\u0131m\u0131zda kaleme ald\u0131k.","robots":{"index":"index","follow":"follow","max-snippet":"max-snippet:-1","max-image-preview":"max-image-preview:large","max-video-preview":"max-video-preview:-1"},"canonical":"https:\/\/www.kariyer.net\/kariyer-rehberi\/saglik-bakanligi-personel-alimi\/","og_locale":"tr_TR","og_type":"article","og_title":"Sa\u011fl\u0131k Bakanl\u0131\u011f\u0131 personel al\u0131m\u0131","og_description":"Sa\u011fl\u0131k Bakanl\u0131\u011f\u0131'nda\u00a0g\u00f6rev almakla ilgili detaylar\u0131 \u00f6\u011frenmek istiyorsan, senin i\u00e7in en \u00e7ok merak edilen sorular\u0131n cevab\u0131n\u0131 bu yaz\u0131m\u0131zda kaleme ald\u0131k.","og_url":"https:\/\/www.kariyer.net\/kariyer-rehberi\/saglik-bakanligi-personel-alimi\/","og_site_name":"Kariyer Rehberi","article_published_time":"2024-10-08T07:28:05+00:00","article_modified_time":"2024-10-08T07:28:39+00:00","og_image":[{"width":900,"height":600,"url":"https:\/\/www.kariyer.net\/kariyer-rehberi\/wp-content\/uploads\/2024\/10\/saglik_bakanligi.jpg","type":"image\/jpeg"}],"author":"Edit\u00f6r","twitter_card":"summary_large_image","twitter_misc":{"Yazan:":"Edit\u00f6r","Tahmini okuma s\u00fcresi":"7 dakika"},"schema":{"@context":"https:\/\/schema.org","@graph":[{"@type":"Article","@id":"https:\/\/www.kariyer.net\/kariyer-rehberi\/saglik-bakanligi-personel-alimi\/#article","isPartOf":{"@id":"https:\/\/www.kariyer.net\/kariyer-rehberi\/saglik-bakanligi-personel-alimi\/"},"author":{"name":"Edit\u00f6r","@id":"https:\/\/www.kariyer.net\/kariyer-rehberi\/#\/schema\/person\/94fd6e49c7ff1b1b2565a2cc4fd685dd"},"headline":"Sa\u011fl\u0131k Bakanl\u0131\u011f\u0131 personel al\u0131m\u0131","datePublished":"2024-10-08T07:28:05+00:00","dateModified":"2024-10-08T07:28:39+00:00","mainEntityOfPage":{"@id":"https:\/\/www.kariyer.net\/kariyer-rehberi\/saglik-bakanligi-personel-alimi\/"},"wordCount":1564,"publisher":{"@id":"https:\/\/www.kariyer.net\/kariyer-rehberi\/#organization"},"image":{"@id":"https:\/\/www.kariyer.net\/kariyer-rehberi\/saglik-bakanligi-personel-alimi\/#primaryimage"},"thumbnailUrl":"https:\/\/www.kariyer.net\/kariyer-rehberi\/wp-content\/uploads\/2024\/10\/saglik_bakanligi.jpg","articleSection":["Kamuda Kariyer"],"inLanguage":"tr"},{"@type":"WebPage","@id":"https:\/\/www.kariyer.net\/kariyer-rehberi\/saglik-bakanligi-personel-alimi\/","url":"https:\/\/www.kariyer.net\/kariyer-rehberi\/saglik-bakanligi-personel-alimi\/","name":"Sa\u011fl\u0131k Bakanl\u0131\u011f\u0131 personel al\u0131m\u0131","isPartOf":{"@id":"https:\/\/www.kariyer.net\/kariyer-rehberi\/#website"},"primaryImageOfPage":{"@id":"https:\/\/www.kariyer.net\/kariyer-rehberi\/saglik-bakanligi-personel-alimi\/#primaryimage"},"image":{"@id":"https:\/\/www.kariyer.net\/kariyer-rehberi\/saglik-bakanligi-personel-alimi\/#primaryimage"},"thumbnailUrl":"https:\/\/www.kariyer.net\/kariyer-rehberi\/wp-content\/uploads\/2024\/10\/saglik_bakanligi.jpg","datePublished":"2024-10-08T07:28:05+00:00","dateModified":"2024-10-08T07:28:39+00:00","description":"Sa\u011fl\u0131k Bakanl\u0131\u011f\u0131'nda\u00a0g\u00f6rev almakla ilgili detaylar\u0131 \u00f6\u011frenmek istiyorsan, merak edilen sorular\u0131n cevab\u0131n\u0131 bu yaz\u0131m\u0131zda kaleme ald\u0131k.","breadcrumb":{"@id":"https:\/\/www.kariyer.net\/kariyer-rehberi\/saglik-bakanligi-personel-alimi\/#breadcrumb"},"inLanguage":"tr","potentialAction":[{"@type":"ReadAction","target":["https:\/\/www.kariyer.net\/kariyer-rehberi\/saglik-bakanligi-personel-alimi\/"]}]},{"@type":"ImageObject","inLanguage":"tr","@id":"https:\/\/www.kariyer.net\/kariyer-rehberi\/saglik-bakanligi-personel-alimi\/#primaryimage","url":"https:\/\/www.kariyer.net\/kariyer-rehberi\/wp-content\/uploads\/2024\/10\/saglik_bakanligi.jpg","contentUrl":"https:\/\/www.kariyer.net\/kariyer-rehberi\/wp-content\/uploads\/2024\/10\/saglik_bakanligi.jpg","width":900,"height":600},{"@type":"BreadcrumbList","@id":"https:\/\/www.kariyer.net\/kariyer-rehberi\/saglik-bakanligi-personel-alimi\/#breadcrumb","itemListElement":[{"@type":"ListItem","position":1,"name":"Anasayfa","item":"https:\/\/www.kariyer.net\/kariyer-rehberi\/"},{"@type":"ListItem","position":2,"name":"Sa\u011fl\u0131k Bakanl\u0131\u011f\u0131 personel al\u0131m\u0131"}]},{"@type":"WebSite","@id":"https:\/\/www.kariyer.net\/kariyer-rehberi\/#website","url":"https:\/\/www.kariyer.net\/kariyer-rehberi\/","name":"Kariyer Rehberi","description":"\u0130\u015f D\u00fcnyas\u0131yla \u0130lgili Bilmek \u0130stedi\u011finiz Her \u015eey","publisher":{"@id":"https:\/\/www.kariyer.net\/kariyer-rehberi\/#organization"},"potentialAction":[{"@type":"SearchAction","target":{"@type":"EntryPoint","urlTemplate":"https:\/\/www.kariyer.net\/kariyer-rehberi\/?s={search_term_string}"},"query-input":{"@type":"PropertyValueSpecification","valueRequired":true,"valueName":"search_term_string"}}],"inLanguage":"tr"},{"@type":"Organization","@id":"https:\/\/www.kariyer.net\/kariyer-rehberi\/#organization","name":"Kariyer.net","url":"https:\/\/www.kariyer.net\/kariyer-rehberi\/","logo":{"@type":"ImageObject","inLanguage":"tr","@id":"https:\/\/www.kariyer.net\/kariyer-rehberi\/#\/schema\/logo\/image\/","url":"https:\/\/www.kariyer.net\/kariyer-rehberi-new\/wp-content\/uploads\/2023\/01\/og-image11.jpg","contentUrl":"https:\/\/www.kariyer.net\/kariyer-rehberi-new\/wp-content\/uploads\/2023\/01\/og-image11.jpg","width":800,"height":800,"caption":"Kariyer.net"},"image":{"@id":"https:\/\/www.kariyer.net\/kariyer-rehberi\/#\/schema\/logo\/image\/"}},{"@type":"Person","@id":"https:\/\/www.kariyer.net\/kariyer-rehberi\/#\/schema\/person\/94fd6e49c7ff1b1b2565a2cc4fd685dd","name":"Edit\u00f6r","image":{"@type":"ImageObject","inLanguage":"tr","@id":"https:\/\/www.kariyer.net\/kariyer-rehberi\/#\/schema\/person\/image\/","url":"https:\/\/secure.gravatar.com\/avatar\/0c4fe6688343aed3693b15573beae12c08ace5565409d5ab7509bf9c115f458d?s=96&d=mm&r=g","contentUrl":"https:\/\/secure.gravatar.com\/avatar\/0c4fe6688343aed3693b15573beae12c08ace5565409d5ab7509bf9c115f458d?s=96&d=mm&r=g","caption":"Edit\u00f6r"},"url":"https:\/\/www.kariyer.net\/kariyer-rehberi\/author\/editor\/"}]}},"_links":{"self":[{"href":"https:\/\/www.kariyer.net\/kariyer-rehberi\/wp-json\/wp\/v2\/posts\/21284","targetHints":{"allow":["GET"]}}],"collection":[{"href":"https:\/\/www.kariyer.net\/kariyer-rehberi\/wp-json\/wp\/v2\/posts"}],"about":[{"href":"https:\/\/www.kariyer.net\/kariyer-rehberi\/wp-json\/wp\/v2\/types\/post"}],"author":[{"embeddable":true,"href":"https:\/\/www.kariyer.net\/kariyer-rehberi\/wp-json\/wp\/v2\/users\/12"}],"replies":[{"embeddable":true,"href":"https:\/\/www.kariyer.net\/kariyer-rehberi\/wp-json\/wp\/v2\/comments?post=21284"}],"version-history":[{"count":1,"href":"https:\/\/www.kariyer.net\/kariyer-rehberi\/wp-json\/wp\/v2\/posts\/21284\/revisions"}],"predecessor-version":[{"id":21285,"href":"https:\/\/www.kariyer.net\/kariyer-rehberi\/wp-json\/wp\/v2\/posts\/21284\/revisions\/21285"}],"wp:featuredmedia":[{"embeddable":true,"href":"https:\/\/www.kariyer.net\/kariyer-rehberi\/wp-json\/wp\/v2\/media\/21286"}],"wp:attachment":[{"href":"https:\/\/www.kariyer.net\/kariyer-rehberi\/wp-json\/wp\/v2\/media?parent=21284"}],"wp:term":[{"taxonomy":"category","embeddable":true,"href":"https:\/\/www.kariyer.net\/kariyer-rehberi\/wp-json\/wp\/v2\/categories?post=21284"},{"taxonomy":"post_tag","embeddable":true,"href":"https:\/\/www.kariyer.net\/kariyer-rehberi\/wp-json\/wp\/v2\/tags?post=21284"}],"curies":[{"name":"wp","href":"https:\/\/api.w.org\/{rel}","templated":true}]}}