{"id":21287,"date":"2024-10-08T15:26:11","date_gmt":"2024-10-08T12:26:11","guid":{"rendered":"https:\/\/www.kariyer.net\/kariyer-rehberi\/?p=21287"},"modified":"2024-10-08T15:26:11","modified_gmt":"2024-10-08T12:26:11","slug":"tarim-ve-orman-bakanligi-personel-alimi","status":"publish","type":"post","link":"https:\/\/www.kariyer.net\/kariyer-rehberi\/tarim-ve-orman-bakanligi-personel-alimi\/","title":{"rendered":"Tar\u0131m ve Orman Bakanl\u0131\u011f\u0131 Personel Al\u0131m\u0131"},"content":{"rendered":"<p><b>Tar\u0131m ve Orman Bakanl\u0131\u011f\u0131&#8217;nda<\/b><strong> g\u00f6rev almakla ilgili detaylar\u0131 \u00f6\u011frenmek istiyorsan, senin i\u00e7in en \u00e7ok merak edilen sorular\u0131n cevab\u0131n\u0131 bu yaz\u0131m\u0131zda kaleme ald\u0131k.<\/strong><\/p>\n<p><span style=\"font-weight: 400;\">Kariyer plan\u0131n Tar\u0131m ve Orman Bakanl\u0131\u011f\u0131nda \u00e7al\u0131\u015fmaksa, do\u011fru yerdesin.\u00a0 <\/span><b>Tar\u0131m ve Orman Bakanl\u0131\u011f\u0131 personel al\u0131m\u0131<\/b><span style=\"font-weight: 400;\"> s\u00fcre\u00e7leri, ba\u015fvuru \u015fartlar\u0131 ya da al\u0131nacak personel say\u0131s\u0131 gibi merak etti\u011fin konular\u0131 yaz\u0131m\u0131zda ke\u015ffedebilirsin.<\/span><span style=\"font-weight: 400;\"><br \/>\n<\/span><\/p>\n<h2><b>Tar\u0131m ve Orman Bakanl\u0131\u011f\u0131 personel al\u0131m\u0131 ne zaman?<\/b><b><br \/>\n<\/b><\/h2>\n<p><span style=\"font-weight: 400;\">Tar\u0131m ve Orman Bakanl\u0131\u011f\u0131 personel al\u0131m\u0131 bu alanda kariyer yapmak isteyenlerin merak etti\u011fi bir konudur. Her y\u0131l belirlenmi\u015f tarihlerde al\u0131m yap\u0131lan Bakanl\u0131k \u00fclkemizdeki tar\u0131m, orman ve su kaynaklar\u0131n\u0131n korunmas\u0131na y\u00f6nelik \u00e7al\u0131\u015fmalar yapan, politikalar \u00fcreten ve korumaya y\u00f6nelik tedbirler alan bir kurumdur. Tar\u0131m ve Orman Bakanl\u0131\u011f\u0131 personel al\u0131m\u0131 sayesinde kurum b\u00fcnyesinde \u00e7al\u0131\u015fmaya ba\u015flayanlar \u00fclke tar\u0131m\u0131na ve do\u011fal kaynaklar\u0131n s\u00fcrd\u00fcr\u00fclebilirli\u011fine katk\u0131da bulunurlar.<\/span><\/p>\n<p><span style=\"font-weight: 400;\">Pek \u00e7ok farkl\u0131 pozisyon i\u00e7in y\u0131l\u0131n belli d\u00f6nemlerinde Tar\u0131m ve Orman Bakanl\u0131\u011f\u0131 personel al\u0131m\u0131 yapar. Bu tarihler kurumun resmi web sitesi \u00fczerinden yap\u0131lan bir duyuru ile ilgilenenlere ula\u015ft\u0131r\u0131l\u0131r. Bunun d\u0131\u015f\u0131nda farkl\u0131 platformlar ve Resmi Gazete \u00fczerinden de ilanlar\u0131 takip etmek m\u00fcmk\u00fcnd\u00fcr. Tar\u0131m ve Orman Bakanl\u0131\u011f\u0131 personel al\u0131m\u0131 ilanlar\u0131nda KPSS \u015fart\u0131 arananlar oldu\u011fu gibi, bu s\u0131nav\u0131n \u015fart ko\u015fulmad\u0131\u011f\u0131 pozisyonlar al\u0131mlar\u0131 da g\u00f6rebilirsin.<\/span><span style=\"font-weight: 400;\"><br \/>\n<\/span><\/p>\n<h2><b>Tar\u0131m ve Orman Bakanl\u0131\u011f\u0131 personel al\u0131m\u0131 yap\u0131yor mu?<\/b><b><br \/>\n<\/b><\/h2>\n<p><span style=\"font-weight: 400;\">Tar\u0131m ve Ormanc\u0131l\u0131k faaliyetlerinin etkin \u015fekilde s\u00fcrd\u00fcr\u00fclmesini sa\u011flamak amac\u0131 ile d\u00fczenli olarak Tar\u0131m ve Orman Bakanl\u0131\u011f\u0131 personel al\u0131m\u0131 yap\u0131l\u0131r. S\u00f6z konusu al\u0131mlar bakanl\u0131\u011f\u0131n ihtiya\u00e7 duydu\u011fu kadro veya pozisyonlara g\u00f6re ger\u00e7ekle\u015fir. Her y\u0131l belli d\u00f6nemlerde yap\u0131lan al\u0131mlar i\u00e7inde hem s\u00f6zle\u015fmeli hem de kadrolu personellere y\u00f6nelik al\u0131mlar da bulunur. Tar\u0131m ve Orman Bakanl\u0131\u011f\u0131 personel al\u0131m\u0131 i\u00e7in bakanl\u0131\u011f\u0131n resmi web sitesinde detayl\u0131 \u015fekilde duyurular yer al\u0131r. S\u00f6z konusu duyurularda al\u0131m yap\u0131lacak olan pozisyonlar, ba\u015fvuru tarihi ve ba\u015fvuracak ki\u015filerde aranan \u015fartlar da yer al\u0131r. Sen de kariyer hedeflerine en uygun pozisyonlar i\u00e7in web sitesindeki duyurular\u0131 takip edebilir, belirlenen s\u00fcreler i\u00e7inde ba\u015fvurunu ger\u00e7ekle\u015ftirebilirsin. Tar\u0131m ve Orman Bakanl\u0131\u011f\u0131 personel al\u0131m\u0131 ilanlar\u0131n\u0131 s\u00fcrekli olarak takip etmek \u00f6nemlidir. \u00d6zellikle ba\u015fvurulacak pozisyon i\u00e7in ne gibi gereksinimlere ihtiya\u00e7 oldu\u011funu bilmek de vakit kayb\u0131n\u0131 \u00f6nler. Do\u011fru bir ba\u015fvuru s\u00fcreci ge\u00e7irmek i\u00e7in a\u00e7\u0131lan pozisyonlar\u0131 ve \u015fartlar\u0131 incelemen kritik \u00f6neme sahiptir.\u00a0<\/span><\/p>\n<h2><b>Tar\u0131m ve Orman Bakanl\u0131\u011f\u0131 personel al\u0131m\u0131 neye g\u00f6re belirlenir?<\/b><b><br \/>\n<\/b><\/h2>\n<p><span style=\"font-weight: 400;\">Tar\u0131m ve Orman Bakanl\u0131\u011f\u0131 personel al\u0131m\u0131 belirleme s\u00fcre\u00e7leri hem adaylar\u0131n hem de bakanl\u0131\u011f\u0131n ihtiya\u00e7lar\u0131na uygun olarak titizlikle y\u00fcr\u00fct\u00fcl\u00fcr. Al\u0131mlar belli kriterlere g\u00f6re ger\u00e7ekle\u015fir. Bu kriterler i\u00e7inde adaylar\u0131n lisans yahut \u00f6n lisans mezunu olmalar\u0131 gerekir. \u00d6zellikle ba\u015fvuru yap\u0131lacak pozisyona uygun e\u011fitimin al\u0131nm\u0131\u015f olmas\u0131 \u00f6nemli bir kriterdir. Tar\u0131m ve Orman Bakanl\u0131\u011f\u0131 personel al\u0131m\u0131 kriterlerinden biri de KPSS (Kamu Personeli Se\u00e7me S\u0131nav\u0131) puan\u0131d\u0131r. Adaylar\u0131n bu s\u0131nava girmeleri ve o y\u0131l i\u00e7in al\u0131mlara y\u00f6nelik belirlenen puan\u0131 elde etmi\u015f olmalar\u0131 gerekir ve bu puanlar ba\u015fvuru s\u0131ralamas\u0131n\u0131 etkiler.<\/span><\/p>\n<p><span style=\"font-weight: 400;\">A\u00e7\u0131lan pozisyonlar genellikle bakanl\u0131\u011f\u0131n ihtiya\u00e7lar\u0131na g\u00f6re belirlenir. Tar\u0131m ve Orman Bakanl\u0131\u011f\u0131 personel al\u0131m\u0131 ihtiya\u00e7 duyulan personel say\u0131s\u0131na g\u00f6re belirlenir. Her pozisyon i\u00e7in belirlenen \u015fartlar farkl\u0131l\u0131k g\u00f6sterebilir. Y\u0131l\u0131n belli d\u00f6nemlerinde yap\u0131lan al\u0131mlarda bakanl\u0131k stratejik hedeflerine uygun olarak nitelikli personel kadrolar\u0131n\u0131 da tamamlam\u0131\u015f olur. Tar\u0131m ve Orman Bakanl\u0131\u011f\u0131 personel al\u0131m\u0131nda ba\u015fvuru yapacak ki\u015filerin sa\u011fl\u0131k durumlar\u0131 da \u00f6nemli bir kriterdir. Adaylardan belirli sa\u011fl\u0131k ko\u015fullar\u0131na sahip olmalar\u0131 beklenir. Bu konu \u00f6zellikle i\u015f sa\u011fl\u0131\u011f\u0131 ve g\u00fcvenli\u011fi standartlar\u0131 i\u00e7in daha uygun bir \u00e7al\u0131\u015fma ortam\u0131 yaratmak ad\u0131na \u00f6nemlidir. Pozisyonlara g\u00f6re de\u011fi\u015fen deneyim, sertifika ve ek \u015fartlar gibi farkl\u0131 kriterler de s\u00f6z konusu olabilir.<\/span><\/p>\n<p><span style=\"font-weight: 400;\">Tar\u0131m ve Orman Bakanl\u0131\u011f\u0131 personel al\u0131m\u0131 ba\u015fvuru yapmak i\u00e7in bu s\u00fcreci bakanl\u0131\u011f\u0131n resmi web sitesi \u00fczerinden takip edebilirsin. Ayr\u0131ca duyurular Devlet Personel Ba\u015fkanl\u0131\u011f\u0131 sayfas\u0131nda da d\u00fczenli \u015fekilde yay\u0131nlan\u0131r. Bu siteleri takip ederek al\u0131mlar\u0131n hangi pozisyonlar i\u00e7in yap\u0131laca\u011f\u0131n\u0131, ba\u015fvuru \u015fart ve tarihlerini ve istenen belgeleri \u00f6\u011frenebilirsin. Elde edece\u011fin ayr\u0131nt\u0131l\u0131 bilgiler dahilinde ba\u015fvuru s\u00fcrecini sorunsuz \u015fekilde tamamlayabilirsin.\u00a0<\/span><\/p>\n<h2><b>Tar\u0131m ve Orman Bakanl\u0131\u011f\u0131 personel al\u0131m\u0131 ba\u015fvurular\u0131 nas\u0131l yap\u0131l\u0131r?<\/b><b><br \/>\n<\/b><\/h2>\n<p><span style=\"font-weight: 400;\">Tar\u0131m ve Orman Bakanl\u0131\u011f\u0131 personel al\u0131m\u0131 ba\u015fvurular\u0131 i\u00e7in \u00f6ncelikle bakanl\u0131\u011f\u0131n kendi resmi web sitesini ve Devlet Personel Ba\u015fkanl\u0131\u011f\u0131 sayfalar\u0131n\u0131 d\u00fczenli olarak takip etmelisin. Buralarda hangi pozisyonlara al\u0131m yap\u0131laca\u011f\u0131n\u0131, ba\u015fvuru s\u00fcrelerini, talep edilen belgeleri ve daha pek \u00e7ok detay\u0131 \u00f6\u011frenebilirsin. Bu adresleri s\u0131kl\u0131kla takip ederek ba\u015fvuru s\u00fcresini ka\u00e7\u0131rmadan gerekli belgelerini temin ederek ba\u015fvuru i\u015flemlerini yapabilirsin.<\/span><\/p>\n<p><span style=\"font-weight: 400;\">Ba\u015fvuru i\u015flemleri i\u00e7in \u00f6ncelikle Tar\u0131m ve Orman Bakanl\u0131\u011f\u0131 personel al\u0131m\u0131n\u0131n hangi pozisyonlar\u0131 i\u00e7erdi\u011fini incelemelisin. \u0130lanlarda \u00f6n lisans veya lisans diplomas\u0131n\u0131n yan\u0131 s\u0131ra KPSS s\u0131nav\u0131nda belirlenmi\u015f puan\u0131 alman ve sa\u011fl\u0131k a\u00e7\u0131s\u0131ndan da belirli ko\u015fullar\u0131 yerine getirme \u015fart\u0131 bulunabilir. Kriterler her y\u0131l, al\u0131m yap\u0131lacak pozisyonlara g\u00f6re de\u011fi\u015fkenlik de g\u00f6sterebilir.<\/span><\/p>\n<p><span style=\"font-weight: 400;\">Tar\u0131m ve Orman Bakanl\u0131\u011f\u0131 personel al\u0131m\u0131 \u015fartlar\u0131nda istenen belgeleri \u00f6nceden haz\u0131r tutman ba\u015fvuru s\u00fcrecinde sana zaman kazand\u0131rabilir. \u00c7o\u011funlukla T.C. kimlik belgesi n\u00fcshas\u0131, lisans veya \u00f6nlisans diplomas\u0131, KPSS sonucu ve sa\u011fl\u0131k raporu gibi belgeler istendi\u011finden ba\u015fvuru \u00f6ncesi bu evraklar\u0131 haz\u0131rlayabilirsin. Al\u0131mlar\u0131n her birinde farkl\u0131l\u0131klar s\u00f6z konusu olabilir, bu nedenle duyurular\u0131 dikkatle incelemekte fayda var.<\/span><\/p>\n<p><span style=\"font-weight: 400;\">Ba\u015fvuru s\u00fcreci \u00e7o\u011funlukla online olarak yap\u0131ld\u0131\u011f\u0131ndan Tar\u0131m ve Orman Bakanl\u0131\u011f\u0131 resmi web sitesinde bulunan formu doldurmal\u0131s\u0131n. Bilgilerinin eksiksiz ve do\u011fru olmas\u0131 son derece \u00f6nemlidir. Senden istenen belgeleri de sitede belirtilen \u015fekilde sisteme y\u00fcklemelisin. Tar\u0131m ve Orman Bakanl\u0131\u011f\u0131 personel al\u0131m\u0131 ba\u015fvuru yapt\u0131ktan sonra sonu\u00e7lar\u0131 bakanl\u0131\u011f\u0131n web sitesinden yap\u0131lacak duyurularla \u00f6\u011frenebilirsin. Ba\u015fvurunun kabul edilmesi halinde m\u00fclakata davet edilirsin.<\/span><\/p>\n<h2><b>Tar\u0131m ve Orman Bakanl\u0131\u011f\u0131 personel al\u0131m\u0131nda KPSS \u015fart m\u0131?<\/b><b><br \/>\n<\/b><\/h2>\n<p><span style=\"font-weight: 400;\">Tar\u0131m ve Orman Bakanl\u0131\u011f\u0131 personel al\u0131m\u0131 i\u00e7in \u00e7o\u011funlukla KPSS \u015fart\u0131 aran\u0131r, ancak bu durum pozisyonlara g\u00f6re de\u011fi\u015fkenlik g\u00f6sterebilir. Baz\u0131 kadrolar i\u00e7in farkl\u0131 KPSS t\u00fcrleri de istenebilir. Ba\u015fvuru yapmadan \u00f6nce al\u0131mlar\u0131n yap\u0131laca\u011f\u0131 pozisyonlar\u0131 ve istenen KPSS puan t\u00fcrlerini \u00f6\u011frenmen \u00f6nemlidir. Bu alanda kariyer yapmay\u0131 planl\u0131yorsan KPSS s\u0131nav\u0131na iyi \u015fekilde haz\u0131rlanman ve bakanl\u0131\u011f\u0131n resmi sitesi \u00fczerinden yapt\u0131\u011f\u0131 duyurular\u0131 takip etmen gerekir.\u00a0<\/span><\/p>\n<h2><b>Tar\u0131m ve Orman Bakanl\u0131\u011f\u0131 y\u0131lda ka\u00e7 kez al\u0131m yap\u0131yor?<\/b><b><br \/>\n<\/b><\/h2>\n<p><span style=\"font-weight: 400;\">Bakanl\u0131k genel olarak y\u0131lda iki kez al\u0131m yapar. Yaz ve sonbahar d\u00f6nemlerinde ger\u00e7ekle\u015ftirilen Tar\u0131m ve Orman Bakanl\u0131\u011f\u0131 personel al\u0131m\u0131 mevcut personel ihtiya\u00e7lar\u0131na ve b\u00fct\u00e7eye g\u00f6re farkl\u0131l\u0131k i\u00e7erebilir. S\u00f6z konusu al\u0131mlar ve kadro say\u0131s\u0131 bakanl\u0131\u011f\u0131n stratejileri do\u011frultusunda ger\u00e7ekle\u015fir. Ayr\u0131ca al\u0131m d\u00f6nemleri her y\u0131l ayn\u0131 tarihlere denk gelmeyebilir. Bu konudaki en do\u011fru bilgileri bakanl\u0131\u011f\u0131n resmi web sitesindeki duyurular \u00fczerinden edinebilirsin.\u00a0<\/span><\/p>\n<h2><b>Tar\u0131m ve Orman Bakanl\u0131\u011f\u0131 hangi kadrolara al\u0131m yap\u0131yor?<\/b><b><br \/>\n<\/b><\/h2>\n<p><span style=\"font-weight: 400;\">Genellikle y\u0131lda iki kez yap\u0131lan Tar\u0131m ve Orman Bakanl\u0131\u011f\u0131 personel al\u0131m\u0131 farkl\u0131 pozisyonlar\u0131 i\u00e7erir. S\u0131k\u00e7a al\u0131m yap\u0131lan kadrolar \u015fu \u015fekilde s\u0131ralanabilir:<\/span><\/p>\n<ul>\n<li style=\"font-weight: 400;\" aria-level=\"1\"><span style=\"font-weight: 400;\">Tar\u0131m M\u00fchendisi<\/span><\/li>\n<li style=\"font-weight: 400;\" aria-level=\"1\"><span style=\"font-weight: 400;\">Ziraat Teknisyeni<\/span><\/li>\n<li style=\"font-weight: 400;\" aria-level=\"1\"><a href=\"https:\/\/www.kariyer.net\/pozisyonlar\/orman+muhendisi\" target=\"_blank\" rel=\"noopener\"><span style=\"font-weight: 400;\">Orman M\u00fchendisi<\/span><\/a><\/li>\n<li style=\"font-weight: 400;\" aria-level=\"1\"><span style=\"font-weight: 400;\">Veteriner Hekim<\/span><\/li>\n<li style=\"font-weight: 400;\" aria-level=\"1\"><span style=\"font-weight: 400;\">G\u0131da M\u00fchendisleri<\/span><\/li>\n<li style=\"font-weight: 400;\" aria-level=\"1\"><span style=\"font-weight: 400;\">\u0130dari ve Destek Personeli<\/span><\/li>\n<\/ul>\n<p><span style=\"font-weight: 400;\">Bunlar d\u0131\u015f\u0131nda bakanl\u0131k baz\u0131 idari personel al\u0131mlar\u0131 da ger\u00e7ekle\u015ftirir. Bu kadrolar i\u00e7indeki b\u00fcro y\u00f6netimi, insan kaynaklar\u0131 ve finans gibi pek \u00e7ok personel al\u0131m\u0131 i\u00e7in de ba\u015fvuruda bulunabilirsin.<\/span><span style=\"font-weight: 400;\"><br \/>\n<\/span><\/p>\n<h2><b>Atamas\u0131 yap\u0131lan Tar\u0131m ve Orman Bakanl\u0131\u011f\u0131 personeli hangi kurumlarda \u00e7al\u0131\u015f\u0131yor?<\/b><b><br \/>\n<\/b><\/h2>\n<p><span style=\"font-weight: 400;\">Tar\u0131m ve Orman Bakanl\u0131\u011f\u0131 personel al\u0131m\u0131 neticesinde atamas\u0131 ger\u00e7ekle\u015ftirilen ki\u015filer farkl\u0131 kurumlarda g\u00f6revlendirilebilirler. Bu alanda kariyer yapmay\u0131 d\u00fc\u015f\u00fcn\u00fcyorsan, bakanl\u0131\u011f\u0131n sundu\u011fu \u00e7e\u015fitli f\u0131rsatlar\u0131 de\u011ferlendirebilirsin. Tar\u0131m ve Orman Bakanl\u0131\u011f\u0131 personel al\u0131m\u0131 sonras\u0131nda atamas\u0131 yap\u0131lan ki\u015filerin \u00e7al\u0131\u015ft\u0131\u011f\u0131 ba\u015fl\u0131ca kurumlar \u015fu \u015fekildedir:<\/span><\/p>\n<ul>\n<li style=\"font-weight: 400;\" aria-level=\"1\"><span style=\"font-weight: 400;\">Tar\u0131m \u0130l ve \u0130l\u00e7e M\u00fcd\u00fcrl\u00fckleri<\/span><\/li>\n<li style=\"font-weight: 400;\" aria-level=\"1\"><span style=\"font-weight: 400;\">Orman \u0130\u015fletme M\u00fcd\u00fcrl\u00fckleri<\/span><\/li>\n<li style=\"font-weight: 400;\" aria-level=\"1\"><span style=\"font-weight: 400;\">G\u0131da Kontrol Laboratuvarlar\u0131<\/span><\/li>\n<li style=\"font-weight: 400;\" aria-level=\"1\"><span style=\"font-weight: 400;\">Ara\u015ft\u0131rma Enstit\u00fcleri<\/span><\/li>\n<li style=\"font-weight: 400;\" aria-level=\"1\"><span style=\"font-weight: 400;\">Dan\u0131\u015fmanl\u0131k ve E\u011fitim Merkezleri<\/span><\/li>\n<\/ul>\n<!-- templates\/buttons-placeholder.php -->\n<div class=\"da-reactions-outer TpostID21287\">\n\t    <div class=\"da-reactions-data da-reactions-container-async center\"\n         data-type=\"post\"\n         data-id=\"21287\"\n         id=\"da-reactions-slot-post-21287\">\n        <div class=\"da-reactions-static\">\n\t\t\t<img src=\"https:\/\/www.kariyer.net\/kariyer-rehberi\/wp-content\/plugins\/da-reactions\/assets\/dist\/loading.svg\" alt=\"Loading spinner\" width=\"48\" height=\"48\" style=\"width:48px\" \/>\n        <\/div>\n    <\/div>\n<\/div>\n","protected":false},"excerpt":{"rendered":"<p>Tar\u0131m ve Orman Bakanl\u0131\u011f\u0131&#8217;nda g\u00f6rev almakla ilgili detaylar\u0131 \u00f6\u011frenmek istiyorsan, senin i\u00e7in en \u00e7ok merak edilen sorular\u0131n cevab\u0131n\u0131 bu yaz\u0131m\u0131zda kaleme ald\u0131k. Kariyer plan\u0131n Tar\u0131m ve Orman Bakanl\u0131\u011f\u0131nda \u00e7al\u0131\u015fmaksa, do\u011fru yerdesin.\u00a0 Tar\u0131m ve Orman Bakanl\u0131\u011f\u0131 personel al\u0131m\u0131 s\u00fcre\u00e7leri, ba\u015fvuru \u015fartlar\u0131 ya da al\u0131nacak personel say\u0131s\u0131 gibi merak etti\u011fin konular\u0131 yaz\u0131m\u0131zda ke\u015ffedebilirsin. Tar\u0131m ve Orman Bakanl\u0131\u011f\u0131 [&hellip;]<\/p>\n<!-- templates\/buttons-placeholder.php -->\n<div class=\"da-reactions-outer TpostID21287\">\n\t    <div class=\"da-reactions-data da-reactions-container-async center\"\n         data-type=\"post\"\n         data-id=\"21287\"\n         id=\"da-reactions-slot-post-21287\">\n        <div class=\"da-reactions-static\">\n\t\t\t<img src=\"https:\/\/www.kariyer.net\/kariyer-rehberi\/wp-content\/plugins\/da-reactions\/assets\/dist\/loading.svg\" alt=\"Loading spinner\" width=\"48\" height=\"48\" style=\"width:48px\" \/>\n        <\/div>\n    <\/div>\n<\/div>\n","protected":false},"author":12,"featured_media":21294,"comment_status":"closed","ping_status":"open","sticky":false,"template":"","format":"standard","meta":{"footnotes":"","_elementor_edit_mode":"","_elementor_template_type":"","_elementor_data":"","_elementor_page_settings":null,"_elementor_conditions":[]},"categories":[2215],"tags":[],"class_list":{"0":"post-21287","1":"post","2":"type-post","3":"status-publish","4":"format-standard","5":"has-post-thumbnail","7":"category-kamuda-kariyer"},"yoast_head":"<!-- This site is optimized with the Yoast SEO Premium plugin v21.4 (Yoast SEO v27.0) - https:\/\/yoast.com\/product\/yoast-seo-premium-wordpress\/ -->\n<title>Tar\u0131m ve Orman Bakanl\u0131\u011f\u0131 personel al\u0131m\u0131<\/title>\n<meta name=\"description\" content=\"Tar\u0131m ve Orman Bakanl\u0131\u011f\u0131&#039;nda g\u00f6rev almakla ilgili detaylar\u0131 \u00f6\u011frenmek istiyorsan, merak edilen sorular\u0131n cevab\u0131 bu yaz\u0131m\u0131zda!\" \/>\n<meta name=\"robots\" content=\"index, follow, max-snippet:-1, max-image-preview:large, max-video-preview:-1\" \/>\n<link rel=\"canonical\" href=\"https:\/\/www.kariyer.net\/kariyer-rehberi\/tarim-ve-orman-bakanligi-personel-alimi\/\" \/>\n<meta property=\"og:locale\" content=\"tr_TR\" \/>\n<meta property=\"og:type\" content=\"article\" \/>\n<meta property=\"og:title\" content=\"Tar\u0131m ve Orman Bakanl\u0131\u011f\u0131 Personel Al\u0131m\u0131\" \/>\n<meta property=\"og:description\" content=\"Tar\u0131m ve Orman Bakanl\u0131\u011f\u0131&#039;nda g\u00f6rev almakla ilgili detaylar\u0131 \u00f6\u011frenmek istiyorsan, senin i\u00e7in en \u00e7ok merak edilen sorular\u0131n cevab\u0131n\u0131 bu yaz\u0131m\u0131zda kaleme\" \/>\n<meta property=\"og:url\" content=\"https:\/\/www.kariyer.net\/kariyer-rehberi\/tarim-ve-orman-bakanligi-personel-alimi\/\" \/>\n<meta property=\"og:site_name\" content=\"Kariyer Rehberi\" \/>\n<meta property=\"article:published_time\" content=\"2024-10-08T12:26:11+00:00\" \/>\n<meta property=\"og:image\" content=\"https:\/\/www.kariyer.net\/kariyer-rehberi\/wp-content\/uploads\/2024\/10\/tarim_bakanligi.jpg\" \/>\n\t<meta property=\"og:image:width\" content=\"900\" \/>\n\t<meta property=\"og:image:height\" content=\"599\" \/>\n\t<meta property=\"og:image:type\" content=\"image\/jpeg\" \/>\n<meta name=\"author\" content=\"Edit\u00f6r\" \/>\n<meta name=\"twitter:card\" content=\"summary_large_image\" \/>\n<meta name=\"twitter:label1\" content=\"Yazan:\" \/>\n\t<meta name=\"twitter:data1\" content=\"Edit\u00f6r\" \/>\n\t<meta name=\"twitter:label2\" content=\"Tahmini okuma s\u00fcresi\" \/>\n\t<meta name=\"twitter:data2\" content=\"7 dakika\" \/>\n<!-- \/ Yoast SEO Premium plugin. -->","yoast_head_json":{"title":"Tar\u0131m ve Orman Bakanl\u0131\u011f\u0131 personel al\u0131m\u0131","description":"Tar\u0131m ve Orman Bakanl\u0131\u011f\u0131'nda g\u00f6rev almakla ilgili detaylar\u0131 \u00f6\u011frenmek istiyorsan, merak edilen sorular\u0131n cevab\u0131 bu yaz\u0131m\u0131zda!","robots":{"index":"index","follow":"follow","max-snippet":"max-snippet:-1","max-image-preview":"max-image-preview:large","max-video-preview":"max-video-preview:-1"},"canonical":"https:\/\/www.kariyer.net\/kariyer-rehberi\/tarim-ve-orman-bakanligi-personel-alimi\/","og_locale":"tr_TR","og_type":"article","og_title":"Tar\u0131m ve Orman Bakanl\u0131\u011f\u0131 Personel Al\u0131m\u0131","og_description":"Tar\u0131m ve Orman Bakanl\u0131\u011f\u0131'nda g\u00f6rev almakla ilgili detaylar\u0131 \u00f6\u011frenmek istiyorsan, senin i\u00e7in en \u00e7ok merak edilen sorular\u0131n cevab\u0131n\u0131 bu yaz\u0131m\u0131zda kaleme","og_url":"https:\/\/www.kariyer.net\/kariyer-rehberi\/tarim-ve-orman-bakanligi-personel-alimi\/","og_site_name":"Kariyer Rehberi","article_published_time":"2024-10-08T12:26:11+00:00","og_image":[{"width":900,"height":599,"url":"https:\/\/www.kariyer.net\/kariyer-rehberi\/wp-content\/uploads\/2024\/10\/tarim_bakanligi.jpg","type":"image\/jpeg"}],"author":"Edit\u00f6r","twitter_card":"summary_large_image","twitter_misc":{"Yazan:":"Edit\u00f6r","Tahmini okuma s\u00fcresi":"7 dakika"},"schema":{"@context":"https:\/\/schema.org","@graph":[{"@type":"Article","@id":"https:\/\/www.kariyer.net\/kariyer-rehberi\/tarim-ve-orman-bakanligi-personel-alimi\/#article","isPartOf":{"@id":"https:\/\/www.kariyer.net\/kariyer-rehberi\/tarim-ve-orman-bakanligi-personel-alimi\/"},"author":{"name":"Edit\u00f6r","@id":"https:\/\/www.kariyer.net\/kariyer-rehberi\/#\/schema\/person\/94fd6e49c7ff1b1b2565a2cc4fd685dd"},"headline":"Tar\u0131m ve Orman Bakanl\u0131\u011f\u0131 Personel Al\u0131m\u0131","datePublished":"2024-10-08T12:26:11+00:00","mainEntityOfPage":{"@id":"https:\/\/www.kariyer.net\/kariyer-rehberi\/tarim-ve-orman-bakanligi-personel-alimi\/"},"wordCount":1528,"publisher":{"@id":"https:\/\/www.kariyer.net\/kariyer-rehberi\/#organization"},"image":{"@id":"https:\/\/www.kariyer.net\/kariyer-rehberi\/tarim-ve-orman-bakanligi-personel-alimi\/#primaryimage"},"thumbnailUrl":"https:\/\/www.kariyer.net\/kariyer-rehberi\/wp-content\/uploads\/2024\/10\/tarim_bakanligi.jpg","articleSection":["Kamuda Kariyer"],"inLanguage":"tr"},{"@type":"WebPage","@id":"https:\/\/www.kariyer.net\/kariyer-rehberi\/tarim-ve-orman-bakanligi-personel-alimi\/","url":"https:\/\/www.kariyer.net\/kariyer-rehberi\/tarim-ve-orman-bakanligi-personel-alimi\/","name":"Tar\u0131m ve Orman Bakanl\u0131\u011f\u0131 personel al\u0131m\u0131","isPartOf":{"@id":"https:\/\/www.kariyer.net\/kariyer-rehberi\/#website"},"primaryImageOfPage":{"@id":"https:\/\/www.kariyer.net\/kariyer-rehberi\/tarim-ve-orman-bakanligi-personel-alimi\/#primaryimage"},"image":{"@id":"https:\/\/www.kariyer.net\/kariyer-rehberi\/tarim-ve-orman-bakanligi-personel-alimi\/#primaryimage"},"thumbnailUrl":"https:\/\/www.kariyer.net\/kariyer-rehberi\/wp-content\/uploads\/2024\/10\/tarim_bakanligi.jpg","datePublished":"2024-10-08T12:26:11+00:00","description":"Tar\u0131m ve Orman Bakanl\u0131\u011f\u0131'nda g\u00f6rev almakla ilgili detaylar\u0131 \u00f6\u011frenmek istiyorsan, merak edilen sorular\u0131n cevab\u0131 bu yaz\u0131m\u0131zda!","breadcrumb":{"@id":"https:\/\/www.kariyer.net\/kariyer-rehberi\/tarim-ve-orman-bakanligi-personel-alimi\/#breadcrumb"},"inLanguage":"tr","potentialAction":[{"@type":"ReadAction","target":["https:\/\/www.kariyer.net\/kariyer-rehberi\/tarim-ve-orman-bakanligi-personel-alimi\/"]}]},{"@type":"ImageObject","inLanguage":"tr","@id":"https:\/\/www.kariyer.net\/kariyer-rehberi\/tarim-ve-orman-bakanligi-personel-alimi\/#primaryimage","url":"https:\/\/www.kariyer.net\/kariyer-rehberi\/wp-content\/uploads\/2024\/10\/tarim_bakanligi.jpg","contentUrl":"https:\/\/www.kariyer.net\/kariyer-rehberi\/wp-content\/uploads\/2024\/10\/tarim_bakanligi.jpg","width":900,"height":599},{"@type":"BreadcrumbList","@id":"https:\/\/www.kariyer.net\/kariyer-rehberi\/tarim-ve-orman-bakanligi-personel-alimi\/#breadcrumb","itemListElement":[{"@type":"ListItem","position":1,"name":"Anasayfa","item":"https:\/\/www.kariyer.net\/kariyer-rehberi\/"},{"@type":"ListItem","position":2,"name":"Tar\u0131m ve Orman Bakanl\u0131\u011f\u0131 Personel Al\u0131m\u0131"}]},{"@type":"WebSite","@id":"https:\/\/www.kariyer.net\/kariyer-rehberi\/#website","url":"https:\/\/www.kariyer.net\/kariyer-rehberi\/","name":"Kariyer Rehberi","description":"\u0130\u015f D\u00fcnyas\u0131yla \u0130lgili Bilmek \u0130stedi\u011finiz Her \u015eey","publisher":{"@id":"https:\/\/www.kariyer.net\/kariyer-rehberi\/#organization"},"potentialAction":[{"@type":"SearchAction","target":{"@type":"EntryPoint","urlTemplate":"https:\/\/www.kariyer.net\/kariyer-rehberi\/?s={search_term_string}"},"query-input":{"@type":"PropertyValueSpecification","valueRequired":true,"valueName":"search_term_string"}}],"inLanguage":"tr"},{"@type":"Organization","@id":"https:\/\/www.kariyer.net\/kariyer-rehberi\/#organization","name":"Kariyer.net","url":"https:\/\/www.kariyer.net\/kariyer-rehberi\/","logo":{"@type":"ImageObject","inLanguage":"tr","@id":"https:\/\/www.kariyer.net\/kariyer-rehberi\/#\/schema\/logo\/image\/","url":"https:\/\/www.kariyer.net\/kariyer-rehberi-new\/wp-content\/uploads\/2023\/01\/og-image11.jpg","contentUrl":"https:\/\/www.kariyer.net\/kariyer-rehberi-new\/wp-content\/uploads\/2023\/01\/og-image11.jpg","width":800,"height":800,"caption":"Kariyer.net"},"image":{"@id":"https:\/\/www.kariyer.net\/kariyer-rehberi\/#\/schema\/logo\/image\/"}},{"@type":"Person","@id":"https:\/\/www.kariyer.net\/kariyer-rehberi\/#\/schema\/person\/94fd6e49c7ff1b1b2565a2cc4fd685dd","name":"Edit\u00f6r","image":{"@type":"ImageObject","inLanguage":"tr","@id":"https:\/\/www.kariyer.net\/kariyer-rehberi\/#\/schema\/person\/image\/","url":"https:\/\/secure.gravatar.com\/avatar\/0c4fe6688343aed3693b15573beae12c08ace5565409d5ab7509bf9c115f458d?s=96&d=mm&r=g","contentUrl":"https:\/\/secure.gravatar.com\/avatar\/0c4fe6688343aed3693b15573beae12c08ace5565409d5ab7509bf9c115f458d?s=96&d=mm&r=g","caption":"Edit\u00f6r"},"url":"https:\/\/www.kariyer.net\/kariyer-rehberi\/author\/editor\/"}]}},"_links":{"self":[{"href":"https:\/\/www.kariyer.net\/kariyer-rehberi\/wp-json\/wp\/v2\/posts\/21287","targetHints":{"allow":["GET"]}}],"collection":[{"href":"https:\/\/www.kariyer.net\/kariyer-rehberi\/wp-json\/wp\/v2\/posts"}],"about":[{"href":"https:\/\/www.kariyer.net\/kariyer-rehberi\/wp-json\/wp\/v2\/types\/post"}],"author":[{"embeddable":true,"href":"https:\/\/www.kariyer.net\/kariyer-rehberi\/wp-json\/wp\/v2\/users\/12"}],"replies":[{"embeddable":true,"href":"https:\/\/www.kariyer.net\/kariyer-rehberi\/wp-json\/wp\/v2\/comments?post=21287"}],"version-history":[{"count":3,"href":"https:\/\/www.kariyer.net\/kariyer-rehberi\/wp-json\/wp\/v2\/posts\/21287\/revisions"}],"predecessor-version":[{"id":21295,"href":"https:\/\/www.kariyer.net\/kariyer-rehberi\/wp-json\/wp\/v2\/posts\/21287\/revisions\/21295"}],"wp:featuredmedia":[{"embeddable":true,"href":"https:\/\/www.kariyer.net\/kariyer-rehberi\/wp-json\/wp\/v2\/media\/21294"}],"wp:attachment":[{"href":"https:\/\/www.kariyer.net\/kariyer-rehberi\/wp-json\/wp\/v2\/media?parent=21287"}],"wp:term":[{"taxonomy":"category","embeddable":true,"href":"https:\/\/www.kariyer.net\/kariyer-rehberi\/wp-json\/wp\/v2\/categories?post=21287"},{"taxonomy":"post_tag","embeddable":true,"href":"https:\/\/www.kariyer.net\/kariyer-rehberi\/wp-json\/wp\/v2\/tags?post=21287"}],"curies":[{"name":"wp","href":"https:\/\/api.w.org\/{rel}","templated":true}]}}