{"id":21296,"date":"2024-10-08T15:42:36","date_gmt":"2024-10-08T12:42:36","guid":{"rendered":"https:\/\/www.kariyer.net\/kariyer-rehberi\/?p=21296"},"modified":"2024-10-08T15:43:44","modified_gmt":"2024-10-08T12:43:44","slug":"ticaret-bakanligi-personel-alimi","status":"publish","type":"post","link":"https:\/\/www.kariyer.net\/kariyer-rehberi\/ticaret-bakanligi-personel-alimi\/","title":{"rendered":"Ticaret Bakanl\u0131\u011f\u0131 personel al\u0131m\u0131"},"content":{"rendered":"<p><b>Ticaret <\/b><b>Bakanl\u0131\u011f\u0131\u2019nda<\/b><strong>\u00a0g\u00f6rev almakla ilgili detaylar\u0131 \u00f6\u011frenmek istiyorsan, senin i\u00e7in en \u00e7ok merak edilen sorular\u0131n cevab\u0131n\u0131 bu yaz\u0131m\u0131zda kaleme ald\u0131k.<\/strong><\/p>\n<p><b>Ticaret Bakanl\u0131\u011f\u0131 personel al\u0131m\u0131 <\/b><span style=\"font-weight: 400;\">ile kendine yepyeni bir kariyer in\u015fa edebilirsin. Bu kadrolara ka\u00e7 ki\u015fi al\u0131n\u0131r, ba\u015fvuru \u015fartlar\u0131 nelerdir gibi sorulara cevap bulabilmek i\u00e7in yaz\u0131m\u0131z\u0131 okuyabilir ve ilk ad\u0131m\u0131 atabilirsin.\u00a0<\/span><\/p>\n<p><span style=\"font-weight: 400;\">Ticaret Bakanl\u0131\u011f\u0131, T\u00fcrkiye Cumhuriyeti Ba\u015fkanl\u0131\u011f\u0131na ba\u011fl\u0131 olarak \u00e7al\u0131\u015fan ve ticaret i\u015flerinden sorumlu olan bir bakanl\u0131kt\u0131r. Ticaret Bakanl\u0131\u011f\u0131n\u0131n bir\u00e7ok farkl\u0131 kurumunda farkl\u0131 pozisyonlarda personeller \u00e7al\u0131\u015f\u0131r. Bakanl\u0131k kadrolara g\u00f6re i\u015fe al\u0131m olanaklar\u0131 sunar.<\/span><\/p>\n<h2><b>Ticaret Bakanl\u0131\u011f\u0131 personel al\u0131m\u0131 ne zaman?<\/b><\/h2>\n<p><span style=\"font-weight: 400;\">Ticaret Bakanl\u0131\u011f\u0131 b\u00fcnyesinde \u00e7ok say\u0131da personel \u00e7al\u0131\u015f\u0131r. Bu ki\u015filerin i\u015fe al\u0131mlar\u0131 i\u00e7in devlet kadrolar\u0131na \u00f6zel ilanlar a\u00e7\u0131l\u0131r. Bakanl\u0131k personel ihtiya\u00e7lar\u0131na g\u00f6re ilanlar yay\u0131nlayabilir. Ticaret Bakanl\u0131\u011f\u0131 personel al\u0131m\u0131 her sene farkl\u0131 zamanlarda yap\u0131labilir. Bu nedenle zaman aral\u0131klar\u0131n\u0131 ka\u00e7\u0131rmamak i\u00e7in d\u00fczenli olarak takip etmen gerekir.<\/span><\/p>\n<p><span style=\"font-weight: 400;\">Ticaret Bakanl\u0131\u011f\u0131 personel al\u0131m\u0131 tarihlerini bakanl\u0131\u011f\u0131n resmi web sitesinden takip etmen m\u00fcmk\u00fcnd\u00fcr. Personel al\u0131mlar\u0131 i\u00e7in yap\u0131lacak s\u00f6zl\u00fc ve yaz\u0131l\u0131 s\u0131navlar da bakanl\u0131k taraf\u0131ndan web sitesinin duyurular k\u0131sm\u0131nda a\u00e7\u0131klan\u0131r. A\u00e7\u0131lan kadrolar\u0131, al\u0131m \u015fartlar\u0131n\u0131 ve ba\u015fvuru tarihlerini resmi web sitesinden \u00f6\u011frenebilirsin. Belli bir uzmanl\u0131k alan\u0131n varsa ve bu alanda kadro a\u00e7\u0131lmas\u0131n\u0131 bekliyorsan uzmanl\u0131k alan\u0131na g\u00f6re Ticaret Bakanl\u0131\u011f\u0131 personel al\u0131m\u0131na y\u00f6nelik \u015fartlar\u0131 inceleyebilirsin. Bakanl\u0131k d\u0131\u015f\u0131nda da uzmanl\u0131k alan\u0131nda \u00e7al\u0131\u015fabilece\u011fin bir\u00e7ok \u015firket bulunur. \u015eirketlere ba\u015fvuru yaparken ba\u015far\u0131l\u0131 bir CV olu\u015fturmak \u00f6nemlidir. Bunun i\u00e7in\u00a0 <\/span><a href=\"https:\/\/www.kariyer.net\/cv-ornekleri\" target=\"_blank\" rel=\"noopener\"><span style=\"font-weight: 400;\">CV \u00f6rnekleri<\/span><\/a><span style=\"font-weight: 400;\"> sayfas\u0131n\u0131 inceleyerek kendin i\u00e7in en iyi ba\u015fvuru olanaklar\u0131n\u0131 olu\u015fturabilirsin.<\/span><\/p>\n<h2><b>Ticaret Bakanl\u0131\u011f\u0131 personel al\u0131m\u0131 yap\u0131yor mu?<\/b><\/h2>\n<p><span style=\"font-weight: 400;\">Ticaret Bakanl\u0131\u011f\u0131 gibi bir\u00e7ok bakanl\u0131k her y\u0131l belirli zamanlarda personel al\u0131m\u0131 i\u00e7in ilan a\u00e7ar. Bu personeller farkl\u0131 b\u00f6l\u00fcmlerdeki bo\u015f pozisyonlar i\u00e7in de\u011ferlendirilir. Genellikle istifa, emeklilik ve \u00f6zel sebeplerle i\u015ften \u00e7\u0131kan ya da \u00e7\u0131kar\u0131lan personellerin yerine bir ihtiya\u00e7 do\u011fdu\u011funda i\u015fe al\u0131m i\u015flemleri ba\u015flar. Ayn\u0131 zamanda bakanl\u0131k i\u00e7inde yeni bir birim a\u00e7\u0131labilir ve buraya yeni personel al\u0131m\u0131 ger\u00e7ekle\u015febilir.<\/span><\/p>\n<p><span style=\"font-weight: 400;\">Bakanl\u0131klar i\u00e7inde yeni bir proje i\u00e7in personel ihtiyac\u0131 olabilece\u011fi gibi bakanl\u0131\u011f\u0131n b\u00fcy\u00fcmesi sebebiyle de personel gereklili\u011fi ortaya \u00e7\u0131kabilir. T\u00fcm bunlar sonucunda da insan kaynaklar\u0131 birimleri ihtiya\u00e7lar\u0131 belirler ve ilan a\u00e7\u0131m\u0131 i\u00e7in gerekli i\u015flemlere ba\u015flar. Ticaret Bakanl\u0131\u011f\u0131 personel al\u0131m\u0131 i\u00e7in ilanlar web sitesinde online olarak yay\u0131nlan\u0131r. Bunun i\u00e7in ana sayfada yer alan duyurular b\u00f6l\u00fcm\u00fc takip edilebilir. \u0130lanlarda personel i\u00e7in hangi \u015fart ve sorumluluklar\u0131n gerekli oldu\u011fu gibi bir\u00e7ok detay yer al\u0131r. Sen de bu \u015fartlara uyum sa\u011flad\u0131\u011f\u0131n\u0131 d\u00fc\u015f\u00fcn\u00fcyorsan, ba\u015fvurular\u0131 takip edebilir ve h\u0131zl\u0131ca ba\u015fvurunu online olarak ger\u00e7ekle\u015ftirebilirsin.\u00a0<\/span><\/p>\n<h2><b>Ticaret Bakanl\u0131\u011f\u0131 personel al\u0131m\u0131 neye g\u00f6re belirlenir?<\/b><\/h2>\n<p><span style=\"font-weight: 400;\">Ticaret Bakanl\u0131\u011f\u0131 personel al\u0131m\u0131 konusunda bir\u00e7ok \u015fart bulunur. Adaylar\u0131n m\u00fclakatlara girebilmesi i\u00e7in \u00f6ncelikle bu \u015fartlara uyum sa\u011flamas\u0131 beklenir. Uzmanl\u0131k alanlar\u0131na g\u00f6re aranan \u015fartlar de\u011fi\u015febilir. Ancak genel olarak aranan baz\u0131 \u015fartlar da vard\u0131r. Adaylar\u0131n t\u00fcm \u015fartlar\u0131 yerine getirmi\u015f olmas\u0131 gerekir.<\/span><\/p>\n<p><span style=\"font-weight: 400;\">Bakanl\u0131kta \u00e7al\u0131\u015fabilecek ki\u015filerin en az 18 ya\u015f\u0131nda olmas\u0131 ilk kurallardan birisidir. \u0130lanlara ba\u015fvuracak ki\u015filerde aranan ilk \u00f6zelliklerden bir di\u011feri ise ki\u015finin \u00d6SYM taraf\u0131ndan Kamu Personeli Se\u00e7me ve Yerle\u015ftirme (KPSS) s\u0131nav\u0131ndan, KPSS P93 puan t\u00fcr\u00fcnden en az 60 puan alm\u0131\u015f olmas\u0131d\u0131r. Di\u011fer \u015fartlar aras\u0131nda ki\u015finin herhangi bir kamu kurulu\u015fundan ihra\u00e7 edilmemi\u015f olmas\u0131, g\u00f6revini yapmaya engel bir sa\u011fl\u0131k sorunu olmamas\u0131 bulunur. Ayr\u0131ca s\u00f6zle\u015fmenin feshi sebebiyle i\u015ften ayr\u0131lan ki\u015filerde i\u015ften ayr\u0131lma tarihi ve feshin \u00fczerinden en az 1 sene ge\u00e7mi\u015f olmas\u0131 gibi \u015fartlar da aranabilir. Bu \u015fartlar\u0131 yerine getiren ki\u015filer Ticaret Bakanl\u0131\u011f\u0131 personel al\u0131m\u0131 ilanlar\u0131na ba\u015fvurabilir.<\/span><\/p>\n<h2><b>Ticaret Bakanl\u0131\u011f\u0131 personel al\u0131m\u0131 ba\u015fvurular\u0131 nas\u0131l yap\u0131l\u0131r?<\/b><\/h2>\n<p><span style=\"font-weight: 400;\">Bakanl\u0131klarda personel olarak \u00e7al\u0131\u015fmak bir\u00e7ok ki\u015finin hayal etti\u011fi bir pozisyondur. A\u00e7\u0131k kadrolarda \u00e7al\u0131\u015ft\u0131r\u0131lmak \u00fczere her y\u0131l ilgili bakanl\u0131k taraf\u0131ndan duyuru yap\u0131l\u0131r ve ba\u015fvuru tarihleri a\u00e7\u0131klan\u0131r. Ticaret bakanl\u0131\u011f\u0131 i\u00e7in de durum bu \u015fekilde i\u015fler.<\/span><\/p>\n<p><span style=\"font-weight: 400;\">Ticaret Bakanl\u0131\u011f\u0131 personel al\u0131m\u0131na y\u00f6nelik ilanlar internet \u00fczerinden duyurulur. Personel al\u0131mlar\u0131 i\u00e7in adaylar\u0131n Cumhurba\u015fkanl\u0131\u011f\u0131 \u0130nsan Kaynaklar\u0131 Ofis Kariyer Kap\u0131s\u0131&#8217;n\u0131 ziyaret etmesi ve buraya e-devlet \u015fifreleri ile giri\u015f yapmalar\u0131 beklenir. \u0130\u015flemler online olarak yap\u0131l\u0131r. E-posta ya da \u015fahsen yap\u0131lan ba\u015fvurular kabul edilmez. Adaylar\u0131n ilanlar i\u00e7inde yaln\u0131zca bir kategoriden ba\u015fvurabilme \u015fart\u0131 da bulunur. Her y\u0131l Ticaret Bakanl\u0131\u011f\u0131 personel al\u0131m\u0131 tarihleri farkl\u0131l\u0131k g\u00f6sterebilir.<\/span><\/p>\n<h2><b>Ticaret Bakanl\u0131\u011f\u0131 personel al\u0131m\u0131nda KPSS \u015fart m\u0131?<\/b><\/h2>\n<p><span style=\"font-weight: 400;\">Kamu kurulu\u015flar\u0131nda \u00e7al\u0131\u015fabilmek i\u00e7in belirli \u015fartlar bulunur ve sen de bu alanda \u00e7al\u0131\u015fmak istiyorsan, bu \u015fartlar\u0131 yerine getirmelisin. Ki\u015finin en az 18 ya\u015f\u0131nda olmas\u0131, herhangi bir kamu kurumundan ihra\u00e7 edilmemi\u015f olmas\u0131, sa\u011fl\u0131k durumunun elveri\u015fli olmas\u0131 gibi \u015fartlar\u0131n yan\u0131 s\u0131ra KPSS s\u0131nav\u0131ndan da belli bir puan alm\u0131\u015f olmas\u0131 gerekir.<\/span><\/p>\n<p><span style=\"font-weight: 400;\">Kamu Personeli Se\u00e7me ve Yerle\u015ftirme (KPSS) s\u0131nav\u0131, ilk kez 2002 y\u0131l\u0131nda \u00d6SYM taraf\u0131ndan haz\u0131rlanan ve uygulamaya konan bir s\u0131navd\u0131r. Bu s\u0131nav , baz\u0131 kamu kurulu\u015flar\u0131na personel al\u0131m\u0131 yapmak i\u00e7in d\u00fczenlenir. Ki\u015finin bakanl\u0131k gibi devlet kurumlar\u0131nda \u00e7al\u0131\u015fabilmesi i\u00e7in bu s\u0131nava mutlaka girmesi ve alt taban puan\u0131n\u0131 alm\u0131\u015f olmas\u0131 gerekir. Ticaret Bakanl\u0131\u011f\u0131 personel al\u0131m\u0131 i\u00e7in belirlenen alt puan 60&#8217;t\u0131r. Bu puan alt\u0131nda s\u0131nav sonucu olan ki\u015filerin bakanl\u0131kta \u00e7al\u0131\u015fabilmesi m\u00fcmk\u00fcn olmaz.<\/span><\/p>\n<h2><b>Ticaret Bakanl\u0131\u011f\u0131 y\u0131lda ka\u00e7 kez al\u0131m yap\u0131yor?<\/b><\/h2>\n<p><span style=\"font-weight: 400;\">Ticaret Bakanl\u0131\u011f\u0131 personel al\u0131m\u0131 y\u0131l\u0131n belli zamanlar\u0131nda ger\u00e7ekle\u015ftirilir. Bu zaman aral\u0131klar\u0131 her y\u0131l de\u011fi\u015fir ve ba\u015fvuru tarihleri bakanl\u0131\u011f\u0131n web sitesinin duyurular k\u0131sm\u0131nda a\u00e7\u0131klan\u0131r. Bakanl\u0131kta \u00e7al\u0131\u015fmak isteyenler resmi web sitesinden yap\u0131lan duyurular\u0131 takip edebilir.<\/span><\/p>\n<p><span style=\"font-weight: 400;\">Ticaret Bakanl\u0131\u011f\u0131 personel al\u0131m\u0131 genellikle y\u0131lda bir kez yap\u0131l\u0131r. Baz\u0131 \u00f6zel durumlarda ise y\u0131l i\u00e7inde ikinci bir ilan da a\u00e7\u0131labildi\u011finden ilanlar\u0131n d\u00fczenli takip edilmesi \u00e7ok \u00f6nemlidir. Ba\u015fvuru tarihlerine dikkat etmek, KPSS s\u0131nav\u0131ndan belli bir puan alm\u0131\u015f olmak, ba\u015fvuru i\u00e7in gerekli belgeleri eksiksiz haz\u0131rlamak dikkat etmen gereken ilk noktalar aras\u0131nda yer al\u0131r.<\/span><\/p>\n<h2><b>Ticaret Bakanl\u0131\u011f\u0131 hangi kadrolara al\u0131m yap\u0131yor?<\/b><\/h2>\n<p><span style=\"font-weight: 400;\">Ticaret Bakanl\u0131\u011f\u0131nda bir\u00e7ok farkl\u0131 b\u00f6l\u00fcm bulunur ve bu b\u00f6l\u00fcmlerde farkl\u0131 kadrolar vard\u0131r. Ticaret Bakanl\u0131\u011f\u0131nda farkl\u0131 uzmanl\u0131k alanlar\u0131nda kadro se\u00e7enekleri bulmak m\u00fcmk\u00fcnd\u00fcr. Bakanl\u0131\u011f\u0131n merkez ve ta\u015fra te\u015fkilatlar\u0131nda kadrolar a\u00e7\u0131labilir. Bakanl\u0131kta \u00e7al\u0131\u015facak memurlar\u0131n dereceleri farkl\u0131 olur. Ticaret Bakanl\u0131\u011f\u0131 personel al\u0131m\u0131 duyurular\u0131 takip edilerek hangi kadrolarda al\u0131m yap\u0131laca\u011f\u0131 \u00f6\u011frenilebilir. Her d\u00f6nem farkl\u0131 kadrolarda i\u015fe al\u0131mlar yap\u0131labilir.<\/span><\/p>\n<p><span style=\"font-weight: 400;\">Ticaret Bakanl\u0131\u011f\u0131 personel al\u0131m\u0131 kapsam\u0131nda genellikle muhafaza memuru, b\u00fcro personeli ve muayene memuru kadrolar\u0131 a\u00e7\u0131l\u0131r. Bu personellerin her birisinin i\u015fe al\u0131m \u015fart\u0131 farkl\u0131d\u0131r. Bu konuda detayl\u0131 bilgi almak istiyorsan, Ticaret Bakanl\u0131\u011f\u0131 personel al\u0131m\u0131 ilanlar\u0131n\u0131 inceleyebilirsin. \u0130lanlarda KPSS s\u0131nav\u0131 ile ilgili \u015fartlar\u0131n yan\u0131 s\u0131ra \u00fcniversite mezuniyeti ile ilgili gerekli \u015fartlar da detayl\u0131 bi\u00e7imde a\u00e7\u0131klan\u0131r.<\/span><\/p>\n<h2><b>Atamas\u0131 yap\u0131lan Ticaret Bakanl\u0131\u011f\u0131 personeli hangi kurumlarda \u00e7al\u0131\u015f\u0131yor?<\/b><\/h2>\n<p><span style=\"font-weight: 400;\">Ticaret Bakanl\u0131\u011f\u0131 personel al\u0131m\u0131 ilan\u0131na g\u00f6re al\u0131nacak adaylar\u0131n hangi ilde, hangi b\u00f6l\u00fcmde \u00e7al\u0131\u015faca\u011f\u0131 detayl\u0131 bi\u00e7imde yazar. B\u00fcro personeli al\u0131mlar\u0131 genellikle hem merkez hem de ta\u015fra kurumlar\u0131nda \u00e7al\u0131\u015facak ki\u015filer i\u00e7in a\u00e7\u0131l\u0131r. Bu ki\u015filer Ticaret \u0130l Bakanl\u0131klar\u0131na ba\u011fl\u0131 olarak \u00e7al\u0131\u015f\u0131rlar ve T\u00fcrkiye&#8217;nin her ilinde \u00e7al\u0131\u015fma imkan\u0131 bulabilirler.\u00a0<\/span><\/p>\n<p><span style=\"font-weight: 400;\">Muhafaza ve Muayene memurlar\u0131 ise G\u00fcmr\u00fck ve Ticaret B\u00f6lge M\u00fcd\u00fcrl\u00fcklerine ba\u011fl\u0131 olarak \u00e7al\u0131\u015f\u0131r. Burada \u00e7al\u0131\u015facak ki\u015filerin KPSS s\u0131nav\u0131nda, P3 puan t\u00fcr\u00fcnden en az 60 puan alm\u0131\u015f olmas\u0131 \u015fart\u0131 bulunur. Ticaret Bakanl\u0131\u011f\u0131 personel al\u0131m\u0131 ile atamas\u0131 yap\u0131lan personellerin \u00e7al\u0131\u015ft\u0131\u011f\u0131 bir di\u011fer kurum ise Serbest B\u00f6lge M\u00fcd\u00fcrl\u00fckleri olarak bilinir.\u00a0<\/span><\/p>\n<!-- templates\/buttons-placeholder.php -->\n<div class=\"da-reactions-outer TpostID21296\">\n\t    <div class=\"da-reactions-data da-reactions-container-async center\"\n         data-type=\"post\"\n         data-id=\"21296\"\n         id=\"da-reactions-slot-post-21296\">\n        <div class=\"da-reactions-static\">\n\t\t\t<img src=\"https:\/\/www.kariyer.net\/kariyer-rehberi\/wp-content\/plugins\/da-reactions\/assets\/dist\/loading.svg\" alt=\"Loading spinner\" width=\"48\" height=\"48\" style=\"width:48px\" \/>\n        <\/div>\n    <\/div>\n<\/div>\n","protected":false},"excerpt":{"rendered":"<p>Ticaret Bakanl\u0131\u011f\u0131\u2019nda\u00a0g\u00f6rev almakla ilgili detaylar\u0131 \u00f6\u011frenmek istiyorsan, senin i\u00e7in en \u00e7ok merak edilen sorular\u0131n cevab\u0131n\u0131 bu yaz\u0131m\u0131zda kaleme ald\u0131k. Ticaret Bakanl\u0131\u011f\u0131 personel al\u0131m\u0131 ile kendine yepyeni bir kariyer in\u015fa edebilirsin. Bu kadrolara ka\u00e7 ki\u015fi al\u0131n\u0131r, ba\u015fvuru \u015fartlar\u0131 nelerdir gibi sorulara cevap bulabilmek i\u00e7in yaz\u0131m\u0131z\u0131 okuyabilir ve ilk ad\u0131m\u0131 atabilirsin.\u00a0 Ticaret Bakanl\u0131\u011f\u0131, T\u00fcrkiye Cumhuriyeti Ba\u015fkanl\u0131\u011f\u0131na ba\u011fl\u0131 [&hellip;]<\/p>\n<!-- templates\/buttons-placeholder.php -->\n<div class=\"da-reactions-outer TpostID21296\">\n\t    <div class=\"da-reactions-data da-reactions-container-async center\"\n         data-type=\"post\"\n         data-id=\"21296\"\n         id=\"da-reactions-slot-post-21296\">\n        <div class=\"da-reactions-static\">\n\t\t\t<img src=\"https:\/\/www.kariyer.net\/kariyer-rehberi\/wp-content\/plugins\/da-reactions\/assets\/dist\/loading.svg\" alt=\"Loading spinner\" width=\"48\" height=\"48\" style=\"width:48px\" \/>\n        <\/div>\n    <\/div>\n<\/div>\n","protected":false},"author":12,"featured_media":21297,"comment_status":"closed","ping_status":"open","sticky":false,"template":"","format":"standard","meta":{"footnotes":"","_elementor_edit_mode":"","_elementor_template_type":"","_elementor_data":"","_elementor_page_settings":null,"_elementor_conditions":[]},"categories":[2215],"tags":[],"class_list":{"0":"post-21296","1":"post","2":"type-post","3":"status-publish","4":"format-standard","5":"has-post-thumbnail","7":"category-kamuda-kariyer"},"yoast_head":"<!-- This site is optimized with the Yoast SEO Premium plugin v21.4 (Yoast SEO v27.0) - https:\/\/yoast.com\/product\/yoast-seo-premium-wordpress\/ -->\n<title>Ticaret Bakanl\u0131\u011f\u0131 personel al\u0131m\u0131<\/title>\n<meta name=\"description\" content=\"Ticaret Bakanl\u0131\u011f\u0131\u2019nda\u00a0g\u00f6rev almakla ilgili detaylar\u0131 \u00f6\u011frenmek istiyorsan, merak edilen sorular\u0131n cevab\u0131n\u0131 bu yaz\u0131m\u0131zda kaleme ald\u0131k.\" \/>\n<meta name=\"robots\" content=\"index, follow, max-snippet:-1, max-image-preview:large, max-video-preview:-1\" \/>\n<link rel=\"canonical\" href=\"https:\/\/www.kariyer.net\/kariyer-rehberi\/ticaret-bakanligi-personel-alimi\/\" \/>\n<meta property=\"og:locale\" content=\"tr_TR\" \/>\n<meta property=\"og:type\" content=\"article\" \/>\n<meta property=\"og:title\" content=\"Ticaret Bakanl\u0131\u011f\u0131 personel al\u0131m\u0131\" \/>\n<meta property=\"og:description\" content=\"Ticaret Bakanl\u0131\u011f\u0131\u2019nda\u00a0g\u00f6rev almakla ilgili detaylar\u0131 \u00f6\u011frenmek istiyorsan, senin i\u00e7in en \u00e7ok merak edilen sorular\u0131n cevab\u0131n\u0131 bu yaz\u0131m\u0131zda kaleme ald\u0131k.\" \/>\n<meta property=\"og:url\" content=\"https:\/\/www.kariyer.net\/kariyer-rehberi\/ticaret-bakanligi-personel-alimi\/\" \/>\n<meta property=\"og:site_name\" content=\"Kariyer Rehberi\" \/>\n<meta property=\"article:published_time\" content=\"2024-10-08T12:42:36+00:00\" \/>\n<meta property=\"article:modified_time\" content=\"2024-10-08T12:43:44+00:00\" \/>\n<meta property=\"og:image\" content=\"https:\/\/www.kariyer.net\/kariyer-rehberi\/wp-content\/uploads\/2024\/10\/ticaret_bakanligi.jpg\" \/>\n\t<meta property=\"og:image:width\" content=\"900\" \/>\n\t<meta property=\"og:image:height\" content=\"621\" \/>\n\t<meta property=\"og:image:type\" content=\"image\/jpeg\" \/>\n<meta name=\"author\" content=\"Edit\u00f6r\" \/>\n<meta name=\"twitter:card\" content=\"summary_large_image\" \/>\n<meta name=\"twitter:label1\" content=\"Yazan:\" \/>\n\t<meta name=\"twitter:data1\" content=\"Edit\u00f6r\" \/>\n\t<meta name=\"twitter:label2\" content=\"Tahmini okuma s\u00fcresi\" \/>\n\t<meta name=\"twitter:data2\" content=\"7 dakika\" \/>\n<!-- \/ Yoast SEO Premium plugin. -->","yoast_head_json":{"title":"Ticaret Bakanl\u0131\u011f\u0131 personel al\u0131m\u0131","description":"Ticaret Bakanl\u0131\u011f\u0131\u2019nda\u00a0g\u00f6rev almakla ilgili detaylar\u0131 \u00f6\u011frenmek istiyorsan, merak edilen sorular\u0131n cevab\u0131n\u0131 bu yaz\u0131m\u0131zda kaleme ald\u0131k.","robots":{"index":"index","follow":"follow","max-snippet":"max-snippet:-1","max-image-preview":"max-image-preview:large","max-video-preview":"max-video-preview:-1"},"canonical":"https:\/\/www.kariyer.net\/kariyer-rehberi\/ticaret-bakanligi-personel-alimi\/","og_locale":"tr_TR","og_type":"article","og_title":"Ticaret Bakanl\u0131\u011f\u0131 personel al\u0131m\u0131","og_description":"Ticaret Bakanl\u0131\u011f\u0131\u2019nda\u00a0g\u00f6rev almakla ilgili detaylar\u0131 \u00f6\u011frenmek istiyorsan, senin i\u00e7in en \u00e7ok merak edilen sorular\u0131n cevab\u0131n\u0131 bu yaz\u0131m\u0131zda kaleme ald\u0131k.","og_url":"https:\/\/www.kariyer.net\/kariyer-rehberi\/ticaret-bakanligi-personel-alimi\/","og_site_name":"Kariyer Rehberi","article_published_time":"2024-10-08T12:42:36+00:00","article_modified_time":"2024-10-08T12:43:44+00:00","og_image":[{"width":900,"height":621,"url":"https:\/\/www.kariyer.net\/kariyer-rehberi\/wp-content\/uploads\/2024\/10\/ticaret_bakanligi.jpg","type":"image\/jpeg"}],"author":"Edit\u00f6r","twitter_card":"summary_large_image","twitter_misc":{"Yazan:":"Edit\u00f6r","Tahmini okuma s\u00fcresi":"7 dakika"},"schema":{"@context":"https:\/\/schema.org","@graph":[{"@type":"Article","@id":"https:\/\/www.kariyer.net\/kariyer-rehberi\/ticaret-bakanligi-personel-alimi\/#article","isPartOf":{"@id":"https:\/\/www.kariyer.net\/kariyer-rehberi\/ticaret-bakanligi-personel-alimi\/"},"author":{"name":"Edit\u00f6r","@id":"https:\/\/www.kariyer.net\/kariyer-rehberi\/#\/schema\/person\/94fd6e49c7ff1b1b2565a2cc4fd685dd"},"headline":"Ticaret Bakanl\u0131\u011f\u0131 personel al\u0131m\u0131","datePublished":"2024-10-08T12:42:36+00:00","dateModified":"2024-10-08T12:43:44+00:00","mainEntityOfPage":{"@id":"https:\/\/www.kariyer.net\/kariyer-rehberi\/ticaret-bakanligi-personel-alimi\/"},"wordCount":1482,"publisher":{"@id":"https:\/\/www.kariyer.net\/kariyer-rehberi\/#organization"},"image":{"@id":"https:\/\/www.kariyer.net\/kariyer-rehberi\/ticaret-bakanligi-personel-alimi\/#primaryimage"},"thumbnailUrl":"https:\/\/www.kariyer.net\/kariyer-rehberi\/wp-content\/uploads\/2024\/10\/ticaret_bakanligi.jpg","articleSection":["Kamuda Kariyer"],"inLanguage":"tr"},{"@type":"WebPage","@id":"https:\/\/www.kariyer.net\/kariyer-rehberi\/ticaret-bakanligi-personel-alimi\/","url":"https:\/\/www.kariyer.net\/kariyer-rehberi\/ticaret-bakanligi-personel-alimi\/","name":"Ticaret Bakanl\u0131\u011f\u0131 personel al\u0131m\u0131","isPartOf":{"@id":"https:\/\/www.kariyer.net\/kariyer-rehberi\/#website"},"primaryImageOfPage":{"@id":"https:\/\/www.kariyer.net\/kariyer-rehberi\/ticaret-bakanligi-personel-alimi\/#primaryimage"},"image":{"@id":"https:\/\/www.kariyer.net\/kariyer-rehberi\/ticaret-bakanligi-personel-alimi\/#primaryimage"},"thumbnailUrl":"https:\/\/www.kariyer.net\/kariyer-rehberi\/wp-content\/uploads\/2024\/10\/ticaret_bakanligi.jpg","datePublished":"2024-10-08T12:42:36+00:00","dateModified":"2024-10-08T12:43:44+00:00","description":"Ticaret Bakanl\u0131\u011f\u0131\u2019nda\u00a0g\u00f6rev almakla ilgili detaylar\u0131 \u00f6\u011frenmek istiyorsan, merak edilen sorular\u0131n cevab\u0131n\u0131 bu yaz\u0131m\u0131zda kaleme ald\u0131k.","breadcrumb":{"@id":"https:\/\/www.kariyer.net\/kariyer-rehberi\/ticaret-bakanligi-personel-alimi\/#breadcrumb"},"inLanguage":"tr","potentialAction":[{"@type":"ReadAction","target":["https:\/\/www.kariyer.net\/kariyer-rehberi\/ticaret-bakanligi-personel-alimi\/"]}]},{"@type":"ImageObject","inLanguage":"tr","@id":"https:\/\/www.kariyer.net\/kariyer-rehberi\/ticaret-bakanligi-personel-alimi\/#primaryimage","url":"https:\/\/www.kariyer.net\/kariyer-rehberi\/wp-content\/uploads\/2024\/10\/ticaret_bakanligi.jpg","contentUrl":"https:\/\/www.kariyer.net\/kariyer-rehberi\/wp-content\/uploads\/2024\/10\/ticaret_bakanligi.jpg","width":900,"height":621},{"@type":"BreadcrumbList","@id":"https:\/\/www.kariyer.net\/kariyer-rehberi\/ticaret-bakanligi-personel-alimi\/#breadcrumb","itemListElement":[{"@type":"ListItem","position":1,"name":"Anasayfa","item":"https:\/\/www.kariyer.net\/kariyer-rehberi\/"},{"@type":"ListItem","position":2,"name":"Ticaret Bakanl\u0131\u011f\u0131 personel al\u0131m\u0131"}]},{"@type":"WebSite","@id":"https:\/\/www.kariyer.net\/kariyer-rehberi\/#website","url":"https:\/\/www.kariyer.net\/kariyer-rehberi\/","name":"Kariyer Rehberi","description":"\u0130\u015f D\u00fcnyas\u0131yla \u0130lgili Bilmek \u0130stedi\u011finiz Her \u015eey","publisher":{"@id":"https:\/\/www.kariyer.net\/kariyer-rehberi\/#organization"},"potentialAction":[{"@type":"SearchAction","target":{"@type":"EntryPoint","urlTemplate":"https:\/\/www.kariyer.net\/kariyer-rehberi\/?s={search_term_string}"},"query-input":{"@type":"PropertyValueSpecification","valueRequired":true,"valueName":"search_term_string"}}],"inLanguage":"tr"},{"@type":"Organization","@id":"https:\/\/www.kariyer.net\/kariyer-rehberi\/#organization","name":"Kariyer.net","url":"https:\/\/www.kariyer.net\/kariyer-rehberi\/","logo":{"@type":"ImageObject","inLanguage":"tr","@id":"https:\/\/www.kariyer.net\/kariyer-rehberi\/#\/schema\/logo\/image\/","url":"https:\/\/www.kariyer.net\/kariyer-rehberi-new\/wp-content\/uploads\/2023\/01\/og-image11.jpg","contentUrl":"https:\/\/www.kariyer.net\/kariyer-rehberi-new\/wp-content\/uploads\/2023\/01\/og-image11.jpg","width":800,"height":800,"caption":"Kariyer.net"},"image":{"@id":"https:\/\/www.kariyer.net\/kariyer-rehberi\/#\/schema\/logo\/image\/"}},{"@type":"Person","@id":"https:\/\/www.kariyer.net\/kariyer-rehberi\/#\/schema\/person\/94fd6e49c7ff1b1b2565a2cc4fd685dd","name":"Edit\u00f6r","image":{"@type":"ImageObject","inLanguage":"tr","@id":"https:\/\/www.kariyer.net\/kariyer-rehberi\/#\/schema\/person\/image\/","url":"https:\/\/secure.gravatar.com\/avatar\/0c4fe6688343aed3693b15573beae12c08ace5565409d5ab7509bf9c115f458d?s=96&d=mm&r=g","contentUrl":"https:\/\/secure.gravatar.com\/avatar\/0c4fe6688343aed3693b15573beae12c08ace5565409d5ab7509bf9c115f458d?s=96&d=mm&r=g","caption":"Edit\u00f6r"},"url":"https:\/\/www.kariyer.net\/kariyer-rehberi\/author\/editor\/"}]}},"_links":{"self":[{"href":"https:\/\/www.kariyer.net\/kariyer-rehberi\/wp-json\/wp\/v2\/posts\/21296","targetHints":{"allow":["GET"]}}],"collection":[{"href":"https:\/\/www.kariyer.net\/kariyer-rehberi\/wp-json\/wp\/v2\/posts"}],"about":[{"href":"https:\/\/www.kariyer.net\/kariyer-rehberi\/wp-json\/wp\/v2\/types\/post"}],"author":[{"embeddable":true,"href":"https:\/\/www.kariyer.net\/kariyer-rehberi\/wp-json\/wp\/v2\/users\/12"}],"replies":[{"embeddable":true,"href":"https:\/\/www.kariyer.net\/kariyer-rehberi\/wp-json\/wp\/v2\/comments?post=21296"}],"version-history":[{"count":2,"href":"https:\/\/www.kariyer.net\/kariyer-rehberi\/wp-json\/wp\/v2\/posts\/21296\/revisions"}],"predecessor-version":[{"id":21299,"href":"https:\/\/www.kariyer.net\/kariyer-rehberi\/wp-json\/wp\/v2\/posts\/21296\/revisions\/21299"}],"wp:featuredmedia":[{"embeddable":true,"href":"https:\/\/www.kariyer.net\/kariyer-rehberi\/wp-json\/wp\/v2\/media\/21297"}],"wp:attachment":[{"href":"https:\/\/www.kariyer.net\/kariyer-rehberi\/wp-json\/wp\/v2\/media?parent=21296"}],"wp:term":[{"taxonomy":"category","embeddable":true,"href":"https:\/\/www.kariyer.net\/kariyer-rehberi\/wp-json\/wp\/v2\/categories?post=21296"},{"taxonomy":"post_tag","embeddable":true,"href":"https:\/\/www.kariyer.net\/kariyer-rehberi\/wp-json\/wp\/v2\/tags?post=21296"}],"curies":[{"name":"wp","href":"https:\/\/api.w.org\/{rel}","templated":true}]}}