{"id":21300,"date":"2024-10-08T17:38:53","date_gmt":"2024-10-08T14:38:53","guid":{"rendered":"https:\/\/www.kariyer.net\/kariyer-rehberi\/?p=21300"},"modified":"2024-10-08T17:39:46","modified_gmt":"2024-10-08T14:39:46","slug":"ulastirma-ve-altyapi-bakanligi-personel-alimi","status":"publish","type":"post","link":"https:\/\/www.kariyer.net\/kariyer-rehberi\/ulastirma-ve-altyapi-bakanligi-personel-alimi\/","title":{"rendered":"Ula\u015ft\u0131rma ve Altyap\u0131 Bakanl\u0131\u011f\u0131 personel al\u0131m\u0131"},"content":{"rendered":"<p><b>Ula\u015ft\u0131rma ve Altyap\u0131 Bakanl\u0131\u011f\u0131&#8217;nda<\/b><strong> g\u00f6rev almakla ilgili detaylar\u0131 \u00f6\u011frenmek istiyorsan, senin i\u00e7in en \u00e7ok merak edilen sorular\u0131n cevab\u0131n\u0131 bu yaz\u0131m\u0131zda kaleme ald\u0131k.<\/strong><\/p>\n<p><span style=\"font-weight: 400;\">Ula\u015ft\u0131rma ve Altyap\u0131 Bakanl\u0131\u011f\u0131nda \u00e7al\u0131\u015fmak istiyorsan, mutlaka bakanl\u0131klar\u0131n nas\u0131l i\u015fe al\u0131m yapt\u0131\u011f\u0131n\u0131 \u00f6\u011frenmeli ve buna g\u00f6re ba\u015fvurunu yapmal\u0131s\u0131n. Bir\u00e7ok bakanl\u0131k gibi Ula\u015ft\u0131rma ve Altyap\u0131 Bakanl\u0131\u011f\u0131 personel al\u0131m\u0131 da y\u0131l\u0131n belli d\u00f6nemlerinde ger\u00e7ekle\u015fir. Bakanl\u0131\u011f\u0131n resmi sitesinde yay\u0131nlanan ilanlar ge\u00e7ici s\u00fcreli yay\u0131nda kal\u0131r. Bakanl\u0131klarda i\u015fe girebilmek i\u00e7in mutlaka bu ilanlar\u0131n takip edilmesi gerekir. Bakanl\u0131klar\u0131n i\u015fe al\u0131m d\u00f6nemleri hakk\u0131nda bilgi sahibi olmak istiyorsan, senin i\u00e7in haz\u0131rlad\u0131\u011f\u0131m\u0131z bu yaz\u0131ya g\u00f6z atabilirsin.\u00a0<\/span><\/p>\n<h2><b>Ula\u015ft\u0131rma ve Altyap\u0131 Bakanl\u0131\u011f\u0131 personel al\u0131m\u0131 ne zaman?<\/b><\/h2>\n<p><span style=\"font-weight: 400;\">Ula\u015ft\u0131rma ve Altyap\u0131 Bakanl\u0131\u011f\u0131; karayolu, demiryolu ta\u015f\u0131mac\u0131l\u0131\u011f\u0131 ile lojistik faaliyetleri ulusal ve uluslararas\u0131 boyutta en g\u00fcvenli bi\u00e7imde s\u00fcrd\u00fcr\u00fcl\u00fcr. Bakanl\u0131k i\u00e7inde farkl\u0131 birimler bulunur ve her birimin g\u00f6rev ve sorumluluklar\u0131 farkl\u0131d\u0131r. Bakanl\u0131kta bir\u00e7ok personel \u00e7al\u0131\u015f\u0131r ve ihtiyaca g\u00f6re Ula\u015ft\u0131rma ve Altyap\u0131 Bakanl\u0131\u011f\u0131 personel al\u0131m\u0131 yap\u0131l\u0131r.\u00a0<\/span><\/p>\n<p><span style=\"font-weight: 400;\">Ula\u015ft\u0131rma ve Altyap\u0131 Bakanl\u0131\u011f\u0131 personel al\u0131m\u0131 emeklilik, i\u015ften ayr\u0131lma, yeni b\u00f6l\u00fcm a\u00e7\u0131lmas\u0131 ya da terfi gibi durumlarda ortaya \u00e7\u0131kan personel ihtiyac\u0131n\u0131 kar\u015f\u0131lamak i\u00e7in yap\u0131l\u0131r. Bakanl\u0131k al\u0131mlar\u0131 genellikle her y\u0131l belirli d\u00f6nemlerde yap\u0131l\u0131r. Sen de bu al\u0131mlar\u0131 takip etmek i\u00e7in bakanl\u0131\u011fa ait web sitesinin duyurular b\u00f6l\u00fcm\u00fcn\u00fc takip edebilirsin. Burada Ula\u015ft\u0131rma ve Altyap\u0131 Bakanl\u0131\u011f\u0131 personel al\u0131m\u0131 ile ilgili t\u00fcm detaylar tarihi ile birlikte yer al\u0131r.<\/span><\/p>\n<p><span style=\"font-weight: 400;\">Ula\u015ft\u0131rma ve Altyap\u0131 Bakanl\u0131\u011f\u0131 personel al\u0131m\u0131 2024 y\u0131l\u0131 i\u00e7inde Temmuz ile A\u011fustos aylar\u0131 i\u00e7inde i\u015fe al\u0131m yap\u0131lm\u0131\u015ft\u0131r. \u00d6n\u00fcm\u00fczdeki g\u00fcnlerde tekrardan al\u0131m olup olmayaca\u011f\u0131 ile ilgili olarak ise kamu devlet i\u015f ilanlar\u0131n\u0131n takip edilmesi gerekir. Sen de bakanl\u0131kta \u00e7al\u0131\u015fmay\u0131 hedefliyorsan, d\u00fczenli aral\u0131klar ile bu ilanlar\u0131 takip etmen \u00e7ok \u00f6nemlidir. Ula\u015ft\u0131rma ve Altyap\u0131 Bakanl\u0131\u011f\u0131 personel al\u0131m\u0131 ba\u015fvuru tarihlerini ka\u00e7\u0131rman durumunda i\u015fe al\u0131m ilanlar\u0131 i\u00e7in bir sonraki seneyi beklemen gerekebilir. Her bakanl\u0131\u011f\u0131n i\u015fe al\u0131m tarihleri ise ihtiyaca g\u00f6re birbirinden farkl\u0131 olabilir.<\/span><\/p>\n<h2><b>Ula\u015ft\u0131rma ve Altyap\u0131 Bakanl\u0131\u011f\u0131 personel al\u0131m\u0131 yap\u0131yor mu?<\/b><\/h2>\n<p><span style=\"font-weight: 400;\">T\u00fcrkiye Cumhuriyeti&#8217;ne ba\u011fl\u0131 olarak g\u00f6rev yapan bir\u00e7ok farkl\u0131 bakanl\u0131k bulunur ve her birisinin g\u00f6rev alan\u0131 farkl\u0131d\u0131r. Bu bakanl\u0131klarda \u00e7ok fazla personel g\u00f6rev al\u0131r. Bakanl\u0131klar \u00f6ncelikle ihtiyaca g\u00f6re hangi b\u00f6l\u00fcme personel al\u0131nmas\u0131 gerekti\u011fini saptar. Emekli olan, terfi eden ya da i\u015ften ayr\u0131lan bir ki\u015finin yerine ilan a\u00e7\u0131lmas\u0131 s\u0131kl\u0131kla g\u00f6r\u00fcl\u00fcr. Ula\u015ft\u0131rma ve Altyap\u0131 Bakanl\u0131\u011f\u0131 personel al\u0131m\u0131n\u0131 ihtiya\u00e7lar ve bakanl\u0131k b\u00fct\u00e7esi \u00e7er\u00e7evesinde ger\u00e7ekle\u015ftirilir.<\/span><\/p>\n<p><span style=\"font-weight: 400;\">Mevcut ihtiya\u00e7 belirlendikten sonra ilan a\u00e7\u0131l\u0131r. Bu ilanlar Ula\u015ft\u0131rma ve Altyap\u0131 Bakanl\u0131\u011f\u0131 web sitesinde yer al\u0131r. Bu web sitesinin duyurular b\u00f6l\u00fcm\u00fcnden a\u00e7\u0131lan yeni i\u015f ilanlar\u0131n\u0131 g\u00f6rmek ve takip etmek m\u00fcmk\u00fcnd\u00fcr. Ula\u015ft\u0131rma ve Altyap\u0131 Bakanl\u0131\u011f\u0131 personel al\u0131m\u0131 ilanlar\u0131nda ki\u015finin nas\u0131l ba\u015fvuru yapmas\u0131 gerekti\u011fi de detayl\u0131 bi\u00e7imde anlat\u0131l\u0131r. Sen de uygun oldu\u011funu d\u00fc\u015f\u00fcn\u00fcyorsan, zaman kaybetmeden bu ilanlara ba\u015fvurabilir ve bakanl\u0131kta \u00e7al\u0131\u015fma \u015fans\u0131 elde edebilirsin.<\/span><\/p>\n<h2><b>Ula\u015ft\u0131rma ve Altyap\u0131 Bakanl\u0131\u011f\u0131 personel al\u0131m\u0131 neye g\u00f6re belirlenir?<\/b><\/h2>\n<p><span style=\"font-weight: 400;\">Ula\u015ft\u0131rma ve Altyap\u0131 Bakanl\u0131\u011f\u0131 personel al\u0131m\u0131 genellikle ihtiya\u00e7 do\u011frultusunda yap\u0131l\u0131r. Bir ki\u015fi emekli olduysa, o personelin yerine birisinin al\u0131nmas\u0131 gerekir. Ayn\u0131 \u015fekilde i\u015ften \u00e7\u0131kar\u0131lan ya da istifa eden bir ki\u015finin yerine de i\u015fe al\u0131m ilanlar\u0131n\u0131n a\u00e7\u0131lmas\u0131 s\u00f6z konusu olabilir. Bunun d\u0131\u015f\u0131nda e\u011fer bakanl\u0131kta yeni bir birim a\u00e7\u0131lacaksa bu durumda da toplu personel al\u0131m ilanlar\u0131 a\u00e7\u0131labilir. Her bakanl\u0131kta engelli personel al\u0131m\u0131 da zorunlu olarak yap\u0131l\u0131r ve bunun i\u00e7in detayl\u0131 al\u0131m ilanlar\u0131 da haz\u0131rlanarak web sitesinde duyurulur.\u00a0<\/span><\/p>\n<p><span style=\"font-weight: 400;\">Ula\u015ft\u0131rma ve Altyap\u0131 Bakanl\u0131\u011f\u0131 personel al\u0131m\u0131 i\u00e7in i\u015fe al\u0131nacak ki\u015filerin mutlaka 18 ya\u015f\u0131n\u0131 doldurmu\u015f olmas\u0131, T\u00fcrkiye Cumhuriyeti vatanda\u015f\u0131 olmas\u0131 ve KPSS s\u0131nav\u0131ndan ba\u015far\u0131l\u0131 olmas\u0131 beklenir. Bu \u015fartlar\u0131 tamamlamayan adaylar\u0131n i\u015fe al\u0131m\u0131 m\u00fcmk\u00fcn olmaz. Aday\u0131n yetkinliklerinin de ilgili i\u015f ile uyu\u015fmas\u0131 olduk\u00e7a \u00f6nemlidir. Sen de bu \u015fartlara uyum sa\u011flad\u0131\u011f\u0131n\u0131 d\u00fc\u015f\u00fcn\u00fcyorsan, Ula\u015ft\u0131rma ve Altyap\u0131 Bakanl\u0131\u011f\u0131 personel al\u0131m\u0131 ilanlar\u0131n\u0131 takip ederek ba\u015fvuru yapabilirsin.<\/span><\/p>\n<h2><b>Ula\u015ft\u0131rma ve Altyap\u0131 Bakanl\u0131\u011f\u0131 personel al\u0131m\u0131 ba\u015fvurular\u0131 nas\u0131l yap\u0131l\u0131r?<\/b><\/h2>\n<p><span style=\"font-weight: 400;\">Ula\u015ft\u0131rma ve Altyap\u0131 Bakanl\u0131\u011f\u0131 personel al\u0131m\u0131 konusundaki duyurular bakanl\u0131\u011f\u0131n resmi web sitesi \u00fczerinden yay\u0131nlan\u0131r. Bu ilanda i\u015fe al\u0131m ile ilgili t\u00fcm detaylar yer al\u0131r. \u0130lgili i\u015fe ba\u015fvuracak ki\u015filerin i\u015fe ba\u015fvuru \u015fartlar\u0131 da bu ilanlarda yer al\u0131r ve aday\u0131n belirtilen kriterleri do\u011fru bi\u00e7imde takip etmesi \u00f6nemlidir.<\/span><\/p>\n<p><span style=\"font-weight: 400;\">Bununla birlikte i\u015fe ba\u015fvurular t\u00fcm bakanl\u0131klar ve kamu birimleri i\u00e7in T\u00fcrkiye \u0130\u015f Kurumu (\u0130\u015eKUR) internet adresi \u00fczerinden yap\u0131l\u0131r. Her ba\u015fvuru i\u00e7in belirli bir zaman aral\u0131\u011f\u0131 bulunur ve bu zaman a\u015f\u0131ld\u0131\u011f\u0131 takdirde i\u015fe ba\u015fvuru yap\u0131lmas\u0131 m\u00fcmk\u00fcn olmaz. O y\u00fczden mutlaka bu ilanlar\u0131 detayl\u0131 bi\u00e7imde incelemen ve ba\u015fvurunu eksiksiz bi\u00e7imde do\u011fru zaman aral\u0131\u011f\u0131nda ger\u00e7ekle\u015ftirmen gerekir.\u00a0<\/span><\/p>\n<h2><b>Ula\u015ft\u0131rma ve Altyap\u0131 Bakanl\u0131\u011f\u0131 personel al\u0131m\u0131nda KPSS \u015fart m\u0131?<\/b><\/h2>\n<p><span style=\"font-weight: 400;\">Kamu kurulu\u015flar\u0131nda \u00e7al\u0131\u015fabilmek i\u00e7in bir\u00e7ok \u00f6nemli \u015fart bulunur ve adaylar\u0131n bunu yerine getirmesi beklenir. Ya\u015f s\u0131n\u0131r\u0131 ve T.C vatanda\u015f\u0131 olma zorunlulu\u011funun yan\u0131 s\u0131ra ki\u015finin KPSS s\u0131nav\u0131ndan ba\u015far\u0131l\u0131 olmas\u0131 da aranan en \u00f6nemli \u015fartlardan birisidir. KPSS&#8217;de orta\u00f6\u011fretim, \u00f6nlisans ve lisans s\u0131navlar\u0131 farkl\u0131 zaman aral\u0131klar\u0131nda yap\u0131l\u0131r ve bu s\u0131navlar genellikle 2 y\u0131lda bir ger\u00e7ekle\u015ftirilir.\u00a0<\/span><\/p>\n<p><span style=\"font-weight: 400;\">Kamuda ve bakanl\u0131klarda i\u015fe ba\u015flayacak ki\u015filerin bu s\u0131nava girmi\u015f ve ge\u00e7erli puan alm\u0131\u015f olmas\u0131 gerekir. KPSS&#8217;nin farkl\u0131 puan aral\u0131klar\u0131 olur ve her bakanl\u0131\u011f\u0131n ilgili birim i\u00e7in ihtiya\u00e7 duydu\u011fu puan t\u00fcr\u00fc de de\u011fi\u015fiklik g\u00f6sterebilir. T\u00fcm bu detaylar\u0131n ara\u015ft\u0131r\u0131l\u0131p ona g\u00f6re ba\u015fvuru yap\u0131lmas\u0131 aday\u0131n i\u015fe girme \u015fans\u0131n\u0131 art\u0131racak bir etken olaca\u011f\u0131 i\u00e7in olduk\u00e7a \u00f6nemlidir.\u00a0<\/span><\/p>\n<p><span style=\"font-weight: 400;\">KPSS \u015fart\u0131 ile birlikte aday i\u015fe girebilmek i\u00e7in bir\u00e7ok farkl\u0131 m\u00fclakattan ge\u00e7er. \u00d6n eleme, yaz\u0131l\u0131 ve s\u00f6zl\u00fc m\u00fclakat sonras\u0131 aday sa\u011fl\u0131k kontrol\u00fcnden ge\u00e7irilir. T\u00fcm bu a\u015famalar\u0131 atlatan aday son olarak g\u00fcvenlik kontrol\u00fcnden ge\u00e7ilir. Bu a\u015famada aday\u0131n daha \u00f6nce herhangi bir su\u00e7 i\u015fleyip i\u015flemedi\u011fi tespit edilir ve su\u00e7 i\u015fleyenler direkt elenir.\u00a0<\/span><\/p>\n<h2><b>Ula\u015ft\u0131rma ve Altyap\u0131 Bakanl\u0131\u011f\u0131 y\u0131lda ka\u00e7 kez al\u0131m yap\u0131yor?<\/b><\/h2>\n<p><span style=\"font-weight: 400;\">Bakanl\u0131klar\u0131n y\u0131lda ka\u00e7 kez i\u015fe al\u0131m yapt\u0131\u011f\u0131 de\u011fi\u015fkenlik g\u00f6sterir ve belirli bir say\u0131 vermek do\u011fru olmaz. Ula\u015ft\u0131rma ve Altyap\u0131 Bakanl\u0131\u011f\u0131 personel al\u0131m\u0131 i\u00e7in de ayn\u0131 durum s\u00f6z konusudur. Her bakanl\u0131k y\u0131l\u0131n farkl\u0131 zamanlar\u0131nda tamamen olu\u015facak ihtiyaca g\u00f6re al\u0131m yapar. Genellikle y\u0131lda 1 kez ilan a\u00e7\u0131lsa da ihtiyaca g\u00f6re y\u0131l\u0131n farkl\u0131 aylar\u0131nda da \u00e7e\u015fitli ilanlar a\u00e7\u0131labilir. Ula\u015ft\u0131rma ve Altyap\u0131 Bakanl\u0131\u011f\u0131 personel al\u0131m\u0131 ilanlar\u0131 her zaman web sitesinde duyurular k\u0131sm\u0131nda yer al\u0131r ve aday\u0131n hangi \u015fartlar\u0131 ta\u015f\u0131mas\u0131 gerekti\u011fi detaylar\u0131 ile birlikte belirtilir. Adaylar\u0131n ilan a\u00e7\u0131ld\u0131ktan sonra mutlaka ba\u015fvuru belgelerini eksiksiz bi\u00e7imde haz\u0131rlamas\u0131, m\u00fclakatlara en iyi \u015fekilde haz\u0131rlanmas\u0131 gerekir.\u00a0<\/span><\/p>\n<h2><b>Ula\u015ft\u0131rma ve Altyap\u0131 Bakanl\u0131\u011f\u0131 hangi kadrolara al\u0131m yap\u0131yor?<\/b><\/h2>\n<p><span style=\"font-weight: 400;\">Ula\u015ft\u0131rma ve Altyap\u0131 Bakanl\u0131\u011f\u0131 personel al\u0131m\u0131 i\u015f ilanlar\u0131 da bu kadrolardaki eksiklere g\u00f6re a\u00e7\u0131l\u0131r. Bakanl\u0131\u011f\u0131n en geni\u015f birimi merkez te\u015fkilat b\u00f6l\u00fcm\u00fcd\u00fcr. Bunun d\u0131\u015f\u0131nda ta\u015fra te\u015fkilat\u0131, liman ba\u015fkanl\u0131klar\u0131, s\u00fcrekli ve ba\u011fl\u0131 kurulu\u015flar, ilgili ve ili\u015fkili kurulu\u015flar da Ula\u015ft\u0131rma ve Altyap\u0131 Bakanl\u0131\u011f\u0131 personel al\u0131m\u0131 i\u00e7in a\u00e7\u0131lacak kadrolar i\u00e7inde yer alan di\u011fer birimler aras\u0131nda yer al\u0131r.<\/span><\/p>\n<p><span style=\"font-weight: 400;\">Bu b\u00f6l\u00fcmlerin her birisi i\u00e7inde farkl\u0131 kadrolar ve ba\u015fkanl\u0131klar bulunur. Bu kadrolar aras\u0131nda <\/span><a href=\"https:\/\/www.kariyer.net\/pozisyonlar\/insaat+muhendisi\" target=\"_blank\" rel=\"noopener\"><span style=\"font-weight: 400;\">in\u015faat m\u00fchendisleri<\/span><\/a><span style=\"font-weight: 400;\">, elektrik m\u00fchendisleri, makine ve ula\u015ft\u0131rma m\u00fchendisleri gibi teknik pozisyonlar bulunur. Ayr\u0131ca, idari personel, uzmanlar ve teknikerler de a\u00e7\u0131lan kadrolar i\u00e7erisinde yer alabilir. Her bir birim farkl\u0131 illerde olabilir. Bu birimlerin tamam\u0131 bakanl\u0131\u011fa ba\u011fl\u0131 bi\u00e7imde \u00e7al\u0131\u015f\u0131r ve hepsi i\u00e7in ilanlar topluca web sitesinde a\u00e7\u0131l\u0131r.\u00a0<\/span><\/p>\n<h2><b>Atamas\u0131 yap\u0131lan Ula\u015ft\u0131rma ve Altyap\u0131 Bakanl\u0131\u011f\u0131 personeli hangi kurumlarda \u00e7al\u0131\u015f\u0131yor?<\/b><\/h2>\n<p><span style=\"font-weight: 400;\">Ula\u015ft\u0131rma ve Altyap\u0131 Bakanl\u0131\u011f\u0131 personel al\u0131m\u0131 ger\u00e7ekle\u015ftirildikten sonra ki\u015filer farkl\u0131 bir ilde ve kurumda \u00e7al\u0131\u015fabilir. Merkez te\u015fkilat\u0131 en kalabal\u0131k birimdir ve i\u00e7inde Personel Genel M\u00fcd\u00fcrl\u00fc\u011f\u00fc, Denizcilik Genel M\u00fcd\u00fcrl\u00fc\u011f\u00fc, Strateji Geli\u015ftirme Ba\u015fkanl\u0131\u011f\u0131 ve Ana Arama Kurtarma Koordinasyon Merkezi gibi farkl\u0131 20 b\u00f6l\u00fcm yer al\u0131r. Bu birimlerde \u00e7al\u0131\u015fan say\u0131s\u0131 olduk\u00e7a fazlad\u0131r ve hepsi Ula\u015ft\u0131rma ve Altyap\u0131 Bakanl\u0131\u011f\u0131n\u0131n merkez te\u015fkilat\u0131na ba\u011fl\u0131d\u0131r.\u00a0<\/span><\/p>\n<!-- templates\/buttons-placeholder.php -->\n<div class=\"da-reactions-outer TpostID21300\">\n\t    <div class=\"da-reactions-data da-reactions-container-async center\"\n         data-type=\"post\"\n         data-id=\"21300\"\n         id=\"da-reactions-slot-post-21300\">\n        <div class=\"da-reactions-static\">\n\t\t\t<img src=\"https:\/\/www.kariyer.net\/kariyer-rehberi\/wp-content\/plugins\/da-reactions\/assets\/dist\/loading.svg\" alt=\"Loading spinner\" width=\"48\" height=\"48\" style=\"width:48px\" \/>\n        <\/div>\n    <\/div>\n<\/div>\n","protected":false},"excerpt":{"rendered":"<p>Ula\u015ft\u0131rma ve Altyap\u0131 Bakanl\u0131\u011f\u0131&#8217;nda g\u00f6rev almakla ilgili detaylar\u0131 \u00f6\u011frenmek istiyorsan, senin i\u00e7in en \u00e7ok merak edilen sorular\u0131n cevab\u0131n\u0131 bu yaz\u0131m\u0131zda kaleme ald\u0131k. Ula\u015ft\u0131rma ve Altyap\u0131 Bakanl\u0131\u011f\u0131nda \u00e7al\u0131\u015fmak istiyorsan, mutlaka bakanl\u0131klar\u0131n nas\u0131l i\u015fe al\u0131m yapt\u0131\u011f\u0131n\u0131 \u00f6\u011frenmeli ve buna g\u00f6re ba\u015fvurunu yapmal\u0131s\u0131n. Bir\u00e7ok bakanl\u0131k gibi Ula\u015ft\u0131rma ve Altyap\u0131 Bakanl\u0131\u011f\u0131 personel al\u0131m\u0131 da y\u0131l\u0131n belli d\u00f6nemlerinde ger\u00e7ekle\u015fir. Bakanl\u0131\u011f\u0131n [&hellip;]<\/p>\n<!-- templates\/buttons-placeholder.php -->\n<div class=\"da-reactions-outer TpostID21300\">\n\t    <div class=\"da-reactions-data da-reactions-container-async center\"\n         data-type=\"post\"\n         data-id=\"21300\"\n         id=\"da-reactions-slot-post-21300\">\n        <div class=\"da-reactions-static\">\n\t\t\t<img src=\"https:\/\/www.kariyer.net\/kariyer-rehberi\/wp-content\/plugins\/da-reactions\/assets\/dist\/loading.svg\" alt=\"Loading spinner\" width=\"48\" height=\"48\" style=\"width:48px\" \/>\n        <\/div>\n    <\/div>\n<\/div>\n","protected":false},"author":12,"featured_media":21301,"comment_status":"closed","ping_status":"open","sticky":false,"template":"","format":"standard","meta":{"footnotes":"","_elementor_edit_mode":"","_elementor_template_type":"","_elementor_data":"","_elementor_page_settings":null,"_elementor_conditions":[]},"categories":[2215],"tags":[],"class_list":{"0":"post-21300","1":"post","2":"type-post","3":"status-publish","4":"format-standard","5":"has-post-thumbnail","7":"category-kamuda-kariyer"},"yoast_head":"<!-- This site is optimized with the Yoast SEO Premium plugin v21.4 (Yoast SEO v27.0) - https:\/\/yoast.com\/product\/yoast-seo-premium-wordpress\/ -->\n<title>Ula\u015ft\u0131rma ve Altyap\u0131 Bakanl\u0131\u011f\u0131 personel al\u0131m\u0131<\/title>\n<meta name=\"description\" content=\"Ula\u015ft\u0131rma ve Altyap\u0131 Bakanl\u0131\u011f\u0131 g\u00f6rev almakla ilgili detaylar\u0131 \u00f6\u011frenmek istiyorsan, merak edilen sorular\u0131n cevab\u0131n\u0131 bu yaz\u0131m\u0131zda kaleme ald\u0131k.\" \/>\n<meta name=\"robots\" content=\"index, follow, max-snippet:-1, max-image-preview:large, max-video-preview:-1\" \/>\n<link rel=\"canonical\" href=\"https:\/\/www.kariyer.net\/kariyer-rehberi\/ulastirma-ve-altyapi-bakanligi-personel-alimi\/\" \/>\n<meta property=\"og:locale\" content=\"tr_TR\" \/>\n<meta property=\"og:type\" content=\"article\" \/>\n<meta property=\"og:title\" content=\"Ula\u015ft\u0131rma ve Altyap\u0131 Bakanl\u0131\u011f\u0131 personel al\u0131m\u0131\" \/>\n<meta property=\"og:description\" content=\"Ula\u015ft\u0131rma ve Altyap\u0131 Bakanl\u0131\u011f\u0131&#039;nda g\u00f6rev almakla ilgili detaylar\u0131 \u00f6\u011frenmek istiyorsan, senin i\u00e7in en \u00e7ok merak edilen sorular\u0131n cevab\u0131n\u0131 bu yaz\u0131m\u0131zda\" \/>\n<meta property=\"og:url\" content=\"https:\/\/www.kariyer.net\/kariyer-rehberi\/ulastirma-ve-altyapi-bakanligi-personel-alimi\/\" \/>\n<meta property=\"og:site_name\" content=\"Kariyer Rehberi\" \/>\n<meta property=\"article:published_time\" content=\"2024-10-08T14:38:53+00:00\" \/>\n<meta property=\"article:modified_time\" content=\"2024-10-08T14:39:46+00:00\" \/>\n<meta property=\"og:image\" content=\"https:\/\/www.kariyer.net\/kariyer-rehberi\/wp-content\/uploads\/2024\/10\/ulastirma_bakanligi.jpg\" \/>\n\t<meta property=\"og:image:width\" content=\"900\" \/>\n\t<meta property=\"og:image:height\" content=\"600\" \/>\n\t<meta property=\"og:image:type\" content=\"image\/jpeg\" \/>\n<meta name=\"author\" content=\"Edit\u00f6r\" \/>\n<meta name=\"twitter:card\" content=\"summary_large_image\" \/>\n<meta name=\"twitter:label1\" content=\"Yazan:\" \/>\n\t<meta name=\"twitter:data1\" content=\"Edit\u00f6r\" \/>\n\t<meta name=\"twitter:label2\" content=\"Tahmini okuma s\u00fcresi\" \/>\n\t<meta name=\"twitter:data2\" content=\"7 dakika\" \/>\n<!-- \/ Yoast SEO Premium plugin. -->","yoast_head_json":{"title":"Ula\u015ft\u0131rma ve Altyap\u0131 Bakanl\u0131\u011f\u0131 personel al\u0131m\u0131","description":"Ula\u015ft\u0131rma ve Altyap\u0131 Bakanl\u0131\u011f\u0131 g\u00f6rev almakla ilgili detaylar\u0131 \u00f6\u011frenmek istiyorsan, merak edilen sorular\u0131n cevab\u0131n\u0131 bu yaz\u0131m\u0131zda kaleme ald\u0131k.","robots":{"index":"index","follow":"follow","max-snippet":"max-snippet:-1","max-image-preview":"max-image-preview:large","max-video-preview":"max-video-preview:-1"},"canonical":"https:\/\/www.kariyer.net\/kariyer-rehberi\/ulastirma-ve-altyapi-bakanligi-personel-alimi\/","og_locale":"tr_TR","og_type":"article","og_title":"Ula\u015ft\u0131rma ve Altyap\u0131 Bakanl\u0131\u011f\u0131 personel al\u0131m\u0131","og_description":"Ula\u015ft\u0131rma ve Altyap\u0131 Bakanl\u0131\u011f\u0131'nda g\u00f6rev almakla ilgili detaylar\u0131 \u00f6\u011frenmek istiyorsan, senin i\u00e7in en \u00e7ok merak edilen sorular\u0131n cevab\u0131n\u0131 bu yaz\u0131m\u0131zda","og_url":"https:\/\/www.kariyer.net\/kariyer-rehberi\/ulastirma-ve-altyapi-bakanligi-personel-alimi\/","og_site_name":"Kariyer Rehberi","article_published_time":"2024-10-08T14:38:53+00:00","article_modified_time":"2024-10-08T14:39:46+00:00","og_image":[{"width":900,"height":600,"url":"https:\/\/www.kariyer.net\/kariyer-rehberi\/wp-content\/uploads\/2024\/10\/ulastirma_bakanligi.jpg","type":"image\/jpeg"}],"author":"Edit\u00f6r","twitter_card":"summary_large_image","twitter_misc":{"Yazan:":"Edit\u00f6r","Tahmini okuma s\u00fcresi":"7 dakika"},"schema":{"@context":"https:\/\/schema.org","@graph":[{"@type":"Article","@id":"https:\/\/www.kariyer.net\/kariyer-rehberi\/ulastirma-ve-altyapi-bakanligi-personel-alimi\/#article","isPartOf":{"@id":"https:\/\/www.kariyer.net\/kariyer-rehberi\/ulastirma-ve-altyapi-bakanligi-personel-alimi\/"},"author":{"name":"Edit\u00f6r","@id":"https:\/\/www.kariyer.net\/kariyer-rehberi\/#\/schema\/person\/94fd6e49c7ff1b1b2565a2cc4fd685dd"},"headline":"Ula\u015ft\u0131rma ve Altyap\u0131 Bakanl\u0131\u011f\u0131 personel al\u0131m\u0131","datePublished":"2024-10-08T14:38:53+00:00","dateModified":"2024-10-08T14:39:46+00:00","mainEntityOfPage":{"@id":"https:\/\/www.kariyer.net\/kariyer-rehberi\/ulastirma-ve-altyapi-bakanligi-personel-alimi\/"},"wordCount":1683,"publisher":{"@id":"https:\/\/www.kariyer.net\/kariyer-rehberi\/#organization"},"image":{"@id":"https:\/\/www.kariyer.net\/kariyer-rehberi\/ulastirma-ve-altyapi-bakanligi-personel-alimi\/#primaryimage"},"thumbnailUrl":"https:\/\/www.kariyer.net\/kariyer-rehberi\/wp-content\/uploads\/2024\/10\/ulastirma_bakanligi.jpg","articleSection":["Kamuda Kariyer"],"inLanguage":"tr"},{"@type":"WebPage","@id":"https:\/\/www.kariyer.net\/kariyer-rehberi\/ulastirma-ve-altyapi-bakanligi-personel-alimi\/","url":"https:\/\/www.kariyer.net\/kariyer-rehberi\/ulastirma-ve-altyapi-bakanligi-personel-alimi\/","name":"Ula\u015ft\u0131rma ve Altyap\u0131 Bakanl\u0131\u011f\u0131 personel al\u0131m\u0131","isPartOf":{"@id":"https:\/\/www.kariyer.net\/kariyer-rehberi\/#website"},"primaryImageOfPage":{"@id":"https:\/\/www.kariyer.net\/kariyer-rehberi\/ulastirma-ve-altyapi-bakanligi-personel-alimi\/#primaryimage"},"image":{"@id":"https:\/\/www.kariyer.net\/kariyer-rehberi\/ulastirma-ve-altyapi-bakanligi-personel-alimi\/#primaryimage"},"thumbnailUrl":"https:\/\/www.kariyer.net\/kariyer-rehberi\/wp-content\/uploads\/2024\/10\/ulastirma_bakanligi.jpg","datePublished":"2024-10-08T14:38:53+00:00","dateModified":"2024-10-08T14:39:46+00:00","description":"Ula\u015ft\u0131rma ve Altyap\u0131 Bakanl\u0131\u011f\u0131 g\u00f6rev almakla ilgili detaylar\u0131 \u00f6\u011frenmek istiyorsan, merak edilen sorular\u0131n cevab\u0131n\u0131 bu yaz\u0131m\u0131zda kaleme ald\u0131k.","breadcrumb":{"@id":"https:\/\/www.kariyer.net\/kariyer-rehberi\/ulastirma-ve-altyapi-bakanligi-personel-alimi\/#breadcrumb"},"inLanguage":"tr","potentialAction":[{"@type":"ReadAction","target":["https:\/\/www.kariyer.net\/kariyer-rehberi\/ulastirma-ve-altyapi-bakanligi-personel-alimi\/"]}]},{"@type":"ImageObject","inLanguage":"tr","@id":"https:\/\/www.kariyer.net\/kariyer-rehberi\/ulastirma-ve-altyapi-bakanligi-personel-alimi\/#primaryimage","url":"https:\/\/www.kariyer.net\/kariyer-rehberi\/wp-content\/uploads\/2024\/10\/ulastirma_bakanligi.jpg","contentUrl":"https:\/\/www.kariyer.net\/kariyer-rehberi\/wp-content\/uploads\/2024\/10\/ulastirma_bakanligi.jpg","width":900,"height":600},{"@type":"BreadcrumbList","@id":"https:\/\/www.kariyer.net\/kariyer-rehberi\/ulastirma-ve-altyapi-bakanligi-personel-alimi\/#breadcrumb","itemListElement":[{"@type":"ListItem","position":1,"name":"Anasayfa","item":"https:\/\/www.kariyer.net\/kariyer-rehberi\/"},{"@type":"ListItem","position":2,"name":"Ula\u015ft\u0131rma ve Altyap\u0131 Bakanl\u0131\u011f\u0131 personel al\u0131m\u0131"}]},{"@type":"WebSite","@id":"https:\/\/www.kariyer.net\/kariyer-rehberi\/#website","url":"https:\/\/www.kariyer.net\/kariyer-rehberi\/","name":"Kariyer Rehberi","description":"\u0130\u015f D\u00fcnyas\u0131yla \u0130lgili Bilmek \u0130stedi\u011finiz Her \u015eey","publisher":{"@id":"https:\/\/www.kariyer.net\/kariyer-rehberi\/#organization"},"potentialAction":[{"@type":"SearchAction","target":{"@type":"EntryPoint","urlTemplate":"https:\/\/www.kariyer.net\/kariyer-rehberi\/?s={search_term_string}"},"query-input":{"@type":"PropertyValueSpecification","valueRequired":true,"valueName":"search_term_string"}}],"inLanguage":"tr"},{"@type":"Organization","@id":"https:\/\/www.kariyer.net\/kariyer-rehberi\/#organization","name":"Kariyer.net","url":"https:\/\/www.kariyer.net\/kariyer-rehberi\/","logo":{"@type":"ImageObject","inLanguage":"tr","@id":"https:\/\/www.kariyer.net\/kariyer-rehberi\/#\/schema\/logo\/image\/","url":"https:\/\/www.kariyer.net\/kariyer-rehberi-new\/wp-content\/uploads\/2023\/01\/og-image11.jpg","contentUrl":"https:\/\/www.kariyer.net\/kariyer-rehberi-new\/wp-content\/uploads\/2023\/01\/og-image11.jpg","width":800,"height":800,"caption":"Kariyer.net"},"image":{"@id":"https:\/\/www.kariyer.net\/kariyer-rehberi\/#\/schema\/logo\/image\/"}},{"@type":"Person","@id":"https:\/\/www.kariyer.net\/kariyer-rehberi\/#\/schema\/person\/94fd6e49c7ff1b1b2565a2cc4fd685dd","name":"Edit\u00f6r","image":{"@type":"ImageObject","inLanguage":"tr","@id":"https:\/\/www.kariyer.net\/kariyer-rehberi\/#\/schema\/person\/image\/","url":"https:\/\/secure.gravatar.com\/avatar\/0c4fe6688343aed3693b15573beae12c08ace5565409d5ab7509bf9c115f458d?s=96&d=mm&r=g","contentUrl":"https:\/\/secure.gravatar.com\/avatar\/0c4fe6688343aed3693b15573beae12c08ace5565409d5ab7509bf9c115f458d?s=96&d=mm&r=g","caption":"Edit\u00f6r"},"url":"https:\/\/www.kariyer.net\/kariyer-rehberi\/author\/editor\/"}]}},"_links":{"self":[{"href":"https:\/\/www.kariyer.net\/kariyer-rehberi\/wp-json\/wp\/v2\/posts\/21300","targetHints":{"allow":["GET"]}}],"collection":[{"href":"https:\/\/www.kariyer.net\/kariyer-rehberi\/wp-json\/wp\/v2\/posts"}],"about":[{"href":"https:\/\/www.kariyer.net\/kariyer-rehberi\/wp-json\/wp\/v2\/types\/post"}],"author":[{"embeddable":true,"href":"https:\/\/www.kariyer.net\/kariyer-rehberi\/wp-json\/wp\/v2\/users\/12"}],"replies":[{"embeddable":true,"href":"https:\/\/www.kariyer.net\/kariyer-rehberi\/wp-json\/wp\/v2\/comments?post=21300"}],"version-history":[{"count":1,"href":"https:\/\/www.kariyer.net\/kariyer-rehberi\/wp-json\/wp\/v2\/posts\/21300\/revisions"}],"predecessor-version":[{"id":21302,"href":"https:\/\/www.kariyer.net\/kariyer-rehberi\/wp-json\/wp\/v2\/posts\/21300\/revisions\/21302"}],"wp:featuredmedia":[{"embeddable":true,"href":"https:\/\/www.kariyer.net\/kariyer-rehberi\/wp-json\/wp\/v2\/media\/21301"}],"wp:attachment":[{"href":"https:\/\/www.kariyer.net\/kariyer-rehberi\/wp-json\/wp\/v2\/media?parent=21300"}],"wp:term":[{"taxonomy":"category","embeddable":true,"href":"https:\/\/www.kariyer.net\/kariyer-rehberi\/wp-json\/wp\/v2\/categories?post=21300"},{"taxonomy":"post_tag","embeddable":true,"href":"https:\/\/www.kariyer.net\/kariyer-rehberi\/wp-json\/wp\/v2\/tags?post=21300"}],"curies":[{"name":"wp","href":"https:\/\/api.w.org\/{rel}","templated":true}]}}