{"id":21371,"date":"2024-10-23T16:50:40","date_gmt":"2024-10-23T13:50:40","guid":{"rendered":"https:\/\/www.kariyer.net\/kariyer-rehberi\/?p=21371"},"modified":"2024-10-23T20:29:26","modified_gmt":"2024-10-23T17:29:26","slug":"28-ekim-resmi-tatil-mi-yarim-gun-mu","status":"publish","type":"post","link":"https:\/\/www.kariyer.net\/kariyer-rehberi\/28-ekim-resmi-tatil-mi-yarim-gun-mu\/","title":{"rendered":"28 Ekim resmi tatil mi, yar\u0131m g\u00fcn m\u00fc?"},"content":{"rendered":"<p class=\"category-detail-sub-title\" data-gtm-vis-first-on-screen2765436_106=\"18455\" data-gtm-vis-total-visible-time2765436_106=\"100\" data-gtm-vis-has-fired2765436_106=\"1\"><strong>Cumhuriyetimizin kurulu\u015funun 101. y\u0131l\u0131n\u0131 kutlayaca\u011f\u0131m\u0131z 29 Ekim&#8217;e az bir zaman kald\u0131. Bir\u00e7ok ki\u015fi de 29 Ekim tatil mi 28 Ekim yar\u0131m g\u00fcn m\u00fc? gibi sorular\u0131n cevab\u0131n\u0131 merak ediyor.\u00a0<\/strong><\/p>\n<p class=\"category-detail-sub-title\" data-gtm-vis-first-on-screen2765436_106=\"18455\" data-gtm-vis-total-visible-time2765436_106=\"100\" data-gtm-vis-has-fired2765436_106=\"1\">29 Ekim Cumhuriyet Bayram\u0131m\u0131z nedeniyle resmi tatil ilan edilen bu \u00f6zel g\u00fcn, bu y\u0131l sal\u0131 g\u00fcn\u00fcne denk geliyor. Resmi Gazete\u2019de de yer ald\u0131\u011f\u0131 gibi 29 Ekim Cumhuriyet Bayram\u0131, 28 Ekim g\u00fcn\u00fc \u00f6\u011fleden sonra ba\u015fl\u0131yor.<\/p>\n<p>28 Ekim 2024 Pazartesi g\u00fcn\u00fc, Cumhuriyet Bayram\u0131&#8217;n\u0131n arifesi oldu\u011fu i\u00e7in saat 13.00&#8217;ten itibaren yar\u0131m g\u00fcn resmi tatil olarak kabul edilecek. Bu nedenle okullar ve kamu kurumlar\u0131 \u00f6\u011fleden sonra tatil yapacak. 29 Ekim 2024 Sal\u0131 g\u00fcn\u00fc ise Cumhuriyet Bayram\u0131 dolay\u0131s\u0131yla tam g\u00fcn resmi tatil olacak. Toplamda 1,5 g\u00fcnl\u00fck bir tatil s\u00fcresi olacak.<\/p>\n<p>Okullarda, kamu kurumlar\u0131nda ve bankalarda tatil 28 Ekim Pazartesi \u00f6\u011fleden sonra ba\u015flasa da \u00f6zel sekt\u00f6rdeki baz\u0131 kurumlarda tatilin s\u00fcresi de\u011fi\u015fiklik g\u00f6sterebiliyor.<\/p>\n<!-- templates\/buttons-placeholder.php -->\n<div class=\"da-reactions-outer TpostID21371\">\n\t    <div class=\"da-reactions-data da-reactions-container-async center\"\n         data-type=\"post\"\n         data-id=\"21371\"\n         id=\"da-reactions-slot-post-21371\">\n        <div class=\"da-reactions-static\">\n\t\t\t<img src=\"https:\/\/www.kariyer.net\/kariyer-rehberi\/wp-content\/plugins\/da-reactions\/assets\/dist\/loading.svg\" alt=\"Loading spinner\" width=\"48\" height=\"48\" style=\"width:48px\" \/>\n        <\/div>\n    <\/div>\n<\/div>\n","protected":false},"excerpt":{"rendered":"<p>Cumhuriyetimizin kurulu\u015funun 101. y\u0131l\u0131n\u0131 kutlayaca\u011f\u0131m\u0131z 29 Ekim&#8217;e az bir zaman kald\u0131. Bir\u00e7ok ki\u015fi de 29 Ekim tatil mi 28 Ekim yar\u0131m g\u00fcn m\u00fc? gibi sorular\u0131n cevab\u0131n\u0131 merak ediyor.\u00a0 29 Ekim Cumhuriyet Bayram\u0131m\u0131z nedeniyle resmi tatil ilan edilen bu \u00f6zel g\u00fcn, bu y\u0131l sal\u0131 g\u00fcn\u00fcne denk geliyor. Resmi Gazete\u2019de de yer ald\u0131\u011f\u0131 gibi 29 Ekim Cumhuriyet [&hellip;]<\/p>\n<!-- templates\/buttons-placeholder.php -->\n<div class=\"da-reactions-outer TpostID21371\">\n\t    <div class=\"da-reactions-data da-reactions-container-async center\"\n         data-type=\"post\"\n         data-id=\"21371\"\n         id=\"da-reactions-slot-post-21371\">\n        <div class=\"da-reactions-static\">\n\t\t\t<img src=\"https:\/\/www.kariyer.net\/kariyer-rehberi\/wp-content\/plugins\/da-reactions\/assets\/dist\/loading.svg\" alt=\"Loading spinner\" width=\"48\" height=\"48\" style=\"width:48px\" \/>\n        <\/div>\n    <\/div>\n<\/div>\n","protected":false},"author":12,"featured_media":21372,"comment_status":"closed","ping_status":"open","sticky":false,"template":"","format":"standard","meta":{"footnotes":"","_elementor_edit_mode":"","_elementor_template_type":"","_elementor_data":"","_elementor_page_settings":null,"_elementor_conditions":[]},"categories":[2214],"tags":[],"class_list":{"0":"post-21371","1":"post","2":"type-post","3":"status-publish","4":"format-standard","5":"has-post-thumbnail","7":"category-yasam"},"yoast_head":"<!-- This site is optimized with the Yoast SEO Premium plugin v21.4 (Yoast SEO v27.0) - https:\/\/yoast.com\/product\/yoast-seo-premium-wordpress\/ -->\n<title>28 Ekim resmi tatil mi, yar\u0131m g\u00fcn m\u00fc?<\/title>\n<meta name=\"description\" content=\"29 Ekim&#039;e az bir zaman kald\u0131. Bir\u00e7ok ki\u015fi de 29 Ekim tatil mi 28 Ekim yar\u0131m g\u00fcn m\u00fc? gibi sorular\u0131n cevab\u0131n\u0131 merak ediyor.\" \/>\n<meta name=\"robots\" content=\"index, follow, max-snippet:-1, max-image-preview:large, max-video-preview:-1\" \/>\n<link rel=\"canonical\" href=\"https:\/\/www.kariyer.net\/kariyer-rehberi\/28-ekim-resmi-tatil-mi-yarim-gun-mu\/\" \/>\n<meta property=\"og:locale\" content=\"tr_TR\" \/>\n<meta property=\"og:type\" content=\"article\" \/>\n<meta property=\"og:title\" content=\"28 Ekim resmi tatil mi, yar\u0131m g\u00fcn m\u00fc?\" \/>\n<meta property=\"og:description\" content=\"Cumhuriyetimizin kurulu\u015funun 101. y\u0131l\u0131n\u0131 kutlayaca\u011f\u0131m\u0131z 29 Ekim&#039;e az bir zaman kald\u0131. Bir\u00e7ok ki\u015fi de 29 Ekim tatil mi 28 Ekim yar\u0131m g\u00fcn m\u00fc? gibi sorular\u0131n\" \/>\n<meta property=\"og:url\" content=\"https:\/\/www.kariyer.net\/kariyer-rehberi\/28-ekim-resmi-tatil-mi-yarim-gun-mu\/\" \/>\n<meta property=\"og:site_name\" content=\"Kariyer Rehberi\" \/>\n<meta property=\"article:published_time\" content=\"2024-10-23T13:50:40+00:00\" \/>\n<meta property=\"article:modified_time\" content=\"2024-10-23T17:29:26+00:00\" \/>\n<meta property=\"og:image\" content=\"https:\/\/www.kariyer.net\/kariyer-rehberi\/wp-content\/uploads\/2024\/10\/cumhuriyet_bayrami.jpg\" \/>\n\t<meta property=\"og:image:width\" content=\"900\" \/>\n\t<meta property=\"og:image:height\" content=\"539\" \/>\n\t<meta property=\"og:image:type\" content=\"image\/jpeg\" \/>\n<meta name=\"author\" content=\"Edit\u00f6r\" \/>\n<meta name=\"twitter:card\" content=\"summary_large_image\" \/>\n<meta name=\"twitter:label1\" content=\"Yazan:\" \/>\n\t<meta name=\"twitter:data1\" content=\"Edit\u00f6r\" \/>\n\t<meta name=\"twitter:label2\" content=\"Tahmini okuma s\u00fcresi\" \/>\n\t<meta name=\"twitter:data2\" content=\"2 dakika\" \/>\n<!-- \/ Yoast SEO Premium plugin. -->","yoast_head_json":{"title":"28 Ekim resmi tatil mi, yar\u0131m g\u00fcn m\u00fc?","description":"29 Ekim'e az bir zaman kald\u0131. Bir\u00e7ok ki\u015fi de 29 Ekim tatil mi 28 Ekim yar\u0131m g\u00fcn m\u00fc? gibi sorular\u0131n cevab\u0131n\u0131 merak ediyor.","robots":{"index":"index","follow":"follow","max-snippet":"max-snippet:-1","max-image-preview":"max-image-preview:large","max-video-preview":"max-video-preview:-1"},"canonical":"https:\/\/www.kariyer.net\/kariyer-rehberi\/28-ekim-resmi-tatil-mi-yarim-gun-mu\/","og_locale":"tr_TR","og_type":"article","og_title":"28 Ekim resmi tatil mi, yar\u0131m g\u00fcn m\u00fc?","og_description":"Cumhuriyetimizin kurulu\u015funun 101. y\u0131l\u0131n\u0131 kutlayaca\u011f\u0131m\u0131z 29 Ekim'e az bir zaman kald\u0131. Bir\u00e7ok ki\u015fi de 29 Ekim tatil mi 28 Ekim yar\u0131m g\u00fcn m\u00fc? gibi sorular\u0131n","og_url":"https:\/\/www.kariyer.net\/kariyer-rehberi\/28-ekim-resmi-tatil-mi-yarim-gun-mu\/","og_site_name":"Kariyer Rehberi","article_published_time":"2024-10-23T13:50:40+00:00","article_modified_time":"2024-10-23T17:29:26+00:00","og_image":[{"width":900,"height":539,"url":"https:\/\/www.kariyer.net\/kariyer-rehberi\/wp-content\/uploads\/2024\/10\/cumhuriyet_bayrami.jpg","type":"image\/jpeg"}],"author":"Edit\u00f6r","twitter_card":"summary_large_image","twitter_misc":{"Yazan:":"Edit\u00f6r","Tahmini okuma s\u00fcresi":"2 dakika"},"schema":{"@context":"https:\/\/schema.org","@graph":[{"@type":"Article","@id":"https:\/\/www.kariyer.net\/kariyer-rehberi\/28-ekim-resmi-tatil-mi-yarim-gun-mu\/#article","isPartOf":{"@id":"https:\/\/www.kariyer.net\/kariyer-rehberi\/28-ekim-resmi-tatil-mi-yarim-gun-mu\/"},"author":{"name":"Edit\u00f6r","@id":"https:\/\/www.kariyer.net\/kariyer-rehberi\/#\/schema\/person\/94fd6e49c7ff1b1b2565a2cc4fd685dd"},"headline":"28 Ekim resmi tatil mi, yar\u0131m g\u00fcn m\u00fc?","datePublished":"2024-10-23T13:50:40+00:00","dateModified":"2024-10-23T17:29:26+00:00","mainEntityOfPage":{"@id":"https:\/\/www.kariyer.net\/kariyer-rehberi\/28-ekim-resmi-tatil-mi-yarim-gun-mu\/"},"wordCount":173,"publisher":{"@id":"https:\/\/www.kariyer.net\/kariyer-rehberi\/#organization"},"image":{"@id":"https:\/\/www.kariyer.net\/kariyer-rehberi\/28-ekim-resmi-tatil-mi-yarim-gun-mu\/#primaryimage"},"thumbnailUrl":"https:\/\/www.kariyer.net\/kariyer-rehberi\/wp-content\/uploads\/2024\/10\/cumhuriyet_bayrami.jpg","articleSection":["Ya\u015fam"],"inLanguage":"tr"},{"@type":"WebPage","@id":"https:\/\/www.kariyer.net\/kariyer-rehberi\/28-ekim-resmi-tatil-mi-yarim-gun-mu\/","url":"https:\/\/www.kariyer.net\/kariyer-rehberi\/28-ekim-resmi-tatil-mi-yarim-gun-mu\/","name":"28 Ekim resmi tatil mi, yar\u0131m g\u00fcn m\u00fc?","isPartOf":{"@id":"https:\/\/www.kariyer.net\/kariyer-rehberi\/#website"},"primaryImageOfPage":{"@id":"https:\/\/www.kariyer.net\/kariyer-rehberi\/28-ekim-resmi-tatil-mi-yarim-gun-mu\/#primaryimage"},"image":{"@id":"https:\/\/www.kariyer.net\/kariyer-rehberi\/28-ekim-resmi-tatil-mi-yarim-gun-mu\/#primaryimage"},"thumbnailUrl":"https:\/\/www.kariyer.net\/kariyer-rehberi\/wp-content\/uploads\/2024\/10\/cumhuriyet_bayrami.jpg","datePublished":"2024-10-23T13:50:40+00:00","dateModified":"2024-10-23T17:29:26+00:00","description":"29 Ekim'e az bir zaman kald\u0131. Bir\u00e7ok ki\u015fi de 29 Ekim tatil mi 28 Ekim yar\u0131m g\u00fcn m\u00fc? gibi sorular\u0131n cevab\u0131n\u0131 merak ediyor.","breadcrumb":{"@id":"https:\/\/www.kariyer.net\/kariyer-rehberi\/28-ekim-resmi-tatil-mi-yarim-gun-mu\/#breadcrumb"},"inLanguage":"tr","potentialAction":[{"@type":"ReadAction","target":["https:\/\/www.kariyer.net\/kariyer-rehberi\/28-ekim-resmi-tatil-mi-yarim-gun-mu\/"]}]},{"@type":"ImageObject","inLanguage":"tr","@id":"https:\/\/www.kariyer.net\/kariyer-rehberi\/28-ekim-resmi-tatil-mi-yarim-gun-mu\/#primaryimage","url":"https:\/\/www.kariyer.net\/kariyer-rehberi\/wp-content\/uploads\/2024\/10\/cumhuriyet_bayrami.jpg","contentUrl":"https:\/\/www.kariyer.net\/kariyer-rehberi\/wp-content\/uploads\/2024\/10\/cumhuriyet_bayrami.jpg","width":900,"height":539},{"@type":"BreadcrumbList","@id":"https:\/\/www.kariyer.net\/kariyer-rehberi\/28-ekim-resmi-tatil-mi-yarim-gun-mu\/#breadcrumb","itemListElement":[{"@type":"ListItem","position":1,"name":"Anasayfa","item":"https:\/\/www.kariyer.net\/kariyer-rehberi\/"},{"@type":"ListItem","position":2,"name":"28 Ekim resmi tatil mi, yar\u0131m g\u00fcn m\u00fc?"}]},{"@type":"WebSite","@id":"https:\/\/www.kariyer.net\/kariyer-rehberi\/#website","url":"https:\/\/www.kariyer.net\/kariyer-rehberi\/","name":"Kariyer Rehberi","description":"\u0130\u015f D\u00fcnyas\u0131yla \u0130lgili Bilmek \u0130stedi\u011finiz Her \u015eey","publisher":{"@id":"https:\/\/www.kariyer.net\/kariyer-rehberi\/#organization"},"potentialAction":[{"@type":"SearchAction","target":{"@type":"EntryPoint","urlTemplate":"https:\/\/www.kariyer.net\/kariyer-rehberi\/?s={search_term_string}"},"query-input":{"@type":"PropertyValueSpecification","valueRequired":true,"valueName":"search_term_string"}}],"inLanguage":"tr"},{"@type":"Organization","@id":"https:\/\/www.kariyer.net\/kariyer-rehberi\/#organization","name":"Kariyer.net","url":"https:\/\/www.kariyer.net\/kariyer-rehberi\/","logo":{"@type":"ImageObject","inLanguage":"tr","@id":"https:\/\/www.kariyer.net\/kariyer-rehberi\/#\/schema\/logo\/image\/","url":"https:\/\/www.kariyer.net\/kariyer-rehberi-new\/wp-content\/uploads\/2023\/01\/og-image11.jpg","contentUrl":"https:\/\/www.kariyer.net\/kariyer-rehberi-new\/wp-content\/uploads\/2023\/01\/og-image11.jpg","width":800,"height":800,"caption":"Kariyer.net"},"image":{"@id":"https:\/\/www.kariyer.net\/kariyer-rehberi\/#\/schema\/logo\/image\/"}},{"@type":"Person","@id":"https:\/\/www.kariyer.net\/kariyer-rehberi\/#\/schema\/person\/94fd6e49c7ff1b1b2565a2cc4fd685dd","name":"Edit\u00f6r","image":{"@type":"ImageObject","inLanguage":"tr","@id":"https:\/\/www.kariyer.net\/kariyer-rehberi\/#\/schema\/person\/image\/","url":"https:\/\/secure.gravatar.com\/avatar\/0c4fe6688343aed3693b15573beae12c08ace5565409d5ab7509bf9c115f458d?s=96&d=mm&r=g","contentUrl":"https:\/\/secure.gravatar.com\/avatar\/0c4fe6688343aed3693b15573beae12c08ace5565409d5ab7509bf9c115f458d?s=96&d=mm&r=g","caption":"Edit\u00f6r"},"url":"https:\/\/www.kariyer.net\/kariyer-rehberi\/author\/editor\/"}]}},"_links":{"self":[{"href":"https:\/\/www.kariyer.net\/kariyer-rehberi\/wp-json\/wp\/v2\/posts\/21371","targetHints":{"allow":["GET"]}}],"collection":[{"href":"https:\/\/www.kariyer.net\/kariyer-rehberi\/wp-json\/wp\/v2\/posts"}],"about":[{"href":"https:\/\/www.kariyer.net\/kariyer-rehberi\/wp-json\/wp\/v2\/types\/post"}],"author":[{"embeddable":true,"href":"https:\/\/www.kariyer.net\/kariyer-rehberi\/wp-json\/wp\/v2\/users\/12"}],"replies":[{"embeddable":true,"href":"https:\/\/www.kariyer.net\/kariyer-rehberi\/wp-json\/wp\/v2\/comments?post=21371"}],"version-history":[{"count":3,"href":"https:\/\/www.kariyer.net\/kariyer-rehberi\/wp-json\/wp\/v2\/posts\/21371\/revisions"}],"predecessor-version":[{"id":21375,"href":"https:\/\/www.kariyer.net\/kariyer-rehberi\/wp-json\/wp\/v2\/posts\/21371\/revisions\/21375"}],"wp:featuredmedia":[{"embeddable":true,"href":"https:\/\/www.kariyer.net\/kariyer-rehberi\/wp-json\/wp\/v2\/media\/21372"}],"wp:attachment":[{"href":"https:\/\/www.kariyer.net\/kariyer-rehberi\/wp-json\/wp\/v2\/media?parent=21371"}],"wp:term":[{"taxonomy":"category","embeddable":true,"href":"https:\/\/www.kariyer.net\/kariyer-rehberi\/wp-json\/wp\/v2\/categories?post=21371"},{"taxonomy":"post_tag","embeddable":true,"href":"https:\/\/www.kariyer.net\/kariyer-rehberi\/wp-json\/wp\/v2\/tags?post=21371"}],"curies":[{"name":"wp","href":"https:\/\/api.w.org\/{rel}","templated":true}]}}