{"id":21466,"date":"2024-11-25T09:00:19","date_gmt":"2024-11-25T06:00:19","guid":{"rendered":"https:\/\/www.kariyer.net\/kariyer-rehberi\/?p=21466"},"modified":"2024-11-19T17:34:26","modified_gmt":"2024-11-19T14:34:26","slug":"anlamli-bir-yil-sonu-degerlendirmesi-icin-6-dusundurucu-soru","status":"publish","type":"post","link":"https:\/\/www.kariyer.net\/kariyer-rehberi\/anlamli-bir-yil-sonu-degerlendirmesi-icin-6-dusundurucu-soru\/","title":{"rendered":"Anlaml\u0131 bir y\u0131l sonu de\u011ferlendirmesi i\u00e7in 6 d\u00fc\u015f\u00fcnd\u00fcr\u00fcc\u00fc soru"},"content":{"rendered":"<p><strong>Y\u0131l sonu, kariyer yolculu\u011funda durup nefes almak, ge\u00e7mi\u015fi de\u011ferlendirmek ve gelece\u011fe dair net hedefler koymak i\u00e7in harika bir f\u0131rsat. Bu s\u00fcre\u00e7te, kendine do\u011fru sorular\u0131 sorarak hem ki\u015fisel hem de profesyonel geli\u015fimini bir \u00fcst seviyeye ta\u015f\u0131yabilirsin. \u0130\u015fte sana rehber olacak 6 \u00f6nemli soru!<\/strong><\/p>\n<h2>Bu y\u0131l hangi ba\u015far\u0131lar\u0131 elde ettin?<\/h2>\n<p>Kariyerinde hangi noktalar\u0131 d\u00f6n\u00fcm noktas\u0131 olarak g\u00f6r\u00fcyorsun? Belki bir projeyi ba\u015far\u0131yla tamamlad\u0131n, bir <a href=\"https:\/\/www.kariyer.net\/kariyer-rehberi\/terfi-istemenin-6-onemli-adimi\/\" target=\"_blank\" rel=\"noopener\"><strong>terfi<\/strong> <\/a>ald\u0131n ya da yeni bir beceri geli\u015ftirdin. B\u00fcy\u00fck ya da k\u00fc\u00e7\u00fck fark etmez, bu ba\u015far\u0131lar\u0131 fark etmek \u00f6zg\u00fcvenini art\u0131r\u0131r ve yeni hedefler i\u00e7in seni motive eder. Ba\u015far\u0131lar\u0131n\u0131 kutlamay\u0131 unutma!<\/p>\n<h2>Zorluklarla nas\u0131l ba\u015f ettin ve neler \u00f6\u011frendin?<\/h2>\n<p>Bu y\u0131l seni zorlayan bir durumla kar\u015f\u0131la\u015ft\u0131n m\u0131? E\u011fer kar\u015f\u0131la\u015ft\u0131ysan, bu durumdan hangi dersleri \u00e7\u0131kard\u0131n? Zorluklarla ba\u015fa \u00e7\u0131kma \u015feklin, gelecekteki krizlere kar\u015f\u0131 daha g\u00fc\u00e7l\u00fc durabilmeni sa\u011flar. Bu soruya yan\u0131t verirken d\u00fcr\u00fcst ol ve hangi alanlarda geli\u015fmen gerekti\u011fini de belirlemeye \u00e7al\u0131\u015f.<\/p>\n<h2>Hangi becerilerini geli\u015ftirdin?<\/h2>\n<p>Bu y\u0131l, kendine hangi alanlarda yat\u0131r\u0131m yapt\u0131n? Belki bir e\u011fitim program\u0131na kat\u0131ld\u0131n, yeni bir yaz\u0131l\u0131m \u00f6\u011frendin ya da liderlik becerilerini geli\u015ftirdin. \u00d6\u011frenmeye a\u00e7\u0131k olmak, kariyerin i\u00e7in b\u00fcy\u00fck bir art\u0131. Bu soruya verdi\u011fin cevap, sana hem g\u00fc\u00e7l\u00fc yanlar\u0131n\u0131 hem de hala geli\u015fime a\u00e7\u0131k alanlar\u0131n\u0131 g\u00f6sterecek.<\/p>\n<h2>\u0130\u015finden ne kadar memnunsun?<\/h2>\n<p>Kariyerinde bulundu\u011fun noktay\u0131 de\u011ferlendirme zaman\u0131! Yapt\u0131\u011f\u0131n i\u015fi seviyor musun? Seni motive ediyor mu, yoksa t\u00fckenmi\u015f hissetmene mi neden oluyor? Bu sorular\u0131 kendine sorarak, belki bir <strong><a href=\"https:\/\/www.kariyer.net\/kariyer-rehberi\/is-degisikligi-yapman-gerektigini-nasil-anlarsin\/\" target=\"_blank\" rel=\"noopener\">i\u015f de\u011fi\u015fikli\u011fine<\/a><\/strong> ihtiyac\u0131n olup olmad\u0131\u011f\u0131n\u0131 anlayabilirsin. Unutma, i\u015f tatmini uzun vadede ba\u015far\u0131 i\u00e7in en \u00f6nemli unsurlardan biridir.<\/p>\n<h2>Hedeflerinle ne kadar uyumluydun?<\/h2>\n<p>Y\u0131l\u0131n ba\u015f\u0131nda kendine koydu\u011fun hedeflere ula\u015fabildin mi? E\u011fer ula\u015famad\u0131ysan, bunun sebepleri nelerdi? Belki hedeflerin fazlas\u0131yla iddial\u0131yd\u0131 ya da ba\u015fka \u00f6nceliklere y\u00f6nelmek zorunda kald\u0131n. Bu de\u011ferlendirme, gelecek y\u0131l i\u00e7in daha ger\u00e7ek\u00e7i ve ula\u015f\u0131labilir hedefler belirlemeni sa\u011flar.<\/p>\n<h2>Gelecek y\u0131la dair kendine ne s\u00f6z\u00fc veriyorsun?<\/h2>\n<p>Yeni y\u0131l, yeni ba\u015flang\u0131\u00e7lar demek. \u00d6n\u00fcm\u00fczdeki y\u0131l hangi becerilerini geli\u015ftirmek istiyorsun? Hangi alanlarda daha iyi olmay\u0131 hedefliyorsun? Kendine k\u00fc\u00e7\u00fck ama anlaml\u0131 s\u00f6zler vererek y\u0131l boyunca motivasyonunu y\u00fcksek tutabilirsin.<\/p>\n<h2>De\u011ferlendir, \u00f6\u011fren ve hedeflerini belirle!<\/h2>\n<p>Bu 6 soru, y\u0131l sonu de\u011ferlendirme s\u00fcrecini daha anlaml\u0131 ve etkili hale getirmen i\u00e7in sana rehberlik edecek. Bu sorulara verdi\u011fin yan\u0131tlar sayesinde, geride b\u0131rakt\u0131\u011f\u0131n y\u0131l\u0131n derslerini toplayabilir ve yeni y\u0131la daha sa\u011flam ad\u0131mlarla ba\u015flayabilirsin. \u015eimdi kendine bir kahve yap ve bu sorular \u00fczerinde d\u00fc\u015f\u00fcnmek i\u00e7in kendine biraz zaman ay\u0131r. Gelecek y\u0131l, senin en g\u00fc\u00e7l\u00fc y\u0131l\u0131na d\u00f6n\u00fc\u015febilir!<\/p>\n<p>Kaynak: <a href=\"https:\/\/www.forbes.com\/sites\/shodewan\/2024\/11\/18\/6-reflective-questions-for-a-meaningful-year-end-review\/\" target=\"_blank\" rel=\"noopener\">Forbes<\/a><\/p>\n<!-- templates\/buttons-placeholder.php -->\n<div class=\"da-reactions-outer TpostID21466\">\n\t    <div class=\"da-reactions-data da-reactions-container-async center\"\n         data-type=\"post\"\n         data-id=\"21466\"\n         id=\"da-reactions-slot-post-21466\">\n        <div class=\"da-reactions-static\">\n\t\t\t<img src=\"https:\/\/www.kariyer.net\/kariyer-rehberi\/wp-content\/plugins\/da-reactions\/assets\/dist\/loading.svg\" alt=\"Loading spinner\" width=\"48\" height=\"48\" style=\"width:48px\" \/>\n        <\/div>\n    <\/div>\n<\/div>\n","protected":false},"excerpt":{"rendered":"<p>Y\u0131l sonu, kariyer yolculu\u011funda durup nefes almak, ge\u00e7mi\u015fi de\u011ferlendirmek ve gelece\u011fe dair net hedefler koymak i\u00e7in harika bir f\u0131rsat. Bu s\u00fcre\u00e7te, kendine do\u011fru sorular\u0131 sorarak hem ki\u015fisel hem de profesyonel geli\u015fimini bir \u00fcst seviyeye ta\u015f\u0131yabilirsin. \u0130\u015fte sana rehber olacak 6 \u00f6nemli soru! Bu y\u0131l hangi ba\u015far\u0131lar\u0131 elde ettin? Kariyerinde hangi noktalar\u0131 d\u00f6n\u00fcm noktas\u0131 olarak g\u00f6r\u00fcyorsun? [&hellip;]<\/p>\n<!-- templates\/buttons-placeholder.php -->\n<div class=\"da-reactions-outer TpostID21466\">\n\t    <div class=\"da-reactions-data da-reactions-container-async center\"\n         data-type=\"post\"\n         data-id=\"21466\"\n         id=\"da-reactions-slot-post-21466\">\n        <div class=\"da-reactions-static\">\n\t\t\t<img src=\"https:\/\/www.kariyer.net\/kariyer-rehberi\/wp-content\/plugins\/da-reactions\/assets\/dist\/loading.svg\" alt=\"Loading spinner\" width=\"48\" height=\"48\" style=\"width:48px\" \/>\n        <\/div>\n    <\/div>\n<\/div>\n","protected":false},"author":29,"featured_media":21467,"comment_status":"closed","ping_status":"open","sticky":false,"template":"","format":"standard","meta":{"footnotes":"","_elementor_edit_mode":"","_elementor_template_type":"","_elementor_data":"","_elementor_page_settings":null,"_elementor_conditions":[]},"categories":[2211,2214],"tags":[],"class_list":{"0":"post-21466","1":"post","2":"type-post","3":"status-publish","4":"format-standard","5":"has-post-thumbnail","7":"category-kariyer-gelisimi","8":"category-yasam"},"yoast_head":"<!-- This site is optimized with the Yoast SEO Premium plugin v21.4 (Yoast SEO v27.0) - https:\/\/yoast.com\/product\/yoast-seo-premium-wordpress\/ -->\n<title>Anlaml\u0131 bir y\u0131l sonu de\u011ferlendirmesi i\u00e7in 6 d\u00fc\u015f\u00fcnd\u00fcr\u00fcc\u00fc soru<\/title>\n<meta name=\"description\" content=\"Y\u0131l sonu, kariyer yolculu\u011funda durup nefes almak, ge\u00e7mi\u015fi de\u011ferlendirmek ve gelece\u011fe dair net hedefler koymak i\u00e7in harika bir f\u0131rsat.\" \/>\n<meta name=\"robots\" content=\"index, follow, max-snippet:-1, max-image-preview:large, max-video-preview:-1\" \/>\n<link rel=\"canonical\" href=\"https:\/\/www.kariyer.net\/kariyer-rehberi\/anlamli-bir-yil-sonu-degerlendirmesi-icin-6-dusundurucu-soru\/\" \/>\n<meta property=\"og:locale\" content=\"tr_TR\" \/>\n<meta property=\"og:type\" content=\"article\" \/>\n<meta property=\"og:title\" content=\"Anlaml\u0131 bir y\u0131l sonu de\u011ferlendirmesi i\u00e7in 6 d\u00fc\u015f\u00fcnd\u00fcr\u00fcc\u00fc soru\" \/>\n<meta property=\"og:description\" content=\"Y\u0131l sonu, kariyer yolculu\u011funda durup nefes almak, ge\u00e7mi\u015fi de\u011ferlendirmek ve gelece\u011fe dair net hedefler koymak i\u00e7in harika bir f\u0131rsat. Bu s\u00fcre\u00e7te, kendine\" \/>\n<meta property=\"og:url\" content=\"https:\/\/www.kariyer.net\/kariyer-rehberi\/anlamli-bir-yil-sonu-degerlendirmesi-icin-6-dusundurucu-soru\/\" \/>\n<meta property=\"og:site_name\" content=\"Kariyer Rehberi\" \/>\n<meta property=\"article:published_time\" content=\"2024-11-25T06:00:19+00:00\" \/>\n<meta property=\"og:image\" content=\"https:\/\/www.kariyer.net\/kariyer-rehberi\/wp-content\/uploads\/2024\/11\/yil_sonu_degerlendirme.jpg\" \/>\n\t<meta property=\"og:image:width\" content=\"900\" \/>\n\t<meta property=\"og:image:height\" content=\"600\" \/>\n\t<meta property=\"og:image:type\" content=\"image\/jpeg\" \/>\n<meta name=\"author\" content=\"\u00d6zden Y\u0131lmaz\" \/>\n<meta name=\"twitter:card\" content=\"summary_large_image\" \/>\n<meta name=\"twitter:label1\" content=\"Yazan:\" \/>\n\t<meta name=\"twitter:data1\" content=\"\u00d6zden Y\u0131lmaz\" \/>\n\t<meta name=\"twitter:label2\" content=\"Tahmini okuma s\u00fcresi\" \/>\n\t<meta name=\"twitter:data2\" content=\"3 dakika\" \/>\n<!-- \/ Yoast SEO Premium plugin. -->","yoast_head_json":{"title":"Anlaml\u0131 bir y\u0131l sonu de\u011ferlendirmesi i\u00e7in 6 d\u00fc\u015f\u00fcnd\u00fcr\u00fcc\u00fc soru","description":"Y\u0131l sonu, kariyer yolculu\u011funda durup nefes almak, ge\u00e7mi\u015fi de\u011ferlendirmek ve gelece\u011fe dair net hedefler koymak i\u00e7in harika bir f\u0131rsat.","robots":{"index":"index","follow":"follow","max-snippet":"max-snippet:-1","max-image-preview":"max-image-preview:large","max-video-preview":"max-video-preview:-1"},"canonical":"https:\/\/www.kariyer.net\/kariyer-rehberi\/anlamli-bir-yil-sonu-degerlendirmesi-icin-6-dusundurucu-soru\/","og_locale":"tr_TR","og_type":"article","og_title":"Anlaml\u0131 bir y\u0131l sonu de\u011ferlendirmesi i\u00e7in 6 d\u00fc\u015f\u00fcnd\u00fcr\u00fcc\u00fc soru","og_description":"Y\u0131l sonu, kariyer yolculu\u011funda durup nefes almak, ge\u00e7mi\u015fi de\u011ferlendirmek ve gelece\u011fe dair net hedefler koymak i\u00e7in harika bir f\u0131rsat. Bu s\u00fcre\u00e7te, kendine","og_url":"https:\/\/www.kariyer.net\/kariyer-rehberi\/anlamli-bir-yil-sonu-degerlendirmesi-icin-6-dusundurucu-soru\/","og_site_name":"Kariyer Rehberi","article_published_time":"2024-11-25T06:00:19+00:00","og_image":[{"width":900,"height":600,"url":"https:\/\/www.kariyer.net\/kariyer-rehberi\/wp-content\/uploads\/2024\/11\/yil_sonu_degerlendirme.jpg","type":"image\/jpeg"}],"author":"\u00d6zden Y\u0131lmaz","twitter_card":"summary_large_image","twitter_misc":{"Yazan:":"\u00d6zden Y\u0131lmaz","Tahmini okuma s\u00fcresi":"3 dakika"},"schema":{"@context":"https:\/\/schema.org","@graph":[{"@type":"Article","@id":"https:\/\/www.kariyer.net\/kariyer-rehberi\/anlamli-bir-yil-sonu-degerlendirmesi-icin-6-dusundurucu-soru\/#article","isPartOf":{"@id":"https:\/\/www.kariyer.net\/kariyer-rehberi\/anlamli-bir-yil-sonu-degerlendirmesi-icin-6-dusundurucu-soru\/"},"author":{"name":"\u00d6zden Y\u0131lmaz","@id":"https:\/\/www.kariyer.net\/kariyer-rehberi\/#\/schema\/person\/71c4f71ffd069a4c47a69e85a0e09215"},"headline":"Anlaml\u0131 bir y\u0131l sonu de\u011ferlendirmesi i\u00e7in 6 d\u00fc\u015f\u00fcnd\u00fcr\u00fcc\u00fc soru","datePublished":"2024-11-25T06:00:19+00:00","mainEntityOfPage":{"@id":"https:\/\/www.kariyer.net\/kariyer-rehberi\/anlamli-bir-yil-sonu-degerlendirmesi-icin-6-dusundurucu-soru\/"},"wordCount":528,"publisher":{"@id":"https:\/\/www.kariyer.net\/kariyer-rehberi\/#organization"},"image":{"@id":"https:\/\/www.kariyer.net\/kariyer-rehberi\/anlamli-bir-yil-sonu-degerlendirmesi-icin-6-dusundurucu-soru\/#primaryimage"},"thumbnailUrl":"https:\/\/www.kariyer.net\/kariyer-rehberi\/wp-content\/uploads\/2024\/11\/yil_sonu_degerlendirme.jpg","articleSection":["Kariyer Geli\u015fimi","Ya\u015fam"],"inLanguage":"tr"},{"@type":"WebPage","@id":"https:\/\/www.kariyer.net\/kariyer-rehberi\/anlamli-bir-yil-sonu-degerlendirmesi-icin-6-dusundurucu-soru\/","url":"https:\/\/www.kariyer.net\/kariyer-rehberi\/anlamli-bir-yil-sonu-degerlendirmesi-icin-6-dusundurucu-soru\/","name":"Anlaml\u0131 bir y\u0131l sonu de\u011ferlendirmesi i\u00e7in 6 d\u00fc\u015f\u00fcnd\u00fcr\u00fcc\u00fc soru","isPartOf":{"@id":"https:\/\/www.kariyer.net\/kariyer-rehberi\/#website"},"primaryImageOfPage":{"@id":"https:\/\/www.kariyer.net\/kariyer-rehberi\/anlamli-bir-yil-sonu-degerlendirmesi-icin-6-dusundurucu-soru\/#primaryimage"},"image":{"@id":"https:\/\/www.kariyer.net\/kariyer-rehberi\/anlamli-bir-yil-sonu-degerlendirmesi-icin-6-dusundurucu-soru\/#primaryimage"},"thumbnailUrl":"https:\/\/www.kariyer.net\/kariyer-rehberi\/wp-content\/uploads\/2024\/11\/yil_sonu_degerlendirme.jpg","datePublished":"2024-11-25T06:00:19+00:00","description":"Y\u0131l sonu, kariyer yolculu\u011funda durup nefes almak, ge\u00e7mi\u015fi de\u011ferlendirmek ve gelece\u011fe dair net hedefler koymak i\u00e7in harika bir f\u0131rsat.","breadcrumb":{"@id":"https:\/\/www.kariyer.net\/kariyer-rehberi\/anlamli-bir-yil-sonu-degerlendirmesi-icin-6-dusundurucu-soru\/#breadcrumb"},"inLanguage":"tr","potentialAction":[{"@type":"ReadAction","target":["https:\/\/www.kariyer.net\/kariyer-rehberi\/anlamli-bir-yil-sonu-degerlendirmesi-icin-6-dusundurucu-soru\/"]}]},{"@type":"ImageObject","inLanguage":"tr","@id":"https:\/\/www.kariyer.net\/kariyer-rehberi\/anlamli-bir-yil-sonu-degerlendirmesi-icin-6-dusundurucu-soru\/#primaryimage","url":"https:\/\/www.kariyer.net\/kariyer-rehberi\/wp-content\/uploads\/2024\/11\/yil_sonu_degerlendirme.jpg","contentUrl":"https:\/\/www.kariyer.net\/kariyer-rehberi\/wp-content\/uploads\/2024\/11\/yil_sonu_degerlendirme.jpg","width":900,"height":600},{"@type":"BreadcrumbList","@id":"https:\/\/www.kariyer.net\/kariyer-rehberi\/anlamli-bir-yil-sonu-degerlendirmesi-icin-6-dusundurucu-soru\/#breadcrumb","itemListElement":[{"@type":"ListItem","position":1,"name":"Anasayfa","item":"https:\/\/www.kariyer.net\/kariyer-rehberi\/"},{"@type":"ListItem","position":2,"name":"Anlaml\u0131 bir y\u0131l sonu de\u011ferlendirmesi i\u00e7in 6 d\u00fc\u015f\u00fcnd\u00fcr\u00fcc\u00fc soru"}]},{"@type":"WebSite","@id":"https:\/\/www.kariyer.net\/kariyer-rehberi\/#website","url":"https:\/\/www.kariyer.net\/kariyer-rehberi\/","name":"Kariyer Rehberi","description":"\u0130\u015f D\u00fcnyas\u0131yla \u0130lgili Bilmek \u0130stedi\u011finiz Her \u015eey","publisher":{"@id":"https:\/\/www.kariyer.net\/kariyer-rehberi\/#organization"},"potentialAction":[{"@type":"SearchAction","target":{"@type":"EntryPoint","urlTemplate":"https:\/\/www.kariyer.net\/kariyer-rehberi\/?s={search_term_string}"},"query-input":{"@type":"PropertyValueSpecification","valueRequired":true,"valueName":"search_term_string"}}],"inLanguage":"tr"},{"@type":"Organization","@id":"https:\/\/www.kariyer.net\/kariyer-rehberi\/#organization","name":"Kariyer.net","url":"https:\/\/www.kariyer.net\/kariyer-rehberi\/","logo":{"@type":"ImageObject","inLanguage":"tr","@id":"https:\/\/www.kariyer.net\/kariyer-rehberi\/#\/schema\/logo\/image\/","url":"https:\/\/www.kariyer.net\/kariyer-rehberi-new\/wp-content\/uploads\/2023\/01\/og-image11.jpg","contentUrl":"https:\/\/www.kariyer.net\/kariyer-rehberi-new\/wp-content\/uploads\/2023\/01\/og-image11.jpg","width":800,"height":800,"caption":"Kariyer.net"},"image":{"@id":"https:\/\/www.kariyer.net\/kariyer-rehberi\/#\/schema\/logo\/image\/"}},{"@type":"Person","@id":"https:\/\/www.kariyer.net\/kariyer-rehberi\/#\/schema\/person\/71c4f71ffd069a4c47a69e85a0e09215","name":"\u00d6zden Y\u0131lmaz","image":{"@type":"ImageObject","inLanguage":"tr","@id":"https:\/\/www.kariyer.net\/kariyer-rehberi\/#\/schema\/person\/image\/","url":"https:\/\/secure.gravatar.com\/avatar\/776750a3e7166486a1e43527c51a8f7088279a624700d0e81666f27a714cbbc2?s=96&d=mm&r=g","contentUrl":"https:\/\/secure.gravatar.com\/avatar\/776750a3e7166486a1e43527c51a8f7088279a624700d0e81666f27a714cbbc2?s=96&d=mm&r=g","caption":"\u00d6zden Y\u0131lmaz"},"description":"Kocaeli \u00dcniversitesi \u0130leti\u015fim Fak\u00fcltesi mezunu olan \u00d6zden, Bilgi \u00dcniversitesi\u2019nde \u0130nteraktif Pazarlama alan\u0131nda y\u00fcksek lisans yapm\u0131\u015ft\u0131r. Lisans \u00f6\u011freniminin ilk y\u0131llar\u0131nda TRT Haber\u2019de asistan muhabirlik yaparak meslek hayat\u0131na ba\u015flam\u0131\u015ft\u0131r. Mezun olduktan sonra farkl\u0131 d\u00f6nemlerde TV8 Haber ve Cem TV\u2019de; yap\u0131mc\u0131, y\u00f6netmen ve edit\u00f6r olarak g\u00f6rev alm\u0131\u015ft\u0131r. Dijital d\u00fcnyadaki geli\u015fmelerle birlikte editoryal deneyimini online platformlara ta\u015f\u0131m\u0131\u015f, Markafoni\u2019de ve Mudo\u2019da i\u00e7erik edit\u00f6rl\u00fc\u011f\u00fc yapm\u0131\u015ft\u0131r. Kurumsal markalar i\u00e7in freelance SEO edit\u00f6rl\u00fc\u011f\u00fc de yapan \u00d6zden, 2018 y\u0131l\u0131 itibar\u0131yla kariyerine, Kariyer.net i\u00e7erik edit\u00f6r\u00fc olarak devam etmekte ve online\/offline i\u00e7erik \u00fcretmektedir.","url":"https:\/\/www.kariyer.net\/kariyer-rehberi\/author\/ozdenyilmaz\/"}]}},"_links":{"self":[{"href":"https:\/\/www.kariyer.net\/kariyer-rehberi\/wp-json\/wp\/v2\/posts\/21466","targetHints":{"allow":["GET"]}}],"collection":[{"href":"https:\/\/www.kariyer.net\/kariyer-rehberi\/wp-json\/wp\/v2\/posts"}],"about":[{"href":"https:\/\/www.kariyer.net\/kariyer-rehberi\/wp-json\/wp\/v2\/types\/post"}],"author":[{"embeddable":true,"href":"https:\/\/www.kariyer.net\/kariyer-rehberi\/wp-json\/wp\/v2\/users\/29"}],"replies":[{"embeddable":true,"href":"https:\/\/www.kariyer.net\/kariyer-rehberi\/wp-json\/wp\/v2\/comments?post=21466"}],"version-history":[{"count":1,"href":"https:\/\/www.kariyer.net\/kariyer-rehberi\/wp-json\/wp\/v2\/posts\/21466\/revisions"}],"predecessor-version":[{"id":21468,"href":"https:\/\/www.kariyer.net\/kariyer-rehberi\/wp-json\/wp\/v2\/posts\/21466\/revisions\/21468"}],"wp:featuredmedia":[{"embeddable":true,"href":"https:\/\/www.kariyer.net\/kariyer-rehberi\/wp-json\/wp\/v2\/media\/21467"}],"wp:attachment":[{"href":"https:\/\/www.kariyer.net\/kariyer-rehberi\/wp-json\/wp\/v2\/media?parent=21466"}],"wp:term":[{"taxonomy":"category","embeddable":true,"href":"https:\/\/www.kariyer.net\/kariyer-rehberi\/wp-json\/wp\/v2\/categories?post=21466"},{"taxonomy":"post_tag","embeddable":true,"href":"https:\/\/www.kariyer.net\/kariyer-rehberi\/wp-json\/wp\/v2\/tags?post=21466"}],"curies":[{"name":"wp","href":"https:\/\/api.w.org\/{rel}","templated":true}]}}