{"id":21490,"date":"2024-11-26T15:28:18","date_gmt":"2024-11-26T12:28:18","guid":{"rendered":"https:\/\/www.kariyer.net\/kariyer-rehberi\/?p=21490"},"modified":"2024-11-28T11:42:33","modified_gmt":"2024-11-28T08:42:33","slug":"enerjini-gelecege-tasi-surdurulebilir-enerji-maratonu-basliyor","status":"publish","type":"post","link":"https:\/\/www.kariyer.net\/kariyer-rehberi\/enerjini-gelecege-tasi-surdurulebilir-enerji-maratonu-basliyor\/","title":{"rendered":"Enerjini gelece\u011fe ta\u015f\u0131: S\u00fcrd\u00fcr\u00fclebilir enerji maratonu ba\u015fl\u0131yor!"},"content":{"rendered":"<p><strong>E\u011fer yenilenebilir enerjiye ilgi duyuyor ve gelece\u011fin enerji \u00e7\u00f6z\u00fcmlerine katk\u0131da bulunmak istiyorsan, tam sana g\u00f6re bir f\u0131rsat var! G\u00fcney Marmara Kalk\u0131nma Ajans\u0131 ve Band\u0131rma Onyedi Eyl\u00fcl \u00dcniversitesi taraf\u0131ndan organize edilen S\u00fcrd\u00fcr\u00fclebilir Enerji Fikir Maratonu, enerjisini gelece\u011fe d\u00f6n\u00fc\u015ft\u00fcrmek isteyen gen\u00e7leri bekliyor.\u00a0<\/strong><\/p>\n<p>Enerjisa \u00dcretim&#8217;in \u00f6d\u00fcl sponsorlu\u011funda ger\u00e7ekle\u015fecek etkinli\u011fe; enerji verimlili\u011fi ve yenilenebilir enerji alanlar\u0131nda yarat\u0131c\u0131 fikirleriyle fark yaratmak isteyen gen\u00e7leri bekliyoruz.<\/p>\n<h2><strong>Neden kat\u0131lmal\u0131s\u0131n?<\/strong><\/h2>\n<p><strong>13-15 Aral\u0131k 2024 tarihlerinde Band\u0131rma&#8217;da<\/strong> d\u00fczenlenecek S\u00fcrd\u00fcr\u00fclebilir Enerji Fikir Maratonu, gen\u00e7lerin yenilenebilir enerjiye y\u00f6nelik projeler geli\u015ftirmesi i\u00e7in m\u00fckemmel bir platform sunuyor. Bu maraton, yaln\u0131zca fikirlerini geli\u015ftirme f\u0131rsat\u0131 sunmakla kalmay\u0131p, ayn\u0131 zamanda alan\u0131nda uzman e\u011fitmenler ve mentorlar e\u015fli\u011finde projelerini nas\u0131l hayata ge\u00e7irece\u011fini \u00f6\u011frenme \u015fans\u0131 da tan\u0131yacak. G\u00fcney Marmara B\u00f6lgesi&#8217;nde\u00a0ger\u00e7ekle\u015ftirilecek bu etkinlik, sana sadece projeni de\u011fil, kendini de geli\u015ftirme f\u0131rsat\u0131 sunacak!<\/p>\n<h2><strong>Etkinlikte neler var?<\/strong><\/h2>\n<p>Ba\u015fvurunu tamamlad\u0131\u011f\u0131nda, sen ve tak\u0131m arkada\u015flar\u0131n fikir geli\u015ftirme s\u00fcrecine kat\u0131lacaks\u0131n\u0131z. \u00d6n eleme s\u00fcrecini ba\u015far\u0131yla ge\u00e7tikten sonra,\u00a0Band\u0131rma Onyedi Eyl\u00fcl \u00dcniversitesi&#8217;nde d\u00fczenlenen\u00a0bootcamp&#8217;e kat\u0131lma \u015fans\u0131 elde edeceksiniz. Bu e\u011fitim s\u00fcrecinde, enerji verimlili\u011fi ve yenilenebilir enerji konular\u0131nda derinlemesine bilgiler edinecek ve projelerinizi geli\u015ftirmek i\u00e7in gerekli yetkinlikleri kazanacaks\u0131n\u0131z.<\/p>\n<p>Bootcamp\u2019in ard\u0131ndan, mentorlar\u0131n rehberli\u011finde projenizi detayland\u0131r\u0131p j\u00fcriye sunmak \u00fczere haz\u0131rl\u0131\u011f\u0131n\u0131z\u0131 yapacaks\u0131n\u0131z. Finalde, projenizi j\u00fcriye sunarak \u00f6d\u00fcl kazanma \u015fans\u0131\u00a0elde edebilirsiniz.<\/p>\n<h2><strong>\u00d6d\u00fcller ve sertifikalar<\/strong><\/h2>\n<p>Bu heyecan dolu maratonda ilk \u00fc\u00e7 tak\u0131ma\u00a0toplamda\u00a0<strong>50.000 TL<\/strong>\u00a0de\u011ferinde Teknosa hediye \u00e7eki verilecek:<\/p>\n<ul>\n<li><strong>1. Tak\u0131m<\/strong>: 25.000 TL<\/li>\n<li><strong>2. Tak\u0131m<\/strong>: 15.000 TL<\/li>\n<li><strong>3. Tak\u0131m<\/strong>: 10.000 TL<\/li>\n<\/ul>\n<p>Ayr\u0131ca, etkinli\u011fe kat\u0131lan t\u00fcm kat\u0131l\u0131mc\u0131lar etkinlik sonunda\u00a0sertifika alacak.<\/p>\n<p>\u015eimdi ba\u015fvurunu yaparak, enerjinle fark yaratmaya ne dersin?<\/p>\n<p><a href=\"https:\/\/go.techcareer.net\/ltlows\" target=\"_blank\" rel=\"noopener\"><strong>HEMEN BA\u015eVUR<\/strong><\/a><\/p>\n<!-- templates\/buttons-placeholder.php -->\n<div class=\"da-reactions-outer TpostID21490\">\n\t    <div class=\"da-reactions-data da-reactions-container-async center\"\n         data-type=\"post\"\n         data-id=\"21490\"\n         id=\"da-reactions-slot-post-21490\">\n        <div class=\"da-reactions-static\">\n\t\t\t<img src=\"https:\/\/www.kariyer.net\/kariyer-rehberi\/wp-content\/plugins\/da-reactions\/assets\/dist\/loading.svg\" alt=\"Loading spinner\" width=\"48\" height=\"48\" style=\"width:48px\" \/>\n        <\/div>\n    <\/div>\n<\/div>\n","protected":false},"excerpt":{"rendered":"<p>E\u011fer yenilenebilir enerjiye ilgi duyuyor ve gelece\u011fin enerji \u00e7\u00f6z\u00fcmlerine katk\u0131da bulunmak istiyorsan, tam sana g\u00f6re bir f\u0131rsat var! G\u00fcney Marmara Kalk\u0131nma Ajans\u0131 ve Band\u0131rma Onyedi Eyl\u00fcl \u00dcniversitesi taraf\u0131ndan organize edilen S\u00fcrd\u00fcr\u00fclebilir Enerji Fikir Maratonu, enerjisini gelece\u011fe d\u00f6n\u00fc\u015ft\u00fcrmek isteyen gen\u00e7leri bekliyor.\u00a0 Enerjisa \u00dcretim&#8217;in \u00f6d\u00fcl sponsorlu\u011funda ger\u00e7ekle\u015fecek etkinli\u011fe; enerji verimlili\u011fi ve yenilenebilir enerji alanlar\u0131nda yarat\u0131c\u0131 fikirleriyle fark [&hellip;]<\/p>\n<!-- templates\/buttons-placeholder.php -->\n<div class=\"da-reactions-outer TpostID21490\">\n\t    <div class=\"da-reactions-data da-reactions-container-async center\"\n         data-type=\"post\"\n         data-id=\"21490\"\n         id=\"da-reactions-slot-post-21490\">\n        <div class=\"da-reactions-static\">\n\t\t\t<img src=\"https:\/\/www.kariyer.net\/kariyer-rehberi\/wp-content\/plugins\/da-reactions\/assets\/dist\/loading.svg\" alt=\"Loading spinner\" width=\"48\" height=\"48\" style=\"width:48px\" \/>\n        <\/div>\n    <\/div>\n<\/div>\n","protected":false},"author":12,"featured_media":21505,"comment_status":"closed","ping_status":"open","sticky":false,"template":"","format":"standard","meta":{"footnotes":"","_elementor_edit_mode":"","_elementor_template_type":"","_elementor_data":"","_elementor_page_settings":null,"_elementor_conditions":[]},"categories":[2203],"tags":[],"class_list":{"0":"post-21490","1":"post","2":"type-post","3":"status-publish","4":"format-standard","5":"has-post-thumbnail","7":"category-haberler-duyurular"},"yoast_head":"<!-- This site is optimized with the Yoast SEO Premium plugin v21.4 (Yoast SEO v27.0) - https:\/\/yoast.com\/product\/yoast-seo-premium-wordpress\/ -->\n<title>Enerjini gelece\u011fe ta\u015f\u0131: S\u00fcrd\u00fcr\u00fclebilir enerji maratonu ba\u015fl\u0131yor!<\/title>\n<meta name=\"description\" content=\"E\u011fer yenilenebilir enerjiye ilgi duyuyor ve gelece\u011fin enerji \u00e7\u00f6z\u00fcmlerine katk\u0131da bulunmak istiyorsan, tam sana g\u00f6re bir f\u0131rsat var!\" \/>\n<meta name=\"robots\" content=\"index, follow, max-snippet:-1, max-image-preview:large, max-video-preview:-1\" \/>\n<link rel=\"canonical\" href=\"https:\/\/www.kariyer.net\/kariyer-rehberi\/enerjini-gelecege-tasi-surdurulebilir-enerji-maratonu-basliyor\/\" \/>\n<meta property=\"og:locale\" content=\"tr_TR\" \/>\n<meta property=\"og:type\" content=\"article\" \/>\n<meta property=\"og:title\" content=\"Enerjini gelece\u011fe ta\u015f\u0131: S\u00fcrd\u00fcr\u00fclebilir enerji maratonu ba\u015fl\u0131yor!\" \/>\n<meta property=\"og:description\" content=\"E\u011fer yenilenebilir enerjiye ilgi duyuyor ve gelece\u011fin enerji \u00e7\u00f6z\u00fcmlerine katk\u0131da bulunmak istiyorsan, tam sana g\u00f6re bir f\u0131rsat var! G\u00fcney Marmara Kalk\u0131nma\" \/>\n<meta property=\"og:url\" content=\"https:\/\/www.kariyer.net\/kariyer-rehberi\/enerjini-gelecege-tasi-surdurulebilir-enerji-maratonu-basliyor\/\" \/>\n<meta property=\"og:site_name\" content=\"Kariyer Rehberi\" \/>\n<meta property=\"article:published_time\" content=\"2024-11-26T12:28:18+00:00\" \/>\n<meta property=\"article:modified_time\" content=\"2024-11-28T08:42:33+00:00\" \/>\n<meta property=\"og:image\" content=\"https:\/\/www.kariyer.net\/kariyer-rehberi\/wp-content\/uploads\/2024\/11\/surdurulebilir_enerji.png\" \/>\n\t<meta property=\"og:image:width\" content=\"1875\" \/>\n\t<meta property=\"og:image:height\" content=\"1250\" \/>\n\t<meta property=\"og:image:type\" content=\"image\/png\" \/>\n<meta name=\"author\" content=\"Edit\u00f6r\" \/>\n<meta name=\"twitter:card\" content=\"summary_large_image\" \/>\n<meta name=\"twitter:label1\" content=\"Yazan:\" \/>\n\t<meta name=\"twitter:data1\" content=\"Edit\u00f6r\" \/>\n\t<meta name=\"twitter:label2\" content=\"Tahmini okuma s\u00fcresi\" \/>\n\t<meta name=\"twitter:data2\" content=\"2 dakika\" \/>\n<!-- \/ Yoast SEO Premium plugin. -->","yoast_head_json":{"title":"Enerjini gelece\u011fe ta\u015f\u0131: S\u00fcrd\u00fcr\u00fclebilir enerji maratonu ba\u015fl\u0131yor!","description":"E\u011fer yenilenebilir enerjiye ilgi duyuyor ve gelece\u011fin enerji \u00e7\u00f6z\u00fcmlerine katk\u0131da bulunmak istiyorsan, tam sana g\u00f6re bir f\u0131rsat var!","robots":{"index":"index","follow":"follow","max-snippet":"max-snippet:-1","max-image-preview":"max-image-preview:large","max-video-preview":"max-video-preview:-1"},"canonical":"https:\/\/www.kariyer.net\/kariyer-rehberi\/enerjini-gelecege-tasi-surdurulebilir-enerji-maratonu-basliyor\/","og_locale":"tr_TR","og_type":"article","og_title":"Enerjini gelece\u011fe ta\u015f\u0131: S\u00fcrd\u00fcr\u00fclebilir enerji maratonu ba\u015fl\u0131yor!","og_description":"E\u011fer yenilenebilir enerjiye ilgi duyuyor ve gelece\u011fin enerji \u00e7\u00f6z\u00fcmlerine katk\u0131da bulunmak istiyorsan, tam sana g\u00f6re bir f\u0131rsat var! G\u00fcney Marmara Kalk\u0131nma","og_url":"https:\/\/www.kariyer.net\/kariyer-rehberi\/enerjini-gelecege-tasi-surdurulebilir-enerji-maratonu-basliyor\/","og_site_name":"Kariyer Rehberi","article_published_time":"2024-11-26T12:28:18+00:00","article_modified_time":"2024-11-28T08:42:33+00:00","og_image":[{"width":1875,"height":1250,"url":"https:\/\/www.kariyer.net\/kariyer-rehberi\/wp-content\/uploads\/2024\/11\/surdurulebilir_enerji.png","type":"image\/png"}],"author":"Edit\u00f6r","twitter_card":"summary_large_image","twitter_misc":{"Yazan:":"Edit\u00f6r","Tahmini okuma s\u00fcresi":"2 dakika"},"schema":{"@context":"https:\/\/schema.org","@graph":[{"@type":"Article","@id":"https:\/\/www.kariyer.net\/kariyer-rehberi\/enerjini-gelecege-tasi-surdurulebilir-enerji-maratonu-basliyor\/#article","isPartOf":{"@id":"https:\/\/www.kariyer.net\/kariyer-rehberi\/enerjini-gelecege-tasi-surdurulebilir-enerji-maratonu-basliyor\/"},"author":{"name":"Edit\u00f6r","@id":"https:\/\/www.kariyer.net\/kariyer-rehberi\/#\/schema\/person\/94fd6e49c7ff1b1b2565a2cc4fd685dd"},"headline":"Enerjini gelece\u011fe ta\u015f\u0131: S\u00fcrd\u00fcr\u00fclebilir enerji maratonu ba\u015fl\u0131yor!","datePublished":"2024-11-26T12:28:18+00:00","dateModified":"2024-11-28T08:42:33+00:00","mainEntityOfPage":{"@id":"https:\/\/www.kariyer.net\/kariyer-rehberi\/enerjini-gelecege-tasi-surdurulebilir-enerji-maratonu-basliyor\/"},"wordCount":363,"publisher":{"@id":"https:\/\/www.kariyer.net\/kariyer-rehberi\/#organization"},"image":{"@id":"https:\/\/www.kariyer.net\/kariyer-rehberi\/enerjini-gelecege-tasi-surdurulebilir-enerji-maratonu-basliyor\/#primaryimage"},"thumbnailUrl":"https:\/\/www.kariyer.net\/kariyer-rehberi\/wp-content\/uploads\/2024\/11\/surdurulebilir_enerji.png","articleSection":["Haberler ve Duyurular"],"inLanguage":"tr"},{"@type":"WebPage","@id":"https:\/\/www.kariyer.net\/kariyer-rehberi\/enerjini-gelecege-tasi-surdurulebilir-enerji-maratonu-basliyor\/","url":"https:\/\/www.kariyer.net\/kariyer-rehberi\/enerjini-gelecege-tasi-surdurulebilir-enerji-maratonu-basliyor\/","name":"Enerjini gelece\u011fe ta\u015f\u0131: S\u00fcrd\u00fcr\u00fclebilir enerji maratonu ba\u015fl\u0131yor!","isPartOf":{"@id":"https:\/\/www.kariyer.net\/kariyer-rehberi\/#website"},"primaryImageOfPage":{"@id":"https:\/\/www.kariyer.net\/kariyer-rehberi\/enerjini-gelecege-tasi-surdurulebilir-enerji-maratonu-basliyor\/#primaryimage"},"image":{"@id":"https:\/\/www.kariyer.net\/kariyer-rehberi\/enerjini-gelecege-tasi-surdurulebilir-enerji-maratonu-basliyor\/#primaryimage"},"thumbnailUrl":"https:\/\/www.kariyer.net\/kariyer-rehberi\/wp-content\/uploads\/2024\/11\/surdurulebilir_enerji.png","datePublished":"2024-11-26T12:28:18+00:00","dateModified":"2024-11-28T08:42:33+00:00","description":"E\u011fer yenilenebilir enerjiye ilgi duyuyor ve gelece\u011fin enerji \u00e7\u00f6z\u00fcmlerine katk\u0131da bulunmak istiyorsan, tam sana g\u00f6re bir f\u0131rsat var!","breadcrumb":{"@id":"https:\/\/www.kariyer.net\/kariyer-rehberi\/enerjini-gelecege-tasi-surdurulebilir-enerji-maratonu-basliyor\/#breadcrumb"},"inLanguage":"tr","potentialAction":[{"@type":"ReadAction","target":["https:\/\/www.kariyer.net\/kariyer-rehberi\/enerjini-gelecege-tasi-surdurulebilir-enerji-maratonu-basliyor\/"]}]},{"@type":"ImageObject","inLanguage":"tr","@id":"https:\/\/www.kariyer.net\/kariyer-rehberi\/enerjini-gelecege-tasi-surdurulebilir-enerji-maratonu-basliyor\/#primaryimage","url":"https:\/\/www.kariyer.net\/kariyer-rehberi\/wp-content\/uploads\/2024\/11\/surdurulebilir_enerji.png","contentUrl":"https:\/\/www.kariyer.net\/kariyer-rehberi\/wp-content\/uploads\/2024\/11\/surdurulebilir_enerji.png","width":1875,"height":1250},{"@type":"BreadcrumbList","@id":"https:\/\/www.kariyer.net\/kariyer-rehberi\/enerjini-gelecege-tasi-surdurulebilir-enerji-maratonu-basliyor\/#breadcrumb","itemListElement":[{"@type":"ListItem","position":1,"name":"Anasayfa","item":"https:\/\/www.kariyer.net\/kariyer-rehberi\/"},{"@type":"ListItem","position":2,"name":"Enerjini gelece\u011fe ta\u015f\u0131: S\u00fcrd\u00fcr\u00fclebilir enerji maratonu ba\u015fl\u0131yor!"}]},{"@type":"WebSite","@id":"https:\/\/www.kariyer.net\/kariyer-rehberi\/#website","url":"https:\/\/www.kariyer.net\/kariyer-rehberi\/","name":"Kariyer Rehberi","description":"\u0130\u015f D\u00fcnyas\u0131yla \u0130lgili Bilmek \u0130stedi\u011finiz Her \u015eey","publisher":{"@id":"https:\/\/www.kariyer.net\/kariyer-rehberi\/#organization"},"potentialAction":[{"@type":"SearchAction","target":{"@type":"EntryPoint","urlTemplate":"https:\/\/www.kariyer.net\/kariyer-rehberi\/?s={search_term_string}"},"query-input":{"@type":"PropertyValueSpecification","valueRequired":true,"valueName":"search_term_string"}}],"inLanguage":"tr"},{"@type":"Organization","@id":"https:\/\/www.kariyer.net\/kariyer-rehberi\/#organization","name":"Kariyer.net","url":"https:\/\/www.kariyer.net\/kariyer-rehberi\/","logo":{"@type":"ImageObject","inLanguage":"tr","@id":"https:\/\/www.kariyer.net\/kariyer-rehberi\/#\/schema\/logo\/image\/","url":"https:\/\/www.kariyer.net\/kariyer-rehberi-new\/wp-content\/uploads\/2023\/01\/og-image11.jpg","contentUrl":"https:\/\/www.kariyer.net\/kariyer-rehberi-new\/wp-content\/uploads\/2023\/01\/og-image11.jpg","width":800,"height":800,"caption":"Kariyer.net"},"image":{"@id":"https:\/\/www.kariyer.net\/kariyer-rehberi\/#\/schema\/logo\/image\/"}},{"@type":"Person","@id":"https:\/\/www.kariyer.net\/kariyer-rehberi\/#\/schema\/person\/94fd6e49c7ff1b1b2565a2cc4fd685dd","name":"Edit\u00f6r","image":{"@type":"ImageObject","inLanguage":"tr","@id":"https:\/\/www.kariyer.net\/kariyer-rehberi\/#\/schema\/person\/image\/","url":"https:\/\/secure.gravatar.com\/avatar\/0c4fe6688343aed3693b15573beae12c08ace5565409d5ab7509bf9c115f458d?s=96&d=mm&r=g","contentUrl":"https:\/\/secure.gravatar.com\/avatar\/0c4fe6688343aed3693b15573beae12c08ace5565409d5ab7509bf9c115f458d?s=96&d=mm&r=g","caption":"Edit\u00f6r"},"url":"https:\/\/www.kariyer.net\/kariyer-rehberi\/author\/editor\/"}]}},"_links":{"self":[{"href":"https:\/\/www.kariyer.net\/kariyer-rehberi\/wp-json\/wp\/v2\/posts\/21490","targetHints":{"allow":["GET"]}}],"collection":[{"href":"https:\/\/www.kariyer.net\/kariyer-rehberi\/wp-json\/wp\/v2\/posts"}],"about":[{"href":"https:\/\/www.kariyer.net\/kariyer-rehberi\/wp-json\/wp\/v2\/types\/post"}],"author":[{"embeddable":true,"href":"https:\/\/www.kariyer.net\/kariyer-rehberi\/wp-json\/wp\/v2\/users\/12"}],"replies":[{"embeddable":true,"href":"https:\/\/www.kariyer.net\/kariyer-rehberi\/wp-json\/wp\/v2\/comments?post=21490"}],"version-history":[{"count":4,"href":"https:\/\/www.kariyer.net\/kariyer-rehberi\/wp-json\/wp\/v2\/posts\/21490\/revisions"}],"predecessor-version":[{"id":21506,"href":"https:\/\/www.kariyer.net\/kariyer-rehberi\/wp-json\/wp\/v2\/posts\/21490\/revisions\/21506"}],"wp:featuredmedia":[{"embeddable":true,"href":"https:\/\/www.kariyer.net\/kariyer-rehberi\/wp-json\/wp\/v2\/media\/21505"}],"wp:attachment":[{"href":"https:\/\/www.kariyer.net\/kariyer-rehberi\/wp-json\/wp\/v2\/media?parent=21490"}],"wp:term":[{"taxonomy":"category","embeddable":true,"href":"https:\/\/www.kariyer.net\/kariyer-rehberi\/wp-json\/wp\/v2\/categories?post=21490"},{"taxonomy":"post_tag","embeddable":true,"href":"https:\/\/www.kariyer.net\/kariyer-rehberi\/wp-json\/wp\/v2\/tags?post=21490"}],"curies":[{"name":"wp","href":"https:\/\/api.w.org\/{rel}","templated":true}]}}