{"id":21573,"date":"2024-12-17T11:33:05","date_gmt":"2024-12-17T08:33:05","guid":{"rendered":"https:\/\/www.kariyer.net\/kariyer-rehberi\/?p=21573"},"modified":"2024-12-17T11:33:35","modified_gmt":"2024-12-17T08:33:35","slug":"isverenlerin-bir-cvde-gormek-istedigi-ama-cogunlugun-yapmadigi-o-sey","status":"publish","type":"post","link":"https:\/\/www.kariyer.net\/kariyer-rehberi\/isverenlerin-bir-cvde-gormek-istedigi-ama-cogunlugun-yapmadigi-o-sey\/","title":{"rendered":"\u0130\u015fverenlerin bir CV\u2019de g\u00f6rmek istedi\u011fi, ama \u00e7o\u011funlu\u011fun yapmad\u0131\u011f\u0131 o \u015fey"},"content":{"rendered":"<p><strong>\u00d6zge\u00e7mi\u015fin, sadece i\u015f tan\u0131mlar\u0131n\u0131 de\u011fil, ba\u015far\u0131lar\u0131n\u0131 ve elde etti\u011fin sonu\u00e7lar\u0131 da i\u00e7ermeli. Somut verilerle desteklenen ba\u015far\u0131lar, i\u015fverenin ilgisini \u00e7eker ve seni di\u011fer adaylardan ay\u0131r\u0131r. E\u011fer etkileyici bir \u00f6zge\u00e7mi\u015f olu\u015fturmak istiyorsan, \u015fu \u00f6neriler i\u015fine yarayacakt\u0131r.<\/strong><\/p>\n<p>\u00d6zge\u00e7mi\u015fini haz\u0131rlarken iyi bir izlenim yaratman gerekti\u011fini art\u0131k biliyorsun; ancak \u00e7o\u011fu aday\u0131n ihmal etti\u011fi bir durum var ki o da ba\u015far\u0131lar\u0131 ve elde edilen sonu\u00e7lar\u0131 yeterince vurgulamamak! \u0130\u015fverenler bir \u00f6zge\u00e7mi\u015fi incelerken yaln\u0131zca i\u015f tan\u0131mlar\u0131n\u0131 g\u00f6rmekle ilgilenmez; onlar, bu g\u00f6revlerden nas\u0131l bir de\u011fer yaratt\u0131\u011f\u0131n\u0131 da bilmek ister. \u0130\u015fte bu y\u00fczden, sonu\u00e7 odakl\u0131 bir \u00f6zge\u00e7mi\u015f haz\u0131rlamak seni ba\u015fvuru s\u00fcrecinde \u00f6ne \u00e7\u0131kar\u0131r.<\/p>\n<h2><strong>G\u00f6rev de\u011fil, sonu\u00e7 odakl\u0131 yaz<\/strong><\/h2>\n<p>Bir i\u015fveren, &#8220;ekip y\u00f6netimi yapt\u0131m&#8221; gibi genel ifadeler yerine, bu y\u00f6netimin sonucunu bilmek ister. \u00d6rne\u011fin;<\/p>\n<ul>\n<li>&#8220;6 ki\u015filik bir ekip y\u00f6nettim ve proje teslim s\u00fcresini %15 h\u0131zland\u0131rd\u0131m.&#8221;<\/li>\n<li>&#8220;Yeni bir stratejiyle sat\u0131\u015flar\u0131 1 y\u0131lda %20 art\u0131rd\u0131m.&#8221;<\/li>\n<\/ul>\n<p>Bu t\u00fcr somut veriler, i\u015fverenin dikkatini \u00e7eker ve ge\u00e7mi\u015fte g\u00f6sterdi\u011fin performansla onlar\u0131 nas\u0131l destekleyebilece\u011fini anlamalar\u0131n\u0131 sa\u011flar.<\/p>\n<h2><strong>Say\u0131lar ve verilerle g\u00fc\u00e7lendir<\/strong><\/h2>\n<p>Eylemlerinin sonu\u00e7lar\u0131n\u0131 mutlaka \u00f6l\u00e7\u00fclebilir hale getirmelisin. Tasarruf etti\u011fin b\u00fct\u00e7eyi, kazand\u0131rd\u0131\u011f\u0131n m\u00fc\u015fteri say\u0131s\u0131n\u0131 ya da ger\u00e7ekle\u015ftirdi\u011fin inovasyonun etkisini a\u00e7\u0131k\u00e7a belirt. Say\u0131lar ve y\u00fczdeler kullanarak daha g\u00fc\u00e7l\u00fc bir etki yaratabilirsin.<\/p>\n<h2><strong>\u00d6zge\u00e7mi\u015fini g\u00fcncel tut<\/strong><\/h2>\n<p>Her ay\u0131n sonunda, i\u015finde elde etti\u011fin ba\u015far\u0131lar\u0131 bir listeye eklemeyi al\u0131\u015fkanl\u0131k haline getir. B\u00f6ylece, \u00f6zge\u00e7mi\u015fini g\u00fcncellemek gerekti\u011finde haz\u0131r bir veri havuzun olur. Y\u0131l sonuna yakla\u015ft\u0131\u011f\u0131m\u0131z \u015fu g\u00fcnlerde \u00f6zge\u00e7mi\u015finde g\u00fcncelleme yaparak son bir y\u0131l\u0131n ba\u015far\u0131lar\u0131n\u0131 \u00f6zetleyebilirsin.<\/p>\n<h2>Kritik hatalardan ka\u00e7\u0131n<\/h2>\n<p>\u00d6zge\u00e7mi\u015fini ve ba\u015far\u0131 listeni yaln\u0131zca \u015firket bilgisayar\u0131nda tutma. Eri\u015fim yetkinin kesilme durumunda bu dosyalara ula\u015famayabilirsin. Bu nedenle \u00f6zel cihaz\u0131nda bir kopya bulundurmay\u0131 ihmal etme.<\/p>\n<h2>\u015eimdi harekete ge\u00e7<\/h2>\n<p>Sonu\u00e7 odakl\u0131, g\u00fcncel bir \u00f6zge\u00e7mi\u015f haz\u0131rlamak i\u00e7in hemen bir ad\u0131m at. Kariyer.net hesab\u0131na <strong><a href=\"https:\/\/www.kariyer.net\/aday\/giris?returnUrl=%2F\" target=\"_blank\" rel=\"noopener\">giri\u015f yaparak<\/a><\/strong> \u00f6zge\u00e7mi\u015fini g\u00f6zden ge\u00e7ir ve ba\u015far\u0131lar\u0131n\u0131 vurgulad\u0131\u011f\u0131ndan emin ol. Unutma, do\u011fru haz\u0131rlanm\u0131\u015f bir \u00f6zge\u00e7mi\u015f, kariyer yolculu\u011funda kap\u0131lar\u0131 a\u00e7an anahtard\u0131r!<\/p>\n<p><a href=\"https:\/\/www.kariyer.net\/aday\/uyeol?utm_source=aday&amp;utm_medium=banner&amp;utm_campaign=kariyer_rehberi_uyelik_banner_firsatlar_kapini_caliyor\"><img fetchpriority=\"high\" decoding=\"async\" class=\"alignnone size-full wp-image-21537\" src=\"https:\/\/www.kariyer.net\/kariyer-rehberi\/wp-content\/uploads\/2024\/02\/1140x192-5.png\" alt=\"\" width=\"1140\" height=\"192\" srcset=\"https:\/\/www.kariyer.net\/kariyer-rehberi\/wp-content\/uploads\/2024\/02\/1140x192-5.png 1140w, https:\/\/www.kariyer.net\/kariyer-rehberi\/wp-content\/uploads\/2024\/02\/1140x192-5-300x51.png 300w, https:\/\/www.kariyer.net\/kariyer-rehberi\/wp-content\/uploads\/2024\/02\/1140x192-5-1024x172.png 1024w, https:\/\/www.kariyer.net\/kariyer-rehberi\/wp-content\/uploads\/2024\/02\/1140x192-5-768x129.png 768w, https:\/\/www.kariyer.net\/kariyer-rehberi\/wp-content\/uploads\/2024\/02\/1140x192-5-450x76.png 450w, https:\/\/www.kariyer.net\/kariyer-rehberi\/wp-content\/uploads\/2024\/02\/1140x192-5-780x131.png 780w\" sizes=\"(max-width: 1140px) 100vw, 1140px\" \/><\/a><\/p>\n<p>Kaynak: <a href=\"https:\/\/www.forbes.com\/sites\/robinryan\/2024\/12\/03\/the-number-one-thing-employers-look-for-on-a-resume\/\" target=\"_blank\" rel=\"noopener\">Forbes<\/a><\/p>\n<!-- templates\/buttons-placeholder.php -->\n<div class=\"da-reactions-outer TpostID21573\">\n\t    <div class=\"da-reactions-data da-reactions-container-async center\"\n         data-type=\"post\"\n         data-id=\"21573\"\n         id=\"da-reactions-slot-post-21573\">\n        <div class=\"da-reactions-static\">\n\t\t\t<img src=\"https:\/\/www.kariyer.net\/kariyer-rehberi\/wp-content\/plugins\/da-reactions\/assets\/dist\/loading.svg\" alt=\"Loading spinner\" width=\"48\" height=\"48\" style=\"width:48px\" \/>\n        <\/div>\n    <\/div>\n<\/div>\n","protected":false},"excerpt":{"rendered":"<p>\u00d6zge\u00e7mi\u015fin, sadece i\u015f tan\u0131mlar\u0131n\u0131 de\u011fil, ba\u015far\u0131lar\u0131n\u0131 ve elde etti\u011fin sonu\u00e7lar\u0131 da i\u00e7ermeli. Somut verilerle desteklenen ba\u015far\u0131lar, i\u015fverenin ilgisini \u00e7eker ve seni di\u011fer adaylardan ay\u0131r\u0131r. E\u011fer etkileyici bir \u00f6zge\u00e7mi\u015f olu\u015fturmak istiyorsan, \u015fu \u00f6neriler i\u015fine yarayacakt\u0131r. \u00d6zge\u00e7mi\u015fini haz\u0131rlarken iyi bir izlenim yaratman gerekti\u011fini art\u0131k biliyorsun; ancak \u00e7o\u011fu aday\u0131n ihmal etti\u011fi bir durum var ki o da ba\u015far\u0131lar\u0131 [&hellip;]<\/p>\n<!-- templates\/buttons-placeholder.php -->\n<div class=\"da-reactions-outer TpostID21573\">\n\t    <div class=\"da-reactions-data da-reactions-container-async center\"\n         data-type=\"post\"\n         data-id=\"21573\"\n         id=\"da-reactions-slot-post-21573\">\n        <div class=\"da-reactions-static\">\n\t\t\t<img src=\"https:\/\/www.kariyer.net\/kariyer-rehberi\/wp-content\/plugins\/da-reactions\/assets\/dist\/loading.svg\" alt=\"Loading spinner\" width=\"48\" height=\"48\" style=\"width:48px\" \/>\n        <\/div>\n    <\/div>\n<\/div>\n","protected":false},"author":29,"featured_media":21575,"comment_status":"closed","ping_status":"open","sticky":false,"template":"","format":"standard","meta":{"footnotes":"","_elementor_edit_mode":"","_elementor_template_type":"","_elementor_data":"","_elementor_page_settings":null,"_elementor_conditions":[]},"categories":[35],"tags":[2199],"class_list":{"0":"post-21573","1":"post","2":"type-post","3":"status-publish","4":"format-standard","5":"has-post-thumbnail","7":"category-ozgecmis-hazirlama","8":"tag-ai"},"yoast_head":"<!-- This site is optimized with the Yoast SEO Premium plugin v21.4 (Yoast SEO v27.0) - https:\/\/yoast.com\/product\/yoast-seo-premium-wordpress\/ -->\n<title>\u0130\u015fverenlerin bir CV\u2019de g\u00f6rmek istedi\u011fi o \u015fey<\/title>\n<meta name=\"description\" content=\"\u00d6zge\u00e7mi\u015fini haz\u0131rlarken iyi bir izlenim yaratman gerekti\u011fini art\u0131k biliyorsun; ancak \u00e7o\u011fu aday\u0131n ihmal etti\u011fi bir durum var...\" \/>\n<meta name=\"robots\" content=\"index, follow, max-snippet:-1, max-image-preview:large, max-video-preview:-1\" \/>\n<link rel=\"canonical\" href=\"https:\/\/www.kariyer.net\/kariyer-rehberi\/isverenlerin-bir-cvde-gormek-istedigi-ama-cogunlugun-yapmadigi-o-sey\/\" \/>\n<meta property=\"og:locale\" content=\"tr_TR\" \/>\n<meta property=\"og:type\" content=\"article\" \/>\n<meta property=\"og:title\" content=\"\u0130\u015fverenlerin bir CV\u2019de g\u00f6rmek istedi\u011fi, ama \u00e7o\u011funlu\u011fun yapmad\u0131\u011f\u0131 o \u015fey\" \/>\n<meta property=\"og:description\" content=\"\u00d6zge\u00e7mi\u015fin, sadece i\u015f tan\u0131mlar\u0131n\u0131 de\u011fil, ba\u015far\u0131lar\u0131n\u0131 ve elde etti\u011fin sonu\u00e7lar\u0131 da i\u00e7ermeli. Somut verilerle desteklenen ba\u015far\u0131lar, i\u015fverenin ilgisini\" \/>\n<meta property=\"og:url\" content=\"https:\/\/www.kariyer.net\/kariyer-rehberi\/isverenlerin-bir-cvde-gormek-istedigi-ama-cogunlugun-yapmadigi-o-sey\/\" \/>\n<meta property=\"og:site_name\" content=\"Kariyer Rehberi\" \/>\n<meta property=\"article:published_time\" content=\"2024-12-17T08:33:05+00:00\" \/>\n<meta property=\"article:modified_time\" content=\"2024-12-17T08:33:35+00:00\" \/>\n<meta property=\"og:image\" content=\"https:\/\/www.kariyer.net\/kariyer-rehberi\/wp-content\/uploads\/2024\/12\/ozgecmis_guncelleme.jpg\" \/>\n\t<meta property=\"og:image:width\" content=\"900\" \/>\n\t<meta property=\"og:image:height\" content=\"579\" \/>\n\t<meta property=\"og:image:type\" content=\"image\/jpeg\" \/>\n<meta name=\"author\" content=\"\u00d6zden Y\u0131lmaz\" \/>\n<meta name=\"twitter:card\" content=\"summary_large_image\" \/>\n<meta name=\"twitter:label1\" content=\"Yazan:\" \/>\n\t<meta name=\"twitter:data1\" content=\"\u00d6zden Y\u0131lmaz\" \/>\n\t<meta name=\"twitter:label2\" content=\"Tahmini okuma s\u00fcresi\" \/>\n\t<meta name=\"twitter:data2\" content=\"3 dakika\" \/>\n<!-- \/ Yoast SEO Premium plugin. -->","yoast_head_json":{"title":"\u0130\u015fverenlerin bir CV\u2019de g\u00f6rmek istedi\u011fi o \u015fey","description":"\u00d6zge\u00e7mi\u015fini haz\u0131rlarken iyi bir izlenim yaratman gerekti\u011fini art\u0131k biliyorsun; ancak \u00e7o\u011fu aday\u0131n ihmal etti\u011fi bir durum var...","robots":{"index":"index","follow":"follow","max-snippet":"max-snippet:-1","max-image-preview":"max-image-preview:large","max-video-preview":"max-video-preview:-1"},"canonical":"https:\/\/www.kariyer.net\/kariyer-rehberi\/isverenlerin-bir-cvde-gormek-istedigi-ama-cogunlugun-yapmadigi-o-sey\/","og_locale":"tr_TR","og_type":"article","og_title":"\u0130\u015fverenlerin bir CV\u2019de g\u00f6rmek istedi\u011fi, ama \u00e7o\u011funlu\u011fun yapmad\u0131\u011f\u0131 o \u015fey","og_description":"\u00d6zge\u00e7mi\u015fin, sadece i\u015f tan\u0131mlar\u0131n\u0131 de\u011fil, ba\u015far\u0131lar\u0131n\u0131 ve elde etti\u011fin sonu\u00e7lar\u0131 da i\u00e7ermeli. Somut verilerle desteklenen ba\u015far\u0131lar, i\u015fverenin ilgisini","og_url":"https:\/\/www.kariyer.net\/kariyer-rehberi\/isverenlerin-bir-cvde-gormek-istedigi-ama-cogunlugun-yapmadigi-o-sey\/","og_site_name":"Kariyer Rehberi","article_published_time":"2024-12-17T08:33:05+00:00","article_modified_time":"2024-12-17T08:33:35+00:00","og_image":[{"width":900,"height":579,"url":"https:\/\/www.kariyer.net\/kariyer-rehberi\/wp-content\/uploads\/2024\/12\/ozgecmis_guncelleme.jpg","type":"image\/jpeg"}],"author":"\u00d6zden Y\u0131lmaz","twitter_card":"summary_large_image","twitter_misc":{"Yazan:":"\u00d6zden Y\u0131lmaz","Tahmini okuma s\u00fcresi":"3 dakika"},"schema":{"@context":"https:\/\/schema.org","@graph":[{"@type":"Article","@id":"https:\/\/www.kariyer.net\/kariyer-rehberi\/isverenlerin-bir-cvde-gormek-istedigi-ama-cogunlugun-yapmadigi-o-sey\/#article","isPartOf":{"@id":"https:\/\/www.kariyer.net\/kariyer-rehberi\/isverenlerin-bir-cvde-gormek-istedigi-ama-cogunlugun-yapmadigi-o-sey\/"},"author":{"name":"\u00d6zden Y\u0131lmaz","@id":"https:\/\/www.kariyer.net\/kariyer-rehberi\/#\/schema\/person\/71c4f71ffd069a4c47a69e85a0e09215"},"headline":"\u0130\u015fverenlerin bir CV\u2019de g\u00f6rmek istedi\u011fi, ama \u00e7o\u011funlu\u011fun yapmad\u0131\u011f\u0131 o \u015fey","datePublished":"2024-12-17T08:33:05+00:00","dateModified":"2024-12-17T08:33:35+00:00","mainEntityOfPage":{"@id":"https:\/\/www.kariyer.net\/kariyer-rehberi\/isverenlerin-bir-cvde-gormek-istedigi-ama-cogunlugun-yapmadigi-o-sey\/"},"wordCount":451,"publisher":{"@id":"https:\/\/www.kariyer.net\/kariyer-rehberi\/#organization"},"image":{"@id":"https:\/\/www.kariyer.net\/kariyer-rehberi\/isverenlerin-bir-cvde-gormek-istedigi-ama-cogunlugun-yapmadigi-o-sey\/#primaryimage"},"thumbnailUrl":"https:\/\/www.kariyer.net\/kariyer-rehberi\/wp-content\/uploads\/2024\/12\/ozgecmis_guncelleme.jpg","keywords":["AI"],"articleSection":["\u00d6zge\u00e7mi\u015f Haz\u0131rlama"],"inLanguage":"tr"},{"@type":"WebPage","@id":"https:\/\/www.kariyer.net\/kariyer-rehberi\/isverenlerin-bir-cvde-gormek-istedigi-ama-cogunlugun-yapmadigi-o-sey\/","url":"https:\/\/www.kariyer.net\/kariyer-rehberi\/isverenlerin-bir-cvde-gormek-istedigi-ama-cogunlugun-yapmadigi-o-sey\/","name":"\u0130\u015fverenlerin bir CV\u2019de g\u00f6rmek istedi\u011fi o \u015fey","isPartOf":{"@id":"https:\/\/www.kariyer.net\/kariyer-rehberi\/#website"},"primaryImageOfPage":{"@id":"https:\/\/www.kariyer.net\/kariyer-rehberi\/isverenlerin-bir-cvde-gormek-istedigi-ama-cogunlugun-yapmadigi-o-sey\/#primaryimage"},"image":{"@id":"https:\/\/www.kariyer.net\/kariyer-rehberi\/isverenlerin-bir-cvde-gormek-istedigi-ama-cogunlugun-yapmadigi-o-sey\/#primaryimage"},"thumbnailUrl":"https:\/\/www.kariyer.net\/kariyer-rehberi\/wp-content\/uploads\/2024\/12\/ozgecmis_guncelleme.jpg","datePublished":"2024-12-17T08:33:05+00:00","dateModified":"2024-12-17T08:33:35+00:00","description":"\u00d6zge\u00e7mi\u015fini haz\u0131rlarken iyi bir izlenim yaratman gerekti\u011fini art\u0131k biliyorsun; ancak \u00e7o\u011fu aday\u0131n ihmal etti\u011fi bir durum var...","breadcrumb":{"@id":"https:\/\/www.kariyer.net\/kariyer-rehberi\/isverenlerin-bir-cvde-gormek-istedigi-ama-cogunlugun-yapmadigi-o-sey\/#breadcrumb"},"inLanguage":"tr","potentialAction":[{"@type":"ReadAction","target":["https:\/\/www.kariyer.net\/kariyer-rehberi\/isverenlerin-bir-cvde-gormek-istedigi-ama-cogunlugun-yapmadigi-o-sey\/"]}]},{"@type":"ImageObject","inLanguage":"tr","@id":"https:\/\/www.kariyer.net\/kariyer-rehberi\/isverenlerin-bir-cvde-gormek-istedigi-ama-cogunlugun-yapmadigi-o-sey\/#primaryimage","url":"https:\/\/www.kariyer.net\/kariyer-rehberi\/wp-content\/uploads\/2024\/12\/ozgecmis_guncelleme.jpg","contentUrl":"https:\/\/www.kariyer.net\/kariyer-rehberi\/wp-content\/uploads\/2024\/12\/ozgecmis_guncelleme.jpg","width":900,"height":579},{"@type":"BreadcrumbList","@id":"https:\/\/www.kariyer.net\/kariyer-rehberi\/isverenlerin-bir-cvde-gormek-istedigi-ama-cogunlugun-yapmadigi-o-sey\/#breadcrumb","itemListElement":[{"@type":"ListItem","position":1,"name":"Anasayfa","item":"https:\/\/www.kariyer.net\/kariyer-rehberi\/"},{"@type":"ListItem","position":2,"name":"\u0130\u015fverenlerin bir CV\u2019de g\u00f6rmek istedi\u011fi, ama \u00e7o\u011funlu\u011fun yapmad\u0131\u011f\u0131 o \u015fey"}]},{"@type":"WebSite","@id":"https:\/\/www.kariyer.net\/kariyer-rehberi\/#website","url":"https:\/\/www.kariyer.net\/kariyer-rehberi\/","name":"Kariyer Rehberi","description":"\u0130\u015f D\u00fcnyas\u0131yla \u0130lgili Bilmek \u0130stedi\u011finiz Her \u015eey","publisher":{"@id":"https:\/\/www.kariyer.net\/kariyer-rehberi\/#organization"},"potentialAction":[{"@type":"SearchAction","target":{"@type":"EntryPoint","urlTemplate":"https:\/\/www.kariyer.net\/kariyer-rehberi\/?s={search_term_string}"},"query-input":{"@type":"PropertyValueSpecification","valueRequired":true,"valueName":"search_term_string"}}],"inLanguage":"tr"},{"@type":"Organization","@id":"https:\/\/www.kariyer.net\/kariyer-rehberi\/#organization","name":"Kariyer.net","url":"https:\/\/www.kariyer.net\/kariyer-rehberi\/","logo":{"@type":"ImageObject","inLanguage":"tr","@id":"https:\/\/www.kariyer.net\/kariyer-rehberi\/#\/schema\/logo\/image\/","url":"https:\/\/www.kariyer.net\/kariyer-rehberi-new\/wp-content\/uploads\/2023\/01\/og-image11.jpg","contentUrl":"https:\/\/www.kariyer.net\/kariyer-rehberi-new\/wp-content\/uploads\/2023\/01\/og-image11.jpg","width":800,"height":800,"caption":"Kariyer.net"},"image":{"@id":"https:\/\/www.kariyer.net\/kariyer-rehberi\/#\/schema\/logo\/image\/"}},{"@type":"Person","@id":"https:\/\/www.kariyer.net\/kariyer-rehberi\/#\/schema\/person\/71c4f71ffd069a4c47a69e85a0e09215","name":"\u00d6zden Y\u0131lmaz","image":{"@type":"ImageObject","inLanguage":"tr","@id":"https:\/\/www.kariyer.net\/kariyer-rehberi\/#\/schema\/person\/image\/","url":"https:\/\/secure.gravatar.com\/avatar\/776750a3e7166486a1e43527c51a8f7088279a624700d0e81666f27a714cbbc2?s=96&d=mm&r=g","contentUrl":"https:\/\/secure.gravatar.com\/avatar\/776750a3e7166486a1e43527c51a8f7088279a624700d0e81666f27a714cbbc2?s=96&d=mm&r=g","caption":"\u00d6zden Y\u0131lmaz"},"description":"Kocaeli \u00dcniversitesi \u0130leti\u015fim Fak\u00fcltesi mezunu olan \u00d6zden, Bilgi \u00dcniversitesi\u2019nde \u0130nteraktif Pazarlama alan\u0131nda y\u00fcksek lisans yapm\u0131\u015ft\u0131r. Lisans \u00f6\u011freniminin ilk y\u0131llar\u0131nda TRT Haber\u2019de asistan muhabirlik yaparak meslek hayat\u0131na ba\u015flam\u0131\u015ft\u0131r. Mezun olduktan sonra farkl\u0131 d\u00f6nemlerde TV8 Haber ve Cem TV\u2019de; yap\u0131mc\u0131, y\u00f6netmen ve edit\u00f6r olarak g\u00f6rev alm\u0131\u015ft\u0131r. Dijital d\u00fcnyadaki geli\u015fmelerle birlikte editoryal deneyimini online platformlara ta\u015f\u0131m\u0131\u015f, Markafoni\u2019de ve Mudo\u2019da i\u00e7erik edit\u00f6rl\u00fc\u011f\u00fc yapm\u0131\u015ft\u0131r. Kurumsal markalar i\u00e7in freelance SEO edit\u00f6rl\u00fc\u011f\u00fc de yapan \u00d6zden, 2018 y\u0131l\u0131 itibar\u0131yla kariyerine, Kariyer.net i\u00e7erik edit\u00f6r\u00fc olarak devam etmekte ve online\/offline i\u00e7erik \u00fcretmektedir.","url":"https:\/\/www.kariyer.net\/kariyer-rehberi\/author\/ozdenyilmaz\/"}]}},"_links":{"self":[{"href":"https:\/\/www.kariyer.net\/kariyer-rehberi\/wp-json\/wp\/v2\/posts\/21573","targetHints":{"allow":["GET"]}}],"collection":[{"href":"https:\/\/www.kariyer.net\/kariyer-rehberi\/wp-json\/wp\/v2\/posts"}],"about":[{"href":"https:\/\/www.kariyer.net\/kariyer-rehberi\/wp-json\/wp\/v2\/types\/post"}],"author":[{"embeddable":true,"href":"https:\/\/www.kariyer.net\/kariyer-rehberi\/wp-json\/wp\/v2\/users\/29"}],"replies":[{"embeddable":true,"href":"https:\/\/www.kariyer.net\/kariyer-rehberi\/wp-json\/wp\/v2\/comments?post=21573"}],"version-history":[{"count":5,"href":"https:\/\/www.kariyer.net\/kariyer-rehberi\/wp-json\/wp\/v2\/posts\/21573\/revisions"}],"predecessor-version":[{"id":21608,"href":"https:\/\/www.kariyer.net\/kariyer-rehberi\/wp-json\/wp\/v2\/posts\/21573\/revisions\/21608"}],"wp:featuredmedia":[{"embeddable":true,"href":"https:\/\/www.kariyer.net\/kariyer-rehberi\/wp-json\/wp\/v2\/media\/21575"}],"wp:attachment":[{"href":"https:\/\/www.kariyer.net\/kariyer-rehberi\/wp-json\/wp\/v2\/media?parent=21573"}],"wp:term":[{"taxonomy":"category","embeddable":true,"href":"https:\/\/www.kariyer.net\/kariyer-rehberi\/wp-json\/wp\/v2\/categories?post=21573"},{"taxonomy":"post_tag","embeddable":true,"href":"https:\/\/www.kariyer.net\/kariyer-rehberi\/wp-json\/wp\/v2\/tags?post=21573"}],"curies":[{"name":"wp","href":"https:\/\/api.w.org\/{rel}","templated":true}]}}