{"id":21584,"date":"2025-12-03T14:37:58","date_gmt":"2025-12-03T11:37:58","guid":{"rendered":"https:\/\/www.kariyer.net\/kariyer-rehberi\/?p=21584"},"modified":"2025-12-03T17:35:21","modified_gmt":"2025-12-03T14:35:21","slug":"31-aralik-tatil-mi-yarim-gun-mu","status":"publish","type":"post","link":"https:\/\/www.kariyer.net\/kariyer-rehberi\/31-aralik-tatil-mi-yarim-gun-mu\/","title":{"rendered":"31 Aral\u0131k tatil mi, yar\u0131m g\u00fcn m\u00fc?"},"content":{"rendered":"<div class=\"flex-shrink-0 flex flex-col relative items-end\">\n<div>\n<div class=\"pt-0\">\n<div class=\"gizmo-bot-avatar flex h-8 w-8 items-center justify-center overflow-hidden rounded-full\">\n<div class=\"relative p-1 rounded-sm flex items-center justify-center bg-token-main-surface-primary text-token-text-primary h-8 w-8\"><strong>Y\u0131l\u0131n son g\u00fcn\u00fc olan 31 Aral\u0131k, pek \u00e7ok ki\u015fi i\u00e7in tatil planlar\u0131n\u0131n \u015fekillendi\u011fi bir tarih; ancak \u00e7al\u0131\u015fanlar i\u00e7in en \u00f6nemli soru \u015fu: 31 Aral\u0131k yar\u0131m g\u00fcn m\u00fc, yoksa tam mesai mi yap\u0131lacak?<\/strong><\/div>\n<\/div>\n<\/div>\n<\/div>\n<\/div>\n<div class=\"group\/conversation-turn relative flex w-full min-w-0 flex-col agent-turn\">\n<div class=\"flex-col gap-1 md:gap-3\">\n<div class=\"flex max-w-full flex-col flex-grow\">\n<div class=\"min-h-8 text-message flex w-full flex-col items-end gap-2 whitespace-normal break-words text-start [.text-message+&amp;]:mt-5\" dir=\"auto\" data-message-author-role=\"assistant\" data-message-id=\"5bb96165-e108-49c9-8f78-27ee54a7b824\" data-message-model-slug=\"gpt-4o\">\n<div class=\"flex w-full flex-col gap-1 empty:hidden first:pt-[3px]\">\n<div class=\"markdown prose w-full break-words dark:prose-invert light\">\n<p><a href=\"https:\/\/www.kariyer.net\/kariyer-rehberi\/2026-resmi-tatil-gunleri\/\" target=\"_blank\" rel=\"noopener\"><strong>Resmi tatil takvimine<\/strong><\/a> g\u00f6re, 31 Aral\u0131k normal bir i\u015f g\u00fcn\u00fc olarak kabul ediliyor. Yani bu tarihte kamu ve \u00f6zel sekt\u00f6rde \u00e7al\u0131\u015fanlar tam mesai yap\u0131yor; ancak baz\u0131 i\u015f yerleri, \u00e7al\u0131\u015fanlar\u0131na y\u0131lba\u015f\u0131 kutlamalar\u0131 veya motivasyon amac\u0131yla yar\u0131m g\u00fcn izin verebiliyor. Bu tamamen i\u015fverenin inisiyatifine ba\u011fl\u0131 bir durum.<\/p>\n<h2>Resmi tatiller ve y\u0131lba\u015f\u0131 g\u00fcn\u00fc<\/h2>\n<p>1 Ocak, T\u00fcrkiye&#8217;de <strong>y\u0131lba\u015f\u0131 resmi tatili<\/strong> olarak kabul edilir ve her y\u0131l tatil g\u00fcnleri aras\u0131nda yer al\u0131r. Ancak, 31 Aral\u0131k i\u00e7in resmi bir yar\u0131m g\u00fcn tatil durumu s\u00f6z konusu de\u011fildir. Yine de bir\u00e7ok \u015firket, \u00e7al\u0131\u015fanlar\u0131na jest yaparak bu g\u00fcn\u00fc yar\u0131m g\u00fcn izinli ilan edebilir.<\/p>\n<h2>\u00c7al\u0131\u015fanlar ne yapmal\u0131?<\/h2>\n<p>31 Aral\u0131k\u2019ta yar\u0131m g\u00fcn \u00e7al\u0131\u015f\u0131p \u00e7al\u0131\u015fmayaca\u011f\u0131n\u0131 \u00f6\u011frenmek i\u00e7in ba\u011fl\u0131 oldu\u011fun kurumun veya \u015firketin y\u0131l sonu program\u0131n\u0131 kontrol etmende fayda var. E\u011fer izin veya erken \u00e7\u0131k\u0131\u015f imk\u00e2n\u0131 sunuluyorsa, bu g\u00fcn\u00fc keyifli bir \u015fekilde de\u011ferlendirmek i\u00e7in \u015fimdiden plan yapabilirsin.<\/p>\n<\/div>\n<\/div>\n<\/div>\n<\/div>\n<\/div>\n<\/div>\n<!-- templates\/buttons-placeholder.php -->\n<div class=\"da-reactions-outer TpostID21584\">\n\t    <div class=\"da-reactions-data da-reactions-container-async center\"\n         data-type=\"post\"\n         data-id=\"21584\"\n         id=\"da-reactions-slot-post-21584\">\n        <div class=\"da-reactions-static\">\n\t\t\t<img src=\"https:\/\/www.kariyer.net\/kariyer-rehberi\/wp-content\/plugins\/da-reactions\/assets\/dist\/loading.svg\" alt=\"Loading spinner\" width=\"48\" height=\"48\" style=\"width:48px\" \/>\n        <\/div>\n    <\/div>\n<\/div>\n","protected":false},"excerpt":{"rendered":"<p>Y\u0131l\u0131n son g\u00fcn\u00fc olan 31 Aral\u0131k, pek \u00e7ok ki\u015fi i\u00e7in tatil planlar\u0131n\u0131n \u015fekillendi\u011fi bir tarih; ancak \u00e7al\u0131\u015fanlar i\u00e7in en \u00f6nemli soru \u015fu: 31 Aral\u0131k yar\u0131m g\u00fcn m\u00fc, yoksa tam mesai mi yap\u0131lacak? Resmi tatil takvimine g\u00f6re, 31 Aral\u0131k normal bir i\u015f g\u00fcn\u00fc olarak kabul ediliyor. Yani bu tarihte kamu ve \u00f6zel sekt\u00f6rde \u00e7al\u0131\u015fanlar tam mesai [&hellip;]<\/p>\n<!-- templates\/buttons-placeholder.php -->\n<div class=\"da-reactions-outer TpostID21584\">\n\t    <div class=\"da-reactions-data da-reactions-container-async center\"\n         data-type=\"post\"\n         data-id=\"21584\"\n         id=\"da-reactions-slot-post-21584\">\n        <div class=\"da-reactions-static\">\n\t\t\t<img src=\"https:\/\/www.kariyer.net\/kariyer-rehberi\/wp-content\/plugins\/da-reactions\/assets\/dist\/loading.svg\" alt=\"Loading spinner\" width=\"48\" height=\"48\" style=\"width:48px\" \/>\n        <\/div>\n    <\/div>\n<\/div>\n","protected":false},"author":12,"featured_media":21585,"comment_status":"closed","ping_status":"open","sticky":false,"template":"","format":"standard","meta":{"footnotes":"","_elementor_edit_mode":"","_elementor_template_type":"","_elementor_data":"","_elementor_page_settings":null,"_elementor_conditions":[]},"categories":[2214],"tags":[],"class_list":{"0":"post-21584","1":"post","2":"type-post","3":"status-publish","4":"format-standard","5":"has-post-thumbnail","7":"category-yasam"},"yoast_head":"<!-- This site is optimized with the Yoast SEO Premium plugin v21.4 (Yoast SEO v27.0) - https:\/\/yoast.com\/product\/yoast-seo-premium-wordpress\/ -->\n<title>31 Aral\u0131k tatil mi, yar\u0131m g\u00fcn m\u00fc?<\/title>\n<meta name=\"description\" content=\"31 Aral\u0131k, pek \u00e7ok ki\u015fi i\u00e7in tatil planlar\u0131n\u0131n \u015fekillendi\u011fi bir tarih! Peki, 31 Aral\u0131k yar\u0131m g\u00fcn m\u00fc, yoksa tam mesai mi yap\u0131lacak?\" \/>\n<meta name=\"robots\" content=\"index, follow, max-snippet:-1, max-image-preview:large, max-video-preview:-1\" \/>\n<link rel=\"canonical\" href=\"https:\/\/www.kariyer.net\/kariyer-rehberi\/31-aralik-tatil-mi-yarim-gun-mu\/\" \/>\n<meta property=\"og:locale\" content=\"tr_TR\" \/>\n<meta property=\"og:type\" content=\"article\" \/>\n<meta property=\"og:title\" content=\"31 Aral\u0131k tatil mi, yar\u0131m g\u00fcn m\u00fc?\" \/>\n<meta property=\"og:description\" content=\"Y\u0131l\u0131n son g\u00fcn\u00fc olan 31 Aral\u0131k, pek \u00e7ok ki\u015fi i\u00e7in tatil planlar\u0131n\u0131n \u015fekillendi\u011fi bir tarih; ancak \u00e7al\u0131\u015fanlar i\u00e7in en \u00f6nemli soru \u015fu: 31 Aral\u0131k yar\u0131m g\u00fcn\" \/>\n<meta property=\"og:url\" content=\"https:\/\/www.kariyer.net\/kariyer-rehberi\/31-aralik-tatil-mi-yarim-gun-mu\/\" \/>\n<meta property=\"og:site_name\" content=\"Kariyer Rehberi\" \/>\n<meta property=\"article:published_time\" content=\"2025-12-03T11:37:58+00:00\" \/>\n<meta property=\"article:modified_time\" content=\"2025-12-03T14:35:21+00:00\" \/>\n<meta property=\"og:image\" content=\"https:\/\/www.kariyer.net\/kariyer-rehberi\/wp-content\/uploads\/2024\/12\/31_aralik_tatil_mi.jpg\" \/>\n\t<meta property=\"og:image:width\" content=\"900\" \/>\n\t<meta property=\"og:image:height\" content=\"600\" \/>\n\t<meta property=\"og:image:type\" content=\"image\/jpeg\" \/>\n<meta name=\"author\" content=\"Edit\u00f6r\" \/>\n<meta name=\"twitter:card\" content=\"summary_large_image\" \/>\n<meta name=\"twitter:label1\" content=\"Yazan:\" \/>\n\t<meta name=\"twitter:data1\" content=\"Edit\u00f6r\" \/>\n\t<meta name=\"twitter:label2\" content=\"Tahmini okuma s\u00fcresi\" \/>\n\t<meta name=\"twitter:data2\" content=\"2 dakika\" \/>\n<!-- \/ Yoast SEO Premium plugin. -->","yoast_head_json":{"title":"31 Aral\u0131k tatil mi, yar\u0131m g\u00fcn m\u00fc?","description":"31 Aral\u0131k, pek \u00e7ok ki\u015fi i\u00e7in tatil planlar\u0131n\u0131n \u015fekillendi\u011fi bir tarih! Peki, 31 Aral\u0131k yar\u0131m g\u00fcn m\u00fc, yoksa tam mesai mi yap\u0131lacak?","robots":{"index":"index","follow":"follow","max-snippet":"max-snippet:-1","max-image-preview":"max-image-preview:large","max-video-preview":"max-video-preview:-1"},"canonical":"https:\/\/www.kariyer.net\/kariyer-rehberi\/31-aralik-tatil-mi-yarim-gun-mu\/","og_locale":"tr_TR","og_type":"article","og_title":"31 Aral\u0131k tatil mi, yar\u0131m g\u00fcn m\u00fc?","og_description":"Y\u0131l\u0131n son g\u00fcn\u00fc olan 31 Aral\u0131k, pek \u00e7ok ki\u015fi i\u00e7in tatil planlar\u0131n\u0131n \u015fekillendi\u011fi bir tarih; ancak \u00e7al\u0131\u015fanlar i\u00e7in en \u00f6nemli soru \u015fu: 31 Aral\u0131k yar\u0131m g\u00fcn","og_url":"https:\/\/www.kariyer.net\/kariyer-rehberi\/31-aralik-tatil-mi-yarim-gun-mu\/","og_site_name":"Kariyer Rehberi","article_published_time":"2025-12-03T11:37:58+00:00","article_modified_time":"2025-12-03T14:35:21+00:00","og_image":[{"width":900,"height":600,"url":"https:\/\/www.kariyer.net\/kariyer-rehberi\/wp-content\/uploads\/2024\/12\/31_aralik_tatil_mi.jpg","type":"image\/jpeg"}],"author":"Edit\u00f6r","twitter_card":"summary_large_image","twitter_misc":{"Yazan:":"Edit\u00f6r","Tahmini okuma s\u00fcresi":"2 dakika"},"schema":{"@context":"https:\/\/schema.org","@graph":[{"@type":"Article","@id":"https:\/\/www.kariyer.net\/kariyer-rehberi\/31-aralik-tatil-mi-yarim-gun-mu\/#article","isPartOf":{"@id":"https:\/\/www.kariyer.net\/kariyer-rehberi\/31-aralik-tatil-mi-yarim-gun-mu\/"},"author":{"name":"Edit\u00f6r","@id":"https:\/\/www.kariyer.net\/kariyer-rehberi\/#\/schema\/person\/94fd6e49c7ff1b1b2565a2cc4fd685dd"},"headline":"31 Aral\u0131k tatil mi, yar\u0131m g\u00fcn m\u00fc?","datePublished":"2025-12-03T11:37:58+00:00","dateModified":"2025-12-03T14:35:21+00:00","mainEntityOfPage":{"@id":"https:\/\/www.kariyer.net\/kariyer-rehberi\/31-aralik-tatil-mi-yarim-gun-mu\/"},"wordCount":237,"publisher":{"@id":"https:\/\/www.kariyer.net\/kariyer-rehberi\/#organization"},"image":{"@id":"https:\/\/www.kariyer.net\/kariyer-rehberi\/31-aralik-tatil-mi-yarim-gun-mu\/#primaryimage"},"thumbnailUrl":"https:\/\/www.kariyer.net\/kariyer-rehberi\/wp-content\/uploads\/2024\/12\/31_aralik_tatil_mi.jpg","articleSection":["Ya\u015fam"],"inLanguage":"tr"},{"@type":"WebPage","@id":"https:\/\/www.kariyer.net\/kariyer-rehberi\/31-aralik-tatil-mi-yarim-gun-mu\/","url":"https:\/\/www.kariyer.net\/kariyer-rehberi\/31-aralik-tatil-mi-yarim-gun-mu\/","name":"31 Aral\u0131k tatil mi, yar\u0131m g\u00fcn m\u00fc?","isPartOf":{"@id":"https:\/\/www.kariyer.net\/kariyer-rehberi\/#website"},"primaryImageOfPage":{"@id":"https:\/\/www.kariyer.net\/kariyer-rehberi\/31-aralik-tatil-mi-yarim-gun-mu\/#primaryimage"},"image":{"@id":"https:\/\/www.kariyer.net\/kariyer-rehberi\/31-aralik-tatil-mi-yarim-gun-mu\/#primaryimage"},"thumbnailUrl":"https:\/\/www.kariyer.net\/kariyer-rehberi\/wp-content\/uploads\/2024\/12\/31_aralik_tatil_mi.jpg","datePublished":"2025-12-03T11:37:58+00:00","dateModified":"2025-12-03T14:35:21+00:00","description":"31 Aral\u0131k, pek \u00e7ok ki\u015fi i\u00e7in tatil planlar\u0131n\u0131n \u015fekillendi\u011fi bir tarih! Peki, 31 Aral\u0131k yar\u0131m g\u00fcn m\u00fc, yoksa tam mesai mi yap\u0131lacak?","breadcrumb":{"@id":"https:\/\/www.kariyer.net\/kariyer-rehberi\/31-aralik-tatil-mi-yarim-gun-mu\/#breadcrumb"},"inLanguage":"tr","potentialAction":[{"@type":"ReadAction","target":["https:\/\/www.kariyer.net\/kariyer-rehberi\/31-aralik-tatil-mi-yarim-gun-mu\/"]}]},{"@type":"ImageObject","inLanguage":"tr","@id":"https:\/\/www.kariyer.net\/kariyer-rehberi\/31-aralik-tatil-mi-yarim-gun-mu\/#primaryimage","url":"https:\/\/www.kariyer.net\/kariyer-rehberi\/wp-content\/uploads\/2024\/12\/31_aralik_tatil_mi.jpg","contentUrl":"https:\/\/www.kariyer.net\/kariyer-rehberi\/wp-content\/uploads\/2024\/12\/31_aralik_tatil_mi.jpg","width":900,"height":600},{"@type":"BreadcrumbList","@id":"https:\/\/www.kariyer.net\/kariyer-rehberi\/31-aralik-tatil-mi-yarim-gun-mu\/#breadcrumb","itemListElement":[{"@type":"ListItem","position":1,"name":"Anasayfa","item":"https:\/\/www.kariyer.net\/kariyer-rehberi\/"},{"@type":"ListItem","position":2,"name":"31 Aral\u0131k tatil mi, yar\u0131m g\u00fcn m\u00fc?"}]},{"@type":"WebSite","@id":"https:\/\/www.kariyer.net\/kariyer-rehberi\/#website","url":"https:\/\/www.kariyer.net\/kariyer-rehberi\/","name":"Kariyer Rehberi","description":"\u0130\u015f D\u00fcnyas\u0131yla \u0130lgili Bilmek \u0130stedi\u011finiz Her \u015eey","publisher":{"@id":"https:\/\/www.kariyer.net\/kariyer-rehberi\/#organization"},"potentialAction":[{"@type":"SearchAction","target":{"@type":"EntryPoint","urlTemplate":"https:\/\/www.kariyer.net\/kariyer-rehberi\/?s={search_term_string}"},"query-input":{"@type":"PropertyValueSpecification","valueRequired":true,"valueName":"search_term_string"}}],"inLanguage":"tr"},{"@type":"Organization","@id":"https:\/\/www.kariyer.net\/kariyer-rehberi\/#organization","name":"Kariyer.net","url":"https:\/\/www.kariyer.net\/kariyer-rehberi\/","logo":{"@type":"ImageObject","inLanguage":"tr","@id":"https:\/\/www.kariyer.net\/kariyer-rehberi\/#\/schema\/logo\/image\/","url":"https:\/\/www.kariyer.net\/kariyer-rehberi-new\/wp-content\/uploads\/2023\/01\/og-image11.jpg","contentUrl":"https:\/\/www.kariyer.net\/kariyer-rehberi-new\/wp-content\/uploads\/2023\/01\/og-image11.jpg","width":800,"height":800,"caption":"Kariyer.net"},"image":{"@id":"https:\/\/www.kariyer.net\/kariyer-rehberi\/#\/schema\/logo\/image\/"}},{"@type":"Person","@id":"https:\/\/www.kariyer.net\/kariyer-rehberi\/#\/schema\/person\/94fd6e49c7ff1b1b2565a2cc4fd685dd","name":"Edit\u00f6r","image":{"@type":"ImageObject","inLanguage":"tr","@id":"https:\/\/www.kariyer.net\/kariyer-rehberi\/#\/schema\/person\/image\/","url":"https:\/\/secure.gravatar.com\/avatar\/0c4fe6688343aed3693b15573beae12c08ace5565409d5ab7509bf9c115f458d?s=96&d=mm&r=g","contentUrl":"https:\/\/secure.gravatar.com\/avatar\/0c4fe6688343aed3693b15573beae12c08ace5565409d5ab7509bf9c115f458d?s=96&d=mm&r=g","caption":"Edit\u00f6r"},"url":"https:\/\/www.kariyer.net\/kariyer-rehberi\/author\/editor\/"}]}},"_links":{"self":[{"href":"https:\/\/www.kariyer.net\/kariyer-rehberi\/wp-json\/wp\/v2\/posts\/21584","targetHints":{"allow":["GET"]}}],"collection":[{"href":"https:\/\/www.kariyer.net\/kariyer-rehberi\/wp-json\/wp\/v2\/posts"}],"about":[{"href":"https:\/\/www.kariyer.net\/kariyer-rehberi\/wp-json\/wp\/v2\/types\/post"}],"author":[{"embeddable":true,"href":"https:\/\/www.kariyer.net\/kariyer-rehberi\/wp-json\/wp\/v2\/users\/12"}],"replies":[{"embeddable":true,"href":"https:\/\/www.kariyer.net\/kariyer-rehberi\/wp-json\/wp\/v2\/comments?post=21584"}],"version-history":[{"count":3,"href":"https:\/\/www.kariyer.net\/kariyer-rehberi\/wp-json\/wp\/v2\/posts\/21584\/revisions"}],"predecessor-version":[{"id":22667,"href":"https:\/\/www.kariyer.net\/kariyer-rehberi\/wp-json\/wp\/v2\/posts\/21584\/revisions\/22667"}],"wp:featuredmedia":[{"embeddable":true,"href":"https:\/\/www.kariyer.net\/kariyer-rehberi\/wp-json\/wp\/v2\/media\/21585"}],"wp:attachment":[{"href":"https:\/\/www.kariyer.net\/kariyer-rehberi\/wp-json\/wp\/v2\/media?parent=21584"}],"wp:term":[{"taxonomy":"category","embeddable":true,"href":"https:\/\/www.kariyer.net\/kariyer-rehberi\/wp-json\/wp\/v2\/categories?post=21584"},{"taxonomy":"post_tag","embeddable":true,"href":"https:\/\/www.kariyer.net\/kariyer-rehberi\/wp-json\/wp\/v2\/tags?post=21584"}],"curies":[{"name":"wp","href":"https:\/\/api.w.org\/{rel}","templated":true}]}}