{"id":21764,"date":"2026-01-19T05:04:12","date_gmt":"2026-01-19T02:04:12","guid":{"rendered":"https:\/\/www.kariyer.net\/kariyer-rehberi\/?p=21764"},"modified":"2026-01-27T17:35:51","modified_gmt":"2026-01-27T14:35:51","slug":"turizm-kariyer-gunlerinde-is-ve-staj-firsati-seni-bekliyor","status":"publish","type":"post","link":"https:\/\/www.kariyer.net\/kariyer-rehberi\/turizm-kariyer-gunlerinde-is-ve-staj-firsati-seni-bekliyor\/","title":{"rendered":"Turizm Kariyer G\u00fcnleri&#8217;nde i\u015f ve staj f\u0131rsat\u0131 seni bekliyor!"},"content":{"rendered":"<div class=\"flex max-w-full flex-col flex-grow\">\n<div class=\"min-h-8 text-message flex w-full flex-col items-end gap-2 whitespace-normal break-words text-start [.text-message+&amp;]:mt-5\" dir=\"auto\" data-message-author-role=\"assistant\" data-message-id=\"15c67082-d30d-49cf-81a7-a76b975f66d1\" data-message-model-slug=\"gpt-4o\">\n<div class=\"flex w-full flex-col gap-1 empty:hidden first:pt-[3px]\">\n<div class=\"markdown prose w-full break-words dark:prose-invert light\">\n<p><strong>Turizm sekt\u00f6r\u00fcn\u00fcn lider firmalar\u0131yla bire bir tan\u0131\u015fma ve kariyerine y\u00f6n verme f\u0131rsat\u0131n\u0131 ka\u00e7\u0131rma! 12 \u015eubat\u2019ta online ger\u00e7ekle\u015fecek Turizm Kariyer G\u00fcnleri\u2019nde yerini al, staj ve i\u015f f\u0131rsatlar\u0131n\u0131 erkenden ke\u015ffet!<\/strong><\/p>\n<h2><strong>Seni neler bekliyor?<\/strong><\/h2>\n<ul>\n<li>Turizmcilerle bire bir tan\u0131\u015fma ayr\u0131cal\u0131\u011f\u0131,<\/li>\n<li>Yetkililerle \u00f6n g\u00f6r\u00fc\u015fme ger\u00e7ekle\u015ftirme kolayl\u0131\u011f\u0131,<\/li>\n<li>Canl\u0131 yay\u0131nlarda firma yetkililerine soru sorma f\u0131rsat\u0131,<\/li>\n<li>Onlarca otel ve turizm \u015firketinde <strong>i\u015f ve staj imkan\u0131.<\/strong><\/li>\n<\/ul>\n<div id=\"lp-pom-text-1215\" class=\"lp-element lp-pom-text nlh\" data-gtm-vis-has-fired55534743_119=\"1\">\n<h2>Kimler kat\u0131labilir?<\/h2>\n<\/div>\n<div id=\"lp-pom-text-1216\" class=\"lp-element lp-pom-text nlh\" data-gtm-vis-has-fired55534743_119=\"1\">\n<p>\u00dcniversitelerin turizm b\u00f6l\u00fcmlerinde okuyorsan,\u00a0yeni mezun\u00a0ya da\u00a0turizmde \u00e7al\u0131\u015fm\u0131\u015f bir profesyonelsen seni de fuara bekliyoruz.\u00a0Bu sezonda \u00e7al\u0131\u015faca\u011f\u0131n ya da staj yapaca\u011f\u0131n firmay\u0131 \u015fimdiden bulmak i\u00e7in elini \u00e7abuk tut!<\/p>\n<\/div>\n<h2><strong>Ne zaman ve nerede?<\/strong><\/h2>\n<p>Etkinlik online platform \u00fczerinden ger\u00e7ekle\u015fecek ve kolayca eri\u015fim sa\u011flayabileceksin. Detayl\u0131 bilgi ve kat\u0131l\u0131m i\u00e7in <strong><a href=\"https:\/\/event.kariyer.net\/dK5I93\" target=\"_blank\" rel=\"noopener\">buraya<\/a><\/strong> t\u0131klayabilirsin.<\/p>\n<p>Unutma! Gelece\u011fin bu fuarda!<br \/>\n12 \u015eubat\u2019ta g\u00f6r\u00fc\u015fmek \u00fczere!<\/p>\n<\/div>\n<\/div>\n<\/div>\n<\/div>\n<!-- templates\/buttons-placeholder.php -->\n<div class=\"da-reactions-outer TpostID21764\">\n\t    <div class=\"da-reactions-data da-reactions-container-async center\"\n         data-type=\"post\"\n         data-id=\"21764\"\n         id=\"da-reactions-slot-post-21764\">\n        <div class=\"da-reactions-static\">\n\t\t\t<img src=\"https:\/\/www.kariyer.net\/kariyer-rehberi\/wp-content\/plugins\/da-reactions\/assets\/dist\/loading.svg\" alt=\"Loading spinner\" width=\"48\" height=\"48\" style=\"width:48px\" \/>\n        <\/div>\n    <\/div>\n<\/div>\n","protected":false},"excerpt":{"rendered":"<p>Turizm sekt\u00f6r\u00fcn\u00fcn lider firmalar\u0131yla bire bir tan\u0131\u015fma ve kariyerine y\u00f6n verme f\u0131rsat\u0131n\u0131 ka\u00e7\u0131rma! 12 \u015eubat\u2019ta online ger\u00e7ekle\u015fecek Turizm Kariyer G\u00fcnleri\u2019nde yerini al, staj ve i\u015f f\u0131rsatlar\u0131n\u0131 erkenden ke\u015ffet! Seni neler bekliyor? Turizmcilerle bire bir tan\u0131\u015fma ayr\u0131cal\u0131\u011f\u0131, Yetkililerle \u00f6n g\u00f6r\u00fc\u015fme ger\u00e7ekle\u015ftirme kolayl\u0131\u011f\u0131, Canl\u0131 yay\u0131nlarda firma yetkililerine soru sorma f\u0131rsat\u0131, Onlarca otel ve turizm \u015firketinde i\u015f ve [&hellip;]<\/p>\n<!-- templates\/buttons-placeholder.php -->\n<div class=\"da-reactions-outer TpostID21764\">\n\t    <div class=\"da-reactions-data da-reactions-container-async center\"\n         data-type=\"post\"\n         data-id=\"21764\"\n         id=\"da-reactions-slot-post-21764\">\n        <div class=\"da-reactions-static\">\n\t\t\t<img src=\"https:\/\/www.kariyer.net\/kariyer-rehberi\/wp-content\/plugins\/da-reactions\/assets\/dist\/loading.svg\" alt=\"Loading spinner\" width=\"48\" height=\"48\" style=\"width:48px\" \/>\n        <\/div>\n    <\/div>\n<\/div>\n","protected":false},"author":12,"featured_media":22752,"comment_status":"closed","ping_status":"open","sticky":false,"template":"","format":"standard","meta":{"footnotes":"","_elementor_edit_mode":"","_elementor_template_type":"","_elementor_data":"","_elementor_page_settings":null,"_elementor_conditions":[]},"categories":[2203],"tags":[],"class_list":{"0":"post-21764","1":"post","2":"type-post","3":"status-publish","4":"format-standard","5":"has-post-thumbnail","7":"category-haberler-duyurular"},"yoast_head":"<!-- This site is optimized with the Yoast SEO Premium plugin v21.4 (Yoast SEO v27.0) - https:\/\/yoast.com\/product\/yoast-seo-premium-wordpress\/ -->\n<title>Turizm Kariyer G\u00fcnleri&#039;nde i\u015f ve staj f\u0131rsat\u0131 seni bekliyor!<\/title>\n<meta name=\"description\" content=\"Turizm sekt\u00f6r\u00fcn\u00fcn lider firmalar\u0131yla tan\u0131\u015fma f\u0131rsat\u0131n\u0131 ka\u00e7\u0131rma! 19 \u015eubat\u2019ta ger\u00e7ekle\u015fecek Turizm Kariyer G\u00fcnleri\u2019nde yerini al!\" \/>\n<meta name=\"robots\" content=\"index, follow, max-snippet:-1, max-image-preview:large, max-video-preview:-1\" \/>\n<link rel=\"canonical\" href=\"https:\/\/www.kariyer.net\/kariyer-rehberi\/turizm-kariyer-gunlerinde-is-ve-staj-firsati-seni-bekliyor\/\" \/>\n<meta property=\"og:locale\" content=\"tr_TR\" \/>\n<meta property=\"og:type\" content=\"article\" \/>\n<meta property=\"og:title\" content=\"Turizm Kariyer G\u00fcnleri&#039;nde i\u015f ve staj f\u0131rsat\u0131 seni bekliyor!\" \/>\n<meta property=\"og:description\" content=\"Turizm sekt\u00f6r\u00fcn\u00fcn lider firmalar\u0131yla bire bir tan\u0131\u015fma ve kariyerine y\u00f6n verme f\u0131rsat\u0131n\u0131 ka\u00e7\u0131rma! 12 \u015eubat\u2019ta online ger\u00e7ekle\u015fecek Turizm Kariyer\" \/>\n<meta property=\"og:url\" content=\"https:\/\/www.kariyer.net\/kariyer-rehberi\/turizm-kariyer-gunlerinde-is-ve-staj-firsati-seni-bekliyor\/\" \/>\n<meta property=\"og:site_name\" content=\"Kariyer Rehberi\" \/>\n<meta property=\"article:published_time\" content=\"2026-01-19T02:04:12+00:00\" \/>\n<meta property=\"article:modified_time\" content=\"2026-01-27T14:35:51+00:00\" \/>\n<meta property=\"og:image\" content=\"https:\/\/www.kariyer.net\/kariyer-rehberi\/wp-content\/uploads\/2025\/01\/12-Subat-2026-Turizmde-Kariyer-Gunleri-blog-gorseli-.png\" \/>\n\t<meta property=\"og:image:width\" content=\"900\" \/>\n\t<meta property=\"og:image:height\" content=\"600\" \/>\n\t<meta property=\"og:image:type\" content=\"image\/png\" \/>\n<meta name=\"author\" content=\"Edit\u00f6r\" \/>\n<meta name=\"twitter:card\" content=\"summary_large_image\" \/>\n<meta name=\"twitter:label1\" content=\"Yazan:\" \/>\n\t<meta name=\"twitter:data1\" content=\"Edit\u00f6r\" \/>\n\t<meta name=\"twitter:label2\" content=\"Tahmini okuma s\u00fcresi\" \/>\n\t<meta name=\"twitter:data2\" content=\"1 dakika\" \/>\n<!-- \/ Yoast SEO Premium plugin. -->","yoast_head_json":{"title":"Turizm Kariyer G\u00fcnleri'nde i\u015f ve staj f\u0131rsat\u0131 seni bekliyor!","description":"Turizm sekt\u00f6r\u00fcn\u00fcn lider firmalar\u0131yla tan\u0131\u015fma f\u0131rsat\u0131n\u0131 ka\u00e7\u0131rma! 19 \u015eubat\u2019ta ger\u00e7ekle\u015fecek Turizm Kariyer G\u00fcnleri\u2019nde yerini al!","robots":{"index":"index","follow":"follow","max-snippet":"max-snippet:-1","max-image-preview":"max-image-preview:large","max-video-preview":"max-video-preview:-1"},"canonical":"https:\/\/www.kariyer.net\/kariyer-rehberi\/turizm-kariyer-gunlerinde-is-ve-staj-firsati-seni-bekliyor\/","og_locale":"tr_TR","og_type":"article","og_title":"Turizm Kariyer G\u00fcnleri'nde i\u015f ve staj f\u0131rsat\u0131 seni bekliyor!","og_description":"Turizm sekt\u00f6r\u00fcn\u00fcn lider firmalar\u0131yla bire bir tan\u0131\u015fma ve kariyerine y\u00f6n verme f\u0131rsat\u0131n\u0131 ka\u00e7\u0131rma! 12 \u015eubat\u2019ta online ger\u00e7ekle\u015fecek Turizm Kariyer","og_url":"https:\/\/www.kariyer.net\/kariyer-rehberi\/turizm-kariyer-gunlerinde-is-ve-staj-firsati-seni-bekliyor\/","og_site_name":"Kariyer Rehberi","article_published_time":"2026-01-19T02:04:12+00:00","article_modified_time":"2026-01-27T14:35:51+00:00","og_image":[{"width":900,"height":600,"url":"https:\/\/www.kariyer.net\/kariyer-rehberi\/wp-content\/uploads\/2025\/01\/12-Subat-2026-Turizmde-Kariyer-Gunleri-blog-gorseli-.png","type":"image\/png"}],"author":"Edit\u00f6r","twitter_card":"summary_large_image","twitter_misc":{"Yazan:":"Edit\u00f6r","Tahmini okuma s\u00fcresi":"1 dakika"},"schema":{"@context":"https:\/\/schema.org","@graph":[{"@type":"Article","@id":"https:\/\/www.kariyer.net\/kariyer-rehberi\/turizm-kariyer-gunlerinde-is-ve-staj-firsati-seni-bekliyor\/#article","isPartOf":{"@id":"https:\/\/www.kariyer.net\/kariyer-rehberi\/turizm-kariyer-gunlerinde-is-ve-staj-firsati-seni-bekliyor\/"},"author":{"name":"Edit\u00f6r","@id":"https:\/\/www.kariyer.net\/kariyer-rehberi\/#\/schema\/person\/94fd6e49c7ff1b1b2565a2cc4fd685dd"},"headline":"Turizm Kariyer G\u00fcnleri&#8217;nde i\u015f ve staj f\u0131rsat\u0131 seni bekliyor!","datePublished":"2026-01-19T02:04:12+00:00","dateModified":"2026-01-27T14:35:51+00:00","mainEntityOfPage":{"@id":"https:\/\/www.kariyer.net\/kariyer-rehberi\/turizm-kariyer-gunlerinde-is-ve-staj-firsati-seni-bekliyor\/"},"wordCount":172,"publisher":{"@id":"https:\/\/www.kariyer.net\/kariyer-rehberi\/#organization"},"image":{"@id":"https:\/\/www.kariyer.net\/kariyer-rehberi\/turizm-kariyer-gunlerinde-is-ve-staj-firsati-seni-bekliyor\/#primaryimage"},"thumbnailUrl":"https:\/\/www.kariyer.net\/kariyer-rehberi\/wp-content\/uploads\/2025\/01\/12-Subat-2026-Turizmde-Kariyer-Gunleri-blog-gorseli-.png","articleSection":["Haberler ve Duyurular"],"inLanguage":"tr"},{"@type":"WebPage","@id":"https:\/\/www.kariyer.net\/kariyer-rehberi\/turizm-kariyer-gunlerinde-is-ve-staj-firsati-seni-bekliyor\/","url":"https:\/\/www.kariyer.net\/kariyer-rehberi\/turizm-kariyer-gunlerinde-is-ve-staj-firsati-seni-bekliyor\/","name":"Turizm Kariyer G\u00fcnleri'nde i\u015f ve staj f\u0131rsat\u0131 seni bekliyor!","isPartOf":{"@id":"https:\/\/www.kariyer.net\/kariyer-rehberi\/#website"},"primaryImageOfPage":{"@id":"https:\/\/www.kariyer.net\/kariyer-rehberi\/turizm-kariyer-gunlerinde-is-ve-staj-firsati-seni-bekliyor\/#primaryimage"},"image":{"@id":"https:\/\/www.kariyer.net\/kariyer-rehberi\/turizm-kariyer-gunlerinde-is-ve-staj-firsati-seni-bekliyor\/#primaryimage"},"thumbnailUrl":"https:\/\/www.kariyer.net\/kariyer-rehberi\/wp-content\/uploads\/2025\/01\/12-Subat-2026-Turizmde-Kariyer-Gunleri-blog-gorseli-.png","datePublished":"2026-01-19T02:04:12+00:00","dateModified":"2026-01-27T14:35:51+00:00","description":"Turizm sekt\u00f6r\u00fcn\u00fcn lider firmalar\u0131yla tan\u0131\u015fma f\u0131rsat\u0131n\u0131 ka\u00e7\u0131rma! 19 \u015eubat\u2019ta ger\u00e7ekle\u015fecek Turizm Kariyer G\u00fcnleri\u2019nde yerini al!","breadcrumb":{"@id":"https:\/\/www.kariyer.net\/kariyer-rehberi\/turizm-kariyer-gunlerinde-is-ve-staj-firsati-seni-bekliyor\/#breadcrumb"},"inLanguage":"tr","potentialAction":[{"@type":"ReadAction","target":["https:\/\/www.kariyer.net\/kariyer-rehberi\/turizm-kariyer-gunlerinde-is-ve-staj-firsati-seni-bekliyor\/"]}]},{"@type":"ImageObject","inLanguage":"tr","@id":"https:\/\/www.kariyer.net\/kariyer-rehberi\/turizm-kariyer-gunlerinde-is-ve-staj-firsati-seni-bekliyor\/#primaryimage","url":"https:\/\/www.kariyer.net\/kariyer-rehberi\/wp-content\/uploads\/2025\/01\/12-Subat-2026-Turizmde-Kariyer-Gunleri-blog-gorseli-.png","contentUrl":"https:\/\/www.kariyer.net\/kariyer-rehberi\/wp-content\/uploads\/2025\/01\/12-Subat-2026-Turizmde-Kariyer-Gunleri-blog-gorseli-.png","width":900,"height":600},{"@type":"BreadcrumbList","@id":"https:\/\/www.kariyer.net\/kariyer-rehberi\/turizm-kariyer-gunlerinde-is-ve-staj-firsati-seni-bekliyor\/#breadcrumb","itemListElement":[{"@type":"ListItem","position":1,"name":"Anasayfa","item":"https:\/\/www.kariyer.net\/kariyer-rehberi\/"},{"@type":"ListItem","position":2,"name":"Turizm Kariyer G\u00fcnleri&#8217;nde i\u015f ve staj f\u0131rsat\u0131 seni bekliyor!"}]},{"@type":"WebSite","@id":"https:\/\/www.kariyer.net\/kariyer-rehberi\/#website","url":"https:\/\/www.kariyer.net\/kariyer-rehberi\/","name":"Kariyer Rehberi","description":"\u0130\u015f D\u00fcnyas\u0131yla \u0130lgili Bilmek \u0130stedi\u011finiz Her \u015eey","publisher":{"@id":"https:\/\/www.kariyer.net\/kariyer-rehberi\/#organization"},"potentialAction":[{"@type":"SearchAction","target":{"@type":"EntryPoint","urlTemplate":"https:\/\/www.kariyer.net\/kariyer-rehberi\/?s={search_term_string}"},"query-input":{"@type":"PropertyValueSpecification","valueRequired":true,"valueName":"search_term_string"}}],"inLanguage":"tr"},{"@type":"Organization","@id":"https:\/\/www.kariyer.net\/kariyer-rehberi\/#organization","name":"Kariyer.net","url":"https:\/\/www.kariyer.net\/kariyer-rehberi\/","logo":{"@type":"ImageObject","inLanguage":"tr","@id":"https:\/\/www.kariyer.net\/kariyer-rehberi\/#\/schema\/logo\/image\/","url":"https:\/\/www.kariyer.net\/kariyer-rehberi-new\/wp-content\/uploads\/2023\/01\/og-image11.jpg","contentUrl":"https:\/\/www.kariyer.net\/kariyer-rehberi-new\/wp-content\/uploads\/2023\/01\/og-image11.jpg","width":800,"height":800,"caption":"Kariyer.net"},"image":{"@id":"https:\/\/www.kariyer.net\/kariyer-rehberi\/#\/schema\/logo\/image\/"}},{"@type":"Person","@id":"https:\/\/www.kariyer.net\/kariyer-rehberi\/#\/schema\/person\/94fd6e49c7ff1b1b2565a2cc4fd685dd","name":"Edit\u00f6r","image":{"@type":"ImageObject","inLanguage":"tr","@id":"https:\/\/www.kariyer.net\/kariyer-rehberi\/#\/schema\/person\/image\/","url":"https:\/\/secure.gravatar.com\/avatar\/0c4fe6688343aed3693b15573beae12c08ace5565409d5ab7509bf9c115f458d?s=96&d=mm&r=g","contentUrl":"https:\/\/secure.gravatar.com\/avatar\/0c4fe6688343aed3693b15573beae12c08ace5565409d5ab7509bf9c115f458d?s=96&d=mm&r=g","caption":"Edit\u00f6r"},"url":"https:\/\/www.kariyer.net\/kariyer-rehberi\/author\/editor\/"}]}},"_links":{"self":[{"href":"https:\/\/www.kariyer.net\/kariyer-rehberi\/wp-json\/wp\/v2\/posts\/21764","targetHints":{"allow":["GET"]}}],"collection":[{"href":"https:\/\/www.kariyer.net\/kariyer-rehberi\/wp-json\/wp\/v2\/posts"}],"about":[{"href":"https:\/\/www.kariyer.net\/kariyer-rehberi\/wp-json\/wp\/v2\/types\/post"}],"author":[{"embeddable":true,"href":"https:\/\/www.kariyer.net\/kariyer-rehberi\/wp-json\/wp\/v2\/users\/12"}],"replies":[{"embeddable":true,"href":"https:\/\/www.kariyer.net\/kariyer-rehberi\/wp-json\/wp\/v2\/comments?post=21764"}],"version-history":[{"count":4,"href":"https:\/\/www.kariyer.net\/kariyer-rehberi\/wp-json\/wp\/v2\/posts\/21764\/revisions"}],"predecessor-version":[{"id":22779,"href":"https:\/\/www.kariyer.net\/kariyer-rehberi\/wp-json\/wp\/v2\/posts\/21764\/revisions\/22779"}],"wp:featuredmedia":[{"embeddable":true,"href":"https:\/\/www.kariyer.net\/kariyer-rehberi\/wp-json\/wp\/v2\/media\/22752"}],"wp:attachment":[{"href":"https:\/\/www.kariyer.net\/kariyer-rehberi\/wp-json\/wp\/v2\/media?parent=21764"}],"wp:term":[{"taxonomy":"category","embeddable":true,"href":"https:\/\/www.kariyer.net\/kariyer-rehberi\/wp-json\/wp\/v2\/categories?post=21764"},{"taxonomy":"post_tag","embeddable":true,"href":"https:\/\/www.kariyer.net\/kariyer-rehberi\/wp-json\/wp\/v2\/tags?post=21764"}],"curies":[{"name":"wp","href":"https:\/\/api.w.org\/{rel}","templated":true}]}}