{"id":21779,"date":"2025-02-04T15:55:54","date_gmt":"2025-02-04T12:55:54","guid":{"rendered":"https:\/\/www.kariyer.net\/kariyer-rehberi\/?p=21779"},"modified":"2025-02-06T15:56:57","modified_gmt":"2025-02-06T12:56:57","slug":"2025te-kpss-lise-veya-on-lisans-sinavi-yapilacak-mi","status":"publish","type":"post","link":"https:\/\/www.kariyer.net\/kariyer-rehberi\/2025te-kpss-lise-veya-on-lisans-sinavi-yapilacak-mi\/","title":{"rendered":"2025&#8217;te KPSS lise veya \u00f6n lisans s\u0131nav\u0131 yap\u0131lacak m\u0131?"},"content":{"rendered":"<p><strong>Kamu Personel Se\u00e7me S\u0131nav\u0131 (KPSS), kamu sekt\u00f6r\u00fcnde g\u00f6rev almak isteyen adaylar i\u00e7in \u00f6nemli bir s\u0131nav. Her y\u0131l yap\u0131lan bu s\u0131nav, farkl\u0131 e\u011fitim seviyelerine g\u00f6re ayr\u0131l\u0131yor. Lise ve \u00f6n lisans mezunlar\u0131 i\u00e7in merak edilen en \u00f6nemli soru ise 2025\u2019te KPSS Orta\u00f6\u011fretim s\u0131nav\u0131n\u0131n olup olmad\u0131\u011f\u0131. Peki, 2025&#8217;te KPSS Orta\u00f6\u011fretim s\u0131nav\u0131 yap\u0131lacak m\u0131?\u00a0<\/strong><\/p>\n<h2><strong>KPSS orta\u00f6\u011fretim s\u0131nav\u0131 2025&#8217;te yap\u0131lmayacak!<\/strong><\/h2>\n<p>2025 y\u0131l\u0131 itibar\u0131yla, KPSS Orta\u00f6\u011fretim s\u0131nav\u0131 (lise mezunlar\u0131 i\u00e7in) yap\u0131lmayacak. Bu s\u0131nav, her iki y\u0131lda bir d\u00fczenleniyor ve son olarak 2024 y\u0131l\u0131nda yap\u0131ld\u0131. Yani, 2025&#8217;te lise mezunlar\u0131 i\u00e7in herhangi bir KPSS Orta\u00f6\u011fretim s\u0131nav\u0131 planda yok. Bir sonraki s\u0131nav\u0131n 2026 y\u0131l\u0131nda yap\u0131lmas\u0131 \u00f6ng\u00f6r\u00fcl\u00fcyor.<\/p>\n<h2><strong>KPSS \u00f6n lisans s\u0131nav\u0131 da 2025\u2019te yap\u0131lmayacak<\/strong><\/h2>\n<p>KPSS \u00f6n lisans s\u0131nav\u0131 da t\u0131pk\u0131 orta\u00f6\u011fretim s\u0131nav\u0131 gibi her iki y\u0131lda bir yap\u0131l\u0131yor. Son s\u0131nav 2024&#8217;te ger\u00e7ekle\u015ftirildi\u011fi i\u00e7in 2025 y\u0131l\u0131 i\u00e7in herhangi bir KPSS \u00f6n lisans s\u0131nav\u0131 yap\u0131lmayacak. Bu s\u0131nav i\u00e7in de bir sonraki tarih 2026 y\u0131l\u0131nda belli olacak.<\/p>\n<p>\u00d6zetle, 2025 y\u0131l\u0131nda sadece <strong><a href=\"https:\/\/www.kariyer.net\/kariyer-rehberi\/2025-kpss-ne-zaman-kpssye-kac-gun-kaldi\/\" target=\"_blank\" rel=\"noopener\">lisans mezunlar\u0131 i\u00e7in KPSS<\/a><\/strong> s\u0131navlar\u0131 yap\u0131lacak. Lise ve \u00f6n lisans mezunlar\u0131 i\u00e7in bir sonraki s\u0131nav 2026&#8217;da olacak. Adaylar\u0131n s\u0131nav tarihlerini takip etmeleri ve resmi a\u00e7\u0131klamalar\u0131 g\u00f6zden ge\u00e7irmeleri \u00f6nemli!<\/p>\n<!-- templates\/buttons-placeholder.php -->\n<div class=\"da-reactions-outer TpostID21779\">\n\t    <div class=\"da-reactions-data da-reactions-container-async center\"\n         data-type=\"post\"\n         data-id=\"21779\"\n         id=\"da-reactions-slot-post-21779\">\n        <div class=\"da-reactions-static\">\n\t\t\t<img src=\"https:\/\/www.kariyer.net\/kariyer-rehberi\/wp-content\/plugins\/da-reactions\/assets\/dist\/loading.svg\" alt=\"Loading spinner\" width=\"48\" height=\"48\" style=\"width:48px\" \/>\n        <\/div>\n    <\/div>\n<\/div>\n","protected":false},"excerpt":{"rendered":"<p>Kamu Personel Se\u00e7me S\u0131nav\u0131 (KPSS), kamu sekt\u00f6r\u00fcnde g\u00f6rev almak isteyen adaylar i\u00e7in \u00f6nemli bir s\u0131nav. Her y\u0131l yap\u0131lan bu s\u0131nav, farkl\u0131 e\u011fitim seviyelerine g\u00f6re ayr\u0131l\u0131yor. Lise ve \u00f6n lisans mezunlar\u0131 i\u00e7in merak edilen en \u00f6nemli soru ise 2025\u2019te KPSS Orta\u00f6\u011fretim s\u0131nav\u0131n\u0131n olup olmad\u0131\u011f\u0131. Peki, 2025&#8217;te KPSS Orta\u00f6\u011fretim s\u0131nav\u0131 yap\u0131lacak m\u0131?\u00a0 KPSS orta\u00f6\u011fretim s\u0131nav\u0131 2025&#8217;te yap\u0131lmayacak! [&hellip;]<\/p>\n<!-- templates\/buttons-placeholder.php -->\n<div class=\"da-reactions-outer TpostID21779\">\n\t    <div class=\"da-reactions-data da-reactions-container-async center\"\n         data-type=\"post\"\n         data-id=\"21779\"\n         id=\"da-reactions-slot-post-21779\">\n        <div class=\"da-reactions-static\">\n\t\t\t<img src=\"https:\/\/www.kariyer.net\/kariyer-rehberi\/wp-content\/plugins\/da-reactions\/assets\/dist\/loading.svg\" alt=\"Loading spinner\" width=\"48\" height=\"48\" style=\"width:48px\" \/>\n        <\/div>\n    <\/div>\n<\/div>\n","protected":false},"author":12,"featured_media":21780,"comment_status":"closed","ping_status":"open","sticky":false,"template":"","format":"standard","meta":{"footnotes":"","_elementor_edit_mode":"","_elementor_template_type":"","_elementor_data":"","_elementor_page_settings":null,"_elementor_conditions":[]},"categories":[2215],"tags":[],"class_list":{"0":"post-21779","1":"post","2":"type-post","3":"status-publish","4":"format-standard","5":"has-post-thumbnail","7":"category-kamuda-kariyer"},"yoast_head":"<!-- This site is optimized with the Yoast SEO Premium plugin v21.4 (Yoast SEO v27.0) - https:\/\/yoast.com\/product\/yoast-seo-premium-wordpress\/ -->\n<title>2025&#039;te KPSS lise veya \u00f6n lisans s\u0131nav\u0131 yap\u0131lacak m\u0131?<\/title>\n<meta name=\"description\" content=\"Lise ve \u00f6n lisans mezunlar\u0131 i\u00e7in merak edilen en \u00f6nemli soru ise 2025\u2019te KPSS Orta\u00f6\u011fretim s\u0131nav\u0131n\u0131n olup olmad\u0131\u011f\u0131.\" \/>\n<meta name=\"robots\" content=\"index, follow, max-snippet:-1, max-image-preview:large, max-video-preview:-1\" \/>\n<link rel=\"canonical\" href=\"https:\/\/www.kariyer.net\/kariyer-rehberi\/2025te-kpss-lise-veya-on-lisans-sinavi-yapilacak-mi\/\" \/>\n<meta property=\"og:locale\" content=\"tr_TR\" \/>\n<meta property=\"og:type\" content=\"article\" \/>\n<meta property=\"og:title\" content=\"2025&#039;te KPSS lise veya \u00f6n lisans s\u0131nav\u0131 yap\u0131lacak m\u0131?\" \/>\n<meta property=\"og:description\" content=\"Kamu Personel Se\u00e7me S\u0131nav\u0131 (KPSS), kamu sekt\u00f6r\u00fcnde g\u00f6rev almak isteyen adaylar i\u00e7in \u00f6nemli bir s\u0131nav. Her y\u0131l yap\u0131lan bu s\u0131nav, farkl\u0131 e\u011fitim seviyelerine\" \/>\n<meta property=\"og:url\" content=\"https:\/\/www.kariyer.net\/kariyer-rehberi\/2025te-kpss-lise-veya-on-lisans-sinavi-yapilacak-mi\/\" \/>\n<meta property=\"og:site_name\" content=\"Kariyer Rehberi\" \/>\n<meta property=\"article:published_time\" content=\"2025-02-04T12:55:54+00:00\" \/>\n<meta property=\"article:modified_time\" content=\"2025-02-06T12:56:57+00:00\" \/>\n<meta property=\"og:image\" content=\"https:\/\/www.kariyer.net\/kariyer-rehberi\/wp-content\/uploads\/2025\/02\/kpss_lise.jpg\" \/>\n\t<meta property=\"og:image:width\" content=\"900\" \/>\n\t<meta property=\"og:image:height\" content=\"600\" \/>\n\t<meta property=\"og:image:type\" content=\"image\/jpeg\" \/>\n<meta name=\"author\" content=\"Edit\u00f6r\" \/>\n<meta name=\"twitter:card\" content=\"summary_large_image\" \/>\n<meta name=\"twitter:label1\" content=\"Yazan:\" \/>\n\t<meta name=\"twitter:data1\" content=\"Edit\u00f6r\" \/>\n\t<meta name=\"twitter:label2\" content=\"Tahmini okuma s\u00fcresi\" \/>\n\t<meta name=\"twitter:data2\" content=\"2 dakika\" \/>\n<!-- \/ Yoast SEO Premium plugin. -->","yoast_head_json":{"title":"2025'te KPSS lise veya \u00f6n lisans s\u0131nav\u0131 yap\u0131lacak m\u0131?","description":"Lise ve \u00f6n lisans mezunlar\u0131 i\u00e7in merak edilen en \u00f6nemli soru ise 2025\u2019te KPSS Orta\u00f6\u011fretim s\u0131nav\u0131n\u0131n olup olmad\u0131\u011f\u0131.","robots":{"index":"index","follow":"follow","max-snippet":"max-snippet:-1","max-image-preview":"max-image-preview:large","max-video-preview":"max-video-preview:-1"},"canonical":"https:\/\/www.kariyer.net\/kariyer-rehberi\/2025te-kpss-lise-veya-on-lisans-sinavi-yapilacak-mi\/","og_locale":"tr_TR","og_type":"article","og_title":"2025'te KPSS lise veya \u00f6n lisans s\u0131nav\u0131 yap\u0131lacak m\u0131?","og_description":"Kamu Personel Se\u00e7me S\u0131nav\u0131 (KPSS), kamu sekt\u00f6r\u00fcnde g\u00f6rev almak isteyen adaylar i\u00e7in \u00f6nemli bir s\u0131nav. Her y\u0131l yap\u0131lan bu s\u0131nav, farkl\u0131 e\u011fitim seviyelerine","og_url":"https:\/\/www.kariyer.net\/kariyer-rehberi\/2025te-kpss-lise-veya-on-lisans-sinavi-yapilacak-mi\/","og_site_name":"Kariyer Rehberi","article_published_time":"2025-02-04T12:55:54+00:00","article_modified_time":"2025-02-06T12:56:57+00:00","og_image":[{"width":900,"height":600,"url":"https:\/\/www.kariyer.net\/kariyer-rehberi\/wp-content\/uploads\/2025\/02\/kpss_lise.jpg","type":"image\/jpeg"}],"author":"Edit\u00f6r","twitter_card":"summary_large_image","twitter_misc":{"Yazan:":"Edit\u00f6r","Tahmini okuma s\u00fcresi":"2 dakika"},"schema":{"@context":"https:\/\/schema.org","@graph":[{"@type":"Article","@id":"https:\/\/www.kariyer.net\/kariyer-rehberi\/2025te-kpss-lise-veya-on-lisans-sinavi-yapilacak-mi\/#article","isPartOf":{"@id":"https:\/\/www.kariyer.net\/kariyer-rehberi\/2025te-kpss-lise-veya-on-lisans-sinavi-yapilacak-mi\/"},"author":{"name":"Edit\u00f6r","@id":"https:\/\/www.kariyer.net\/kariyer-rehberi\/#\/schema\/person\/94fd6e49c7ff1b1b2565a2cc4fd685dd"},"headline":"2025&#8217;te KPSS lise veya \u00f6n lisans s\u0131nav\u0131 yap\u0131lacak m\u0131?","datePublished":"2025-02-04T12:55:54+00:00","dateModified":"2025-02-06T12:56:57+00:00","mainEntityOfPage":{"@id":"https:\/\/www.kariyer.net\/kariyer-rehberi\/2025te-kpss-lise-veya-on-lisans-sinavi-yapilacak-mi\/"},"wordCount":263,"publisher":{"@id":"https:\/\/www.kariyer.net\/kariyer-rehberi\/#organization"},"image":{"@id":"https:\/\/www.kariyer.net\/kariyer-rehberi\/2025te-kpss-lise-veya-on-lisans-sinavi-yapilacak-mi\/#primaryimage"},"thumbnailUrl":"https:\/\/www.kariyer.net\/kariyer-rehberi\/wp-content\/uploads\/2025\/02\/kpss_lise.jpg","articleSection":["Kamuda Kariyer"],"inLanguage":"tr"},{"@type":"WebPage","@id":"https:\/\/www.kariyer.net\/kariyer-rehberi\/2025te-kpss-lise-veya-on-lisans-sinavi-yapilacak-mi\/","url":"https:\/\/www.kariyer.net\/kariyer-rehberi\/2025te-kpss-lise-veya-on-lisans-sinavi-yapilacak-mi\/","name":"2025'te KPSS lise veya \u00f6n lisans s\u0131nav\u0131 yap\u0131lacak m\u0131?","isPartOf":{"@id":"https:\/\/www.kariyer.net\/kariyer-rehberi\/#website"},"primaryImageOfPage":{"@id":"https:\/\/www.kariyer.net\/kariyer-rehberi\/2025te-kpss-lise-veya-on-lisans-sinavi-yapilacak-mi\/#primaryimage"},"image":{"@id":"https:\/\/www.kariyer.net\/kariyer-rehberi\/2025te-kpss-lise-veya-on-lisans-sinavi-yapilacak-mi\/#primaryimage"},"thumbnailUrl":"https:\/\/www.kariyer.net\/kariyer-rehberi\/wp-content\/uploads\/2025\/02\/kpss_lise.jpg","datePublished":"2025-02-04T12:55:54+00:00","dateModified":"2025-02-06T12:56:57+00:00","description":"Lise ve \u00f6n lisans mezunlar\u0131 i\u00e7in merak edilen en \u00f6nemli soru ise 2025\u2019te KPSS Orta\u00f6\u011fretim s\u0131nav\u0131n\u0131n olup olmad\u0131\u011f\u0131.","breadcrumb":{"@id":"https:\/\/www.kariyer.net\/kariyer-rehberi\/2025te-kpss-lise-veya-on-lisans-sinavi-yapilacak-mi\/#breadcrumb"},"inLanguage":"tr","potentialAction":[{"@type":"ReadAction","target":["https:\/\/www.kariyer.net\/kariyer-rehberi\/2025te-kpss-lise-veya-on-lisans-sinavi-yapilacak-mi\/"]}]},{"@type":"ImageObject","inLanguage":"tr","@id":"https:\/\/www.kariyer.net\/kariyer-rehberi\/2025te-kpss-lise-veya-on-lisans-sinavi-yapilacak-mi\/#primaryimage","url":"https:\/\/www.kariyer.net\/kariyer-rehberi\/wp-content\/uploads\/2025\/02\/kpss_lise.jpg","contentUrl":"https:\/\/www.kariyer.net\/kariyer-rehberi\/wp-content\/uploads\/2025\/02\/kpss_lise.jpg","width":900,"height":600},{"@type":"BreadcrumbList","@id":"https:\/\/www.kariyer.net\/kariyer-rehberi\/2025te-kpss-lise-veya-on-lisans-sinavi-yapilacak-mi\/#breadcrumb","itemListElement":[{"@type":"ListItem","position":1,"name":"Anasayfa","item":"https:\/\/www.kariyer.net\/kariyer-rehberi\/"},{"@type":"ListItem","position":2,"name":"2025&#8217;te KPSS lise veya \u00f6n lisans s\u0131nav\u0131 yap\u0131lacak m\u0131?"}]},{"@type":"WebSite","@id":"https:\/\/www.kariyer.net\/kariyer-rehberi\/#website","url":"https:\/\/www.kariyer.net\/kariyer-rehberi\/","name":"Kariyer Rehberi","description":"\u0130\u015f D\u00fcnyas\u0131yla \u0130lgili Bilmek \u0130stedi\u011finiz Her \u015eey","publisher":{"@id":"https:\/\/www.kariyer.net\/kariyer-rehberi\/#organization"},"potentialAction":[{"@type":"SearchAction","target":{"@type":"EntryPoint","urlTemplate":"https:\/\/www.kariyer.net\/kariyer-rehberi\/?s={search_term_string}"},"query-input":{"@type":"PropertyValueSpecification","valueRequired":true,"valueName":"search_term_string"}}],"inLanguage":"tr"},{"@type":"Organization","@id":"https:\/\/www.kariyer.net\/kariyer-rehberi\/#organization","name":"Kariyer.net","url":"https:\/\/www.kariyer.net\/kariyer-rehberi\/","logo":{"@type":"ImageObject","inLanguage":"tr","@id":"https:\/\/www.kariyer.net\/kariyer-rehberi\/#\/schema\/logo\/image\/","url":"https:\/\/www.kariyer.net\/kariyer-rehberi-new\/wp-content\/uploads\/2023\/01\/og-image11.jpg","contentUrl":"https:\/\/www.kariyer.net\/kariyer-rehberi-new\/wp-content\/uploads\/2023\/01\/og-image11.jpg","width":800,"height":800,"caption":"Kariyer.net"},"image":{"@id":"https:\/\/www.kariyer.net\/kariyer-rehberi\/#\/schema\/logo\/image\/"}},{"@type":"Person","@id":"https:\/\/www.kariyer.net\/kariyer-rehberi\/#\/schema\/person\/94fd6e49c7ff1b1b2565a2cc4fd685dd","name":"Edit\u00f6r","image":{"@type":"ImageObject","inLanguage":"tr","@id":"https:\/\/www.kariyer.net\/kariyer-rehberi\/#\/schema\/person\/image\/","url":"https:\/\/secure.gravatar.com\/avatar\/0c4fe6688343aed3693b15573beae12c08ace5565409d5ab7509bf9c115f458d?s=96&d=mm&r=g","contentUrl":"https:\/\/secure.gravatar.com\/avatar\/0c4fe6688343aed3693b15573beae12c08ace5565409d5ab7509bf9c115f458d?s=96&d=mm&r=g","caption":"Edit\u00f6r"},"url":"https:\/\/www.kariyer.net\/kariyer-rehberi\/author\/editor\/"}]}},"_links":{"self":[{"href":"https:\/\/www.kariyer.net\/kariyer-rehberi\/wp-json\/wp\/v2\/posts\/21779","targetHints":{"allow":["GET"]}}],"collection":[{"href":"https:\/\/www.kariyer.net\/kariyer-rehberi\/wp-json\/wp\/v2\/posts"}],"about":[{"href":"https:\/\/www.kariyer.net\/kariyer-rehberi\/wp-json\/wp\/v2\/types\/post"}],"author":[{"embeddable":true,"href":"https:\/\/www.kariyer.net\/kariyer-rehberi\/wp-json\/wp\/v2\/users\/12"}],"replies":[{"embeddable":true,"href":"https:\/\/www.kariyer.net\/kariyer-rehberi\/wp-json\/wp\/v2\/comments?post=21779"}],"version-history":[{"count":1,"href":"https:\/\/www.kariyer.net\/kariyer-rehberi\/wp-json\/wp\/v2\/posts\/21779\/revisions"}],"predecessor-version":[{"id":21781,"href":"https:\/\/www.kariyer.net\/kariyer-rehberi\/wp-json\/wp\/v2\/posts\/21779\/revisions\/21781"}],"wp:featuredmedia":[{"embeddable":true,"href":"https:\/\/www.kariyer.net\/kariyer-rehberi\/wp-json\/wp\/v2\/media\/21780"}],"wp:attachment":[{"href":"https:\/\/www.kariyer.net\/kariyer-rehberi\/wp-json\/wp\/v2\/media?parent=21779"}],"wp:term":[{"taxonomy":"category","embeddable":true,"href":"https:\/\/www.kariyer.net\/kariyer-rehberi\/wp-json\/wp\/v2\/categories?post=21779"},{"taxonomy":"post_tag","embeddable":true,"href":"https:\/\/www.kariyer.net\/kariyer-rehberi\/wp-json\/wp\/v2\/tags?post=21779"}],"curies":[{"name":"wp","href":"https:\/\/api.w.org\/{rel}","templated":true}]}}