{"id":21793,"date":"2025-02-17T09:00:30","date_gmt":"2025-02-17T06:00:30","guid":{"rendered":"https:\/\/www.kariyer.net\/kariyer-rehberi\/?p=21793"},"modified":"2025-02-12T18:14:41","modified_gmt":"2025-02-12T15:14:41","slug":"secilmis-yalnizlik-is-hayatinda-avantaj-mi-risk-mi","status":"publish","type":"post","link":"https:\/\/www.kariyer.net\/kariyer-rehberi\/secilmis-yalnizlik-is-hayatinda-avantaj-mi-risk-mi\/","title":{"rendered":"Se\u00e7ilmi\u015f yaln\u0131zl\u0131k: \u0130\u015f hayat\u0131nda avantaj m\u0131, risk mi?"},"content":{"rendered":"<p><strong>\u0130\u015f hayat\u0131nda yaln\u0131z \u00e7al\u0131\u015fmay\u0131 tercih edenlerden misin, yoksa sosyal ortamlar seni daha m\u0131 motive ediyor? Se\u00e7ilmi\u015f yaln\u0131zl\u0131k, odaklanmay\u0131 art\u0131ran bir avantaj m\u0131, yoksa kariyer yolculu\u011funu zorla\u015ft\u0131ran bir fakt\u00f6r m\u00fc? Gel, bu dengeyi birlikte ke\u015ffedelim!<\/strong><\/p>\n<h2>Se\u00e7ilmi\u015f yaln\u0131zl\u0131k nedir?<\/h2>\n<p>Se\u00e7ilmi\u015f yaln\u0131zl\u0131k, ki\u015finin bilin\u00e7li olarak sosyal etkile\u015fimleri s\u0131n\u0131rlamas\u0131 ve bireysel alan\u0131n\u0131 geni\u015fletmesi anlam\u0131na geliyor. \u0130\u015f d\u00fcnyas\u0131nda bu durum, ba\u011f\u0131ms\u0131z \u00e7al\u0131\u015fmay\u0131 tercih etmek, ekip i\u00e7i ileti\u015fimi minimumda tutmak veya uzaktan \u00e7al\u0131\u015fma modelini benimsemek gibi \u015fekillerde kendini g\u00f6sterebilir.<\/p>\n<h2 data-start=\"523\" data-end=\"572\"><strong data-start=\"527\" data-end=\"570\">Yaln\u0131zl\u0131\u011f\u0131n yeni y\u00fcz\u00fc: <\/strong>Se\u00e7ilmi\u015f yaln\u0131zl\u0131k<\/h2>\n<p data-start=\"574\" data-end=\"1203\">G\u00fcn\u00fcm\u00fcz d\u00fcnyas\u0131nda yaln\u0131zl\u0131k art\u0131k sadece fiziksel bir durum de\u011fil, derin bir zihinsel deneyim. Sessiz yaln\u0131zl\u0131k, ki\u015finin sosyal \u00e7evresi olsa bile kendini izole hissetmesi ya da g\u00f6n\u00fcll\u00fc olarak etkile\u015fimlerini minimuma indirmesi anlam\u0131na geliyor. Bu kavram, \u00f6zellikle pandemi sonras\u0131 daha g\u00f6r\u00fcn\u00fcr hale geldi. Teknoloji, dijitalle\u015fme ve uzaktan \u00e7al\u0131\u015fma modellerinin yayg\u0131nla\u015fmas\u0131yla birlikte, insanlar giderek daha az y\u00fcz y\u00fcze ileti\u015fim kuruyor. \u0130\u015f yerinde ekip arkada\u015flar\u0131yla ayn\u0131 ortamda bulunmak, art\u0131k ortak bir duygu payla\u015f\u0131m\u0131na d\u00f6n\u00fc\u015fm\u00fcyor; bir\u00e7ok ki\u015fi fiziksel kalabal\u0131klar i\u00e7inde bile yaln\u0131z hissediyor.<\/p>\n<p data-start=\"1205\" data-end=\"1660\">Ancak baz\u0131lar\u0131 i\u00e7in bu yaln\u0131zl\u0131k bir zorunluluktan \u00e7ok bilin\u00e7li bir tercih. G\u00fcr\u00fclt\u00fcl\u00fc ofis ortamlar\u0131ndan uzakla\u015f\u0131p bireysel alanlar\u0131n\u0131 geni\u015fleten profesyoneller, yaln\u0131z \u00e7al\u0131\u015fman\u0131n odaklanma, verimlilik ve \u00f6zg\u00fcrl\u00fck getirdi\u011fine inan\u0131yor. \u0130\u015fte tam da bu noktada &#8220;se\u00e7ilmi\u015f yaln\u0131zl\u0131k&#8221; devreye giriyor&#8230;<\/p>\n<h3>Avantajlar\u0131: \u00dcretkenli\u011fi ve \u00f6zg\u00fcrl\u00fc\u011f\u00fc art\u0131r\u0131r<\/h3>\n<ul>\n<li><strong>Daha derin odaklanma:<\/strong> Grup \u00e7al\u0131\u015fmalar\u0131 dikkat da\u011f\u0131t\u0131c\u0131 olabilir. Tek ba\u015f\u0131na \u00e7al\u0131\u015fmak, derin odaklanmay\u0131 m\u00fcmk\u00fcn k\u0131lar.<\/li>\n<li><strong>Ba\u011f\u0131ms\u0131z karar alma:<\/strong> Yaln\u0131z \u00e7al\u0131\u015fanlar, ba\u015fkalar\u0131n\u0131n onay\u0131n\u0131 beklemeden h\u0131zl\u0131 karar verebilir.<\/li>\n<li><strong>Zaman y\u00f6netimi:<\/strong> Sosyal etkile\u015fimlerden ka\u00e7\u0131nmak, zamandan tasarruf sa\u011flayarak i\u015fleri daha verimli hale getirebilir.<\/li>\n<li><strong>Yarat\u0131c\u0131l\u0131\u011f\u0131 g\u00fc\u00e7lendirir:<\/strong> Kendi ba\u015f\u0131na d\u00fc\u015f\u00fcnen ki\u015filer, yenilik\u00e7i fikirler \u00fcretmek i\u00e7in daha fazla f\u0131rsata sahip olabilir.<\/li>\n<\/ul>\n<h3><strong>Dezavantajlar\u0131: \u0130\u015f birli\u011finin ve kariyer geli\u015fiminin \u00f6n\u00fcndeki engel mi?<\/strong><\/h3>\n<ul>\n<li><strong>Geri bildirim eksikli\u011fi:<\/strong> Ba\u015fkalar\u0131ndan fikir almak, geli\u015fim i\u00e7in \u00f6nemlidir. Yaln\u0131z \u00e7al\u0131\u015fanlar bu avantajdan mahrum kalabilir.<\/li>\n<li><strong>Sosyal a\u011flardan kopukluk:<\/strong> \u0130\u015f d\u00fcnyas\u0131nda network olu\u015fturmak, kariyer f\u0131rsatlar\u0131 a\u00e7\u0131s\u0131ndan kritik \u00f6neme sahiptir.<\/li>\n<li><strong>Tak\u0131m \u00e7al\u0131\u015fmalar\u0131nda zorluk:<\/strong> \u0130\u015f birli\u011fi gerektiren projelerde, sosyal becerilerin eksikli\u011fi uyum sa\u011flamay\u0131 zorla\u015ft\u0131rabilir.<\/li>\n<li><strong>Yaln\u0131zl\u0131k ve motivasyon kayb\u0131:<\/strong> Uzun vadede, i\u015f ortam\u0131ndaki sosyal etkile\u015fim eksikli\u011fi motivasyon d\u00fc\u015f\u00fckl\u00fc\u011f\u00fcne yol a\u00e7abilir.<\/li>\n<\/ul>\n<h2><strong>Se\u00e7ilmi\u015f yaln\u0131zl\u0131k ile dengeli bir kariyer nas\u0131l kurulur?<\/strong><\/h2>\n<ul>\n<li><strong>Hibrit \u00e7al\u0131\u015fma modelini de\u011ferlendir:<\/strong> Zaman zaman ofise giderek sosyalle\u015fme f\u0131rsatlar\u0131 yaratabilirsin.<\/li>\n<li><strong>Ba\u011f\u0131ms\u0131z \u00e7al\u0131\u015f\u0131rken geri bildirim al:<\/strong> Online topluluklara kat\u0131larak veya mentor deste\u011fi alarak sosyal izolasyonu azaltabilirsin.<\/li>\n<li><strong>Zaman zaman sosyal etkile\u015fimlere a\u00e7\u0131k ol:<\/strong> \u0130htiyac\u0131n kadar sosyal ortamda bulunarak hem yaln\u0131zl\u0131\u011f\u0131n avantajlar\u0131n\u0131 hem de i\u015f birli\u011finin g\u00fcc\u00fcn\u00fc kullanabilirsin.<\/li>\n<li><strong>Yaln\u0131zl\u0131\u011f\u0131 verimlilikle destekle:<\/strong> Yaln\u0131z \u00e7al\u0131\u015f\u0131rken disiplinini kaybetmemek i\u00e7in belirli bir \u00e7al\u0131\u015fma rutini olu\u015fturabilirsin.<\/li>\n<\/ul>\n<p>Se\u00e7ilmi\u015f yaln\u0131zl\u0131k i\u015f hayat\u0131nda bir avantaj m\u0131, yoksa dezavantaj m\u0131? Bu soruya verilecek cevap asl\u0131nda tamamen senin s\u00fcreci nas\u0131l y\u00f6netti\u011finle ilgili! E\u011fer bu dengeyi do\u011fru kurabilirsen hem bireysel verimlili\u011fini art\u0131rabilir hem de i\u015f d\u00fcnyas\u0131nda ba\u015far\u0131l\u0131 bir \u015fekilde var olabilirsin. Unutma, her tercih f\u0131rsatlarla doludur. \u00d6nemli olan, bu f\u0131rsatlar\u0131 nas\u0131l de\u011ferlendirdi\u011findir.<\/p>\n<!-- templates\/buttons-placeholder.php -->\n<div class=\"da-reactions-outer TpostID21793\">\n\t    <div class=\"da-reactions-data da-reactions-container-async center\"\n         data-type=\"post\"\n         data-id=\"21793\"\n         id=\"da-reactions-slot-post-21793\">\n        <div class=\"da-reactions-static\">\n\t\t\t<img src=\"https:\/\/www.kariyer.net\/kariyer-rehberi\/wp-content\/plugins\/da-reactions\/assets\/dist\/loading.svg\" alt=\"Loading spinner\" width=\"48\" height=\"48\" style=\"width:48px\" \/>\n        <\/div>\n    <\/div>\n<\/div>\n","protected":false},"excerpt":{"rendered":"<p>\u0130\u015f hayat\u0131nda yaln\u0131z \u00e7al\u0131\u015fmay\u0131 tercih edenlerden misin, yoksa sosyal ortamlar seni daha m\u0131 motive ediyor? Se\u00e7ilmi\u015f yaln\u0131zl\u0131k, odaklanmay\u0131 art\u0131ran bir avantaj m\u0131, yoksa kariyer yolculu\u011funu zorla\u015ft\u0131ran bir fakt\u00f6r m\u00fc? Gel, bu dengeyi birlikte ke\u015ffedelim! Se\u00e7ilmi\u015f yaln\u0131zl\u0131k nedir? Se\u00e7ilmi\u015f yaln\u0131zl\u0131k, ki\u015finin bilin\u00e7li olarak sosyal etkile\u015fimleri s\u0131n\u0131rlamas\u0131 ve bireysel alan\u0131n\u0131 geni\u015fletmesi anlam\u0131na geliyor. \u0130\u015f d\u00fcnyas\u0131nda bu durum, [&hellip;]<\/p>\n<!-- templates\/buttons-placeholder.php -->\n<div class=\"da-reactions-outer TpostID21793\">\n\t    <div class=\"da-reactions-data da-reactions-container-async center\"\n         data-type=\"post\"\n         data-id=\"21793\"\n         id=\"da-reactions-slot-post-21793\">\n        <div class=\"da-reactions-static\">\n\t\t\t<img src=\"https:\/\/www.kariyer.net\/kariyer-rehberi\/wp-content\/plugins\/da-reactions\/assets\/dist\/loading.svg\" alt=\"Loading spinner\" width=\"48\" height=\"48\" style=\"width:48px\" \/>\n        <\/div>\n    <\/div>\n<\/div>\n","protected":false},"author":12,"featured_media":21794,"comment_status":"closed","ping_status":"open","sticky":false,"template":"","format":"standard","meta":{"footnotes":"","_elementor_edit_mode":"","_elementor_template_type":"","_elementor_data":"","_elementor_page_settings":null,"_elementor_conditions":[]},"categories":[2214],"tags":[2199],"class_list":{"0":"post-21793","1":"post","2":"type-post","3":"status-publish","4":"format-standard","5":"has-post-thumbnail","7":"category-yasam","8":"tag-ai"},"yoast_head":"<!-- This site is optimized with the Yoast SEO Premium plugin v21.4 (Yoast SEO v27.0) - https:\/\/yoast.com\/product\/yoast-seo-premium-wordpress\/ -->\n<title>Se\u00e7ilmi\u015f Yaln\u0131zl\u0131k: \u0130\u015f hayat\u0131nda avantaj m\u0131, risk mi?<\/title>\n<meta name=\"description\" content=\"Se\u00e7ilmi\u015f yaln\u0131zl\u0131k, odaklanmay\u0131 art\u0131ran bir avantaj m\u0131, yoksa kariyer yolculu\u011funu zorla\u015ft\u0131ran bir fakt\u00f6r m\u00fc?\" \/>\n<meta name=\"robots\" content=\"index, follow, max-snippet:-1, max-image-preview:large, max-video-preview:-1\" \/>\n<link rel=\"canonical\" href=\"https:\/\/www.kariyer.net\/kariyer-rehberi\/secilmis-yalnizlik-is-hayatinda-avantaj-mi-risk-mi\/\" \/>\n<meta property=\"og:locale\" content=\"tr_TR\" \/>\n<meta property=\"og:type\" content=\"article\" \/>\n<meta property=\"og:title\" content=\"Se\u00e7ilmi\u015f yaln\u0131zl\u0131k: \u0130\u015f hayat\u0131nda avantaj m\u0131, risk mi?\" \/>\n<meta property=\"og:description\" content=\"\u0130\u015f hayat\u0131nda yaln\u0131z \u00e7al\u0131\u015fmay\u0131 tercih edenlerden misin, yoksa sosyal ortamlar seni daha m\u0131 motive ediyor? Se\u00e7ilmi\u015f yaln\u0131zl\u0131k, odaklanmay\u0131 art\u0131ran bir\" \/>\n<meta property=\"og:url\" content=\"https:\/\/www.kariyer.net\/kariyer-rehberi\/secilmis-yalnizlik-is-hayatinda-avantaj-mi-risk-mi\/\" \/>\n<meta property=\"og:site_name\" content=\"Kariyer Rehberi\" \/>\n<meta property=\"article:published_time\" content=\"2025-02-17T06:00:30+00:00\" \/>\n<meta property=\"og:image\" content=\"https:\/\/www.kariyer.net\/kariyer-rehberi\/wp-content\/uploads\/2025\/02\/secilmis_yalnizlik.jpg\" \/>\n\t<meta property=\"og:image:width\" content=\"900\" \/>\n\t<meta property=\"og:image:height\" content=\"600\" \/>\n\t<meta property=\"og:image:type\" content=\"image\/jpeg\" \/>\n<meta name=\"author\" content=\"Edit\u00f6r\" \/>\n<meta name=\"twitter:card\" content=\"summary_large_image\" \/>\n<meta name=\"twitter:label1\" content=\"Yazan:\" \/>\n\t<meta name=\"twitter:data1\" content=\"Edit\u00f6r\" \/>\n\t<meta name=\"twitter:label2\" content=\"Tahmini okuma s\u00fcresi\" \/>\n\t<meta name=\"twitter:data2\" content=\"3 dakika\" \/>\n<!-- \/ Yoast SEO Premium plugin. -->","yoast_head_json":{"title":"Se\u00e7ilmi\u015f Yaln\u0131zl\u0131k: \u0130\u015f hayat\u0131nda avantaj m\u0131, risk mi?","description":"Se\u00e7ilmi\u015f yaln\u0131zl\u0131k, odaklanmay\u0131 art\u0131ran bir avantaj m\u0131, yoksa kariyer yolculu\u011funu zorla\u015ft\u0131ran bir fakt\u00f6r m\u00fc?","robots":{"index":"index","follow":"follow","max-snippet":"max-snippet:-1","max-image-preview":"max-image-preview:large","max-video-preview":"max-video-preview:-1"},"canonical":"https:\/\/www.kariyer.net\/kariyer-rehberi\/secilmis-yalnizlik-is-hayatinda-avantaj-mi-risk-mi\/","og_locale":"tr_TR","og_type":"article","og_title":"Se\u00e7ilmi\u015f yaln\u0131zl\u0131k: \u0130\u015f hayat\u0131nda avantaj m\u0131, risk mi?","og_description":"\u0130\u015f hayat\u0131nda yaln\u0131z \u00e7al\u0131\u015fmay\u0131 tercih edenlerden misin, yoksa sosyal ortamlar seni daha m\u0131 motive ediyor? Se\u00e7ilmi\u015f yaln\u0131zl\u0131k, odaklanmay\u0131 art\u0131ran bir","og_url":"https:\/\/www.kariyer.net\/kariyer-rehberi\/secilmis-yalnizlik-is-hayatinda-avantaj-mi-risk-mi\/","og_site_name":"Kariyer Rehberi","article_published_time":"2025-02-17T06:00:30+00:00","og_image":[{"width":900,"height":600,"url":"https:\/\/www.kariyer.net\/kariyer-rehberi\/wp-content\/uploads\/2025\/02\/secilmis_yalnizlik.jpg","type":"image\/jpeg"}],"author":"Edit\u00f6r","twitter_card":"summary_large_image","twitter_misc":{"Yazan:":"Edit\u00f6r","Tahmini okuma s\u00fcresi":"3 dakika"},"schema":{"@context":"https:\/\/schema.org","@graph":[{"@type":"Article","@id":"https:\/\/www.kariyer.net\/kariyer-rehberi\/secilmis-yalnizlik-is-hayatinda-avantaj-mi-risk-mi\/#article","isPartOf":{"@id":"https:\/\/www.kariyer.net\/kariyer-rehberi\/secilmis-yalnizlik-is-hayatinda-avantaj-mi-risk-mi\/"},"author":{"name":"Edit\u00f6r","@id":"https:\/\/www.kariyer.net\/kariyer-rehberi\/#\/schema\/person\/94fd6e49c7ff1b1b2565a2cc4fd685dd"},"headline":"Se\u00e7ilmi\u015f yaln\u0131zl\u0131k: \u0130\u015f hayat\u0131nda avantaj m\u0131, risk mi?","datePublished":"2025-02-17T06:00:30+00:00","mainEntityOfPage":{"@id":"https:\/\/www.kariyer.net\/kariyer-rehberi\/secilmis-yalnizlik-is-hayatinda-avantaj-mi-risk-mi\/"},"wordCount":659,"publisher":{"@id":"https:\/\/www.kariyer.net\/kariyer-rehberi\/#organization"},"image":{"@id":"https:\/\/www.kariyer.net\/kariyer-rehberi\/secilmis-yalnizlik-is-hayatinda-avantaj-mi-risk-mi\/#primaryimage"},"thumbnailUrl":"https:\/\/www.kariyer.net\/kariyer-rehberi\/wp-content\/uploads\/2025\/02\/secilmis_yalnizlik.jpg","keywords":["AI"],"articleSection":["Ya\u015fam"],"inLanguage":"tr"},{"@type":"WebPage","@id":"https:\/\/www.kariyer.net\/kariyer-rehberi\/secilmis-yalnizlik-is-hayatinda-avantaj-mi-risk-mi\/","url":"https:\/\/www.kariyer.net\/kariyer-rehberi\/secilmis-yalnizlik-is-hayatinda-avantaj-mi-risk-mi\/","name":"Se\u00e7ilmi\u015f Yaln\u0131zl\u0131k: \u0130\u015f hayat\u0131nda avantaj m\u0131, risk mi?","isPartOf":{"@id":"https:\/\/www.kariyer.net\/kariyer-rehberi\/#website"},"primaryImageOfPage":{"@id":"https:\/\/www.kariyer.net\/kariyer-rehberi\/secilmis-yalnizlik-is-hayatinda-avantaj-mi-risk-mi\/#primaryimage"},"image":{"@id":"https:\/\/www.kariyer.net\/kariyer-rehberi\/secilmis-yalnizlik-is-hayatinda-avantaj-mi-risk-mi\/#primaryimage"},"thumbnailUrl":"https:\/\/www.kariyer.net\/kariyer-rehberi\/wp-content\/uploads\/2025\/02\/secilmis_yalnizlik.jpg","datePublished":"2025-02-17T06:00:30+00:00","description":"Se\u00e7ilmi\u015f yaln\u0131zl\u0131k, odaklanmay\u0131 art\u0131ran bir avantaj m\u0131, yoksa kariyer yolculu\u011funu zorla\u015ft\u0131ran bir fakt\u00f6r m\u00fc?","breadcrumb":{"@id":"https:\/\/www.kariyer.net\/kariyer-rehberi\/secilmis-yalnizlik-is-hayatinda-avantaj-mi-risk-mi\/#breadcrumb"},"inLanguage":"tr","potentialAction":[{"@type":"ReadAction","target":["https:\/\/www.kariyer.net\/kariyer-rehberi\/secilmis-yalnizlik-is-hayatinda-avantaj-mi-risk-mi\/"]}]},{"@type":"ImageObject","inLanguage":"tr","@id":"https:\/\/www.kariyer.net\/kariyer-rehberi\/secilmis-yalnizlik-is-hayatinda-avantaj-mi-risk-mi\/#primaryimage","url":"https:\/\/www.kariyer.net\/kariyer-rehberi\/wp-content\/uploads\/2025\/02\/secilmis_yalnizlik.jpg","contentUrl":"https:\/\/www.kariyer.net\/kariyer-rehberi\/wp-content\/uploads\/2025\/02\/secilmis_yalnizlik.jpg","width":900,"height":600},{"@type":"BreadcrumbList","@id":"https:\/\/www.kariyer.net\/kariyer-rehberi\/secilmis-yalnizlik-is-hayatinda-avantaj-mi-risk-mi\/#breadcrumb","itemListElement":[{"@type":"ListItem","position":1,"name":"Anasayfa","item":"https:\/\/www.kariyer.net\/kariyer-rehberi\/"},{"@type":"ListItem","position":2,"name":"Se\u00e7ilmi\u015f yaln\u0131zl\u0131k: \u0130\u015f hayat\u0131nda avantaj m\u0131, risk mi?"}]},{"@type":"WebSite","@id":"https:\/\/www.kariyer.net\/kariyer-rehberi\/#website","url":"https:\/\/www.kariyer.net\/kariyer-rehberi\/","name":"Kariyer Rehberi","description":"\u0130\u015f D\u00fcnyas\u0131yla \u0130lgili Bilmek \u0130stedi\u011finiz Her \u015eey","publisher":{"@id":"https:\/\/www.kariyer.net\/kariyer-rehberi\/#organization"},"potentialAction":[{"@type":"SearchAction","target":{"@type":"EntryPoint","urlTemplate":"https:\/\/www.kariyer.net\/kariyer-rehberi\/?s={search_term_string}"},"query-input":{"@type":"PropertyValueSpecification","valueRequired":true,"valueName":"search_term_string"}}],"inLanguage":"tr"},{"@type":"Organization","@id":"https:\/\/www.kariyer.net\/kariyer-rehberi\/#organization","name":"Kariyer.net","url":"https:\/\/www.kariyer.net\/kariyer-rehberi\/","logo":{"@type":"ImageObject","inLanguage":"tr","@id":"https:\/\/www.kariyer.net\/kariyer-rehberi\/#\/schema\/logo\/image\/","url":"https:\/\/www.kariyer.net\/kariyer-rehberi-new\/wp-content\/uploads\/2023\/01\/og-image11.jpg","contentUrl":"https:\/\/www.kariyer.net\/kariyer-rehberi-new\/wp-content\/uploads\/2023\/01\/og-image11.jpg","width":800,"height":800,"caption":"Kariyer.net"},"image":{"@id":"https:\/\/www.kariyer.net\/kariyer-rehberi\/#\/schema\/logo\/image\/"}},{"@type":"Person","@id":"https:\/\/www.kariyer.net\/kariyer-rehberi\/#\/schema\/person\/94fd6e49c7ff1b1b2565a2cc4fd685dd","name":"Edit\u00f6r","image":{"@type":"ImageObject","inLanguage":"tr","@id":"https:\/\/www.kariyer.net\/kariyer-rehberi\/#\/schema\/person\/image\/","url":"https:\/\/secure.gravatar.com\/avatar\/0c4fe6688343aed3693b15573beae12c08ace5565409d5ab7509bf9c115f458d?s=96&d=mm&r=g","contentUrl":"https:\/\/secure.gravatar.com\/avatar\/0c4fe6688343aed3693b15573beae12c08ace5565409d5ab7509bf9c115f458d?s=96&d=mm&r=g","caption":"Edit\u00f6r"},"url":"https:\/\/www.kariyer.net\/kariyer-rehberi\/author\/editor\/"}]}},"_links":{"self":[{"href":"https:\/\/www.kariyer.net\/kariyer-rehberi\/wp-json\/wp\/v2\/posts\/21793","targetHints":{"allow":["GET"]}}],"collection":[{"href":"https:\/\/www.kariyer.net\/kariyer-rehberi\/wp-json\/wp\/v2\/posts"}],"about":[{"href":"https:\/\/www.kariyer.net\/kariyer-rehberi\/wp-json\/wp\/v2\/types\/post"}],"author":[{"embeddable":true,"href":"https:\/\/www.kariyer.net\/kariyer-rehberi\/wp-json\/wp\/v2\/users\/12"}],"replies":[{"embeddable":true,"href":"https:\/\/www.kariyer.net\/kariyer-rehberi\/wp-json\/wp\/v2\/comments?post=21793"}],"version-history":[{"count":3,"href":"https:\/\/www.kariyer.net\/kariyer-rehberi\/wp-json\/wp\/v2\/posts\/21793\/revisions"}],"predecessor-version":[{"id":21797,"href":"https:\/\/www.kariyer.net\/kariyer-rehberi\/wp-json\/wp\/v2\/posts\/21793\/revisions\/21797"}],"wp:featuredmedia":[{"embeddable":true,"href":"https:\/\/www.kariyer.net\/kariyer-rehberi\/wp-json\/wp\/v2\/media\/21794"}],"wp:attachment":[{"href":"https:\/\/www.kariyer.net\/kariyer-rehberi\/wp-json\/wp\/v2\/media?parent=21793"}],"wp:term":[{"taxonomy":"category","embeddable":true,"href":"https:\/\/www.kariyer.net\/kariyer-rehberi\/wp-json\/wp\/v2\/categories?post=21793"},{"taxonomy":"post_tag","embeddable":true,"href":"https:\/\/www.kariyer.net\/kariyer-rehberi\/wp-json\/wp\/v2\/tags?post=21793"}],"curies":[{"name":"wp","href":"https:\/\/api.w.org\/{rel}","templated":true}]}}