{"id":21798,"date":"2025-02-14T16:06:31","date_gmt":"2025-02-14T13:06:31","guid":{"rendered":"https:\/\/www.kariyer.net\/kariyer-rehberi\/?p=21798"},"modified":"2025-02-14T16:12:24","modified_gmt":"2025-02-14T13:12:24","slug":"uzaktan-calisma-ofis-asklarini-bitirdi-mi-evrimlestirdi-mi","status":"publish","type":"post","link":"https:\/\/www.kariyer.net\/kariyer-rehberi\/uzaktan-calisma-ofis-asklarini-bitirdi-mi-evrimlestirdi-mi\/","title":{"rendered":"Uzaktan \u00e7al\u0131\u015fma ofis a\u015fklar\u0131n\u0131 bitirdi mi, evrimle\u015ftirdi mi?"},"content":{"rendered":"<p data-pm-slice=\"1 1 []\"><strong>Uzaktan \u00e7al\u0131\u015fmayla birlikte ofis a\u015fklar\u0131 da tarihe mi kar\u0131\u015ft\u0131 dersiniz? Eskiden i\u015f yerinde ba\u015flayan romantik ili\u015fkiler, uzaktan \u00e7al\u0131\u015fma ile nas\u0131l bir d\u00f6n\u00fc\u015f\u00fcm ge\u00e7irdi? Dijital \u00e7a\u011f\u0131n yeni dinamikleri, a\u015fk hayat\u0131n\u0131 nas\u0131l \u015fekillendirdi? 14 \u015eubat Sevgililer G\u00fcn\u00fc&#8217;ne \u00f6zel bu sorular\u0131n cevab\u0131n\u0131 arad\u0131k. \ud83d\ude42<\/strong><\/p>\n<p>Ofis ortam\u0131nda ba\u015flayan romantik ili\u015fkiler, y\u0131llard\u0131r i\u015f hayat\u0131n\u0131n do\u011fal bir par\u00e7as\u0131yd\u0131. Ayn\u0131 ortamda \u00e7al\u0131\u015fmak, benzer stresleri payla\u015fmak ve birlikte ge\u00e7irilen uzun saatler, insanlar\u0131n birbirine yak\u0131nla\u015fmas\u0131n\u0131 sa\u011fl\u0131yordu; ancak uzaktan \u00e7al\u0131\u015fma sistemine ge\u00e7i\u015fle birlikte bu dinamiklerde \u00f6nemli de\u011fi\u015fimler ya\u015fand\u0131.<\/p>\n<p>Peki, ofis a\u015fklar\u0131 art\u0131k tarihe mi kar\u0131\u015ft\u0131, yoksa yeni nesil teknolojilerle farkl\u0131 bir boyuta m\u0131 evrildi?<\/p>\n<h2><strong>Ofis ortam\u0131: A\u015fka zemin haz\u0131rlayan fakt\u00f6rler<\/strong><\/h2>\n<p>Geleneksel ofis ortamlar\u0131, insanlar\u0131n birbirini daha yak\u0131ndan tan\u0131mas\u0131na olanak sa\u011fl\u0131yordu. Sabah kahve sohbetleri, \u00f6\u011fle yemekleri, beyin f\u0131rt\u0131nas\u0131 toplant\u0131lar\u0131 ve ortak projeler derken, i\u015f arkada\u015flar\u0131 aras\u0131nda \u00f6zel ba\u011flar kurulabiliyordu. Ayr\u0131ca, y\u00fcz y\u00fcze ileti\u015fim kurman\u0131n getirdi\u011fi samimiyet ve beden dilinin katk\u0131s\u0131yla duygusal ba\u011flar daha h\u0131zl\u0131 geli\u015febiliyordu; ancak uzaktan \u00e7al\u0131\u015fma bu etkile\u015fimleri b\u00fcy\u00fck \u00f6l\u00e7\u00fcde azaltt\u0131.<\/p>\n<p>Uzaktan \u00e7al\u0131\u015fman\u0131n yayg\u0131nla\u015fmas\u0131yla birlikte, i\u015f arkada\u015flar\u0131 aras\u0131ndaki fiziksel etkile\u015fim minimuma indi. Art\u0131k i\u015f toplant\u0131lar\u0131 Zoom, Teams gibi platformlarda ger\u00e7ekle\u015fiyor ve \u00e7o\u011fu zaman konu\u015fmalar tamamen i\u015fle s\u0131n\u0131rl\u0131 kal\u0131yor. G\u00fcnl\u00fck sohbetler, spontan geli\u015fen espriler ve k\u00fc\u00e7\u00fck jestler yerini daha mesafeli bir ileti\u015fim modeline b\u0131rakt\u0131. Bu da i\u015f yerinde do\u011fabilecek romantik ili\u015fkilerin \u00f6n\u00fcne \u00f6nemli bir set \u00e7ekti.<\/p>\n<p>Bu durum, i\u015f yerinde a\u015fk\u0131n tamamen bitti\u011fi anlam\u0131na gelmese de yeni nesil ileti\u015fim ara\u00e7lar\u0131yla farkl\u0131 bir boyuta evrildi\u011fini s\u00f6ylemek m\u00fcmk\u00fcn. \u00d6rne\u011fin; i\u015f arkada\u015f\u0131yla mesajla\u015fmalar\u0131n giderek daha ki\u015fisel bir hal almas\u0131, online toplant\u0131larda g\u00f6z temas\u0131n\u0131n artmas\u0131 ya da Slack gibi platformlarda \u00f6zel sohbetlerin \u00e7o\u011falmas\u0131, yeni d\u00f6nem fl\u00f6rt dinamiklerine i\u015faret ediyor.<\/p>\n<p><a href=\"https:\/\/www.kariyer.net\/kariyer-rehberi\/wp-content\/uploads\/2025\/02\/is_aski.jpg\"><img fetchpriority=\"high\" decoding=\"async\" class=\"wp-image-21801 aligncenter\" src=\"https:\/\/www.kariyer.net\/kariyer-rehberi\/wp-content\/uploads\/2025\/02\/is_aski.jpg\" alt=\"\" width=\"586\" height=\"391\" srcset=\"https:\/\/www.kariyer.net\/kariyer-rehberi\/wp-content\/uploads\/2025\/02\/is_aski.jpg 900w, https:\/\/www.kariyer.net\/kariyer-rehberi\/wp-content\/uploads\/2025\/02\/is_aski-300x200.jpg 300w, https:\/\/www.kariyer.net\/kariyer-rehberi\/wp-content\/uploads\/2025\/02\/is_aski-768x512.jpg 768w, https:\/\/www.kariyer.net\/kariyer-rehberi\/wp-content\/uploads\/2025\/02\/is_aski-450x300.jpg 450w, https:\/\/www.kariyer.net\/kariyer-rehberi\/wp-content\/uploads\/2025\/02\/is_aski-780x520.jpg 780w\" sizes=\"(max-width: 586px) 100vw, 586px\" \/><\/a><\/p>\n<h2><strong>Yeni romantik dinamikler: Dijital fl\u00f6rt\u00fcn y\u00fckseli\u015fi<\/strong><\/h2>\n<p>Uzaktan \u00e7al\u0131\u015fman\u0131n getirdi\u011fi en b\u00fcy\u00fck de\u011fi\u015fikliklerden biri, ili\u015fkilerin fiziksel ortamdan dijital ortama ta\u015f\u0131nmas\u0131 oldu. Sosyal medyada daha aktif hale gelen i\u015f arkada\u015flar\u0131, birbirlerinin payla\u015f\u0131mlar\u0131n\u0131 daha yak\u0131ndan takip etmeye ba\u015flad\u0131. \u00d6yle ki i\u015f odakl\u0131 platformlarda ba\u015flayan sohbetler, zamanla daha ki\u015fisel bir hale b\u00fcr\u00fcnebiliyor.<\/p>\n<p>Bunun yan\u0131 s\u0131ra, baz\u0131 \u015firketler ekip ruhunu g\u00fc\u00e7lendirmek i\u00e7in sanal kahve molalar\u0131, online etkinlikler ve dijital oyunlar d\u00fczenleyerek \u00e7al\u0131\u015fanlar\u0131n birbiriyle kayna\u015fmas\u0131n\u0131 sa\u011flamaya \u00e7al\u0131\u015f\u0131yor. \u0130\u015fverenlerin amac\u0131 olmasa da bu tarz etkinlikler de yeni romantik ba\u011flar\u0131n kurulmas\u0131 a\u00e7\u0131s\u0131ndan f\u0131rsat sunabiliyor. \ud83d\ude42<\/p>\n<h2><strong>Ofis a\u015fklar\u0131n\u0131n gelece\u011fi: Dijital mi yoksa y\u00fcz y\u00fcze mi?<\/strong><\/h2>\n<p>Uzaktan \u00e7al\u0131\u015fma sistemi, ofis a\u015fklar\u0131n\u0131 tamamen ortadan kald\u0131rmasa da dinamikleri k\u00f6kten de\u011fi\u015ftirdi diyebiliriz. Eskisi gibi tesad\u00fcfi kar\u015f\u0131la\u015fmalar ya\u015fanmad\u0131\u011f\u0131 i\u00e7in daha fazla \u00e7aba g\u00f6stermek gerekiyor. Bu da online platformlar \u00fczerinden ba\u015flayan ili\u015fkileri daha yayg\u0131n hale geliyor. Uzun vadede ofis a\u015fklar\u0131n\u0131n eski g\u00fcc\u00fcne kavu\u015fup kavu\u015famayaca\u011f\u0131 ise belirsizli\u011fini koruyor.<\/p>\n<p>Pek tabii bir i\u015f arkada\u015f\u0131yla duygusal ili\u015fkiye girmeden \u00f6nce iyi d\u00fc\u015f\u00fcn\u00fclmesi gereken \u015feyler de var. Bunlar\u0131n neler oldu\u011funu \u00f6\u011frenmek i\u00e7in a\u015fa\u011f\u0131daki yaz\u0131m\u0131z\u0131 okuman\u0131z\u0131 \u00f6neririz. \ud83d\ude42<\/p>\n<h4 class=\"single-title entry-title\"><a href=\"https:\/\/www.kariyer.net\/ik-blog\/is-arkadasiniza-asik-olmadan-once-tekrar-dusunun\/\" target=\"_blank\" rel=\"noopener\">\u0130\u015f arkada\u015f\u0131n\u0131za a\u015f\u0131k olmadan \u00f6nce tekrar d\u00fc\u015f\u00fcn\u00fcn!<\/a><\/h4>\n<!-- templates\/buttons-placeholder.php -->\n<div class=\"da-reactions-outer TpostID21798\">\n\t    <div class=\"da-reactions-data da-reactions-container-async center\"\n         data-type=\"post\"\n         data-id=\"21798\"\n         id=\"da-reactions-slot-post-21798\">\n        <div class=\"da-reactions-static\">\n\t\t\t<img src=\"https:\/\/www.kariyer.net\/kariyer-rehberi\/wp-content\/plugins\/da-reactions\/assets\/dist\/loading.svg\" alt=\"Loading spinner\" width=\"48\" height=\"48\" style=\"width:48px\" \/>\n        <\/div>\n    <\/div>\n<\/div>\n","protected":false},"excerpt":{"rendered":"<p>Uzaktan \u00e7al\u0131\u015fmayla birlikte ofis a\u015fklar\u0131 da tarihe mi kar\u0131\u015ft\u0131 dersiniz? Eskiden i\u015f yerinde ba\u015flayan romantik ili\u015fkiler, uzaktan \u00e7al\u0131\u015fma ile nas\u0131l bir d\u00f6n\u00fc\u015f\u00fcm ge\u00e7irdi? Dijital \u00e7a\u011f\u0131n yeni dinamikleri, a\u015fk hayat\u0131n\u0131 nas\u0131l \u015fekillendirdi? 14 \u015eubat Sevgililer G\u00fcn\u00fc&#8217;ne \u00f6zel bu sorular\u0131n cevab\u0131n\u0131 arad\u0131k. \ud83d\ude42 Ofis ortam\u0131nda ba\u015flayan romantik ili\u015fkiler, y\u0131llard\u0131r i\u015f hayat\u0131n\u0131n do\u011fal bir par\u00e7as\u0131yd\u0131. Ayn\u0131 ortamda \u00e7al\u0131\u015fmak, [&hellip;]<\/p>\n<!-- templates\/buttons-placeholder.php -->\n<div class=\"da-reactions-outer TpostID21798\">\n\t    <div class=\"da-reactions-data da-reactions-container-async center\"\n         data-type=\"post\"\n         data-id=\"21798\"\n         id=\"da-reactions-slot-post-21798\">\n        <div class=\"da-reactions-static\">\n\t\t\t<img src=\"https:\/\/www.kariyer.net\/kariyer-rehberi\/wp-content\/plugins\/da-reactions\/assets\/dist\/loading.svg\" alt=\"Loading spinner\" width=\"48\" height=\"48\" style=\"width:48px\" \/>\n        <\/div>\n    <\/div>\n<\/div>\n","protected":false},"author":29,"featured_media":21799,"comment_status":"closed","ping_status":"open","sticky":false,"template":"","format":"standard","meta":{"footnotes":"","_elementor_edit_mode":"","_elementor_template_type":"","_elementor_data":"","_elementor_page_settings":null,"_elementor_conditions":[]},"categories":[2214],"tags":[],"class_list":{"0":"post-21798","1":"post","2":"type-post","3":"status-publish","4":"format-standard","5":"has-post-thumbnail","7":"category-yasam"},"yoast_head":"<!-- This site is optimized with the Yoast SEO Premium plugin v21.4 (Yoast SEO v27.0) - https:\/\/yoast.com\/product\/yoast-seo-premium-wordpress\/ -->\n<title>Uzaktan \u00e7al\u0131\u015fma ofis a\u015fklar\u0131n\u0131 bitirdi mi, evrimle\u015ftirdi mi?<\/title>\n<meta name=\"description\" content=\"Dijital \u00e7a\u011f\u0131n yeni dinamikleri, a\u015fk hayat\u0131n\u0131 nas\u0131l \u015fekillendirdi? 14 \u015eubat Sevgililer G\u00fcn\u00fc&#039;ne \u00f6zel bu sorular\u0131n cevab\u0131n\u0131 arad\u0131k.\" \/>\n<meta name=\"robots\" content=\"index, follow, max-snippet:-1, max-image-preview:large, max-video-preview:-1\" \/>\n<link rel=\"canonical\" href=\"https:\/\/www.kariyer.net\/kariyer-rehberi\/uzaktan-calisma-ofis-asklarini-bitirdi-mi-evrimlestirdi-mi\/\" \/>\n<meta property=\"og:locale\" content=\"tr_TR\" \/>\n<meta property=\"og:type\" content=\"article\" \/>\n<meta property=\"og:title\" content=\"Uzaktan \u00e7al\u0131\u015fma ofis a\u015fklar\u0131n\u0131 bitirdi mi, evrimle\u015ftirdi mi?\" \/>\n<meta property=\"og:description\" content=\"Uzaktan \u00e7al\u0131\u015fmayla birlikte ofis a\u015fklar\u0131 da tarihe mi kar\u0131\u015ft\u0131 dersiniz? Eskiden i\u015f yerinde ba\u015flayan romantik ili\u015fkiler, uzaktan \u00e7al\u0131\u015fma ile nas\u0131l bir\" \/>\n<meta property=\"og:url\" content=\"https:\/\/www.kariyer.net\/kariyer-rehberi\/uzaktan-calisma-ofis-asklarini-bitirdi-mi-evrimlestirdi-mi\/\" \/>\n<meta property=\"og:site_name\" content=\"Kariyer Rehberi\" \/>\n<meta property=\"article:published_time\" content=\"2025-02-14T13:06:31+00:00\" \/>\n<meta property=\"article:modified_time\" content=\"2025-02-14T13:12:24+00:00\" \/>\n<meta property=\"og:image\" content=\"https:\/\/www.kariyer.net\/kariyer-rehberi\/wp-content\/uploads\/2025\/02\/ofis_aski.jpg\" \/>\n\t<meta property=\"og:image:width\" content=\"900\" \/>\n\t<meta property=\"og:image:height\" content=\"600\" \/>\n\t<meta property=\"og:image:type\" content=\"image\/jpeg\" \/>\n<meta name=\"author\" content=\"\u00d6zden Y\u0131lmaz\" \/>\n<meta name=\"twitter:card\" content=\"summary_large_image\" \/>\n<meta name=\"twitter:label1\" content=\"Yazan:\" \/>\n\t<meta name=\"twitter:data1\" content=\"\u00d6zden Y\u0131lmaz\" \/>\n\t<meta name=\"twitter:label2\" content=\"Tahmini okuma s\u00fcresi\" \/>\n\t<meta name=\"twitter:data2\" content=\"3 dakika\" \/>\n<!-- \/ Yoast SEO Premium plugin. -->","yoast_head_json":{"title":"Uzaktan \u00e7al\u0131\u015fma ofis a\u015fklar\u0131n\u0131 bitirdi mi, evrimle\u015ftirdi mi?","description":"Dijital \u00e7a\u011f\u0131n yeni dinamikleri, a\u015fk hayat\u0131n\u0131 nas\u0131l \u015fekillendirdi? 14 \u015eubat Sevgililer G\u00fcn\u00fc'ne \u00f6zel bu sorular\u0131n cevab\u0131n\u0131 arad\u0131k.","robots":{"index":"index","follow":"follow","max-snippet":"max-snippet:-1","max-image-preview":"max-image-preview:large","max-video-preview":"max-video-preview:-1"},"canonical":"https:\/\/www.kariyer.net\/kariyer-rehberi\/uzaktan-calisma-ofis-asklarini-bitirdi-mi-evrimlestirdi-mi\/","og_locale":"tr_TR","og_type":"article","og_title":"Uzaktan \u00e7al\u0131\u015fma ofis a\u015fklar\u0131n\u0131 bitirdi mi, evrimle\u015ftirdi mi?","og_description":"Uzaktan \u00e7al\u0131\u015fmayla birlikte ofis a\u015fklar\u0131 da tarihe mi kar\u0131\u015ft\u0131 dersiniz? Eskiden i\u015f yerinde ba\u015flayan romantik ili\u015fkiler, uzaktan \u00e7al\u0131\u015fma ile nas\u0131l bir","og_url":"https:\/\/www.kariyer.net\/kariyer-rehberi\/uzaktan-calisma-ofis-asklarini-bitirdi-mi-evrimlestirdi-mi\/","og_site_name":"Kariyer Rehberi","article_published_time":"2025-02-14T13:06:31+00:00","article_modified_time":"2025-02-14T13:12:24+00:00","og_image":[{"width":900,"height":600,"url":"https:\/\/www.kariyer.net\/kariyer-rehberi\/wp-content\/uploads\/2025\/02\/ofis_aski.jpg","type":"image\/jpeg"}],"author":"\u00d6zden Y\u0131lmaz","twitter_card":"summary_large_image","twitter_misc":{"Yazan:":"\u00d6zden Y\u0131lmaz","Tahmini okuma s\u00fcresi":"3 dakika"},"schema":{"@context":"https:\/\/schema.org","@graph":[{"@type":"Article","@id":"https:\/\/www.kariyer.net\/kariyer-rehberi\/uzaktan-calisma-ofis-asklarini-bitirdi-mi-evrimlestirdi-mi\/#article","isPartOf":{"@id":"https:\/\/www.kariyer.net\/kariyer-rehberi\/uzaktan-calisma-ofis-asklarini-bitirdi-mi-evrimlestirdi-mi\/"},"author":{"name":"\u00d6zden Y\u0131lmaz","@id":"https:\/\/www.kariyer.net\/kariyer-rehberi\/#\/schema\/person\/71c4f71ffd069a4c47a69e85a0e09215"},"headline":"Uzaktan \u00e7al\u0131\u015fma ofis a\u015fklar\u0131n\u0131 bitirdi mi, evrimle\u015ftirdi mi?","datePublished":"2025-02-14T13:06:31+00:00","dateModified":"2025-02-14T13:12:24+00:00","mainEntityOfPage":{"@id":"https:\/\/www.kariyer.net\/kariyer-rehberi\/uzaktan-calisma-ofis-asklarini-bitirdi-mi-evrimlestirdi-mi\/"},"wordCount":649,"publisher":{"@id":"https:\/\/www.kariyer.net\/kariyer-rehberi\/#organization"},"image":{"@id":"https:\/\/www.kariyer.net\/kariyer-rehberi\/uzaktan-calisma-ofis-asklarini-bitirdi-mi-evrimlestirdi-mi\/#primaryimage"},"thumbnailUrl":"https:\/\/www.kariyer.net\/kariyer-rehberi\/wp-content\/uploads\/2025\/02\/ofis_aski.jpg","articleSection":["Ya\u015fam"],"inLanguage":"tr"},{"@type":"WebPage","@id":"https:\/\/www.kariyer.net\/kariyer-rehberi\/uzaktan-calisma-ofis-asklarini-bitirdi-mi-evrimlestirdi-mi\/","url":"https:\/\/www.kariyer.net\/kariyer-rehberi\/uzaktan-calisma-ofis-asklarini-bitirdi-mi-evrimlestirdi-mi\/","name":"Uzaktan \u00e7al\u0131\u015fma ofis a\u015fklar\u0131n\u0131 bitirdi mi, evrimle\u015ftirdi mi?","isPartOf":{"@id":"https:\/\/www.kariyer.net\/kariyer-rehberi\/#website"},"primaryImageOfPage":{"@id":"https:\/\/www.kariyer.net\/kariyer-rehberi\/uzaktan-calisma-ofis-asklarini-bitirdi-mi-evrimlestirdi-mi\/#primaryimage"},"image":{"@id":"https:\/\/www.kariyer.net\/kariyer-rehberi\/uzaktan-calisma-ofis-asklarini-bitirdi-mi-evrimlestirdi-mi\/#primaryimage"},"thumbnailUrl":"https:\/\/www.kariyer.net\/kariyer-rehberi\/wp-content\/uploads\/2025\/02\/ofis_aski.jpg","datePublished":"2025-02-14T13:06:31+00:00","dateModified":"2025-02-14T13:12:24+00:00","description":"Dijital \u00e7a\u011f\u0131n yeni dinamikleri, a\u015fk hayat\u0131n\u0131 nas\u0131l \u015fekillendirdi? 14 \u015eubat Sevgililer G\u00fcn\u00fc'ne \u00f6zel bu sorular\u0131n cevab\u0131n\u0131 arad\u0131k.","breadcrumb":{"@id":"https:\/\/www.kariyer.net\/kariyer-rehberi\/uzaktan-calisma-ofis-asklarini-bitirdi-mi-evrimlestirdi-mi\/#breadcrumb"},"inLanguage":"tr","potentialAction":[{"@type":"ReadAction","target":["https:\/\/www.kariyer.net\/kariyer-rehberi\/uzaktan-calisma-ofis-asklarini-bitirdi-mi-evrimlestirdi-mi\/"]}]},{"@type":"ImageObject","inLanguage":"tr","@id":"https:\/\/www.kariyer.net\/kariyer-rehberi\/uzaktan-calisma-ofis-asklarini-bitirdi-mi-evrimlestirdi-mi\/#primaryimage","url":"https:\/\/www.kariyer.net\/kariyer-rehberi\/wp-content\/uploads\/2025\/02\/ofis_aski.jpg","contentUrl":"https:\/\/www.kariyer.net\/kariyer-rehberi\/wp-content\/uploads\/2025\/02\/ofis_aski.jpg","width":900,"height":600},{"@type":"BreadcrumbList","@id":"https:\/\/www.kariyer.net\/kariyer-rehberi\/uzaktan-calisma-ofis-asklarini-bitirdi-mi-evrimlestirdi-mi\/#breadcrumb","itemListElement":[{"@type":"ListItem","position":1,"name":"Anasayfa","item":"https:\/\/www.kariyer.net\/kariyer-rehberi\/"},{"@type":"ListItem","position":2,"name":"Uzaktan \u00e7al\u0131\u015fma ofis a\u015fklar\u0131n\u0131 bitirdi mi, evrimle\u015ftirdi mi?"}]},{"@type":"WebSite","@id":"https:\/\/www.kariyer.net\/kariyer-rehberi\/#website","url":"https:\/\/www.kariyer.net\/kariyer-rehberi\/","name":"Kariyer Rehberi","description":"\u0130\u015f D\u00fcnyas\u0131yla \u0130lgili Bilmek \u0130stedi\u011finiz Her \u015eey","publisher":{"@id":"https:\/\/www.kariyer.net\/kariyer-rehberi\/#organization"},"potentialAction":[{"@type":"SearchAction","target":{"@type":"EntryPoint","urlTemplate":"https:\/\/www.kariyer.net\/kariyer-rehberi\/?s={search_term_string}"},"query-input":{"@type":"PropertyValueSpecification","valueRequired":true,"valueName":"search_term_string"}}],"inLanguage":"tr"},{"@type":"Organization","@id":"https:\/\/www.kariyer.net\/kariyer-rehberi\/#organization","name":"Kariyer.net","url":"https:\/\/www.kariyer.net\/kariyer-rehberi\/","logo":{"@type":"ImageObject","inLanguage":"tr","@id":"https:\/\/www.kariyer.net\/kariyer-rehberi\/#\/schema\/logo\/image\/","url":"https:\/\/www.kariyer.net\/kariyer-rehberi-new\/wp-content\/uploads\/2023\/01\/og-image11.jpg","contentUrl":"https:\/\/www.kariyer.net\/kariyer-rehberi-new\/wp-content\/uploads\/2023\/01\/og-image11.jpg","width":800,"height":800,"caption":"Kariyer.net"},"image":{"@id":"https:\/\/www.kariyer.net\/kariyer-rehberi\/#\/schema\/logo\/image\/"}},{"@type":"Person","@id":"https:\/\/www.kariyer.net\/kariyer-rehberi\/#\/schema\/person\/71c4f71ffd069a4c47a69e85a0e09215","name":"\u00d6zden Y\u0131lmaz","image":{"@type":"ImageObject","inLanguage":"tr","@id":"https:\/\/www.kariyer.net\/kariyer-rehberi\/#\/schema\/person\/image\/","url":"https:\/\/secure.gravatar.com\/avatar\/776750a3e7166486a1e43527c51a8f7088279a624700d0e81666f27a714cbbc2?s=96&d=mm&r=g","contentUrl":"https:\/\/secure.gravatar.com\/avatar\/776750a3e7166486a1e43527c51a8f7088279a624700d0e81666f27a714cbbc2?s=96&d=mm&r=g","caption":"\u00d6zden Y\u0131lmaz"},"description":"Kocaeli \u00dcniversitesi \u0130leti\u015fim Fak\u00fcltesi mezunu olan \u00d6zden, Bilgi \u00dcniversitesi\u2019nde \u0130nteraktif Pazarlama alan\u0131nda y\u00fcksek lisans yapm\u0131\u015ft\u0131r. Lisans \u00f6\u011freniminin ilk y\u0131llar\u0131nda TRT Haber\u2019de asistan muhabirlik yaparak meslek hayat\u0131na ba\u015flam\u0131\u015ft\u0131r. Mezun olduktan sonra farkl\u0131 d\u00f6nemlerde TV8 Haber ve Cem TV\u2019de; yap\u0131mc\u0131, y\u00f6netmen ve edit\u00f6r olarak g\u00f6rev alm\u0131\u015ft\u0131r. Dijital d\u00fcnyadaki geli\u015fmelerle birlikte editoryal deneyimini online platformlara ta\u015f\u0131m\u0131\u015f, Markafoni\u2019de ve Mudo\u2019da i\u00e7erik edit\u00f6rl\u00fc\u011f\u00fc yapm\u0131\u015ft\u0131r. Kurumsal markalar i\u00e7in freelance SEO edit\u00f6rl\u00fc\u011f\u00fc de yapan \u00d6zden, 2018 y\u0131l\u0131 itibar\u0131yla kariyerine, Kariyer.net i\u00e7erik edit\u00f6r\u00fc olarak devam etmekte ve online\/offline i\u00e7erik \u00fcretmektedir.","url":"https:\/\/www.kariyer.net\/kariyer-rehberi\/author\/ozdenyilmaz\/"}]}},"_links":{"self":[{"href":"https:\/\/www.kariyer.net\/kariyer-rehberi\/wp-json\/wp\/v2\/posts\/21798","targetHints":{"allow":["GET"]}}],"collection":[{"href":"https:\/\/www.kariyer.net\/kariyer-rehberi\/wp-json\/wp\/v2\/posts"}],"about":[{"href":"https:\/\/www.kariyer.net\/kariyer-rehberi\/wp-json\/wp\/v2\/types\/post"}],"author":[{"embeddable":true,"href":"https:\/\/www.kariyer.net\/kariyer-rehberi\/wp-json\/wp\/v2\/users\/29"}],"replies":[{"embeddable":true,"href":"https:\/\/www.kariyer.net\/kariyer-rehberi\/wp-json\/wp\/v2\/comments?post=21798"}],"version-history":[{"count":3,"href":"https:\/\/www.kariyer.net\/kariyer-rehberi\/wp-json\/wp\/v2\/posts\/21798\/revisions"}],"predecessor-version":[{"id":21803,"href":"https:\/\/www.kariyer.net\/kariyer-rehberi\/wp-json\/wp\/v2\/posts\/21798\/revisions\/21803"}],"wp:featuredmedia":[{"embeddable":true,"href":"https:\/\/www.kariyer.net\/kariyer-rehberi\/wp-json\/wp\/v2\/media\/21799"}],"wp:attachment":[{"href":"https:\/\/www.kariyer.net\/kariyer-rehberi\/wp-json\/wp\/v2\/media?parent=21798"}],"wp:term":[{"taxonomy":"category","embeddable":true,"href":"https:\/\/www.kariyer.net\/kariyer-rehberi\/wp-json\/wp\/v2\/categories?post=21798"},{"taxonomy":"post_tag","embeddable":true,"href":"https:\/\/www.kariyer.net\/kariyer-rehberi\/wp-json\/wp\/v2\/tags?post=21798"}],"curies":[{"name":"wp","href":"https:\/\/api.w.org\/{rel}","templated":true}]}}