{"id":21812,"date":"2025-02-19T16:10:10","date_gmt":"2025-02-19T13:10:10","guid":{"rendered":"https:\/\/www.kariyer.net\/kariyer-rehberi\/?p=21812"},"modified":"2025-06-19T17:59:18","modified_gmt":"2025-06-19T14:59:18","slug":"is-arama-izni-nedir","status":"publish","type":"post","link":"https:\/\/www.kariyer.net\/kariyer-rehberi\/is-arama-izni-nedir\/","title":{"rendered":"\u0130\u015f arama izni nedir?"},"content":{"rendered":"<p><strong>\u0130\u015ften ayr\u0131lma s\u00fcrecinde yasal hakk\u0131n olan i\u015f arama izni, yeni bir i\u015f bulman\u0131 kolayla\u015ft\u0131rmak i\u00e7in sana tan\u0131nan \u00f6nemli bir f\u0131rsat. Peki, bu izni nas\u0131l kullanabilirsin, ka\u00e7 saat ve hangi \u015fartlarda ge\u00e7erli? \u0130\u015f arama iznine dair t\u00fcm detaylar\u0131 \u00f6\u011frenerek s\u00fcreci en verimli \u015fekilde y\u00f6netebilirsin!<\/strong><\/p>\n<p><span style=\"font-weight: 400;\">Yasal haklar\u0131n aras\u0131nda yer alan <\/span><b>i\u015f arama izni<\/b><span style=\"font-weight: 400;\"> i\u015fveren taraf\u0131ndan sana sa\u011flanmas\u0131 gereken bir s\u00fcreyi ifade eder. \u0130\u015f s\u00f6zle\u015fmen feshedildi\u011finde ya da ihbar s\u00fcresi i\u00e7indeysen yeni bir i\u015f bulabilmen ad\u0131na belirli saatlerde i\u015f arayabilirsin. Senin ma\u011fdur olmaman ad\u0131na yasalarla g\u00fcvence alt\u0131na al\u0131nan bu izin, i\u015f bulma s\u00fcrecini kolayla\u015ft\u0131rmay\u0131 ama\u00e7lar. <\/span><span style=\"font-weight: 400;\">Ancak bu hakk\u0131n nas\u0131l kullan\u0131laca\u011f\u0131, ne kadar s\u00fcrece\u011fi ve hangi ko\u015fullarda ge\u00e7erli oldu\u011fu hakk\u0131nda bir\u00e7ok ki\u015fi yeterli bilgiye sahip de\u011fildir. \u00d6zellikle <\/span><b>ihbar s\u00fcresinde i\u015f arama izni <\/b><span style=\"font-weight: 400;\">konusunun detaylar\u0131n\u0131 bilmen senin i\u00e7in b\u00fcy\u00fck \u00f6nem ta\u015f\u0131r. Hem senin hem de i\u015fverenlerin haklar\u0131n\u0131 bilerek hareket etmen \u00e7al\u0131\u015fma s\u00fcrecinde ya\u015fanabilecek anla\u015fmazl\u0131klar\u0131 \u00f6nleyebilir.<\/span><span style=\"font-weight: 400;\"><br \/>\n<\/span><\/p>\n<h2><b>\u0130\u015f arama izni ka\u00e7 g\u00fcnd\u00fcr?<\/b><b><br \/>\n<\/b><\/h2>\n<p><span style=\"font-weight: 400;\">\u0130\u015ften ayr\u0131lma s\u00fcrecinde en \u00e7ok merak edilen konulardan biri <\/span><b>i\u015f arama izni ka\u00e7 g\u00fcnd\u00fcr <\/b><span style=\"font-weight: 400;\">sorusunun yan\u0131t\u0131d\u0131r. \u00c7al\u0131\u015fma Kanunu\u2019na g\u00f6re i\u015f arama izni ihbar s\u00fcresi boyunca ge\u00e7erlidir. \u0130hbar s\u00fcresi senin k\u0131demine ba\u011fl\u0131 olarak de\u011fi\u015fti\u011fi i\u00e7in i\u015f arama izni s\u00fcresi de do\u011frudan etkilenir.<\/span><\/p>\n<ul>\n<li style=\"font-weight: 400;\" aria-level=\"1\"><span style=\"font-weight: 400;\">6 aydan az \u00e7al\u0131\u015fanlar i\u00e7in ihbar s\u00fcresi 2 hafta olup bu s\u00fcre\u00e7 boyunca bu izni kullanabilirsin.<\/span><\/li>\n<li style=\"font-weight: 400;\" aria-level=\"1\"><span style=\"font-weight: 400;\">6 ay ile 1,5 y\u0131l aras\u0131nda \u00e7al\u0131\u015fanlar i\u00e7in ihbar s\u00fcresi 4 haftad\u0131r ve i\u015f arama iznin de bu s\u00fcre i\u00e7inde ge\u00e7erlidir.<\/span><\/li>\n<li style=\"font-weight: 400;\" aria-level=\"1\"><span style=\"font-weight: 400;\">1,5 y\u0131l ile 3 y\u0131l aras\u0131nda \u00e7al\u0131\u015fanlar\u0131n ihbar s\u00fcresi 6 hafta olarak belirlenmi\u015ftir ve izni de bu s\u00fcrede kullanabilirsin.<\/span><\/li>\n<li style=\"font-weight: 400;\" aria-level=\"1\"><span style=\"font-weight: 400;\">3 y\u0131ldan fazla \u00e7al\u0131\u015fanlar i\u00e7in ihbar s\u00fcresi 8 haftad\u0131r. Dolay\u0131s\u0131yla iznin de bu s\u00fcre boyunca devam eder.<\/span><\/li>\n<\/ul>\n<p><span style=\"font-weight: 400;\">\u0130hbar s\u00fcresi i\u00e7inde yer alan her g\u00fcn i\u00e7in belirlenen saatler kadar i\u015f arama hakk\u0131n bulunur. Ancak i\u015f arama s\u00fcresini toplu olarak da kullanabilirsin. Bu noktada <\/span><b>ihbar s\u00fcresinde i\u015f arama izni toplu kullanma<\/b><span style=\"font-weight: 400;\"> konusu devreye girer.<\/span><span style=\"font-weight: 400;\"><br \/>\n<\/span><\/p>\n<h2><b>\u0130\u015f arama izni ka\u00e7 saattir?<\/b><b><br \/>\n<\/b><\/h2>\n<p><span style=\"font-weight: 400;\">Senin gibi \u00e7al\u0131\u015fanlar\u0131n <\/span><b>i\u015f arama izni ka\u00e7 saattir<\/b><span style=\"font-weight: 400;\"> sorusuna yan\u0131t aramas\u0131 olduk\u00e7a yayg\u0131nd\u0131r. Yasa gere\u011fi g\u00fcnl\u00fck 2 saat olarak belirlenen bu s\u00fcre yeni i\u015f f\u0131rsatlar\u0131n\u0131 de\u011ferlendirebilmen i\u00e7in ayr\u0131lm\u0131\u015ft\u0131r.<\/span><\/p>\n<p><span style=\"font-weight: 400;\">\u0130\u015f arama izninin saatlik olarak kullan\u0131m\u0131 \u015fu \u015fekildedir:<\/span><\/p>\n<ul>\n<li style=\"font-weight: 400;\" aria-level=\"1\"><span style=\"font-weight: 400;\">\u0130\u015ften \u00e7\u0131k\u0131\u015f\u0131na kadar olan s\u00fcrede her g\u00fcn 2 saat i\u015f arama iznine sahipsin.<\/span><\/li>\n<li style=\"font-weight: 400;\" aria-level=\"1\"><span style=\"font-weight: 400;\">Bu s\u00fcre i\u00e7inde i\u015fveren seni \u00e7al\u0131\u015ft\u0131rmaya devam edemez.<\/span><\/li>\n<li style=\"font-weight: 400;\" aria-level=\"1\"><span style=\"font-weight: 400;\">\u0130zin s\u00fcresi senin iste\u011fine ba\u011fl\u0131 olarak i\u015f g\u00fcnlerinin tamam\u0131na yayabilirsin.<\/span><\/li>\n<\/ul>\n<p><span style=\"font-weight: 400;\">\u00d6te yandan i\u015f arama s\u00fcresini toplu \u015fekilde kullanma hakk\u0131na da sahipsin. <\/span><b>\u0130\u015f arama izni toplu kullanma<\/b><span style=\"font-weight: 400;\"> se\u00e7ene\u011fiyle i\u015f arama s\u00fcresini i\u015ften ayr\u0131lmadan \u00f6nce toplu olarak alabilirsin. B\u00f6ylece daha erken bir tarihte i\u015ften ayr\u0131lma \u015fans\u0131na sahip olursun. Ancak bu durum i\u015fverenin onay\u0131yla ger\u00e7ekle\u015fmelidir.<\/span><span style=\"font-weight: 400;\"><br \/>\n<\/span><\/p>\n<h2><b>\u0130\u015f arama izni hesaplamas\u0131 nas\u0131l yap\u0131l\u0131r?<\/b><b><br \/>\n<\/b><\/h2>\n<p><span style=\"font-weight: 400;\">\u0130\u015ften ayr\u0131lmadan \u00f6nce <\/span><b>i\u015f arama izni hesaplamas\u0131<\/b><span style=\"font-weight: 400;\"> yapman, kullan\u0131lacak toplam s\u00fcrenin netle\u015fmesini sa\u011flar. G\u00fcnl\u00fck 2 saatlik izin hakk\u0131n oldu\u011fu d\u00fc\u015f\u00fcn\u00fcld\u00fc\u011f\u00fcnde ihbar s\u00fcresi boyunca toplam izin s\u00fcren \u015fu \u015fekilde hesaplanabilir:<\/span><\/p>\n<ul>\n<li style=\"font-weight: 400;\" aria-level=\"1\"><span style=\"font-weight: 400;\">2 hafta ihbar s\u00fcresi olan bir \u00e7al\u0131\u015fan i\u00e7in toplam izin s\u00fcresi 20 saattir.<\/span><\/li>\n<li style=\"font-weight: 400;\" aria-level=\"1\"><span style=\"font-weight: 400;\">4 hafta ihbar s\u00fcresi olanlar i\u00e7in i\u015f arama izni 40 saate ula\u015f\u0131r.<\/span><\/li>\n<li style=\"font-weight: 400;\" aria-level=\"1\"><span style=\"font-weight: 400;\">6 hafta ihbar s\u00fcresi olanlar\u0131n toplam i\u015f arama s\u00fcresi 60 saattir.<\/span><\/li>\n<li style=\"font-weight: 400;\" aria-level=\"1\"><span style=\"font-weight: 400;\">8 hafta ihbar s\u00fcresi boyunca \u00e7al\u0131\u015fanlar\u0131n toplam i\u015f arama izni 80 saat olur.<\/span><\/li>\n<\/ul>\n<p><span style=\"font-weight: 400;\">Bu hesaplama y\u00f6ntemiyle ka\u00e7 saat izin hakk\u0131n oldu\u011funu kolayca belirleyebilirsin. Ancak <\/span><b>i\u015f arama izni \u00fccreti hesaplama<\/b><span style=\"font-weight: 400;\"> da dikkate alman gereken \u00f6nemli bir konudur. \u0130\u015f arama s\u00fcresinde \u00e7al\u0131\u015ft\u0131r\u0131l\u0131rsan, bu s\u00fcreye ait \u00fccretin y\u00fczde 100 zaml\u0131 \u00f6denmesi gerekir.<\/span><\/p>\n<h2><b>\u0130stifa eden i\u015f\u00e7i i\u015f arama izni kullanabilir mi?<\/b><b><br \/>\n<\/b><\/h2>\n<p><span style=\"font-weight: 400;\">\u0130\u015ften ayr\u0131lma s\u00fcrecin i\u015fveren taraf\u0131ndan yap\u0131lan fesih ya da senin kendi iste\u011finle ayr\u0131lman \u015feklinde ger\u00e7ekle\u015febilir. <\/span><b>\u0130stifa eden i\u015f\u00e7i i\u015f arama izni<\/b><span style=\"font-weight: 400;\"> hakk\u0131ndan yararlanamaz. \u00c7\u00fcnk\u00fc i\u015f arama izni, i\u015fveren taraf\u0131ndan i\u015f akdi feshedilen \u00e7al\u0131\u015fanlara tan\u0131nan bir hakt\u0131r. <\/span><span style=\"font-weight: 400;\">Ancak baz\u0131 i\u015f yerlerinde i\u015fverenin inisiyatifiyle istifa eden \u00e7al\u0131\u015fanlara da belirli kolayl\u0131klar sa\u011flanabilir. Bu t\u00fcr durumlar tamamen i\u015fverenin inisiyatifine ba\u011fl\u0131d\u0131r.<\/span><\/p>\n<p><span style=\"font-weight: 400;\">\u0130stifa etti\u011fin durumlarda <\/span><b>i\u015f arama izni dilek\u00e7esi<\/b><span style=\"font-weight: 400;\"> sunarak izin talebinde bulunman i\u015fverenin karar\u0131na ba\u011fl\u0131d\u0131r. Fakat yasal olarak i\u015fverenin b\u00f6yle bir zorunlulu\u011fu bulunmaz.<\/span><\/p>\n<h2><b>\u0130\u015f arama izni dilek\u00e7esi nas\u0131l yaz\u0131l\u0131r?<\/b><b><br \/>\n<\/b><\/h2>\n<p><span style=\"font-weight: 400;\">\u0130\u015f arama izni dilek\u00e7esi senin i\u015fverenden i\u015f arama izni talep etmen i\u00e7in yazd\u0131\u011f\u0131n resmi bir belgedir. Bu dilek\u00e7ede belirtilmesi gereken baz\u0131 temel bilgiler bulunur:<\/span><\/p>\n<ul>\n<li style=\"font-weight: 400;\" aria-level=\"1\"><span style=\"font-weight: 400;\">Ad, soyad ve ileti\u015fim bilgilerin<\/span><\/li>\n<li style=\"font-weight: 400;\" aria-level=\"1\"><span style=\"font-weight: 400;\">\u0130\u015f yerinin ad\u0131 ve i\u015fverenin bilgileri<\/span><\/li>\n<li style=\"font-weight: 400;\" aria-level=\"1\"><span style=\"font-weight: 400;\">\u0130\u015ften ayr\u0131lma tarihi ve ihbar s\u00fcresi bilgisi<\/span><\/li>\n<li style=\"font-weight: 400;\" aria-level=\"1\"><span style=\"font-weight: 400;\">\u0130\u015f arama iznini hangi tarihlerde ve nas\u0131l kullan\u0131laca\u011f\u0131n<\/span><\/li>\n<li style=\"font-weight: 400;\" aria-level=\"1\"><span style=\"font-weight: 400;\">Dilek\u00e7enin tarihi ve senin imzan<\/span><\/li>\n<\/ul>\n<p><span style=\"font-weight: 400;\">\u00d6rnek bir <\/span><b>g\u00fcnl\u00fck 2 saat i\u015f arama izni dilek\u00e7esi<\/b><span style=\"font-weight: 400;\"> \u015fu \u015fekilde olabilir:<\/span><\/p>\n<blockquote><p><em><span style=\"font-weight: 400;\">Say\u0131n [\u0130\u015fverenin Ad\u0131],<\/span><\/em><\/p>\n<p><em><span style=\"font-weight: 400;\">\u015eirketinizde [\u00e7al\u0131\u015ft\u0131\u011f\u0131n\u0131z pozisyon] olarak g\u00f6rev yapmaktay\u0131m. \u0130\u015f akdimin [fesih\/istifa] sebebiyle sona ermesi nedeniyle 4857 say\u0131l\u0131 \u0130\u015f Kanunu\u2019nun 27. maddesi uyar\u0131nca i\u015f arama iznimi kullanmak istiyorum. G\u00fcnl\u00fck 2 saat olarak belirlenen i\u015f arama iznimi, ihbar s\u00fcrem boyunca kullanmay\u0131 talep ediyorum. Gere\u011fini bilgilerinize sunar\u0131m.<\/span><\/em><\/p>\n<p><em><span style=\"font-weight: 400;\">Sayg\u0131lar\u0131mla,[Ad\u0131n\u0131z Soyad\u0131n\u0131z]<\/span><\/em><\/p><\/blockquote>\n<p><span style=\"font-weight: 400;\">Bu dilek\u00e7enin i\u015fverene yaz\u0131l\u0131 olarak sunulmas\u0131 i\u015f arama izninin resmiyet kazanmas\u0131 a\u00e7\u0131s\u0131ndan \u00f6nemlidir.<\/span><\/p>\n<h2><b>Yeni i\u015f arama izni nas\u0131l kullan\u0131l\u0131r?<\/b><b><br \/>\n<\/b><\/h2>\n<p><span style=\"font-weight: 400;\">\u0130\u015ften ayr\u0131l\u0131yorsan <\/span><b>yeni i\u015f arama izni<\/b><span style=\"font-weight: 400;\"> s\u00fcrecini do\u011fru de\u011ferlendirmen yeni bir i\u015f bulma s\u00fcrecini h\u0131zland\u0131r\u0131r. \u0130\u015f arama izni kapsam\u0131nda dikkat etmen gereken baz\u0131 noktalar vard\u0131r:<\/span><\/p>\n<ul>\n<li style=\"font-weight: 400;\" aria-level=\"1\"><span style=\"font-weight: 400;\">Zaman y\u00f6netimi yaparak i\u015f g\u00f6r\u00fc\u015fmeleri i\u00e7in uygun g\u00fcnler belirlenmelisin.<\/span><\/li>\n<li style=\"font-weight: 400;\" aria-level=\"1\"><span style=\"font-weight: 400;\">\u0130\u015f ilanlar\u0131n\u0131 incelemen ba\u015fvurular\u0131 zaman\u0131nda yapman \u00f6nemlidir.<\/span><\/li>\n<li style=\"font-weight: 400;\" aria-level=\"1\"><span style=\"font-weight: 400;\">\u0130\u015f g\u00f6r\u00fc\u015fmelerine gitmeden \u00f6nce haz\u0131rl\u0131k yapmal\u0131s\u0131n ve \u00f6zge\u00e7mi\u015fini g\u00fcncellemelisin.<\/span><\/li>\n<li style=\"font-weight: 400;\" aria-level=\"1\"><span style=\"font-weight: 400;\">G\u00f6r\u00fc\u015fme saatleri i\u015fverenle koordineli \u015fekilde belirlemelisin.<\/span><span style=\"font-weight: 400;\"><br \/>\n<\/span><\/li>\n<\/ul>\n<p><span style=\"font-weight: 400;\">\u0130\u015f arama s\u00fcrecinde do\u011fru ad\u0131mlar\u0131 atarak yeni bir i\u015f bulma \u015fans\u0131n\u0131 art\u0131rabilirsin. Farkl\u0131 sekt\u00f6rleri ve se\u00e7enekleri de\u011ferlendirmek i\u00e7in <strong><a href=\"https:\/\/www.kariyer.net\/is-ilanlari\">i\u015f ilan\u0131<\/a><\/strong> sayfam\u0131z\u0131 inceleyebilirsin.<\/span><span style=\"font-weight: 400;\">\u00a0G\u00fcncel i\u015f ilanlar\u0131n\u0131 takip etmen \u00f6zge\u00e7mi\u015fini haz\u0131rlaman ve i\u015fverenlerle g\u00f6r\u00fc\u015fmeler yapman s\u00fcreci daha verimli hale getirebilir.<\/span><\/p>\n<p>Kaynak: <a href=\"https:\/\/www.sinaneroglu.av.tr\/is-arama-izni\/\" target=\"_blank\" rel=\"noopener\">1<\/a><\/p>\n<p>&nbsp;<\/p>\n<!-- templates\/buttons-placeholder.php -->\n<div class=\"da-reactions-outer TpostID21812\">\n\t    <div class=\"da-reactions-data da-reactions-container-async center\"\n         data-type=\"post\"\n         data-id=\"21812\"\n         id=\"da-reactions-slot-post-21812\">\n        <div class=\"da-reactions-static\">\n\t\t\t<img src=\"https:\/\/www.kariyer.net\/kariyer-rehberi\/wp-content\/plugins\/da-reactions\/assets\/dist\/loading.svg\" alt=\"Loading spinner\" width=\"48\" height=\"48\" style=\"width:48px\" \/>\n        <\/div>\n    <\/div>\n<\/div>\n","protected":false},"excerpt":{"rendered":"<p>\u0130\u015ften ayr\u0131lma s\u00fcrecinde yasal hakk\u0131n olan i\u015f arama izni, yeni bir i\u015f bulman\u0131 kolayla\u015ft\u0131rmak i\u00e7in sana tan\u0131nan \u00f6nemli bir f\u0131rsat. Peki, bu izni nas\u0131l kullanabilirsin, ka\u00e7 saat ve hangi \u015fartlarda ge\u00e7erli? \u0130\u015f arama iznine dair t\u00fcm detaylar\u0131 \u00f6\u011frenerek s\u00fcreci en verimli \u015fekilde y\u00f6netebilirsin! Yasal haklar\u0131n aras\u0131nda yer alan i\u015f arama izni i\u015fveren taraf\u0131ndan sana sa\u011flanmas\u0131 [&hellip;]<\/p>\n<!-- templates\/buttons-placeholder.php -->\n<div class=\"da-reactions-outer TpostID21812\">\n\t    <div class=\"da-reactions-data da-reactions-container-async center\"\n         data-type=\"post\"\n         data-id=\"21812\"\n         id=\"da-reactions-slot-post-21812\">\n        <div class=\"da-reactions-static\">\n\t\t\t<img src=\"https:\/\/www.kariyer.net\/kariyer-rehberi\/wp-content\/plugins\/da-reactions\/assets\/dist\/loading.svg\" alt=\"Loading spinner\" width=\"48\" height=\"48\" style=\"width:48px\" \/>\n        <\/div>\n    <\/div>\n<\/div>\n","protected":false},"author":12,"featured_media":21813,"comment_status":"closed","ping_status":"open","sticky":false,"template":"","format":"standard","meta":{"footnotes":"","_elementor_edit_mode":"","_elementor_template_type":"","_elementor_data":"","_elementor_page_settings":null,"_elementor_conditions":[]},"categories":[2218],"tags":[2232,2225],"class_list":{"0":"post-21812","1":"post","2":"type-post","3":"status-publish","4":"format-standard","5":"has-post-thumbnail","7":"category-is-hukuku","8":"tag-izinler","9":"tag-tum-kitle"},"yoast_head":"<!-- This site is optimized with the Yoast SEO Premium plugin v21.4 (Yoast SEO v27.0) - https:\/\/yoast.com\/product\/yoast-seo-premium-wordpress\/ -->\n<title>\u0130\u015f arama izni nedir?<\/title>\n<meta name=\"description\" content=\"\u0130\u015ften ayr\u0131lma s\u00fcrecinde yasal hakk\u0131n olan i\u015f arama izni, yeni bir i\u015f bulman\u0131 kolayla\u015ft\u0131rmak i\u00e7in sana tan\u0131nan \u00f6nemli bir f\u0131rsat.\" \/>\n<meta name=\"robots\" content=\"index, follow, max-snippet:-1, max-image-preview:large, max-video-preview:-1\" \/>\n<link rel=\"canonical\" href=\"https:\/\/www.kariyer.net\/kariyer-rehberi\/is-arama-izni-nedir\/\" \/>\n<meta property=\"og:locale\" content=\"tr_TR\" \/>\n<meta property=\"og:type\" content=\"article\" \/>\n<meta property=\"og:title\" content=\"\u0130\u015f arama izni nedir?\" \/>\n<meta property=\"og:description\" content=\"\u0130\u015ften ayr\u0131lma s\u00fcrecinde yasal hakk\u0131n olan i\u015f arama izni, yeni bir i\u015f bulman\u0131 kolayla\u015ft\u0131rmak i\u00e7in sana tan\u0131nan \u00f6nemli bir f\u0131rsat. Peki, bu izni nas\u0131l\" \/>\n<meta property=\"og:url\" content=\"https:\/\/www.kariyer.net\/kariyer-rehberi\/is-arama-izni-nedir\/\" \/>\n<meta property=\"og:site_name\" content=\"Kariyer Rehberi\" \/>\n<meta property=\"article:published_time\" content=\"2025-02-19T13:10:10+00:00\" \/>\n<meta property=\"article:modified_time\" content=\"2025-06-19T14:59:18+00:00\" \/>\n<meta property=\"og:image\" content=\"https:\/\/www.kariyer.net\/kariyer-rehberi\/wp-content\/uploads\/2025\/02\/is_arama_izni.jpg\" \/>\n\t<meta property=\"og:image:width\" content=\"900\" \/>\n\t<meta property=\"og:image:height\" content=\"600\" \/>\n\t<meta property=\"og:image:type\" content=\"image\/jpeg\" \/>\n<meta name=\"author\" content=\"Edit\u00f6r\" \/>\n<meta name=\"twitter:card\" content=\"summary_large_image\" \/>\n<meta name=\"twitter:label1\" content=\"Yazan:\" \/>\n\t<meta name=\"twitter:data1\" content=\"Edit\u00f6r\" \/>\n\t<meta name=\"twitter:label2\" content=\"Tahmini okuma s\u00fcresi\" \/>\n\t<meta name=\"twitter:data2\" content=\"6 dakika\" \/>\n<!-- \/ Yoast SEO Premium plugin. -->","yoast_head_json":{"title":"\u0130\u015f arama izni nedir?","description":"\u0130\u015ften ayr\u0131lma s\u00fcrecinde yasal hakk\u0131n olan i\u015f arama izni, yeni bir i\u015f bulman\u0131 kolayla\u015ft\u0131rmak i\u00e7in sana tan\u0131nan \u00f6nemli bir f\u0131rsat.","robots":{"index":"index","follow":"follow","max-snippet":"max-snippet:-1","max-image-preview":"max-image-preview:large","max-video-preview":"max-video-preview:-1"},"canonical":"https:\/\/www.kariyer.net\/kariyer-rehberi\/is-arama-izni-nedir\/","og_locale":"tr_TR","og_type":"article","og_title":"\u0130\u015f arama izni nedir?","og_description":"\u0130\u015ften ayr\u0131lma s\u00fcrecinde yasal hakk\u0131n olan i\u015f arama izni, yeni bir i\u015f bulman\u0131 kolayla\u015ft\u0131rmak i\u00e7in sana tan\u0131nan \u00f6nemli bir f\u0131rsat. Peki, bu izni nas\u0131l","og_url":"https:\/\/www.kariyer.net\/kariyer-rehberi\/is-arama-izni-nedir\/","og_site_name":"Kariyer Rehberi","article_published_time":"2025-02-19T13:10:10+00:00","article_modified_time":"2025-06-19T14:59:18+00:00","og_image":[{"width":900,"height":600,"url":"https:\/\/www.kariyer.net\/kariyer-rehberi\/wp-content\/uploads\/2025\/02\/is_arama_izni.jpg","type":"image\/jpeg"}],"author":"Edit\u00f6r","twitter_card":"summary_large_image","twitter_misc":{"Yazan:":"Edit\u00f6r","Tahmini okuma s\u00fcresi":"6 dakika"},"schema":{"@context":"https:\/\/schema.org","@graph":[{"@type":"Article","@id":"https:\/\/www.kariyer.net\/kariyer-rehberi\/is-arama-izni-nedir\/#article","isPartOf":{"@id":"https:\/\/www.kariyer.net\/kariyer-rehberi\/is-arama-izni-nedir\/"},"author":{"name":"Edit\u00f6r","@id":"https:\/\/www.kariyer.net\/kariyer-rehberi\/#\/schema\/person\/94fd6e49c7ff1b1b2565a2cc4fd685dd"},"headline":"\u0130\u015f arama izni nedir?","datePublished":"2025-02-19T13:10:10+00:00","dateModified":"2025-06-19T14:59:18+00:00","mainEntityOfPage":{"@id":"https:\/\/www.kariyer.net\/kariyer-rehberi\/is-arama-izni-nedir\/"},"wordCount":1148,"publisher":{"@id":"https:\/\/www.kariyer.net\/kariyer-rehberi\/#organization"},"image":{"@id":"https:\/\/www.kariyer.net\/kariyer-rehberi\/is-arama-izni-nedir\/#primaryimage"},"thumbnailUrl":"https:\/\/www.kariyer.net\/kariyer-rehberi\/wp-content\/uploads\/2025\/02\/is_arama_izni.jpg","keywords":["izinler","T\u00fcm kitle"],"articleSection":["\u0130\u015f Hukuku"],"inLanguage":"tr"},{"@type":"WebPage","@id":"https:\/\/www.kariyer.net\/kariyer-rehberi\/is-arama-izni-nedir\/","url":"https:\/\/www.kariyer.net\/kariyer-rehberi\/is-arama-izni-nedir\/","name":"\u0130\u015f arama izni nedir?","isPartOf":{"@id":"https:\/\/www.kariyer.net\/kariyer-rehberi\/#website"},"primaryImageOfPage":{"@id":"https:\/\/www.kariyer.net\/kariyer-rehberi\/is-arama-izni-nedir\/#primaryimage"},"image":{"@id":"https:\/\/www.kariyer.net\/kariyer-rehberi\/is-arama-izni-nedir\/#primaryimage"},"thumbnailUrl":"https:\/\/www.kariyer.net\/kariyer-rehberi\/wp-content\/uploads\/2025\/02\/is_arama_izni.jpg","datePublished":"2025-02-19T13:10:10+00:00","dateModified":"2025-06-19T14:59:18+00:00","description":"\u0130\u015ften ayr\u0131lma s\u00fcrecinde yasal hakk\u0131n olan i\u015f arama izni, yeni bir i\u015f bulman\u0131 kolayla\u015ft\u0131rmak i\u00e7in sana tan\u0131nan \u00f6nemli bir f\u0131rsat.","breadcrumb":{"@id":"https:\/\/www.kariyer.net\/kariyer-rehberi\/is-arama-izni-nedir\/#breadcrumb"},"inLanguage":"tr","potentialAction":[{"@type":"ReadAction","target":["https:\/\/www.kariyer.net\/kariyer-rehberi\/is-arama-izni-nedir\/"]}]},{"@type":"ImageObject","inLanguage":"tr","@id":"https:\/\/www.kariyer.net\/kariyer-rehberi\/is-arama-izni-nedir\/#primaryimage","url":"https:\/\/www.kariyer.net\/kariyer-rehberi\/wp-content\/uploads\/2025\/02\/is_arama_izni.jpg","contentUrl":"https:\/\/www.kariyer.net\/kariyer-rehberi\/wp-content\/uploads\/2025\/02\/is_arama_izni.jpg","width":900,"height":600},{"@type":"BreadcrumbList","@id":"https:\/\/www.kariyer.net\/kariyer-rehberi\/is-arama-izni-nedir\/#breadcrumb","itemListElement":[{"@type":"ListItem","position":1,"name":"Anasayfa","item":"https:\/\/www.kariyer.net\/kariyer-rehberi\/"},{"@type":"ListItem","position":2,"name":"\u0130\u015f arama izni nedir?"}]},{"@type":"WebSite","@id":"https:\/\/www.kariyer.net\/kariyer-rehberi\/#website","url":"https:\/\/www.kariyer.net\/kariyer-rehberi\/","name":"Kariyer Rehberi","description":"\u0130\u015f D\u00fcnyas\u0131yla \u0130lgili Bilmek \u0130stedi\u011finiz Her \u015eey","publisher":{"@id":"https:\/\/www.kariyer.net\/kariyer-rehberi\/#organization"},"potentialAction":[{"@type":"SearchAction","target":{"@type":"EntryPoint","urlTemplate":"https:\/\/www.kariyer.net\/kariyer-rehberi\/?s={search_term_string}"},"query-input":{"@type":"PropertyValueSpecification","valueRequired":true,"valueName":"search_term_string"}}],"inLanguage":"tr"},{"@type":"Organization","@id":"https:\/\/www.kariyer.net\/kariyer-rehberi\/#organization","name":"Kariyer.net","url":"https:\/\/www.kariyer.net\/kariyer-rehberi\/","logo":{"@type":"ImageObject","inLanguage":"tr","@id":"https:\/\/www.kariyer.net\/kariyer-rehberi\/#\/schema\/logo\/image\/","url":"https:\/\/www.kariyer.net\/kariyer-rehberi-new\/wp-content\/uploads\/2023\/01\/og-image11.jpg","contentUrl":"https:\/\/www.kariyer.net\/kariyer-rehberi-new\/wp-content\/uploads\/2023\/01\/og-image11.jpg","width":800,"height":800,"caption":"Kariyer.net"},"image":{"@id":"https:\/\/www.kariyer.net\/kariyer-rehberi\/#\/schema\/logo\/image\/"}},{"@type":"Person","@id":"https:\/\/www.kariyer.net\/kariyer-rehberi\/#\/schema\/person\/94fd6e49c7ff1b1b2565a2cc4fd685dd","name":"Edit\u00f6r","image":{"@type":"ImageObject","inLanguage":"tr","@id":"https:\/\/www.kariyer.net\/kariyer-rehberi\/#\/schema\/person\/image\/","url":"https:\/\/secure.gravatar.com\/avatar\/0c4fe6688343aed3693b15573beae12c08ace5565409d5ab7509bf9c115f458d?s=96&d=mm&r=g","contentUrl":"https:\/\/secure.gravatar.com\/avatar\/0c4fe6688343aed3693b15573beae12c08ace5565409d5ab7509bf9c115f458d?s=96&d=mm&r=g","caption":"Edit\u00f6r"},"url":"https:\/\/www.kariyer.net\/kariyer-rehberi\/author\/editor\/"}]}},"_links":{"self":[{"href":"https:\/\/www.kariyer.net\/kariyer-rehberi\/wp-json\/wp\/v2\/posts\/21812","targetHints":{"allow":["GET"]}}],"collection":[{"href":"https:\/\/www.kariyer.net\/kariyer-rehberi\/wp-json\/wp\/v2\/posts"}],"about":[{"href":"https:\/\/www.kariyer.net\/kariyer-rehberi\/wp-json\/wp\/v2\/types\/post"}],"author":[{"embeddable":true,"href":"https:\/\/www.kariyer.net\/kariyer-rehberi\/wp-json\/wp\/v2\/users\/12"}],"replies":[{"embeddable":true,"href":"https:\/\/www.kariyer.net\/kariyer-rehberi\/wp-json\/wp\/v2\/comments?post=21812"}],"version-history":[{"count":3,"href":"https:\/\/www.kariyer.net\/kariyer-rehberi\/wp-json\/wp\/v2\/posts\/21812\/revisions"}],"predecessor-version":[{"id":21816,"href":"https:\/\/www.kariyer.net\/kariyer-rehberi\/wp-json\/wp\/v2\/posts\/21812\/revisions\/21816"}],"wp:featuredmedia":[{"embeddable":true,"href":"https:\/\/www.kariyer.net\/kariyer-rehberi\/wp-json\/wp\/v2\/media\/21813"}],"wp:attachment":[{"href":"https:\/\/www.kariyer.net\/kariyer-rehberi\/wp-json\/wp\/v2\/media?parent=21812"}],"wp:term":[{"taxonomy":"category","embeddable":true,"href":"https:\/\/www.kariyer.net\/kariyer-rehberi\/wp-json\/wp\/v2\/categories?post=21812"},{"taxonomy":"post_tag","embeddable":true,"href":"https:\/\/www.kariyer.net\/kariyer-rehberi\/wp-json\/wp\/v2\/tags?post=21812"}],"curies":[{"name":"wp","href":"https:\/\/api.w.org\/{rel}","templated":true}]}}