{"id":21844,"date":"2025-02-27T17:21:36","date_gmt":"2025-02-27T14:21:36","guid":{"rendered":"https:\/\/www.kariyer.net\/kariyer-rehberi\/?p=21844"},"modified":"2025-02-27T17:24:27","modified_gmt":"2025-02-27T14:24:27","slug":"sut-izni-nedir-nasil-kullanilir","status":"publish","type":"post","link":"https:\/\/www.kariyer.net\/kariyer-rehberi\/sut-izni-nedir-nasil-kullanilir\/","title":{"rendered":"S\u00fct izni nedir, nas\u0131l kullan\u0131l\u0131r?"},"content":{"rendered":"<p><strong>Anne olmak, hayattaki en \u00f6zel deneyimlerden biri; ancak i\u015f hayat\u0131na geri d\u00f6nd\u00fc\u011f\u00fcn zaman, bebe\u011fini beslemeye devam edebilmek i\u00e7in belirli haklara sahip oldu\u011funu bilmelisin. Bunlardan biri de s\u00fct iznidir. Peki, s\u00fct izni toplu kullan\u0131l\u0131r m\u0131, emzirme izni tam olarak nedir, ne kadar s\u00fcrer ve nas\u0131l kullan\u0131l\u0131r? T\u00fcm detaylar\u0131 senin i\u00e7in derledik!<\/strong><span style=\"font-weight: 400;\"><br \/>\n<\/span><\/p>\n<h2><b>S\u00fct izni ne kadar?<\/b><b><br \/>\n<\/b><\/h2>\n<p><b>S\u00fct izni<\/b><span style=\"font-weight: 400;\">, do\u011fum yapan annelere bebeklerini emzirmeleri i\u00e7in tan\u0131nan yasal bir hakt\u0131r. 4857 say\u0131l\u0131 \u0130\u015f Kanunu&#8217;na g\u00f6re do\u011fum yapan kad\u0131n \u00e7al\u0131\u015fanlara bebekleri bir ya\u015f\u0131na gelene kadar her g\u00fcn belirli bir s\u00fcre izin verilir. Bu s\u00fcre boyunca \u00e7al\u0131\u015fanlar \u00e7al\u0131\u015ft\u0131klar\u0131 kurumdan maa\u015f almaya devam ederler.<\/span><\/p>\n<p><span style=\"font-weight: 400;\">T\u00fcrkiye\u2019de s\u00fct izni s\u00fcresi, ilgili kanun ve y\u00f6netmeliklerle belirlenmi\u015ftir. Peki, <\/span><b>s\u00fct izni ne kadar?<\/b><span style=\"font-weight: 400;\"> \u0130zin s\u00fcresi, do\u011fum yapan \u00e7al\u0131\u015fanlar i\u00e7in genellikle do\u011fum sonras\u0131nda 8 hafta olarak uygulanmakla birlikte, baz\u0131 \u00f6zel durumlarda bu s\u00fcre art\u0131r\u0131labilir. S\u00fct izni s\u00fcresi ve kullan\u0131m \u015fartlar\u0131 devlet memurlar\u0131 ile \u00f6zel sekt\u00f6r \u00e7al\u0131\u015fanlar\u0131 i\u00e7in farkl\u0131l\u0131k g\u00f6sterebilir.<\/span><\/p>\n<p><span style=\"font-weight: 400;\">S\u00fct izni, toplu olarak kullan\u0131lamaz \u00e7\u00fcnk\u00fc bu iznin amac\u0131, kad\u0131n \u00e7al\u0131\u015fanlar\u0131n bebekleriyle gerekli asgari s\u00fcreyi ge\u00e7irebilmesini sa\u011flamakt\u0131r. Bu sebeple, izninin tek seferde toplu kullanman m\u00fcmk\u00fcn de\u011fildir.\u00a0<\/span><span style=\"font-weight: 400;\"><br \/>\n<\/span><\/p>\n<h2><b>S\u00fct izni nas\u0131l hesaplan\u0131r?<\/b><b><br \/>\n<\/b><\/h2>\n<p><span style=\"font-weight: 400;\">\u0130zin s\u00fcresini hesaplamak birka\u00e7 farkl\u0131 fakt\u00f6re ba\u011fl\u0131d\u0131r. Hesaplama i\u015flemi; \u00e7al\u0131\u015fan\u0131n durumuna, i\u015fverenin politikalar\u0131na ve \u00fclkenin yasal d\u00fczenlemelerine g\u00f6re de\u011fi\u015fiklik g\u00f6sterir. Ancak genel olarak, <\/span><b>s\u00fct izni hesaplama<\/b><span style=\"font-weight: 400;\"> i\u015flemi i\u00e7in \u015fu unsurlar\u0131 dikkate alabilirsin;<\/span><span style=\"font-weight: 400;\"><br \/>\n<\/span><\/p>\n<ul>\n<li style=\"font-weight: 400;\" aria-level=\"1\"><b>S\u00fct izni y\u00f6netmeli\u011fi<\/b><span style=\"font-weight: 400;\"> kurallar\u0131na g\u00f6re bebe\u011finin do\u011fum tarihi, izninin ba\u015flad\u0131\u011f\u0131 tarih olarak kabul edilir.<\/span><\/li>\n<li style=\"font-weight: 400;\" aria-level=\"1\"><span style=\"font-weight: 400;\">Her i\u015f yerinin s\u00fct izni konusunda farkl\u0131 politikalar\u0131 olabilir. \u0130\u015fverenin belirledi\u011fi kurallar\u0131 ve uygulamalar\u0131 \u00f6\u011frenmen, s\u00fct iznini do\u011fru bir \u015fekilde hesaplamana yard\u0131mc\u0131 olacakt\u0131r.<\/span><\/li>\n<li style=\"font-weight: 400;\" aria-level=\"1\"><span style=\"font-weight: 400;\">T\u00fcrkiye&#8217;de s\u00fct izni s\u00fcresi, 657 say\u0131l\u0131 Devlet Memurlar\u0131 Kanunu veya 4857 say\u0131l\u0131 \u0130\u015f Kanunu gibi yasal d\u00fczenlemelere dayan\u0131r. Bu d\u00fczenlemeler, s\u00fct izni s\u00fcresi ve \u015fartlar\u0131n\u0131 belirler.<\/span><\/li>\n<li style=\"font-weight: 400;\" aria-level=\"1\"><span style=\"font-weight: 400;\">S\u00fct izni s\u00fcresi genellikle \u00e7ocu\u011fun ya\u015f\u0131na g\u00f6re de\u011fi\u015fir. \u00d6rne\u011fin, \u00f6zel sekt\u00f6r \u00e7al\u0131\u015fanlar\u0131 i\u00e7in s\u00fct izni, \u00e7ocu\u011fun 1 ya\u015f\u0131na kadar devam ederken, memurlar\u0131n izin s\u00fcreleri farkl\u0131 olabilir.<\/span><span style=\"font-weight: 400;\"><br \/>\n<\/span><\/li>\n<\/ul>\n<h2><b>Memuriyette s\u00fct izni nas\u0131l uygulan\u0131r?<\/b><b><br \/>\n<\/b><\/h2>\n<p><span style=\"font-weight: 400;\">Memur olarak \u00e7al\u0131\u015fan bir anne aday\u0131ysan, s\u00fct izni hakk\u0131n 657 say\u0131l\u0131 Devlet Memurlar\u0131 Kanunu ile g\u00fcvence alt\u0131na al\u0131nm\u0131\u015ft\u0131r. <\/span><b>Memuriyette s\u00fct izni<\/b><span style=\"font-weight: 400;\">, do\u011fum sonras\u0131 ilk 6 ay boyunca her g\u00fcn 3 saat, 6-12 ay aras\u0131nda ise g\u00fcnl\u00fck 1,5 saat s\u00fct izni kullanabilirsin.<\/span><\/p>\n<p><span style=\"font-weight: 400;\">\u00d6zel sekt\u00f6r \u00e7al\u0131\u015fanlar\u0131ndan farkl\u0131 olarak memurlar i\u00e7in s\u00fct izninde ya\u015f s\u0131n\u0131r\u0131 bulunmaz ve do\u011fumdan sonra kullan\u0131lan 8 haftal\u0131k iznin bitiminde ba\u015flar. Bu sayede, bebe\u011fini daha uzun s\u00fcre emzirme imkan\u0131na sahip olursun. E\u011fer bu s\u00fcreci uzatmak istersen <\/span><span style=\"font-weight: 400;\">y\u0131ll\u0131k izin<\/span><span style=\"font-weight: 400;\"> de kullanabilirsin.<\/span><span style=\"font-weight: 400;\"><br \/>\n<\/span><\/p>\n<h2><b>\u00d6zel sekt\u00f6rde s\u00fct izni<\/b><b><br \/>\n<\/b><\/h2>\n<p><b>\u00d6zel sekt\u00f6rde s\u00fct izni<\/b><span style=\"font-weight: 400;\"> hakk\u0131, 4857 say\u0131l\u0131 \u0130\u015f Kanunu&#8217;na g\u00f6re belirlenir. Buna g\u00f6re<\/span><b> i\u015f\u00e7ilerde s\u00fct izni <\/b><span style=\"font-weight: 400;\">1 ya\u015f\u0131ndan k\u00fc\u00e7\u00fck \u00e7ocu\u011funu emzirebilmesi i\u00e7in g\u00fcnde toplam 1,5 saatlik bir s\u00fcre. Bu izin, annelerin bebekleriyle daha fazla vakit ge\u00e7irebilmeleri ve emzirme s\u00fcrecini desteklemeleri i\u00e7in \u00f6nemli bir hak.<\/span><\/p>\n<p><span style=\"font-weight: 400;\">\u0130znin, \u00e7ocu\u011fun 1 ya\u015f\u0131na girmesiyle sona eriyor. Yani, <\/span><b>s\u00fct izni ka\u00e7 ay<\/b><span style=\"font-weight: 400;\"> diye merak ediyorsan, \u00e7ocu\u011fun 1 ya\u015f\u0131na basmas\u0131yla birlikte bu izin hakk\u0131n\u0131 kaybedersin. S\u00fct iznini sadece \u00e7ocu\u011fun 1 ya\u015f\u0131na kadar kullanabilirsin.<\/span><span style=\"font-weight: 400;\"><br \/>\n<\/span><\/p>\n<h2><b>S\u00fct izni dilek\u00e7esi nas\u0131l haz\u0131rlan\u0131r?<\/b><b><br \/>\n<\/b><\/h2>\n<p><span style=\"font-weight: 400;\">Emzirme izni kullanmak i\u00e7in i\u015f yerine yaz\u0131l\u0131 bir talepte bulunman gerekebilir. <\/span><b>S\u00fct izni dilek\u00e7esi<\/b><span style=\"font-weight: 400;\"> \u015fu bilgileri i\u00e7ermelidir;<\/span><\/p>\n<ul>\n<li style=\"font-weight: 400;\" aria-level=\"1\"><span style=\"font-weight: 400;\">Ad\u0131n, soyad\u0131n ve T.C. kimlik numaran<\/span><\/li>\n<li style=\"font-weight: 400;\" aria-level=\"1\"><span style=\"font-weight: 400;\">\u00c7al\u0131\u015ft\u0131\u011f\u0131n \u015firket ya da kurum bilgileri<\/span><\/li>\n<li style=\"font-weight: 400;\" aria-level=\"1\"><span style=\"font-weight: 400;\">Do\u011fum tarihin ve bebe\u011finin ya\u015f\u0131<\/span><\/li>\n<li style=\"font-weight: 400;\" aria-level=\"1\"><span style=\"font-weight: 400;\">S\u00fct iznini nas\u0131l kullanmak istedi\u011fin (toplu ya da b\u00f6l\u00fcnm\u00fc\u015f s\u00fcre olarak)<\/span><\/li>\n<li style=\"font-weight: 400;\" aria-level=\"1\"><span style=\"font-weight: 400;\">Tarih ve \u0131slak imzan<\/span><\/li>\n<\/ul>\n<p><span style=\"font-weight: 400;\">Bunlar\u0131 i\u00e7eren bir dilek\u00e7e yazd\u0131\u011f\u0131nda, s\u00fct iznini kullanmak i\u00e7in gereken ad\u0131mlar\u0131 atm\u0131\u015f olursun.<\/span><\/p>\n<h2><b>S\u00fct izni kullanan ki\u015fi i\u015ften \u00e7\u0131kar\u0131labilir mi?<\/b><\/h2>\n<p><span style=\"font-weight: 400;\">E\u011fer s\u00fct izni s\u00fcrecinde i\u015ften \u00e7\u0131kar\u0131l\u0131rsan, i\u015f yerin \u0130\u015f G\u00fcvencesi Yasas\u0131 kapsam\u0131nda ise i\u015fverenin seni i\u015ften \u00e7\u0131karmak i\u00e7in yasal bir gerek\u00e7e sunmak zorundad\u0131r. T\u00fcrkiye\u2019deki \u0130\u015f Kanunu\u2019nun 17. ve 25. maddeleri, i\u015ften \u00e7\u0131karman\u0131n iki ana nedenini belirler: Ge\u00e7erli nedenlerle ve hakl\u0131 nedenle i\u015ften \u00e7\u0131karma. Yani, i\u015fverenin seni s\u00fct izni veya do\u011fum izni gibi yasal haklar\u0131n\u0131 kulland\u0131\u011f\u0131n i\u00e7in i\u015ften \u00e7\u0131karmas\u0131 yasalara ayk\u0131r\u0131d\u0131r. Bu haklar\u0131n korunur ve i\u015fverenler seni bu haklar\u0131 kullanman sebebiyle i\u015ften \u00e7\u0131karamazlar.<\/span><\/p>\n<p><span style=\"font-weight: 400;\">E\u011fer do\u011fum ya da s\u00fct izni s\u00fcrecinde haks\u0131z yere i\u015ften \u00e7\u0131kar\u0131ld\u0131\u011f\u0131n\u0131 d\u00fc\u015f\u00fcn\u00fcyorsan, k\u00f6t\u00fc niyet davas\u0131 a\u00e7abilirsin. B\u00f6yle bir durumda i\u015f hukuku avukat\u0131ndan profesyonel yard\u0131m alman olduk\u00e7a \u00f6nemli.<\/span><span style=\"font-weight: 400;\"><br \/>\n<\/span><\/p>\n<!-- templates\/buttons-placeholder.php -->\n<div class=\"da-reactions-outer TpostID21844\">\n\t    <div class=\"da-reactions-data da-reactions-container-async center\"\n         data-type=\"post\"\n         data-id=\"21844\"\n         id=\"da-reactions-slot-post-21844\">\n        <div class=\"da-reactions-static\">\n\t\t\t<img src=\"https:\/\/www.kariyer.net\/kariyer-rehberi\/wp-content\/plugins\/da-reactions\/assets\/dist\/loading.svg\" alt=\"Loading spinner\" width=\"48\" height=\"48\" style=\"width:48px\" \/>\n        <\/div>\n    <\/div>\n<\/div>\n","protected":false},"excerpt":{"rendered":"<p>Anne olmak, hayattaki en \u00f6zel deneyimlerden biri; ancak i\u015f hayat\u0131na geri d\u00f6nd\u00fc\u011f\u00fcn zaman, bebe\u011fini beslemeye devam edebilmek i\u00e7in belirli haklara sahip oldu\u011funu bilmelisin. Bunlardan biri de s\u00fct iznidir. Peki, s\u00fct izni toplu kullan\u0131l\u0131r m\u0131, emzirme izni tam olarak nedir, ne kadar s\u00fcrer ve nas\u0131l kullan\u0131l\u0131r? T\u00fcm detaylar\u0131 senin i\u00e7in derledik! S\u00fct izni ne kadar? S\u00fct [&hellip;]<\/p>\n<!-- templates\/buttons-placeholder.php -->\n<div class=\"da-reactions-outer TpostID21844\">\n\t    <div class=\"da-reactions-data da-reactions-container-async center\"\n         data-type=\"post\"\n         data-id=\"21844\"\n         id=\"da-reactions-slot-post-21844\">\n        <div class=\"da-reactions-static\">\n\t\t\t<img src=\"https:\/\/www.kariyer.net\/kariyer-rehberi\/wp-content\/plugins\/da-reactions\/assets\/dist\/loading.svg\" alt=\"Loading spinner\" width=\"48\" height=\"48\" style=\"width:48px\" \/>\n        <\/div>\n    <\/div>\n<\/div>\n","protected":false},"author":12,"featured_media":0,"comment_status":"closed","ping_status":"open","sticky":false,"template":"","format":"standard","meta":{"footnotes":"","_elementor_edit_mode":"","_elementor_template_type":"","_elementor_data":"","_elementor_page_settings":null,"_elementor_conditions":[]},"categories":[2218],"tags":[],"class_list":{"0":"post-21844","1":"post","2":"type-post","3":"status-publish","4":"format-standard","6":"category-is-hukuku"},"yoast_head":"<!-- This site is optimized with the Yoast SEO Premium plugin v21.4 (Yoast SEO v27.0) - https:\/\/yoast.com\/product\/yoast-seo-premium-wordpress\/ -->\n<title>S\u00fct izni nedir, nas\u0131l kullan\u0131l\u0131r?<\/title>\n<meta name=\"description\" content=\"\u0130\u015f hayat\u0131na geri d\u00f6nd\u00fc\u011f\u00fcn zaman, bebe\u011fini beslemeye devam edebilmek i\u00e7in belirli haklara sahip oldu\u011funu bilmelisin.\" \/>\n<meta name=\"robots\" content=\"index, follow, max-snippet:-1, max-image-preview:large, max-video-preview:-1\" \/>\n<link rel=\"canonical\" href=\"https:\/\/www.kariyer.net\/kariyer-rehberi\/sut-izni-nedir-nasil-kullanilir\/\" \/>\n<meta property=\"og:locale\" content=\"tr_TR\" \/>\n<meta property=\"og:type\" content=\"article\" \/>\n<meta property=\"og:title\" content=\"S\u00fct izni nedir, nas\u0131l kullan\u0131l\u0131r?\" \/>\n<meta property=\"og:description\" content=\"Anne olmak, hayattaki en \u00f6zel deneyimlerden biri; ancak i\u015f hayat\u0131na geri d\u00f6nd\u00fc\u011f\u00fcn zaman, bebe\u011fini beslemeye devam edebilmek i\u00e7in belirli haklara sahip\" \/>\n<meta property=\"og:url\" content=\"https:\/\/www.kariyer.net\/kariyer-rehberi\/sut-izni-nedir-nasil-kullanilir\/\" \/>\n<meta property=\"og:site_name\" content=\"Kariyer Rehberi\" \/>\n<meta property=\"article:published_time\" content=\"2025-02-27T14:21:36+00:00\" \/>\n<meta property=\"article:modified_time\" content=\"2025-02-27T14:24:27+00:00\" \/>\n<meta property=\"og:image\" content=\"https:\/\/www.kariyer.net\/kariyer-rehberi\/wp-content\/uploads\/2025\/02\/sut_izni.jpg\" \/>\n\t<meta property=\"og:image:width\" content=\"900\" \/>\n\t<meta property=\"og:image:height\" content=\"600\" \/>\n\t<meta property=\"og:image:type\" content=\"image\/jpeg\" \/>\n<meta name=\"author\" content=\"Edit\u00f6r\" \/>\n<meta name=\"twitter:card\" content=\"summary_large_image\" \/>\n<meta name=\"twitter:label1\" content=\"Yazan:\" \/>\n\t<meta name=\"twitter:data1\" content=\"Edit\u00f6r\" \/>\n\t<meta name=\"twitter:label2\" content=\"Tahmini okuma s\u00fcresi\" \/>\n\t<meta name=\"twitter:data2\" content=\"5 dakika\" \/>\n<!-- \/ Yoast SEO Premium plugin. -->","yoast_head_json":{"title":"S\u00fct izni nedir, nas\u0131l kullan\u0131l\u0131r?","description":"\u0130\u015f hayat\u0131na geri d\u00f6nd\u00fc\u011f\u00fcn zaman, bebe\u011fini beslemeye devam edebilmek i\u00e7in belirli haklara sahip oldu\u011funu bilmelisin.","robots":{"index":"index","follow":"follow","max-snippet":"max-snippet:-1","max-image-preview":"max-image-preview:large","max-video-preview":"max-video-preview:-1"},"canonical":"https:\/\/www.kariyer.net\/kariyer-rehberi\/sut-izni-nedir-nasil-kullanilir\/","og_locale":"tr_TR","og_type":"article","og_title":"S\u00fct izni nedir, nas\u0131l kullan\u0131l\u0131r?","og_description":"Anne olmak, hayattaki en \u00f6zel deneyimlerden biri; ancak i\u015f hayat\u0131na geri d\u00f6nd\u00fc\u011f\u00fcn zaman, bebe\u011fini beslemeye devam edebilmek i\u00e7in belirli haklara sahip","og_url":"https:\/\/www.kariyer.net\/kariyer-rehberi\/sut-izni-nedir-nasil-kullanilir\/","og_site_name":"Kariyer Rehberi","article_published_time":"2025-02-27T14:21:36+00:00","article_modified_time":"2025-02-27T14:24:27+00:00","og_image":[{"width":900,"height":600,"url":"https:\/\/www.kariyer.net\/kariyer-rehberi\/wp-content\/uploads\/2025\/02\/sut_izni.jpg","type":"image\/jpeg"}],"author":"Edit\u00f6r","twitter_card":"summary_large_image","twitter_misc":{"Yazan:":"Edit\u00f6r","Tahmini okuma s\u00fcresi":"5 dakika"},"schema":{"@context":"https:\/\/schema.org","@graph":[{"@type":"Article","@id":"https:\/\/www.kariyer.net\/kariyer-rehberi\/sut-izni-nedir-nasil-kullanilir\/#article","isPartOf":{"@id":"https:\/\/www.kariyer.net\/kariyer-rehberi\/sut-izni-nedir-nasil-kullanilir\/"},"author":{"name":"Edit\u00f6r","@id":"https:\/\/www.kariyer.net\/kariyer-rehberi\/#\/schema\/person\/94fd6e49c7ff1b1b2565a2cc4fd685dd"},"headline":"S\u00fct izni nedir, nas\u0131l kullan\u0131l\u0131r?","datePublished":"2025-02-27T14:21:36+00:00","dateModified":"2025-02-27T14:24:27+00:00","mainEntityOfPage":{"@id":"https:\/\/www.kariyer.net\/kariyer-rehberi\/sut-izni-nedir-nasil-kullanilir\/"},"wordCount":906,"publisher":{"@id":"https:\/\/www.kariyer.net\/kariyer-rehberi\/#organization"},"articleSection":["\u0130\u015f Hukuku"],"inLanguage":"tr"},{"@type":"WebPage","@id":"https:\/\/www.kariyer.net\/kariyer-rehberi\/sut-izni-nedir-nasil-kullanilir\/","url":"https:\/\/www.kariyer.net\/kariyer-rehberi\/sut-izni-nedir-nasil-kullanilir\/","name":"S\u00fct izni nedir, nas\u0131l kullan\u0131l\u0131r?","isPartOf":{"@id":"https:\/\/www.kariyer.net\/kariyer-rehberi\/#website"},"datePublished":"2025-02-27T14:21:36+00:00","dateModified":"2025-02-27T14:24:27+00:00","description":"\u0130\u015f hayat\u0131na geri d\u00f6nd\u00fc\u011f\u00fcn zaman, bebe\u011fini beslemeye devam edebilmek i\u00e7in belirli haklara sahip oldu\u011funu bilmelisin.","breadcrumb":{"@id":"https:\/\/www.kariyer.net\/kariyer-rehberi\/sut-izni-nedir-nasil-kullanilir\/#breadcrumb"},"inLanguage":"tr","potentialAction":[{"@type":"ReadAction","target":["https:\/\/www.kariyer.net\/kariyer-rehberi\/sut-izni-nedir-nasil-kullanilir\/"]}]},{"@type":"BreadcrumbList","@id":"https:\/\/www.kariyer.net\/kariyer-rehberi\/sut-izni-nedir-nasil-kullanilir\/#breadcrumb","itemListElement":[{"@type":"ListItem","position":1,"name":"Anasayfa","item":"https:\/\/www.kariyer.net\/kariyer-rehberi\/"},{"@type":"ListItem","position":2,"name":"S\u00fct izni nedir, nas\u0131l kullan\u0131l\u0131r?"}]},{"@type":"WebSite","@id":"https:\/\/www.kariyer.net\/kariyer-rehberi\/#website","url":"https:\/\/www.kariyer.net\/kariyer-rehberi\/","name":"Kariyer Rehberi","description":"\u0130\u015f D\u00fcnyas\u0131yla \u0130lgili Bilmek \u0130stedi\u011finiz Her \u015eey","publisher":{"@id":"https:\/\/www.kariyer.net\/kariyer-rehberi\/#organization"},"potentialAction":[{"@type":"SearchAction","target":{"@type":"EntryPoint","urlTemplate":"https:\/\/www.kariyer.net\/kariyer-rehberi\/?s={search_term_string}"},"query-input":{"@type":"PropertyValueSpecification","valueRequired":true,"valueName":"search_term_string"}}],"inLanguage":"tr"},{"@type":"Organization","@id":"https:\/\/www.kariyer.net\/kariyer-rehberi\/#organization","name":"Kariyer.net","url":"https:\/\/www.kariyer.net\/kariyer-rehberi\/","logo":{"@type":"ImageObject","inLanguage":"tr","@id":"https:\/\/www.kariyer.net\/kariyer-rehberi\/#\/schema\/logo\/image\/","url":"https:\/\/www.kariyer.net\/kariyer-rehberi-new\/wp-content\/uploads\/2023\/01\/og-image11.jpg","contentUrl":"https:\/\/www.kariyer.net\/kariyer-rehberi-new\/wp-content\/uploads\/2023\/01\/og-image11.jpg","width":800,"height":800,"caption":"Kariyer.net"},"image":{"@id":"https:\/\/www.kariyer.net\/kariyer-rehberi\/#\/schema\/logo\/image\/"}},{"@type":"Person","@id":"https:\/\/www.kariyer.net\/kariyer-rehberi\/#\/schema\/person\/94fd6e49c7ff1b1b2565a2cc4fd685dd","name":"Edit\u00f6r","image":{"@type":"ImageObject","inLanguage":"tr","@id":"https:\/\/www.kariyer.net\/kariyer-rehberi\/#\/schema\/person\/image\/","url":"https:\/\/secure.gravatar.com\/avatar\/0c4fe6688343aed3693b15573beae12c08ace5565409d5ab7509bf9c115f458d?s=96&d=mm&r=g","contentUrl":"https:\/\/secure.gravatar.com\/avatar\/0c4fe6688343aed3693b15573beae12c08ace5565409d5ab7509bf9c115f458d?s=96&d=mm&r=g","caption":"Edit\u00f6r"},"url":"https:\/\/www.kariyer.net\/kariyer-rehberi\/author\/editor\/"}]}},"_links":{"self":[{"href":"https:\/\/www.kariyer.net\/kariyer-rehberi\/wp-json\/wp\/v2\/posts\/21844","targetHints":{"allow":["GET"]}}],"collection":[{"href":"https:\/\/www.kariyer.net\/kariyer-rehberi\/wp-json\/wp\/v2\/posts"}],"about":[{"href":"https:\/\/www.kariyer.net\/kariyer-rehberi\/wp-json\/wp\/v2\/types\/post"}],"author":[{"embeddable":true,"href":"https:\/\/www.kariyer.net\/kariyer-rehberi\/wp-json\/wp\/v2\/users\/12"}],"replies":[{"embeddable":true,"href":"https:\/\/www.kariyer.net\/kariyer-rehberi\/wp-json\/wp\/v2\/comments?post=21844"}],"version-history":[{"count":3,"href":"https:\/\/www.kariyer.net\/kariyer-rehberi\/wp-json\/wp\/v2\/posts\/21844\/revisions"}],"predecessor-version":[{"id":21848,"href":"https:\/\/www.kariyer.net\/kariyer-rehberi\/wp-json\/wp\/v2\/posts\/21844\/revisions\/21848"}],"wp:attachment":[{"href":"https:\/\/www.kariyer.net\/kariyer-rehberi\/wp-json\/wp\/v2\/media?parent=21844"}],"wp:term":[{"taxonomy":"category","embeddable":true,"href":"https:\/\/www.kariyer.net\/kariyer-rehberi\/wp-json\/wp\/v2\/categories?post=21844"},{"taxonomy":"post_tag","embeddable":true,"href":"https:\/\/www.kariyer.net\/kariyer-rehberi\/wp-json\/wp\/v2\/tags?post=21844"}],"curies":[{"name":"wp","href":"https:\/\/api.w.org\/{rel}","templated":true}]}}