{"id":21852,"date":"2025-02-27T18:38:57","date_gmt":"2025-02-27T15:38:57","guid":{"rendered":"https:\/\/www.kariyer.net\/kariyer-rehberi\/?p=21852"},"modified":"2025-02-27T18:40:57","modified_gmt":"2025-02-27T15:40:57","slug":"vefat-izni-nedir-nasil-kullanilir","status":"publish","type":"post","link":"https:\/\/www.kariyer.net\/kariyer-rehberi\/vefat-izni-nedir-nasil-kullanilir\/","title":{"rendered":"Vefat izni nedir, nas\u0131l kullan\u0131l\u0131r?"},"content":{"rendered":"<p><strong>Hayat, bazen sevdi\u011fin insanlar\u0131 kaybetmek gibi zor anlarla seni s\u0131nar. B\u00f6yle bir durumdaysan \u00e7al\u0131\u015fmak senin i\u00e7in zor olabilir. \u0130\u015fte tam bu noktada vefat izni devreye girer. Sevdi\u011fin birini kaybetti\u011finde \u00f6l\u00fcm izni kullanarak i\u015f hayat\u0131ndan biraz da olsa uzakla\u015fabilirsin. Peki, vefat izni ka\u00e7 g\u00fcn, nas\u0131l kullan\u0131l\u0131r ve hangi durumlarda ge\u00e7erlidir? \u0130\u015fte t\u00fcm detaylar!<\/strong><span style=\"font-weight: 400;\"><br \/>\n<\/span><\/p>\n<h2><b>Vefat izni nedir?<\/b><b><br \/>\n<\/b><\/h2>\n<p><b>\u00d6l\u00fcm izni<\/b><span style=\"font-weight: 400;\">, \u00e7al\u0131\u015fanlar\u0131n yak\u0131nlar\u0131ndan birinin vefat etmesi durumunda, bu zor s\u00fcre\u00e7te yas tutabilmeleri ve cenaze i\u015flemleriyle ilgilenebilmeleri i\u00e7in verilen bir izindir. Hem devlet memurlar\u0131 hem de \u00f6zel sekt\u00f6rdeki \u00e7al\u0131\u015fanlar i\u00e7in ge\u00e7erli olan bir hakt\u0131r. Yani, sevdi\u011fin birini kaybetti\u011finde, \u00f6l\u00fcm izni sayesinde bir s\u00fcre i\u015ften uzakla\u015fabilir ve bu s\u00fcre boyunca maa\u015f\u0131n\u0131 almaya devam edebilirsin. \u00d6l\u00fcm izni \u00fccretli bir izin t\u00fcr\u00fcd\u00fcr. Yani \u00e7al\u0131\u015fmad\u0131\u011f\u0131n s\u00fcrede gelirinden herhangi bir kesinti yap\u0131lmaz.\u00a0<\/span><\/p>\n<h2><b>Vefat izni hangi yak\u0131nlar\u0131 kapsar?<\/b><b><br \/>\n<\/b><\/h2>\n<p><span style=\"font-weight: 400;\">\u00d6l\u00fcm izni, memurun ya da i\u015f\u00e7inin birinci derece akrabas\u0131n\u0131n vefat\u0131 durumunda verilir. Verilecek izin s\u00fcresi de \u00e7al\u0131\u015fan\u0131n memur veya i\u015f\u00e7i olmas\u0131na g\u00f6re de\u011fi\u015fir. \u00d6l\u00fcm iznini kapsayan yak\u0131nlar \u015funlard\u0131r:\u00a0<\/span><\/p>\n<h3><b>Memurlarda \u00f6l\u00fcm izni<\/b><\/h3>\n<ul>\n<li style=\"font-weight: 400;\" aria-level=\"1\"><span style=\"font-weight: 400;\">E\u015fin \u00d6l\u00fcm\u00fc: 7 g\u00fcn\u00a0<\/span><\/li>\n<li style=\"font-weight: 400;\" aria-level=\"1\"><span style=\"font-weight: 400;\">Annenin \u00d6l\u00fcm\u00fc: 7 g\u00fcn\u00a0<\/span><\/li>\n<li style=\"font-weight: 400;\" aria-level=\"1\"><span style=\"font-weight: 400;\">Baban\u0131n \u00d6l\u00fcm\u00fc: 7 g\u00fcn\u00a0<\/span><\/li>\n<li style=\"font-weight: 400;\" aria-level=\"1\"><span style=\"font-weight: 400;\">Karde\u015fin \u00d6l\u00fcm\u00fc: 7 g\u00fcn\u00a0<\/span><\/li>\n<li style=\"font-weight: 400;\" aria-level=\"1\"><span style=\"font-weight: 400;\">\u00c7ocu\u011fun \u00d6l\u00fcm\u00fc: 7 g\u00fcn\u00a0<\/span><\/li>\n<li style=\"font-weight: 400;\" aria-level=\"1\"><span style=\"font-weight: 400;\">Kay\u0131nvalidenin \u00d6l\u00fcm\u00fc: 7 g\u00fcn\u00a0<\/span><\/li>\n<li style=\"font-weight: 400;\" aria-level=\"1\"><span style=\"font-weight: 400;\">Kay\u0131npederin \u00d6l\u00fcm\u00fc: 7 g\u00fcn\u00a0<\/span><\/li>\n<\/ul>\n<h3><b>\u0130\u015f\u00e7ilerde \u00f6l\u00fcm izni<\/b><\/h3>\n<ul>\n<li style=\"font-weight: 400;\" aria-level=\"1\"><span style=\"font-weight: 400;\">E\u015fin \u00d6l\u00fcm\u00fc: 3 g\u00fcn\u00a0<\/span><\/li>\n<li style=\"font-weight: 400;\" aria-level=\"1\"><span style=\"font-weight: 400;\">Annenin \u00d6l\u00fcm\u00fc: 3 g\u00fcn\u00a0<\/span><\/li>\n<li style=\"font-weight: 400;\" aria-level=\"1\"><span style=\"font-weight: 400;\">Baban\u0131n \u00d6l\u00fcm\u00fc: 3 g\u00fcn\u00a0<\/span><\/li>\n<li style=\"font-weight: 400;\" aria-level=\"1\"><span style=\"font-weight: 400;\">Karde\u015fin \u00d6l\u00fcm\u00fc: 3 g\u00fcn\u00a0<\/span><\/li>\n<li style=\"font-weight: 400;\" aria-level=\"1\"><span style=\"font-weight: 400;\">\u00c7ocu\u011fun \u00d6l\u00fcm\u00fc: 3 g\u00fcn\u00a0<\/span><\/li>\n<li style=\"font-weight: 400;\" aria-level=\"1\"><span style=\"font-weight: 400;\">Kay\u0131nvalidenin \u00d6l\u00fcm\u00fc: \u2013\u00a0<\/span><\/li>\n<li style=\"font-weight: 400;\" aria-level=\"1\"><span style=\"font-weight: 400;\">Kay\u0131npederin \u00d6l\u00fcm\u00fc: \u2013\u00a0<\/span><\/li>\n<\/ul>\n<p><span style=\"font-weight: 400;\">\u00d6zel sekt\u00f6rde kay\u0131nvalide ve<\/span><b> kay\u0131npeder \u00f6l\u00fcm izni <\/b><span style=\"font-weight: 400;\">hakk\u0131 \u00e7al\u0131\u015f\u0131lan yere g\u00f6re de\u011fi\u015fir. Tamamen i\u015fverenin inisiyatifinde olan bir durum olmakla birlikte bir\u00e7ok i\u015f yeri \u00e7al\u0131\u015fan\u0131na bu izni tan\u0131r.<\/span><\/p>\n<h2><b>Vefat izni ka\u00e7 g\u00fcn s\u00fcreyle verilir?<\/b><b><br \/>\n<\/b><\/h2>\n<p><span style=\"font-weight: 400;\">\u00d6l\u00fcm izni hem devlet memurlar\u0131 hem de \u00f6zel sekt\u00f6r \u00e7al\u0131\u015fanlar\u0131 i\u00e7in sa\u011flanan bir hak olmakla birlikte, bu iznin s\u00fcresi farkl\u0131l\u0131k g\u00f6sterir. Devlet memurlar\u0131 i\u00e7in \u00f6l\u00fcm izni s\u00fcresi, 657 say\u0131l\u0131 Devlet Memurlar\u0131 Kanunu\u2019nun 104\/B maddesi uyar\u0131nca belirlenmi\u015ftir ve bu s\u00fcre 7 g\u00fcnd\u00fcr. <\/span><b>\u00d6zel sekt\u00f6r \u00f6l\u00fcm izni<\/b><span style=\"font-weight: 400;\"> 4857 say\u0131l\u0131 \u0130\u015f Kanunu\u2019nun ek-2. maddesi \u00e7er\u00e7evesinde d\u00fczenlenmi\u015ftir ve bu s\u00fcre 3 g\u00fcnd\u00fcr. \u0130lgili kanun maddeleri \u015fu \u015fekildedir:\u00a0<\/span><\/p>\n<p><span style=\"font-weight: 400;\">&#8220;\u0130\u015f\u00e7iye; evlenmesi, evlat edinmesi ya da ana veya babas\u0131n\u0131n, e\u015finin, karde\u015finin, \u00e7ocu\u011funun \u00f6l\u00fcm\u00fc h\u00e2linde \u00fc\u00e7 g\u00fcn, e\u015finin do\u011fum yapmas\u0131 h\u00e2linde ise be\u015f g\u00fcn \u00fccretli izin verilir.&#8221; (\u0130\u015f Kanunu, Ek Madde 2)\u00a0<\/span><\/p>\n<p><span style=\"font-weight: 400;\">&#8220;Memura, e\u015finin do\u011fum yapmas\u0131 h\u00e2linde, iste\u011fi \u00fczerine on g\u00fcn babal\u0131k izni; kendisinin veya \u00e7ocu\u011funun evlenmesi ya da e\u015finin, \u00e7ocu\u011funun, kendisinin veya e\u015finin ana, baba ve karde\u015finin \u00f6l\u00fcm\u00fc hallerinde iste\u011fi \u00fczerine yedi g\u00fcn izin verilir.&#8221; (657 say\u0131l\u0131 Kanun, m. 104\/B)\u00a0<\/span><\/p>\n<p><span style=\"font-weight: 400;\">Memurlara sa\u011flanan \u00f6l\u00fcm izni s\u00fcresi, \u00f6zel sekt\u00f6r \u00e7al\u0131\u015fanlar\u0131na g\u00f6re daha uzun olmas\u0131na ra\u011fmen \u00f6zel sekt\u00f6r \u00e7al\u0131\u015fanlar\u0131 bu izni mazeret izni ile uzatma hakk\u0131na sahiptir.\u00a0<\/span><\/p>\n<h2><b>Vefat izni i\u00e7in hangi belgelere ihtiya\u00e7 vard\u0131r?<\/b><b><br \/>\n<\/b><\/h2>\n<p><span style=\"font-weight: 400;\">\u00d6l\u00fcm izni talebi i\u00e7in gerekli belgeler, yasal d\u00fczenlemelere ve i\u015fverenin politikalar\u0131na ba\u011fl\u0131 olarak de\u011fi\u015fkenlik g\u00f6sterebilir. Bu nedenle, \u00f6l\u00fcm izni ba\u015fvurusu yapmadan \u00f6nce i\u015f yerindeki prosed\u00fcrlere ve gereksinimlere dikkat etmen \u00f6nemlidir. Genellikle, \u00f6l\u00fcm izni ba\u015fvurusu i\u00e7in talep edilen ana belge &#8220;\u00f6l\u00fcm izni belgesi&#8221;dir.\u00a0<\/span><\/p>\n<p><span style=\"font-weight: 400;\">\u00d6l\u00fcm izni belgesi, bir yak\u0131n\u0131n\u0131 kaybeden \u00e7al\u0131\u015fan\u0131n izin talebini i\u015f yerine bildirirken kullan\u0131lan resmi bir belgedir. Bu belge, i\u015f yerinin belirledi\u011fi kurallar ve yasal gereklilikler do\u011frultusunda d\u00fczenlenir. \u0130\u015f yerinden alaca\u011f\u0131n \u00f6l\u00fcm izni belgesi genellikle \u015fu bilgileri i\u00e7erir:\u00a0<\/span><\/p>\n<ul>\n<li style=\"font-weight: 400;\" aria-level=\"1\"><span style=\"font-weight: 400;\">Ad\u0131n, soyad\u0131n ve g\u00f6rev unvan\u0131n\u00a0<\/span><\/li>\n<li style=\"font-weight: 400;\" aria-level=\"1\"><span style=\"font-weight: 400;\">\u0130zin talebinin ge\u00e7erli oldu\u011fu tarih aral\u0131\u011f\u0131\u00a0<\/span><\/li>\n<li style=\"font-weight: 400;\" aria-level=\"1\"><span style=\"font-weight: 400;\">Kaybetti\u011fin yak\u0131n\u0131n\u0131n \u00f6l\u00fcm belgesinin talep edilmesi durumunda, bu belgenin eklenmesi\u00a0<\/span><\/li>\n<li style=\"font-weight: 400;\" aria-level=\"1\"><span style=\"font-weight: 400;\">\u00d6l\u00fcm izninin s\u00fcresi\u00a0<\/span><\/li>\n<li style=\"font-weight: 400;\" aria-level=\"1\"><span style=\"font-weight: 400;\">\u0130zin s\u00fcresi boyunca maa\u015f\u0131n\u0131n nas\u0131l \u00f6denece\u011fi\u00a0<\/span><\/li>\n<li style=\"font-weight: 400;\" aria-level=\"1\"><span style=\"font-weight: 400;\">Y\u00f6neticilerin ad\u0131, soyad\u0131, imzas\u0131 ve \u015firket m\u00fchr\u00fc\u00a0<\/span><\/li>\n<\/ul>\n<p><span style=\"font-weight: 400;\">\u0130lgili belge, \u00f6l\u00fcm izni ald\u0131\u011f\u0131n\u0131 resmi olarak belgeleyen bir kay\u0131t olur ve iznin \u015fartlar\u0131n\u0131 netle\u015ftirir. Ne kadar s\u00fcreyle izinli oldu\u011fun, izninde maa\u015f\u0131n\u0131n nas\u0131l \u00f6denece\u011fi ve ek belgelerin talep edilip edilmedi\u011fi gibi t\u00fcm detaylar belirtilir.\u00a0<\/span><\/p>\n<h2><b>\u0130kinci derece akrabalar\u0131n \u00f6l\u00fcm\u00fc durumunda izin hakk\u0131<\/b><b><br \/>\n<\/b><\/h2>\n<p><span style=\"font-weight: 400;\">\u00d6l\u00fcm izni, genellikle birinci derece akrabalar\u0131n (e\u015f, \u00e7ocuk, anne, baba) vefat\u0131nda kullanabilece\u011fin bir hakt\u0131r ve bu yasal olarak g\u00fcvence alt\u0131na al\u0131nm\u0131\u015ft\u0131r. Ancak ikinci derece akrabalar\u0131n; dede, anneanne, teyze, hala <\/span><b>babaanne \u00f6l\u00fcm izni <\/b><span style=\"font-weight: 400;\">kapsam\u0131nda de\u011fildir. Yani, i\u015f yerin yasal olarak seni ikinci derece akrabalar\u0131n vefat\u0131nda izinli saymak zorunda de\u011fil.\u00a0<\/span><\/p>\n<p><span style=\"font-weight: 400;\">Bununla birlikte,<\/span><b> 2. derece akraba \u00f6l\u00fcm izni<\/b><span style=\"font-weight: 400;\"> talep etmek istersen, i\u015fverenle anla\u015farak bu konuda bir d\u00fczenleme yap\u0131labilir. Bu tamamen i\u015f yerinin politikalar\u0131na veya i\u015fverenin takdirine ba\u011fl\u0131 olarak verilen bir izin olur. Hem ikinci derece akraba hem de kay\u0131npeder ve <\/span><b>kay\u0131nvalide \u00f6l\u00fcm izni <\/b><span style=\"font-weight: 400;\">bir hak olmad\u0131\u011f\u0131 i\u00e7in i\u015fverenin bu t\u00fcr talepleri nas\u0131l kar\u015f\u0131layaca\u011f\u0131na karar verirken esnek olabilece\u011fi gibi\u00a0reddetme hakk\u0131 da vard\u0131r.\u00a0<\/span><\/p>\n<h2><b>Vefat izni y\u0131ll\u0131k izinden d\u00fc\u015fer mi?<\/b><b><br \/>\n<\/b><\/h2>\n<p><span style=\"font-weight: 400;\">Herhangi bir yak\u0131n\u0131n \u00f6l\u00fcm\u00fc \u00fczerine ald\u0131\u011f\u0131n vefat izni boyunca maa\u015f\u0131n aynen \u00f6denmeye devam eder. Bu izni kulland\u0131\u011f\u0131nda, y\u0131ll\u0131k izin s\u00fcren azalmaz \u00e7\u00fcnk\u00fc vefat izni y\u0131ll\u0131k izin say\u0131lmaz. Yani, vefat iznin bitince y\u0131ll\u0131k izin kullanmaya devam edebilirsin. Vefat izninin, y\u0131ll\u0131k izinden d\u00fc\u015f\u00fclmesi yasal olarak m\u00fcmk\u00fcn de\u011fildir.\u00a0<\/span><\/p>\n<p><span style=\"font-weight: 400;\">Fakat \u00f6l\u00fcm izni, ilgili kanunlarda i\u015f g\u00fcn\u00fc olarak de\u011fil takvim g\u00fcn\u00fc olarak belirlendi\u011fi i\u00e7in izin g\u00fcnlerin resmi tatillere, hafta sonlar\u0131na ya da dini bayramlara denk gelse bile iznin s\u00fcresi de\u011fi\u015fmez ya da uzamaz. Yani, o g\u00fcnler de iznin i\u00e7inde say\u0131l\u0131r.\u00a0<\/span><\/p>\n<h2><b>\u0130\u015fveren, i\u015f\u00e7iye vefat izni kulland\u0131rmazsa ne olur?<\/b><b><br \/>\n<\/b><\/h2>\n<p><b>\u0130\u015f Kanunu \u00f6l\u00fcm izni<\/b><span style=\"font-weight: 400;\"> tan\u0131m\u0131n\u0131 yasal olarak yapt\u0131\u011f\u0131 i\u00e7in i\u015fverenin bu izni sana kulland\u0131rmamas\u0131, yasalara ayk\u0131r\u0131 olur. E\u011fer sen, vefat izni hakk\u0131n\u0131 kullanamazsan hem bu izinle ilgili hem de di\u011fer alacaklar\u0131nla ilgili dava a\u00e7\u0131p hakk\u0131n\u0131 arayabilirsin. Yani, i\u015fveren bu hakk\u0131 sana vermedi\u011finde, yasal olarak bu durumu mahkemeye ta\u015f\u0131ma hakk\u0131n bulunur. Bu y\u00fczden i\u015fverenler, \u00e7al\u0131\u015fanlar\u0131n vefat izni gibi yasal haklar\u0131n\u0131 yerine getirmek zorundad\u0131r.<\/span><\/p>\n<!-- templates\/buttons-placeholder.php -->\n<div class=\"da-reactions-outer TpostID21852\">\n\t    <div class=\"da-reactions-data da-reactions-container-async center\"\n         data-type=\"post\"\n         data-id=\"21852\"\n         id=\"da-reactions-slot-post-21852\">\n        <div class=\"da-reactions-static\">\n\t\t\t<img src=\"https:\/\/www.kariyer.net\/kariyer-rehberi\/wp-content\/plugins\/da-reactions\/assets\/dist\/loading.svg\" alt=\"Loading spinner\" width=\"48\" height=\"48\" style=\"width:48px\" \/>\n        <\/div>\n    <\/div>\n<\/div>\n","protected":false},"excerpt":{"rendered":"<p>Hayat, bazen sevdi\u011fin insanlar\u0131 kaybetmek gibi zor anlarla seni s\u0131nar. B\u00f6yle bir durumdaysan \u00e7al\u0131\u015fmak senin i\u00e7in zor olabilir. \u0130\u015fte tam bu noktada vefat izni devreye girer. Sevdi\u011fin birini kaybetti\u011finde \u00f6l\u00fcm izni kullanarak i\u015f hayat\u0131ndan biraz da olsa uzakla\u015fabilirsin. Peki, vefat izni ka\u00e7 g\u00fcn, nas\u0131l kullan\u0131l\u0131r ve hangi durumlarda ge\u00e7erlidir? \u0130\u015fte t\u00fcm detaylar! Vefat izni nedir? [&hellip;]<\/p>\n<!-- templates\/buttons-placeholder.php -->\n<div class=\"da-reactions-outer TpostID21852\">\n\t    <div class=\"da-reactions-data da-reactions-container-async center\"\n         data-type=\"post\"\n         data-id=\"21852\"\n         id=\"da-reactions-slot-post-21852\">\n        <div class=\"da-reactions-static\">\n\t\t\t<img src=\"https:\/\/www.kariyer.net\/kariyer-rehberi\/wp-content\/plugins\/da-reactions\/assets\/dist\/loading.svg\" alt=\"Loading spinner\" width=\"48\" height=\"48\" style=\"width:48px\" \/>\n        <\/div>\n    <\/div>\n<\/div>\n","protected":false},"author":12,"featured_media":21854,"comment_status":"closed","ping_status":"open","sticky":false,"template":"","format":"standard","meta":{"footnotes":"","_elementor_edit_mode":"","_elementor_template_type":"","_elementor_data":"","_elementor_page_settings":null,"_elementor_conditions":[]},"categories":[2218],"tags":[],"class_list":{"0":"post-21852","1":"post","2":"type-post","3":"status-publish","4":"format-standard","5":"has-post-thumbnail","7":"category-is-hukuku"},"yoast_head":"<!-- This site is optimized with the Yoast SEO Premium plugin v21.4 (Yoast SEO v27.0) - https:\/\/yoast.com\/product\/yoast-seo-premium-wordpress\/ -->\n<title>Vefat izni nedir, nas\u0131l kullan\u0131l\u0131r?<\/title>\n<meta name=\"description\" content=\"Sevdi\u011fin birini kaybetti\u011finde \u00f6l\u00fcm izni kullanarak i\u015f hayat\u0131ndan biraz da olsa uzakla\u015fabilirsin. Peki, vefat izni ka\u00e7 g\u00fcnd\u00fcr?\" \/>\n<meta name=\"robots\" content=\"index, follow, max-snippet:-1, max-image-preview:large, max-video-preview:-1\" \/>\n<link rel=\"canonical\" href=\"https:\/\/www.kariyer.net\/kariyer-rehberi\/vefat-izni-nedir-nasil-kullanilir\/\" \/>\n<meta property=\"og:locale\" content=\"tr_TR\" \/>\n<meta property=\"og:type\" content=\"article\" \/>\n<meta property=\"og:title\" content=\"Vefat izni nedir, nas\u0131l kullan\u0131l\u0131r?\" \/>\n<meta property=\"og:description\" content=\"Hayat, bazen sevdi\u011fin insanlar\u0131 kaybetmek gibi zor anlarla seni s\u0131nar. B\u00f6yle bir durumdaysan \u00e7al\u0131\u015fmak senin i\u00e7in zor olabilir. \u0130\u015fte tam bu noktada vefat\" \/>\n<meta property=\"og:url\" content=\"https:\/\/www.kariyer.net\/kariyer-rehberi\/vefat-izni-nedir-nasil-kullanilir\/\" \/>\n<meta property=\"og:site_name\" content=\"Kariyer Rehberi\" \/>\n<meta property=\"article:published_time\" content=\"2025-02-27T15:38:57+00:00\" \/>\n<meta property=\"article:modified_time\" content=\"2025-02-27T15:40:57+00:00\" \/>\n<meta property=\"og:image\" content=\"https:\/\/www.kariyer.net\/kariyer-rehberi\/wp-content\/uploads\/2025\/02\/vefat_izni.jpg\" \/>\n\t<meta property=\"og:image:width\" content=\"900\" \/>\n\t<meta property=\"og:image:height\" content=\"620\" \/>\n\t<meta property=\"og:image:type\" content=\"image\/jpeg\" \/>\n<meta name=\"author\" content=\"Edit\u00f6r\" \/>\n<meta name=\"twitter:card\" content=\"summary_large_image\" \/>\n<meta name=\"twitter:label1\" content=\"Yazan:\" \/>\n\t<meta name=\"twitter:data1\" content=\"Edit\u00f6r\" \/>\n\t<meta name=\"twitter:label2\" content=\"Tahmini okuma s\u00fcresi\" \/>\n\t<meta name=\"twitter:data2\" content=\"6 dakika\" \/>\n<!-- \/ Yoast SEO Premium plugin. -->","yoast_head_json":{"title":"Vefat izni nedir, nas\u0131l kullan\u0131l\u0131r?","description":"Sevdi\u011fin birini kaybetti\u011finde \u00f6l\u00fcm izni kullanarak i\u015f hayat\u0131ndan biraz da olsa uzakla\u015fabilirsin. Peki, vefat izni ka\u00e7 g\u00fcnd\u00fcr?","robots":{"index":"index","follow":"follow","max-snippet":"max-snippet:-1","max-image-preview":"max-image-preview:large","max-video-preview":"max-video-preview:-1"},"canonical":"https:\/\/www.kariyer.net\/kariyer-rehberi\/vefat-izni-nedir-nasil-kullanilir\/","og_locale":"tr_TR","og_type":"article","og_title":"Vefat izni nedir, nas\u0131l kullan\u0131l\u0131r?","og_description":"Hayat, bazen sevdi\u011fin insanlar\u0131 kaybetmek gibi zor anlarla seni s\u0131nar. B\u00f6yle bir durumdaysan \u00e7al\u0131\u015fmak senin i\u00e7in zor olabilir. \u0130\u015fte tam bu noktada vefat","og_url":"https:\/\/www.kariyer.net\/kariyer-rehberi\/vefat-izni-nedir-nasil-kullanilir\/","og_site_name":"Kariyer Rehberi","article_published_time":"2025-02-27T15:38:57+00:00","article_modified_time":"2025-02-27T15:40:57+00:00","og_image":[{"width":900,"height":620,"url":"https:\/\/www.kariyer.net\/kariyer-rehberi\/wp-content\/uploads\/2025\/02\/vefat_izni.jpg","type":"image\/jpeg"}],"author":"Edit\u00f6r","twitter_card":"summary_large_image","twitter_misc":{"Yazan:":"Edit\u00f6r","Tahmini okuma s\u00fcresi":"6 dakika"},"schema":{"@context":"https:\/\/schema.org","@graph":[{"@type":"Article","@id":"https:\/\/www.kariyer.net\/kariyer-rehberi\/vefat-izni-nedir-nasil-kullanilir\/#article","isPartOf":{"@id":"https:\/\/www.kariyer.net\/kariyer-rehberi\/vefat-izni-nedir-nasil-kullanilir\/"},"author":{"name":"Edit\u00f6r","@id":"https:\/\/www.kariyer.net\/kariyer-rehberi\/#\/schema\/person\/94fd6e49c7ff1b1b2565a2cc4fd685dd"},"headline":"Vefat izni nedir, nas\u0131l kullan\u0131l\u0131r?","datePublished":"2025-02-27T15:38:57+00:00","dateModified":"2025-02-27T15:40:57+00:00","mainEntityOfPage":{"@id":"https:\/\/www.kariyer.net\/kariyer-rehberi\/vefat-izni-nedir-nasil-kullanilir\/"},"wordCount":1170,"publisher":{"@id":"https:\/\/www.kariyer.net\/kariyer-rehberi\/#organization"},"image":{"@id":"https:\/\/www.kariyer.net\/kariyer-rehberi\/vefat-izni-nedir-nasil-kullanilir\/#primaryimage"},"thumbnailUrl":"https:\/\/www.kariyer.net\/kariyer-rehberi\/wp-content\/uploads\/2025\/02\/vefat_izni.jpg","articleSection":["\u0130\u015f Hukuku"],"inLanguage":"tr"},{"@type":"WebPage","@id":"https:\/\/www.kariyer.net\/kariyer-rehberi\/vefat-izni-nedir-nasil-kullanilir\/","url":"https:\/\/www.kariyer.net\/kariyer-rehberi\/vefat-izni-nedir-nasil-kullanilir\/","name":"Vefat izni nedir, nas\u0131l kullan\u0131l\u0131r?","isPartOf":{"@id":"https:\/\/www.kariyer.net\/kariyer-rehberi\/#website"},"primaryImageOfPage":{"@id":"https:\/\/www.kariyer.net\/kariyer-rehberi\/vefat-izni-nedir-nasil-kullanilir\/#primaryimage"},"image":{"@id":"https:\/\/www.kariyer.net\/kariyer-rehberi\/vefat-izni-nedir-nasil-kullanilir\/#primaryimage"},"thumbnailUrl":"https:\/\/www.kariyer.net\/kariyer-rehberi\/wp-content\/uploads\/2025\/02\/vefat_izni.jpg","datePublished":"2025-02-27T15:38:57+00:00","dateModified":"2025-02-27T15:40:57+00:00","description":"Sevdi\u011fin birini kaybetti\u011finde \u00f6l\u00fcm izni kullanarak i\u015f hayat\u0131ndan biraz da olsa uzakla\u015fabilirsin. Peki, vefat izni ka\u00e7 g\u00fcnd\u00fcr?","breadcrumb":{"@id":"https:\/\/www.kariyer.net\/kariyer-rehberi\/vefat-izni-nedir-nasil-kullanilir\/#breadcrumb"},"inLanguage":"tr","potentialAction":[{"@type":"ReadAction","target":["https:\/\/www.kariyer.net\/kariyer-rehberi\/vefat-izni-nedir-nasil-kullanilir\/"]}]},{"@type":"ImageObject","inLanguage":"tr","@id":"https:\/\/www.kariyer.net\/kariyer-rehberi\/vefat-izni-nedir-nasil-kullanilir\/#primaryimage","url":"https:\/\/www.kariyer.net\/kariyer-rehberi\/wp-content\/uploads\/2025\/02\/vefat_izni.jpg","contentUrl":"https:\/\/www.kariyer.net\/kariyer-rehberi\/wp-content\/uploads\/2025\/02\/vefat_izni.jpg","width":900,"height":620},{"@type":"BreadcrumbList","@id":"https:\/\/www.kariyer.net\/kariyer-rehberi\/vefat-izni-nedir-nasil-kullanilir\/#breadcrumb","itemListElement":[{"@type":"ListItem","position":1,"name":"Anasayfa","item":"https:\/\/www.kariyer.net\/kariyer-rehberi\/"},{"@type":"ListItem","position":2,"name":"Vefat izni nedir, nas\u0131l kullan\u0131l\u0131r?"}]},{"@type":"WebSite","@id":"https:\/\/www.kariyer.net\/kariyer-rehberi\/#website","url":"https:\/\/www.kariyer.net\/kariyer-rehberi\/","name":"Kariyer Rehberi","description":"\u0130\u015f D\u00fcnyas\u0131yla \u0130lgili Bilmek \u0130stedi\u011finiz Her \u015eey","publisher":{"@id":"https:\/\/www.kariyer.net\/kariyer-rehberi\/#organization"},"potentialAction":[{"@type":"SearchAction","target":{"@type":"EntryPoint","urlTemplate":"https:\/\/www.kariyer.net\/kariyer-rehberi\/?s={search_term_string}"},"query-input":{"@type":"PropertyValueSpecification","valueRequired":true,"valueName":"search_term_string"}}],"inLanguage":"tr"},{"@type":"Organization","@id":"https:\/\/www.kariyer.net\/kariyer-rehberi\/#organization","name":"Kariyer.net","url":"https:\/\/www.kariyer.net\/kariyer-rehberi\/","logo":{"@type":"ImageObject","inLanguage":"tr","@id":"https:\/\/www.kariyer.net\/kariyer-rehberi\/#\/schema\/logo\/image\/","url":"https:\/\/www.kariyer.net\/kariyer-rehberi-new\/wp-content\/uploads\/2023\/01\/og-image11.jpg","contentUrl":"https:\/\/www.kariyer.net\/kariyer-rehberi-new\/wp-content\/uploads\/2023\/01\/og-image11.jpg","width":800,"height":800,"caption":"Kariyer.net"},"image":{"@id":"https:\/\/www.kariyer.net\/kariyer-rehberi\/#\/schema\/logo\/image\/"}},{"@type":"Person","@id":"https:\/\/www.kariyer.net\/kariyer-rehberi\/#\/schema\/person\/94fd6e49c7ff1b1b2565a2cc4fd685dd","name":"Edit\u00f6r","image":{"@type":"ImageObject","inLanguage":"tr","@id":"https:\/\/www.kariyer.net\/kariyer-rehberi\/#\/schema\/person\/image\/","url":"https:\/\/secure.gravatar.com\/avatar\/0c4fe6688343aed3693b15573beae12c08ace5565409d5ab7509bf9c115f458d?s=96&d=mm&r=g","contentUrl":"https:\/\/secure.gravatar.com\/avatar\/0c4fe6688343aed3693b15573beae12c08ace5565409d5ab7509bf9c115f458d?s=96&d=mm&r=g","caption":"Edit\u00f6r"},"url":"https:\/\/www.kariyer.net\/kariyer-rehberi\/author\/editor\/"}]}},"_links":{"self":[{"href":"https:\/\/www.kariyer.net\/kariyer-rehberi\/wp-json\/wp\/v2\/posts\/21852","targetHints":{"allow":["GET"]}}],"collection":[{"href":"https:\/\/www.kariyer.net\/kariyer-rehberi\/wp-json\/wp\/v2\/posts"}],"about":[{"href":"https:\/\/www.kariyer.net\/kariyer-rehberi\/wp-json\/wp\/v2\/types\/post"}],"author":[{"embeddable":true,"href":"https:\/\/www.kariyer.net\/kariyer-rehberi\/wp-json\/wp\/v2\/users\/12"}],"replies":[{"embeddable":true,"href":"https:\/\/www.kariyer.net\/kariyer-rehberi\/wp-json\/wp\/v2\/comments?post=21852"}],"version-history":[{"count":2,"href":"https:\/\/www.kariyer.net\/kariyer-rehberi\/wp-json\/wp\/v2\/posts\/21852\/revisions"}],"predecessor-version":[{"id":21856,"href":"https:\/\/www.kariyer.net\/kariyer-rehberi\/wp-json\/wp\/v2\/posts\/21852\/revisions\/21856"}],"wp:featuredmedia":[{"embeddable":true,"href":"https:\/\/www.kariyer.net\/kariyer-rehberi\/wp-json\/wp\/v2\/media\/21854"}],"wp:attachment":[{"href":"https:\/\/www.kariyer.net\/kariyer-rehberi\/wp-json\/wp\/v2\/media?parent=21852"}],"wp:term":[{"taxonomy":"category","embeddable":true,"href":"https:\/\/www.kariyer.net\/kariyer-rehberi\/wp-json\/wp\/v2\/categories?post=21852"},{"taxonomy":"post_tag","embeddable":true,"href":"https:\/\/www.kariyer.net\/kariyer-rehberi\/wp-json\/wp\/v2\/tags?post=21852"}],"curies":[{"name":"wp","href":"https:\/\/api.w.org\/{rel}","templated":true}]}}