{"id":21857,"date":"2025-02-27T20:10:13","date_gmt":"2025-02-27T17:10:13","guid":{"rendered":"https:\/\/www.kariyer.net\/kariyer-rehberi\/?p=21857"},"modified":"2025-02-27T20:11:55","modified_gmt":"2025-02-27T17:11:55","slug":"ucretli-izin-nedir-ucretli-izin-cesitleri-nelerdir","status":"publish","type":"post","link":"https:\/\/www.kariyer.net\/kariyer-rehberi\/ucretli-izin-nedir-ucretli-izin-cesitleri-nelerdir\/","title":{"rendered":"\u00dccretli izin nedir, \u00fccretli izin \u00e7e\u015fitleri nelerdir?"},"content":{"rendered":"<p><strong>\u0130\u015f hayat\u0131nda zaman zaman dinlenmeye ihtiyac\u0131n olabilir. \u0130\u015fte burada \u00fccretli izin devreye girer. Belirli bir s\u00fcre boyunca i\u015ften ayr\u0131 kal\u0131rken maa\u015f\u0131n\u0131 almaya devam edebilmeni sa\u011flayan bu hak, motivasyonunu art\u0131ran \u00f6nemli bir avantajd\u0131r. Peki, bu hakk\u0131n\u0131 ne zaman kullanabilirsin, hangi izin t\u00fcrleri bulunur ve izin s\u00fcreleri nas\u0131l hesaplan\u0131r, \u00fccretli izin formu ve dilek\u00e7esi nedir?<\/strong><span style=\"font-weight: 400;\"><br \/>\n<\/span><\/p>\n<h2><b>\u00dccretli izin nedir?<\/b><b><br \/>\n<\/b><\/h2>\n<p><span style=\"font-weight: 400;\">\u00dccretli izin, i\u015fine ara vermene olanak tan\u0131rken maa\u015f\u0131n\u0131n \u00f6denmeye devam etti\u011fi bir hakt\u0131r. Sa\u011fl\u0131k sorunlar\u0131, tatil, hamilelik gibi durumlarda \u00fccretli izin talep edebilirsin. \u0130\u015f kanununa g\u00f6re her \u00e7al\u0131\u015fan\u0131n belirli bir y\u0131ll\u0131k <\/span><b>\u00fccretli izin hakk\u0131<\/b><span style=\"font-weight: 400;\"> vard\u0131r ve bu hakk\u0131 kullanmak tamamen senin yasal hakk\u0131nd\u0131r.\u00a0<\/span><\/p>\n<h2><b>Y\u0131ll\u0131k \u00fccretli izin\u00a0<\/b><\/h2>\n<p><span style=\"font-weight: 400;\">En \u00e7ok kullan\u0131lan \u00fccretli izin t\u00fcrlerinden biri y\u0131ll\u0131k izindir. T\u00fcrkiye\u2019de bir i\u015f yerinde bir y\u0131ldan fazla \u00e7al\u0131\u015f\u0131yorsan, her y\u0131l en az 14 g\u00fcn y\u0131ll\u0131k \u00fccretli izin hakk\u0131na sahipsin. \u00c7al\u0131\u015fma s\u00fcren artt\u0131k\u00e7a bu s\u00fcre de uzar. \u00d6rne\u011fin; 5 y\u0131l boyunca ayn\u0131 i\u015f yerinde \u00e7al\u0131\u015f\u0131yorsan, 20 g\u00fcn y\u0131ll\u0131k izin hakk\u0131n olabilir.\u00a0<\/span><\/p>\n<p><span style=\"font-weight: 400;\">Y\u0131ll\u0131k \u00fccretli izin kullanmak i\u00e7in bir <\/span><b>\u00fccretli izin belgesi<\/b><span style=\"font-weight: 400;\"> ve formunu i\u015f yerine teslim etmen gerekir. Bu evraklar, iznini resmi olarak talep etmene ve i\u015f yerinle planlamana yard\u0131mc\u0131 olur. \u0130\u015fte \u00e7al\u0131\u015fma y\u0131l\u0131na g\u00f6re kullanabilece\u011fin<\/span><b> \u00fccretli izin s\u00fcreleri<\/b><span style=\"font-weight: 400;\">:<\/span><\/p>\n<ul>\n<li style=\"font-weight: 400;\" aria-level=\"1\"><span style=\"font-weight: 400;\">1-5 y\u0131l aras\u0131: 14 g\u00fcn<\/span><\/li>\n<li style=\"font-weight: 400;\" aria-level=\"1\"><span style=\"font-weight: 400;\">5-15 y\u0131l aras\u0131: 20 g\u00fcn<\/span><\/li>\n<li style=\"font-weight: 400;\" aria-level=\"1\"><span style=\"font-weight: 400;\">15 y\u0131l ve \u00fczeri: 26 g\u00fcn<\/span><\/li>\n<\/ul>\n<h2><b>Hamilelikte \u00fccretli izin\u00a0<\/b><\/h2>\n<p><span style=\"font-weight: 400;\">Kad\u0131n \u00e7al\u0131\u015fanlar i\u00e7in <\/span><b>hamilelikte \u00fccretli izin<\/b><span style=\"font-weight: 400;\"> b\u00fcy\u00fck bir \u00f6nem ta\u015f\u0131r. T\u00fcrkiye\u2019de yasalar gere\u011fi do\u011fumdan \u00f6nce 8 hafta boyunca maa\u015f kesintisi ya\u015famadan izin kullanabilirsin. Ayr\u0131ca <\/span><b>do\u011fum sonras\u0131 \u00fccretli izin<\/b><span style=\"font-weight: 400;\"> hakk\u0131n kapsam\u0131nda bir 8 hafta daha izin alarak toplamda 16 hafta \u00fccretli izin kullanabilirsin. Bu s\u00fcre zarf\u0131nda maa\u015f\u0131n \u00f6denmeye devam eder.<\/span><\/p>\n<p><span style=\"font-weight: 400;\">Do\u011fum sonras\u0131 izin talebini yaz\u0131l\u0131 olarak iletmek i\u00e7in do\u011fum izni dilek\u00e7esi haz\u0131rlaman gerekir. \u0130\u015fverene sunaca\u011f\u0131n bu dilek\u00e7eyle birlikte doktor raporu ve izin belgesi de talep edilebilir.\u00a0<\/span><\/p>\n<h2><b>\u00dccretli izin hesaplama\u00a0<\/b><\/h2>\n<p><span style=\"font-weight: 400;\">Y\u0131ll\u0131k<\/span><b> \u00fccretli izin hesaplama<\/b><span style=\"font-weight: 400;\"> i\u015flemi i\u00e7in i\u015fe ba\u015flama tarihin dikkate al\u0131n\u0131r ve bu ilk zamanlar i\u00e7in 14 g\u00fcnle ba\u015flar. Kullanmak istedi\u011fin izinleri belirlerken, i\u015f yerinin izin politikalar\u0131na uygun hareket etmen \u00f6nemlidir.\u00a0<\/span><\/p>\n<p><span style=\"font-weight: 400;\">\u0130zin talep ederken, <\/span><b>y\u0131ll\u0131k \u00fccretli izin formu<\/b><span style=\"font-weight: 400;\"> ve izin dilek\u00e7esini doldurarak s\u00fcreci resmi hale getirebilirsin.\u00a0<\/span><\/p>\n<h2><b>\u00dccretli izin \u00e7e\u015fitleri\u00a0<\/b><\/h2>\n<p><span style=\"font-weight: 400;\">\u00dccretli izin sadece y\u0131ll\u0131k izinle s\u0131n\u0131rl\u0131 de\u011fildir. Farkl\u0131 nedenlerle de izin kullanabilirsin:\u00a0<\/span><\/p>\n<ul>\n<li style=\"font-weight: 400;\" aria-level=\"1\"><span style=\"font-weight: 400;\">Y\u0131ll\u0131k \u00dccretli \u0130zin: \u00c7al\u0131\u015fanlar\u0131n her y\u0131l en az 14 g\u00fcn kullanabilece\u011fi izin hakk\u0131d\u0131r.\u00a0<\/span><\/li>\n<li style=\"font-weight: 400;\" aria-level=\"1\"><span style=\"font-weight: 400;\">Do\u011fum \u0130zni: Kad\u0131n \u00e7al\u0131\u015fanlar i\u00e7in do\u011fumdan \u00f6nce ve sonra toplamda 16 hafta verilen izindir.\u00a0<\/span><\/li>\n<li style=\"font-weight: 400;\" aria-level=\"1\"><span style=\"font-weight: 400;\">Evlat Edinme \u0130zni: \u00c7ocuk evlat edinen \u00e7al\u0131\u015fanlar i\u00e7in sa\u011flanan izindir.\u00a0<\/span><\/li>\n<li style=\"font-weight: 400;\" aria-level=\"1\"><span style=\"font-weight: 400;\">Hastal\u0131k \u0130zni: Sa\u011fl\u0131k sorunlar\u0131 nedeniyle kullanabilece\u011fin \u00fccretli izindir.\u00a0<\/span><\/li>\n<\/ul>\n<p><span style=\"font-weight: 400;\">Bu izinlerden birini kullanmak istedi\u011finde ilgili talep formunu doldurarak i\u015f yerine ba\u015fvurabilirsin. \u0130\u015f yeri, <\/span><b>y\u0131ll\u0131k \u00fccretli izin cetveli <\/b><span style=\"font-weight: 400;\">\u00fczerinden kulland\u0131\u011f\u0131n izinleri inceleyerek hakk\u0131n olan izni sana tan\u0131mlar.<\/span><span style=\"font-weight: 400;\"><br \/>\n<\/span><\/p>\n<h2><b>\u00dccretli izin ile y\u0131ll\u0131k izin aras\u0131ndaki fark<\/b><b><br \/>\n<\/b><\/h2>\n<p><span style=\"font-weight: 400;\">Y\u0131ll\u0131k izin; i\u015f kanununa g\u00f6re bir \u00e7al\u0131\u015fan\u0131n, ayn\u0131 i\u015f yerinde bir y\u0131l\u0131n\u0131 doldurdu\u011funda kullanabilece\u011fi bir hakt\u0131r. Yani, i\u015fe ba\u015flad\u0131\u011f\u0131n g\u00fcnden itibaren minimum bir y\u0131l \u00e7al\u0131\u015fman gerekiyor ki dinlenmek amac\u0131yla bu izni alabilesin. Alaca\u011f\u0131n izin s\u00fcresi; k\u0131demine, ya\u015f\u0131na ya da yapt\u0131\u011f\u0131n i\u015fe g\u00f6re de\u011fi\u015febilir.\u00a0<\/span><\/p>\n<p><span style=\"font-weight: 400;\">\u00dccretli izin ise biraz farkl\u0131. Burada, belirli bir s\u00fcre \u00e7al\u0131\u015fman gerekmez. Yani y\u0131ll\u0131k izin gibi bir y\u0131l \u015fart\u0131 yoktur. Ancak izinleri kullanabilmen i\u00e7in belirli ko\u015fullar\u0131n olu\u015fmas\u0131 gerekir. Mesela, birinci derece yak\u0131nlar\u0131ndan birinin vefat\u0131 durumunda \u00f6l\u00fcm izni alman m\u00fcmk\u00fcn olur.<\/span><span style=\"font-weight: 400;\"><br \/>\n<\/span><\/p>\n<h2><b>Y\u0131ll\u0131k izin \u00fccreti hesaplama<\/b><b><br \/>\n<\/b><\/h2>\n<p><span style=\"font-weight: 400;\">Y\u0131ll\u0131k izin \u00fccretini hesaplamak asl\u0131nda olduk\u00e7a basit. \u00c7al\u0131\u015fan, y\u0131ll\u0131k izin kulland\u0131\u011f\u0131nda maa\u015f\u0131ndan herhangi bir kesinti yap\u0131lmaz. Yani izinli oldu\u011fu d\u00f6nemde maa\u015f\u0131n\u0131 tam al\u0131rs\u0131n. Peki, bu izin \u00fccretini nas\u0131l hesaplars\u0131n?\u00a0<\/span><\/p>\n<p><span style=\"font-weight: 400;\">Y\u0131ll\u0131k izin \u00fccretini hesaplamak i\u00e7in \u00f6nce g\u00fcnl\u00fck \u00e7al\u0131\u015fma \u00fccretini bulman gerek. G\u00fcnl\u00fck \u00fccretinle, kullanaca\u011f\u0131n izin g\u00fcn say\u0131s\u0131n\u0131 \u00e7arpt\u0131\u011f\u0131nda, o izin d\u00f6nemi i\u00e7in alaca\u011f\u0131n \u00fccreti bulursun.\u00a0<\/span><\/p>\n<p><span style=\"font-weight: 400;\">\u00d6rne\u011fin; g\u00fcnl\u00fck \u00fccreti 300 TL olan bir i\u015fte \u00e7al\u0131\u015f\u0131yorsun ve 14 g\u00fcn izin kulland\u0131\u011f\u0131n\u0131 d\u00fc\u015f\u00fcn. Bu durumda, 300 TL&#8217;yi 14 g\u00fcnle \u00e7arparak, 4.200 TL y\u0131ll\u0131k izin \u00fccretini bulabilirsin.\u00a0<\/span><\/p>\n<p><span style=\"font-weight: 400;\">E\u011fer y\u0131ll\u0131k izin hakk\u0131n\u0131 kullanmadan i\u015ften ayr\u0131l\u0131rsan kullanmad\u0131\u011f\u0131n izin g\u00fcnlerine ait \u00fccret, i\u015ften \u00e7\u0131k\u0131\u015f tarihindeki maa\u015f\u0131n \u00fczerinden hesaplan\u0131p, taraf\u0131na \u00f6denir.<\/span><span style=\"font-weight: 400;\"><br \/>\n<\/span><\/p>\n<h2><b>\u00dccretli izin dilek\u00e7esi ve talep formu<\/b><b><br \/>\n<\/b><\/h2>\n<p><span style=\"font-weight: 400;\">\u0130zin kullanmak i\u00e7in i\u015f yerine dilek\u00e7e veya <\/span><b>\u00fccretli izin talep formu<\/b><span style=\"font-weight: 400;\"> sunman gerekir. Bu belgeler i\u015f yerinin insan kaynaklar\u0131 birimine teslim edilerek onay al\u0131n\u0131r.<\/span><b> \u00dccretli izin dilek\u00e7esi<\/b><span style=\"font-weight: 400;\"> \u015fu bilgileri i\u00e7ermelidir:\u00a0<\/span><\/p>\n<ul>\n<li style=\"font-weight: 400;\" aria-level=\"1\"><span style=\"font-weight: 400;\">Ad\u0131n, soyad\u0131n\u00a0<\/span><\/li>\n<li style=\"font-weight: 400;\" aria-level=\"1\"><span style=\"font-weight: 400;\">\u0130zin talep etti\u011fin tarih aral\u0131\u011f\u0131<\/span><\/li>\n<li style=\"font-weight: 400;\" aria-level=\"1\"><span style=\"font-weight: 400;\">\u0130zin t\u00fcr\u00fc (y\u0131ll\u0131k izin, do\u011fum izni vb.)\u00a0<\/span><\/li>\n<li style=\"font-weight: 400;\" aria-level=\"1\"><span style=\"font-weight: 400;\">\u0130mzan ve tarih\u00a0<\/span><\/li>\n<\/ul>\n<p><span style=\"font-weight: 400;\">Bu belgeleri eksiksiz doldurdu\u011fundan emin olmal\u0131s\u0131n, aksi halde iznin onaylanmayabilir.<\/span><span style=\"font-weight: 400;\"><br \/>\n<\/span><\/p>\n<h2><b>\u00dccretli izin kullan\u0131rken dikkat edilmesi gerekenler<\/b><b><br \/>\n<\/b><\/h2>\n<p><span style=\"font-weight: 400;\">\u0130zin hakk\u0131ndan faydalan\u0131rken baz\u0131 noktalara dikkat etmelisin. \u0130zin talebini zaman\u0131nda yapmak i\u015f yerinin planlamas\u0131n\u0131 kolayla\u015ft\u0131r\u0131r. Ayr\u0131ca, y\u0131ll\u0131k izinlerin bir sonraki y\u0131la devretmeyece\u011fini unutmamal\u0131s\u0131n. Bu durum firmaya ba\u011fl\u0131 olarak de\u011fi\u015fse de kullanmad\u0131\u011f\u0131n izinler yanabilir.\u00a0\u0130zin formunu doldururken do\u011fru bilgileri verdi\u011finden emin olmal\u0131s\u0131n. Eksik veya yanl\u0131\u015f bilgiler, izin talebinin reddedilmesine yol a\u00e7abilir.<\/span><\/p>\n<p><span style=\"font-weight: 400;\">Bu izin, i\u015f hayat\u0131ndaki \u00f6nemli haklar\u0131ndan biridir. Y\u0131ll\u0131k izin, do\u011fum izni gibi farkl\u0131 t\u00fcrlerde kullanabilirsin. \u0130zin s\u00fcrecini do\u011fru y\u00f6netmek i\u00e7in izin hesaplama y\u00f6ntemlerini bilmeli, izin dilek\u00e7esi ve talep formunu do\u011fru \u015fekilde doldurmal\u0131s\u0131n. \u0130\u015f yerinin kurallar\u0131na ve yasal d\u00fczenlemelere uygun hareket ederek, haklar\u0131n\u0131 en iyi \u015fekilde de\u011ferlendirebilirsin. \u00c7al\u0131\u015fma hayat\u0131yla ilgili merak etti\u011fin her detay\u0131 <\/span><a href=\"https:\/\/www.kariyer.net\/kariyer-rehberi\/\" target=\"_blank\" rel=\"noopener\"><span style=\"font-weight: 400;\">kariyer rehberi<\/span><\/a><span style=\"font-weight: 400;\"> \u00fczerinden kolayl\u0131kla bulabilirsin.<\/span><span style=\"font-weight: 400;\"><br \/>\n<\/span><\/p>\n<!-- templates\/buttons-placeholder.php -->\n<div class=\"da-reactions-outer TpostID21857\">\n\t    <div class=\"da-reactions-data da-reactions-container-async center\"\n         data-type=\"post\"\n         data-id=\"21857\"\n         id=\"da-reactions-slot-post-21857\">\n        <div class=\"da-reactions-static\">\n\t\t\t<img src=\"https:\/\/www.kariyer.net\/kariyer-rehberi\/wp-content\/plugins\/da-reactions\/assets\/dist\/loading.svg\" alt=\"Loading spinner\" width=\"48\" height=\"48\" style=\"width:48px\" \/>\n        <\/div>\n    <\/div>\n<\/div>\n","protected":false},"excerpt":{"rendered":"<p>\u0130\u015f hayat\u0131nda zaman zaman dinlenmeye ihtiyac\u0131n olabilir. \u0130\u015fte burada \u00fccretli izin devreye girer. Belirli bir s\u00fcre boyunca i\u015ften ayr\u0131 kal\u0131rken maa\u015f\u0131n\u0131 almaya devam edebilmeni sa\u011flayan bu hak, motivasyonunu art\u0131ran \u00f6nemli bir avantajd\u0131r. Peki, bu hakk\u0131n\u0131 ne zaman kullanabilirsin, hangi izin t\u00fcrleri bulunur ve izin s\u00fcreleri nas\u0131l hesaplan\u0131r, \u00fccretli izin formu ve dilek\u00e7esi nedir? \u00dccretli izin [&hellip;]<\/p>\n<!-- templates\/buttons-placeholder.php -->\n<div class=\"da-reactions-outer TpostID21857\">\n\t    <div class=\"da-reactions-data da-reactions-container-async center\"\n         data-type=\"post\"\n         data-id=\"21857\"\n         id=\"da-reactions-slot-post-21857\">\n        <div class=\"da-reactions-static\">\n\t\t\t<img src=\"https:\/\/www.kariyer.net\/kariyer-rehberi\/wp-content\/plugins\/da-reactions\/assets\/dist\/loading.svg\" alt=\"Loading spinner\" width=\"48\" height=\"48\" style=\"width:48px\" \/>\n        <\/div>\n    <\/div>\n<\/div>\n","protected":false},"author":12,"featured_media":21858,"comment_status":"closed","ping_status":"open","sticky":false,"template":"","format":"standard","meta":{"footnotes":"","_elementor_edit_mode":"","_elementor_template_type":"","_elementor_data":"","_elementor_page_settings":null,"_elementor_conditions":[]},"categories":[2218],"tags":[],"class_list":{"0":"post-21857","1":"post","2":"type-post","3":"status-publish","4":"format-standard","5":"has-post-thumbnail","7":"category-is-hukuku"},"yoast_head":"<!-- This site is optimized with the Yoast SEO Premium plugin v21.4 (Yoast SEO v27.0) - https:\/\/yoast.com\/product\/yoast-seo-premium-wordpress\/ -->\n<title>\u00dccretli izin nedir, \u00fccretli izin \u00e7e\u015fitleri nelerdir?<\/title>\n<meta name=\"description\" content=\"\u00dccretli izin, i\u015fine ara vermene olanak tan\u0131rken maa\u015f\u0131n\u0131n \u00f6denmeye devam etti\u011fi bir hakt\u0131r. Peki, \u00fccretli izin \u00e7e\u015fitleri nelerdir?\" \/>\n<meta name=\"robots\" content=\"index, follow, max-snippet:-1, max-image-preview:large, max-video-preview:-1\" \/>\n<link rel=\"canonical\" href=\"https:\/\/www.kariyer.net\/kariyer-rehberi\/ucretli-izin-nedir-ucretli-izin-cesitleri-nelerdir\/\" \/>\n<meta property=\"og:locale\" content=\"tr_TR\" \/>\n<meta property=\"og:type\" content=\"article\" \/>\n<meta property=\"og:title\" content=\"\u00dccretli izin nedir, \u00fccretli izin \u00e7e\u015fitleri nelerdir?\" \/>\n<meta property=\"og:description\" content=\"\u0130\u015f hayat\u0131nda zaman zaman dinlenmeye ihtiyac\u0131n olabilir. \u0130\u015fte burada \u00fccretli izin devreye girer. Belirli bir s\u00fcre boyunca i\u015ften ayr\u0131 kal\u0131rken maa\u015f\u0131n\u0131\" \/>\n<meta property=\"og:url\" content=\"https:\/\/www.kariyer.net\/kariyer-rehberi\/ucretli-izin-nedir-ucretli-izin-cesitleri-nelerdir\/\" \/>\n<meta property=\"og:site_name\" content=\"Kariyer Rehberi\" \/>\n<meta property=\"article:published_time\" content=\"2025-02-27T17:10:13+00:00\" \/>\n<meta property=\"article:modified_time\" content=\"2025-02-27T17:11:55+00:00\" \/>\n<meta property=\"og:image\" content=\"https:\/\/www.kariyer.net\/kariyer-rehberi\/wp-content\/uploads\/2025\/02\/yillik_izin.jpg\" \/>\n\t<meta property=\"og:image:width\" content=\"900\" \/>\n\t<meta property=\"og:image:height\" content=\"586\" \/>\n\t<meta property=\"og:image:type\" content=\"image\/jpeg\" \/>\n<meta name=\"author\" content=\"Edit\u00f6r\" \/>\n<meta name=\"twitter:card\" content=\"summary_large_image\" \/>\n<meta name=\"twitter:label1\" content=\"Yazan:\" \/>\n\t<meta name=\"twitter:data1\" content=\"Edit\u00f6r\" \/>\n\t<meta name=\"twitter:label2\" content=\"Tahmini okuma s\u00fcresi\" \/>\n\t<meta name=\"twitter:data2\" content=\"6 dakika\" \/>\n<!-- \/ Yoast SEO Premium plugin. -->","yoast_head_json":{"title":"\u00dccretli izin nedir, \u00fccretli izin \u00e7e\u015fitleri nelerdir?","description":"\u00dccretli izin, i\u015fine ara vermene olanak tan\u0131rken maa\u015f\u0131n\u0131n \u00f6denmeye devam etti\u011fi bir hakt\u0131r. Peki, \u00fccretli izin \u00e7e\u015fitleri nelerdir?","robots":{"index":"index","follow":"follow","max-snippet":"max-snippet:-1","max-image-preview":"max-image-preview:large","max-video-preview":"max-video-preview:-1"},"canonical":"https:\/\/www.kariyer.net\/kariyer-rehberi\/ucretli-izin-nedir-ucretli-izin-cesitleri-nelerdir\/","og_locale":"tr_TR","og_type":"article","og_title":"\u00dccretli izin nedir, \u00fccretli izin \u00e7e\u015fitleri nelerdir?","og_description":"\u0130\u015f hayat\u0131nda zaman zaman dinlenmeye ihtiyac\u0131n olabilir. \u0130\u015fte burada \u00fccretli izin devreye girer. Belirli bir s\u00fcre boyunca i\u015ften ayr\u0131 kal\u0131rken maa\u015f\u0131n\u0131","og_url":"https:\/\/www.kariyer.net\/kariyer-rehberi\/ucretli-izin-nedir-ucretli-izin-cesitleri-nelerdir\/","og_site_name":"Kariyer Rehberi","article_published_time":"2025-02-27T17:10:13+00:00","article_modified_time":"2025-02-27T17:11:55+00:00","og_image":[{"width":900,"height":586,"url":"https:\/\/www.kariyer.net\/kariyer-rehberi\/wp-content\/uploads\/2025\/02\/yillik_izin.jpg","type":"image\/jpeg"}],"author":"Edit\u00f6r","twitter_card":"summary_large_image","twitter_misc":{"Yazan:":"Edit\u00f6r","Tahmini okuma s\u00fcresi":"6 dakika"},"schema":{"@context":"https:\/\/schema.org","@graph":[{"@type":"Article","@id":"https:\/\/www.kariyer.net\/kariyer-rehberi\/ucretli-izin-nedir-ucretli-izin-cesitleri-nelerdir\/#article","isPartOf":{"@id":"https:\/\/www.kariyer.net\/kariyer-rehberi\/ucretli-izin-nedir-ucretli-izin-cesitleri-nelerdir\/"},"author":{"name":"Edit\u00f6r","@id":"https:\/\/www.kariyer.net\/kariyer-rehberi\/#\/schema\/person\/94fd6e49c7ff1b1b2565a2cc4fd685dd"},"headline":"\u00dccretli izin nedir, \u00fccretli izin \u00e7e\u015fitleri nelerdir?","datePublished":"2025-02-27T17:10:13+00:00","dateModified":"2025-02-27T17:11:55+00:00","mainEntityOfPage":{"@id":"https:\/\/www.kariyer.net\/kariyer-rehberi\/ucretli-izin-nedir-ucretli-izin-cesitleri-nelerdir\/"},"wordCount":1094,"publisher":{"@id":"https:\/\/www.kariyer.net\/kariyer-rehberi\/#organization"},"image":{"@id":"https:\/\/www.kariyer.net\/kariyer-rehberi\/ucretli-izin-nedir-ucretli-izin-cesitleri-nelerdir\/#primaryimage"},"thumbnailUrl":"https:\/\/www.kariyer.net\/kariyer-rehberi\/wp-content\/uploads\/2025\/02\/yillik_izin.jpg","articleSection":["\u0130\u015f Hukuku"],"inLanguage":"tr"},{"@type":"WebPage","@id":"https:\/\/www.kariyer.net\/kariyer-rehberi\/ucretli-izin-nedir-ucretli-izin-cesitleri-nelerdir\/","url":"https:\/\/www.kariyer.net\/kariyer-rehberi\/ucretli-izin-nedir-ucretli-izin-cesitleri-nelerdir\/","name":"\u00dccretli izin nedir, \u00fccretli izin \u00e7e\u015fitleri nelerdir?","isPartOf":{"@id":"https:\/\/www.kariyer.net\/kariyer-rehberi\/#website"},"primaryImageOfPage":{"@id":"https:\/\/www.kariyer.net\/kariyer-rehberi\/ucretli-izin-nedir-ucretli-izin-cesitleri-nelerdir\/#primaryimage"},"image":{"@id":"https:\/\/www.kariyer.net\/kariyer-rehberi\/ucretli-izin-nedir-ucretli-izin-cesitleri-nelerdir\/#primaryimage"},"thumbnailUrl":"https:\/\/www.kariyer.net\/kariyer-rehberi\/wp-content\/uploads\/2025\/02\/yillik_izin.jpg","datePublished":"2025-02-27T17:10:13+00:00","dateModified":"2025-02-27T17:11:55+00:00","description":"\u00dccretli izin, i\u015fine ara vermene olanak tan\u0131rken maa\u015f\u0131n\u0131n \u00f6denmeye devam etti\u011fi bir hakt\u0131r. Peki, \u00fccretli izin \u00e7e\u015fitleri nelerdir?","breadcrumb":{"@id":"https:\/\/www.kariyer.net\/kariyer-rehberi\/ucretli-izin-nedir-ucretli-izin-cesitleri-nelerdir\/#breadcrumb"},"inLanguage":"tr","potentialAction":[{"@type":"ReadAction","target":["https:\/\/www.kariyer.net\/kariyer-rehberi\/ucretli-izin-nedir-ucretli-izin-cesitleri-nelerdir\/"]}]},{"@type":"ImageObject","inLanguage":"tr","@id":"https:\/\/www.kariyer.net\/kariyer-rehberi\/ucretli-izin-nedir-ucretli-izin-cesitleri-nelerdir\/#primaryimage","url":"https:\/\/www.kariyer.net\/kariyer-rehberi\/wp-content\/uploads\/2025\/02\/yillik_izin.jpg","contentUrl":"https:\/\/www.kariyer.net\/kariyer-rehberi\/wp-content\/uploads\/2025\/02\/yillik_izin.jpg","width":900,"height":586},{"@type":"BreadcrumbList","@id":"https:\/\/www.kariyer.net\/kariyer-rehberi\/ucretli-izin-nedir-ucretli-izin-cesitleri-nelerdir\/#breadcrumb","itemListElement":[{"@type":"ListItem","position":1,"name":"Anasayfa","item":"https:\/\/www.kariyer.net\/kariyer-rehberi\/"},{"@type":"ListItem","position":2,"name":"\u00dccretli izin nedir, \u00fccretli izin \u00e7e\u015fitleri nelerdir?"}]},{"@type":"WebSite","@id":"https:\/\/www.kariyer.net\/kariyer-rehberi\/#website","url":"https:\/\/www.kariyer.net\/kariyer-rehberi\/","name":"Kariyer Rehberi","description":"\u0130\u015f D\u00fcnyas\u0131yla \u0130lgili Bilmek \u0130stedi\u011finiz Her \u015eey","publisher":{"@id":"https:\/\/www.kariyer.net\/kariyer-rehberi\/#organization"},"potentialAction":[{"@type":"SearchAction","target":{"@type":"EntryPoint","urlTemplate":"https:\/\/www.kariyer.net\/kariyer-rehberi\/?s={search_term_string}"},"query-input":{"@type":"PropertyValueSpecification","valueRequired":true,"valueName":"search_term_string"}}],"inLanguage":"tr"},{"@type":"Organization","@id":"https:\/\/www.kariyer.net\/kariyer-rehberi\/#organization","name":"Kariyer.net","url":"https:\/\/www.kariyer.net\/kariyer-rehberi\/","logo":{"@type":"ImageObject","inLanguage":"tr","@id":"https:\/\/www.kariyer.net\/kariyer-rehberi\/#\/schema\/logo\/image\/","url":"https:\/\/www.kariyer.net\/kariyer-rehberi-new\/wp-content\/uploads\/2023\/01\/og-image11.jpg","contentUrl":"https:\/\/www.kariyer.net\/kariyer-rehberi-new\/wp-content\/uploads\/2023\/01\/og-image11.jpg","width":800,"height":800,"caption":"Kariyer.net"},"image":{"@id":"https:\/\/www.kariyer.net\/kariyer-rehberi\/#\/schema\/logo\/image\/"}},{"@type":"Person","@id":"https:\/\/www.kariyer.net\/kariyer-rehberi\/#\/schema\/person\/94fd6e49c7ff1b1b2565a2cc4fd685dd","name":"Edit\u00f6r","image":{"@type":"ImageObject","inLanguage":"tr","@id":"https:\/\/www.kariyer.net\/kariyer-rehberi\/#\/schema\/person\/image\/","url":"https:\/\/secure.gravatar.com\/avatar\/0c4fe6688343aed3693b15573beae12c08ace5565409d5ab7509bf9c115f458d?s=96&d=mm&r=g","contentUrl":"https:\/\/secure.gravatar.com\/avatar\/0c4fe6688343aed3693b15573beae12c08ace5565409d5ab7509bf9c115f458d?s=96&d=mm&r=g","caption":"Edit\u00f6r"},"url":"https:\/\/www.kariyer.net\/kariyer-rehberi\/author\/editor\/"}]}},"_links":{"self":[{"href":"https:\/\/www.kariyer.net\/kariyer-rehberi\/wp-json\/wp\/v2\/posts\/21857","targetHints":{"allow":["GET"]}}],"collection":[{"href":"https:\/\/www.kariyer.net\/kariyer-rehberi\/wp-json\/wp\/v2\/posts"}],"about":[{"href":"https:\/\/www.kariyer.net\/kariyer-rehberi\/wp-json\/wp\/v2\/types\/post"}],"author":[{"embeddable":true,"href":"https:\/\/www.kariyer.net\/kariyer-rehberi\/wp-json\/wp\/v2\/users\/12"}],"replies":[{"embeddable":true,"href":"https:\/\/www.kariyer.net\/kariyer-rehberi\/wp-json\/wp\/v2\/comments?post=21857"}],"version-history":[{"count":2,"href":"https:\/\/www.kariyer.net\/kariyer-rehberi\/wp-json\/wp\/v2\/posts\/21857\/revisions"}],"predecessor-version":[{"id":21860,"href":"https:\/\/www.kariyer.net\/kariyer-rehberi\/wp-json\/wp\/v2\/posts\/21857\/revisions\/21860"}],"wp:featuredmedia":[{"embeddable":true,"href":"https:\/\/www.kariyer.net\/kariyer-rehberi\/wp-json\/wp\/v2\/media\/21858"}],"wp:attachment":[{"href":"https:\/\/www.kariyer.net\/kariyer-rehberi\/wp-json\/wp\/v2\/media?parent=21857"}],"wp:term":[{"taxonomy":"category","embeddable":true,"href":"https:\/\/www.kariyer.net\/kariyer-rehberi\/wp-json\/wp\/v2\/categories?post=21857"},{"taxonomy":"post_tag","embeddable":true,"href":"https:\/\/www.kariyer.net\/kariyer-rehberi\/wp-json\/wp\/v2\/tags?post=21857"}],"curies":[{"name":"wp","href":"https:\/\/api.w.org\/{rel}","templated":true}]}}