{"id":21912,"date":"2025-03-12T16:10:24","date_gmt":"2025-03-12T13:10:24","guid":{"rendered":"https:\/\/www.kariyer.net\/kariyer-rehberi\/?p=21912"},"modified":"2025-03-12T16:11:22","modified_gmt":"2025-03-12T13:11:22","slug":"avans-nedir-isciye-avans-vermek-zorunlu-mu","status":"publish","type":"post","link":"https:\/\/www.kariyer.net\/kariyer-rehberi\/avans-nedir-isciye-avans-vermek-zorunlu-mu\/","title":{"rendered":"Avans nedir? \u0130\u015f\u00e7iye avans vermek zorunlu mu?"},"content":{"rendered":"<p><strong>\u00c7al\u0131\u015fma hayat\u0131nda finansal dengeyi sa\u011flaman bazen zor olabilir. B\u00f6yle anlarda, ge\u00e7ici nakit ihtiyac\u0131n\u0131 kar\u015f\u0131lamak i\u00e7in i\u015fverenden i\u015f\u00e7i avans\u0131 alabilirsin. Bu, maa\u015f g\u00fcn\u00fcnden \u00f6nce yap\u0131lan bir \u00f6n \u00f6deme anlam\u0131na gelir ve ilerleyen d\u00f6nemde maa\u015f\u0131ndan kesilerek tahsil edilir. \u0130\u015fverenin sundu\u011fu bu imkan, maddi a\u00e7\u0131dan rahatlamana yard\u0131mc\u0131 olabilir.<\/strong><\/p>\n<p>\u0130\u015f\u00e7inin avans hakk\u0131, i\u015f s\u00f6zle\u015fmesine ba\u011fl\u0131 olarak de\u011fi\u015febilir. Avans \u00f6deme nedir diye merak ediyorsan, bu \u00f6deme maa\u015f\u0131na mahsuben yap\u0131lan bir finansal destektir. Ancak her i\u015fverenin bu uygulamay\u0131 sunma zorunlulu\u011fu bulunmaz. \u0130\u015fverenin inisiyatifine ba\u011fl\u0131 olarak verilebilece\u011fi gibi, baz\u0131 durumlarda i\u015f s\u00f6zle\u015fmelerinde a\u00e7\u0131k\u00e7a belirtilmi\u015f olabilir.<\/p>\n<h2><strong>\u0130\u015fveren sana avans vermek zorunda m\u0131?<\/strong><\/h2>\n<p>\u0130\u015f\u00e7inin avans isteme hakk\u0131, i\u015f s\u00f6zle\u015fmesi ve maa\u015f avans\u0131 i\u015f kanunu \u00e7er\u00e7evesinde de\u011ferlendirilir. \u0130\u015fverenin i\u015f\u00e7i avans\u0131 vermesi kanunen zorunlu olmasa da baz\u0131 durumlarda i\u015f kanunu ve toplu i\u015f s\u00f6zle\u015fmeleri gere\u011fince bu hak tan\u0131nabilir. Genellikle i\u015fverenin inisiyatifine ba\u011fl\u0131 olarak uygulanan bu sistem, belirli kurallar \u00e7er\u00e7evesinde y\u00fcr\u00fct\u00fcl\u00fcr.<\/p>\n<p>\u00d6zellikle maa\u015f avans\u0131 i\u015f kanunu kapsam\u0131nda, belirli \u015fartlarda i\u015f\u00e7iye erken \u00f6deme verilebilir. Ancak i\u015fveren, her talebe olumlu yan\u0131t vermek zorunda de\u011fildir. Bu s\u00fcre\u00e7te, i\u015f yerinde adil ve \u015feffaf bir tutum sergilenmesi hem \u00e7al\u0131\u015fan hem de i\u015f yerindeki huzur a\u00e7\u0131s\u0131ndan \u00f6nemli olabilir. \u0130\u015f\u00e7inin avans alma hakk\u0131, belirli yasal d\u00fczenlemelere g\u00f6re \u015fekillenir ve ekonomik dengenin korunmas\u0131na destek sa\u011flayabilir.<\/p>\n<h2><strong>Avans nas\u0131l al\u0131n\u0131r, talep s\u00fcreci nas\u0131l i\u015fler?<\/strong><\/h2>\n<p>Avans almak istedi\u011finde belirli prosed\u00fcrleri takip etmen gerekir. \u0130\u015fverenin bu s\u00fcreci d\u00fczenli bir \u015fekilde y\u00fcr\u00fctmesi i\u00e7in baz\u0131 belgeler talep edebilir. Genellikle i\u015f\u00e7i avans talep formu doldurman beklenir. S\u00fcre\u00e7 \u015fu \u015fekilde ilerleyebilir:<\/p>\n<p>Avans dilek\u00e7e \u00f6rne\u011fi ya da i\u015f\u00e7i avans formu ile talebini i\u015fverene iletirsin. Talebini yaz\u0131l\u0131 olarak sunman, s\u00fcrecin resmiyet kazanmas\u0131n\u0131 sa\u011flar. Dilek\u00e7ende almak istedi\u011fin miktar\u0131 ve nedenini a\u00e7\u0131k\u00e7a belirtmen faydal\u0131 olur. \u0130\u015fveren, s\u00fcreci takip edebilmek i\u00e7in bu t\u00fcr belgeleri kay\u0131t alt\u0131na al\u0131r.<\/p>\n<p>\u0130\u015fveren ba\u015fvurunu de\u011ferlendirir ve uygun g\u00f6r\u00fcrse avans \u00f6demesi yapar. \u0130\u015fverenin de\u011ferlendirme s\u00fcresi i\u015fletmeye ba\u011fl\u0131 olarak de\u011fi\u015febilir. Bazen talepler an\u0131nda onaylan\u0131rken, baz\u0131 durumlarda i\u015fverenin finansal durumu g\u00f6z \u00f6n\u00fcnde bulundurularak karar verilir. \u0130\u015fverenin belirli bir \u00f6deme plan\u0131 \u00e7er\u00e7evesinde hareket etmesi, s\u00fcrecin d\u00fczenli ilerlemesini sa\u011flar.<\/p>\n<p>Ald\u0131\u011f\u0131n \u00f6deme, genellikle bir sonraki maa\u015f\u0131ndan mahsup edilir. \u0130\u015fveren, miktar\u0131 do\u011frudan maa\u015f bordrosuna yans\u0131t\u0131r. B\u00f6ylece \u00f6demeni yaparken ekstra bir i\u015flem yapmana gerek kalmaz; ancak \u00f6demenin, birden fazla maa\u015f d\u00f6nemine yay\u0131lmas\u0131 durumunda, belirlenen \u00f6deme plan\u0131na sad\u0131k kalman beklenir.<\/p>\n<p>Miktarda baz\u0131 s\u0131n\u0131rlar olabilir. \u0130\u015fveren, senin talep etti\u011fin tutar\u0131 de\u011fil, uygun g\u00f6rd\u00fc\u011f\u00fc miktar\u0131 onaylayabilir. Ayr\u0131ca, bu hakk\u0131 k\u00f6t\u00fcye kullanmaman ve belirlenen \u00f6deme plan\u0131na uyman beklenir. Bu \u00f6deme maddi zorluklar kar\u015f\u0131s\u0131nda \u00f6nemli bir destek mekanizmas\u0131d\u0131r ve belirli yasal \u00e7er\u00e7eveler i\u00e7inde de\u011ferlendirilir.<\/p>\n<h2><strong>\u0130\u015f\u00e7i avans muhasebe kayd\u0131 nas\u0131l yap\u0131l\u0131r?<\/strong><\/h2>\n<p>\u0130\u015f\u00e7i avans muhasebe kayd\u0131, i\u015fletmenin mali tablolar\u0131na d\u00fczenli \u015fekilde i\u015flenmelidir. Avans \u00f6demeleri, belirli muhasebe kodlar\u0131 ve belgelerle kay\u0131t alt\u0131na al\u0131n\u0131r. \u0130\u015fverenin dikkat etmesi gereken baz\u0131 noktalar \u015funlard\u0131r:<\/p>\n<p>\u00d6deme i\u015flemi, talep formu ile belgelenmelidir. \u0130\u015fletmelerde yap\u0131lan her finansal i\u015flem kay\u0131t alt\u0131nda tutulmal\u0131d\u0131r. \u0130\u015f\u00e7i avans\u0131 \u00f6demeleri de hem i\u015fverenin hem de senin haklar\u0131n\u0131 koruyacak \u015fekilde yaz\u0131l\u0131 hale getirilmelidir. Talep formu, \u00f6deme s\u00fcrecinin takibini kolayla\u015ft\u0131ran \u00f6nemli bir belgedir.<\/p>\n<p>Avans, maa\u015ftan mahsup edilece\u011fi i\u00e7in bordro kay\u0131tlar\u0131nda belirtilmelidir. \u0130\u015fverenin finansal raporlar\u0131nda do\u011fru muhasebe kay\u0131tlar\u0131 olu\u015fturmas\u0131 gerekir. Bordro sistemine i\u015flenen tutarlar, hem maa\u015f hesaplamalar\u0131n\u0131 d\u00fczenler hem de herhangi bir kar\u0131\u015f\u0131kl\u0131\u011f\u0131n \u00f6n\u00fcne ge\u00e7er. Bu s\u00fcre\u00e7te maa\u015f bordrosunu d\u00fczenli olarak kontrol etmen faydal\u0131 olabilir.<\/p>\n<p>Geri \u00f6deme yap\u0131ld\u0131\u011f\u0131nda, ilgili muhasebe hesaplar\u0131na i\u015flenmelidir. \u0130\u015fveren, ne kadar miktar geri \u00f6dedi\u011fini muhasebe kay\u0131tlar\u0131na ge\u00e7irerek finansal dengeyi sa\u011flar. \u00d6deme s\u00fcreci tamamland\u0131\u011f\u0131nda, i\u015f\u00e7i ve i\u015fveren aras\u0131ndaki mali ili\u015fki netle\u015fmi\u015f olur. \u00d6demenin geri \u00f6demesi tamamlanana kadar, i\u015fveren s\u00fcreci takip etmeye devam eder.<\/p>\n<p>Bu s\u00fcre\u00e7, i\u015fletmede finans uzman\u0131 olarak \u00e7al\u0131\u015fan ki\u015finin finansal kay\u0131tlar\u0131 d\u00fczenli tutmas\u0131n\u0131 da sa\u011flar. Senin de ald\u0131\u011f\u0131n avans\u0131 zaman\u0131nda geri \u00f6demen ve planlaman\u0131 buna g\u00f6re yapman \u00f6nemlidir. Dilek\u00e7e \u00f6rne\u011fi ve talep formu, i\u015fveren ve \u00e7al\u0131\u015fan aras\u0131nda s\u00fcrecin sa\u011fl\u0131kl\u0131 i\u015flemesi i\u00e7in bir anla\u015fma niteli\u011fi ta\u015f\u0131r.<\/p>\n<h2><strong>Avans faiz oran\u0131 nas\u0131l belirlenir?<\/strong><\/h2>\n<p>Baz\u0131 durumlarda \u00f6demeler firma taraf\u0131ndan faizli olarak geri tahsil edilebilir. Avans faiz oran\u0131, i\u015fverenin belirledi\u011fi \u015fartlara g\u00f6re de\u011fi\u015febilir. \u00c7o\u011fu i\u015f yerinde faizsiz imkan sunulsa da, baz\u0131 i\u015fletmeler belirli bir faiz oran\u0131 uygulayabilir.<\/p>\n<p>Avans faiz oran\u0131, i\u015f s\u00f6zle\u015fmelerinde veya i\u015f yeri y\u00f6netmeliklerinde belirlenmi\u015f olabilir. E\u011fer \u00e7al\u0131\u015ft\u0131\u011f\u0131n yer faizli avans uyguluyorsa, bu oranlar\u0131 \u00f6nceden bilmek senin i\u00e7in avantajl\u0131 olur. Faiz oranlar\u0131, belirli d\u00f6nemlerde de\u011fi\u015fiklik g\u00f6sterebilir ve \u00e7al\u0131\u015fanlar\u0131n bilgilendirilmesi gerekir. Bu y\u00fczden talepte bulunmadan \u00f6nce \u015fartlar\u0131 dikkatlice incelemen faydal\u0131 olur.<\/p>\n<p>\u0130\u015fveren, belirledi\u011fi faiz oran\u0131n\u0131 \u00e7al\u0131\u015fana yaz\u0131l\u0131 olarak bildirmelidir. Avans talep etti\u011finde, i\u015fverenin sana hangi \u015fartlarla \u00f6deme yapaca\u011f\u0131n\u0131 net bir \u015fekilde belirtmesi gerekir. Faiz oranlar\u0131yla ilgili detaylar, i\u015f yerinin finansal politikalar\u0131na g\u00f6re \u015fekillenir. E\u011fer faizli bir sistem uygulan\u0131yorsa, geri \u00f6demen gereken miktar\u0131 \u00f6nceden hesaplaman \u00f6nemlidir.<\/p>\n<p>Faiz oran\u0131, i\u015f\u00e7i ve i\u015fveren aras\u0131nda yap\u0131lan anla\u015fmaya g\u00f6re de\u011fi\u015febilir. \u0130\u015fveren, bazen belirli \u00e7al\u0131\u015fanlar i\u00e7in faiz oranlar\u0131n\u0131 esnetebilir ya da \u00f6zel \u015fartlar sunabilir. Ald\u0131\u011f\u0131n \u00f6demenin geri \u00f6deme s\u00fcresi, uygulanan faiz oran\u0131n\u0131 da etkileyebilir. E\u011fer uzun vadede geri \u00f6deme planlan\u0131yorsa faiz oranlar\u0131 farkl\u0131l\u0131k g\u00f6sterebilir.<\/p>\n<p>Avans sistemi ani nakit ihtiyac\u0131n\u0131 kar\u015f\u0131laman i\u00e7in etkili bir y\u00f6ntemdir. Ancak her \u00e7al\u0131\u015fan\u0131n bu haktan faydalanabilece\u011fi d\u00fc\u015f\u00fcn\u00fclmemelisin. S\u00fcrecin i\u015f s\u00f6zle\u015fmeleri ve i\u015fveren politikalar\u0131 \u00e7er\u00e7evesinde de\u011ferlendirildi\u011fi unutulmamal\u0131s\u0131n.<\/p>\n<!-- templates\/buttons-placeholder.php -->\n<div class=\"da-reactions-outer TpostID21912\">\n\t    <div class=\"da-reactions-data da-reactions-container-async center\"\n         data-type=\"post\"\n         data-id=\"21912\"\n         id=\"da-reactions-slot-post-21912\">\n        <div class=\"da-reactions-static\">\n\t\t\t<img src=\"https:\/\/www.kariyer.net\/kariyer-rehberi\/wp-content\/plugins\/da-reactions\/assets\/dist\/loading.svg\" alt=\"Loading spinner\" width=\"48\" height=\"48\" style=\"width:48px\" \/>\n        <\/div>\n    <\/div>\n<\/div>\n","protected":false},"excerpt":{"rendered":"<p>\u00c7al\u0131\u015fma hayat\u0131nda finansal dengeyi sa\u011flaman bazen zor olabilir. B\u00f6yle anlarda, ge\u00e7ici nakit ihtiyac\u0131n\u0131 kar\u015f\u0131lamak i\u00e7in i\u015fverenden i\u015f\u00e7i avans\u0131 alabilirsin. Bu, maa\u015f g\u00fcn\u00fcnden \u00f6nce yap\u0131lan bir \u00f6n \u00f6deme anlam\u0131na gelir ve ilerleyen d\u00f6nemde maa\u015f\u0131ndan kesilerek tahsil edilir. \u0130\u015fverenin sundu\u011fu bu imkan, maddi a\u00e7\u0131dan rahatlamana yard\u0131mc\u0131 olabilir. \u0130\u015f\u00e7inin avans hakk\u0131, i\u015f s\u00f6zle\u015fmesine ba\u011fl\u0131 olarak de\u011fi\u015febilir. Avans \u00f6deme [&hellip;]<\/p>\n<!-- templates\/buttons-placeholder.php -->\n<div class=\"da-reactions-outer TpostID21912\">\n\t    <div class=\"da-reactions-data da-reactions-container-async center\"\n         data-type=\"post\"\n         data-id=\"21912\"\n         id=\"da-reactions-slot-post-21912\">\n        <div class=\"da-reactions-static\">\n\t\t\t<img src=\"https:\/\/www.kariyer.net\/kariyer-rehberi\/wp-content\/plugins\/da-reactions\/assets\/dist\/loading.svg\" alt=\"Loading spinner\" width=\"48\" height=\"48\" style=\"width:48px\" \/>\n        <\/div>\n    <\/div>\n<\/div>\n","protected":false},"author":12,"featured_media":21913,"comment_status":"closed","ping_status":"open","sticky":false,"template":"","format":"standard","meta":{"footnotes":"","_elementor_edit_mode":"","_elementor_template_type":"","_elementor_data":"","_elementor_page_settings":null,"_elementor_conditions":[]},"categories":[2218],"tags":[],"class_list":{"0":"post-21912","1":"post","2":"type-post","3":"status-publish","4":"format-standard","5":"has-post-thumbnail","7":"category-is-hukuku"},"yoast_head":"<!-- This site is optimized with the Yoast SEO Premium plugin v21.4 (Yoast SEO v27.0) - https:\/\/yoast.com\/product\/yoast-seo-premium-wordpress\/ -->\n<title>Avans nedir? \u0130\u015f\u00e7iye avans vermek zorunlu mu?<\/title>\n<meta name=\"description\" content=\"\u0130\u015f hayat\u0131nda finansal dengeyi sa\u011flaman bazen zor olabilir. B\u00f6yle anlarda, acil nakit ihtiyac\u0131n\u0131 kar\u015f\u0131lamak i\u00e7in i\u015fverenden avans alabilirsin.\" \/>\n<meta name=\"robots\" content=\"index, follow, max-snippet:-1, max-image-preview:large, max-video-preview:-1\" \/>\n<link rel=\"canonical\" href=\"https:\/\/www.kariyer.net\/kariyer-rehberi\/avans-nedir-isciye-avans-vermek-zorunlu-mu\/\" \/>\n<meta property=\"og:locale\" content=\"tr_TR\" \/>\n<meta property=\"og:type\" content=\"article\" \/>\n<meta property=\"og:title\" content=\"Avans nedir? \u0130\u015f\u00e7iye avans vermek zorunlu mu?\" \/>\n<meta property=\"og:description\" content=\"\u00c7al\u0131\u015fma hayat\u0131nda finansal dengeyi sa\u011flaman bazen zor olabilir. B\u00f6yle anlarda, ge\u00e7ici nakit ihtiyac\u0131n\u0131 kar\u015f\u0131lamak i\u00e7in i\u015fverenden i\u015f\u00e7i avans\u0131 alabilirsin.\" \/>\n<meta property=\"og:url\" content=\"https:\/\/www.kariyer.net\/kariyer-rehberi\/avans-nedir-isciye-avans-vermek-zorunlu-mu\/\" \/>\n<meta property=\"og:site_name\" content=\"Kariyer Rehberi\" \/>\n<meta property=\"article:published_time\" content=\"2025-03-12T13:10:24+00:00\" \/>\n<meta property=\"article:modified_time\" content=\"2025-03-12T13:11:22+00:00\" \/>\n<meta property=\"og:image\" content=\"https:\/\/www.kariyer.net\/kariyer-rehberi\/wp-content\/uploads\/2025\/03\/avans_almak.jpg\" \/>\n\t<meta property=\"og:image:width\" content=\"900\" \/>\n\t<meta property=\"og:image:height\" content=\"600\" \/>\n\t<meta property=\"og:image:type\" content=\"image\/jpeg\" \/>\n<meta name=\"author\" content=\"Edit\u00f6r\" \/>\n<meta name=\"twitter:card\" content=\"summary_large_image\" \/>\n<meta name=\"twitter:label1\" content=\"Yazan:\" \/>\n\t<meta name=\"twitter:data1\" content=\"Edit\u00f6r\" \/>\n\t<meta name=\"twitter:label2\" content=\"Tahmini okuma s\u00fcresi\" \/>\n\t<meta name=\"twitter:data2\" content=\"5 dakika\" \/>\n<!-- \/ Yoast SEO Premium plugin. -->","yoast_head_json":{"title":"Avans nedir? \u0130\u015f\u00e7iye avans vermek zorunlu mu?","description":"\u0130\u015f hayat\u0131nda finansal dengeyi sa\u011flaman bazen zor olabilir. B\u00f6yle anlarda, acil nakit ihtiyac\u0131n\u0131 kar\u015f\u0131lamak i\u00e7in i\u015fverenden avans alabilirsin.","robots":{"index":"index","follow":"follow","max-snippet":"max-snippet:-1","max-image-preview":"max-image-preview:large","max-video-preview":"max-video-preview:-1"},"canonical":"https:\/\/www.kariyer.net\/kariyer-rehberi\/avans-nedir-isciye-avans-vermek-zorunlu-mu\/","og_locale":"tr_TR","og_type":"article","og_title":"Avans nedir? \u0130\u015f\u00e7iye avans vermek zorunlu mu?","og_description":"\u00c7al\u0131\u015fma hayat\u0131nda finansal dengeyi sa\u011flaman bazen zor olabilir. B\u00f6yle anlarda, ge\u00e7ici nakit ihtiyac\u0131n\u0131 kar\u015f\u0131lamak i\u00e7in i\u015fverenden i\u015f\u00e7i avans\u0131 alabilirsin.","og_url":"https:\/\/www.kariyer.net\/kariyer-rehberi\/avans-nedir-isciye-avans-vermek-zorunlu-mu\/","og_site_name":"Kariyer Rehberi","article_published_time":"2025-03-12T13:10:24+00:00","article_modified_time":"2025-03-12T13:11:22+00:00","og_image":[{"width":900,"height":600,"url":"https:\/\/www.kariyer.net\/kariyer-rehberi\/wp-content\/uploads\/2025\/03\/avans_almak.jpg","type":"image\/jpeg"}],"author":"Edit\u00f6r","twitter_card":"summary_large_image","twitter_misc":{"Yazan:":"Edit\u00f6r","Tahmini okuma s\u00fcresi":"5 dakika"},"schema":{"@context":"https:\/\/schema.org","@graph":[{"@type":"Article","@id":"https:\/\/www.kariyer.net\/kariyer-rehberi\/avans-nedir-isciye-avans-vermek-zorunlu-mu\/#article","isPartOf":{"@id":"https:\/\/www.kariyer.net\/kariyer-rehberi\/avans-nedir-isciye-avans-vermek-zorunlu-mu\/"},"author":{"name":"Edit\u00f6r","@id":"https:\/\/www.kariyer.net\/kariyer-rehberi\/#\/schema\/person\/94fd6e49c7ff1b1b2565a2cc4fd685dd"},"headline":"Avans nedir? \u0130\u015f\u00e7iye avans vermek zorunlu mu?","datePublished":"2025-03-12T13:10:24+00:00","dateModified":"2025-03-12T13:11:22+00:00","mainEntityOfPage":{"@id":"https:\/\/www.kariyer.net\/kariyer-rehberi\/avans-nedir-isciye-avans-vermek-zorunlu-mu\/"},"wordCount":1093,"publisher":{"@id":"https:\/\/www.kariyer.net\/kariyer-rehberi\/#organization"},"image":{"@id":"https:\/\/www.kariyer.net\/kariyer-rehberi\/avans-nedir-isciye-avans-vermek-zorunlu-mu\/#primaryimage"},"thumbnailUrl":"https:\/\/www.kariyer.net\/kariyer-rehberi\/wp-content\/uploads\/2025\/03\/avans_almak.jpg","articleSection":["\u0130\u015f Hukuku"],"inLanguage":"tr"},{"@type":"WebPage","@id":"https:\/\/www.kariyer.net\/kariyer-rehberi\/avans-nedir-isciye-avans-vermek-zorunlu-mu\/","url":"https:\/\/www.kariyer.net\/kariyer-rehberi\/avans-nedir-isciye-avans-vermek-zorunlu-mu\/","name":"Avans nedir? \u0130\u015f\u00e7iye avans vermek zorunlu mu?","isPartOf":{"@id":"https:\/\/www.kariyer.net\/kariyer-rehberi\/#website"},"primaryImageOfPage":{"@id":"https:\/\/www.kariyer.net\/kariyer-rehberi\/avans-nedir-isciye-avans-vermek-zorunlu-mu\/#primaryimage"},"image":{"@id":"https:\/\/www.kariyer.net\/kariyer-rehberi\/avans-nedir-isciye-avans-vermek-zorunlu-mu\/#primaryimage"},"thumbnailUrl":"https:\/\/www.kariyer.net\/kariyer-rehberi\/wp-content\/uploads\/2025\/03\/avans_almak.jpg","datePublished":"2025-03-12T13:10:24+00:00","dateModified":"2025-03-12T13:11:22+00:00","description":"\u0130\u015f hayat\u0131nda finansal dengeyi sa\u011flaman bazen zor olabilir. B\u00f6yle anlarda, acil nakit ihtiyac\u0131n\u0131 kar\u015f\u0131lamak i\u00e7in i\u015fverenden avans alabilirsin.","breadcrumb":{"@id":"https:\/\/www.kariyer.net\/kariyer-rehberi\/avans-nedir-isciye-avans-vermek-zorunlu-mu\/#breadcrumb"},"inLanguage":"tr","potentialAction":[{"@type":"ReadAction","target":["https:\/\/www.kariyer.net\/kariyer-rehberi\/avans-nedir-isciye-avans-vermek-zorunlu-mu\/"]}]},{"@type":"ImageObject","inLanguage":"tr","@id":"https:\/\/www.kariyer.net\/kariyer-rehberi\/avans-nedir-isciye-avans-vermek-zorunlu-mu\/#primaryimage","url":"https:\/\/www.kariyer.net\/kariyer-rehberi\/wp-content\/uploads\/2025\/03\/avans_almak.jpg","contentUrl":"https:\/\/www.kariyer.net\/kariyer-rehberi\/wp-content\/uploads\/2025\/03\/avans_almak.jpg","width":900,"height":600},{"@type":"BreadcrumbList","@id":"https:\/\/www.kariyer.net\/kariyer-rehberi\/avans-nedir-isciye-avans-vermek-zorunlu-mu\/#breadcrumb","itemListElement":[{"@type":"ListItem","position":1,"name":"Anasayfa","item":"https:\/\/www.kariyer.net\/kariyer-rehberi\/"},{"@type":"ListItem","position":2,"name":"Avans nedir? \u0130\u015f\u00e7iye avans vermek zorunlu mu?"}]},{"@type":"WebSite","@id":"https:\/\/www.kariyer.net\/kariyer-rehberi\/#website","url":"https:\/\/www.kariyer.net\/kariyer-rehberi\/","name":"Kariyer Rehberi","description":"\u0130\u015f D\u00fcnyas\u0131yla \u0130lgili Bilmek \u0130stedi\u011finiz Her \u015eey","publisher":{"@id":"https:\/\/www.kariyer.net\/kariyer-rehberi\/#organization"},"potentialAction":[{"@type":"SearchAction","target":{"@type":"EntryPoint","urlTemplate":"https:\/\/www.kariyer.net\/kariyer-rehberi\/?s={search_term_string}"},"query-input":{"@type":"PropertyValueSpecification","valueRequired":true,"valueName":"search_term_string"}}],"inLanguage":"tr"},{"@type":"Organization","@id":"https:\/\/www.kariyer.net\/kariyer-rehberi\/#organization","name":"Kariyer.net","url":"https:\/\/www.kariyer.net\/kariyer-rehberi\/","logo":{"@type":"ImageObject","inLanguage":"tr","@id":"https:\/\/www.kariyer.net\/kariyer-rehberi\/#\/schema\/logo\/image\/","url":"https:\/\/www.kariyer.net\/kariyer-rehberi-new\/wp-content\/uploads\/2023\/01\/og-image11.jpg","contentUrl":"https:\/\/www.kariyer.net\/kariyer-rehberi-new\/wp-content\/uploads\/2023\/01\/og-image11.jpg","width":800,"height":800,"caption":"Kariyer.net"},"image":{"@id":"https:\/\/www.kariyer.net\/kariyer-rehberi\/#\/schema\/logo\/image\/"}},{"@type":"Person","@id":"https:\/\/www.kariyer.net\/kariyer-rehberi\/#\/schema\/person\/94fd6e49c7ff1b1b2565a2cc4fd685dd","name":"Edit\u00f6r","image":{"@type":"ImageObject","inLanguage":"tr","@id":"https:\/\/www.kariyer.net\/kariyer-rehberi\/#\/schema\/person\/image\/","url":"https:\/\/secure.gravatar.com\/avatar\/0c4fe6688343aed3693b15573beae12c08ace5565409d5ab7509bf9c115f458d?s=96&d=mm&r=g","contentUrl":"https:\/\/secure.gravatar.com\/avatar\/0c4fe6688343aed3693b15573beae12c08ace5565409d5ab7509bf9c115f458d?s=96&d=mm&r=g","caption":"Edit\u00f6r"},"url":"https:\/\/www.kariyer.net\/kariyer-rehberi\/author\/editor\/"}]}},"_links":{"self":[{"href":"https:\/\/www.kariyer.net\/kariyer-rehberi\/wp-json\/wp\/v2\/posts\/21912","targetHints":{"allow":["GET"]}}],"collection":[{"href":"https:\/\/www.kariyer.net\/kariyer-rehberi\/wp-json\/wp\/v2\/posts"}],"about":[{"href":"https:\/\/www.kariyer.net\/kariyer-rehberi\/wp-json\/wp\/v2\/types\/post"}],"author":[{"embeddable":true,"href":"https:\/\/www.kariyer.net\/kariyer-rehberi\/wp-json\/wp\/v2\/users\/12"}],"replies":[{"embeddable":true,"href":"https:\/\/www.kariyer.net\/kariyer-rehberi\/wp-json\/wp\/v2\/comments?post=21912"}],"version-history":[{"count":1,"href":"https:\/\/www.kariyer.net\/kariyer-rehberi\/wp-json\/wp\/v2\/posts\/21912\/revisions"}],"predecessor-version":[{"id":21914,"href":"https:\/\/www.kariyer.net\/kariyer-rehberi\/wp-json\/wp\/v2\/posts\/21912\/revisions\/21914"}],"wp:featuredmedia":[{"embeddable":true,"href":"https:\/\/www.kariyer.net\/kariyer-rehberi\/wp-json\/wp\/v2\/media\/21913"}],"wp:attachment":[{"href":"https:\/\/www.kariyer.net\/kariyer-rehberi\/wp-json\/wp\/v2\/media?parent=21912"}],"wp:term":[{"taxonomy":"category","embeddable":true,"href":"https:\/\/www.kariyer.net\/kariyer-rehberi\/wp-json\/wp\/v2\/categories?post=21912"},{"taxonomy":"post_tag","embeddable":true,"href":"https:\/\/www.kariyer.net\/kariyer-rehberi\/wp-json\/wp\/v2\/tags?post=21912"}],"curies":[{"name":"wp","href":"https:\/\/api.w.org\/{rel}","templated":true}]}}