{"id":21927,"date":"2025-03-13T07:46:32","date_gmt":"2025-03-13T04:46:32","guid":{"rendered":"https:\/\/www.kariyer.net\/kariyer-rehberi\/?p=21927"},"modified":"2025-03-14T10:50:49","modified_gmt":"2025-03-14T07:50:49","slug":"2025-ales-1-sinavi-13-nisanda-yapilacak","status":"publish","type":"post","link":"https:\/\/www.kariyer.net\/kariyer-rehberi\/2025-ales-1-sinavi-13-nisanda-yapilacak\/","title":{"rendered":"2025 ALES\/1 s\u0131nav\u0131 13 Nisan&#8217;da yap\u0131lacak!"},"content":{"rendered":"<p data-start=\"86\" data-end=\"305\"><strong>2025 Akademik Personel ve Lisans\u00fcst\u00fc E\u011fitimi Giri\u015f S\u0131nav\u0131&#8217;n\u0131n (ALES) ilk oturumu bu y\u0131l 13 Nisan&#8217;da yap\u0131lacak. S\u0131nav sonu\u00e7lar\u0131n\u0131n ise 2 May\u0131s 2025&#8217;te a\u00e7\u0131klanmas\u0131 planlan\u0131yor.<\/strong><\/p>\n<p data-pm-slice=\"1 1 []\">Akademik kariyer hedefleyenler i\u00e7in \u00f6nemli bir ad\u0131m olan Akademik Personel ve Lisans\u00fcst\u00fc E\u011fitimi Giri\u015f S\u0131nav\u0131&#8217;n\u0131n (ALES) 2025 y\u0131l\u0131 ilk oturumu, 13 Nisan&#8217;da saat 10.15&#8217;te yap\u0131lacak. Y\u00fcksek lisans ve doktora programlar\u0131na ba\u015fvuracak adaylar i\u00e7in kritik bir s\u0131nav olan ALES, ayn\u0131 zamanda akademik kadro ba\u015fvurular\u0131nda da dikkate al\u0131n\u0131yor.<\/p>\n<h2 data-start=\"752\" data-end=\"780\"><strong data-start=\"752\" data-end=\"780\">S\u0131nav g\u00fcn\u00fc i\u00e7in \u00f6neriler<\/strong><\/h2>\n<p>ALES, say\u0131sal ve s\u00f6zel b\u00f6l\u00fcmlerden olu\u015fan toplam 100 soruluk bir s\u0131nav ve adaylara 150 dakika s\u00fcre tan\u0131n\u0131yor.<\/p>\n<ul data-start=\"782\" data-end=\"1138\">\n<li data-start=\"782\" data-end=\"921\">\n<p data-start=\"784\" data-end=\"921\"><strong data-start=\"784\" data-end=\"807\">S\u0131nav giri\u015f belgesi<\/strong>: Adaylar\u0131n, s\u0131nav giri\u015f belgelerini \u00d6SYM&#8217;nin resmi sitesinden s\u0131nav tarihinden \u00f6nce temin etmeleri gerekiyor.<\/p>\n<\/li>\n<li data-start=\"923\" data-end=\"1022\">\n<p data-start=\"925\" data-end=\"1022\"><strong data-start=\"925\" data-end=\"945\">Kimlik belgeleri<\/strong>: Ge\u00e7erli bir kimlik belgesi (n\u00fcfus c\u00fczdan\u0131 veya pasaport) bulundurulmal\u0131.<\/p>\n<\/li>\n<li data-start=\"1024\" data-end=\"1138\">\n<p data-start=\"1026\" data-end=\"1138\"><strong data-start=\"1026\" data-end=\"1045\">S\u0131nav kurallar\u0131<\/strong>: Yasakl\u0131 materyallerin bulundurulmamas\u0131 \u00f6nemli.<\/p>\n<\/li>\n<\/ul>\n<p data-start=\"1140\" data-end=\"1467\">ALES, y\u00fcksek lisans ve doktora programlar\u0131na ba\u015fvuracak adaylar i\u00e7in \u00f6nemli bir a\u015fama. Ayr\u0131ca, akademik kadro ba\u015fvurular\u0131nda da ALES puan\u0131 kullan\u0131l\u0131yor. Bu nedenle, adaylar\u0131n s\u0131nava haz\u0131rl\u0131k s\u00fcre\u00e7lerini titizlikle planlamalar\u0131 ve s\u0131nav g\u00fcn\u00fc gerekli belgeleri eksiksiz olarak yanlar\u0131nda bulundurmalar\u0131 \u00f6nem ta\u015f\u0131yor.<\/p>\n<p data-start=\"1140\" data-end=\"1467\">ALES hakk\u0131nda daha detayl\u0131 bilgi almak istersen <strong><a href=\"https:\/\/www.kariyer.net\/kariyer-rehberi\/ales-hakkinda-her-sey-konular-soru-dagilimi-ve-dahasi-bu-yazimizda\/\" target=\"_blank\" rel=\"noopener\">&#8220;ALES hakk\u0131nda her \u015fey!&#8221; <\/a><\/strong>yaz\u0131m\u0131z\u0131 okuyabilirsiniz<\/p>\n<!-- templates\/buttons-placeholder.php -->\n<div class=\"da-reactions-outer TpostID21927\">\n\t    <div class=\"da-reactions-data da-reactions-container-async center\"\n         data-type=\"post\"\n         data-id=\"21927\"\n         id=\"da-reactions-slot-post-21927\">\n        <div class=\"da-reactions-static\">\n\t\t\t<img src=\"https:\/\/www.kariyer.net\/kariyer-rehberi\/wp-content\/plugins\/da-reactions\/assets\/dist\/loading.svg\" alt=\"Loading spinner\" width=\"48\" height=\"48\" style=\"width:48px\" \/>\n        <\/div>\n    <\/div>\n<\/div>\n","protected":false},"excerpt":{"rendered":"<p>2025 Akademik Personel ve Lisans\u00fcst\u00fc E\u011fitimi Giri\u015f S\u0131nav\u0131&#8217;n\u0131n (ALES) ilk oturumu bu y\u0131l 13 Nisan&#8217;da yap\u0131lacak. S\u0131nav sonu\u00e7lar\u0131n\u0131n ise 2 May\u0131s 2025&#8217;te a\u00e7\u0131klanmas\u0131 planlan\u0131yor. Akademik kariyer hedefleyenler i\u00e7in \u00f6nemli bir ad\u0131m olan Akademik Personel ve Lisans\u00fcst\u00fc E\u011fitimi Giri\u015f S\u0131nav\u0131&#8217;n\u0131n (ALES) 2025 y\u0131l\u0131 ilk oturumu, 13 Nisan&#8217;da saat 10.15&#8217;te yap\u0131lacak. Y\u00fcksek lisans ve doktora programlar\u0131na ba\u015fvuracak [&hellip;]<\/p>\n<!-- templates\/buttons-placeholder.php -->\n<div class=\"da-reactions-outer TpostID21927\">\n\t    <div class=\"da-reactions-data da-reactions-container-async center\"\n         data-type=\"post\"\n         data-id=\"21927\"\n         id=\"da-reactions-slot-post-21927\">\n        <div class=\"da-reactions-static\">\n\t\t\t<img src=\"https:\/\/www.kariyer.net\/kariyer-rehberi\/wp-content\/plugins\/da-reactions\/assets\/dist\/loading.svg\" alt=\"Loading spinner\" width=\"48\" height=\"48\" style=\"width:48px\" \/>\n        <\/div>\n    <\/div>\n<\/div>\n","protected":false},"author":12,"featured_media":21928,"comment_status":"closed","ping_status":"open","sticky":false,"template":"","format":"standard","meta":{"footnotes":"","_elementor_edit_mode":"","_elementor_template_type":"","_elementor_data":"","_elementor_page_settings":null,"_elementor_conditions":[]},"categories":[2203],"tags":[],"class_list":{"0":"post-21927","1":"post","2":"type-post","3":"status-publish","4":"format-standard","5":"has-post-thumbnail","7":"category-haberler-duyurular"},"yoast_head":"<!-- This site is optimized with the Yoast SEO Premium plugin v21.4 (Yoast SEO v27.0) - https:\/\/yoast.com\/product\/yoast-seo-premium-wordpress\/ -->\n<title>2025 ALES\/1 s\u0131nav\u0131 13 Nisan&#039;da yap\u0131lacak!<\/title>\n<meta name=\"description\" content=\"2025 ALES&#039;in ilk oturumu bu y\u0131l 13 Nisan&#039;da yap\u0131lacak. S\u0131nav sonu\u00e7lar\u0131n\u0131n ise 2 May\u0131s 2025&#039;te a\u00e7\u0131klanmas\u0131 planlan\u0131yor.\" \/>\n<meta name=\"robots\" content=\"index, follow, max-snippet:-1, max-image-preview:large, max-video-preview:-1\" \/>\n<link rel=\"canonical\" href=\"https:\/\/www.kariyer.net\/kariyer-rehberi\/2025-ales-1-sinavi-13-nisanda-yapilacak\/\" \/>\n<meta property=\"og:locale\" content=\"tr_TR\" \/>\n<meta property=\"og:type\" content=\"article\" \/>\n<meta property=\"og:title\" content=\"2025 ALES\/1 s\u0131nav\u0131 13 Nisan&#039;da yap\u0131lacak!\" \/>\n<meta property=\"og:description\" content=\"2025 Akademik Personel ve Lisans\u00fcst\u00fc E\u011fitimi Giri\u015f S\u0131nav\u0131&#039;n\u0131n (ALES) ilk oturumu bu y\u0131l 13 Nisan&#039;da yap\u0131lacak. S\u0131nav sonu\u00e7lar\u0131n\u0131n ise 2 May\u0131s 2025&#039;te\" \/>\n<meta property=\"og:url\" content=\"https:\/\/www.kariyer.net\/kariyer-rehberi\/2025-ales-1-sinavi-13-nisanda-yapilacak\/\" \/>\n<meta property=\"og:site_name\" content=\"Kariyer Rehberi\" \/>\n<meta property=\"article:published_time\" content=\"2025-03-13T04:46:32+00:00\" \/>\n<meta property=\"article:modified_time\" content=\"2025-03-14T07:50:49+00:00\" \/>\n<meta property=\"og:image\" content=\"https:\/\/www.kariyer.net\/kariyer-rehberi\/wp-content\/uploads\/2025\/03\/2025_ales.jpg\" \/>\n\t<meta property=\"og:image:width\" content=\"900\" \/>\n\t<meta property=\"og:image:height\" content=\"600\" \/>\n\t<meta property=\"og:image:type\" content=\"image\/jpeg\" \/>\n<meta name=\"author\" content=\"Edit\u00f6r\" \/>\n<meta name=\"twitter:card\" content=\"summary_large_image\" \/>\n<meta name=\"twitter:label1\" content=\"Yazan:\" \/>\n\t<meta name=\"twitter:data1\" content=\"Edit\u00f6r\" \/>\n\t<meta name=\"twitter:label2\" content=\"Tahmini okuma s\u00fcresi\" \/>\n\t<meta name=\"twitter:data2\" content=\"2 dakika\" \/>\n<!-- \/ Yoast SEO Premium plugin. -->","yoast_head_json":{"title":"2025 ALES\/1 s\u0131nav\u0131 13 Nisan'da yap\u0131lacak!","description":"2025 ALES'in ilk oturumu bu y\u0131l 13 Nisan'da yap\u0131lacak. S\u0131nav sonu\u00e7lar\u0131n\u0131n ise 2 May\u0131s 2025'te a\u00e7\u0131klanmas\u0131 planlan\u0131yor.","robots":{"index":"index","follow":"follow","max-snippet":"max-snippet:-1","max-image-preview":"max-image-preview:large","max-video-preview":"max-video-preview:-1"},"canonical":"https:\/\/www.kariyer.net\/kariyer-rehberi\/2025-ales-1-sinavi-13-nisanda-yapilacak\/","og_locale":"tr_TR","og_type":"article","og_title":"2025 ALES\/1 s\u0131nav\u0131 13 Nisan'da yap\u0131lacak!","og_description":"2025 Akademik Personel ve Lisans\u00fcst\u00fc E\u011fitimi Giri\u015f S\u0131nav\u0131'n\u0131n (ALES) ilk oturumu bu y\u0131l 13 Nisan'da yap\u0131lacak. S\u0131nav sonu\u00e7lar\u0131n\u0131n ise 2 May\u0131s 2025'te","og_url":"https:\/\/www.kariyer.net\/kariyer-rehberi\/2025-ales-1-sinavi-13-nisanda-yapilacak\/","og_site_name":"Kariyer Rehberi","article_published_time":"2025-03-13T04:46:32+00:00","article_modified_time":"2025-03-14T07:50:49+00:00","og_image":[{"width":900,"height":600,"url":"https:\/\/www.kariyer.net\/kariyer-rehberi\/wp-content\/uploads\/2025\/03\/2025_ales.jpg","type":"image\/jpeg"}],"author":"Edit\u00f6r","twitter_card":"summary_large_image","twitter_misc":{"Yazan:":"Edit\u00f6r","Tahmini okuma s\u00fcresi":"2 dakika"},"schema":{"@context":"https:\/\/schema.org","@graph":[{"@type":"Article","@id":"https:\/\/www.kariyer.net\/kariyer-rehberi\/2025-ales-1-sinavi-13-nisanda-yapilacak\/#article","isPartOf":{"@id":"https:\/\/www.kariyer.net\/kariyer-rehberi\/2025-ales-1-sinavi-13-nisanda-yapilacak\/"},"author":{"name":"Edit\u00f6r","@id":"https:\/\/www.kariyer.net\/kariyer-rehberi\/#\/schema\/person\/94fd6e49c7ff1b1b2565a2cc4fd685dd"},"headline":"2025 ALES\/1 s\u0131nav\u0131 13 Nisan&#8217;da yap\u0131lacak!","datePublished":"2025-03-13T04:46:32+00:00","dateModified":"2025-03-14T07:50:49+00:00","mainEntityOfPage":{"@id":"https:\/\/www.kariyer.net\/kariyer-rehberi\/2025-ales-1-sinavi-13-nisanda-yapilacak\/"},"wordCount":255,"publisher":{"@id":"https:\/\/www.kariyer.net\/kariyer-rehberi\/#organization"},"image":{"@id":"https:\/\/www.kariyer.net\/kariyer-rehberi\/2025-ales-1-sinavi-13-nisanda-yapilacak\/#primaryimage"},"thumbnailUrl":"https:\/\/www.kariyer.net\/kariyer-rehberi\/wp-content\/uploads\/2025\/03\/2025_ales.jpg","articleSection":["Haberler ve Duyurular"],"inLanguage":"tr"},{"@type":"WebPage","@id":"https:\/\/www.kariyer.net\/kariyer-rehberi\/2025-ales-1-sinavi-13-nisanda-yapilacak\/","url":"https:\/\/www.kariyer.net\/kariyer-rehberi\/2025-ales-1-sinavi-13-nisanda-yapilacak\/","name":"2025 ALES\/1 s\u0131nav\u0131 13 Nisan'da yap\u0131lacak!","isPartOf":{"@id":"https:\/\/www.kariyer.net\/kariyer-rehberi\/#website"},"primaryImageOfPage":{"@id":"https:\/\/www.kariyer.net\/kariyer-rehberi\/2025-ales-1-sinavi-13-nisanda-yapilacak\/#primaryimage"},"image":{"@id":"https:\/\/www.kariyer.net\/kariyer-rehberi\/2025-ales-1-sinavi-13-nisanda-yapilacak\/#primaryimage"},"thumbnailUrl":"https:\/\/www.kariyer.net\/kariyer-rehberi\/wp-content\/uploads\/2025\/03\/2025_ales.jpg","datePublished":"2025-03-13T04:46:32+00:00","dateModified":"2025-03-14T07:50:49+00:00","description":"2025 ALES'in ilk oturumu bu y\u0131l 13 Nisan'da yap\u0131lacak. S\u0131nav sonu\u00e7lar\u0131n\u0131n ise 2 May\u0131s 2025'te a\u00e7\u0131klanmas\u0131 planlan\u0131yor.","breadcrumb":{"@id":"https:\/\/www.kariyer.net\/kariyer-rehberi\/2025-ales-1-sinavi-13-nisanda-yapilacak\/#breadcrumb"},"inLanguage":"tr","potentialAction":[{"@type":"ReadAction","target":["https:\/\/www.kariyer.net\/kariyer-rehberi\/2025-ales-1-sinavi-13-nisanda-yapilacak\/"]}]},{"@type":"ImageObject","inLanguage":"tr","@id":"https:\/\/www.kariyer.net\/kariyer-rehberi\/2025-ales-1-sinavi-13-nisanda-yapilacak\/#primaryimage","url":"https:\/\/www.kariyer.net\/kariyer-rehberi\/wp-content\/uploads\/2025\/03\/2025_ales.jpg","contentUrl":"https:\/\/www.kariyer.net\/kariyer-rehberi\/wp-content\/uploads\/2025\/03\/2025_ales.jpg","width":900,"height":600},{"@type":"BreadcrumbList","@id":"https:\/\/www.kariyer.net\/kariyer-rehberi\/2025-ales-1-sinavi-13-nisanda-yapilacak\/#breadcrumb","itemListElement":[{"@type":"ListItem","position":1,"name":"Anasayfa","item":"https:\/\/www.kariyer.net\/kariyer-rehberi\/"},{"@type":"ListItem","position":2,"name":"2025 ALES\/1 s\u0131nav\u0131 13 Nisan&#8217;da yap\u0131lacak!"}]},{"@type":"WebSite","@id":"https:\/\/www.kariyer.net\/kariyer-rehberi\/#website","url":"https:\/\/www.kariyer.net\/kariyer-rehberi\/","name":"Kariyer Rehberi","description":"\u0130\u015f D\u00fcnyas\u0131yla \u0130lgili Bilmek \u0130stedi\u011finiz Her \u015eey","publisher":{"@id":"https:\/\/www.kariyer.net\/kariyer-rehberi\/#organization"},"potentialAction":[{"@type":"SearchAction","target":{"@type":"EntryPoint","urlTemplate":"https:\/\/www.kariyer.net\/kariyer-rehberi\/?s={search_term_string}"},"query-input":{"@type":"PropertyValueSpecification","valueRequired":true,"valueName":"search_term_string"}}],"inLanguage":"tr"},{"@type":"Organization","@id":"https:\/\/www.kariyer.net\/kariyer-rehberi\/#organization","name":"Kariyer.net","url":"https:\/\/www.kariyer.net\/kariyer-rehberi\/","logo":{"@type":"ImageObject","inLanguage":"tr","@id":"https:\/\/www.kariyer.net\/kariyer-rehberi\/#\/schema\/logo\/image\/","url":"https:\/\/www.kariyer.net\/kariyer-rehberi-new\/wp-content\/uploads\/2023\/01\/og-image11.jpg","contentUrl":"https:\/\/www.kariyer.net\/kariyer-rehberi-new\/wp-content\/uploads\/2023\/01\/og-image11.jpg","width":800,"height":800,"caption":"Kariyer.net"},"image":{"@id":"https:\/\/www.kariyer.net\/kariyer-rehberi\/#\/schema\/logo\/image\/"}},{"@type":"Person","@id":"https:\/\/www.kariyer.net\/kariyer-rehberi\/#\/schema\/person\/94fd6e49c7ff1b1b2565a2cc4fd685dd","name":"Edit\u00f6r","image":{"@type":"ImageObject","inLanguage":"tr","@id":"https:\/\/www.kariyer.net\/kariyer-rehberi\/#\/schema\/person\/image\/","url":"https:\/\/secure.gravatar.com\/avatar\/0c4fe6688343aed3693b15573beae12c08ace5565409d5ab7509bf9c115f458d?s=96&d=mm&r=g","contentUrl":"https:\/\/secure.gravatar.com\/avatar\/0c4fe6688343aed3693b15573beae12c08ace5565409d5ab7509bf9c115f458d?s=96&d=mm&r=g","caption":"Edit\u00f6r"},"url":"https:\/\/www.kariyer.net\/kariyer-rehberi\/author\/editor\/"}]}},"_links":{"self":[{"href":"https:\/\/www.kariyer.net\/kariyer-rehberi\/wp-json\/wp\/v2\/posts\/21927","targetHints":{"allow":["GET"]}}],"collection":[{"href":"https:\/\/www.kariyer.net\/kariyer-rehberi\/wp-json\/wp\/v2\/posts"}],"about":[{"href":"https:\/\/www.kariyer.net\/kariyer-rehberi\/wp-json\/wp\/v2\/types\/post"}],"author":[{"embeddable":true,"href":"https:\/\/www.kariyer.net\/kariyer-rehberi\/wp-json\/wp\/v2\/users\/12"}],"replies":[{"embeddable":true,"href":"https:\/\/www.kariyer.net\/kariyer-rehberi\/wp-json\/wp\/v2\/comments?post=21927"}],"version-history":[{"count":3,"href":"https:\/\/www.kariyer.net\/kariyer-rehberi\/wp-json\/wp\/v2\/posts\/21927\/revisions"}],"predecessor-version":[{"id":21931,"href":"https:\/\/www.kariyer.net\/kariyer-rehberi\/wp-json\/wp\/v2\/posts\/21927\/revisions\/21931"}],"wp:featuredmedia":[{"embeddable":true,"href":"https:\/\/www.kariyer.net\/kariyer-rehberi\/wp-json\/wp\/v2\/media\/21928"}],"wp:attachment":[{"href":"https:\/\/www.kariyer.net\/kariyer-rehberi\/wp-json\/wp\/v2\/media?parent=21927"}],"wp:term":[{"taxonomy":"category","embeddable":true,"href":"https:\/\/www.kariyer.net\/kariyer-rehberi\/wp-json\/wp\/v2\/categories?post=21927"},{"taxonomy":"post_tag","embeddable":true,"href":"https:\/\/www.kariyer.net\/kariyer-rehberi\/wp-json\/wp\/v2\/tags?post=21927"}],"curies":[{"name":"wp","href":"https:\/\/api.w.org\/{rel}","templated":true}]}}