{"id":21947,"date":"2025-04-02T09:36:49","date_gmt":"2025-04-02T06:36:49","guid":{"rendered":"https:\/\/www.kariyer.net\/kariyer-rehberi\/?p=21947"},"modified":"2025-04-02T16:04:47","modified_gmt":"2025-04-02T13:04:47","slug":"degerini-ortaya-cikarmanin-profesyonel-9-yolu","status":"publish","type":"post","link":"https:\/\/www.kariyer.net\/kariyer-rehberi\/degerini-ortaya-cikarmanin-profesyonel-9-yolu\/","title":{"rendered":"De\u011ferini ortaya \u00e7\u0131karman\u0131n profesyonel 9 yolu"},"content":{"rendered":"<p><strong>&#8220;\u015eirketimde de\u011ferim bilinmedi&#8221; diyor musun? &#8220;\u00c7ok \u015fey ba\u015far\u0131yorum, ama kimse fark\u0131nda de\u011fil&#8221; dedi\u011fin oluyor mu? Bu gibi durumlar motivasyonunu d\u00fc\u015f\u00fcr\u00fcrken, potansiyelinin ortaya \u00e7\u0131kmas\u0131n\u0131 da geciktirebilir. Baz\u0131 durumlarda \u201c\u00e7ekimser\u201d davran\u0131rsan, sonras\u0131nda \u00fcz\u00fclebilirsin. Peki, kendi de\u011ferini ortaya \u00e7\u0131karman\u0131n profesyonel yollar\u0131 neler?<\/strong><\/p>\n<h2><strong>\u0130fadelerin dolayl\u0131 de\u011fil do\u011frudan olsun!<\/strong><\/h2>\n<p>Bir konuyu dile getirirken, bir iste\u011fini ifade ederken ne kadar do\u011frudan ve net oldu\u011fun de\u011ferlidir, fark yarat\u0131r.<\/p>\n<ul>\n<li>\u201cUmuyorum\u201d kelimesini \u201c\u2026.. istiyorum\u201d ile de\u011fi\u015ftir,<\/li>\n<li>Terfi veya bir kaynak talebinde spesifik ol,<\/li>\n<li>Bir iste\u011fin ard\u0131ndan \u201cBunu ger\u00e7ekle\u015ftirmek i\u00e7in neler yapmam gerekiyor?\u201d diye sor.<\/li>\n<\/ul>\n<h2><strong>Bir \u201cba\u015far\u0131\u201d kayd\u0131 tut!<\/strong><\/h2>\n<p>Kendi ba\u015far\u0131lar\u0131n\u0131, olumlu geri beslemelerini, hafta hafta olumlu ad\u0131mlar\u0131n\u0131n kayd\u0131n\u0131 tut. Bu dok\u00fcman\u0131 ve i\u00e7eri\u011fini 1:1 toplant\u0131larda kullan.<\/p>\n<ul>\n<li>Haftal\u0131k ba\u015far\u0131lar\u0131n\u0131 &amp; hedeflerini takip edebilece\u011fin bir sistem yarat (Benim zaman y\u00f6netimi e\u011fitimimde<br \/>\nkulland\u0131\u011f\u0131m dok\u00fcman\u0131 isterseniz, bana ula\u015f\u0131n)<\/li>\n<li>Hedefler, rakamlar, metrikler, \u00f6nemli projeler, m\u00fc\u015fteri yorumlar\u0131n\u0131 bu dok\u00fcmana ekle.<\/li>\n<\/ul>\n<h2><strong>Duygularla de\u011fil rakamlarla konu\u015f!<\/strong><\/h2>\n<p>Gri ifadeler, belirsiz s\u00f6ylemler \u015firkete katt\u0131\u011f\u0131n de\u011feri kar\u015f\u0131ya iletmek i\u00e7in yeterli olmaz.<\/p>\n<ul>\n<li>\u201cSan\u0131r\u0131m iyi gidiyorum\u201d gibi ifadelerden ka\u00e7\u0131n,<\/li>\n<li>Verileri, rakamlar\u0131, net sonu\u00e7lar\u0131 c\u00fcmlelerin i\u00e7inde kullan,<\/li>\n<li>Mesela \u201cSon \u00e7eyrekte b\u00f6lgemde sat\u0131\u015f\u0131 %25 art\u0131rd\u0131m\u201d diyebilirsin. (Bunu yap tabii ki!)<\/li>\n<\/ul>\n<h2><strong>G\u00f6r\u00fc\u015fmelere haz\u0131rlan!<\/strong><\/h2>\n<p>G\u00f6r\u00fc\u015fmelere ve toplant\u0131lara haz\u0131r bir \u015fekilde girmek fark yarat\u0131r!<\/p>\n<ul>\n<li>G\u00f6r\u00fc\u015fmeden \u00f6nce kendi ak\u0131\u015f plan\u0131n\u0131 yaz,<\/li>\n<li>Gerekirse g\u00f6r\u00fc\u015fmeyi g\u00fcvendi\u011fin bir arkada\u015f\u0131nla sim\u00fcle et,<\/li>\n<li>Gelebilecek itiraz ve sorulara \u00f6nceden haz\u0131rl\u0131kl\u0131 ol.<\/li>\n<\/ul>\n<h2><strong>De\u011ferini kendin d\u00fc\u015f\u00fck g\u00f6sterme!<\/strong><\/h2>\n<p>Kendi elinle de\u011ferini \u201cd\u00fc\u015f\u00fck\u201d konumlarsan, etkini de azalt\u0131rs\u0131n.<\/p>\n<ul>\n<li>\u201c\u015eans\u0131m yaver gitti\u201d gibi c\u00fcmlelerden ka\u00e7\u0131n!<\/li>\n<li>Eme\u011fin takdir edildi\u011finde kabul et ve \u201cEvet o projeyle ben de gurur duyuyorum\u201d de.<\/li>\n<li>Aynada \u015fu c\u00fcmleyi \u00e7al\u0131\u015f: \u201cBu \u015firkete katt\u0131\u011f\u0131m de\u011fere g\u00fcveniyorum.\u201d<\/li>\n<\/ul>\n<h2><strong>Kazan-Kazan senaryolar\u0131 yarat!<\/strong><\/h2>\n<p>Sadece sen \u00f6nemli de\u011filsin. Katt\u0131\u011f\u0131n de\u011feri t\u00fcm firma i\u00e7in konumla.<\/p>\n<ul>\n<li>Ba\u015far\u0131lar\u0131n\u0131n ekibe ve firmaya nas\u0131l de\u011fer katt\u0131\u011f\u0131n\u0131n alt\u0131n\u0131 \u00e7iz,<\/li>\n<li>Bir \u015fey sorarken, firman\u0131n hedefleriyle nas\u0131l uyumlu oldu\u011funu belirt,<\/li>\n<li>\u201c<strong><em>_______ yaparsak ________<\/em><\/strong> ba\u015farabiliriz\u201d gibi ifadeleri kolayca s\u00f6yle.<\/li>\n<\/ul>\n<h2><strong>A\u011f\u0131n\u0131n deste\u011fini al!<\/strong><\/h2>\n<p>Seni destekleyen \u00fcst d\u00fczey y\u00f6neticilerin oldu\u011fu yerde de\u011ferini ifade etmen de kolayla\u015f\u0131r.<\/p>\n<ul>\n<li>M\u00fcd\u00fcr\u00fcn, m\u00fcd\u00fcr\u00fcn\u00fcn m\u00fcd\u00fcr\u00fc ve m\u00fcd\u00fcr\u00fcn\u00fcn yataylar\u0131 ile ili\u015fkilerini geli\u015ftirmek i\u00e7in \u00f6zel \u00e7aba sarf et,<\/li>\n<li>Bir mentor ile \u00e7al\u0131\u015f ve onunla hedeflerini payla\u015f,<\/li>\n<li>Uygun olan a\u011f geli\u015ftirme f\u0131rsatlar\u0131n\u0131 de\u011ferlendir.<\/li>\n<\/ul>\n<h2><strong>Verimlili\u011fini geli\u015ftirmeyi unutma!<\/strong><\/h2>\n<p>De\u011fer katmak i\u00e7in zaman ve enerjini iyi kullanman gerekir.<\/p>\n<ul>\n<li>\u00d6nceliklerine uymayan i\u015fleri uygunca reddet veya m\u00fcd\u00fcr\u00fcnle tart\u0131\u015farak ilerle,<\/li>\n<li>Girmenin gerekmedi\u011fi toplant\u0131lara kat\u0131lma,<\/li>\n<li>Uzun vadeli hedeflerine hizmet eden i\u015fleri de \u00f6nceliklerin aras\u0131na al.<\/li>\n<\/ul>\n<h2><strong>Takip &amp; \u0131srar gereklidir!<\/strong><\/h2>\n<p>Olumlu alg\u0131n s\u00fcrekli ve bilin\u00e7li eylemlerin ile olu\u015fur. Y\u00fcr\u00fcyen i\u015flerini \u0131srarla takip et!<\/p>\n<ul>\n<li>Tart\u0131\u015fma ve uzla\u015fmalar\u0131n ard\u0131ndan bunlar\u0131 mutlaka e-posta ile dok\u00fcmante et ve s\u0131k\u0131ca takip et,<\/li>\n<li>M\u00fcd\u00fcr\u00fcnle takip etti\u011fin konular\u0131 sonraki 1:1 toplant\u0131s\u0131nda g\u00fcndeme getir,<\/li>\n<li>Kendi projelerindeki ileri ad\u0131mlar\u0131 not et ve payla\u015f.<\/li>\n<\/ul>\n<p>Kolay gelsin!<\/p>\n<p>&nbsp;<\/p>\n<!-- templates\/buttons-placeholder.php -->\n<div class=\"da-reactions-outer TpostID21947\">\n\t    <div class=\"da-reactions-data da-reactions-container-async center\"\n         data-type=\"post\"\n         data-id=\"21947\"\n         id=\"da-reactions-slot-post-21947\">\n        <div class=\"da-reactions-static\">\n\t\t\t<img src=\"https:\/\/www.kariyer.net\/kariyer-rehberi\/wp-content\/plugins\/da-reactions\/assets\/dist\/loading.svg\" alt=\"Loading spinner\" width=\"48\" height=\"48\" style=\"width:48px\" \/>\n        <\/div>\n    <\/div>\n<\/div>\n","protected":false},"excerpt":{"rendered":"<p>&#8220;\u015eirketimde de\u011ferim bilinmedi&#8221; diyor musun? &#8220;\u00c7ok \u015fey ba\u015far\u0131yorum, ama kimse fark\u0131nda de\u011fil&#8221; dedi\u011fin oluyor mu? Bu gibi durumlar motivasyonunu d\u00fc\u015f\u00fcr\u00fcrken, potansiyelinin ortaya \u00e7\u0131kmas\u0131n\u0131 da geciktirebilir. Baz\u0131 durumlarda \u201c\u00e7ekimser\u201d davran\u0131rsan, sonras\u0131nda \u00fcz\u00fclebilirsin. Peki, kendi de\u011ferini ortaya \u00e7\u0131karman\u0131n profesyonel yollar\u0131 neler? \u0130fadelerin dolayl\u0131 de\u011fil do\u011frudan olsun! Bir konuyu dile getirirken, bir iste\u011fini ifade ederken ne kadar do\u011frudan [&hellip;]<\/p>\n<!-- templates\/buttons-placeholder.php -->\n<div class=\"da-reactions-outer TpostID21947\">\n\t    <div class=\"da-reactions-data da-reactions-container-async center\"\n         data-type=\"post\"\n         data-id=\"21947\"\n         id=\"da-reactions-slot-post-21947\">\n        <div class=\"da-reactions-static\">\n\t\t\t<img src=\"https:\/\/www.kariyer.net\/kariyer-rehberi\/wp-content\/plugins\/da-reactions\/assets\/dist\/loading.svg\" alt=\"Loading spinner\" width=\"48\" height=\"48\" style=\"width:48px\" \/>\n        <\/div>\n    <\/div>\n<\/div>\n","protected":false},"author":38,"featured_media":21948,"comment_status":"closed","ping_status":"open","sticky":false,"template":"","format":"standard","meta":{"footnotes":"","_elementor_edit_mode":"","_elementor_template_type":"","_elementor_data":"","_elementor_page_settings":null,"_elementor_conditions":[]},"categories":[46],"tags":[1580],"class_list":{"0":"post-21947","1":"post","2":"type-post","3":"status-publish","4":"format-standard","5":"has-post-thumbnail","7":"category-is-hayati","8":"tag-bertay-fisekci"},"yoast_head":"<!-- This site is optimized with the Yoast SEO Premium plugin v21.4 (Yoast SEO v27.0) - https:\/\/yoast.com\/product\/yoast-seo-premium-wordpress\/ -->\n<title>De\u011ferini ortaya \u00e7\u0131karman\u0131n profesyonel 9 yolu | Kariyer Rehberi<\/title>\n<meta name=\"description\" content=\"\u015eirketimde &quot;de\u011ferim bilinmedi&quot; diyor musun? &quot;\u00c7ok \u015fey ba\u015far\u0131yorum, ama kimse fark\u0131nda de\u011fil&quot; dedi\u011fin oluyor mu?\" \/>\n<meta name=\"robots\" content=\"index, follow, max-snippet:-1, max-image-preview:large, max-video-preview:-1\" \/>\n<link rel=\"canonical\" href=\"https:\/\/www.kariyer.net\/kariyer-rehberi\/degerini-ortaya-cikarmanin-profesyonel-9-yolu\/\" \/>\n<meta property=\"og:locale\" content=\"tr_TR\" \/>\n<meta property=\"og:type\" content=\"article\" \/>\n<meta property=\"og:title\" content=\"De\u011ferini ortaya \u00e7\u0131karman\u0131n profesyonel 9 yolu\" \/>\n<meta property=\"og:description\" content=\"&quot;\u015eirketimde de\u011ferim bilinmedi&quot; diyor musun? &quot;\u00c7ok \u015fey ba\u015far\u0131yorum, ama kimse fark\u0131nda de\u011fil&quot; dedi\u011fin oluyor mu? Bu gibi durumlar motivasyonunu d\u00fc\u015f\u00fcr\u00fcrken,\" \/>\n<meta property=\"og:url\" content=\"https:\/\/www.kariyer.net\/kariyer-rehberi\/degerini-ortaya-cikarmanin-profesyonel-9-yolu\/\" \/>\n<meta property=\"og:site_name\" content=\"Kariyer Rehberi\" \/>\n<meta property=\"article:published_time\" content=\"2025-04-02T06:36:49+00:00\" \/>\n<meta property=\"article:modified_time\" content=\"2025-04-02T13:04:47+00:00\" \/>\n<meta property=\"og:image\" content=\"https:\/\/www.kariyer.net\/kariyer-rehberi\/wp-content\/uploads\/2025\/03\/degerini_bilmek.jpg\" \/>\n\t<meta property=\"og:image:width\" content=\"900\" \/>\n\t<meta property=\"og:image:height\" content=\"580\" \/>\n\t<meta property=\"og:image:type\" content=\"image\/jpeg\" \/>\n<meta name=\"author\" content=\"Bertay Fi\u015fek\u00e7i\" \/>\n<meta name=\"twitter:card\" content=\"summary_large_image\" \/>\n<meta name=\"twitter:label1\" content=\"Yazan:\" \/>\n\t<meta name=\"twitter:data1\" content=\"Bertay Fi\u015fek\u00e7i\" \/>\n\t<meta name=\"twitter:label2\" content=\"Tahmini okuma s\u00fcresi\" \/>\n\t<meta name=\"twitter:data2\" content=\"3 dakika\" \/>\n<!-- \/ Yoast SEO Premium plugin. -->","yoast_head_json":{"title":"De\u011ferini ortaya \u00e7\u0131karman\u0131n profesyonel 9 yolu | Kariyer Rehberi","description":"\u015eirketimde \"de\u011ferim bilinmedi\" diyor musun? \"\u00c7ok \u015fey ba\u015far\u0131yorum, ama kimse fark\u0131nda de\u011fil\" dedi\u011fin oluyor mu?","robots":{"index":"index","follow":"follow","max-snippet":"max-snippet:-1","max-image-preview":"max-image-preview:large","max-video-preview":"max-video-preview:-1"},"canonical":"https:\/\/www.kariyer.net\/kariyer-rehberi\/degerini-ortaya-cikarmanin-profesyonel-9-yolu\/","og_locale":"tr_TR","og_type":"article","og_title":"De\u011ferini ortaya \u00e7\u0131karman\u0131n profesyonel 9 yolu","og_description":"\"\u015eirketimde de\u011ferim bilinmedi\" diyor musun? \"\u00c7ok \u015fey ba\u015far\u0131yorum, ama kimse fark\u0131nda de\u011fil\" dedi\u011fin oluyor mu? Bu gibi durumlar motivasyonunu d\u00fc\u015f\u00fcr\u00fcrken,","og_url":"https:\/\/www.kariyer.net\/kariyer-rehberi\/degerini-ortaya-cikarmanin-profesyonel-9-yolu\/","og_site_name":"Kariyer Rehberi","article_published_time":"2025-04-02T06:36:49+00:00","article_modified_time":"2025-04-02T13:04:47+00:00","og_image":[{"width":900,"height":580,"url":"https:\/\/www.kariyer.net\/kariyer-rehberi\/wp-content\/uploads\/2025\/03\/degerini_bilmek.jpg","type":"image\/jpeg"}],"author":"Bertay Fi\u015fek\u00e7i","twitter_card":"summary_large_image","twitter_misc":{"Yazan:":"Bertay Fi\u015fek\u00e7i","Tahmini okuma s\u00fcresi":"3 dakika"},"schema":{"@context":"https:\/\/schema.org","@graph":[{"@type":"Article","@id":"https:\/\/www.kariyer.net\/kariyer-rehberi\/degerini-ortaya-cikarmanin-profesyonel-9-yolu\/#article","isPartOf":{"@id":"https:\/\/www.kariyer.net\/kariyer-rehberi\/degerini-ortaya-cikarmanin-profesyonel-9-yolu\/"},"author":{"name":"Bertay Fi\u015fek\u00e7i","@id":"https:\/\/www.kariyer.net\/kariyer-rehberi\/#\/schema\/person\/0bbab5628be4b64729a9bb1f38c56151"},"headline":"De\u011ferini ortaya \u00e7\u0131karman\u0131n profesyonel 9 yolu","datePublished":"2025-04-02T06:36:49+00:00","dateModified":"2025-04-02T13:04:47+00:00","mainEntityOfPage":{"@id":"https:\/\/www.kariyer.net\/kariyer-rehberi\/degerini-ortaya-cikarmanin-profesyonel-9-yolu\/"},"wordCount":603,"publisher":{"@id":"https:\/\/www.kariyer.net\/kariyer-rehberi\/#organization"},"image":{"@id":"https:\/\/www.kariyer.net\/kariyer-rehberi\/degerini-ortaya-cikarmanin-profesyonel-9-yolu\/#primaryimage"},"thumbnailUrl":"https:\/\/www.kariyer.net\/kariyer-rehberi\/wp-content\/uploads\/2025\/03\/degerini_bilmek.jpg","keywords":["Bertay Fi\u015fek\u00e7i"],"articleSection":["\u0130\u015f Hayat\u0131"],"inLanguage":"tr"},{"@type":"WebPage","@id":"https:\/\/www.kariyer.net\/kariyer-rehberi\/degerini-ortaya-cikarmanin-profesyonel-9-yolu\/","url":"https:\/\/www.kariyer.net\/kariyer-rehberi\/degerini-ortaya-cikarmanin-profesyonel-9-yolu\/","name":"De\u011ferini ortaya \u00e7\u0131karman\u0131n profesyonel 9 yolu | Kariyer Rehberi","isPartOf":{"@id":"https:\/\/www.kariyer.net\/kariyer-rehberi\/#website"},"primaryImageOfPage":{"@id":"https:\/\/www.kariyer.net\/kariyer-rehberi\/degerini-ortaya-cikarmanin-profesyonel-9-yolu\/#primaryimage"},"image":{"@id":"https:\/\/www.kariyer.net\/kariyer-rehberi\/degerini-ortaya-cikarmanin-profesyonel-9-yolu\/#primaryimage"},"thumbnailUrl":"https:\/\/www.kariyer.net\/kariyer-rehberi\/wp-content\/uploads\/2025\/03\/degerini_bilmek.jpg","datePublished":"2025-04-02T06:36:49+00:00","dateModified":"2025-04-02T13:04:47+00:00","description":"\u015eirketimde \"de\u011ferim bilinmedi\" diyor musun? \"\u00c7ok \u015fey ba\u015far\u0131yorum, ama kimse fark\u0131nda de\u011fil\" dedi\u011fin oluyor mu?","breadcrumb":{"@id":"https:\/\/www.kariyer.net\/kariyer-rehberi\/degerini-ortaya-cikarmanin-profesyonel-9-yolu\/#breadcrumb"},"inLanguage":"tr","potentialAction":[{"@type":"ReadAction","target":["https:\/\/www.kariyer.net\/kariyer-rehberi\/degerini-ortaya-cikarmanin-profesyonel-9-yolu\/"]}]},{"@type":"ImageObject","inLanguage":"tr","@id":"https:\/\/www.kariyer.net\/kariyer-rehberi\/degerini-ortaya-cikarmanin-profesyonel-9-yolu\/#primaryimage","url":"https:\/\/www.kariyer.net\/kariyer-rehberi\/wp-content\/uploads\/2025\/03\/degerini_bilmek.jpg","contentUrl":"https:\/\/www.kariyer.net\/kariyer-rehberi\/wp-content\/uploads\/2025\/03\/degerini_bilmek.jpg","width":900,"height":580},{"@type":"BreadcrumbList","@id":"https:\/\/www.kariyer.net\/kariyer-rehberi\/degerini-ortaya-cikarmanin-profesyonel-9-yolu\/#breadcrumb","itemListElement":[{"@type":"ListItem","position":1,"name":"Anasayfa","item":"https:\/\/www.kariyer.net\/kariyer-rehberi\/"},{"@type":"ListItem","position":2,"name":"De\u011ferini ortaya \u00e7\u0131karman\u0131n profesyonel 9 yolu"}]},{"@type":"WebSite","@id":"https:\/\/www.kariyer.net\/kariyer-rehberi\/#website","url":"https:\/\/www.kariyer.net\/kariyer-rehberi\/","name":"Kariyer Rehberi","description":"\u0130\u015f D\u00fcnyas\u0131yla \u0130lgili Bilmek \u0130stedi\u011finiz Her \u015eey","publisher":{"@id":"https:\/\/www.kariyer.net\/kariyer-rehberi\/#organization"},"potentialAction":[{"@type":"SearchAction","target":{"@type":"EntryPoint","urlTemplate":"https:\/\/www.kariyer.net\/kariyer-rehberi\/?s={search_term_string}"},"query-input":{"@type":"PropertyValueSpecification","valueRequired":true,"valueName":"search_term_string"}}],"inLanguage":"tr"},{"@type":"Organization","@id":"https:\/\/www.kariyer.net\/kariyer-rehberi\/#organization","name":"Kariyer.net","url":"https:\/\/www.kariyer.net\/kariyer-rehberi\/","logo":{"@type":"ImageObject","inLanguage":"tr","@id":"https:\/\/www.kariyer.net\/kariyer-rehberi\/#\/schema\/logo\/image\/","url":"https:\/\/www.kariyer.net\/kariyer-rehberi-new\/wp-content\/uploads\/2023\/01\/og-image11.jpg","contentUrl":"https:\/\/www.kariyer.net\/kariyer-rehberi-new\/wp-content\/uploads\/2023\/01\/og-image11.jpg","width":800,"height":800,"caption":"Kariyer.net"},"image":{"@id":"https:\/\/www.kariyer.net\/kariyer-rehberi\/#\/schema\/logo\/image\/"}},{"@type":"Person","@id":"https:\/\/www.kariyer.net\/kariyer-rehberi\/#\/schema\/person\/0bbab5628be4b64729a9bb1f38c56151","name":"Bertay Fi\u015fek\u00e7i","image":{"@type":"ImageObject","inLanguage":"tr","@id":"https:\/\/www.kariyer.net\/kariyer-rehberi\/#\/schema\/person\/image\/","url":"https:\/\/www.kariyer.net\/kariyer-rehberi\/wp-content\/uploads\/2024\/09\/Bertay-Fisekci-150x150.jpg","contentUrl":"https:\/\/www.kariyer.net\/kariyer-rehberi\/wp-content\/uploads\/2024\/09\/Bertay-Fisekci-150x150.jpg","caption":"Bertay Fi\u015fek\u00e7i"},"description":"Bertay Fi\u015fek\u00e7i, 23 y\u0131ll\u0131k kurumsal hayat\u0131n\u0131n ard\u0131ndan \u00e7al\u0131\u015fan ba\u011fl\u0131l\u0131\u011f\u0131, k\u00fclt\u00fcr d\u00f6n\u00fc\u015f\u00fcm\u00fc, orta kademe y\u00f6neticilerin beceri geli\u015fimi alanlar\u0131na odaklanm\u0131\u015ft\u0131r ve bu konularda \u015firketlere profesyonel destek vermektedir. \u0130nsan odakl\u0131 organizasyonlar\u0131n daha da geli\u015ftirici, k\u00e2rl\u0131 ve \u00e7ekici oldu\u011fu inanc\u0131yla \u00e7al\u0131\u015fmalar\u0131n\u0131 s\u00fcrd\u00fcrmektedir. Fi\u015fek\u00e7i; y\u00fcz y\u00fcze seminerler, online etkinler, podcast yay\u0131nlar\u0131yla bilgilerini aktarman\u0131n yan\u0131nda; ki\u015fisel blogunda ve Kariyer.net bloglar\u0131nda yay\u0131nlanan i\u00e7erikleriyle de okuyucularla bulu\u015fmaktad\u0131r.","url":"https:\/\/www.kariyer.net\/kariyer-rehberi\/author\/bertay-fisekci\/"}]}},"_links":{"self":[{"href":"https:\/\/www.kariyer.net\/kariyer-rehberi\/wp-json\/wp\/v2\/posts\/21947","targetHints":{"allow":["GET"]}}],"collection":[{"href":"https:\/\/www.kariyer.net\/kariyer-rehberi\/wp-json\/wp\/v2\/posts"}],"about":[{"href":"https:\/\/www.kariyer.net\/kariyer-rehberi\/wp-json\/wp\/v2\/types\/post"}],"author":[{"embeddable":true,"href":"https:\/\/www.kariyer.net\/kariyer-rehberi\/wp-json\/wp\/v2\/users\/38"}],"replies":[{"embeddable":true,"href":"https:\/\/www.kariyer.net\/kariyer-rehberi\/wp-json\/wp\/v2\/comments?post=21947"}],"version-history":[{"count":2,"href":"https:\/\/www.kariyer.net\/kariyer-rehberi\/wp-json\/wp\/v2\/posts\/21947\/revisions"}],"predecessor-version":[{"id":22006,"href":"https:\/\/www.kariyer.net\/kariyer-rehberi\/wp-json\/wp\/v2\/posts\/21947\/revisions\/22006"}],"wp:featuredmedia":[{"embeddable":true,"href":"https:\/\/www.kariyer.net\/kariyer-rehberi\/wp-json\/wp\/v2\/media\/21948"}],"wp:attachment":[{"href":"https:\/\/www.kariyer.net\/kariyer-rehberi\/wp-json\/wp\/v2\/media?parent=21947"}],"wp:term":[{"taxonomy":"category","embeddable":true,"href":"https:\/\/www.kariyer.net\/kariyer-rehberi\/wp-json\/wp\/v2\/categories?post=21947"},{"taxonomy":"post_tag","embeddable":true,"href":"https:\/\/www.kariyer.net\/kariyer-rehberi\/wp-json\/wp\/v2\/tags?post=21947"}],"curies":[{"name":"wp","href":"https:\/\/api.w.org\/{rel}","templated":true}]}}