{"id":21995,"date":"2025-03-26T16:01:44","date_gmt":"2025-03-26T13:01:44","guid":{"rendered":"https:\/\/www.kariyer.net\/kariyer-rehberi\/?p=21995"},"modified":"2025-06-19T18:02:28","modified_gmt":"2025-06-19T15:02:28","slug":"cvnde-fotograf-secimi-nasil-olmali","status":"publish","type":"post","link":"https:\/\/www.kariyer.net\/kariyer-rehberi\/cvnde-fotograf-secimi-nasil-olmali\/","title":{"rendered":"CV&#8217;nde foto\u011fraf se\u00e7imi nas\u0131l olmal\u0131?"},"content":{"rendered":"<p><strong>CV&#8217;ne ekleyece\u011fin foto\u011fraf, ilk izlenimi olu\u015fturacak en \u00f6nemli unsurlardan biri. Kariyer.net foto\u011fraf\u0131 nas\u0131l olmal\u0131 dersen, Kariyer.net&#8217;teki \u00f6zge\u00e7mi\u015fin de dahil olmak \u00fczere foto\u011fraf se\u00e7iminde \u00f6ncelikle \u00f6zenli olmal\u0131s\u0131n. Peki, profesyonel g\u00f6r\u00fcnen bir foto\u011fraf nas\u0131l olmal\u0131?<\/strong><\/p>\n<p>\u0130\u015fverenler veya \u0130K uzmanlar\u0131, CV&#8217;ne bakt\u0131klar\u0131nda seni daha iyi tan\u0131yabilmek i\u00e7in foto\u011fraf\u0131na da g\u00f6z atar. Peki, <strong><a href=\"https:\/\/www.kariyer.net\/kariyer-rehberi\/category\/oz-gecmis\/ozgecmis-hazirlama\/\" target=\"_blank\" rel=\"noopener\">\u00f6zge\u00e7mi\u015f haz\u0131rlarken<\/a><\/strong> se\u00e7ece\u011fin foto\u011fraf nas\u0131l olmal\u0131? \u0130\u015fte dikkat edilmesi gerekenler!<\/p>\n<h2>Profesyonel ve g\u00fcncel bir foto\u011fraf se\u00e7<\/h2>\n<p>CV\u2019ye eklenecek foto\u011fraf\u0131n profesyonel bir izlenim yaratmas\u0131 \u00e7ok \u00f6nemli. G\u00fcnl\u00fck hayatta \u00e7ekilmi\u015f veya d\u00fc\u015f\u00fck kaliteli bir foto\u011fraf yerine, m\u00fcmk\u00fcnse sade bir arka plan \u00f6n\u00fcnde \u00e7ekilmi\u015f net ve g\u00fcncel bir foto\u011fraf kullan\u0131lmal\u0131.<\/p>\n<h2>Selfie veya filtreli foto\u011fraflardan ka\u00e7\u0131n<\/h2>\n<p>\u00d6zellikle sosyal medyada s\u0131k\u00e7a kullan\u0131lan selfie veya filtreli foto\u011fraflar, profesyonel bir CV i\u00e7in uygun de\u011fildir. \u0130\u015fverenler, ciddi ve profesyonel bir duru\u015f g\u00f6rmek ister. Bu y\u00fczden do\u011fal \u0131\u015f\u0131kta, net ve y\u00fcksek \u00e7\u00f6z\u00fcn\u00fcrl\u00fckl\u00fc bir foto\u011fraf tercih edilmeli.<\/p>\n<h2>Arka plan ve \u0131\u015f\u0131kland\u0131rmaya dikkat et<\/h2>\n<p>Karma\u015f\u0131k veya dikkat da\u011f\u0131t\u0131c\u0131 arka planlar, foto\u011fraf\u0131n etkisini azaltabilir. Beyaz veya a\u00e7\u0131k tonlarda d\u00fcz bir arka plan en iyi sonucu verecektir. Ayr\u0131ca, y\u00fcz\u00fcn net bir \u015fekilde g\u00f6r\u00fclebilmesi i\u00e7in yeterli \u0131\u015f\u0131kland\u0131rma oldu\u011fundan emin olunmal\u0131.<\/p>\n<h2>K\u0131yafet se\u00e7imi \u00f6nemli<\/h2>\n<p>CV foto\u011fraf\u0131nda giyilen k\u0131yafetler, genelde \u00e7ok g\u00f6r\u00fcnmedi\u011fi i\u00e7in \u00f6n planda olmaz; ancak yine de \u00f6zenli bir imaj verecek se\u00e7imler yapmak iyi olur. G\u00f6mlek, bluz, ceket vb. gibi.<\/p>\n<h2>Do\u011fal ve g\u00fcven veren bir ifade kullan<\/h2>\n<p>Foto\u011frafta a\u015f\u0131r\u0131 ciddi ya da fazla rahat bir ifade kullanmak yerine, do\u011fal bir g\u00fcl\u00fcmseme ile g\u00fcven veren bir duru\u015f sergilenmeli. Bu, i\u015fverenin aday hakk\u0131nda olumlu bir ilk izlenim edinmesini sa\u011flar.<\/p>\n<h2>Y\u00fcz net bir \u015fekilde g\u00f6r\u00fcnmeli<\/h2>\n<p>G\u00f6zl\u00fck, \u015fapka veya y\u00fcz\u00fc kapatan herhangi bir unsur kullanmamaya \u00f6zen g\u00f6sterilmeli. Foto\u011frafta y\u00fcz net bir \u015fekilde g\u00f6r\u00fcnmeli ve do\u011frudan kameraya bak\u0131lmal\u0131. B\u00f6ylece samimi ve profesyonel bir g\u00f6r\u00fcn\u00fcm elde edilir.<\/p>\n<h2>Foto\u011fraf boyutuna ve format\u0131na dikkat et<\/h2>\n<p><strong><a href=\"https:\/\/www.kariyer.net\/aday\/giris?returnUrl=%2F\" target=\"_blank\" rel=\"noopener\">Kariyer.net<\/a>\u2019<\/strong>te foto\u011fraf y\u00fcklerken, belirli \u00f6l\u00e7\u00fc ve formatlara uygun bir g\u00f6rsel se\u00e7ilmeli. \u00c7ok b\u00fcy\u00fck ya da \u00e7ok k\u00fc\u00e7\u00fck foto\u011fraflar, \u00e7\u00f6z\u00fcn\u00fcrl\u00fck kayb\u0131na neden olabilir. Genellikle kare ya da dikd\u00f6rtgen format\u0131ndaki foto\u011fraflar daha uygun olacakt\u0131r.<\/p>\n<p>Profesyonel ve dikkat \u00e7ekici bir CV foto\u011fraf\u0131 i\u00e7in yukar\u0131daki ipu\u00e7lar\u0131 dikkate al\u0131narak en iyi se\u00e7im yap\u0131labilir.<\/p>\n<p><a href=\"https:\/\/www.kariyer.net\/aday\/uyeol?utm_source=aday&amp;utm_medium=banner&amp;utm_campaign=kariyer_rehberi_uyelik_banner_en_uygun_is\"><img fetchpriority=\"high\" decoding=\"async\" class=\"alignnone size-full wp-image-21509\" src=\"https:\/\/www.kariyer.net\/kariyer-rehberi\/wp-content\/uploads\/2024\/06\/1140x192-1.png\" alt=\"\" width=\"1140\" height=\"192\" srcset=\"https:\/\/www.kariyer.net\/kariyer-rehberi\/wp-content\/uploads\/2024\/06\/1140x192-1.png 1140w, https:\/\/www.kariyer.net\/kariyer-rehberi\/wp-content\/uploads\/2024\/06\/1140x192-1-300x51.png 300w, https:\/\/www.kariyer.net\/kariyer-rehberi\/wp-content\/uploads\/2024\/06\/1140x192-1-1024x172.png 1024w, https:\/\/www.kariyer.net\/kariyer-rehberi\/wp-content\/uploads\/2024\/06\/1140x192-1-768x129.png 768w, https:\/\/www.kariyer.net\/kariyer-rehberi\/wp-content\/uploads\/2024\/06\/1140x192-1-450x76.png 450w, https:\/\/www.kariyer.net\/kariyer-rehberi\/wp-content\/uploads\/2024\/06\/1140x192-1-780x131.png 780w\" sizes=\"(max-width: 1140px) 100vw, 1140px\" \/><\/a><\/p>\n<!-- templates\/buttons-placeholder.php -->\n<div class=\"da-reactions-outer TpostID21995\">\n\t    <div class=\"da-reactions-data da-reactions-container-async center\"\n         data-type=\"post\"\n         data-id=\"21995\"\n         id=\"da-reactions-slot-post-21995\">\n        <div class=\"da-reactions-static\">\n\t\t\t<img src=\"https:\/\/www.kariyer.net\/kariyer-rehberi\/wp-content\/plugins\/da-reactions\/assets\/dist\/loading.svg\" alt=\"Loading spinner\" width=\"48\" height=\"48\" style=\"width:48px\" \/>\n        <\/div>\n    <\/div>\n<\/div>\n","protected":false},"excerpt":{"rendered":"<p>CV&#8217;ne ekleyece\u011fin foto\u011fraf, ilk izlenimi olu\u015fturacak en \u00f6nemli unsurlardan biri. Kariyer.net foto\u011fraf\u0131 nas\u0131l olmal\u0131 dersen, Kariyer.net&#8217;teki \u00f6zge\u00e7mi\u015fin de dahil olmak \u00fczere foto\u011fraf se\u00e7iminde \u00f6ncelikle \u00f6zenli olmal\u0131s\u0131n. Peki, profesyonel g\u00f6r\u00fcnen bir foto\u011fraf nas\u0131l olmal\u0131? \u0130\u015fverenler veya \u0130K uzmanlar\u0131, CV&#8217;ne bakt\u0131klar\u0131nda seni daha iyi tan\u0131yabilmek i\u00e7in foto\u011fraf\u0131na da g\u00f6z atar. Peki, \u00f6zge\u00e7mi\u015f haz\u0131rlarken se\u00e7ece\u011fin foto\u011fraf nas\u0131l olmal\u0131? [&hellip;]<\/p>\n<!-- templates\/buttons-placeholder.php -->\n<div class=\"da-reactions-outer TpostID21995\">\n\t    <div class=\"da-reactions-data da-reactions-container-async center\"\n         data-type=\"post\"\n         data-id=\"21995\"\n         id=\"da-reactions-slot-post-21995\">\n        <div class=\"da-reactions-static\">\n\t\t\t<img src=\"https:\/\/www.kariyer.net\/kariyer-rehberi\/wp-content\/plugins\/da-reactions\/assets\/dist\/loading.svg\" alt=\"Loading spinner\" width=\"48\" height=\"48\" style=\"width:48px\" \/>\n        <\/div>\n    <\/div>\n<\/div>\n","protected":false},"author":12,"featured_media":21996,"comment_status":"closed","ping_status":"open","sticky":false,"template":"","format":"standard","meta":{"footnotes":"","_elementor_edit_mode":"","_elementor_template_type":"","_elementor_data":"","_elementor_page_settings":null,"_elementor_conditions":[]},"categories":[34,35],"tags":[367,2225],"class_list":{"0":"post-21995","1":"post","2":"type-post","3":"status-publish","4":"format-standard","5":"has-post-thumbnail","7":"category-oz-gecmis","8":"category-ozgecmis-hazirlama","9":"tag-ozgecmis","10":"tag-tum-kitle"},"yoast_head":"<!-- This site is optimized with the Yoast SEO Premium plugin v21.4 (Yoast SEO v27.0) - https:\/\/yoast.com\/product\/yoast-seo-premium-wordpress\/ -->\n<title>CV&#039;nde foto\u011fraf se\u00e7imi nas\u0131l olmal\u0131?<\/title>\n<meta name=\"description\" content=\"Kariyer.net foto\u011fraf\u0131 nas\u0131l olmal\u0131 dersen, sana y\u00f6n g\u00f6sterecek \u00f6nerileri ve p\u00fcf noktalar\u0131n\u0131 bu yaz\u0131m\u0131zda toplad\u0131k.\" \/>\n<meta name=\"robots\" content=\"index, follow, max-snippet:-1, max-image-preview:large, max-video-preview:-1\" \/>\n<link rel=\"canonical\" href=\"https:\/\/www.kariyer.net\/kariyer-rehberi\/cvnde-fotograf-secimi-nasil-olmali\/\" \/>\n<meta property=\"og:locale\" content=\"tr_TR\" \/>\n<meta property=\"og:type\" content=\"article\" \/>\n<meta property=\"og:title\" content=\"CV&#039;nde foto\u011fraf se\u00e7imi nas\u0131l olmal\u0131?\" \/>\n<meta property=\"og:description\" content=\"CV&#039;ne ekleyece\u011fin foto\u011fraf, ilk izlenimi olu\u015fturacak en \u00f6nemli unsurlardan biri. Kariyer.net foto\u011fraf\u0131 nas\u0131l olmal\u0131 dersen, Kariyer.net&#039;teki \u00f6zge\u00e7mi\u015fin de\" \/>\n<meta property=\"og:url\" content=\"https:\/\/www.kariyer.net\/kariyer-rehberi\/cvnde-fotograf-secimi-nasil-olmali\/\" \/>\n<meta property=\"og:site_name\" content=\"Kariyer Rehberi\" \/>\n<meta property=\"article:published_time\" content=\"2025-03-26T13:01:44+00:00\" \/>\n<meta property=\"article:modified_time\" content=\"2025-06-19T15:02:28+00:00\" \/>\n<meta property=\"og:image\" content=\"https:\/\/www.kariyer.net\/kariyer-rehberi\/wp-content\/uploads\/2025\/03\/cv_fotografi.jpg\" \/>\n\t<meta property=\"og:image:width\" content=\"900\" \/>\n\t<meta property=\"og:image:height\" content=\"558\" \/>\n\t<meta property=\"og:image:type\" content=\"image\/jpeg\" \/>\n<meta name=\"author\" content=\"Edit\u00f6r\" \/>\n<meta name=\"twitter:card\" content=\"summary_large_image\" \/>\n<meta name=\"twitter:label1\" content=\"Yazan:\" \/>\n\t<meta name=\"twitter:data1\" content=\"Edit\u00f6r\" \/>\n\t<meta name=\"twitter:label2\" content=\"Tahmini okuma s\u00fcresi\" \/>\n\t<meta name=\"twitter:data2\" content=\"3 dakika\" \/>\n<!-- \/ Yoast SEO Premium plugin. -->","yoast_head_json":{"title":"CV'nde foto\u011fraf se\u00e7imi nas\u0131l olmal\u0131?","description":"Kariyer.net foto\u011fraf\u0131 nas\u0131l olmal\u0131 dersen, sana y\u00f6n g\u00f6sterecek \u00f6nerileri ve p\u00fcf noktalar\u0131n\u0131 bu yaz\u0131m\u0131zda toplad\u0131k.","robots":{"index":"index","follow":"follow","max-snippet":"max-snippet:-1","max-image-preview":"max-image-preview:large","max-video-preview":"max-video-preview:-1"},"canonical":"https:\/\/www.kariyer.net\/kariyer-rehberi\/cvnde-fotograf-secimi-nasil-olmali\/","og_locale":"tr_TR","og_type":"article","og_title":"CV'nde foto\u011fraf se\u00e7imi nas\u0131l olmal\u0131?","og_description":"CV'ne ekleyece\u011fin foto\u011fraf, ilk izlenimi olu\u015fturacak en \u00f6nemli unsurlardan biri. Kariyer.net foto\u011fraf\u0131 nas\u0131l olmal\u0131 dersen, Kariyer.net'teki \u00f6zge\u00e7mi\u015fin de","og_url":"https:\/\/www.kariyer.net\/kariyer-rehberi\/cvnde-fotograf-secimi-nasil-olmali\/","og_site_name":"Kariyer Rehberi","article_published_time":"2025-03-26T13:01:44+00:00","article_modified_time":"2025-06-19T15:02:28+00:00","og_image":[{"width":900,"height":558,"url":"https:\/\/www.kariyer.net\/kariyer-rehberi\/wp-content\/uploads\/2025\/03\/cv_fotografi.jpg","type":"image\/jpeg"}],"author":"Edit\u00f6r","twitter_card":"summary_large_image","twitter_misc":{"Yazan:":"Edit\u00f6r","Tahmini okuma s\u00fcresi":"3 dakika"},"schema":{"@context":"https:\/\/schema.org","@graph":[{"@type":"Article","@id":"https:\/\/www.kariyer.net\/kariyer-rehberi\/cvnde-fotograf-secimi-nasil-olmali\/#article","isPartOf":{"@id":"https:\/\/www.kariyer.net\/kariyer-rehberi\/cvnde-fotograf-secimi-nasil-olmali\/"},"author":{"name":"Edit\u00f6r","@id":"https:\/\/www.kariyer.net\/kariyer-rehberi\/#\/schema\/person\/94fd6e49c7ff1b1b2565a2cc4fd685dd"},"headline":"CV&#8217;nde foto\u011fraf se\u00e7imi nas\u0131l olmal\u0131?","datePublished":"2025-03-26T13:01:44+00:00","dateModified":"2025-06-19T15:02:28+00:00","mainEntityOfPage":{"@id":"https:\/\/www.kariyer.net\/kariyer-rehberi\/cvnde-fotograf-secimi-nasil-olmali\/"},"wordCount":485,"publisher":{"@id":"https:\/\/www.kariyer.net\/kariyer-rehberi\/#organization"},"image":{"@id":"https:\/\/www.kariyer.net\/kariyer-rehberi\/cvnde-fotograf-secimi-nasil-olmali\/#primaryimage"},"thumbnailUrl":"https:\/\/www.kariyer.net\/kariyer-rehberi\/wp-content\/uploads\/2025\/03\/cv_fotografi.jpg","keywords":["\u00d6zge\u00e7mi\u015f","T\u00fcm kitle"],"articleSection":["\u00d6zge\u00e7mi\u015f","\u00d6zge\u00e7mi\u015f Haz\u0131rlama"],"inLanguage":"tr"},{"@type":"WebPage","@id":"https:\/\/www.kariyer.net\/kariyer-rehberi\/cvnde-fotograf-secimi-nasil-olmali\/","url":"https:\/\/www.kariyer.net\/kariyer-rehberi\/cvnde-fotograf-secimi-nasil-olmali\/","name":"CV'nde foto\u011fraf se\u00e7imi nas\u0131l olmal\u0131?","isPartOf":{"@id":"https:\/\/www.kariyer.net\/kariyer-rehberi\/#website"},"primaryImageOfPage":{"@id":"https:\/\/www.kariyer.net\/kariyer-rehberi\/cvnde-fotograf-secimi-nasil-olmali\/#primaryimage"},"image":{"@id":"https:\/\/www.kariyer.net\/kariyer-rehberi\/cvnde-fotograf-secimi-nasil-olmali\/#primaryimage"},"thumbnailUrl":"https:\/\/www.kariyer.net\/kariyer-rehberi\/wp-content\/uploads\/2025\/03\/cv_fotografi.jpg","datePublished":"2025-03-26T13:01:44+00:00","dateModified":"2025-06-19T15:02:28+00:00","description":"Kariyer.net foto\u011fraf\u0131 nas\u0131l olmal\u0131 dersen, sana y\u00f6n g\u00f6sterecek \u00f6nerileri ve p\u00fcf noktalar\u0131n\u0131 bu yaz\u0131m\u0131zda toplad\u0131k.","breadcrumb":{"@id":"https:\/\/www.kariyer.net\/kariyer-rehberi\/cvnde-fotograf-secimi-nasil-olmali\/#breadcrumb"},"inLanguage":"tr","potentialAction":[{"@type":"ReadAction","target":["https:\/\/www.kariyer.net\/kariyer-rehberi\/cvnde-fotograf-secimi-nasil-olmali\/"]}]},{"@type":"ImageObject","inLanguage":"tr","@id":"https:\/\/www.kariyer.net\/kariyer-rehberi\/cvnde-fotograf-secimi-nasil-olmali\/#primaryimage","url":"https:\/\/www.kariyer.net\/kariyer-rehberi\/wp-content\/uploads\/2025\/03\/cv_fotografi.jpg","contentUrl":"https:\/\/www.kariyer.net\/kariyer-rehberi\/wp-content\/uploads\/2025\/03\/cv_fotografi.jpg","width":900,"height":558},{"@type":"BreadcrumbList","@id":"https:\/\/www.kariyer.net\/kariyer-rehberi\/cvnde-fotograf-secimi-nasil-olmali\/#breadcrumb","itemListElement":[{"@type":"ListItem","position":1,"name":"Anasayfa","item":"https:\/\/www.kariyer.net\/kariyer-rehberi\/"},{"@type":"ListItem","position":2,"name":"CV&#8217;nde foto\u011fraf se\u00e7imi nas\u0131l olmal\u0131?"}]},{"@type":"WebSite","@id":"https:\/\/www.kariyer.net\/kariyer-rehberi\/#website","url":"https:\/\/www.kariyer.net\/kariyer-rehberi\/","name":"Kariyer Rehberi","description":"\u0130\u015f D\u00fcnyas\u0131yla \u0130lgili Bilmek \u0130stedi\u011finiz Her \u015eey","publisher":{"@id":"https:\/\/www.kariyer.net\/kariyer-rehberi\/#organization"},"potentialAction":[{"@type":"SearchAction","target":{"@type":"EntryPoint","urlTemplate":"https:\/\/www.kariyer.net\/kariyer-rehberi\/?s={search_term_string}"},"query-input":{"@type":"PropertyValueSpecification","valueRequired":true,"valueName":"search_term_string"}}],"inLanguage":"tr"},{"@type":"Organization","@id":"https:\/\/www.kariyer.net\/kariyer-rehberi\/#organization","name":"Kariyer.net","url":"https:\/\/www.kariyer.net\/kariyer-rehberi\/","logo":{"@type":"ImageObject","inLanguage":"tr","@id":"https:\/\/www.kariyer.net\/kariyer-rehberi\/#\/schema\/logo\/image\/","url":"https:\/\/www.kariyer.net\/kariyer-rehberi-new\/wp-content\/uploads\/2023\/01\/og-image11.jpg","contentUrl":"https:\/\/www.kariyer.net\/kariyer-rehberi-new\/wp-content\/uploads\/2023\/01\/og-image11.jpg","width":800,"height":800,"caption":"Kariyer.net"},"image":{"@id":"https:\/\/www.kariyer.net\/kariyer-rehberi\/#\/schema\/logo\/image\/"}},{"@type":"Person","@id":"https:\/\/www.kariyer.net\/kariyer-rehberi\/#\/schema\/person\/94fd6e49c7ff1b1b2565a2cc4fd685dd","name":"Edit\u00f6r","image":{"@type":"ImageObject","inLanguage":"tr","@id":"https:\/\/www.kariyer.net\/kariyer-rehberi\/#\/schema\/person\/image\/","url":"https:\/\/secure.gravatar.com\/avatar\/0c4fe6688343aed3693b15573beae12c08ace5565409d5ab7509bf9c115f458d?s=96&d=mm&r=g","contentUrl":"https:\/\/secure.gravatar.com\/avatar\/0c4fe6688343aed3693b15573beae12c08ace5565409d5ab7509bf9c115f458d?s=96&d=mm&r=g","caption":"Edit\u00f6r"},"url":"https:\/\/www.kariyer.net\/kariyer-rehberi\/author\/editor\/"}]}},"_links":{"self":[{"href":"https:\/\/www.kariyer.net\/kariyer-rehberi\/wp-json\/wp\/v2\/posts\/21995","targetHints":{"allow":["GET"]}}],"collection":[{"href":"https:\/\/www.kariyer.net\/kariyer-rehberi\/wp-json\/wp\/v2\/posts"}],"about":[{"href":"https:\/\/www.kariyer.net\/kariyer-rehberi\/wp-json\/wp\/v2\/types\/post"}],"author":[{"embeddable":true,"href":"https:\/\/www.kariyer.net\/kariyer-rehberi\/wp-json\/wp\/v2\/users\/12"}],"replies":[{"embeddable":true,"href":"https:\/\/www.kariyer.net\/kariyer-rehberi\/wp-json\/wp\/v2\/comments?post=21995"}],"version-history":[{"count":3,"href":"https:\/\/www.kariyer.net\/kariyer-rehberi\/wp-json\/wp\/v2\/posts\/21995\/revisions"}],"predecessor-version":[{"id":21999,"href":"https:\/\/www.kariyer.net\/kariyer-rehberi\/wp-json\/wp\/v2\/posts\/21995\/revisions\/21999"}],"wp:featuredmedia":[{"embeddable":true,"href":"https:\/\/www.kariyer.net\/kariyer-rehberi\/wp-json\/wp\/v2\/media\/21996"}],"wp:attachment":[{"href":"https:\/\/www.kariyer.net\/kariyer-rehberi\/wp-json\/wp\/v2\/media?parent=21995"}],"wp:term":[{"taxonomy":"category","embeddable":true,"href":"https:\/\/www.kariyer.net\/kariyer-rehberi\/wp-json\/wp\/v2\/categories?post=21995"},{"taxonomy":"post_tag","embeddable":true,"href":"https:\/\/www.kariyer.net\/kariyer-rehberi\/wp-json\/wp\/v2\/tags?post=21995"}],"curies":[{"name":"wp","href":"https:\/\/api.w.org\/{rel}","templated":true}]}}