{"id":22000,"date":"2025-03-27T08:22:44","date_gmt":"2025-03-27T05:22:44","guid":{"rendered":"https:\/\/www.kariyer.net\/kariyer-rehberi\/?p=22000"},"modified":"2025-03-27T11:24:15","modified_gmt":"2025-03-27T08:24:15","slug":"idari-izin-nedir-kimleri-kapsar-ve-nasil-kullanilir","status":"publish","type":"post","link":"https:\/\/www.kariyer.net\/kariyer-rehberi\/idari-izin-nedir-kimleri-kapsar-ve-nasil-kullanilir\/","title":{"rendered":"\u0130dari izin nedir? Kimleri kapsar ve nas\u0131l kullan\u0131l\u0131r?"},"content":{"rendered":"<p><strong>Kamu \u00e7al\u0131\u015fanlar\u0131na belirli g\u00fcnlerde ek izin hakk\u0131 tan\u0131yan idari izin, \u00f6zellikle bayramlar ve resmi tatillerle ba\u011flant\u0131l\u0131 olarak g\u00fcndeme gelir. Peki, idari izin nedir, kimleri kapsar ve \u00f6zel sekt\u00f6r \u00e7al\u0131\u015fanlar\u0131n\u0131 da etkiler mi? \u0130\u015fte t\u00fcm detaylar!<\/strong><\/p>\n<p>\u0130dari izin, devlet taraf\u0131ndan belirli g\u00fcnlerde kamu \u00e7al\u0131\u015fanlar\u0131na tan\u0131nan ekstra tatil hakk\u0131d\u0131r. Genellikle bayram tatillerinin \u00f6ncesinde veya sonras\u0131nda, resmi tatillerle birle\u015ftirilerek verilir; ancak bu izin \u00f6zel sekt\u00f6r \u00e7al\u0131\u015fanlar\u0131n\u0131 kapsamaz ve maa\u015f kesintisine yol a\u00e7maz.<\/p>\n<h2>\u0130dari izin kimleri kapsar?<\/h2>\n<p>\u0130dari izin, sadece kamu \u00e7al\u0131\u015fanlar\u0131n\u0131 ilgilendiren bir uygulamad\u0131r. \u00d6zel sekt\u00f6r \u00e7al\u0131\u015fanlar\u0131n\u0131n bu izni kullan\u0131p kullanamayaca\u011f\u0131 tamamen i\u015fverenin inisiyatifindedir.<\/p>\n<h2>\u0130dari izin g\u00fcnleri nas\u0131l belirlenir?<\/h2>\n<p>\u0130dari izin g\u00fcnleri, Cumhurba\u015fkan\u0131 ya da ilgili kamu otoriteleri taraf\u0131ndan duyurulur. \u00c7o\u011funlukla Ramazan Bayram\u0131 ve Kurban Bayram\u0131 gibi uzun tatillerin \u00f6ncesi veya sonras\u0131 i\u00e7in ilan edilir.<\/p>\n<h2>\u0130dari izin \u00fccretli mi?<\/h2>\n<p>Evet, idari izinli olunan g\u00fcnlerde maa\u015f kesintisi yap\u0131lmaz. Kamu \u00e7al\u0131\u015fanlar\u0131, resmi olarak izinli say\u0131ld\u0131klar\u0131 i\u00e7in herhangi bir hak kayb\u0131na u\u011framazlar.<\/p>\n<h2>\u00d6zel sekt\u00f6r \u00e7al\u0131\u015fanlar\u0131 i\u00e7in ge\u00e7erli mi?<\/h2>\n<p>\u00d6zel sekt\u00f6r \u00e7al\u0131\u015fanlar\u0131 i\u00e7in idari izin ba\u011flay\u0131c\u0131 de\u011fildir.; ancak baz\u0131 \u015firketler, kamuya tan\u0131nan bu izni \u00e7al\u0131\u015fanlar\u0131na da uygulayabilir. Bu tamamen i\u015fverenin karar\u0131d\u0131r.<\/p>\n<p>\u0130dari izin g\u00fcnleri a\u00e7\u0131kland\u0131\u011f\u0131nda kamu \u00e7al\u0131\u015fanlar\u0131 i\u00e7in g\u00fczel bir tatil f\u0131rsat\u0131 do\u011farken, \u00f6zel sekt\u00f6r \u00e7al\u0131\u015fanlar\u0131 i\u00e7in i\u015f devam edebilir.<\/p>\n<h2 data-start=\"1264\" data-end=\"1308\"><strong data-start=\"1268\" data-end=\"1308\">Son dakika! Ramazan Bayram\u0131 tatili uzat\u0131ld\u0131!<\/strong><\/h2>\n<p class=\"\" data-start=\"1309\" data-end=\"1466\"><span class=\"relative -mx-px my-[-0.2rem] rounded px-px py-[0.2rem]\">Cumhurba\u015fkan\u0131 Recep Tayyip Erdo\u011fan&#8217;\u0131n a\u00e7\u0131klamas\u0131na g\u00f6re, 2025 Ramazan Bayram\u0131 tatili kamu \u00e7al\u0131\u015fanlar\u0131 i\u00e7in 9 g\u00fcne \u00e7\u0131kar\u0131ld\u0131.<\/span> <span class=\"relative -mx-px my-[-0.2rem] rounded px-px py-[0.2rem]\">Bayram\u0131n ard\u0131ndan gelen 2 Nisan \u00c7ar\u015famba, 3 Nisan Per\u015fembe ve 4 Nisan Cuma g\u00fcnleri idari izin kapsam\u0131na al\u0131nd\u0131.<\/span><\/p>\n<p>&nbsp;<\/p>\n<!-- templates\/buttons-placeholder.php -->\n<div class=\"da-reactions-outer TpostID22000\">\n\t    <div class=\"da-reactions-data da-reactions-container-async center\"\n         data-type=\"post\"\n         data-id=\"22000\"\n         id=\"da-reactions-slot-post-22000\">\n        <div class=\"da-reactions-static\">\n\t\t\t<img src=\"https:\/\/www.kariyer.net\/kariyer-rehberi\/wp-content\/plugins\/da-reactions\/assets\/dist\/loading.svg\" alt=\"Loading spinner\" width=\"48\" height=\"48\" style=\"width:48px\" \/>\n        <\/div>\n    <\/div>\n<\/div>\n","protected":false},"excerpt":{"rendered":"<p>Kamu \u00e7al\u0131\u015fanlar\u0131na belirli g\u00fcnlerde ek izin hakk\u0131 tan\u0131yan idari izin, \u00f6zellikle bayramlar ve resmi tatillerle ba\u011flant\u0131l\u0131 olarak g\u00fcndeme gelir. Peki, idari izin nedir, kimleri kapsar ve \u00f6zel sekt\u00f6r \u00e7al\u0131\u015fanlar\u0131n\u0131 da etkiler mi? \u0130\u015fte t\u00fcm detaylar! \u0130dari izin, devlet taraf\u0131ndan belirli g\u00fcnlerde kamu \u00e7al\u0131\u015fanlar\u0131na tan\u0131nan ekstra tatil hakk\u0131d\u0131r. Genellikle bayram tatillerinin \u00f6ncesinde veya sonras\u0131nda, resmi tatillerle [&hellip;]<\/p>\n<!-- templates\/buttons-placeholder.php -->\n<div class=\"da-reactions-outer TpostID22000\">\n\t    <div class=\"da-reactions-data da-reactions-container-async center\"\n         data-type=\"post\"\n         data-id=\"22000\"\n         id=\"da-reactions-slot-post-22000\">\n        <div class=\"da-reactions-static\">\n\t\t\t<img src=\"https:\/\/www.kariyer.net\/kariyer-rehberi\/wp-content\/plugins\/da-reactions\/assets\/dist\/loading.svg\" alt=\"Loading spinner\" width=\"48\" height=\"48\" style=\"width:48px\" \/>\n        <\/div>\n    <\/div>\n<\/div>\n","protected":false},"author":12,"featured_media":22001,"comment_status":"closed","ping_status":"open","sticky":false,"template":"","format":"standard","meta":{"footnotes":"","_elementor_edit_mode":"","_elementor_template_type":"","_elementor_data":"","_elementor_page_settings":null,"_elementor_conditions":[]},"categories":[2218],"tags":[],"class_list":{"0":"post-22000","1":"post","2":"type-post","3":"status-publish","4":"format-standard","5":"has-post-thumbnail","7":"category-is-hukuku"},"yoast_head":"<!-- This site is optimized with the Yoast SEO Premium plugin v21.4 (Yoast SEO v27.0) - https:\/\/yoast.com\/product\/yoast-seo-premium-wordpress\/ -->\n<title>\u0130dari izin nedir? Kimleri kapsar ve nas\u0131l kullan\u0131l\u0131r?<\/title>\n<meta name=\"description\" content=\"\u0130dari izin nedir, kimleri kapsar ve \u00f6zel sekt\u00f6r \u00e7al\u0131\u015fanlar\u0131n\u0131 da etkiler mi? Bu konu hakk\u0131ndaki t\u00fcm merak edilenleri yaz\u0131m\u0131zda anlatt\u0131k!\" \/>\n<meta name=\"robots\" content=\"index, follow, max-snippet:-1, max-image-preview:large, max-video-preview:-1\" \/>\n<link rel=\"canonical\" href=\"https:\/\/www.kariyer.net\/kariyer-rehberi\/idari-izin-nedir-kimleri-kapsar-ve-nasil-kullanilir\/\" \/>\n<meta property=\"og:locale\" content=\"tr_TR\" \/>\n<meta property=\"og:type\" content=\"article\" \/>\n<meta property=\"og:title\" content=\"\u0130dari izin nedir? Kimleri kapsar ve nas\u0131l kullan\u0131l\u0131r?\" \/>\n<meta property=\"og:description\" content=\"Kamu \u00e7al\u0131\u015fanlar\u0131na belirli g\u00fcnlerde ek izin hakk\u0131 tan\u0131yan idari izin, \u00f6zellikle bayramlar ve resmi tatillerle ba\u011flant\u0131l\u0131 olarak g\u00fcndeme gelir. Peki, idari\" \/>\n<meta property=\"og:url\" content=\"https:\/\/www.kariyer.net\/kariyer-rehberi\/idari-izin-nedir-kimleri-kapsar-ve-nasil-kullanilir\/\" \/>\n<meta property=\"og:site_name\" content=\"Kariyer Rehberi\" \/>\n<meta property=\"article:published_time\" content=\"2025-03-27T05:22:44+00:00\" \/>\n<meta property=\"article:modified_time\" content=\"2025-03-27T08:24:15+00:00\" \/>\n<meta property=\"og:image\" content=\"https:\/\/www.kariyer.net\/kariyer-rehberi\/wp-content\/uploads\/2025\/03\/idari_izin.jpg\" \/>\n\t<meta property=\"og:image:width\" content=\"900\" \/>\n\t<meta property=\"og:image:height\" content=\"600\" \/>\n\t<meta property=\"og:image:type\" content=\"image\/jpeg\" \/>\n<meta name=\"author\" content=\"Edit\u00f6r\" \/>\n<meta name=\"twitter:card\" content=\"summary_large_image\" \/>\n<meta name=\"twitter:label1\" content=\"Yazan:\" \/>\n\t<meta name=\"twitter:data1\" content=\"Edit\u00f6r\" \/>\n\t<meta name=\"twitter:label2\" content=\"Tahmini okuma s\u00fcresi\" \/>\n\t<meta name=\"twitter:data2\" content=\"2 dakika\" \/>\n<!-- \/ Yoast SEO Premium plugin. -->","yoast_head_json":{"title":"\u0130dari izin nedir? Kimleri kapsar ve nas\u0131l kullan\u0131l\u0131r?","description":"\u0130dari izin nedir, kimleri kapsar ve \u00f6zel sekt\u00f6r \u00e7al\u0131\u015fanlar\u0131n\u0131 da etkiler mi? Bu konu hakk\u0131ndaki t\u00fcm merak edilenleri yaz\u0131m\u0131zda anlatt\u0131k!","robots":{"index":"index","follow":"follow","max-snippet":"max-snippet:-1","max-image-preview":"max-image-preview:large","max-video-preview":"max-video-preview:-1"},"canonical":"https:\/\/www.kariyer.net\/kariyer-rehberi\/idari-izin-nedir-kimleri-kapsar-ve-nasil-kullanilir\/","og_locale":"tr_TR","og_type":"article","og_title":"\u0130dari izin nedir? Kimleri kapsar ve nas\u0131l kullan\u0131l\u0131r?","og_description":"Kamu \u00e7al\u0131\u015fanlar\u0131na belirli g\u00fcnlerde ek izin hakk\u0131 tan\u0131yan idari izin, \u00f6zellikle bayramlar ve resmi tatillerle ba\u011flant\u0131l\u0131 olarak g\u00fcndeme gelir. Peki, idari","og_url":"https:\/\/www.kariyer.net\/kariyer-rehberi\/idari-izin-nedir-kimleri-kapsar-ve-nasil-kullanilir\/","og_site_name":"Kariyer Rehberi","article_published_time":"2025-03-27T05:22:44+00:00","article_modified_time":"2025-03-27T08:24:15+00:00","og_image":[{"width":900,"height":600,"url":"https:\/\/www.kariyer.net\/kariyer-rehberi\/wp-content\/uploads\/2025\/03\/idari_izin.jpg","type":"image\/jpeg"}],"author":"Edit\u00f6r","twitter_card":"summary_large_image","twitter_misc":{"Yazan:":"Edit\u00f6r","Tahmini okuma s\u00fcresi":"2 dakika"},"schema":{"@context":"https:\/\/schema.org","@graph":[{"@type":"Article","@id":"https:\/\/www.kariyer.net\/kariyer-rehberi\/idari-izin-nedir-kimleri-kapsar-ve-nasil-kullanilir\/#article","isPartOf":{"@id":"https:\/\/www.kariyer.net\/kariyer-rehberi\/idari-izin-nedir-kimleri-kapsar-ve-nasil-kullanilir\/"},"author":{"name":"Edit\u00f6r","@id":"https:\/\/www.kariyer.net\/kariyer-rehberi\/#\/schema\/person\/94fd6e49c7ff1b1b2565a2cc4fd685dd"},"headline":"\u0130dari izin nedir? Kimleri kapsar ve nas\u0131l kullan\u0131l\u0131r?","datePublished":"2025-03-27T05:22:44+00:00","dateModified":"2025-03-27T08:24:15+00:00","mainEntityOfPage":{"@id":"https:\/\/www.kariyer.net\/kariyer-rehberi\/idari-izin-nedir-kimleri-kapsar-ve-nasil-kullanilir\/"},"wordCount":333,"publisher":{"@id":"https:\/\/www.kariyer.net\/kariyer-rehberi\/#organization"},"image":{"@id":"https:\/\/www.kariyer.net\/kariyer-rehberi\/idari-izin-nedir-kimleri-kapsar-ve-nasil-kullanilir\/#primaryimage"},"thumbnailUrl":"https:\/\/www.kariyer.net\/kariyer-rehberi\/wp-content\/uploads\/2025\/03\/idari_izin.jpg","articleSection":["\u0130\u015f Hukuku"],"inLanguage":"tr"},{"@type":"WebPage","@id":"https:\/\/www.kariyer.net\/kariyer-rehberi\/idari-izin-nedir-kimleri-kapsar-ve-nasil-kullanilir\/","url":"https:\/\/www.kariyer.net\/kariyer-rehberi\/idari-izin-nedir-kimleri-kapsar-ve-nasil-kullanilir\/","name":"\u0130dari izin nedir? Kimleri kapsar ve nas\u0131l kullan\u0131l\u0131r?","isPartOf":{"@id":"https:\/\/www.kariyer.net\/kariyer-rehberi\/#website"},"primaryImageOfPage":{"@id":"https:\/\/www.kariyer.net\/kariyer-rehberi\/idari-izin-nedir-kimleri-kapsar-ve-nasil-kullanilir\/#primaryimage"},"image":{"@id":"https:\/\/www.kariyer.net\/kariyer-rehberi\/idari-izin-nedir-kimleri-kapsar-ve-nasil-kullanilir\/#primaryimage"},"thumbnailUrl":"https:\/\/www.kariyer.net\/kariyer-rehberi\/wp-content\/uploads\/2025\/03\/idari_izin.jpg","datePublished":"2025-03-27T05:22:44+00:00","dateModified":"2025-03-27T08:24:15+00:00","description":"\u0130dari izin nedir, kimleri kapsar ve \u00f6zel sekt\u00f6r \u00e7al\u0131\u015fanlar\u0131n\u0131 da etkiler mi? Bu konu hakk\u0131ndaki t\u00fcm merak edilenleri yaz\u0131m\u0131zda anlatt\u0131k!","breadcrumb":{"@id":"https:\/\/www.kariyer.net\/kariyer-rehberi\/idari-izin-nedir-kimleri-kapsar-ve-nasil-kullanilir\/#breadcrumb"},"inLanguage":"tr","potentialAction":[{"@type":"ReadAction","target":["https:\/\/www.kariyer.net\/kariyer-rehberi\/idari-izin-nedir-kimleri-kapsar-ve-nasil-kullanilir\/"]}]},{"@type":"ImageObject","inLanguage":"tr","@id":"https:\/\/www.kariyer.net\/kariyer-rehberi\/idari-izin-nedir-kimleri-kapsar-ve-nasil-kullanilir\/#primaryimage","url":"https:\/\/www.kariyer.net\/kariyer-rehberi\/wp-content\/uploads\/2025\/03\/idari_izin.jpg","contentUrl":"https:\/\/www.kariyer.net\/kariyer-rehberi\/wp-content\/uploads\/2025\/03\/idari_izin.jpg","width":900,"height":600},{"@type":"BreadcrumbList","@id":"https:\/\/www.kariyer.net\/kariyer-rehberi\/idari-izin-nedir-kimleri-kapsar-ve-nasil-kullanilir\/#breadcrumb","itemListElement":[{"@type":"ListItem","position":1,"name":"Anasayfa","item":"https:\/\/www.kariyer.net\/kariyer-rehberi\/"},{"@type":"ListItem","position":2,"name":"\u0130dari izin nedir? Kimleri kapsar ve nas\u0131l kullan\u0131l\u0131r?"}]},{"@type":"WebSite","@id":"https:\/\/www.kariyer.net\/kariyer-rehberi\/#website","url":"https:\/\/www.kariyer.net\/kariyer-rehberi\/","name":"Kariyer Rehberi","description":"\u0130\u015f D\u00fcnyas\u0131yla \u0130lgili Bilmek \u0130stedi\u011finiz Her \u015eey","publisher":{"@id":"https:\/\/www.kariyer.net\/kariyer-rehberi\/#organization"},"potentialAction":[{"@type":"SearchAction","target":{"@type":"EntryPoint","urlTemplate":"https:\/\/www.kariyer.net\/kariyer-rehberi\/?s={search_term_string}"},"query-input":{"@type":"PropertyValueSpecification","valueRequired":true,"valueName":"search_term_string"}}],"inLanguage":"tr"},{"@type":"Organization","@id":"https:\/\/www.kariyer.net\/kariyer-rehberi\/#organization","name":"Kariyer.net","url":"https:\/\/www.kariyer.net\/kariyer-rehberi\/","logo":{"@type":"ImageObject","inLanguage":"tr","@id":"https:\/\/www.kariyer.net\/kariyer-rehberi\/#\/schema\/logo\/image\/","url":"https:\/\/www.kariyer.net\/kariyer-rehberi-new\/wp-content\/uploads\/2023\/01\/og-image11.jpg","contentUrl":"https:\/\/www.kariyer.net\/kariyer-rehberi-new\/wp-content\/uploads\/2023\/01\/og-image11.jpg","width":800,"height":800,"caption":"Kariyer.net"},"image":{"@id":"https:\/\/www.kariyer.net\/kariyer-rehberi\/#\/schema\/logo\/image\/"}},{"@type":"Person","@id":"https:\/\/www.kariyer.net\/kariyer-rehberi\/#\/schema\/person\/94fd6e49c7ff1b1b2565a2cc4fd685dd","name":"Edit\u00f6r","image":{"@type":"ImageObject","inLanguage":"tr","@id":"https:\/\/www.kariyer.net\/kariyer-rehberi\/#\/schema\/person\/image\/","url":"https:\/\/secure.gravatar.com\/avatar\/0c4fe6688343aed3693b15573beae12c08ace5565409d5ab7509bf9c115f458d?s=96&d=mm&r=g","contentUrl":"https:\/\/secure.gravatar.com\/avatar\/0c4fe6688343aed3693b15573beae12c08ace5565409d5ab7509bf9c115f458d?s=96&d=mm&r=g","caption":"Edit\u00f6r"},"url":"https:\/\/www.kariyer.net\/kariyer-rehberi\/author\/editor\/"}]}},"_links":{"self":[{"href":"https:\/\/www.kariyer.net\/kariyer-rehberi\/wp-json\/wp\/v2\/posts\/22000","targetHints":{"allow":["GET"]}}],"collection":[{"href":"https:\/\/www.kariyer.net\/kariyer-rehberi\/wp-json\/wp\/v2\/posts"}],"about":[{"href":"https:\/\/www.kariyer.net\/kariyer-rehberi\/wp-json\/wp\/v2\/types\/post"}],"author":[{"embeddable":true,"href":"https:\/\/www.kariyer.net\/kariyer-rehberi\/wp-json\/wp\/v2\/users\/12"}],"replies":[{"embeddable":true,"href":"https:\/\/www.kariyer.net\/kariyer-rehberi\/wp-json\/wp\/v2\/comments?post=22000"}],"version-history":[{"count":3,"href":"https:\/\/www.kariyer.net\/kariyer-rehberi\/wp-json\/wp\/v2\/posts\/22000\/revisions"}],"predecessor-version":[{"id":22004,"href":"https:\/\/www.kariyer.net\/kariyer-rehberi\/wp-json\/wp\/v2\/posts\/22000\/revisions\/22004"}],"wp:featuredmedia":[{"embeddable":true,"href":"https:\/\/www.kariyer.net\/kariyer-rehberi\/wp-json\/wp\/v2\/media\/22001"}],"wp:attachment":[{"href":"https:\/\/www.kariyer.net\/kariyer-rehberi\/wp-json\/wp\/v2\/media?parent=22000"}],"wp:term":[{"taxonomy":"category","embeddable":true,"href":"https:\/\/www.kariyer.net\/kariyer-rehberi\/wp-json\/wp\/v2\/categories?post=22000"},{"taxonomy":"post_tag","embeddable":true,"href":"https:\/\/www.kariyer.net\/kariyer-rehberi\/wp-json\/wp\/v2\/tags?post=22000"}],"curies":[{"name":"wp","href":"https:\/\/api.w.org\/{rel}","templated":true}]}}