{"id":22018,"date":"2025-04-03T14:32:25","date_gmt":"2025-04-03T11:32:25","guid":{"rendered":"https:\/\/www.kariyer.net\/kariyer-rehberi\/?p=22018"},"modified":"2025-04-03T14:32:53","modified_gmt":"2025-04-03T11:32:53","slug":"ikale-ile-isten-ayrilma-nedir-surec-nasil-isler","status":"publish","type":"post","link":"https:\/\/www.kariyer.net\/kariyer-rehberi\/ikale-ile-isten-ayrilma-nedir-surec-nasil-isler\/","title":{"rendered":"\u0130kale ile i\u015ften ayr\u0131lma nedir, s\u00fcre\u00e7 nas\u0131l i\u015fler?"},"content":{"rendered":"<p><strong>\u0130kale s\u00f6zle\u015fmesi, seninle i\u015fverenin anla\u015farak i\u015f ili\u015fkisini sonland\u0131rd\u0131\u011f\u0131 bir yoldur. \u0130\u015fveren, ileride dava a\u00e7\u0131lma ihtimalini bertaraf etmek i\u00e7in sen de baz\u0131 haklar\u0131n\u0131 g\u00fcvence alt\u0131na almak amac\u0131yla ikale s\u00f6zle\u015fmesi ile i\u015ften ayr\u0131lma y\u00f6ntemini de\u011ferlendirebilirsin. Ancak dikkatli olmakta fayda var; \u00e7\u00fcnk\u00fc s\u00f6zle\u015fmeyi imzalad\u0131\u011f\u0131nda, k\u0131dem tazminat\u0131 ya da ihbar tazminat\u0131 gibi \u00f6nemli haklar\u0131ndan vazge\u00e7mi\u015f say\u0131labilirsin. Dahas\u0131, imza att\u0131ktan sonra i\u015fe iade davas\u0131 a\u00e7ma hakk\u0131n\u0131 kaybediyorsun ve i\u015fsizlik maa\u015f\u0131 ya da i\u015f g\u00fcvencesi gibi imkanlardan yararlanam\u0131yorsun. Bu y\u00fczden, kalemi eline almadan \u00f6nce s\u00f6zle\u015fmenin her bir maddesini dikkatlice okuyup anlaman \u00e7ok \u00f6nemli.<\/strong><span style=\"font-weight: 400;\"><br \/>\n<\/span><\/p>\n<h2><b>\u0130kale i\u015ften ayr\u0131lma nedir?<\/b><b><br \/>\n<\/b><\/h2>\n<p><span style=\"font-weight: 400;\">E\u011fer i\u015f d\u00fcnyas\u0131ndaysan, <\/span><b>ikale ile i\u015ften ayr\u0131lma nedir <\/b><span style=\"font-weight: 400;\">sorusunun cevab\u0131n\u0131 bilmen kesinlikle i\u015fine yarayacakt\u0131r. \u0130kale s\u00f6zle\u015fmesi; seninle i\u015fverenin bir araya gelip i\u015f ili\u015fkisini kar\u015f\u0131l\u0131kl\u0131 anla\u015fmayla bitirdi\u011finiz bir yoldur. Burada en \u00f6nemli nokta, i\u015f s\u00f6zle\u015fmesinin tek tarafl\u0131 bir kararla de\u011fil, senin de i\u015fverenin de r\u0131zas\u0131yla sona ermesidir.<\/span><span style=\"font-weight: 400;\"><br \/>\n<\/span><\/p>\n<p><span style=\"font-weight: 400;\">\u0130kale ile i\u015ften ayr\u0131lma, s\u00fcreci senin i\u00e7in de i\u015fveren i\u00e7in de daha sorunsuz ve \u00f6ng\u00f6r\u00fclebilir hale getirir. Haklar\u0131n ve sorumluluklar\u0131n ba\u015ftan netle\u015fmesi sayesinde ileride herhangi bir kar\u0131\u015f\u0131kl\u0131k ya\u015fama ihtimali ortadan kalkar. Mesela, sen i\u015fverene \u201cK\u0131dem tazminat\u0131m\u0131 al\u0131rsam i\u015ften ayr\u0131l\u0131r\u0131m\u201d dedi\u011finde, o da bunu kabul ederse ikale s\u00f6zle\u015fmesi devreye girer. Yani <\/span><b>ikale ile fesih<\/b><span style=\"font-weight: 400;\">, tek tarafl\u0131 i\u015f s\u00f6zle\u015fmesi iptalinden ziyade, kar\u015f\u0131l\u0131kl\u0131 bir uzla\u015f\u0131ya dayal\u0131 olarak ger\u00e7ekle\u015ftirilir.<\/span><span style=\"font-weight: 400;\"><br \/>\n<\/span><span style=\"font-weight: 400;\">\u00a0<\/span><\/p>\n<p><span style=\"font-weight: 400;\">\u0130kale s\u00f6zle\u015fmesi, tazminat hakk\u0131n\u0131 ya da ek haklar\u0131n\u0131 g\u00fcvence alt\u0131na alman\u0131 sa\u011flarken, i\u015fveren i\u00e7in de ayr\u0131l\u0131k s\u00fcrecini planl\u0131 ve kontroll\u00fc bir \u015fekilde y\u00f6netme imk\u00e2n\u0131 sunar. <\/span><b>\u0130kale yoluyla i\u015ften ayr\u0131lma<\/b><span style=\"font-weight: 400;\">, i\u015f d\u00fcnyas\u0131nda hem senin hem de i\u015fverenin faydas\u0131na olan, profesyonel ve s\u0131k kullan\u0131lan bir y\u00f6ntemdir.\u00a0<\/span><\/p>\n<h2><b>\u0130kale s\u00f6zle\u015fmesi \u015fartlar\u0131 nelerdir?\u00a0<\/b><\/h2>\n<p><span style=\"font-weight: 400;\">\u0130kale s\u00f6zle\u015fmesi, seninle i\u015fverenin kar\u015f\u0131l\u0131kl\u0131 anla\u015farak i\u015f s\u00f6zle\u015fmesini bitirdi\u011finiz y\u00f6ntemdir; ama anla\u015fman\u0131n ge\u00e7erli olmas\u0131 i\u00e7in baz\u0131 \u015fartlar\u0131n yerine getirilmesi gerekir.<\/span><\/p>\n<ul>\n<li style=\"font-weight: 400;\" aria-level=\"1\"><span style=\"font-weight: 400;\">\u00d6ncelikle, tamamen kendi iste\u011finle anla\u015fmay\u0131 kabul etmelisin. Yani, kimse seni zorlayamaz. Ayr\u0131ca her \u015feyin net olmas\u0131 i\u00e7in s\u00f6zle\u015fmenin yaz\u0131l\u0131 olarak haz\u0131rlanmas\u0131 ve her iki taraf\u0131n da imzalamas\u0131 \u015fart. B\u00f6ylece sonradan bir sorun \u00e7\u0131kmaz, neye imza att\u0131\u011f\u0131n\u0131 bilirsin.<\/span><\/li>\n<li style=\"font-weight: 400;\" aria-level=\"1\"><span style=\"font-weight: 400;\">Bir de haklar\u0131n\u0131 iyi bilmen laz\u0131m. \u0130\u015ften ayr\u0131l\u0131rken herhangi bir kayb\u0131n olmamas\u0131 i\u00e7in i\u015fverenin seni her konuda a\u00e7\u0131k\u00e7a bilgilendirmesi \u00f6nemlidir. Yoksa sonradan s\u0131k\u0131nt\u0131 ya\u015fayabilirsin.<\/span><\/li>\n<li style=\"font-weight: 400;\" aria-level=\"1\"><span style=\"font-weight: 400;\">Bunun d\u0131\u015f\u0131nda, i\u015fverenle kendi aran\u0131zda ek \u015fartlar da belirleyebilirsiniz. Mesela i\u015fveren sana tazminat \u00f6demeyi kabul edebilir ya da ayr\u0131lmadan \u00f6nce belli bir ihbar s\u00fcresi belirleyebilirsiniz. Kar\u015f\u0131l\u0131kl\u0131 anla\u015farak ek haklar ve sorumluluklar da ekleyebilirsiniz. \u00d6nemli olan, iki taraf\u0131n da \u015fartlar\u0131 kabul etmesidir.<\/span><\/li>\n<\/ul>\n<p><b>\u0130kale yolu ile i\u015ften ayr\u0131lma<\/b><span style=\"font-weight: 400;\">, taraflar\u0131n anla\u015farak i\u015f ili\u015fkisini sona erdirmelerine olanak tan\u0131rken, s\u00fcrecin d\u00fczg\u00fcn ve adil bir \u015fekilde i\u015flemesi i\u00e7in hem zorunlu hem de iste\u011fe ba\u011fl\u0131 \u015fartlar\u0131n dikkatle d\u00fczenlenmesi \u00f6nemlidir.\u00a0<\/span><\/p>\n<h2><b>\u0130kale s\u00f6zle\u015fmesi nas\u0131l yap\u0131l\u0131r?\u00a0<\/b><\/h2>\n<p><span style=\"font-weight: 400;\">Bir \u00e7al\u0131\u015fanla yollar\u0131n\u0131 ay\u0131rmak istiyorsun ya da \u00e7al\u0131\u015ft\u0131\u011f\u0131n yerden ayr\u0131lmay\u0131 planl\u0131yorsan ikale s\u00f6zle\u015fmesi ile s\u00fcreci daha kontrol edilebilir hale getirebilirsin, ama <\/span><b>anla\u015fmal\u0131 i\u015ften ayr\u0131lma<\/b><span style=\"font-weight: 400;\"> s\u00f6zle\u015fmesinin ge\u00e7erli olmas\u0131 i\u00e7in baz\u0131 kurallara dikkat etmen laz\u0131m. \u00d6ncelikle, her \u015feyin yaz\u0131l\u0131 olmas\u0131 \u015fartt\u0131r ve hem senin hem de kar\u015f\u0131 taraf\u0131n haklar\u0131n\u0131 koruyacak \u015fekilde detayl\u0131 bir \u015fekilde haz\u0131rlanmal\u0131d\u0131r.\u00a0<\/span><\/p>\n<p><span style=\"font-weight: 400;\">\u0130kale s\u00f6zle\u015fmesi yaparken a\u015fa\u011f\u0131daki \u00f6rne\u011fi bir rehber gibi kullanabilirsin:\u00a0<\/span><\/p>\n<p><em><span style=\"font-weight: 400;\">Bu anla\u015fma, [\u0130\u015fverenin Ad\u0131 ve Adresi] ile [\u0130\u015f\u00e7inin Ad\u0131 ve Adresi] aras\u0131nda, i\u015f ili\u015fkisini kar\u015f\u0131l\u0131kl\u0131 anla\u015farak sonland\u0131rmak i\u00e7in yap\u0131lm\u0131\u015ft\u0131r. Taraflar, i\u015fin [Tarih] itibar\u0131yla sona erece\u011fini kabul etmi\u015ftir. Bu kapsamda i\u015fveren, i\u015f\u00e7iye [Tazminat Miktar\u0131] tutar\u0131nda \u00f6deme yapacak, i\u015f\u00e7i de i\u015ften ayr\u0131lmadan \u00f6nce [\u0130hbar S\u00fcresi] boyunca \u00e7al\u0131\u015fmaya devam edecektir. Taraflar, s\u00f6zle\u015fme ile birbirlerinden ba\u015fka herhangi bir hak ya da alacak talep etmeyeceklerini kabul eder. \u0130\u015f\u00e7i, t\u00fcm hak ve \u00f6demelerini ald\u0131\u011f\u0131n\u0131 onaylar. Her iki taraf da anla\u015fmay\u0131 tamamen kendi \u00f6zg\u00fcr iradesiyle, herhangi bir bask\u0131 olmadan imzalam\u0131\u015ft\u0131r. S\u00f6zle\u015fme [Adet] n\u00fcsha olarak haz\u0131rlanm\u0131\u015f ve imzalanm\u0131\u015ft\u0131r.<\/span><\/em><\/p>\n<p><b>\u0130\u015fveren:<\/b><span style=\"font-weight: 400;\"> [\u0130mza]<\/span><span style=\"font-weight: 400;\"><br \/>\n<\/span><b>\u0130\u015f\u00e7i:<\/b><span style=\"font-weight: 400;\"> [\u0130mza]<\/span><\/p>\n<p><span style=\"font-weight: 400;\">\u0130\u015fveren ya da i\u015f\u00e7i olman \u00f6nemli de\u011fil&#8230; Haklar\u0131n\u0131 g\u00fcvence alt\u0131na almak ve s\u00fcreci sorunsuz ilerletmek istiyorsan, t\u00fcm detaylar\u0131 a\u00e7\u0131k ve net bir \u015fekilde belirlemelisin. B\u00f6ylelikle ikale ile i\u015ften ayr\u0131lma s\u00fcrecini en iyi \u015fekilde y\u00f6netebilirsin.<\/span><span style=\"font-weight: 400;\"><br \/>\n<\/span><\/p>\n<h2><b>Kimler ikale s\u00f6zle\u015fmesi ile i\u015ften ayr\u0131labilir?<\/b><b><br \/>\n<\/b><\/h2>\n<p><span style=\"font-weight: 400;\">\u0130kale ile i\u015ften ayr\u0131lma, tamamen kar\u015f\u0131l\u0131kl\u0131 anla\u015fmaya dayal\u0131 oldu\u011fu i\u00e7in hem i\u015f\u00e7i hem de i\u015fveren tercih edebilir. Ancak buradaki \u00f6nemli nokta; i\u015f\u00e7inin ikale s\u00f6zle\u015fmesi ile i\u015ften \u00e7\u0131kabilmesi i\u00e7in i\u015fverenin de anla\u015fmay\u0131 kabul etmesidir. Yani, i\u015f\u00e7i tek ba\u015f\u0131na s\u00f6zle\u015fmeyi talep edebilir, ama i\u015fveren onaylamad\u0131k\u00e7a s\u00fcre\u00e7 tamamlanmaz. Ayn\u0131 \u015fekilde, i\u015fveren de i\u015f\u00e7iye s\u00f6zle\u015fme yapmak i\u00e7in teklif sunabilir, ancak i\u015f\u00e7i kabul etmezse ikale ger\u00e7ekle\u015fmez.<\/span><span style=\"font-weight: 400;\"><br \/>\n<\/span><\/p>\n<h2><b>\u0130kale s\u00f6zle\u015fmesinin sonu\u00e7lar\u0131\u00a0<\/b><\/h2>\n<p><span style=\"font-weight: 400;\">\u0130kale s\u00f6zle\u015fmesini imzalad\u0131\u011f\u0131nda, i\u015ften \u00e7\u0131kar\u0131lma s\u00fcrecinde ge\u00e7erli olan baz\u0131 haklar\u0131n art\u0131k ge\u00e7erli olmayaca\u011f\u0131n\u0131 bilmelisin. \u00c7\u00fcnk\u00fc ikale, i\u015fverenin seni i\u015ften \u00e7\u0131karmas\u0131 ya da <\/span><a href=\"https:\/\/www.kariyer.net\/ik-blog\/istifa-etmek-istiyorum-dogru-zaman-mi\/\"><span style=\"font-weight: 400;\">istifa etmek<\/span><\/a><span style=\"font-weight: 400;\"> gibi bir durum de\u011fil, tamamen kar\u015f\u0131l\u0131kl\u0131 anla\u015fmaya dayal\u0131 bir s\u00fcre\u00e7tir.\u00a0<\/span><\/p>\n<p><span style=\"font-weight: 400;\">Normalde, i\u015f s\u00f6zle\u015fmesi feshedildi\u011finde k\u0131dem ve ihbar tazminat\u0131 gibi haklar devreye girer. Ancak ikale ile i\u015ften ayr\u0131lma durumunda, bu haklara do\u011frudan sahip olamazs\u0131n. \u00c7\u00fcnk\u00fc burada i\u015ften \u00e7\u0131kar\u0131lan biri de\u011fil, kar\u015f\u0131l\u0131kl\u0131 uzla\u015fmayla i\u015f ili\u015fkisini sonland\u0131ran biri oluyorsun. Ayn\u0131 \u015fekilde, i\u015fveren seni tek tarafl\u0131 olarak i\u015ften \u00e7\u0131karm\u0131\u015f say\u0131lmad\u0131\u011f\u0131 i\u00e7in i\u015fe iade davas\u0131 a\u00e7ma hakk\u0131n da olmaz.\u00a0<\/span><\/p>\n<p><span style=\"font-weight: 400;\">\u0130kale s\u00f6zle\u015fmesine imza att\u0131\u011f\u0131nda, art\u0131k i\u015fe d\u00f6n\u00fc\u015f talebinde bulunamaz ve k\u0131dem ya da ihbar tazminat\u0131n\u0131 otomatik olarak hak etti\u011fini d\u00fc\u015f\u00fcnemezsin. Dolay\u0131s\u0131yla, anla\u015fmay\u0131 imzalamadan \u00f6nce t\u00fcm detaylar\u0131 iyice de\u011ferlendirmen \u015fart.\u00a0<\/span><\/p>\n<h2><b>\u0130kale s\u00f6zle\u015fmesi sonras\u0131nda tazminat hakk\u0131<\/b><b><br \/>\n<\/b><\/h2>\n<p><span style=\"font-weight: 400;\">\u0130kale s\u00f6zle\u015fmesini imzalad\u0131\u011f\u0131nda baz\u0131 haklardan otomatik olarak vazge\u00e7mi\u015f olabilirsin. \u00d6rne\u011fin, k\u0131dem ve ihbar tazminat\u0131 talep edemez, i\u015fe iade davas\u0131 a\u00e7amaz ve i\u015fsizlik maa\u015f\u0131 gibi haklardan yararlanamazs\u0131n. \u0130\u015fte bu y\u00fczden i\u015fverenler, i\u015f akdini sonland\u0131r\u0131rken \u00e7o\u011fu zaman ikale ile i\u015ften ayr\u0131lma y\u00f6ntemini tercih eder.<\/span><\/p>\n<p><span style=\"font-weight: 400;\">Ancak ikale s\u00f6zle\u015fmesi ge\u00e7erlilik \u015fartlar\u0131n\u0131 ta\u015f\u0131m\u0131yorsa, yani hukuken sa\u011flam bir zemine oturmuyorsa, imzalanan s\u00f6zle\u015fmenin bir anlam\u0131 olmaz. B\u00f6yle bir durumda, i\u015f\u00e7i olarak hakk\u0131n\u0131 aramak i\u00e7in dava a\u00e7abilir ve <\/span><b>ikale tazminat\u0131<\/b><span style=\"font-weight: 400;\"> ile di\u011fer alacaklar\u0131n\u0131 talep edebilirsin.<\/span><\/p>\n<p><span style=\"font-weight: 400;\">E\u011fer tazminat\u0131n\u0131 alamad\u0131ysan ya da <\/span><b>anla\u015fmal\u0131 i\u015ften ayr\u0131lma haklar<\/b><span style=\"font-weight: 400;\">\u0131 konusunda zarara u\u011frad\u0131\u011f\u0131n\u0131 d\u00fc\u015f\u00fcn\u00fcyorsan, yasal yollardan hakk\u0131n\u0131 arayabilirsin.<\/span><\/p>\n<h2><b>\u0130kale s\u00f6zle\u015fmesi nas\u0131l sonland\u0131r\u0131l\u0131r ve iptal edilir?<\/b><b><br \/>\n<\/b><\/h2>\n<p><span style=\"font-weight: 400;\">\u0130kale s\u00f6zle\u015fmesinin sonland\u0131r\u0131lmas\u0131 ya da iptal edilmesi, taraflar\u0131n kar\u015f\u0131l\u0131kl\u0131 anla\u015fmas\u0131na veya yasal sebeplere dayanarak yap\u0131labilir. Ancak burada dikkat edilmesi gereken en \u00f6nemli nokta, s\u00f6zle\u015fmenin iptal edilmesi ya da sona erdirilmesi durumunda karar\u0131n yaz\u0131l\u0131 olarak bildirilmesidir. Aksi takdirde, ileride ispat g\u00fc\u00e7l\u00fc\u011f\u00fc ya\u015fanabilir.<\/span><\/p>\n<p><span style=\"font-weight: 400;\">E\u011fer ikale s\u00f6zle\u015fmesinin \u015fartlar\u0131 yerine getirilmezse ve bir taraf durumdan \u015fik\u00e2yet\u00e7i olursa, hukuki olarak dava a\u00e7ma hakk\u0131 do\u011far. Yani, ikale s\u00f6zle\u015fmesinin gereklilikleri yerine getirilmedi\u011finde, taraflardan biri di\u011ferine kar\u015f\u0131 icra yoluyla ba\u015fvurabilir. Bu nedenle, s\u00fcrecin dikkatlice y\u00f6netilmesi ve her \u015feyin yaz\u0131l\u0131 olarak belgelenmesi b\u00fcy\u00fck \u00f6nem ta\u015f\u0131r.<\/span><\/p>\n<p><span style=\"font-weight: 400;\">Ayr\u0131ca ikale ile i\u015ften ayr\u0131lma durumunda, i\u015fverenin SGK\u2019ya <a href=\"https:\/\/www.kariyer.net\/kariyer-rehberi\/sgk-isten-cikis-kodlari\/\" target=\"_blank\" rel=\"noopener\"><strong>i\u015ften \u00e7\u0131k\u0131\u015f kodu<\/strong><\/a> olarak 22 (Di\u011fer nedenler) bildiriminde bulunmas\u0131 gerekir. Ancak uygulamada s\u0131kl\u0131kla <\/span><b>4 i\u015ften \u00e7\u0131k\u0131\u015f kodu<\/b><span style=\"font-weight: 400;\"> (Belirsiz s\u00fcreli i\u015f s\u00f6zle\u015fmesinin i\u015fveren taraf\u0131ndan hakl\u0131 bir sebep olmaks\u0131z\u0131n feshi) kullan\u0131l\u0131r. Bu durumda, ilerleyen s\u00fcre\u00e7te a\u00e7\u0131labilecek bir davada mahkeme, <\/span><b>ikale i\u015ften \u00e7\u0131k\u0131\u015f kodu<\/b><span style=\"font-weight: 400;\"> yanl\u0131\u015f kullan\u0131ld\u0131\u011f\u0131 i\u00e7in ikale s\u00f6zle\u015fmesini ge\u00e7ersiz kabul edebilir.\u00a0<\/span><\/p>\n<h2><b>\u0130kale s\u00f6zle\u015fmesi hangi durumlarda kullan\u0131l\u0131r?<\/b><b><br \/>\n<\/b><\/h2>\n<p><span style=\"font-weight: 400;\">\u0130\u015fveren ve \u00e7al\u0131\u015fan\u0131n kar\u015f\u0131l\u0131kl\u0131 anla\u015farak yollar\u0131n\u0131 ay\u0131rmas\u0131n\u0131 sa\u011flayan ikale s\u00f6zle\u015fmesi farkl\u0131 durumlarda devreye girebilir.\u00a0<\/span><\/p>\n<p><span style=\"font-weight: 400;\">E\u011fer k\u00fc\u00e7\u00fck ve orta \u00f6l\u00e7ekli bir i\u015fletmede \u00e7al\u0131\u015f\u0131yorsan, i\u015f g\u00fcc\u00fc ihtiyac\u0131n\u0131n s\u00fcrekli de\u011fi\u015febilece\u011fini bilirsin. Bu t\u00fcr i\u015fletmelerde, ekonomik dalgalanmalar ya da operasyonel de\u011fi\u015fiklikler nedeniyle i\u015fverenler ikale ile i\u015ften ayr\u0131lma y\u00f6ntemine s\u0131k\u00e7a ba\u015fvurabilir.\u00a0<\/span><\/p>\n<p><span style=\"font-weight: 400;\">B\u00fcy\u00fck \u015firketlerde ise durum biraz daha farkl\u0131d\u0131r. Yap\u0131sal de\u011fi\u015fiklikler, maliyet azaltma politikalar\u0131 ya da stratejik kararlar nedeniyle baz\u0131 \u00e7al\u0131\u015fanlarla yollar ayr\u0131labilir. \u015eirketler yeniden yap\u0131lanmaya gitti\u011finde, baz\u0131 departmanlar\u0131 kapatma ihtiyac\u0131 do\u011fabildi\u011finden dolay\u0131 ikale ile i\u015ften ayr\u0131lma bir \u00e7\u00f6z\u00fcm olarak kullan\u0131l\u0131r.\u00a0<\/span><\/p>\n<p><span style=\"font-weight: 400;\">Tabii ki, s\u00fcre\u00e7 sadece i\u015fverenin inisiyatifiyle i\u015flemez. \u00c7al\u0131\u015fan olarak senin de ki\u015fisel sebeplerin olabilir. \u00d6rne\u011fin, sa\u011fl\u0131k sorunlar\u0131, ailevi nedenler ya da kariyer de\u011fi\u015fikli\u011fi gibi sebeplerle i\u015ften ayr\u0131lmak isteyebilirsin. B\u00f6yle bir durumda ikale s\u00f6zle\u015fmesi, i\u015fverenle uzla\u015farak s\u00fcreci daha sorunsuz ve hukuki zeminde tamamlaman\u0131 m\u00fcmk\u00fcn k\u0131lar.\u00a0<\/span><\/p>\n<p><span style=\"font-weight: 400;\">Sonu\u00e7 olarak ikale s\u00f6zle\u015fmesi hem i\u015fverenin hem de \u00e7al\u0131\u015fan\u0131n ma\u011fdur olmadan i\u015f ili\u015fkisini bitirebilmesi i\u00e7in adil bir yol sunar. Ancak s\u00fcrecin ger\u00e7ekten adil ve hukuka uygun olmas\u0131 i\u00e7in ikale ile i\u015ften ayr\u0131lma s\u00fcreci \u00f6ncesinde hukuki destek alman yarar\u0131na olacakt\u0131r.<\/span><span style=\"font-weight: 400;\"><br \/>\n<\/span><\/p>\n<!-- templates\/buttons-placeholder.php -->\n<div class=\"da-reactions-outer TpostID22018\">\n\t    <div class=\"da-reactions-data da-reactions-container-async center\"\n         data-type=\"post\"\n         data-id=\"22018\"\n         id=\"da-reactions-slot-post-22018\">\n        <div class=\"da-reactions-static\">\n\t\t\t<img src=\"https:\/\/www.kariyer.net\/kariyer-rehberi\/wp-content\/plugins\/da-reactions\/assets\/dist\/loading.svg\" alt=\"Loading spinner\" width=\"48\" height=\"48\" style=\"width:48px\" \/>\n        <\/div>\n    <\/div>\n<\/div>\n","protected":false},"excerpt":{"rendered":"<p>\u0130kale s\u00f6zle\u015fmesi, seninle i\u015fverenin anla\u015farak i\u015f ili\u015fkisini sonland\u0131rd\u0131\u011f\u0131 bir yoldur. \u0130\u015fveren, ileride dava a\u00e7\u0131lma ihtimalini bertaraf etmek i\u00e7in sen de baz\u0131 haklar\u0131n\u0131 g\u00fcvence alt\u0131na almak amac\u0131yla ikale s\u00f6zle\u015fmesi ile i\u015ften ayr\u0131lma y\u00f6ntemini de\u011ferlendirebilirsin. Ancak dikkatli olmakta fayda var; \u00e7\u00fcnk\u00fc s\u00f6zle\u015fmeyi imzalad\u0131\u011f\u0131nda, k\u0131dem tazminat\u0131 ya da ihbar tazminat\u0131 gibi \u00f6nemli haklar\u0131ndan vazge\u00e7mi\u015f say\u0131labilirsin. Dahas\u0131, imza att\u0131ktan [&hellip;]<\/p>\n<!-- templates\/buttons-placeholder.php -->\n<div class=\"da-reactions-outer TpostID22018\">\n\t    <div class=\"da-reactions-data da-reactions-container-async center\"\n         data-type=\"post\"\n         data-id=\"22018\"\n         id=\"da-reactions-slot-post-22018\">\n        <div class=\"da-reactions-static\">\n\t\t\t<img src=\"https:\/\/www.kariyer.net\/kariyer-rehberi\/wp-content\/plugins\/da-reactions\/assets\/dist\/loading.svg\" alt=\"Loading spinner\" width=\"48\" height=\"48\" style=\"width:48px\" \/>\n        <\/div>\n    <\/div>\n<\/div>\n","protected":false},"author":12,"featured_media":22020,"comment_status":"closed","ping_status":"open","sticky":false,"template":"","format":"standard","meta":{"footnotes":"","_elementor_edit_mode":"","_elementor_template_type":"","_elementor_data":"","_elementor_page_settings":null,"_elementor_conditions":[]},"categories":[2218],"tags":[],"class_list":{"0":"post-22018","1":"post","2":"type-post","3":"status-publish","4":"format-standard","5":"has-post-thumbnail","7":"category-is-hukuku"},"yoast_head":"<!-- This site is optimized with the Yoast SEO Premium plugin v21.4 (Yoast SEO v27.0) - https:\/\/yoast.com\/product\/yoast-seo-premium-wordpress\/ -->\n<title>\u0130kale ile i\u015ften ayr\u0131lma nedir, s\u00fcre\u00e7 nas\u0131l i\u015fler?<\/title>\n<meta name=\"description\" content=\"\u0130\u015fveren, ileride dava a\u00e7\u0131lma ihtimalini \u00f6nlemek, sen de baz\u0131 haklar\u0131n\u0131 g\u00fcvence alt\u0131na almak amac\u0131yla ikale s\u00f6zle\u015fmesi imzalayabilirsin.\" \/>\n<meta name=\"robots\" content=\"index, follow, max-snippet:-1, max-image-preview:large, max-video-preview:-1\" \/>\n<link rel=\"canonical\" href=\"https:\/\/www.kariyer.net\/kariyer-rehberi\/ikale-ile-isten-ayrilma-nedir-surec-nasil-isler\/\" \/>\n<meta property=\"og:locale\" content=\"tr_TR\" \/>\n<meta property=\"og:type\" content=\"article\" \/>\n<meta property=\"og:title\" content=\"\u0130kale ile i\u015ften ayr\u0131lma nedir, s\u00fcre\u00e7 nas\u0131l i\u015fler?\" \/>\n<meta property=\"og:description\" content=\"\u0130kale s\u00f6zle\u015fmesi, seninle i\u015fverenin anla\u015farak i\u015f ili\u015fkisini sonland\u0131rd\u0131\u011f\u0131 bir yoldur. \u0130\u015fveren, ileride dava a\u00e7\u0131lma ihtimalini bertaraf etmek i\u00e7in sen de\" \/>\n<meta property=\"og:url\" content=\"https:\/\/www.kariyer.net\/kariyer-rehberi\/ikale-ile-isten-ayrilma-nedir-surec-nasil-isler\/\" \/>\n<meta property=\"og:site_name\" content=\"Kariyer Rehberi\" \/>\n<meta property=\"article:published_time\" content=\"2025-04-03T11:32:25+00:00\" \/>\n<meta property=\"article:modified_time\" content=\"2025-04-03T11:32:53+00:00\" \/>\n<meta property=\"og:image\" content=\"https:\/\/www.kariyer.net\/kariyer-rehberi\/wp-content\/uploads\/2025\/04\/ikale_anlasmasi.jpg\" \/>\n\t<meta property=\"og:image:width\" content=\"900\" \/>\n\t<meta property=\"og:image:height\" content=\"600\" \/>\n\t<meta property=\"og:image:type\" content=\"image\/jpeg\" \/>\n<meta name=\"author\" content=\"Edit\u00f6r\" \/>\n<meta name=\"twitter:card\" content=\"summary_large_image\" \/>\n<meta name=\"twitter:label1\" content=\"Yazan:\" \/>\n\t<meta name=\"twitter:data1\" content=\"Edit\u00f6r\" \/>\n\t<meta name=\"twitter:label2\" content=\"Tahmini okuma s\u00fcresi\" \/>\n\t<meta name=\"twitter:data2\" content=\"8 dakika\" \/>\n<!-- \/ Yoast SEO Premium plugin. -->","yoast_head_json":{"title":"\u0130kale ile i\u015ften ayr\u0131lma nedir, s\u00fcre\u00e7 nas\u0131l i\u015fler?","description":"\u0130\u015fveren, ileride dava a\u00e7\u0131lma ihtimalini \u00f6nlemek, sen de baz\u0131 haklar\u0131n\u0131 g\u00fcvence alt\u0131na almak amac\u0131yla ikale s\u00f6zle\u015fmesi imzalayabilirsin.","robots":{"index":"index","follow":"follow","max-snippet":"max-snippet:-1","max-image-preview":"max-image-preview:large","max-video-preview":"max-video-preview:-1"},"canonical":"https:\/\/www.kariyer.net\/kariyer-rehberi\/ikale-ile-isten-ayrilma-nedir-surec-nasil-isler\/","og_locale":"tr_TR","og_type":"article","og_title":"\u0130kale ile i\u015ften ayr\u0131lma nedir, s\u00fcre\u00e7 nas\u0131l i\u015fler?","og_description":"\u0130kale s\u00f6zle\u015fmesi, seninle i\u015fverenin anla\u015farak i\u015f ili\u015fkisini sonland\u0131rd\u0131\u011f\u0131 bir yoldur. \u0130\u015fveren, ileride dava a\u00e7\u0131lma ihtimalini bertaraf etmek i\u00e7in sen de","og_url":"https:\/\/www.kariyer.net\/kariyer-rehberi\/ikale-ile-isten-ayrilma-nedir-surec-nasil-isler\/","og_site_name":"Kariyer Rehberi","article_published_time":"2025-04-03T11:32:25+00:00","article_modified_time":"2025-04-03T11:32:53+00:00","og_image":[{"width":900,"height":600,"url":"https:\/\/www.kariyer.net\/kariyer-rehberi\/wp-content\/uploads\/2025\/04\/ikale_anlasmasi.jpg","type":"image\/jpeg"}],"author":"Edit\u00f6r","twitter_card":"summary_large_image","twitter_misc":{"Yazan:":"Edit\u00f6r","Tahmini okuma s\u00fcresi":"8 dakika"},"schema":{"@context":"https:\/\/schema.org","@graph":[{"@type":"Article","@id":"https:\/\/www.kariyer.net\/kariyer-rehberi\/ikale-ile-isten-ayrilma-nedir-surec-nasil-isler\/#article","isPartOf":{"@id":"https:\/\/www.kariyer.net\/kariyer-rehberi\/ikale-ile-isten-ayrilma-nedir-surec-nasil-isler\/"},"author":{"name":"Edit\u00f6r","@id":"https:\/\/www.kariyer.net\/kariyer-rehberi\/#\/schema\/person\/94fd6e49c7ff1b1b2565a2cc4fd685dd"},"headline":"\u0130kale ile i\u015ften ayr\u0131lma nedir, s\u00fcre\u00e7 nas\u0131l i\u015fler?","datePublished":"2025-04-03T11:32:25+00:00","dateModified":"2025-04-03T11:32:53+00:00","mainEntityOfPage":{"@id":"https:\/\/www.kariyer.net\/kariyer-rehberi\/ikale-ile-isten-ayrilma-nedir-surec-nasil-isler\/"},"wordCount":1789,"publisher":{"@id":"https:\/\/www.kariyer.net\/kariyer-rehberi\/#organization"},"image":{"@id":"https:\/\/www.kariyer.net\/kariyer-rehberi\/ikale-ile-isten-ayrilma-nedir-surec-nasil-isler\/#primaryimage"},"thumbnailUrl":"https:\/\/www.kariyer.net\/kariyer-rehberi\/wp-content\/uploads\/2025\/04\/ikale_anlasmasi.jpg","articleSection":["\u0130\u015f Hukuku"],"inLanguage":"tr"},{"@type":"WebPage","@id":"https:\/\/www.kariyer.net\/kariyer-rehberi\/ikale-ile-isten-ayrilma-nedir-surec-nasil-isler\/","url":"https:\/\/www.kariyer.net\/kariyer-rehberi\/ikale-ile-isten-ayrilma-nedir-surec-nasil-isler\/","name":"\u0130kale ile i\u015ften ayr\u0131lma nedir, s\u00fcre\u00e7 nas\u0131l i\u015fler?","isPartOf":{"@id":"https:\/\/www.kariyer.net\/kariyer-rehberi\/#website"},"primaryImageOfPage":{"@id":"https:\/\/www.kariyer.net\/kariyer-rehberi\/ikale-ile-isten-ayrilma-nedir-surec-nasil-isler\/#primaryimage"},"image":{"@id":"https:\/\/www.kariyer.net\/kariyer-rehberi\/ikale-ile-isten-ayrilma-nedir-surec-nasil-isler\/#primaryimage"},"thumbnailUrl":"https:\/\/www.kariyer.net\/kariyer-rehberi\/wp-content\/uploads\/2025\/04\/ikale_anlasmasi.jpg","datePublished":"2025-04-03T11:32:25+00:00","dateModified":"2025-04-03T11:32:53+00:00","description":"\u0130\u015fveren, ileride dava a\u00e7\u0131lma ihtimalini \u00f6nlemek, sen de baz\u0131 haklar\u0131n\u0131 g\u00fcvence alt\u0131na almak amac\u0131yla ikale s\u00f6zle\u015fmesi imzalayabilirsin.","breadcrumb":{"@id":"https:\/\/www.kariyer.net\/kariyer-rehberi\/ikale-ile-isten-ayrilma-nedir-surec-nasil-isler\/#breadcrumb"},"inLanguage":"tr","potentialAction":[{"@type":"ReadAction","target":["https:\/\/www.kariyer.net\/kariyer-rehberi\/ikale-ile-isten-ayrilma-nedir-surec-nasil-isler\/"]}]},{"@type":"ImageObject","inLanguage":"tr","@id":"https:\/\/www.kariyer.net\/kariyer-rehberi\/ikale-ile-isten-ayrilma-nedir-surec-nasil-isler\/#primaryimage","url":"https:\/\/www.kariyer.net\/kariyer-rehberi\/wp-content\/uploads\/2025\/04\/ikale_anlasmasi.jpg","contentUrl":"https:\/\/www.kariyer.net\/kariyer-rehberi\/wp-content\/uploads\/2025\/04\/ikale_anlasmasi.jpg","width":900,"height":600},{"@type":"BreadcrumbList","@id":"https:\/\/www.kariyer.net\/kariyer-rehberi\/ikale-ile-isten-ayrilma-nedir-surec-nasil-isler\/#breadcrumb","itemListElement":[{"@type":"ListItem","position":1,"name":"Anasayfa","item":"https:\/\/www.kariyer.net\/kariyer-rehberi\/"},{"@type":"ListItem","position":2,"name":"\u0130kale ile i\u015ften ayr\u0131lma nedir, s\u00fcre\u00e7 nas\u0131l i\u015fler?"}]},{"@type":"WebSite","@id":"https:\/\/www.kariyer.net\/kariyer-rehberi\/#website","url":"https:\/\/www.kariyer.net\/kariyer-rehberi\/","name":"Kariyer Rehberi","description":"\u0130\u015f D\u00fcnyas\u0131yla \u0130lgili Bilmek \u0130stedi\u011finiz Her \u015eey","publisher":{"@id":"https:\/\/www.kariyer.net\/kariyer-rehberi\/#organization"},"potentialAction":[{"@type":"SearchAction","target":{"@type":"EntryPoint","urlTemplate":"https:\/\/www.kariyer.net\/kariyer-rehberi\/?s={search_term_string}"},"query-input":{"@type":"PropertyValueSpecification","valueRequired":true,"valueName":"search_term_string"}}],"inLanguage":"tr"},{"@type":"Organization","@id":"https:\/\/www.kariyer.net\/kariyer-rehberi\/#organization","name":"Kariyer.net","url":"https:\/\/www.kariyer.net\/kariyer-rehberi\/","logo":{"@type":"ImageObject","inLanguage":"tr","@id":"https:\/\/www.kariyer.net\/kariyer-rehberi\/#\/schema\/logo\/image\/","url":"https:\/\/www.kariyer.net\/kariyer-rehberi-new\/wp-content\/uploads\/2023\/01\/og-image11.jpg","contentUrl":"https:\/\/www.kariyer.net\/kariyer-rehberi-new\/wp-content\/uploads\/2023\/01\/og-image11.jpg","width":800,"height":800,"caption":"Kariyer.net"},"image":{"@id":"https:\/\/www.kariyer.net\/kariyer-rehberi\/#\/schema\/logo\/image\/"}},{"@type":"Person","@id":"https:\/\/www.kariyer.net\/kariyer-rehberi\/#\/schema\/person\/94fd6e49c7ff1b1b2565a2cc4fd685dd","name":"Edit\u00f6r","image":{"@type":"ImageObject","inLanguage":"tr","@id":"https:\/\/www.kariyer.net\/kariyer-rehberi\/#\/schema\/person\/image\/","url":"https:\/\/secure.gravatar.com\/avatar\/0c4fe6688343aed3693b15573beae12c08ace5565409d5ab7509bf9c115f458d?s=96&d=mm&r=g","contentUrl":"https:\/\/secure.gravatar.com\/avatar\/0c4fe6688343aed3693b15573beae12c08ace5565409d5ab7509bf9c115f458d?s=96&d=mm&r=g","caption":"Edit\u00f6r"},"url":"https:\/\/www.kariyer.net\/kariyer-rehberi\/author\/editor\/"}]}},"_links":{"self":[{"href":"https:\/\/www.kariyer.net\/kariyer-rehberi\/wp-json\/wp\/v2\/posts\/22018","targetHints":{"allow":["GET"]}}],"collection":[{"href":"https:\/\/www.kariyer.net\/kariyer-rehberi\/wp-json\/wp\/v2\/posts"}],"about":[{"href":"https:\/\/www.kariyer.net\/kariyer-rehberi\/wp-json\/wp\/v2\/types\/post"}],"author":[{"embeddable":true,"href":"https:\/\/www.kariyer.net\/kariyer-rehberi\/wp-json\/wp\/v2\/users\/12"}],"replies":[{"embeddable":true,"href":"https:\/\/www.kariyer.net\/kariyer-rehberi\/wp-json\/wp\/v2\/comments?post=22018"}],"version-history":[{"count":1,"href":"https:\/\/www.kariyer.net\/kariyer-rehberi\/wp-json\/wp\/v2\/posts\/22018\/revisions"}],"predecessor-version":[{"id":22019,"href":"https:\/\/www.kariyer.net\/kariyer-rehberi\/wp-json\/wp\/v2\/posts\/22018\/revisions\/22019"}],"wp:featuredmedia":[{"embeddable":true,"href":"https:\/\/www.kariyer.net\/kariyer-rehberi\/wp-json\/wp\/v2\/media\/22020"}],"wp:attachment":[{"href":"https:\/\/www.kariyer.net\/kariyer-rehberi\/wp-json\/wp\/v2\/media?parent=22018"}],"wp:term":[{"taxonomy":"category","embeddable":true,"href":"https:\/\/www.kariyer.net\/kariyer-rehberi\/wp-json\/wp\/v2\/categories?post=22018"},{"taxonomy":"post_tag","embeddable":true,"href":"https:\/\/www.kariyer.net\/kariyer-rehberi\/wp-json\/wp\/v2\/tags?post=22018"}],"curies":[{"name":"wp","href":"https:\/\/api.w.org\/{rel}","templated":true}]}}