{"id":22085,"date":"2025-04-16T16:58:09","date_gmt":"2025-04-16T13:58:09","guid":{"rendered":"https:\/\/www.kariyer.net\/kariyer-rehberi\/?p=22085"},"modified":"2025-04-16T16:59:05","modified_gmt":"2025-04-16T13:59:05","slug":"2025-tus-sinavi-ne-zaman","status":"publish","type":"post","link":"https:\/\/www.kariyer.net\/kariyer-rehberi\/2025-tus-sinavi-ne-zaman\/","title":{"rendered":"2025 TUS s\u0131nav\u0131 ne zaman?"},"content":{"rendered":"<p><strong>TUS (T\u0131pta Uzmanl\u0131k E\u011fitimi Giri\u015f S\u0131nav\u0131 ya da T\u0131pta Uzmanl\u0131k S\u0131nav\u0131) t\u0131p fak\u00fcltesi mezunlar\u0131n\u0131n yan\u0131 s\u0131ra eczac\u0131 ve kimyagerlerin girdi\u011fi s\u0131nav y\u0131lda iki kez yap\u0131l\u0131r. T\u0131p \u00f6\u011frencileri bu s\u0131navla uzmanla\u015facaklar\u0131 bran\u015flar\u0131 se\u00e7erler. 2025 TUS s\u0131nav\u0131 hakk\u0131nda daha fazla bilgi almak istersen, yaz\u0131m\u0131z\u0131 okumaya devam edebilirsin.<\/strong><\/p>\n<h2><b>2025 TUS s\u0131nav\u0131 ne zaman?<\/b><\/h2>\n<p><span style=\"font-weight: 400;\">TUS s\u0131nav\u0131na girmek istedi\u011finde sordu\u011fun sorulardan biri TUS s\u0131nav\u0131 ne zaman sorusudur. TUS her sene mart ve eyl\u00fcl ya da a\u011fustos aylar\u0131nda yap\u0131l\u0131r. \u00d6SYM taraf\u0131ndan yap\u0131lan s\u0131navlar T\u00fcrkiye\u2019de Ankara, \u0130stanbul, \u0130zmir, Adana, Antalya, Bursa, Diyarbak\u0131r, Erzurum, Kayseri, Konya, Malatya, Samsun, Trabzon ve Van\u2019da bulunan 15 s\u0131nav merkezinde ger\u00e7ekle\u015ftirilir. TUS s\u0131nav\u0131na girecekler <\/span><b>TUS s\u0131nav\u0131 ne zaman 2025<\/b><span style=\"font-weight: 400;\"> sorusunu y\u0131l\u0131n ba\u015f\u0131ndan itibaren sormaya ba\u015flarlar.\u00a0<\/span><\/p>\n<h2><b>2025 TUS s\u0131nav\u0131 tarihleri<\/b><b><br \/>\n<\/b><\/h2>\n<p><b>2025 TUS s\u0131nav\u0131<\/b><span style=\"font-weight: 400;\"> 23 Mart 2025 Pazar g\u00fcn\u00fc yap\u0131l\u0131r. S\u0131nav TTBT (Temel T\u0131p Bilimleri Testi) ve KTBT (Klinik T\u0131p Bilimleri Testi) olmak \u00fczere iki b\u00f6l\u00fcmden olu\u015fur. Adaylardan sabah saatlerinde olan ilk oturumda TTBT kitap\u00e7\u0131\u011f\u0131nda yer alan sorular\u0131 cevaplamalar\u0131 beklenir. 2. oturum ise \u00f6\u011fleden sonra yap\u0131l\u0131r. \u00d6\u011fleden sonra yap\u0131lan oturumun konusu Klinik T\u0131p Bilimleridir. \u00d6SYM s\u0131nav takvimine g\u00f6re di\u011fer 2025 TUS s\u0131nav\u0131 17.08.2025 tarihinde yap\u0131lacakt\u0131r. Bu s\u0131navlarda t\u0131pta uzmanl\u0131k e\u011fitimine kabul edilecek adaylar belirlenir.\u00a0\u00a0<\/span><\/p>\n<h2><b>2025 TUS s\u0131nav\u0131 ba\u015fvuru tarihleri<\/b><b><br \/>\n<\/b><\/h2>\n<p><span style=\"font-weight: 400;\">2025 TUS s\u0131nav\u0131 ba\u015fvurular\u0131 \u00d6SYM Aday \u0130\u015flemleri Sistemi (A\u0130S) \u00fczerinden yap\u0131l\u0131r. Sisteme girerek ba\u015fvuru \u00fccretini yat\u0131ran ve tercihlerini yapan adaylar TUS\u2019a girmeye hak kazan\u0131rlar. \u00d6SYM\u2019nin s\u0131nav takvimine g\u00f6re 23.03.2025 tarihinde yap\u0131lacak olan 1. d\u00f6nem 2025 TUS s\u0131nav\u0131 ba\u015fvuru tarihleri 04.02.2025-12.02.2025 aras\u0131 olarak belirlenmi\u015ftir. \u00d6SYM takviminde s\u0131nav sonu\u00e7lar\u0131n\u0131n ise 18.04.2025 tarihinde a\u00e7\u0131klanaca\u011f\u0131 belirtilir. 17.08.2025 tarihinde yap\u0131lacak 2.d\u00f6nem s\u0131nav ba\u015fvurular\u0131 ise 02.07.2025-09.07.2025 tarihleri aras\u0131nda yap\u0131labilecek, s\u0131nav sonu\u00e7lar\u0131 12.09.2025 tarihinde a\u00e7\u0131klanacakt\u0131r.<\/span><\/p>\n<h2><b>2025 TUS s\u0131nav\u0131 saat ka\u00e7ta ba\u015fl\u0131yor?<\/b><b><br \/>\n<\/b><\/h2>\n<p><span style=\"font-weight: 400;\">TUS s\u0131nav\u0131 iki oturumda yap\u0131l\u0131r. Birinci oturum genellikle sabah saat 10.15\u2019te ba\u015flar, 135 dakika s\u00fcrer. Ancak kesin saat i\u00e7in \u00d6SYM takvimini takip etmekte fayda var. \u0130lk b\u00f6l\u00fcmde adaylar 100 sorudan olu\u015fan Temel T\u0131p Bilimler Testini cevaplarlar. \u00d6\u011fleden sonraki oturum ise 14.45\u2019te ba\u015flar. \u0130kinci b\u00f6l\u00fcmde adaylardan Klinik T\u0131p Bilimleri Testinde yer alan 100 soruyu cevaplamalar\u0131 beklenir. 2. oturumda 135 dakika s\u00fcrer. \u0130ki b\u00f6l\u00fcm\u00fcn toplam s\u00fcresi 4.5 saattir.<\/span><\/p>\n<h2><b>2025 TUS s\u0131nav\u0131 ka\u00e7ta bitiyor?<\/b><b><br \/>\n<\/b><\/h2>\n<p><span style=\"font-weight: 400;\">\u00d6SYM web sitesinde ba\u015flang\u0131\u00e7 saati 10.15 olarak belirtilen 2025 TUS s\u0131nav\u0131 ilk oturum biti\u015f saati 12.30\u2019dur. \u0130lk oturumdan sonra adaylara \u00f6\u011fleden sonra 14.45\u2019e kadar zaman tan\u0131n\u0131r. Adaylar 14.45\u2019te ikinci oturuma girerler. 2. oturum ise 17.00\u2019de sona erer. S\u0131navdan 45 ve \u00fczeri puan alan adaylara baraj\u0131 ge\u00e7erek bran\u015f se\u00e7me hakk\u0131n\u0131 kazan\u0131rlar. Bununla birlikte T\u0131bbi Genetik, N\u00fckleer T\u0131p, Plastik, Rekonstr\u00fcktif ve Estetik Cerrahi gibi b\u00f6l\u00fcmlerin puan\u0131 70 \u00fczeri oldu\u011fundan bu b\u00f6l\u00fcmlerden birini tercih etmek istersen 70 \u00fczeri puan almay\u0131 hedeflemende fayda var.\u00a0<\/span><\/p>\n<h2><b>2025 TUS s\u0131nav\u0131 puan\u0131 hesaplama<\/b><b><br \/>\n<\/b><\/h2>\n<p><span style=\"font-weight: 400;\">2025 TUS s\u0131nav\u0131 puan\u0131 hesaplamas\u0131 s\u0131ras\u0131nda farkl\u0131 \u00e7arpanlar kullan\u0131l\u0131r. 3 yanl\u0131\u015f 1 do\u011fruyu g\u00f6t\u00fcrd\u00fc\u011f\u00fcnden emin olmad\u0131\u011f\u0131n cevaplar\u0131 bo\u015f b\u0131rakman avantaj\u0131na olabilir. Puan hesaplamada K ve T puan\u0131; Klinik T\u0131p Bilimleri ve Temel T\u0131p Bilimleri testlerinden elde edilen puanlar\u0131 ifade eder.<\/span><\/p>\n<p><span style=\"font-weight: 400;\">Eczac\u0131, <\/span><a href=\"https:\/\/www.kariyer.net\/pozisyonlar\/kimyager\" target=\"_blank\" rel=\"noopener\"><span style=\"font-weight: 400;\">kimyager<\/span><\/a><span style=\"font-weight: 400;\">, veteriner gibi t\u0131p d\u0131\u015f\u0131 b\u00f6l\u00fcmlerden s\u0131nava girecek adaylar ise sadece Temel T\u0131p Bilimleri Testini \u00e7\u00f6zerler. Puan hesaplamalar\u0131 t\u0131p mezunlar\u0131ndan farkl\u0131d\u0131r. A puan\u0131 ise T\u00fcrkiye Halk Sa\u011fl\u0131\u011f\u0131 Kurumu taraf\u0131ndan s\u00f6zle\u015fmeli atanacak hekimleri ve aile hekimleri uzmanl\u0131k e\u011fitimi ba\u015fvurular\u0131 i\u00e7in kullan\u0131l\u0131r.<\/span><\/p>\n<!-- templates\/buttons-placeholder.php -->\n<div class=\"da-reactions-outer TpostID22085\">\n\t    <div class=\"da-reactions-data da-reactions-container-async center\"\n         data-type=\"post\"\n         data-id=\"22085\"\n         id=\"da-reactions-slot-post-22085\">\n        <div class=\"da-reactions-static\">\n\t\t\t<img src=\"https:\/\/www.kariyer.net\/kariyer-rehberi\/wp-content\/plugins\/da-reactions\/assets\/dist\/loading.svg\" alt=\"Loading spinner\" width=\"48\" height=\"48\" style=\"width:48px\" \/>\n        <\/div>\n    <\/div>\n<\/div>\n","protected":false},"excerpt":{"rendered":"<p>TUS (T\u0131pta Uzmanl\u0131k E\u011fitimi Giri\u015f S\u0131nav\u0131 ya da T\u0131pta Uzmanl\u0131k S\u0131nav\u0131) t\u0131p fak\u00fcltesi mezunlar\u0131n\u0131n yan\u0131 s\u0131ra eczac\u0131 ve kimyagerlerin girdi\u011fi s\u0131nav y\u0131lda iki kez yap\u0131l\u0131r. T\u0131p \u00f6\u011frencileri bu s\u0131navla uzmanla\u015facaklar\u0131 bran\u015flar\u0131 se\u00e7erler. 2025 TUS s\u0131nav\u0131 hakk\u0131nda daha fazla bilgi almak istersen, yaz\u0131m\u0131z\u0131 okumaya devam edebilirsin. 2025 TUS s\u0131nav\u0131 ne zaman? TUS s\u0131nav\u0131na girmek istedi\u011finde sordu\u011fun [&hellip;]<\/p>\n<!-- templates\/buttons-placeholder.php -->\n<div class=\"da-reactions-outer TpostID22085\">\n\t    <div class=\"da-reactions-data da-reactions-container-async center\"\n         data-type=\"post\"\n         data-id=\"22085\"\n         id=\"da-reactions-slot-post-22085\">\n        <div class=\"da-reactions-static\">\n\t\t\t<img src=\"https:\/\/www.kariyer.net\/kariyer-rehberi\/wp-content\/plugins\/da-reactions\/assets\/dist\/loading.svg\" alt=\"Loading spinner\" width=\"48\" height=\"48\" style=\"width:48px\" \/>\n        <\/div>\n    <\/div>\n<\/div>\n","protected":false},"author":12,"featured_media":22086,"comment_status":"closed","ping_status":"open","sticky":false,"template":"","format":"standard","meta":{"footnotes":"","_elementor_edit_mode":"","_elementor_template_type":"","_elementor_data":"","_elementor_page_settings":null,"_elementor_conditions":[]},"categories":[2214],"tags":[],"class_list":{"0":"post-22085","1":"post","2":"type-post","3":"status-publish","4":"format-standard","5":"has-post-thumbnail","7":"category-yasam"},"yoast_head":"<!-- This site is optimized with the Yoast SEO Premium plugin v21.4 (Yoast SEO v27.0) - https:\/\/yoast.com\/product\/yoast-seo-premium-wordpress\/ -->\n<title>2025 TUS s\u0131nav\u0131 ne zaman?<\/title>\n<meta name=\"description\" content=\"T\u0131p fak\u00fcltesi mezunlar\u0131, eczac\u0131 ve kimyagerlerin girdi\u011fi, y\u0131lda iki kez yap\u0131lan uzmanl\u0131k e\u011fitimi s\u0131nav\u0131d\u0131r.\" \/>\n<meta name=\"robots\" content=\"index, follow, max-snippet:-1, max-image-preview:large, max-video-preview:-1\" \/>\n<link rel=\"canonical\" href=\"https:\/\/www.kariyer.net\/kariyer-rehberi\/2025-tus-sinavi-ne-zaman\/\" \/>\n<meta property=\"og:locale\" content=\"tr_TR\" \/>\n<meta property=\"og:type\" content=\"article\" \/>\n<meta property=\"og:title\" content=\"2025 TUS s\u0131nav\u0131 ne zaman?\" \/>\n<meta property=\"og:description\" content=\"TUS (T\u0131pta Uzmanl\u0131k E\u011fitimi Giri\u015f S\u0131nav\u0131 ya da T\u0131pta Uzmanl\u0131k S\u0131nav\u0131) t\u0131p fak\u00fcltesi mezunlar\u0131n\u0131n yan\u0131 s\u0131ra eczac\u0131 ve kimyagerlerin girdi\u011fi s\u0131nav y\u0131lda iki\" \/>\n<meta property=\"og:url\" content=\"https:\/\/www.kariyer.net\/kariyer-rehberi\/2025-tus-sinavi-ne-zaman\/\" \/>\n<meta property=\"og:site_name\" content=\"Kariyer Rehberi\" \/>\n<meta property=\"article:published_time\" content=\"2025-04-16T13:58:09+00:00\" \/>\n<meta property=\"article:modified_time\" content=\"2025-04-16T13:59:05+00:00\" \/>\n<meta property=\"og:image\" content=\"https:\/\/www.kariyer.net\/kariyer-rehberi\/wp-content\/uploads\/2025\/04\/tus_sinavi.jpg\" \/>\n\t<meta property=\"og:image:width\" content=\"900\" \/>\n\t<meta property=\"og:image:height\" content=\"600\" \/>\n\t<meta property=\"og:image:type\" content=\"image\/jpeg\" \/>\n<meta name=\"author\" content=\"Edit\u00f6r\" \/>\n<meta name=\"twitter:card\" content=\"summary_large_image\" \/>\n<meta name=\"twitter:label1\" content=\"Yazan:\" \/>\n\t<meta name=\"twitter:data1\" content=\"Edit\u00f6r\" \/>\n\t<meta name=\"twitter:label2\" content=\"Tahmini okuma s\u00fcresi\" \/>\n\t<meta name=\"twitter:data2\" content=\"4 dakika\" \/>\n<!-- \/ Yoast SEO Premium plugin. -->","yoast_head_json":{"title":"2025 TUS s\u0131nav\u0131 ne zaman?","description":"T\u0131p fak\u00fcltesi mezunlar\u0131, eczac\u0131 ve kimyagerlerin girdi\u011fi, y\u0131lda iki kez yap\u0131lan uzmanl\u0131k e\u011fitimi s\u0131nav\u0131d\u0131r.","robots":{"index":"index","follow":"follow","max-snippet":"max-snippet:-1","max-image-preview":"max-image-preview:large","max-video-preview":"max-video-preview:-1"},"canonical":"https:\/\/www.kariyer.net\/kariyer-rehberi\/2025-tus-sinavi-ne-zaman\/","og_locale":"tr_TR","og_type":"article","og_title":"2025 TUS s\u0131nav\u0131 ne zaman?","og_description":"TUS (T\u0131pta Uzmanl\u0131k E\u011fitimi Giri\u015f S\u0131nav\u0131 ya da T\u0131pta Uzmanl\u0131k S\u0131nav\u0131) t\u0131p fak\u00fcltesi mezunlar\u0131n\u0131n yan\u0131 s\u0131ra eczac\u0131 ve kimyagerlerin girdi\u011fi s\u0131nav y\u0131lda iki","og_url":"https:\/\/www.kariyer.net\/kariyer-rehberi\/2025-tus-sinavi-ne-zaman\/","og_site_name":"Kariyer Rehberi","article_published_time":"2025-04-16T13:58:09+00:00","article_modified_time":"2025-04-16T13:59:05+00:00","og_image":[{"width":900,"height":600,"url":"https:\/\/www.kariyer.net\/kariyer-rehberi\/wp-content\/uploads\/2025\/04\/tus_sinavi.jpg","type":"image\/jpeg"}],"author":"Edit\u00f6r","twitter_card":"summary_large_image","twitter_misc":{"Yazan:":"Edit\u00f6r","Tahmini okuma s\u00fcresi":"4 dakika"},"schema":{"@context":"https:\/\/schema.org","@graph":[{"@type":"Article","@id":"https:\/\/www.kariyer.net\/kariyer-rehberi\/2025-tus-sinavi-ne-zaman\/#article","isPartOf":{"@id":"https:\/\/www.kariyer.net\/kariyer-rehberi\/2025-tus-sinavi-ne-zaman\/"},"author":{"name":"Edit\u00f6r","@id":"https:\/\/www.kariyer.net\/kariyer-rehberi\/#\/schema\/person\/94fd6e49c7ff1b1b2565a2cc4fd685dd"},"headline":"2025 TUS s\u0131nav\u0131 ne zaman?","datePublished":"2025-04-16T13:58:09+00:00","dateModified":"2025-04-16T13:59:05+00:00","mainEntityOfPage":{"@id":"https:\/\/www.kariyer.net\/kariyer-rehberi\/2025-tus-sinavi-ne-zaman\/"},"wordCount":665,"publisher":{"@id":"https:\/\/www.kariyer.net\/kariyer-rehberi\/#organization"},"image":{"@id":"https:\/\/www.kariyer.net\/kariyer-rehberi\/2025-tus-sinavi-ne-zaman\/#primaryimage"},"thumbnailUrl":"https:\/\/www.kariyer.net\/kariyer-rehberi\/wp-content\/uploads\/2025\/04\/tus_sinavi.jpg","articleSection":["Ya\u015fam"],"inLanguage":"tr"},{"@type":"WebPage","@id":"https:\/\/www.kariyer.net\/kariyer-rehberi\/2025-tus-sinavi-ne-zaman\/","url":"https:\/\/www.kariyer.net\/kariyer-rehberi\/2025-tus-sinavi-ne-zaman\/","name":"2025 TUS s\u0131nav\u0131 ne zaman?","isPartOf":{"@id":"https:\/\/www.kariyer.net\/kariyer-rehberi\/#website"},"primaryImageOfPage":{"@id":"https:\/\/www.kariyer.net\/kariyer-rehberi\/2025-tus-sinavi-ne-zaman\/#primaryimage"},"image":{"@id":"https:\/\/www.kariyer.net\/kariyer-rehberi\/2025-tus-sinavi-ne-zaman\/#primaryimage"},"thumbnailUrl":"https:\/\/www.kariyer.net\/kariyer-rehberi\/wp-content\/uploads\/2025\/04\/tus_sinavi.jpg","datePublished":"2025-04-16T13:58:09+00:00","dateModified":"2025-04-16T13:59:05+00:00","description":"T\u0131p fak\u00fcltesi mezunlar\u0131, eczac\u0131 ve kimyagerlerin girdi\u011fi, y\u0131lda iki kez yap\u0131lan uzmanl\u0131k e\u011fitimi s\u0131nav\u0131d\u0131r.","breadcrumb":{"@id":"https:\/\/www.kariyer.net\/kariyer-rehberi\/2025-tus-sinavi-ne-zaman\/#breadcrumb"},"inLanguage":"tr","potentialAction":[{"@type":"ReadAction","target":["https:\/\/www.kariyer.net\/kariyer-rehberi\/2025-tus-sinavi-ne-zaman\/"]}]},{"@type":"ImageObject","inLanguage":"tr","@id":"https:\/\/www.kariyer.net\/kariyer-rehberi\/2025-tus-sinavi-ne-zaman\/#primaryimage","url":"https:\/\/www.kariyer.net\/kariyer-rehberi\/wp-content\/uploads\/2025\/04\/tus_sinavi.jpg","contentUrl":"https:\/\/www.kariyer.net\/kariyer-rehberi\/wp-content\/uploads\/2025\/04\/tus_sinavi.jpg","width":900,"height":600},{"@type":"BreadcrumbList","@id":"https:\/\/www.kariyer.net\/kariyer-rehberi\/2025-tus-sinavi-ne-zaman\/#breadcrumb","itemListElement":[{"@type":"ListItem","position":1,"name":"Anasayfa","item":"https:\/\/www.kariyer.net\/kariyer-rehberi\/"},{"@type":"ListItem","position":2,"name":"2025 TUS s\u0131nav\u0131 ne zaman?"}]},{"@type":"WebSite","@id":"https:\/\/www.kariyer.net\/kariyer-rehberi\/#website","url":"https:\/\/www.kariyer.net\/kariyer-rehberi\/","name":"Kariyer Rehberi","description":"\u0130\u015f D\u00fcnyas\u0131yla \u0130lgili Bilmek \u0130stedi\u011finiz Her \u015eey","publisher":{"@id":"https:\/\/www.kariyer.net\/kariyer-rehberi\/#organization"},"potentialAction":[{"@type":"SearchAction","target":{"@type":"EntryPoint","urlTemplate":"https:\/\/www.kariyer.net\/kariyer-rehberi\/?s={search_term_string}"},"query-input":{"@type":"PropertyValueSpecification","valueRequired":true,"valueName":"search_term_string"}}],"inLanguage":"tr"},{"@type":"Organization","@id":"https:\/\/www.kariyer.net\/kariyer-rehberi\/#organization","name":"Kariyer.net","url":"https:\/\/www.kariyer.net\/kariyer-rehberi\/","logo":{"@type":"ImageObject","inLanguage":"tr","@id":"https:\/\/www.kariyer.net\/kariyer-rehberi\/#\/schema\/logo\/image\/","url":"https:\/\/www.kariyer.net\/kariyer-rehberi-new\/wp-content\/uploads\/2023\/01\/og-image11.jpg","contentUrl":"https:\/\/www.kariyer.net\/kariyer-rehberi-new\/wp-content\/uploads\/2023\/01\/og-image11.jpg","width":800,"height":800,"caption":"Kariyer.net"},"image":{"@id":"https:\/\/www.kariyer.net\/kariyer-rehberi\/#\/schema\/logo\/image\/"}},{"@type":"Person","@id":"https:\/\/www.kariyer.net\/kariyer-rehberi\/#\/schema\/person\/94fd6e49c7ff1b1b2565a2cc4fd685dd","name":"Edit\u00f6r","image":{"@type":"ImageObject","inLanguage":"tr","@id":"https:\/\/www.kariyer.net\/kariyer-rehberi\/#\/schema\/person\/image\/","url":"https:\/\/secure.gravatar.com\/avatar\/0c4fe6688343aed3693b15573beae12c08ace5565409d5ab7509bf9c115f458d?s=96&d=mm&r=g","contentUrl":"https:\/\/secure.gravatar.com\/avatar\/0c4fe6688343aed3693b15573beae12c08ace5565409d5ab7509bf9c115f458d?s=96&d=mm&r=g","caption":"Edit\u00f6r"},"url":"https:\/\/www.kariyer.net\/kariyer-rehberi\/author\/editor\/"}]}},"_links":{"self":[{"href":"https:\/\/www.kariyer.net\/kariyer-rehberi\/wp-json\/wp\/v2\/posts\/22085","targetHints":{"allow":["GET"]}}],"collection":[{"href":"https:\/\/www.kariyer.net\/kariyer-rehberi\/wp-json\/wp\/v2\/posts"}],"about":[{"href":"https:\/\/www.kariyer.net\/kariyer-rehberi\/wp-json\/wp\/v2\/types\/post"}],"author":[{"embeddable":true,"href":"https:\/\/www.kariyer.net\/kariyer-rehberi\/wp-json\/wp\/v2\/users\/12"}],"replies":[{"embeddable":true,"href":"https:\/\/www.kariyer.net\/kariyer-rehberi\/wp-json\/wp\/v2\/comments?post=22085"}],"version-history":[{"count":1,"href":"https:\/\/www.kariyer.net\/kariyer-rehberi\/wp-json\/wp\/v2\/posts\/22085\/revisions"}],"predecessor-version":[{"id":22087,"href":"https:\/\/www.kariyer.net\/kariyer-rehberi\/wp-json\/wp\/v2\/posts\/22085\/revisions\/22087"}],"wp:featuredmedia":[{"embeddable":true,"href":"https:\/\/www.kariyer.net\/kariyer-rehberi\/wp-json\/wp\/v2\/media\/22086"}],"wp:attachment":[{"href":"https:\/\/www.kariyer.net\/kariyer-rehberi\/wp-json\/wp\/v2\/media?parent=22085"}],"wp:term":[{"taxonomy":"category","embeddable":true,"href":"https:\/\/www.kariyer.net\/kariyer-rehberi\/wp-json\/wp\/v2\/categories?post=22085"},{"taxonomy":"post_tag","embeddable":true,"href":"https:\/\/www.kariyer.net\/kariyer-rehberi\/wp-json\/wp\/v2\/tags?post=22085"}],"curies":[{"name":"wp","href":"https:\/\/api.w.org\/{rel}","templated":true}]}}