{"id":22089,"date":"2025-04-16T17:10:06","date_gmt":"2025-04-16T14:10:06","guid":{"rendered":"https:\/\/www.kariyer.net\/kariyer-rehberi\/?p=22089"},"modified":"2025-04-16T17:11:42","modified_gmt":"2025-04-16T14:11:42","slug":"2025-ucretli-ogretmen-maasi","status":"publish","type":"post","link":"https:\/\/www.kariyer.net\/kariyer-rehberi\/2025-ucretli-ogretmen-maasi\/","title":{"rendered":"2025 \u00fccretli \u00f6\u011fretmen maa\u015f\u0131"},"content":{"rendered":"<p><strong>\u00dccretli \u00f6\u011fretmen maa\u015f\u0131 2025 y\u0131l\u0131 ne kadar diye merak ediyor olabilirsin. T\u00fcrkiye\u2019deki Milli E\u011fitim Bakanl\u0131\u011f\u0131\u2019nda \u00fccretli \u00f6\u011fretmen olarak g\u00f6rev yap\u0131yorsan, bu pozisyonun maa\u015f\u0131 ocak ay\u0131ndan itibaren artt\u0131. Ocak ay\u0131ndan itibaren yeni \u00fccretli \u00f6\u011fretmen maa\u015f\u0131 yakla\u015f\u0131k olarak y\u00fczde 11 artt\u0131. Yap\u0131lan iyile\u015ftirmeden sonra haftal\u0131k 30 saatlik derse girilmesi durumunda \u00fccretli \u00f6\u011fretmen maa\u015f\u0131 2025 y\u0131l\u0131nda asgari \u00fccret d\u00fczeylerine ula\u015ft\u0131. Peki 2025 \u00fccretli \u00f6\u011fretmen maa\u015f\u0131 \u00fczerinden kesintiler ve iyile\u015ftirmeler ne kadar oldu, i\u015fte bilmen gereken t\u00fcm detaylar\u2026<\/strong><span style=\"font-weight: 400;\"><br \/>\n<\/span><\/p>\n<h2><b>\u00dccretli \u00f6\u011fretmen maa\u015f\u0131 \u00fczerinden yap\u0131lan kesintiler<\/b><b><br \/>\n<\/b><\/h2>\n<p><span style=\"font-weight: 400;\">Ocak-Haziran 2025 \u00fccretli \u00f6\u011fretmen maa\u015f\u0131 i\u00e7in\u00a0 y\u00fczde 11,54\u2019l\u00fck bir zam yap\u0131ld\u0131. Bu zamla <\/span><b>\u00dccretli \u00f6\u011fretmen maa\u015f\u0131 ne kadar<\/b><span style=\"font-weight: 400;\"> sorusu bu alanda \u00e7al\u0131\u015fanlar taraf\u0131ndan g\u00fcndeme geldi. Y\u00fczde 11,54\u2019l\u00fck art\u0131\u015fla 2025 \u00fccretli \u00f6\u011fretmen maa\u015f\u0131 i\u00e7in \u00f6denecek ek ders \u00fccretleri zaml\u0131 olarak hesap edilerek hesaplara yat\u0131r\u0131l\u0131r.<\/span><\/p>\n<p><span style=\"font-weight: 400;\">Ocak-Haziran 2025 \u00fccretli \u00f6\u011fretmen maa\u015f\u0131 i\u00e7in \u00f6rnek bir hesaplama yap\u0131lacak olursa ek ders \u00fccreti 1 saat kar\u015f\u0131l\u0131\u011f\u0131 i\u00e7in 140 Lira 31 Kuru\u015f de\u011ferindedir. Ancak 2025 \u00fccretli \u00f6\u011fretmen maa\u015f\u0131 \u00fczerinden bakanl\u0131ktaki di\u011fer kadrolu \u00f6\u011fretmenlerden farkl\u0131 olarak SGK kesintisi yap\u0131l\u0131r. Bu tutar 2025 \u00fccretli \u00f6\u011fretmen maa\u015f\u0131 \u00fczerinden kesilince 1 saatlik ek ders \u00fccreti 120 Lira 67 Kuru\u015f olur. 2025 \u00fccretli \u00f6\u011fretmen maa\u015f\u0131 al\u0131n\u0131rken bu 120 Lira 67 Kuru\u015f net \u00fccret olarak kal\u0131r. Bu tutarla birlikte<\/span><b> 24 saat \u00fccretli \u00f6\u011fretmen maa\u015f\u0131 <\/b><span style=\"font-weight: 400;\">yakla\u015f\u0131k olarak 4 hafta i\u00e7in 11.584 TL olur.\u00a0<\/span><\/p>\n<p><span style=\"font-weight: 400;\">2025 y\u0131l\u0131 i\u00e7in <\/span><b>\u00fccretli \u00f6\u011fretmen maa\u015f\u0131 hesaplama<\/b><span style=\"font-weight: 400;\"> bu \u015fekilde yap\u0131l\u0131r. Yap\u0131lan kesintiyle beraber 120 Lira 67 Kuru\u015fluk tutar \u00fccretli \u00f6\u011fretmenlerin bir ders saati i\u00e7in alabilece\u011fi \u00fccrettir. \u00dccretli \u00f6\u011fretmenlerin haftal\u0131k girebilece\u011fi ders 30 saattir. 30 saate kar\u015f\u0131l\u0131k da \u00e7al\u0131\u015fanlar i\u00e7in 15 saatlik bir ilave ders saati eklenebilir. B\u00f6ylelikle 45 saat \u00e7al\u0131\u015fabilme m\u00fcmk\u00fcn olur.<\/span><\/p>\n<h2><b>2025 \u00fccretli \u00f6\u011fretmen maa\u015f\u0131 alanlar\u0131n haklar\u0131<\/b><b><br \/>\n<\/b><\/h2>\n<p><span style=\"font-weight: 400;\">2025 \u00fccretli \u00f6\u011fretmen maa\u015f\u0131 alan personelin dikkat etmesi gereken baz\u0131 hususlar vard\u0131r. 2025 \u00fccretli \u00f6\u011fretmen maa\u015f\u0131 alanlar\u0131n prim g\u00fcn say\u0131lar\u0131n\u0131 dikkate almas\u0131 gerekir. Prim sayesinde \u00fccretli \u00f6\u011fretmenler devlet hastanelerinden provizyon al\u0131r. Devlet hastanesinden provizyon al\u0131nabilmesi \u00fccretsiz muayene olabilmek anlam\u0131na gelir.<\/span><\/p>\n<p><span style=\"font-weight: 400;\">Devlet hastanesinde \u00fccretsiz tedavi g\u00f6rmek isteyen \u00fccretli \u00f6\u011fretmenler 30 g\u00fcnl\u00fck prim g\u00fcn say\u0131s\u0131nda ula\u015fmal\u0131d\u0131r. Ancak \u00fccretli \u00f6\u011fretmenler ayda 75 saatlik derse girerse bu de\u011fer 7.5\u2019a b\u00f6l\u00fcn\u00fcr ve bu ay i\u00e7in 10 g\u00fcnl\u00fck bir prim g\u00fcn say\u0131s\u0131 SGK\u2019ya bildirilir. E\u011fer sadece bir ay \u00fccretli \u00f6\u011fretmenlik yapt\u0131ysan\u0131z, devlet hastanesinde \u00fccretsiz tedavi g\u00f6remezsiniz. E\u011fer bu hesaplamaya g\u00f6re prim g\u00fcn say\u0131n\u0131z 30 g\u00fcn\u00fc ge\u00e7erse bunu \u0130l\u00e7e Milli E\u011fitim M\u00fcd\u00fcrl\u00fc\u011f\u00fc\u2019ndeki muhasebeciye bildirmeniz gerekir.\u00a0<\/span><\/p>\n<p><span style=\"font-weight: 400;\">2025 \u00fccretli \u00f6\u011fretmen maa\u015f\u0131 alanlar\u0131n bir di\u011fer hakk\u0131 da i\u015f g\u00f6remezlik \u00f6dene\u011fidir. \u0130\u015f g\u00f6remezlik \u00f6dene\u011fi i\u00e7in SGK&#8217;ya 90 g\u00fcnl\u00fck prim bildirilmi\u015f olmal\u0131d\u0131r. Ancak i\u015f g\u00f6remezlik \u00f6dene\u011fi en az\u0131ndan 2 g\u00fcnl\u00fck raporlar i\u00e7in ge\u00e7erlidir. 1 g\u00fcnl\u00fck rapor i\u00e7in i\u015f g\u00f6remezlik \u00f6dene\u011fi \u00f6denmez. SGK&#8217;dan i\u015f g\u00f6remezlik raporu alabilmek i\u00e7in raporlar\u0131 il\u00e7e milli e\u011fitim m\u00fcd\u00fcrl\u00fc\u011f\u00fcndeki muhasebe personeline bildirmek gerekir.<\/span><\/p>\n<h2><b>\u00dccretli \u00f6\u011fretmen kadro ge\u00e7i\u015fi<\/b><b><br \/>\n<\/b><\/h2>\n<p><span style=\"font-weight: 400;\">2025 \u00fccretli \u00f6\u011fretmen maa\u015f\u0131 alanlar\u0131n bir di\u011fer hakk\u0131 da kadrolu \u00f6\u011fretmenli\u011fe ge\u00e7ilmesi durumunda hizmet puan\u0131 olarak derece kademe al\u0131nabilmesidir. Bu noktada dikkat edilmesi gereken husus ise \u00fccretli \u00f6\u011fretmenlik g\u00f6revin bitince kurumdan \u00e7al\u0131\u015f\u0131lan d\u00f6nemi g\u00f6steren bir bilgi yaz\u0131s\u0131 almand\u0131r. \u0130ster s\u0131n\u0131f \u00f6\u011fretmeni, ister beden e\u011fitim \u00f6\u011fretmeni isterseniz de <\/span><b>\u00f6zel e\u011fitim \u00fccretli \u00f6\u011fretmen maa\u015f\u0131<\/b><span style=\"font-weight: 400;\"> al\u0131n bu pozisyonda \u00e7al\u0131\u015fman\u0131z durumunda t\u00fcm bu haklara sahip olursun.\u00a0<\/span><a href=\"https:\/\/www.kariyer.net\/pozisyonlar\/ucretli+ogretmen\/nedir\" target=\"_blank\" rel=\"noopener\"><span style=\"font-weight: 400;\">\u00dccretli \u00f6\u011fretmen nedir, nas\u0131l olunur<\/span><\/a><span style=\"font-weight: 400;\"> \u00f6\u011frenmek istiyorsan Kariyer.net&#8217;i inceleyebilirsin.<\/span><\/p>\n<!-- templates\/buttons-placeholder.php -->\n<div class=\"da-reactions-outer TpostID22089\">\n\t    <div class=\"da-reactions-data da-reactions-container-async center\"\n         data-type=\"post\"\n         data-id=\"22089\"\n         id=\"da-reactions-slot-post-22089\">\n        <div class=\"da-reactions-static\">\n\t\t\t<img src=\"https:\/\/www.kariyer.net\/kariyer-rehberi\/wp-content\/plugins\/da-reactions\/assets\/dist\/loading.svg\" alt=\"Loading spinner\" width=\"48\" height=\"48\" style=\"width:48px\" \/>\n        <\/div>\n    <\/div>\n<\/div>\n","protected":false},"excerpt":{"rendered":"<p>\u00dccretli \u00f6\u011fretmen maa\u015f\u0131 2025 y\u0131l\u0131 ne kadar diye merak ediyor olabilirsin. T\u00fcrkiye\u2019deki Milli E\u011fitim Bakanl\u0131\u011f\u0131\u2019nda \u00fccretli \u00f6\u011fretmen olarak g\u00f6rev yap\u0131yorsan, bu pozisyonun maa\u015f\u0131 ocak ay\u0131ndan itibaren artt\u0131. Ocak ay\u0131ndan itibaren yeni \u00fccretli \u00f6\u011fretmen maa\u015f\u0131 yakla\u015f\u0131k olarak y\u00fczde 11 artt\u0131. Yap\u0131lan iyile\u015ftirmeden sonra haftal\u0131k 30 saatlik derse girilmesi durumunda \u00fccretli \u00f6\u011fretmen maa\u015f\u0131 2025 y\u0131l\u0131nda asgari \u00fccret [&hellip;]<\/p>\n<!-- templates\/buttons-placeholder.php -->\n<div class=\"da-reactions-outer TpostID22089\">\n\t    <div class=\"da-reactions-data da-reactions-container-async center\"\n         data-type=\"post\"\n         data-id=\"22089\"\n         id=\"da-reactions-slot-post-22089\">\n        <div class=\"da-reactions-static\">\n\t\t\t<img src=\"https:\/\/www.kariyer.net\/kariyer-rehberi\/wp-content\/plugins\/da-reactions\/assets\/dist\/loading.svg\" alt=\"Loading spinner\" width=\"48\" height=\"48\" style=\"width:48px\" \/>\n        <\/div>\n    <\/div>\n<\/div>\n","protected":false},"author":12,"featured_media":22090,"comment_status":"closed","ping_status":"open","sticky":false,"template":"","format":"standard","meta":{"footnotes":"","_elementor_edit_mode":"","_elementor_template_type":"","_elementor_data":"","_elementor_page_settings":null,"_elementor_conditions":[]},"categories":[2214],"tags":[],"class_list":{"0":"post-22089","1":"post","2":"type-post","3":"status-publish","4":"format-standard","5":"has-post-thumbnail","7":"category-yasam"},"yoast_head":"<!-- This site is optimized with the Yoast SEO Premium plugin v21.4 (Yoast SEO v27.0) - https:\/\/yoast.com\/product\/yoast-seo-premium-wordpress\/ -->\n<title>2025 \u00fccretli \u00f6\u011fretmen maa\u015f\u0131<\/title>\n<meta name=\"description\" content=\"2025 \u00fccretli \u00f6\u011fretmen maa\u015f\u0131 ne kadar, kesintiler nas\u0131l yap\u0131l\u0131yor, ka\u00e7 saat \u00e7al\u0131\u015f\u0131l\u0131yor diye kadar diye merak ediyor olabilirsin.\" \/>\n<meta name=\"robots\" content=\"index, follow, max-snippet:-1, max-image-preview:large, max-video-preview:-1\" \/>\n<link rel=\"canonical\" href=\"https:\/\/www.kariyer.net\/kariyer-rehberi\/2025-ucretli-ogretmen-maasi\/\" \/>\n<meta property=\"og:locale\" content=\"tr_TR\" \/>\n<meta property=\"og:type\" content=\"article\" \/>\n<meta property=\"og:title\" content=\"2025 \u00fccretli \u00f6\u011fretmen maa\u015f\u0131\" \/>\n<meta property=\"og:description\" content=\"\u00dccretli \u00f6\u011fretmen maa\u015f\u0131 2025 y\u0131l\u0131 ne kadar diye merak ediyor olabilirsin. T\u00fcrkiye\u2019deki Milli E\u011fitim Bakanl\u0131\u011f\u0131\u2019nda \u00fccretli \u00f6\u011fretmen olarak g\u00f6rev yap\u0131yorsan,\" \/>\n<meta property=\"og:url\" content=\"https:\/\/www.kariyer.net\/kariyer-rehberi\/2025-ucretli-ogretmen-maasi\/\" \/>\n<meta property=\"og:site_name\" content=\"Kariyer Rehberi\" \/>\n<meta property=\"article:published_time\" content=\"2025-04-16T14:10:06+00:00\" \/>\n<meta property=\"article:modified_time\" content=\"2025-04-16T14:11:42+00:00\" \/>\n<meta property=\"og:image\" content=\"https:\/\/www.kariyer.net\/kariyer-rehberi\/wp-content\/uploads\/2025\/04\/ucretli_ogretmen_maasi.jpg\" \/>\n\t<meta property=\"og:image:width\" content=\"900\" \/>\n\t<meta property=\"og:image:height\" content=\"600\" \/>\n\t<meta property=\"og:image:type\" content=\"image\/jpeg\" \/>\n<meta name=\"author\" content=\"Edit\u00f6r\" \/>\n<meta name=\"twitter:card\" content=\"summary_large_image\" \/>\n<meta name=\"twitter:label1\" content=\"Yazan:\" \/>\n\t<meta name=\"twitter:data1\" content=\"Edit\u00f6r\" \/>\n\t<meta name=\"twitter:label2\" content=\"Tahmini okuma s\u00fcresi\" \/>\n\t<meta name=\"twitter:data2\" content=\"4 dakika\" \/>\n<!-- \/ Yoast SEO Premium plugin. -->","yoast_head_json":{"title":"2025 \u00fccretli \u00f6\u011fretmen maa\u015f\u0131","description":"2025 \u00fccretli \u00f6\u011fretmen maa\u015f\u0131 ne kadar, kesintiler nas\u0131l yap\u0131l\u0131yor, ka\u00e7 saat \u00e7al\u0131\u015f\u0131l\u0131yor diye kadar diye merak ediyor olabilirsin.","robots":{"index":"index","follow":"follow","max-snippet":"max-snippet:-1","max-image-preview":"max-image-preview:large","max-video-preview":"max-video-preview:-1"},"canonical":"https:\/\/www.kariyer.net\/kariyer-rehberi\/2025-ucretli-ogretmen-maasi\/","og_locale":"tr_TR","og_type":"article","og_title":"2025 \u00fccretli \u00f6\u011fretmen maa\u015f\u0131","og_description":"\u00dccretli \u00f6\u011fretmen maa\u015f\u0131 2025 y\u0131l\u0131 ne kadar diye merak ediyor olabilirsin. T\u00fcrkiye\u2019deki Milli E\u011fitim Bakanl\u0131\u011f\u0131\u2019nda \u00fccretli \u00f6\u011fretmen olarak g\u00f6rev yap\u0131yorsan,","og_url":"https:\/\/www.kariyer.net\/kariyer-rehberi\/2025-ucretli-ogretmen-maasi\/","og_site_name":"Kariyer Rehberi","article_published_time":"2025-04-16T14:10:06+00:00","article_modified_time":"2025-04-16T14:11:42+00:00","og_image":[{"width":900,"height":600,"url":"https:\/\/www.kariyer.net\/kariyer-rehberi\/wp-content\/uploads\/2025\/04\/ucretli_ogretmen_maasi.jpg","type":"image\/jpeg"}],"author":"Edit\u00f6r","twitter_card":"summary_large_image","twitter_misc":{"Yazan:":"Edit\u00f6r","Tahmini okuma s\u00fcresi":"4 dakika"},"schema":{"@context":"https:\/\/schema.org","@graph":[{"@type":"Article","@id":"https:\/\/www.kariyer.net\/kariyer-rehberi\/2025-ucretli-ogretmen-maasi\/#article","isPartOf":{"@id":"https:\/\/www.kariyer.net\/kariyer-rehberi\/2025-ucretli-ogretmen-maasi\/"},"author":{"name":"Edit\u00f6r","@id":"https:\/\/www.kariyer.net\/kariyer-rehberi\/#\/schema\/person\/94fd6e49c7ff1b1b2565a2cc4fd685dd"},"headline":"2025 \u00fccretli \u00f6\u011fretmen maa\u015f\u0131","datePublished":"2025-04-16T14:10:06+00:00","dateModified":"2025-04-16T14:11:42+00:00","mainEntityOfPage":{"@id":"https:\/\/www.kariyer.net\/kariyer-rehberi\/2025-ucretli-ogretmen-maasi\/"},"wordCount":635,"publisher":{"@id":"https:\/\/www.kariyer.net\/kariyer-rehberi\/#organization"},"image":{"@id":"https:\/\/www.kariyer.net\/kariyer-rehberi\/2025-ucretli-ogretmen-maasi\/#primaryimage"},"thumbnailUrl":"https:\/\/www.kariyer.net\/kariyer-rehberi\/wp-content\/uploads\/2025\/04\/ucretli_ogretmen_maasi.jpg","articleSection":["Ya\u015fam"],"inLanguage":"tr"},{"@type":"WebPage","@id":"https:\/\/www.kariyer.net\/kariyer-rehberi\/2025-ucretli-ogretmen-maasi\/","url":"https:\/\/www.kariyer.net\/kariyer-rehberi\/2025-ucretli-ogretmen-maasi\/","name":"2025 \u00fccretli \u00f6\u011fretmen maa\u015f\u0131","isPartOf":{"@id":"https:\/\/www.kariyer.net\/kariyer-rehberi\/#website"},"primaryImageOfPage":{"@id":"https:\/\/www.kariyer.net\/kariyer-rehberi\/2025-ucretli-ogretmen-maasi\/#primaryimage"},"image":{"@id":"https:\/\/www.kariyer.net\/kariyer-rehberi\/2025-ucretli-ogretmen-maasi\/#primaryimage"},"thumbnailUrl":"https:\/\/www.kariyer.net\/kariyer-rehberi\/wp-content\/uploads\/2025\/04\/ucretli_ogretmen_maasi.jpg","datePublished":"2025-04-16T14:10:06+00:00","dateModified":"2025-04-16T14:11:42+00:00","description":"2025 \u00fccretli \u00f6\u011fretmen maa\u015f\u0131 ne kadar, kesintiler nas\u0131l yap\u0131l\u0131yor, ka\u00e7 saat \u00e7al\u0131\u015f\u0131l\u0131yor diye kadar diye merak ediyor olabilirsin.","breadcrumb":{"@id":"https:\/\/www.kariyer.net\/kariyer-rehberi\/2025-ucretli-ogretmen-maasi\/#breadcrumb"},"inLanguage":"tr","potentialAction":[{"@type":"ReadAction","target":["https:\/\/www.kariyer.net\/kariyer-rehberi\/2025-ucretli-ogretmen-maasi\/"]}]},{"@type":"ImageObject","inLanguage":"tr","@id":"https:\/\/www.kariyer.net\/kariyer-rehberi\/2025-ucretli-ogretmen-maasi\/#primaryimage","url":"https:\/\/www.kariyer.net\/kariyer-rehberi\/wp-content\/uploads\/2025\/04\/ucretli_ogretmen_maasi.jpg","contentUrl":"https:\/\/www.kariyer.net\/kariyer-rehberi\/wp-content\/uploads\/2025\/04\/ucretli_ogretmen_maasi.jpg","width":900,"height":600},{"@type":"BreadcrumbList","@id":"https:\/\/www.kariyer.net\/kariyer-rehberi\/2025-ucretli-ogretmen-maasi\/#breadcrumb","itemListElement":[{"@type":"ListItem","position":1,"name":"Anasayfa","item":"https:\/\/www.kariyer.net\/kariyer-rehberi\/"},{"@type":"ListItem","position":2,"name":"2025 \u00fccretli \u00f6\u011fretmen maa\u015f\u0131"}]},{"@type":"WebSite","@id":"https:\/\/www.kariyer.net\/kariyer-rehberi\/#website","url":"https:\/\/www.kariyer.net\/kariyer-rehberi\/","name":"Kariyer Rehberi","description":"\u0130\u015f D\u00fcnyas\u0131yla \u0130lgili Bilmek \u0130stedi\u011finiz Her \u015eey","publisher":{"@id":"https:\/\/www.kariyer.net\/kariyer-rehberi\/#organization"},"potentialAction":[{"@type":"SearchAction","target":{"@type":"EntryPoint","urlTemplate":"https:\/\/www.kariyer.net\/kariyer-rehberi\/?s={search_term_string}"},"query-input":{"@type":"PropertyValueSpecification","valueRequired":true,"valueName":"search_term_string"}}],"inLanguage":"tr"},{"@type":"Organization","@id":"https:\/\/www.kariyer.net\/kariyer-rehberi\/#organization","name":"Kariyer.net","url":"https:\/\/www.kariyer.net\/kariyer-rehberi\/","logo":{"@type":"ImageObject","inLanguage":"tr","@id":"https:\/\/www.kariyer.net\/kariyer-rehberi\/#\/schema\/logo\/image\/","url":"https:\/\/www.kariyer.net\/kariyer-rehberi-new\/wp-content\/uploads\/2023\/01\/og-image11.jpg","contentUrl":"https:\/\/www.kariyer.net\/kariyer-rehberi-new\/wp-content\/uploads\/2023\/01\/og-image11.jpg","width":800,"height":800,"caption":"Kariyer.net"},"image":{"@id":"https:\/\/www.kariyer.net\/kariyer-rehberi\/#\/schema\/logo\/image\/"}},{"@type":"Person","@id":"https:\/\/www.kariyer.net\/kariyer-rehberi\/#\/schema\/person\/94fd6e49c7ff1b1b2565a2cc4fd685dd","name":"Edit\u00f6r","image":{"@type":"ImageObject","inLanguage":"tr","@id":"https:\/\/www.kariyer.net\/kariyer-rehberi\/#\/schema\/person\/image\/","url":"https:\/\/secure.gravatar.com\/avatar\/0c4fe6688343aed3693b15573beae12c08ace5565409d5ab7509bf9c115f458d?s=96&d=mm&r=g","contentUrl":"https:\/\/secure.gravatar.com\/avatar\/0c4fe6688343aed3693b15573beae12c08ace5565409d5ab7509bf9c115f458d?s=96&d=mm&r=g","caption":"Edit\u00f6r"},"url":"https:\/\/www.kariyer.net\/kariyer-rehberi\/author\/editor\/"}]}},"_links":{"self":[{"href":"https:\/\/www.kariyer.net\/kariyer-rehberi\/wp-json\/wp\/v2\/posts\/22089","targetHints":{"allow":["GET"]}}],"collection":[{"href":"https:\/\/www.kariyer.net\/kariyer-rehberi\/wp-json\/wp\/v2\/posts"}],"about":[{"href":"https:\/\/www.kariyer.net\/kariyer-rehberi\/wp-json\/wp\/v2\/types\/post"}],"author":[{"embeddable":true,"href":"https:\/\/www.kariyer.net\/kariyer-rehberi\/wp-json\/wp\/v2\/users\/12"}],"replies":[{"embeddable":true,"href":"https:\/\/www.kariyer.net\/kariyer-rehberi\/wp-json\/wp\/v2\/comments?post=22089"}],"version-history":[{"count":1,"href":"https:\/\/www.kariyer.net\/kariyer-rehberi\/wp-json\/wp\/v2\/posts\/22089\/revisions"}],"predecessor-version":[{"id":22091,"href":"https:\/\/www.kariyer.net\/kariyer-rehberi\/wp-json\/wp\/v2\/posts\/22089\/revisions\/22091"}],"wp:featuredmedia":[{"embeddable":true,"href":"https:\/\/www.kariyer.net\/kariyer-rehberi\/wp-json\/wp\/v2\/media\/22090"}],"wp:attachment":[{"href":"https:\/\/www.kariyer.net\/kariyer-rehberi\/wp-json\/wp\/v2\/media?parent=22089"}],"wp:term":[{"taxonomy":"category","embeddable":true,"href":"https:\/\/www.kariyer.net\/kariyer-rehberi\/wp-json\/wp\/v2\/categories?post=22089"},{"taxonomy":"post_tag","embeddable":true,"href":"https:\/\/www.kariyer.net\/kariyer-rehberi\/wp-json\/wp\/v2\/tags?post=22089"}],"curies":[{"name":"wp","href":"https:\/\/api.w.org\/{rel}","templated":true}]}}