{"id":22113,"date":"2025-04-24T13:39:36","date_gmt":"2025-04-24T10:39:36","guid":{"rendered":"https:\/\/www.kariyer.net\/kariyer-rehberi\/?p=22113"},"modified":"2025-04-24T13:48:00","modified_gmt":"2025-04-24T10:48:00","slug":"adli-tatil-ne-zaman-2025-adli-tatil-hangi-tarihlerde-basliyor","status":"publish","type":"post","link":"https:\/\/www.kariyer.net\/kariyer-rehberi\/adli-tatil-ne-zaman-2025-adli-tatil-hangi-tarihlerde-basliyor\/","title":{"rendered":"Adli tatil ne zaman 2025? Adli tatil hangi tarihlerde ba\u015fl\u0131yor?"},"content":{"rendered":"<p><strong>Yaz\u0131n aylar\u0131n\u0131n yakla\u015fmas\u0131yla birlikte adli tatil d\u00f6nemi i\u00e7in de geri say\u0131m ba\u015flad\u0131. Her y\u0131l oldu\u011fu gibi 2025\u2019te de adli tatil d\u00f6nemi, mahkemelerin i\u015fleyi\u015finde de\u011fi\u015fikliklere neden olaca\u011f\u0131 i\u00e7in d\u00f6nemin ba\u015flang\u0131\u00e7 ve biti\u015f tarihleri merak edilir. Adli tatil ne zaman ba\u015fl\u0131yor ne zaman bitiyor ve hangi davalar g\u00f6r\u00fclebiliyor? \u0130\u015fte, s\u00fcre\u00e7 hakk\u0131nda bilmen gerekenler.\u00a0<\/strong><\/p>\n<h2><b>Adli tatil ne zaman ba\u015flar?\u00a0<\/b><\/h2>\n<p><span style=\"font-weight: 400;\">T\u00fcrkiye\u2019de adli tatil, 6100 say\u0131l\u0131 Hukuk Muhakemeleri Kanunu\u2019nun 102. maddesine g\u00f6re her y\u0131l sabit bir takvimle ilerler. 2025 y\u0131l i\u00e7in <\/span><b>adli tatil ne zaman ba\u015flar<\/b><span style=\"font-weight: 400;\"> diye merak ediyorsan, bu kuraldan \u015fa\u015fmayan bir d\u00f6nemde ba\u015flayaca\u011f\u0131n\u0131 bilmelisin. Bu y\u0131l i\u00e7in<\/span><b> adli tatil ba\u015flang\u0131c\u0131<\/b><span style=\"font-weight: 400;\"> 20 Temmuz 2025 Pazar g\u00fcn\u00fc ger\u00e7ekle\u015fecek ve 31 A\u011fustos 2025 Pazar g\u00fcn\u00fc sona erecek. Yeni adli y\u0131l ise 1 Eyl\u00fcl 2025\u2019te kap\u0131lar\u0131n\u0131 a\u00e7acak.\u00a0\u00a0<\/span><\/p>\n<h2><b>Adli tatil ka\u00e7 g\u00fcnd\u00fcr?\u00a0<\/b><\/h2>\n<p><b>Adli ka\u00e7 g\u00fcnd\u00fcr<\/b><span style=\"font-weight: 400;\"> diye merak ediyorsan; tarihler 20 Temmuz ile 31 A\u011fustos aras\u0131nda oldu\u011fu i\u00e7in 43 g\u00fcnd\u00fcr. Bu s\u00fcre boyunca <\/span><a href=\"https:\/\/www.kariyer.net\/pozisyonlar\/hakim\" target=\"_blank\" rel=\"noopener\"><span style=\"font-weight: 400;\">hakim<\/span><\/a><span style=\"font-weight: 400;\">, savc\u0131 ve adliye \u00e7al\u0131\u015fanlar\u0131 izin kulland\u0131\u011f\u0131 i\u00e7in yarg\u0131 sistemi biraz yava\u015flar. Ama yarg\u0131 sisteminin tamamen durmas\u0131 s\u00f6z konusu de\u011fil \u00e7\u00fcnk\u00fc n\u00f6bet\u00e7i mahkemeler g\u00f6revde kalmaya devam eder.\u00a0<\/span><\/p>\n<h2><b>Adli tatil kimleri kapsar?<\/b><\/h2>\n<p><span style=\"font-weight: 400;\">Adli tatil, her y\u0131l 20 Temmuz\u2019da ba\u015flay\u0131p 31 A\u011fustos\u2019ta biten bir uygulama. Yani, bu tarihler aras\u0131nda baz\u0131 mahkemeler ve yarg\u0131 birimleri tatile girer. Bundan dolay\u0131 da <\/span><b>adli tatil ne zaman bitecek <\/b><span style=\"font-weight: 400;\">sorusu g\u00fcndeme gelebilir. 6100 say\u0131l\u0131 Hukuk Muhakemeleri Kanunu\u2019nun 102. maddesine g\u00f6re adli tatilden etkilenenler \u015funlar:\u00a0<\/span><\/p>\n<p><b>Hukuk Mahkemeleri<\/b><\/p>\n<ul>\n<li style=\"font-weight: 400;\" aria-level=\"1\"><span style=\"font-weight: 400;\">Asliye Hukuk Mahkemeleri\u00a0<\/span><\/li>\n<li style=\"font-weight: 400;\" aria-level=\"1\"><span style=\"font-weight: 400;\">Aile Mahkemeleri\u00a0<\/span><\/li>\n<li style=\"font-weight: 400;\" aria-level=\"1\"><span style=\"font-weight: 400;\">\u0130\u015f Mahkemeleri\u00a0<\/span><\/li>\n<li style=\"font-weight: 400;\" aria-level=\"1\"><span style=\"font-weight: 400;\">Kadastro Mahkemeleri\u00a0<\/span><\/li>\n<li style=\"font-weight: 400;\" aria-level=\"1\"><span style=\"font-weight: 400;\">T\u00fcketici Mahkemeleri\u00a0<\/span><\/li>\n<li style=\"font-weight: 400;\" aria-level=\"1\"><span style=\"font-weight: 400;\">Ticaret Mahkemeleri\u00a0<\/span><\/li>\n<\/ul>\n<p><b>\u0130dari Yarg\u0131<\/b><\/p>\n<ul>\n<li style=\"font-weight: 400;\" aria-level=\"1\"><span style=\"font-weight: 400;\">\u0130dare Mahkemeleri\u00a0<\/span><\/li>\n<li style=\"font-weight: 400;\" aria-level=\"1\"><span style=\"font-weight: 400;\">Vergi Mahkemeleri\u00a0<\/span><\/li>\n<li style=\"font-weight: 400;\" aria-level=\"1\"><span style=\"font-weight: 400;\">B\u00f6lge \u0130dare Mahkemeleri\u00a0<\/span><\/li>\n<\/ul>\n<p><b>Y\u00fcksek Yarg\u0131 Organlar\u0131<\/b><\/p>\n<ul>\n<li style=\"font-weight: 400;\" aria-level=\"1\"><span style=\"font-weight: 400;\">Yarg\u0131tay (Hukuk ve Ceza Daireleri)\u00a0<\/span><\/li>\n<li style=\"font-weight: 400;\" aria-level=\"1\"><span style=\"font-weight: 400;\">Dan\u0131\u015ftay (\u0130dari ve Vergi Daireleri) Hakimler ve Savc\u0131lar\u00a0<\/span><\/li>\n<li style=\"font-weight: 400;\" aria-level=\"1\"><span style=\"font-weight: 400;\">Hukuk Hakimleri\u00a0<\/span><\/li>\n<li style=\"font-weight: 400;\" aria-level=\"1\"><span style=\"font-weight: 400;\">\u0130dari Yarg\u0131 Hakimleri\u00a0<\/span><\/li>\n<li style=\"font-weight: 400;\" aria-level=\"1\"><span style=\"font-weight: 400;\">Savc\u0131lar\u00a0<\/span><\/li>\n<\/ul>\n<p><b>B\u00f6lge Adliye Mahkemeleri (\u0130stinaf Mahkemeleri)<\/b><\/p>\n<ul>\n<li style=\"font-weight: 400;\" aria-level=\"1\"><span style=\"font-weight: 400;\">Hukuk Daireleri\u00a0<\/span><\/li>\n<li style=\"font-weight: 400;\" aria-level=\"1\"><span style=\"font-weight: 400;\">Ceza Daireleri\u00a0<\/span><\/li>\n<\/ul>\n<p><span style=\"font-weight: 400;\">K\u0131sacas\u0131, adli tatil hukuk ve idari yarg\u0131y\u0131 kapsar, ama savc\u0131l\u0131klar ve ceza mahkemeleri i\u00e7in ayn\u0131 durum ge\u00e7erli de\u011fil. Yani, her yerde duru\u015fmalar tatil olmaz.\u00a0 <\/span><span style=\"font-weight: 400;\">Adli tatil her ne kadar bir mola gibi g\u00f6r\u00fcnse de herkes i\u00e7in tam anlam\u0131yla bir tatil de\u011fil.<\/span><span style=\"font-weight: 400;\"><br \/>\n<\/span><\/p>\n<h2><b>Adli tatil s\u00fcreleri nas\u0131l i\u015fler?<\/b><b><br \/>\n<\/b><\/h2>\n<p><b>Adli tatil s\u00fcre<\/b><span style=\"font-weight: 400;\"> konusu, dava s\u00fcre\u00e7lerini takip edenler i\u00e7in kritik bir detay. Hukuk Muhakemeleri Kanunu\u2019na g\u00f6re adli tatil s\u00fcresince normal dava ve i\u015flerde s\u00fcreler durur. Yani bir davan\u0131n son g\u00fcn\u00fc tatil d\u00f6nemine denk gelirse, tatilin bitiminden itibaren 7 g\u00fcn uzar. \u00d6rne\u011fin, temyiz s\u00fcresi 15 A\u011fustos\u2019ta bitiyorsa, bu s\u00fcre 7 Eyl\u00fcl\u2019e kadar otomatik olarak uzam\u0131\u015f olur.\u00a0<\/span><\/p>\n<p><span style=\"font-weight: 400;\">Ceza davalar\u0131nda ise durum biraz daha farkl\u0131 i\u015fler. Ceza Muhakemesi Kanunu\u2019na g\u00f6re tatil s\u00fcresi boyunca s\u00fcreler i\u015flemez, ancak tatilin bitiminden sonra 3 g\u00fcn ilave s\u00fcre eklenir. \u0130dari yarg\u0131 adli tatil s\u00fcreler, tatilin bitiminden sonra 7 g\u00fcn ileriye at\u0131l\u0131r.\u00a0\u00a0\u00a0<\/span><\/p>\n<p><span style=\"font-weight: 400;\">Zaman a\u015f\u0131m\u0131 gibi maddi hukuk s\u00fcreleri adli tatilden etkilenmez. Yani s\u00fcre i\u015flemeye devam eder.<\/span><span style=\"font-weight: 400;\"><br \/>\n<\/span><\/p>\n<h2><b>Hangi davalar adli tatilde g\u00f6r\u00fcl\u00fcr?<\/b><b><br \/>\n<\/b><\/h2>\n<p><span style=\"font-weight: 400;\">Adli tatil s\u00fcresince mahkemeler tamamen kapanmaz; baz\u0131 davalar ve i\u015flemler h\u0131z kesmeden devam eder. \u0130\u015fte o istisnalar:\u00a0<\/span><\/p>\n<ul>\n<li style=\"font-weight: 400;\" aria-level=\"1\"><span style=\"font-weight: 400;\">\u0130htiyati tedbir ve haciz: Acil hukuki koruma gerektiren durumlar tatilden muaf. \u00d6rne\u011fin, bir malvarl\u0131\u011f\u0131na el konulmas\u0131 gerekiyorsa, i\u015flem tatilde de yap\u0131labilir.\u00a0<\/span><\/li>\n<li style=\"font-weight: 400;\" aria-level=\"1\"><span style=\"font-weight: 400;\">Nafaka, velayet ve soyba\u011f\u0131 davalar\u0131: Ailevi meseleler genellikle ivedi kabul edilir ve tatil d\u00f6neminde g\u00f6r\u00fclebilir.\u00a0<\/span><\/li>\n<li style=\"font-weight: 400;\" aria-level=\"1\"><span style=\"font-weight: 400;\">Tutuklu ceza davalar\u0131: Ceza Muhakemesi Kanunu\u2019na g\u00f6re tutuklu dosyalar tatilden etkilenmez; soru\u015fturma ve kovu\u015fturmalar s\u00fcrer.\u00a0<\/span><\/li>\n<li style=\"font-weight: 400;\" aria-level=\"1\"><span style=\"font-weight: 400;\">\u0130cra takipleri: \u0130cra daireleri adli tatilden ba\u011f\u0131ms\u0131z \u00e7al\u0131\u015f\u0131r. Bor\u00e7luysan ya da alacakl\u0131ysan tatil d\u00f6neminde de dava i\u015flemlerin devam eder.\u00a0<\/span><\/li>\n<li style=\"font-weight: 400;\" aria-level=\"1\"><span style=\"font-weight: 400;\">Y\u00fcr\u00fctmenin durdurulmas\u0131: \u0130dari yarg\u0131da, acil karar gerektiren talepler n\u00f6bet\u00e7i mahkemelerce karara ba\u011flan\u0131r.\u00a0<\/span><\/li>\n<li style=\"font-weight: 400;\" aria-level=\"1\"><span style=\"font-weight: 400;\">\u0130\u015f davalar\u0131: \u0130\u015f\u00e7i ve i\u015fveren aras\u0131ndaki hukuki ihtilaflar tatil d\u00f6neminde de g\u00f6r\u00fclmeye devam eder.\u00a0<\/span><\/li>\n<li style=\"font-weight: 400;\" aria-level=\"1\"><span style=\"font-weight: 400;\">Ticari defterler veya k\u0131ymetli evraklar\u0131n kaybolmas\u0131 ile ilgili i\u015flemler: \u00d6nemli ticari belgelerin kaybolmas\u0131 veya zarar g\u00f6rmesi durumunda hukuki i\u015flemler tatilde de y\u00fcr\u00fct\u00fcl\u00fcr.\u00a0<\/span><\/li>\n<li style=\"font-weight: 400;\" aria-level=\"1\"><span style=\"font-weight: 400;\">\u0130flas, konkordato, sermaye \u015firketleri ve kooperatif yap\u0131land\u0131rma i\u015fleri: \u015eirketlerin mali durumlar\u0131 ile ilgili kritik hukuki s\u00fcre\u00e7ler adli tatilde de devam edebilir.\u00a0<\/span><\/li>\n<li style=\"font-weight: 400;\" aria-level=\"1\"><span style=\"font-weight: 400;\">Ke\u015fif: Mahkemeler taraf\u0131ndan yap\u0131lan ke\u015fif i\u015flemleri adli tatilde de ger\u00e7ekle\u015ftirilebilir.\u00a0<\/span><\/li>\n<li style=\"font-weight: 400;\" aria-level=\"1\"><span style=\"font-weight: 400;\">Tahkim: Taraflar\u0131n \u00f6zel tahkim s\u00fcre\u00e7leri, adli tatilden ba\u011f\u0131ms\u0131z olarak s\u00fcrebilir<\/span><span style=\"font-weight: 400;\"><br \/>\n<\/span><\/li>\n<\/ul>\n<p><span style=\"font-weight: 400;\">Bu davalar d\u0131\u015f\u0131nda kalan i\u015fler ise genellikle tatil sonras\u0131na b\u0131rak\u0131l\u0131r; ancak taraflar\u0131n anla\u015fmas\u0131 halinde baz\u0131 duru\u015fmalar tatilde de g\u00f6r\u00fclebilir.<\/span><span style=\"font-weight: 400;\"><br \/>\n<\/span><\/p>\n<h2><b>Adli tatilde bo\u015fanma davas\u0131 g\u00f6r\u00fcl\u00fcr m\u00fc?<\/b><b><br \/>\n<\/b><\/h2>\n<p><span style=\"font-weight: 400;\">Bo\u015fanma davalar\u0131 genellikle adli tatil s\u00fcrecinde duraksar ama e\u011fer anla\u015fmal\u0131 bo\u015fan\u0131yorsan ve taraflar olarak duru\u015fma i\u00e7in talepte bulunursan\u0131z, mahkeme s\u00fcreniz tatilde de ilerleyebilir. Yani, anla\u015fmal\u0131 bo\u015fanma davalar\u0131 adli tatilde de g\u00f6r\u00fclebilir ve karar kesinle\u015fir ama \u00e7eki\u015fmeli bo\u015fanmalarda durum farkl\u0131; onlar genellikle tatil sonras\u0131na b\u0131rak\u0131l\u0131r.<\/span><span style=\"font-weight: 400;\"><br \/>\n<\/span><\/p>\n<h2><b>Adli tatilde hangi i\u015fler g\u00f6r\u00fcl\u00fcr?<\/b><b><br \/>\n<\/b><\/h2>\n<p><span style=\"font-weight: 400;\">HMK 103(3) maddesi baz\u0131 i\u015flemlerin adli tatilde de yap\u0131labilece\u011fini s\u00f6yler. \u0130\u015fte o i\u015flemler:<\/span><span style=\"font-weight: 400;\"><br \/>\n<\/span><\/p>\n<ul>\n<li style=\"font-weight: 400;\" aria-level=\"1\"><span style=\"font-weight: 400;\">Dava, kar\u015f\u0131 dava, istinaf ve temyiz dilek\u00e7eleri ile cevap dilek\u00e7eleri tebli\u011f edilebilir.\u00a0<\/span><\/li>\n<li style=\"font-weight: 400;\" aria-level=\"1\"><span style=\"font-weight: 400;\">Dava dosyan\u0131 yenilemek istiyorsan, bunu talep edebilirsin.\u00a0<\/span><\/li>\n<li style=\"font-weight: 400;\" aria-level=\"1\"><span style=\"font-weight: 400;\">Mahkemeler her t\u00fcrl\u00fc ilam (karar) verebilir.\u00a0<\/span><\/li>\n<li style=\"font-weight: 400;\" aria-level=\"1\"><span style=\"font-weight: 400;\">Her t\u00fcrl\u00fc dilek\u00e7eyi sunabilirsin.\u00a0<\/span><\/li>\n<li style=\"font-weight: 400;\" aria-level=\"1\"><span style=\"font-weight: 400;\">Tebligatlar yap\u0131lmaya devam eder.\u00a0<\/span><\/li>\n<li style=\"font-weight: 400;\" aria-level=\"1\"><span style=\"font-weight: 400;\">Dosyan ba\u015fka bir mahkemeye g\u00f6nderilebilir.<\/span><span style=\"font-weight: 400;\"><br \/>\n<\/span><\/li>\n<\/ul>\n<p><span style=\"font-weight: 400;\">Bu kurallar hem ilk derece mahkemeleri hem de istinaf ve Yarg\u0131tay i\u00e7in ge\u00e7erli. Yani, istinaf s\u00fcresi adli tatilde de i\u015flemeye devam eder. Savc\u0131l\u0131klar ise tatilden muaf olarak \u00e7al\u0131\u015fmaya devam eder.<\/span><span style=\"font-weight: 400;\"><br \/>\n<\/span><\/p>\n<!-- templates\/buttons-placeholder.php -->\n<div class=\"da-reactions-outer TpostID22113\">\n\t    <div class=\"da-reactions-data da-reactions-container-async center\"\n         data-type=\"post\"\n         data-id=\"22113\"\n         id=\"da-reactions-slot-post-22113\">\n        <div class=\"da-reactions-static\">\n\t\t\t<img src=\"https:\/\/www.kariyer.net\/kariyer-rehberi\/wp-content\/plugins\/da-reactions\/assets\/dist\/loading.svg\" alt=\"Loading spinner\" width=\"48\" height=\"48\" style=\"width:48px\" \/>\n        <\/div>\n    <\/div>\n<\/div>\n","protected":false},"excerpt":{"rendered":"<p>Yaz\u0131n aylar\u0131n\u0131n yakla\u015fmas\u0131yla birlikte adli tatil d\u00f6nemi i\u00e7in de geri say\u0131m ba\u015flad\u0131. Her y\u0131l oldu\u011fu gibi 2025\u2019te de adli tatil d\u00f6nemi, mahkemelerin i\u015fleyi\u015finde de\u011fi\u015fikliklere neden olaca\u011f\u0131 i\u00e7in d\u00f6nemin ba\u015flang\u0131\u00e7 ve biti\u015f tarihleri merak edilir. Adli tatil ne zaman ba\u015fl\u0131yor ne zaman bitiyor ve hangi davalar g\u00f6r\u00fclebiliyor? \u0130\u015fte, s\u00fcre\u00e7 hakk\u0131nda bilmen gerekenler.\u00a0 Adli tatil ne zaman [&hellip;]<\/p>\n<!-- templates\/buttons-placeholder.php -->\n<div class=\"da-reactions-outer TpostID22113\">\n\t    <div class=\"da-reactions-data da-reactions-container-async center\"\n         data-type=\"post\"\n         data-id=\"22113\"\n         id=\"da-reactions-slot-post-22113\">\n        <div class=\"da-reactions-static\">\n\t\t\t<img src=\"https:\/\/www.kariyer.net\/kariyer-rehberi\/wp-content\/plugins\/da-reactions\/assets\/dist\/loading.svg\" alt=\"Loading spinner\" width=\"48\" height=\"48\" style=\"width:48px\" \/>\n        <\/div>\n    <\/div>\n<\/div>\n","protected":false},"author":12,"featured_media":22114,"comment_status":"closed","ping_status":"open","sticky":false,"template":"","format":"standard","meta":{"footnotes":"","_elementor_edit_mode":"","_elementor_template_type":"","_elementor_data":"","_elementor_page_settings":null,"_elementor_conditions":[]},"categories":[2214],"tags":[],"class_list":{"0":"post-22113","1":"post","2":"type-post","3":"status-publish","4":"format-standard","5":"has-post-thumbnail","7":"category-yasam"},"yoast_head":"<!-- This site is optimized with the Yoast SEO Premium plugin v21.4 (Yoast SEO v27.0) - https:\/\/yoast.com\/product\/yoast-seo-premium-wordpress\/ -->\n<title>Adli tatil ne zaman 2025? Adli tatil hangi tarihlerde ba\u015fl\u0131yor?<\/title>\n<meta name=\"description\" content=\"Adli tatil ne zaman ba\u015fl\u0131yor ne zaman bitiyor ve hangi davalar g\u00f6r\u00fclebiliyor? \u0130\u015fte, s\u00fcre\u00e7 hakk\u0131nda bilmen gerekenler.\u00a0\" \/>\n<meta name=\"robots\" content=\"index, follow, max-snippet:-1, max-image-preview:large, max-video-preview:-1\" \/>\n<link rel=\"canonical\" href=\"https:\/\/www.kariyer.net\/kariyer-rehberi\/adli-tatil-ne-zaman-2025-adli-tatil-hangi-tarihlerde-basliyor\/\" \/>\n<meta property=\"og:locale\" content=\"tr_TR\" \/>\n<meta property=\"og:type\" content=\"article\" \/>\n<meta property=\"og:title\" content=\"Adli tatil ne zaman 2025? Adli tatil hangi tarihlerde ba\u015fl\u0131yor?\" \/>\n<meta property=\"og:description\" content=\"Yaz\u0131n aylar\u0131n\u0131n yakla\u015fmas\u0131yla birlikte adli tatil d\u00f6nemi i\u00e7in de geri say\u0131m ba\u015flad\u0131. Her y\u0131l oldu\u011fu gibi 2025\u2019te de adli tatil d\u00f6nemi, mahkemelerin\" \/>\n<meta property=\"og:url\" content=\"https:\/\/www.kariyer.net\/kariyer-rehberi\/adli-tatil-ne-zaman-2025-adli-tatil-hangi-tarihlerde-basliyor\/\" \/>\n<meta property=\"og:site_name\" content=\"Kariyer Rehberi\" \/>\n<meta property=\"article:published_time\" content=\"2025-04-24T10:39:36+00:00\" \/>\n<meta property=\"article:modified_time\" content=\"2025-04-24T10:48:00+00:00\" \/>\n<meta property=\"og:image\" content=\"https:\/\/www.kariyer.net\/kariyer-rehberi\/wp-content\/uploads\/2025\/04\/adli_tatil.jpg\" \/>\n\t<meta property=\"og:image:width\" content=\"900\" \/>\n\t<meta property=\"og:image:height\" content=\"600\" \/>\n\t<meta property=\"og:image:type\" content=\"image\/jpeg\" \/>\n<meta name=\"author\" content=\"Edit\u00f6r\" \/>\n<meta name=\"twitter:card\" content=\"summary_large_image\" \/>\n<meta name=\"twitter:label1\" content=\"Yazan:\" \/>\n\t<meta name=\"twitter:data1\" content=\"Edit\u00f6r\" \/>\n\t<meta name=\"twitter:label2\" content=\"Tahmini okuma s\u00fcresi\" \/>\n\t<meta name=\"twitter:data2\" content=\"5 dakika\" \/>\n<!-- \/ Yoast SEO Premium plugin. -->","yoast_head_json":{"title":"Adli tatil ne zaman 2025? Adli tatil hangi tarihlerde ba\u015fl\u0131yor?","description":"Adli tatil ne zaman ba\u015fl\u0131yor ne zaman bitiyor ve hangi davalar g\u00f6r\u00fclebiliyor? \u0130\u015fte, s\u00fcre\u00e7 hakk\u0131nda bilmen gerekenler.\u00a0","robots":{"index":"index","follow":"follow","max-snippet":"max-snippet:-1","max-image-preview":"max-image-preview:large","max-video-preview":"max-video-preview:-1"},"canonical":"https:\/\/www.kariyer.net\/kariyer-rehberi\/adli-tatil-ne-zaman-2025-adli-tatil-hangi-tarihlerde-basliyor\/","og_locale":"tr_TR","og_type":"article","og_title":"Adli tatil ne zaman 2025? Adli tatil hangi tarihlerde ba\u015fl\u0131yor?","og_description":"Yaz\u0131n aylar\u0131n\u0131n yakla\u015fmas\u0131yla birlikte adli tatil d\u00f6nemi i\u00e7in de geri say\u0131m ba\u015flad\u0131. Her y\u0131l oldu\u011fu gibi 2025\u2019te de adli tatil d\u00f6nemi, mahkemelerin","og_url":"https:\/\/www.kariyer.net\/kariyer-rehberi\/adli-tatil-ne-zaman-2025-adli-tatil-hangi-tarihlerde-basliyor\/","og_site_name":"Kariyer Rehberi","article_published_time":"2025-04-24T10:39:36+00:00","article_modified_time":"2025-04-24T10:48:00+00:00","og_image":[{"width":900,"height":600,"url":"https:\/\/www.kariyer.net\/kariyer-rehberi\/wp-content\/uploads\/2025\/04\/adli_tatil.jpg","type":"image\/jpeg"}],"author":"Edit\u00f6r","twitter_card":"summary_large_image","twitter_misc":{"Yazan:":"Edit\u00f6r","Tahmini okuma s\u00fcresi":"5 dakika"},"schema":{"@context":"https:\/\/schema.org","@graph":[{"@type":"Article","@id":"https:\/\/www.kariyer.net\/kariyer-rehberi\/adli-tatil-ne-zaman-2025-adli-tatil-hangi-tarihlerde-basliyor\/#article","isPartOf":{"@id":"https:\/\/www.kariyer.net\/kariyer-rehberi\/adli-tatil-ne-zaman-2025-adli-tatil-hangi-tarihlerde-basliyor\/"},"author":{"name":"Edit\u00f6r","@id":"https:\/\/www.kariyer.net\/kariyer-rehberi\/#\/schema\/person\/94fd6e49c7ff1b1b2565a2cc4fd685dd"},"headline":"Adli tatil ne zaman 2025? Adli tatil hangi tarihlerde ba\u015fl\u0131yor?","datePublished":"2025-04-24T10:39:36+00:00","dateModified":"2025-04-24T10:48:00+00:00","mainEntityOfPage":{"@id":"https:\/\/www.kariyer.net\/kariyer-rehberi\/adli-tatil-ne-zaman-2025-adli-tatil-hangi-tarihlerde-basliyor\/"},"wordCount":1022,"publisher":{"@id":"https:\/\/www.kariyer.net\/kariyer-rehberi\/#organization"},"image":{"@id":"https:\/\/www.kariyer.net\/kariyer-rehberi\/adli-tatil-ne-zaman-2025-adli-tatil-hangi-tarihlerde-basliyor\/#primaryimage"},"thumbnailUrl":"https:\/\/www.kariyer.net\/kariyer-rehberi\/wp-content\/uploads\/2025\/04\/adli_tatil.jpg","articleSection":["Ya\u015fam"],"inLanguage":"tr"},{"@type":"WebPage","@id":"https:\/\/www.kariyer.net\/kariyer-rehberi\/adli-tatil-ne-zaman-2025-adli-tatil-hangi-tarihlerde-basliyor\/","url":"https:\/\/www.kariyer.net\/kariyer-rehberi\/adli-tatil-ne-zaman-2025-adli-tatil-hangi-tarihlerde-basliyor\/","name":"Adli tatil ne zaman 2025? Adli tatil hangi tarihlerde ba\u015fl\u0131yor?","isPartOf":{"@id":"https:\/\/www.kariyer.net\/kariyer-rehberi\/#website"},"primaryImageOfPage":{"@id":"https:\/\/www.kariyer.net\/kariyer-rehberi\/adli-tatil-ne-zaman-2025-adli-tatil-hangi-tarihlerde-basliyor\/#primaryimage"},"image":{"@id":"https:\/\/www.kariyer.net\/kariyer-rehberi\/adli-tatil-ne-zaman-2025-adli-tatil-hangi-tarihlerde-basliyor\/#primaryimage"},"thumbnailUrl":"https:\/\/www.kariyer.net\/kariyer-rehberi\/wp-content\/uploads\/2025\/04\/adli_tatil.jpg","datePublished":"2025-04-24T10:39:36+00:00","dateModified":"2025-04-24T10:48:00+00:00","description":"Adli tatil ne zaman ba\u015fl\u0131yor ne zaman bitiyor ve hangi davalar g\u00f6r\u00fclebiliyor? \u0130\u015fte, s\u00fcre\u00e7 hakk\u0131nda bilmen gerekenler.\u00a0","breadcrumb":{"@id":"https:\/\/www.kariyer.net\/kariyer-rehberi\/adli-tatil-ne-zaman-2025-adli-tatil-hangi-tarihlerde-basliyor\/#breadcrumb"},"inLanguage":"tr","potentialAction":[{"@type":"ReadAction","target":["https:\/\/www.kariyer.net\/kariyer-rehberi\/adli-tatil-ne-zaman-2025-adli-tatil-hangi-tarihlerde-basliyor\/"]}]},{"@type":"ImageObject","inLanguage":"tr","@id":"https:\/\/www.kariyer.net\/kariyer-rehberi\/adli-tatil-ne-zaman-2025-adli-tatil-hangi-tarihlerde-basliyor\/#primaryimage","url":"https:\/\/www.kariyer.net\/kariyer-rehberi\/wp-content\/uploads\/2025\/04\/adli_tatil.jpg","contentUrl":"https:\/\/www.kariyer.net\/kariyer-rehberi\/wp-content\/uploads\/2025\/04\/adli_tatil.jpg","width":900,"height":600},{"@type":"BreadcrumbList","@id":"https:\/\/www.kariyer.net\/kariyer-rehberi\/adli-tatil-ne-zaman-2025-adli-tatil-hangi-tarihlerde-basliyor\/#breadcrumb","itemListElement":[{"@type":"ListItem","position":1,"name":"Anasayfa","item":"https:\/\/www.kariyer.net\/kariyer-rehberi\/"},{"@type":"ListItem","position":2,"name":"Adli tatil ne zaman 2025? Adli tatil hangi tarihlerde ba\u015fl\u0131yor?"}]},{"@type":"WebSite","@id":"https:\/\/www.kariyer.net\/kariyer-rehberi\/#website","url":"https:\/\/www.kariyer.net\/kariyer-rehberi\/","name":"Kariyer Rehberi","description":"\u0130\u015f D\u00fcnyas\u0131yla \u0130lgili Bilmek \u0130stedi\u011finiz Her \u015eey","publisher":{"@id":"https:\/\/www.kariyer.net\/kariyer-rehberi\/#organization"},"potentialAction":[{"@type":"SearchAction","target":{"@type":"EntryPoint","urlTemplate":"https:\/\/www.kariyer.net\/kariyer-rehberi\/?s={search_term_string}"},"query-input":{"@type":"PropertyValueSpecification","valueRequired":true,"valueName":"search_term_string"}}],"inLanguage":"tr"},{"@type":"Organization","@id":"https:\/\/www.kariyer.net\/kariyer-rehberi\/#organization","name":"Kariyer.net","url":"https:\/\/www.kariyer.net\/kariyer-rehberi\/","logo":{"@type":"ImageObject","inLanguage":"tr","@id":"https:\/\/www.kariyer.net\/kariyer-rehberi\/#\/schema\/logo\/image\/","url":"https:\/\/www.kariyer.net\/kariyer-rehberi-new\/wp-content\/uploads\/2023\/01\/og-image11.jpg","contentUrl":"https:\/\/www.kariyer.net\/kariyer-rehberi-new\/wp-content\/uploads\/2023\/01\/og-image11.jpg","width":800,"height":800,"caption":"Kariyer.net"},"image":{"@id":"https:\/\/www.kariyer.net\/kariyer-rehberi\/#\/schema\/logo\/image\/"}},{"@type":"Person","@id":"https:\/\/www.kariyer.net\/kariyer-rehberi\/#\/schema\/person\/94fd6e49c7ff1b1b2565a2cc4fd685dd","name":"Edit\u00f6r","image":{"@type":"ImageObject","inLanguage":"tr","@id":"https:\/\/www.kariyer.net\/kariyer-rehberi\/#\/schema\/person\/image\/","url":"https:\/\/secure.gravatar.com\/avatar\/0c4fe6688343aed3693b15573beae12c08ace5565409d5ab7509bf9c115f458d?s=96&d=mm&r=g","contentUrl":"https:\/\/secure.gravatar.com\/avatar\/0c4fe6688343aed3693b15573beae12c08ace5565409d5ab7509bf9c115f458d?s=96&d=mm&r=g","caption":"Edit\u00f6r"},"url":"https:\/\/www.kariyer.net\/kariyer-rehberi\/author\/editor\/"}]}},"_links":{"self":[{"href":"https:\/\/www.kariyer.net\/kariyer-rehberi\/wp-json\/wp\/v2\/posts\/22113","targetHints":{"allow":["GET"]}}],"collection":[{"href":"https:\/\/www.kariyer.net\/kariyer-rehberi\/wp-json\/wp\/v2\/posts"}],"about":[{"href":"https:\/\/www.kariyer.net\/kariyer-rehberi\/wp-json\/wp\/v2\/types\/post"}],"author":[{"embeddable":true,"href":"https:\/\/www.kariyer.net\/kariyer-rehberi\/wp-json\/wp\/v2\/users\/12"}],"replies":[{"embeddable":true,"href":"https:\/\/www.kariyer.net\/kariyer-rehberi\/wp-json\/wp\/v2\/comments?post=22113"}],"version-history":[{"count":1,"href":"https:\/\/www.kariyer.net\/kariyer-rehberi\/wp-json\/wp\/v2\/posts\/22113\/revisions"}],"predecessor-version":[{"id":22115,"href":"https:\/\/www.kariyer.net\/kariyer-rehberi\/wp-json\/wp\/v2\/posts\/22113\/revisions\/22115"}],"wp:featuredmedia":[{"embeddable":true,"href":"https:\/\/www.kariyer.net\/kariyer-rehberi\/wp-json\/wp\/v2\/media\/22114"}],"wp:attachment":[{"href":"https:\/\/www.kariyer.net\/kariyer-rehberi\/wp-json\/wp\/v2\/media?parent=22113"}],"wp:term":[{"taxonomy":"category","embeddable":true,"href":"https:\/\/www.kariyer.net\/kariyer-rehberi\/wp-json\/wp\/v2\/categories?post=22113"},{"taxonomy":"post_tag","embeddable":true,"href":"https:\/\/www.kariyer.net\/kariyer-rehberi\/wp-json\/wp\/v2\/tags?post=22113"}],"curies":[{"name":"wp","href":"https:\/\/api.w.org\/{rel}","templated":true}]}}