{"id":22119,"date":"2025-04-24T14:23:58","date_gmt":"2025-04-24T11:23:58","guid":{"rendered":"https:\/\/www.kariyer.net\/kariyer-rehberi\/?p=22119"},"modified":"2025-04-24T14:25:09","modified_gmt":"2025-04-24T11:25:09","slug":"2025-aof-yaz-okulu-sinavi-ne-zaman","status":"publish","type":"post","link":"https:\/\/www.kariyer.net\/kariyer-rehberi\/2025-aof-yaz-okulu-sinavi-ne-zaman\/","title":{"rendered":"2025 A\u00d6F yaz okulu s\u0131nav\u0131 ne zaman?"},"content":{"rendered":"<p><strong>A\u00e7\u0131k \u00f6\u011fretim Fak\u00fcltesi \u00f6\u011frencileri yaz okulu s\u0131navlar\u0131n\u0131 merakla bekliyor. Peki, 2025 A\u00d6F yaz okulu s\u0131nav\u0131 tam olarak ne zaman yap\u0131lacak?<\/strong><\/p>\n<h2><b>2025 A\u00d6F yaz okulu s\u0131nav\u0131 ne zaman?<\/b><b><br \/>\n<\/b><\/h2>\n<p><span style=\"font-weight: 400;\">2025 <\/span><b>A\u00d6F yaz okulu s\u0131nav\u0131 tarihi, <\/b><span style=\"font-weight: 400;\">Anadolu \u00dcniversitesi taraf\u0131nca belirlenen akademik takvime g\u00f6re a\u011fustos ay\u0131 i\u00e7inde yap\u0131lmas\u0131 planlan\u0131r. Anadolu \u00dcniversitesi taraf\u0131ndan yay\u0131nlanan akademik takvime g\u00f6re \u00fcniversite b\u00fcnyesinde yaz okulu 14-18 Temmuz&#8217;da ba\u015flar. Yaz okulu akademik takvim de buna g\u00f6re \u015fekillenir. Di\u011fer fak\u00fclteler i\u00e7in yaz okulu s\u0131navlar\u0131 8-12 Eyl\u00fcl tarihleri aras\u0131nda yap\u0131l\u0131r. Ancak Anadolu \u00dcniversitesi A\u00e7\u0131k\u00f6\u011fretim Fak\u00fcltesi i\u00e7in bu tarihlerde de\u011fi\u015fiklik olabilir. Yine di\u011fer fak\u00fclteler i\u00e7in yaz okulu mazeret s\u0131navlar\u0131n\u0131n tarihi ise 22-23 Eyl\u00fcl olarak belirlenmi\u015ftir. Ancak bu tarihler de A\u00d6F i\u00e7in farkl\u0131l\u0131k olabilir. Bunun i\u00e7in en do\u011fru y\u00f6ntem fak\u00fcltenin resmi bilgilendirme duyurular\u0131n\u0131 takip etmen olacakt\u0131r. Bu tarz resmi a\u00e7\u0131klamalar\u0131 takip etmek ad\u0131na Kariyer.net \u00fczerindeki g\u00fcncel <\/span><a href=\"https:\/\/www.kariyer.net\/universite-rehberi-blog\/universite-hayati\/\" target=\"_blank\" rel=\"noopener\"><span style=\"font-weight: 400;\">\u00fcniversite hayat\u0131<\/span><\/a><span style=\"font-weight: 400;\"> i\u00e7eriklerine g\u00f6z atabilirsin.<\/span><span style=\"font-weight: 400;\"><br \/>\n<\/span><\/p>\n<h2><b>Ata A\u00d6F yaz okulu s\u0131nav\u0131 ne zaman?<\/b><b><br \/>\n<\/b><\/h2>\n<p><span style=\"font-weight: 400;\">Anadolu \u00dcniversitesi\u2019ne ba\u011fl\u0131 olmayan di\u011fer A\u00e7\u0131k \u00f6\u011fretim Fak\u00fclteleri, kendi yaz okulu s\u0131nav tarihlerini a\u00e7\u0131klar. \u00d6zellikle de Atat\u00fcrk \u00dcniversitesi A\u00e7\u0131k \u00f6\u011fretim Fak\u00fcltesi, yani <\/span><b>Ata A\u00d6F yaz okulu s\u0131nav\u0131 ne zaman <\/b><span style=\"font-weight: 400;\">sorusuna gelecek olursak genellikle temmuz sonu ya da a\u011fustos ba\u015f\u0131nda ger\u00e7ekle\u015ftirilir. Fakat her \u00fcniversitenin akademik takvimi farkl\u0131 oldu\u011fundan dolay\u0131 Atat\u00fcrk \u00dcniversitesi\u2019nin resmi bilgilendirme kanallar\u0131ndan duyurular\u0131 takip etmek son derece \u00f6nemlidir.<\/span><span style=\"font-weight: 400;\"><br \/>\n<\/span><\/p>\n<h2><b>A\u00d6F yaz okulu s\u0131nav\u0131nda dikkat edilmesi gerekenler?<\/b><b><br \/>\n<\/b><\/h2>\n<p><span style=\"font-weight: 400;\">Bu yo\u011fun e\u011fitim program\u0131nda ba\u015far\u0131l\u0131 olmak i\u00e7in birka\u00e7 \u00f6nemli nokta seni hedeflerine daha h\u0131zl\u0131 bir \u015fekilde ula\u015ft\u0131r\u0131r;<\/span><\/p>\n<ul>\n<li style=\"font-weight: 400;\" aria-level=\"1\"><span style=\"font-weight: 400;\">Ders materyallerini kullanmal\u0131s\u0131n: Yaz okulunda kullan\u0131lan materyalleri g\u00f6zden ge\u00e7irebilir ve s\u0131navdan \u00f6nce notlar\u0131n\u0131 d\u00fczenli olarak tekrar edebilirsin. \u00d6zellikle de eksik oldu\u011fun konular \u00fczerinde durman \u00e7ok daha etkili olacakt\u0131r.<\/span><\/li>\n<li style=\"font-weight: 400;\" aria-level=\"1\"><span style=\"font-weight: 400;\">Planl\u0131 olman gerekir: Zaman\u0131 verimli bir \u015fekilde kullanarak s\u0131nav zaman\u0131nda hem motivasyonunu hem de oda\u011f\u0131n\u0131 artt\u0131rabilirsin. Her g\u00fcn\u00fcn sonunda hangi konuda eksik oldu\u011funu analiz etmeyi de unutma.<\/span><\/li>\n<li style=\"font-weight: 400;\" aria-level=\"1\"><span style=\"font-weight: 400;\">Online kaynaklardan yararlanabilirsin: Anadolu \u00dcniversitesi ve di\u011fer A\u00d6F sayfalar\u0131 \u00e7evrimi\u00e7i kaynaklarla doludur. E-ders kaynaklar\u0131, videolar ve online sorular bunlardan baz\u0131lar\u0131d\u0131r. Bunlardan en y\u00fcksek verimi alarak zorland\u0131\u011f\u0131n derslerle ba\u015fa \u00e7\u0131kabilirsin.<\/span><\/li>\n<li style=\"font-weight: 400;\" aria-level=\"1\"><span style=\"font-weight: 400;\">S\u0131nav saatini ka\u00e7\u0131rmamaya dikkat etmelisin: <\/span><b>A\u00d6F yaz okulu s\u0131nav\u0131 saat ka\u00e7ta <\/b><span style=\"font-weight: 400;\">sorusu, \u00e7o\u011funlukla s\u0131navdan k\u0131sa bir zaman \u00f6nce a\u00e7\u0131klan\u0131r. Bundan dolay\u0131 s\u0131nav g\u00fcn\u00fcne dek hem saat hem de s\u0131nav yeri bilgilerini \u00f6\u011frenmek i\u00e7in s\u00fcrekli olarak g\u00fcncellemeleri takip etmelisin.<\/span><\/li>\n<li style=\"font-weight: 400;\" aria-level=\"1\"><span style=\"font-weight: 400;\">S\u0131navdan bir g\u00fcn \u00f6nce gereken belgeleri (kimlik, s\u0131nav giri\u015f belgesi vb.) haz\u0131rlamay\u0131 unutmamal\u0131s\u0131n.<\/span><\/li>\n<li style=\"font-weight: 400;\" aria-level=\"1\"><span style=\"font-weight: 400;\">Evde pratik yapabilirsin: Ger\u00e7ek s\u0131nav yap\u0131s\u0131na uygun deneme s\u0131navlar\u0131 \u00e7\u00f6zerek kendini test edebilirsin. B\u00f6ylelikle zaman y\u00f6netimini daha da geli\u015ftirebilirsin.<\/span><span style=\"font-weight: 400;\"><br \/>\n<\/span><\/li>\n<\/ul>\n<h3><b>Yaz okulu s\u0131nav\u0131 nas\u0131l avantaj sa\u011flar?<\/b><b><br \/>\n<\/b><\/h3>\n<p><span style=\"font-weight: 400;\">Yaz okulu s\u0131navlar\u0131, \u00f6nceki d\u00f6nemlerde ba\u015far\u0131s\u0131z olunan dersleri telafi etmek ve not ortalamas\u0131n\u0131 y\u00fckseltmek isteyen \u00f6\u011frenciler i\u00e7in \u00e7ok iyi bir f\u0131rsatt\u0131r. Ayr\u0131ca belli derslerden h\u0131zl\u0131 bir bi\u00e7imde ba\u015far\u0131l\u0131 olmak, mezuniyet s\u00fcrecini de h\u0131zland\u0131r\u0131r. Yaz okulu sayesinde d\u00f6nem uzatma gibi bir risk ortadan kalkar ve eksik kalan dersleri toparlama imkan\u0131 yakalars\u0131n.<\/span><\/p>\n<p><span style=\"font-weight: 400;\">Bu s\u0131nav, sadece bir zorunluluk olarak de\u011fil gelece\u011fin i\u00e7in b\u00fcy\u00fck bir avantaj olarak g\u00f6r\u00fclmelidir. Ayn\u0131 zamanda <\/span><b>yaz okulu s\u0131nav\u0131 A\u00d6F <\/b><span style=\"font-weight: 400;\">zorlay\u0131c\u0131 gibi g\u00f6r\u00fcnse dahi, y\u00fcksek \u00e7aba ve do\u011fru bir haz\u0131rl\u0131k plan\u0131yla ba\u015far\u0131yla tamamlanabilir.<\/span><span style=\"font-weight: 400;\"><br \/>\n<\/span><\/p>\n<h3><b>\u00d6\u011frenci destek hatt\u0131 olanaklar<\/b><b><br \/>\n<\/b><\/h3>\n<p><span style=\"font-weight: 400;\">S\u0131nav s\u00fcrecinde kar\u015f\u0131la\u015fabilece\u011fin her t\u00fcrl\u00fc problemi internet \u00fczerindeki kaynaklardan \u00f6\u011frenebilir ya da Anadolu \u00dcniversitesi\u2019nin \u00e7a\u011fr\u0131 merkezi ile irtibata ge\u00e7ebilirsin. \u00d6\u011frenci destek hatt\u0131n\u0131 arayarak s\u0131navlarla alakal\u0131 daha \u00e7ok bilgiye sahip olabilir ya da yaz okulu s\u00fcreciyle ilgili akl\u0131na tak\u0131lan ayr\u0131nt\u0131lar\u0131 netle\u015ftirebilirsin.<\/span><\/p>\n<p><span style=\"font-weight: 400;\">E\u011fer Atat\u00fcrk \u00dcniversitesi\u2019nde yaz okulu s\u0131nav\u0131na kat\u0131lacaksan daha detayl\u0131 bilgilere eri\u015fim sa\u011flamak i\u00e7in \u00fcniversitenin online sistemini kullanman \u00f6nemlidir. Sistemde \u00e7o\u011funlukla s\u0131k\u00e7a sorulan sorular ve duyurular g\u00fcncel olarak payla\u015f\u0131l\u0131r.<\/span><\/p>\n<!-- templates\/buttons-placeholder.php -->\n<div class=\"da-reactions-outer TpostID22119\">\n\t    <div class=\"da-reactions-data da-reactions-container-async center\"\n         data-type=\"post\"\n         data-id=\"22119\"\n         id=\"da-reactions-slot-post-22119\">\n        <div class=\"da-reactions-static\">\n\t\t\t<img src=\"https:\/\/www.kariyer.net\/kariyer-rehberi\/wp-content\/plugins\/da-reactions\/assets\/dist\/loading.svg\" alt=\"Loading spinner\" width=\"48\" height=\"48\" style=\"width:48px\" \/>\n        <\/div>\n    <\/div>\n<\/div>\n","protected":false},"excerpt":{"rendered":"<p>A\u00e7\u0131k \u00f6\u011fretim Fak\u00fcltesi \u00f6\u011frencileri yaz okulu s\u0131navlar\u0131n\u0131 merakla bekliyor. Peki, 2025 A\u00d6F yaz okulu s\u0131nav\u0131 tam olarak ne zaman yap\u0131lacak? 2025 A\u00d6F yaz okulu s\u0131nav\u0131 ne zaman? 2025 A\u00d6F yaz okulu s\u0131nav\u0131 tarihi, Anadolu \u00dcniversitesi taraf\u0131nca belirlenen akademik takvime g\u00f6re a\u011fustos ay\u0131 i\u00e7inde yap\u0131lmas\u0131 planlan\u0131r. Anadolu \u00dcniversitesi taraf\u0131ndan yay\u0131nlanan akademik takvime g\u00f6re \u00fcniversite b\u00fcnyesinde yaz [&hellip;]<\/p>\n<!-- templates\/buttons-placeholder.php -->\n<div class=\"da-reactions-outer TpostID22119\">\n\t    <div class=\"da-reactions-data da-reactions-container-async center\"\n         data-type=\"post\"\n         data-id=\"22119\"\n         id=\"da-reactions-slot-post-22119\">\n        <div class=\"da-reactions-static\">\n\t\t\t<img src=\"https:\/\/www.kariyer.net\/kariyer-rehberi\/wp-content\/plugins\/da-reactions\/assets\/dist\/loading.svg\" alt=\"Loading spinner\" width=\"48\" height=\"48\" style=\"width:48px\" \/>\n        <\/div>\n    <\/div>\n<\/div>\n","protected":false},"author":12,"featured_media":22120,"comment_status":"closed","ping_status":"open","sticky":false,"template":"","format":"standard","meta":{"footnotes":"","_elementor_edit_mode":"","_elementor_template_type":"","_elementor_data":"","_elementor_page_settings":null,"_elementor_conditions":[]},"categories":[2203],"tags":[],"class_list":{"0":"post-22119","1":"post","2":"type-post","3":"status-publish","4":"format-standard","5":"has-post-thumbnail","7":"category-haberler-duyurular"},"yoast_head":"<!-- This site is optimized with the Yoast SEO Premium plugin v21.4 (Yoast SEO v27.0) - https:\/\/yoast.com\/product\/yoast-seo-premium-wordpress\/ -->\n<title>2025 A\u00d6F yaz okulu s\u0131nav\u0131 ne zaman?<\/title>\n<meta name=\"description\" content=\"A\u00e7\u0131k \u00f6\u011fretim Fak\u00fcltesi \u00f6\u011frencileri yaz okulu s\u0131navlar\u0131n\u0131 merakla bekliyor. 2025 A\u00d6F yaz okulu s\u0131nav\u0131 tam olarak ne zaman yap\u0131lacak?\" \/>\n<meta name=\"robots\" content=\"index, follow, max-snippet:-1, max-image-preview:large, max-video-preview:-1\" \/>\n<link rel=\"canonical\" href=\"https:\/\/www.kariyer.net\/kariyer-rehberi\/2025-aof-yaz-okulu-sinavi-ne-zaman\/\" \/>\n<meta property=\"og:locale\" content=\"tr_TR\" \/>\n<meta property=\"og:type\" content=\"article\" \/>\n<meta property=\"og:title\" content=\"2025 A\u00d6F yaz okulu s\u0131nav\u0131 ne zaman?\" \/>\n<meta property=\"og:description\" content=\"A\u00e7\u0131k \u00f6\u011fretim Fak\u00fcltesi \u00f6\u011frencileri yaz okulu s\u0131navlar\u0131n\u0131 merakla bekliyor. Peki, 2025 A\u00d6F yaz okulu s\u0131nav\u0131 tam olarak ne zaman yap\u0131lacak? 2025 A\u00d6F yaz\" \/>\n<meta property=\"og:url\" content=\"https:\/\/www.kariyer.net\/kariyer-rehberi\/2025-aof-yaz-okulu-sinavi-ne-zaman\/\" \/>\n<meta property=\"og:site_name\" content=\"Kariyer Rehberi\" \/>\n<meta property=\"article:published_time\" content=\"2025-04-24T11:23:58+00:00\" \/>\n<meta property=\"article:modified_time\" content=\"2025-04-24T11:25:09+00:00\" \/>\n<meta property=\"og:image\" content=\"https:\/\/www.kariyer.net\/kariyer-rehberi\/wp-content\/uploads\/2025\/04\/2025-AOF-yaz-okulu.jpg\" \/>\n\t<meta property=\"og:image:width\" content=\"900\" \/>\n\t<meta property=\"og:image:height\" content=\"600\" \/>\n\t<meta property=\"og:image:type\" content=\"image\/jpeg\" \/>\n<meta name=\"author\" content=\"Edit\u00f6r\" \/>\n<meta name=\"twitter:card\" content=\"summary_large_image\" \/>\n<meta name=\"twitter:label1\" content=\"Yazan:\" \/>\n\t<meta name=\"twitter:data1\" content=\"Edit\u00f6r\" \/>\n\t<meta name=\"twitter:label2\" content=\"Tahmini okuma s\u00fcresi\" \/>\n\t<meta name=\"twitter:data2\" content=\"4 dakika\" \/>\n<!-- \/ Yoast SEO Premium plugin. -->","yoast_head_json":{"title":"2025 A\u00d6F yaz okulu s\u0131nav\u0131 ne zaman?","description":"A\u00e7\u0131k \u00f6\u011fretim Fak\u00fcltesi \u00f6\u011frencileri yaz okulu s\u0131navlar\u0131n\u0131 merakla bekliyor. 2025 A\u00d6F yaz okulu s\u0131nav\u0131 tam olarak ne zaman yap\u0131lacak?","robots":{"index":"index","follow":"follow","max-snippet":"max-snippet:-1","max-image-preview":"max-image-preview:large","max-video-preview":"max-video-preview:-1"},"canonical":"https:\/\/www.kariyer.net\/kariyer-rehberi\/2025-aof-yaz-okulu-sinavi-ne-zaman\/","og_locale":"tr_TR","og_type":"article","og_title":"2025 A\u00d6F yaz okulu s\u0131nav\u0131 ne zaman?","og_description":"A\u00e7\u0131k \u00f6\u011fretim Fak\u00fcltesi \u00f6\u011frencileri yaz okulu s\u0131navlar\u0131n\u0131 merakla bekliyor. Peki, 2025 A\u00d6F yaz okulu s\u0131nav\u0131 tam olarak ne zaman yap\u0131lacak? 2025 A\u00d6F yaz","og_url":"https:\/\/www.kariyer.net\/kariyer-rehberi\/2025-aof-yaz-okulu-sinavi-ne-zaman\/","og_site_name":"Kariyer Rehberi","article_published_time":"2025-04-24T11:23:58+00:00","article_modified_time":"2025-04-24T11:25:09+00:00","og_image":[{"width":900,"height":600,"url":"https:\/\/www.kariyer.net\/kariyer-rehberi\/wp-content\/uploads\/2025\/04\/2025-AOF-yaz-okulu.jpg","type":"image\/jpeg"}],"author":"Edit\u00f6r","twitter_card":"summary_large_image","twitter_misc":{"Yazan:":"Edit\u00f6r","Tahmini okuma s\u00fcresi":"4 dakika"},"schema":{"@context":"https:\/\/schema.org","@graph":[{"@type":"Article","@id":"https:\/\/www.kariyer.net\/kariyer-rehberi\/2025-aof-yaz-okulu-sinavi-ne-zaman\/#article","isPartOf":{"@id":"https:\/\/www.kariyer.net\/kariyer-rehberi\/2025-aof-yaz-okulu-sinavi-ne-zaman\/"},"author":{"name":"Edit\u00f6r","@id":"https:\/\/www.kariyer.net\/kariyer-rehberi\/#\/schema\/person\/94fd6e49c7ff1b1b2565a2cc4fd685dd"},"headline":"2025 A\u00d6F yaz okulu s\u0131nav\u0131 ne zaman?","datePublished":"2025-04-24T11:23:58+00:00","dateModified":"2025-04-24T11:25:09+00:00","mainEntityOfPage":{"@id":"https:\/\/www.kariyer.net\/kariyer-rehberi\/2025-aof-yaz-okulu-sinavi-ne-zaman\/"},"wordCount":777,"publisher":{"@id":"https:\/\/www.kariyer.net\/kariyer-rehberi\/#organization"},"image":{"@id":"https:\/\/www.kariyer.net\/kariyer-rehberi\/2025-aof-yaz-okulu-sinavi-ne-zaman\/#primaryimage"},"thumbnailUrl":"https:\/\/www.kariyer.net\/kariyer-rehberi\/wp-content\/uploads\/2025\/04\/2025-AOF-yaz-okulu.jpg","articleSection":["Haberler ve Duyurular"],"inLanguage":"tr"},{"@type":"WebPage","@id":"https:\/\/www.kariyer.net\/kariyer-rehberi\/2025-aof-yaz-okulu-sinavi-ne-zaman\/","url":"https:\/\/www.kariyer.net\/kariyer-rehberi\/2025-aof-yaz-okulu-sinavi-ne-zaman\/","name":"2025 A\u00d6F yaz okulu s\u0131nav\u0131 ne zaman?","isPartOf":{"@id":"https:\/\/www.kariyer.net\/kariyer-rehberi\/#website"},"primaryImageOfPage":{"@id":"https:\/\/www.kariyer.net\/kariyer-rehberi\/2025-aof-yaz-okulu-sinavi-ne-zaman\/#primaryimage"},"image":{"@id":"https:\/\/www.kariyer.net\/kariyer-rehberi\/2025-aof-yaz-okulu-sinavi-ne-zaman\/#primaryimage"},"thumbnailUrl":"https:\/\/www.kariyer.net\/kariyer-rehberi\/wp-content\/uploads\/2025\/04\/2025-AOF-yaz-okulu.jpg","datePublished":"2025-04-24T11:23:58+00:00","dateModified":"2025-04-24T11:25:09+00:00","description":"A\u00e7\u0131k \u00f6\u011fretim Fak\u00fcltesi \u00f6\u011frencileri yaz okulu s\u0131navlar\u0131n\u0131 merakla bekliyor. 2025 A\u00d6F yaz okulu s\u0131nav\u0131 tam olarak ne zaman yap\u0131lacak?","breadcrumb":{"@id":"https:\/\/www.kariyer.net\/kariyer-rehberi\/2025-aof-yaz-okulu-sinavi-ne-zaman\/#breadcrumb"},"inLanguage":"tr","potentialAction":[{"@type":"ReadAction","target":["https:\/\/www.kariyer.net\/kariyer-rehberi\/2025-aof-yaz-okulu-sinavi-ne-zaman\/"]}]},{"@type":"ImageObject","inLanguage":"tr","@id":"https:\/\/www.kariyer.net\/kariyer-rehberi\/2025-aof-yaz-okulu-sinavi-ne-zaman\/#primaryimage","url":"https:\/\/www.kariyer.net\/kariyer-rehberi\/wp-content\/uploads\/2025\/04\/2025-AOF-yaz-okulu.jpg","contentUrl":"https:\/\/www.kariyer.net\/kariyer-rehberi\/wp-content\/uploads\/2025\/04\/2025-AOF-yaz-okulu.jpg","width":900,"height":600},{"@type":"BreadcrumbList","@id":"https:\/\/www.kariyer.net\/kariyer-rehberi\/2025-aof-yaz-okulu-sinavi-ne-zaman\/#breadcrumb","itemListElement":[{"@type":"ListItem","position":1,"name":"Anasayfa","item":"https:\/\/www.kariyer.net\/kariyer-rehberi\/"},{"@type":"ListItem","position":2,"name":"2025 A\u00d6F yaz okulu s\u0131nav\u0131 ne zaman?"}]},{"@type":"WebSite","@id":"https:\/\/www.kariyer.net\/kariyer-rehberi\/#website","url":"https:\/\/www.kariyer.net\/kariyer-rehberi\/","name":"Kariyer Rehberi","description":"\u0130\u015f D\u00fcnyas\u0131yla \u0130lgili Bilmek \u0130stedi\u011finiz Her \u015eey","publisher":{"@id":"https:\/\/www.kariyer.net\/kariyer-rehberi\/#organization"},"potentialAction":[{"@type":"SearchAction","target":{"@type":"EntryPoint","urlTemplate":"https:\/\/www.kariyer.net\/kariyer-rehberi\/?s={search_term_string}"},"query-input":{"@type":"PropertyValueSpecification","valueRequired":true,"valueName":"search_term_string"}}],"inLanguage":"tr"},{"@type":"Organization","@id":"https:\/\/www.kariyer.net\/kariyer-rehberi\/#organization","name":"Kariyer.net","url":"https:\/\/www.kariyer.net\/kariyer-rehberi\/","logo":{"@type":"ImageObject","inLanguage":"tr","@id":"https:\/\/www.kariyer.net\/kariyer-rehberi\/#\/schema\/logo\/image\/","url":"https:\/\/www.kariyer.net\/kariyer-rehberi-new\/wp-content\/uploads\/2023\/01\/og-image11.jpg","contentUrl":"https:\/\/www.kariyer.net\/kariyer-rehberi-new\/wp-content\/uploads\/2023\/01\/og-image11.jpg","width":800,"height":800,"caption":"Kariyer.net"},"image":{"@id":"https:\/\/www.kariyer.net\/kariyer-rehberi\/#\/schema\/logo\/image\/"}},{"@type":"Person","@id":"https:\/\/www.kariyer.net\/kariyer-rehberi\/#\/schema\/person\/94fd6e49c7ff1b1b2565a2cc4fd685dd","name":"Edit\u00f6r","image":{"@type":"ImageObject","inLanguage":"tr","@id":"https:\/\/www.kariyer.net\/kariyer-rehberi\/#\/schema\/person\/image\/","url":"https:\/\/secure.gravatar.com\/avatar\/0c4fe6688343aed3693b15573beae12c08ace5565409d5ab7509bf9c115f458d?s=96&d=mm&r=g","contentUrl":"https:\/\/secure.gravatar.com\/avatar\/0c4fe6688343aed3693b15573beae12c08ace5565409d5ab7509bf9c115f458d?s=96&d=mm&r=g","caption":"Edit\u00f6r"},"url":"https:\/\/www.kariyer.net\/kariyer-rehberi\/author\/editor\/"}]}},"_links":{"self":[{"href":"https:\/\/www.kariyer.net\/kariyer-rehberi\/wp-json\/wp\/v2\/posts\/22119","targetHints":{"allow":["GET"]}}],"collection":[{"href":"https:\/\/www.kariyer.net\/kariyer-rehberi\/wp-json\/wp\/v2\/posts"}],"about":[{"href":"https:\/\/www.kariyer.net\/kariyer-rehberi\/wp-json\/wp\/v2\/types\/post"}],"author":[{"embeddable":true,"href":"https:\/\/www.kariyer.net\/kariyer-rehberi\/wp-json\/wp\/v2\/users\/12"}],"replies":[{"embeddable":true,"href":"https:\/\/www.kariyer.net\/kariyer-rehberi\/wp-json\/wp\/v2\/comments?post=22119"}],"version-history":[{"count":1,"href":"https:\/\/www.kariyer.net\/kariyer-rehberi\/wp-json\/wp\/v2\/posts\/22119\/revisions"}],"predecessor-version":[{"id":22121,"href":"https:\/\/www.kariyer.net\/kariyer-rehberi\/wp-json\/wp\/v2\/posts\/22119\/revisions\/22121"}],"wp:featuredmedia":[{"embeddable":true,"href":"https:\/\/www.kariyer.net\/kariyer-rehberi\/wp-json\/wp\/v2\/media\/22120"}],"wp:attachment":[{"href":"https:\/\/www.kariyer.net\/kariyer-rehberi\/wp-json\/wp\/v2\/media?parent=22119"}],"wp:term":[{"taxonomy":"category","embeddable":true,"href":"https:\/\/www.kariyer.net\/kariyer-rehberi\/wp-json\/wp\/v2\/categories?post=22119"},{"taxonomy":"post_tag","embeddable":true,"href":"https:\/\/www.kariyer.net\/kariyer-rehberi\/wp-json\/wp\/v2\/tags?post=22119"}],"curies":[{"name":"wp","href":"https:\/\/api.w.org\/{rel}","templated":true}]}}