{"id":22126,"date":"2025-04-25T17:10:09","date_gmt":"2025-04-25T14:10:09","guid":{"rendered":"https:\/\/www.kariyer.net\/kariyer-rehberi\/?p=22126"},"modified":"2025-04-25T17:12:19","modified_gmt":"2025-04-25T14:12:19","slug":"havaciligin-kalbi-bu-fuarda-atiyor-ifte-2025","status":"publish","type":"post","link":"https:\/\/www.kariyer.net\/kariyer-rehberi\/havaciligin-kalbi-bu-fuarda-atiyor-ifte-2025\/","title":{"rendered":"Havac\u0131l\u0131\u011f\u0131n kalbi bu fuarda at\u0131yor: IFTE 2025"},"content":{"rendered":"<p><strong>Havac\u0131l\u0131k alan\u0131nda kariyer yapmay\u0131 d\u00fc\u015f\u00fcn\u00fcyorsan ve \u00a0bu sekt\u00f6re ilgi duyuyorsan, T\u00fcrkiye&#8217;nin en b\u00fcy\u00fck havac\u0131l\u0131k e\u011fitim ve kariyer fuar\u0131 IFTE 2025\u2019e mutlaka kat\u0131lmal\u0131s\u0131n. Sim\u00fclat\u00f6r deneyimleri, havac\u0131l\u0131k e\u011fitim \u00e7\u00f6z\u00fcmleri ve \u00e7ok daha fazlas\u0131 seni bekliyor!<\/strong><\/p>\n<h2>IFTE 2025 nedir?<\/h2>\n<p>\u0130stanbul Flight Training Exhibition (IFTE), T\u00fcrkiye\u2019de havac\u0131l\u0131k e\u011fitimine odaklanan en b\u00fcy\u00fck organizasyon. Bu y\u0131l 7. kez d\u00fczenlenecek IFTE, <strong>9-11 May\u0131s tarihlerinde Atat\u00fcrk Havaliman\u0131 C Terminali<\/strong>\u2019nde yap\u0131lacak. U\u00e7u\u015f okullar\u0131, havayolu \u015firketleri, havac\u0131l\u0131k kurum ve kurulu\u015flar\u0131, pilotaj e\u011fitimi veren \u00fcniversiteler, u\u00e7ak par\u00e7as\u0131 ve u\u00e7ak \u00fcreticileri, sim\u00fclat\u00f6r e\u011fitim merkezleri ve sekt\u00f6re dair bir\u00e7ok payda\u015f bir araya gelecek.<\/p>\n<h2>Kimler kat\u0131l\u0131yor?<\/h2>\n<p>Ula\u015ft\u0131rma Bakanl\u0131\u011f\u0131, DHM\u0130, SHGM ve ilgili resmi kurum ve kurulu\u015flar taraf\u0131ndan desteklenen fuarda; T\u00fcrk Hava Yollar\u0131, Pegasus, SunExpress gibi havayolu \u015firketlerinin yan\u0131 s\u0131ra hem yerli hem yabanc\u0131 u\u00e7u\u015f okullar\u0131, havac\u0131l\u0131\u011fa dair \u00fcniversiteler, resmi ve \u00f6zel kurulu\u015flar, e\u011fitim firmalar\u0131 da yer alacak.<\/p>\n<h2>Hangi konular ele al\u0131nacak?<\/h2>\n<p>Etkinlik kapsam\u0131nda paneller ve bilgilendirme oturumlar\u0131 d\u00fczenlenecek. Konu ba\u015fl\u0131klar\u0131 \u015f\u00f6yle:<\/p>\n<ul>\n<li>U\u00e7u\u015f e\u011fitimi s\u00fcre\u00e7leri,<\/li>\n<li>Pilot lisans t\u00fcrleri ve ge\u00e7i\u015fler,<\/li>\n<li>E\u011fitim \u00fccretleri,<\/li>\n<li>MPL (Multi-Crew Pilot License) e\u011fitim s\u00fcreci,<\/li>\n<li>Uluslararas\u0131 d\u00fczenlemeler,<\/li>\n<li>Havac\u0131l\u0131kta insan kaynaklar\u0131 gereksinimleri ve kariyer f\u0131rsatlar\u0131,<\/li>\n<li>Sim\u00fclat\u00f6r deneyimi ve e\u011fitim teknolojileri.<\/li>\n<\/ul>\n<p>Ayr\u0131ca kat\u0131l\u0131mc\u0131lar i\u00e7in haz\u0131rlanacak alanlarda sim\u00fclat\u00f6r deneyimi sunulacak. Drone, \u00a0AR, VR gibi teknolojilerle desteklenen e\u011fitim sistemlerini yerinde tecr\u00fcbe etme \u015fans\u0131 tan\u0131nacak.<\/p>\n<h2>Havac\u0131l\u0131\u011f\u0131n di\u011fer alanlar\u0131na ilgi duyanlar i\u00e7in<\/h2>\n<p>Pilotluk d\u0131\u015f\u0131nda kabin memurlu\u011fu, bak\u0131m teknisyenli\u011fi, hava trafik kontrol\u00fc gibi farkl\u0131 alanlardan uzmanlar da fuarda olacak ve bu alanlarda kariyer yapmak isteyen ziyaretcilere ba\u015fka hi\u00e7bir yerde \u00f6\u011frenemeyecekleri bilgileri konferans ortam\u0131nda verecekler. Kat\u0131l\u0131mc\u0131lar\u0131n; e\u011fitim s\u00fcreleri, reg\u00fclasyonlar, maliyetler ve yeni programlar hakk\u0131nda bilgi almas\u0131 m\u00fcmk\u00fcn olacak.<\/p>\n<h2>Nas\u0131l kat\u0131labilirsin?<\/h2>\n<p>IFTE 2025\u2019e kat\u0131l\u0131m \u00fccretsiz. Bireysel olarak fuar alan\u0131nda kay\u0131t yapt\u0131rabilir ya da <strong><a href=\"http:\/\/www.ifteturkiye.com\" target=\"_blank\" rel=\"noopener\">www.ifteturkiye.com <\/a><\/strong>adresinden \u00f6n kay\u0131t olu\u015fturabilirsin.<\/p>\n<!-- templates\/buttons-placeholder.php -->\n<div class=\"da-reactions-outer TpostID22126\">\n\t    <div class=\"da-reactions-data da-reactions-container-async center\"\n         data-type=\"post\"\n         data-id=\"22126\"\n         id=\"da-reactions-slot-post-22126\">\n        <div class=\"da-reactions-static\">\n\t\t\t<img src=\"https:\/\/www.kariyer.net\/kariyer-rehberi\/wp-content\/plugins\/da-reactions\/assets\/dist\/loading.svg\" alt=\"Loading spinner\" width=\"48\" height=\"48\" style=\"width:48px\" \/>\n        <\/div>\n    <\/div>\n<\/div>\n","protected":false},"excerpt":{"rendered":"<p>Havac\u0131l\u0131k alan\u0131nda kariyer yapmay\u0131 d\u00fc\u015f\u00fcn\u00fcyorsan ve \u00a0bu sekt\u00f6re ilgi duyuyorsan, T\u00fcrkiye&#8217;nin en b\u00fcy\u00fck havac\u0131l\u0131k e\u011fitim ve kariyer fuar\u0131 IFTE 2025\u2019e mutlaka kat\u0131lmal\u0131s\u0131n. Sim\u00fclat\u00f6r deneyimleri, havac\u0131l\u0131k e\u011fitim \u00e7\u00f6z\u00fcmleri ve \u00e7ok daha fazlas\u0131 seni bekliyor! IFTE 2025 nedir? \u0130stanbul Flight Training Exhibition (IFTE), T\u00fcrkiye\u2019de havac\u0131l\u0131k e\u011fitimine odaklanan en b\u00fcy\u00fck organizasyon. Bu y\u0131l 7. kez d\u00fczenlenecek IFTE, 9-11 [&hellip;]<\/p>\n<!-- templates\/buttons-placeholder.php -->\n<div class=\"da-reactions-outer TpostID22126\">\n\t    <div class=\"da-reactions-data da-reactions-container-async center\"\n         data-type=\"post\"\n         data-id=\"22126\"\n         id=\"da-reactions-slot-post-22126\">\n        <div class=\"da-reactions-static\">\n\t\t\t<img src=\"https:\/\/www.kariyer.net\/kariyer-rehberi\/wp-content\/plugins\/da-reactions\/assets\/dist\/loading.svg\" alt=\"Loading spinner\" width=\"48\" height=\"48\" style=\"width:48px\" \/>\n        <\/div>\n    <\/div>\n<\/div>\n","protected":false},"author":12,"featured_media":22127,"comment_status":"closed","ping_status":"open","sticky":false,"template":"","format":"standard","meta":{"footnotes":"","_elementor_edit_mode":"","_elementor_template_type":"","_elementor_data":"","_elementor_page_settings":null,"_elementor_conditions":[]},"categories":[2214],"tags":[],"class_list":{"0":"post-22126","1":"post","2":"type-post","3":"status-publish","4":"format-standard","5":"has-post-thumbnail","7":"category-yasam"},"yoast_head":"<!-- This site is optimized with the Yoast SEO Premium plugin v21.4 (Yoast SEO v27.0) - https:\/\/yoast.com\/product\/yoast-seo-premium-wordpress\/ -->\n<title>Havac\u0131l\u0131\u011f\u0131n kalbi bu fuarda at\u0131yor: IFTE 2025<\/title>\n<meta name=\"description\" content=\"Havac\u0131l\u0131k alan\u0131nda kariyer yapmay\u0131 d\u00fc\u015f\u00fcn\u00fcyorsan T\u00fcrkiye&#039;nin en b\u00fcy\u00fck havac\u0131l\u0131k e\u011fitim ve kariyer fuar\u0131 IFTE 2025\u2019e mutlaka kat\u0131lmal\u0131s\u0131n.\" \/>\n<meta name=\"robots\" content=\"index, follow, max-snippet:-1, max-image-preview:large, max-video-preview:-1\" \/>\n<link rel=\"canonical\" href=\"https:\/\/www.kariyer.net\/kariyer-rehberi\/havaciligin-kalbi-bu-fuarda-atiyor-ifte-2025\/\" \/>\n<meta property=\"og:locale\" content=\"tr_TR\" \/>\n<meta property=\"og:type\" content=\"article\" \/>\n<meta property=\"og:title\" content=\"Havac\u0131l\u0131\u011f\u0131n kalbi bu fuarda at\u0131yor: IFTE 2025\" \/>\n<meta property=\"og:description\" content=\"Havac\u0131l\u0131k alan\u0131nda kariyer yapmay\u0131 d\u00fc\u015f\u00fcn\u00fcyorsan ve \u00a0bu sekt\u00f6re ilgi duyuyorsan, T\u00fcrkiye&#039;nin en b\u00fcy\u00fck havac\u0131l\u0131k e\u011fitim ve kariyer fuar\u0131 IFTE 2025\u2019e mutlaka\" \/>\n<meta property=\"og:url\" content=\"https:\/\/www.kariyer.net\/kariyer-rehberi\/havaciligin-kalbi-bu-fuarda-atiyor-ifte-2025\/\" \/>\n<meta property=\"og:site_name\" content=\"Kariyer Rehberi\" \/>\n<meta property=\"article:published_time\" content=\"2025-04-25T14:10:09+00:00\" \/>\n<meta property=\"article:modified_time\" content=\"2025-04-25T14:12:19+00:00\" \/>\n<meta property=\"og:image\" content=\"https:\/\/www.kariyer.net\/kariyer-rehberi\/wp-content\/uploads\/2025\/04\/ifte_2025.jpeg\" \/>\n\t<meta property=\"og:image:width\" content=\"900\" \/>\n\t<meta property=\"og:image:height\" content=\"600\" \/>\n\t<meta property=\"og:image:type\" content=\"image\/jpeg\" \/>\n<meta name=\"author\" content=\"Edit\u00f6r\" \/>\n<meta name=\"twitter:card\" content=\"summary_large_image\" \/>\n<meta name=\"twitter:label1\" content=\"Yazan:\" \/>\n\t<meta name=\"twitter:data1\" content=\"Edit\u00f6r\" \/>\n\t<meta name=\"twitter:label2\" content=\"Tahmini okuma s\u00fcresi\" \/>\n\t<meta name=\"twitter:data2\" content=\"2 dakika\" \/>\n<!-- \/ Yoast SEO Premium plugin. -->","yoast_head_json":{"title":"Havac\u0131l\u0131\u011f\u0131n kalbi bu fuarda at\u0131yor: IFTE 2025","description":"Havac\u0131l\u0131k alan\u0131nda kariyer yapmay\u0131 d\u00fc\u015f\u00fcn\u00fcyorsan T\u00fcrkiye'nin en b\u00fcy\u00fck havac\u0131l\u0131k e\u011fitim ve kariyer fuar\u0131 IFTE 2025\u2019e mutlaka kat\u0131lmal\u0131s\u0131n.","robots":{"index":"index","follow":"follow","max-snippet":"max-snippet:-1","max-image-preview":"max-image-preview:large","max-video-preview":"max-video-preview:-1"},"canonical":"https:\/\/www.kariyer.net\/kariyer-rehberi\/havaciligin-kalbi-bu-fuarda-atiyor-ifte-2025\/","og_locale":"tr_TR","og_type":"article","og_title":"Havac\u0131l\u0131\u011f\u0131n kalbi bu fuarda at\u0131yor: IFTE 2025","og_description":"Havac\u0131l\u0131k alan\u0131nda kariyer yapmay\u0131 d\u00fc\u015f\u00fcn\u00fcyorsan ve \u00a0bu sekt\u00f6re ilgi duyuyorsan, T\u00fcrkiye'nin en b\u00fcy\u00fck havac\u0131l\u0131k e\u011fitim ve kariyer fuar\u0131 IFTE 2025\u2019e mutlaka","og_url":"https:\/\/www.kariyer.net\/kariyer-rehberi\/havaciligin-kalbi-bu-fuarda-atiyor-ifte-2025\/","og_site_name":"Kariyer Rehberi","article_published_time":"2025-04-25T14:10:09+00:00","article_modified_time":"2025-04-25T14:12:19+00:00","og_image":[{"width":900,"height":600,"url":"https:\/\/www.kariyer.net\/kariyer-rehberi\/wp-content\/uploads\/2025\/04\/ifte_2025.jpeg","type":"image\/jpeg"}],"author":"Edit\u00f6r","twitter_card":"summary_large_image","twitter_misc":{"Yazan:":"Edit\u00f6r","Tahmini okuma s\u00fcresi":"2 dakika"},"schema":{"@context":"https:\/\/schema.org","@graph":[{"@type":"Article","@id":"https:\/\/www.kariyer.net\/kariyer-rehberi\/havaciligin-kalbi-bu-fuarda-atiyor-ifte-2025\/#article","isPartOf":{"@id":"https:\/\/www.kariyer.net\/kariyer-rehberi\/havaciligin-kalbi-bu-fuarda-atiyor-ifte-2025\/"},"author":{"name":"Edit\u00f6r","@id":"https:\/\/www.kariyer.net\/kariyer-rehberi\/#\/schema\/person\/94fd6e49c7ff1b1b2565a2cc4fd685dd"},"headline":"Havac\u0131l\u0131\u011f\u0131n kalbi bu fuarda at\u0131yor: IFTE 2025","datePublished":"2025-04-25T14:10:09+00:00","dateModified":"2025-04-25T14:12:19+00:00","mainEntityOfPage":{"@id":"https:\/\/www.kariyer.net\/kariyer-rehberi\/havaciligin-kalbi-bu-fuarda-atiyor-ifte-2025\/"},"wordCount":401,"publisher":{"@id":"https:\/\/www.kariyer.net\/kariyer-rehberi\/#organization"},"image":{"@id":"https:\/\/www.kariyer.net\/kariyer-rehberi\/havaciligin-kalbi-bu-fuarda-atiyor-ifte-2025\/#primaryimage"},"thumbnailUrl":"https:\/\/www.kariyer.net\/kariyer-rehberi\/wp-content\/uploads\/2025\/04\/ifte_2025.jpeg","articleSection":["Ya\u015fam"],"inLanguage":"tr"},{"@type":"WebPage","@id":"https:\/\/www.kariyer.net\/kariyer-rehberi\/havaciligin-kalbi-bu-fuarda-atiyor-ifte-2025\/","url":"https:\/\/www.kariyer.net\/kariyer-rehberi\/havaciligin-kalbi-bu-fuarda-atiyor-ifte-2025\/","name":"Havac\u0131l\u0131\u011f\u0131n kalbi bu fuarda at\u0131yor: IFTE 2025","isPartOf":{"@id":"https:\/\/www.kariyer.net\/kariyer-rehberi\/#website"},"primaryImageOfPage":{"@id":"https:\/\/www.kariyer.net\/kariyer-rehberi\/havaciligin-kalbi-bu-fuarda-atiyor-ifte-2025\/#primaryimage"},"image":{"@id":"https:\/\/www.kariyer.net\/kariyer-rehberi\/havaciligin-kalbi-bu-fuarda-atiyor-ifte-2025\/#primaryimage"},"thumbnailUrl":"https:\/\/www.kariyer.net\/kariyer-rehberi\/wp-content\/uploads\/2025\/04\/ifte_2025.jpeg","datePublished":"2025-04-25T14:10:09+00:00","dateModified":"2025-04-25T14:12:19+00:00","description":"Havac\u0131l\u0131k alan\u0131nda kariyer yapmay\u0131 d\u00fc\u015f\u00fcn\u00fcyorsan T\u00fcrkiye'nin en b\u00fcy\u00fck havac\u0131l\u0131k e\u011fitim ve kariyer fuar\u0131 IFTE 2025\u2019e mutlaka kat\u0131lmal\u0131s\u0131n.","breadcrumb":{"@id":"https:\/\/www.kariyer.net\/kariyer-rehberi\/havaciligin-kalbi-bu-fuarda-atiyor-ifte-2025\/#breadcrumb"},"inLanguage":"tr","potentialAction":[{"@type":"ReadAction","target":["https:\/\/www.kariyer.net\/kariyer-rehberi\/havaciligin-kalbi-bu-fuarda-atiyor-ifte-2025\/"]}]},{"@type":"ImageObject","inLanguage":"tr","@id":"https:\/\/www.kariyer.net\/kariyer-rehberi\/havaciligin-kalbi-bu-fuarda-atiyor-ifte-2025\/#primaryimage","url":"https:\/\/www.kariyer.net\/kariyer-rehberi\/wp-content\/uploads\/2025\/04\/ifte_2025.jpeg","contentUrl":"https:\/\/www.kariyer.net\/kariyer-rehberi\/wp-content\/uploads\/2025\/04\/ifte_2025.jpeg","width":900,"height":600},{"@type":"BreadcrumbList","@id":"https:\/\/www.kariyer.net\/kariyer-rehberi\/havaciligin-kalbi-bu-fuarda-atiyor-ifte-2025\/#breadcrumb","itemListElement":[{"@type":"ListItem","position":1,"name":"Anasayfa","item":"https:\/\/www.kariyer.net\/kariyer-rehberi\/"},{"@type":"ListItem","position":2,"name":"Havac\u0131l\u0131\u011f\u0131n kalbi bu fuarda at\u0131yor: IFTE 2025"}]},{"@type":"WebSite","@id":"https:\/\/www.kariyer.net\/kariyer-rehberi\/#website","url":"https:\/\/www.kariyer.net\/kariyer-rehberi\/","name":"Kariyer Rehberi","description":"\u0130\u015f D\u00fcnyas\u0131yla \u0130lgili Bilmek \u0130stedi\u011finiz Her \u015eey","publisher":{"@id":"https:\/\/www.kariyer.net\/kariyer-rehberi\/#organization"},"potentialAction":[{"@type":"SearchAction","target":{"@type":"EntryPoint","urlTemplate":"https:\/\/www.kariyer.net\/kariyer-rehberi\/?s={search_term_string}"},"query-input":{"@type":"PropertyValueSpecification","valueRequired":true,"valueName":"search_term_string"}}],"inLanguage":"tr"},{"@type":"Organization","@id":"https:\/\/www.kariyer.net\/kariyer-rehberi\/#organization","name":"Kariyer.net","url":"https:\/\/www.kariyer.net\/kariyer-rehberi\/","logo":{"@type":"ImageObject","inLanguage":"tr","@id":"https:\/\/www.kariyer.net\/kariyer-rehberi\/#\/schema\/logo\/image\/","url":"https:\/\/www.kariyer.net\/kariyer-rehberi-new\/wp-content\/uploads\/2023\/01\/og-image11.jpg","contentUrl":"https:\/\/www.kariyer.net\/kariyer-rehberi-new\/wp-content\/uploads\/2023\/01\/og-image11.jpg","width":800,"height":800,"caption":"Kariyer.net"},"image":{"@id":"https:\/\/www.kariyer.net\/kariyer-rehberi\/#\/schema\/logo\/image\/"}},{"@type":"Person","@id":"https:\/\/www.kariyer.net\/kariyer-rehberi\/#\/schema\/person\/94fd6e49c7ff1b1b2565a2cc4fd685dd","name":"Edit\u00f6r","image":{"@type":"ImageObject","inLanguage":"tr","@id":"https:\/\/www.kariyer.net\/kariyer-rehberi\/#\/schema\/person\/image\/","url":"https:\/\/secure.gravatar.com\/avatar\/0c4fe6688343aed3693b15573beae12c08ace5565409d5ab7509bf9c115f458d?s=96&d=mm&r=g","contentUrl":"https:\/\/secure.gravatar.com\/avatar\/0c4fe6688343aed3693b15573beae12c08ace5565409d5ab7509bf9c115f458d?s=96&d=mm&r=g","caption":"Edit\u00f6r"},"url":"https:\/\/www.kariyer.net\/kariyer-rehberi\/author\/editor\/"}]}},"_links":{"self":[{"href":"https:\/\/www.kariyer.net\/kariyer-rehberi\/wp-json\/wp\/v2\/posts\/22126","targetHints":{"allow":["GET"]}}],"collection":[{"href":"https:\/\/www.kariyer.net\/kariyer-rehberi\/wp-json\/wp\/v2\/posts"}],"about":[{"href":"https:\/\/www.kariyer.net\/kariyer-rehberi\/wp-json\/wp\/v2\/types\/post"}],"author":[{"embeddable":true,"href":"https:\/\/www.kariyer.net\/kariyer-rehberi\/wp-json\/wp\/v2\/users\/12"}],"replies":[{"embeddable":true,"href":"https:\/\/www.kariyer.net\/kariyer-rehberi\/wp-json\/wp\/v2\/comments?post=22126"}],"version-history":[{"count":1,"href":"https:\/\/www.kariyer.net\/kariyer-rehberi\/wp-json\/wp\/v2\/posts\/22126\/revisions"}],"predecessor-version":[{"id":22129,"href":"https:\/\/www.kariyer.net\/kariyer-rehberi\/wp-json\/wp\/v2\/posts\/22126\/revisions\/22129"}],"wp:featuredmedia":[{"embeddable":true,"href":"https:\/\/www.kariyer.net\/kariyer-rehberi\/wp-json\/wp\/v2\/media\/22127"}],"wp:attachment":[{"href":"https:\/\/www.kariyer.net\/kariyer-rehberi\/wp-json\/wp\/v2\/media?parent=22126"}],"wp:term":[{"taxonomy":"category","embeddable":true,"href":"https:\/\/www.kariyer.net\/kariyer-rehberi\/wp-json\/wp\/v2\/categories?post=22126"},{"taxonomy":"post_tag","embeddable":true,"href":"https:\/\/www.kariyer.net\/kariyer-rehberi\/wp-json\/wp\/v2\/tags?post=22126"}],"curies":[{"name":"wp","href":"https:\/\/api.w.org\/{rel}","templated":true}]}}