{"id":22151,"date":"2025-05-15T18:03:00","date_gmt":"2025-05-15T15:03:00","guid":{"rendered":"https:\/\/www.kariyer.net\/kariyer-rehberi\/?p=22151"},"modified":"2025-06-19T18:08:51","modified_gmt":"2025-06-19T15:08:51","slug":"z-kusagi-orta-duzey-yoneticilikten-neden-kaciyor","status":"publish","type":"post","link":"https:\/\/www.kariyer.net\/kariyer-rehberi\/z-kusagi-orta-duzey-yoneticilikten-neden-kaciyor\/","title":{"rendered":"Z ku\u015fa\u011f\u0131 orta d\u00fczey y\u00f6neticilikten neden ka\u00e7\u0131yor?"},"content":{"rendered":"<p class=\"\" data-start=\"408\" data-end=\"636\"><strong data-start=\"408\" data-end=\"636\">G\u00fcn\u00fcm\u00fcz i\u015f d\u00fcnyas\u0131nda Z ku\u015fa\u011f\u0131n\u0131n kariyer tercihleri, geleneksel y\u00f6netim anlay\u0131\u015f\u0131n\u0131 sorgulat\u0131yor. \u201cBilin\u00e7li y\u00f6netimsizlik\u201d (conscious unbossing) olarak adland\u0131r\u0131lan yeni e\u011filim; gen\u00e7 profesyonellerin orta d\u00fczey y\u00f6neticilik rollerinden \u00f6zellikle uzak durmay\u0131 tercih etmesiyle dikkat \u00e7ekiyor. <\/strong><strong data-start=\"408\" data-end=\"636\">Peki bu tercih, i\u015f d\u00fcnyas\u0131nda k\u00f6kl\u00fc bir d\u00f6n\u00fc\u015f\u00fcm\u00fcn habercisi olabilir mi?<\/strong><\/p>\n<p class=\"\" data-start=\"408\" data-end=\"636\">\u201cBilin\u00e7li Y\u00f6netimsizlik\u201d (Conscious Unbossing) yakla\u015f\u0131m\u0131, gen\u00e7 profesyonellerin neden y\u00f6netici koltu\u011funu pas ge\u00e7ti\u011fini anlamam\u0131za yard\u0131mc\u0131 oluyor. Bu yeni yakla\u015f\u0131m, i\u015f d\u00fcnyas\u0131ndaki liderlik anlay\u0131\u015f\u0131n\u0131 da k\u00f6kten de\u011fi\u015ftirecek gibi. Nas\u0131l m\u0131?<\/p>\n<h2 data-start=\"638\" data-end=\"697\">Gen\u00e7ler, sadece bir koltu\u011fa oturmak istemiyor<\/h2>\n<p class=\"\" data-start=\"699\" data-end=\"1084\">Z ku\u015fa\u011f\u0131n\u0131n i\u015f hayat\u0131na dair beklentileri \u00f6nceki ku\u015faklardan hayli farkl\u0131. Bu ku\u015fa\u011fa dahil olanlar i\u00e7in &#8220;y\u00f6netici&#8221; unvan\u0131 pek de heyecan uyand\u0131rm\u0131yor. Sadece bir koltukta oturmak de\u011fil; anlaml\u0131 bir i\u015f yapmak, de\u011fer g\u00f6rmek ve kendine ait bir ya\u015fam kurmak daha \u00f6nemli g\u00f6r\u00fcl\u00fcyor. \u0130\u015fte bu noktada, <strong><em data-start=\"1008\" data-end=\"1029\">conscious unbossing<\/em><\/strong> yani <em><strong>\u201cbilin\u00e7li y\u00f6netimsizlik\u201d<\/strong><\/em> kavram\u0131 devreye giriyor.<\/p>\n<h2 data-start=\"1086\" data-end=\"1132\">Orta kademe y\u00f6neticilik = S\u0131k\u0131\u015fm\u0131\u015fl\u0131k hissi<\/h2>\n<p class=\"\" data-start=\"1134\" data-end=\"1593\"><a href=\"https:\/\/www.kariyer.net\/ik-blog\/calisan-bagliligi-krizinde-gozden-kacan-kahramanlar-orta-kademe-liderler\/\" target=\"_blank\" rel=\"noopener\">Orta d\u00fczey y\u00f6neticilik<\/a> pozisyonlar\u0131, hem \u00fcst y\u00f6netimin taleplerini kar\u015f\u0131lamak hem de ekip \u00fcyelerinin motivasyonunu sa\u011flamak gibi \u00e7ift tarafl\u0131 bir bask\u0131 i\u00e7eriyor. Forbes\u2019a g\u00f6re <strong>Z ku\u015fa\u011f\u0131n\u0131n %52\u2019si bu rollerden bilin\u00e7li olarak uzak duruyor.<\/strong> Neden mi? \u00c7\u00fcnk\u00fc bu pozisyonlar, y\u00fcksek stres, d\u00fc\u015f\u00fck tatmin ve s\u0131n\u0131rl\u0131 yarat\u0131c\u0131l\u0131k f\u0131rsatlar\u0131 anlam\u0131na geliyor. Gen\u00e7 profesyoneller, kariyer yolculu\u011funda ilerlerken onlar\u0131 yoran bir role girmek istemiyor. Bu da \u00e7ok anla\u015f\u0131l\u0131r bir tercih&#8230;<\/p>\n<blockquote>\n<p data-start=\"1134\" data-end=\"1593\"><em>Ara\u015ft\u0131rmalar, Z ku\u015fa\u011f\u0131 profesyonellerinin %72&#8217;sinin insan y\u00f6netimindeki rolleri \u00fcstlenmektense bireysel uzmanl\u0131klar\u0131n\u0131 geli\u015ftirerek kariyerlerini ilerletmeyi tercih etti\u011fini g\u00f6steriyor.<\/em><\/p>\n<\/blockquote>\n<h2 data-start=\"1595\" data-end=\"1636\">Hiyerar\u015fi de\u011fil, yatay yap\u0131 ar\u0131yorlar<\/h2>\n<p class=\"\" data-start=\"1638\" data-end=\"1989\">Unvanlar, stat\u00fcler ya da hiyerar\u015fik yap\u0131lar art\u0131k o kadar da cazip gelmiyor. Yatay organizasyonlar, demokratik karar alma s\u00fcre\u00e7leri ve esnek i\u015f modelleri \u00e7ok daha ilgi \u00e7ekici bulunuyor. Bilin\u00e7li y\u00f6netimsizlik yakla\u015f\u0131m\u0131 da bunu savunuyor. \u00d6rne\u011fin; tak\u0131m lideri olabilirsin, ama bu bir ast-\u00fcst ili\u015fkisi \u00fczerinden de\u011fil, kar\u015f\u0131l\u0131kl\u0131 g\u00fcven ve yetki devri \u00fczerinden y\u00fcr\u00fcmeli.<\/p>\n<h2 data-start=\"1991\" data-end=\"2044\">\u015eirketlerin yeni liderlik anlay\u0131\u015f\u0131na ge\u00e7mesi \u00f6nemli<\/h2>\n<p class=\"\" data-start=\"2046\" data-end=\"2442\">Z ku\u015fa\u011f\u0131n\u0131n bu tavr\u0131, \u015firketleri de d\u00f6n\u00fc\u015ft\u00fcrmeye ba\u015flad\u0131. \u0130nsan kaynaklar\u0131 art\u0131k \u015fu soruyu daha fazla soruyor: <strong>&#8220;Gen\u00e7 yetenekleri nas\u0131l y\u00f6neticilik rol\u00fcne ikna edebiliriz?&#8221;<\/strong> Yan\u0131t, klasik liderlik anlay\u0131\u015f\u0131n\u0131 terk etmekte yat\u0131yor. Mentorluk f\u0131rsatlar\u0131 sunmak, mikro-y\u00f6netimden uzak durmak ve \u00e7al\u0131\u015fanlar\u0131n kendi kararlar\u0131n\u0131 alabilecekleri alanlar yaratmak, bu yeni d\u00f6nemin olmazsa olmazlar\u0131 aras\u0131nda.<\/p>\n<p class=\"\" data-start=\"2470\" data-end=\"2797\">\u00d6zetle;<\/p>\n<p class=\"\" data-start=\"126\" data-end=\"422\">Z ku\u015fa\u011f\u0131 liderlikten tamamen uzakla\u015fm\u0131yor; ama geleneksel hiyerar\u015fik anlay\u0131\u015fa mesafeli duruyor. Onlar i\u00e7in liderlik, otoriteyle de\u011fil; uzmanl\u0131k, i\u015f birli\u011fi ve ki\u015fisel geli\u015fimle anlam kazan\u0131yor. Bu da bize g\u00f6steriyor ki art\u0131k liderli\u011fi reddetmekten de\u011fil, liderli\u011fi yeniden tan\u0131mlamaktan s\u00f6z ediyoruz.<\/p>\n<p class=\"\" data-start=\"424\" data-end=\"696\">Kurumlar\u0131n bu yeni bak\u0131\u015f a\u00e7\u0131s\u0131n\u0131 anlamas\u0131 ve gen\u00e7 yeteneklerin beklenti ve de\u011ferlerine uygun ortamlar yaratmas\u0131 kritik \u00f6nem ta\u015f\u0131yor. \u00d6zellikle ya\u015flanan i\u015f g\u00fcc\u00fcyle birlikte d\u00fc\u015f\u00fcn\u00fcld\u00fc\u011f\u00fcnde, bu d\u00f6n\u00fc\u015f\u00fcm\u00fc bug\u00fcnden ba\u015flatmak, uzun vadeli ba\u015far\u0131 i\u00e7in ka\u00e7\u0131n\u0131lmaz g\u00f6r\u00fcn\u00fcyor.<\/p>\n<p data-start=\"2470\" data-end=\"2797\">Kaynak: <a href=\"https:\/\/www.forbes.com\/sites\/danpontefract\/2024\/09\/28\/conscious-unbossing-why-gen-z-is-steering-clear-of-middle-management\/\" target=\"_blank\" rel=\"noopener\">Forbes<\/a><\/p>\n<!-- templates\/buttons-placeholder.php -->\n<div class=\"da-reactions-outer TpostID22151\">\n\t    <div class=\"da-reactions-data da-reactions-container-async center\"\n         data-type=\"post\"\n         data-id=\"22151\"\n         id=\"da-reactions-slot-post-22151\">\n        <div class=\"da-reactions-static\">\n\t\t\t<img src=\"https:\/\/www.kariyer.net\/kariyer-rehberi\/wp-content\/plugins\/da-reactions\/assets\/dist\/loading.svg\" alt=\"Loading spinner\" width=\"48\" height=\"48\" style=\"width:48px\" \/>\n        <\/div>\n    <\/div>\n<\/div>\n","protected":false},"excerpt":{"rendered":"<p>G\u00fcn\u00fcm\u00fcz i\u015f d\u00fcnyas\u0131nda Z ku\u015fa\u011f\u0131n\u0131n kariyer tercihleri, geleneksel y\u00f6netim anlay\u0131\u015f\u0131n\u0131 sorgulat\u0131yor. \u201cBilin\u00e7li y\u00f6netimsizlik\u201d (conscious unbossing) olarak adland\u0131r\u0131lan yeni e\u011filim; gen\u00e7 profesyonellerin orta d\u00fczey y\u00f6neticilik rollerinden \u00f6zellikle uzak durmay\u0131 tercih etmesiyle dikkat \u00e7ekiyor. Peki bu tercih, i\u015f d\u00fcnyas\u0131nda k\u00f6kl\u00fc bir d\u00f6n\u00fc\u015f\u00fcm\u00fcn habercisi olabilir mi? \u201cBilin\u00e7li Y\u00f6netimsizlik\u201d (Conscious Unbossing) yakla\u015f\u0131m\u0131, gen\u00e7 profesyonellerin neden y\u00f6netici koltu\u011funu pas ge\u00e7ti\u011fini [&hellip;]<\/p>\n<!-- templates\/buttons-placeholder.php -->\n<div class=\"da-reactions-outer TpostID22151\">\n\t    <div class=\"da-reactions-data da-reactions-container-async center\"\n         data-type=\"post\"\n         data-id=\"22151\"\n         id=\"da-reactions-slot-post-22151\">\n        <div class=\"da-reactions-static\">\n\t\t\t<img src=\"https:\/\/www.kariyer.net\/kariyer-rehberi\/wp-content\/plugins\/da-reactions\/assets\/dist\/loading.svg\" alt=\"Loading spinner\" width=\"48\" height=\"48\" style=\"width:48px\" \/>\n        <\/div>\n    <\/div>\n<\/div>\n","protected":false},"author":29,"featured_media":22152,"comment_status":"closed","ping_status":"open","sticky":false,"template":"","format":"standard","meta":{"footnotes":"","_elementor_edit_mode":"","_elementor_template_type":"","_elementor_data":"","_elementor_page_settings":null,"_elementor_conditions":[]},"categories":[46],"tags":[959,2233,2229,1207,2220],"class_list":{"0":"post-22151","1":"post","2":"type-post","3":"status-publish","4":"format-standard","5":"has-post-thumbnail","7":"category-is-hayati","8":"tag-beyaz-yaka","9":"tag-is-tatmini-ve-calisan-memnuniyeti","10":"tag-kariyer-planlama-ve-gelisim","11":"tag-ozden-yilmaz","12":"tag-tecrubeli"},"yoast_head":"<!-- This site is optimized with the Yoast SEO Premium plugin v21.4 (Yoast SEO v27.0) - https:\/\/yoast.com\/product\/yoast-seo-premium-wordpress\/ -->\n<title>Z ku\u015fa\u011f\u0131 orta d\u00fczey y\u00f6neticilikten neden ka\u00e7\u0131yor?<\/title>\n<meta name=\"description\" content=\"\u201cBilin\u00e7li Y\u00f6netimsizlik\u201d (Conscious Unbossing) yakla\u015f\u0131m\u0131, gen\u00e7lerin neden y\u00f6netici koltu\u011funu pas ge\u00e7ti\u011fini anlamam\u0131za yard\u0131mc\u0131 oluyor.\" \/>\n<meta name=\"robots\" content=\"index, follow, max-snippet:-1, max-image-preview:large, max-video-preview:-1\" \/>\n<link rel=\"canonical\" href=\"https:\/\/www.kariyer.net\/kariyer-rehberi\/z-kusagi-orta-duzey-yoneticilikten-neden-kaciyor\/\" \/>\n<meta property=\"og:locale\" content=\"tr_TR\" \/>\n<meta property=\"og:type\" content=\"article\" \/>\n<meta property=\"og:title\" content=\"Z ku\u015fa\u011f\u0131 orta d\u00fczey y\u00f6neticilikten neden ka\u00e7\u0131yor?\" \/>\n<meta property=\"og:description\" content=\"G\u00fcn\u00fcm\u00fcz i\u015f d\u00fcnyas\u0131nda Z ku\u015fa\u011f\u0131n\u0131n kariyer tercihleri, geleneksel y\u00f6netim anlay\u0131\u015f\u0131n\u0131 sorgulat\u0131yor. \u201cBilin\u00e7li y\u00f6netimsizlik\u201d (conscious unbossing) olarak\" \/>\n<meta property=\"og:url\" content=\"https:\/\/www.kariyer.net\/kariyer-rehberi\/z-kusagi-orta-duzey-yoneticilikten-neden-kaciyor\/\" \/>\n<meta property=\"og:site_name\" content=\"Kariyer Rehberi\" \/>\n<meta property=\"article:published_time\" content=\"2025-05-15T15:03:00+00:00\" \/>\n<meta property=\"article:modified_time\" content=\"2025-06-19T15:08:51+00:00\" \/>\n<meta property=\"og:image\" content=\"https:\/\/www.kariyer.net\/kariyer-rehberi\/wp-content\/uploads\/2025\/05\/z_kusagi_liderlik.jpg\" \/>\n\t<meta property=\"og:image:width\" content=\"900\" \/>\n\t<meta property=\"og:image:height\" content=\"600\" \/>\n\t<meta property=\"og:image:type\" content=\"image\/jpeg\" \/>\n<meta name=\"author\" content=\"\u00d6zden Y\u0131lmaz\" \/>\n<meta name=\"twitter:card\" content=\"summary_large_image\" \/>\n<meta name=\"twitter:label1\" content=\"Yazan:\" \/>\n\t<meta name=\"twitter:data1\" content=\"\u00d6zden Y\u0131lmaz\" \/>\n\t<meta name=\"twitter:label2\" content=\"Tahmini okuma s\u00fcresi\" \/>\n\t<meta name=\"twitter:data2\" content=\"3 dakika\" \/>\n<!-- \/ Yoast SEO Premium plugin. -->","yoast_head_json":{"title":"Z ku\u015fa\u011f\u0131 orta d\u00fczey y\u00f6neticilikten neden ka\u00e7\u0131yor?","description":"\u201cBilin\u00e7li Y\u00f6netimsizlik\u201d (Conscious Unbossing) yakla\u015f\u0131m\u0131, gen\u00e7lerin neden y\u00f6netici koltu\u011funu pas ge\u00e7ti\u011fini anlamam\u0131za yard\u0131mc\u0131 oluyor.","robots":{"index":"index","follow":"follow","max-snippet":"max-snippet:-1","max-image-preview":"max-image-preview:large","max-video-preview":"max-video-preview:-1"},"canonical":"https:\/\/www.kariyer.net\/kariyer-rehberi\/z-kusagi-orta-duzey-yoneticilikten-neden-kaciyor\/","og_locale":"tr_TR","og_type":"article","og_title":"Z ku\u015fa\u011f\u0131 orta d\u00fczey y\u00f6neticilikten neden ka\u00e7\u0131yor?","og_description":"G\u00fcn\u00fcm\u00fcz i\u015f d\u00fcnyas\u0131nda Z ku\u015fa\u011f\u0131n\u0131n kariyer tercihleri, geleneksel y\u00f6netim anlay\u0131\u015f\u0131n\u0131 sorgulat\u0131yor. \u201cBilin\u00e7li y\u00f6netimsizlik\u201d (conscious unbossing) olarak","og_url":"https:\/\/www.kariyer.net\/kariyer-rehberi\/z-kusagi-orta-duzey-yoneticilikten-neden-kaciyor\/","og_site_name":"Kariyer Rehberi","article_published_time":"2025-05-15T15:03:00+00:00","article_modified_time":"2025-06-19T15:08:51+00:00","og_image":[{"width":900,"height":600,"url":"https:\/\/www.kariyer.net\/kariyer-rehberi\/wp-content\/uploads\/2025\/05\/z_kusagi_liderlik.jpg","type":"image\/jpeg"}],"author":"\u00d6zden Y\u0131lmaz","twitter_card":"summary_large_image","twitter_misc":{"Yazan:":"\u00d6zden Y\u0131lmaz","Tahmini okuma s\u00fcresi":"3 dakika"},"schema":{"@context":"https:\/\/schema.org","@graph":[{"@type":"Article","@id":"https:\/\/www.kariyer.net\/kariyer-rehberi\/z-kusagi-orta-duzey-yoneticilikten-neden-kaciyor\/#article","isPartOf":{"@id":"https:\/\/www.kariyer.net\/kariyer-rehberi\/z-kusagi-orta-duzey-yoneticilikten-neden-kaciyor\/"},"author":{"name":"\u00d6zden Y\u0131lmaz","@id":"https:\/\/www.kariyer.net\/kariyer-rehberi\/#\/schema\/person\/71c4f71ffd069a4c47a69e85a0e09215"},"headline":"Z ku\u015fa\u011f\u0131 orta d\u00fczey y\u00f6neticilikten neden ka\u00e7\u0131yor?","datePublished":"2025-05-15T15:03:00+00:00","dateModified":"2025-06-19T15:08:51+00:00","mainEntityOfPage":{"@id":"https:\/\/www.kariyer.net\/kariyer-rehberi\/z-kusagi-orta-duzey-yoneticilikten-neden-kaciyor\/"},"wordCount":599,"publisher":{"@id":"https:\/\/www.kariyer.net\/kariyer-rehberi\/#organization"},"image":{"@id":"https:\/\/www.kariyer.net\/kariyer-rehberi\/z-kusagi-orta-duzey-yoneticilikten-neden-kaciyor\/#primaryimage"},"thumbnailUrl":"https:\/\/www.kariyer.net\/kariyer-rehberi\/wp-content\/uploads\/2025\/05\/z_kusagi_liderlik.jpg","keywords":["beyaz yaka","\u0130\u015f Tatmini ve \u00c7al\u0131\u015fan Memnuniyeti","Kariyer Planlama ve Geli\u015fim","\u00d6zden Y\u0131lmaz","Tecr\u00fcbeli"],"articleSection":["\u0130\u015f Hayat\u0131"],"inLanguage":"tr"},{"@type":"WebPage","@id":"https:\/\/www.kariyer.net\/kariyer-rehberi\/z-kusagi-orta-duzey-yoneticilikten-neden-kaciyor\/","url":"https:\/\/www.kariyer.net\/kariyer-rehberi\/z-kusagi-orta-duzey-yoneticilikten-neden-kaciyor\/","name":"Z ku\u015fa\u011f\u0131 orta d\u00fczey y\u00f6neticilikten neden ka\u00e7\u0131yor?","isPartOf":{"@id":"https:\/\/www.kariyer.net\/kariyer-rehberi\/#website"},"primaryImageOfPage":{"@id":"https:\/\/www.kariyer.net\/kariyer-rehberi\/z-kusagi-orta-duzey-yoneticilikten-neden-kaciyor\/#primaryimage"},"image":{"@id":"https:\/\/www.kariyer.net\/kariyer-rehberi\/z-kusagi-orta-duzey-yoneticilikten-neden-kaciyor\/#primaryimage"},"thumbnailUrl":"https:\/\/www.kariyer.net\/kariyer-rehberi\/wp-content\/uploads\/2025\/05\/z_kusagi_liderlik.jpg","datePublished":"2025-05-15T15:03:00+00:00","dateModified":"2025-06-19T15:08:51+00:00","description":"\u201cBilin\u00e7li Y\u00f6netimsizlik\u201d (Conscious Unbossing) yakla\u015f\u0131m\u0131, gen\u00e7lerin neden y\u00f6netici koltu\u011funu pas ge\u00e7ti\u011fini anlamam\u0131za yard\u0131mc\u0131 oluyor.","breadcrumb":{"@id":"https:\/\/www.kariyer.net\/kariyer-rehberi\/z-kusagi-orta-duzey-yoneticilikten-neden-kaciyor\/#breadcrumb"},"inLanguage":"tr","potentialAction":[{"@type":"ReadAction","target":["https:\/\/www.kariyer.net\/kariyer-rehberi\/z-kusagi-orta-duzey-yoneticilikten-neden-kaciyor\/"]}]},{"@type":"ImageObject","inLanguage":"tr","@id":"https:\/\/www.kariyer.net\/kariyer-rehberi\/z-kusagi-orta-duzey-yoneticilikten-neden-kaciyor\/#primaryimage","url":"https:\/\/www.kariyer.net\/kariyer-rehberi\/wp-content\/uploads\/2025\/05\/z_kusagi_liderlik.jpg","contentUrl":"https:\/\/www.kariyer.net\/kariyer-rehberi\/wp-content\/uploads\/2025\/05\/z_kusagi_liderlik.jpg","width":900,"height":600},{"@type":"BreadcrumbList","@id":"https:\/\/www.kariyer.net\/kariyer-rehberi\/z-kusagi-orta-duzey-yoneticilikten-neden-kaciyor\/#breadcrumb","itemListElement":[{"@type":"ListItem","position":1,"name":"Anasayfa","item":"https:\/\/www.kariyer.net\/kariyer-rehberi\/"},{"@type":"ListItem","position":2,"name":"Z ku\u015fa\u011f\u0131 orta d\u00fczey y\u00f6neticilikten neden ka\u00e7\u0131yor?"}]},{"@type":"WebSite","@id":"https:\/\/www.kariyer.net\/kariyer-rehberi\/#website","url":"https:\/\/www.kariyer.net\/kariyer-rehberi\/","name":"Kariyer Rehberi","description":"\u0130\u015f D\u00fcnyas\u0131yla \u0130lgili Bilmek \u0130stedi\u011finiz Her \u015eey","publisher":{"@id":"https:\/\/www.kariyer.net\/kariyer-rehberi\/#organization"},"potentialAction":[{"@type":"SearchAction","target":{"@type":"EntryPoint","urlTemplate":"https:\/\/www.kariyer.net\/kariyer-rehberi\/?s={search_term_string}"},"query-input":{"@type":"PropertyValueSpecification","valueRequired":true,"valueName":"search_term_string"}}],"inLanguage":"tr"},{"@type":"Organization","@id":"https:\/\/www.kariyer.net\/kariyer-rehberi\/#organization","name":"Kariyer.net","url":"https:\/\/www.kariyer.net\/kariyer-rehberi\/","logo":{"@type":"ImageObject","inLanguage":"tr","@id":"https:\/\/www.kariyer.net\/kariyer-rehberi\/#\/schema\/logo\/image\/","url":"https:\/\/www.kariyer.net\/kariyer-rehberi-new\/wp-content\/uploads\/2023\/01\/og-image11.jpg","contentUrl":"https:\/\/www.kariyer.net\/kariyer-rehberi-new\/wp-content\/uploads\/2023\/01\/og-image11.jpg","width":800,"height":800,"caption":"Kariyer.net"},"image":{"@id":"https:\/\/www.kariyer.net\/kariyer-rehberi\/#\/schema\/logo\/image\/"}},{"@type":"Person","@id":"https:\/\/www.kariyer.net\/kariyer-rehberi\/#\/schema\/person\/71c4f71ffd069a4c47a69e85a0e09215","name":"\u00d6zden Y\u0131lmaz","image":{"@type":"ImageObject","inLanguage":"tr","@id":"https:\/\/www.kariyer.net\/kariyer-rehberi\/#\/schema\/person\/image\/","url":"https:\/\/secure.gravatar.com\/avatar\/776750a3e7166486a1e43527c51a8f7088279a624700d0e81666f27a714cbbc2?s=96&d=mm&r=g","contentUrl":"https:\/\/secure.gravatar.com\/avatar\/776750a3e7166486a1e43527c51a8f7088279a624700d0e81666f27a714cbbc2?s=96&d=mm&r=g","caption":"\u00d6zden Y\u0131lmaz"},"description":"Kocaeli \u00dcniversitesi \u0130leti\u015fim Fak\u00fcltesi mezunu olan \u00d6zden, Bilgi \u00dcniversitesi\u2019nde \u0130nteraktif Pazarlama alan\u0131nda y\u00fcksek lisans yapm\u0131\u015ft\u0131r. Lisans \u00f6\u011freniminin ilk y\u0131llar\u0131nda TRT Haber\u2019de asistan muhabirlik yaparak meslek hayat\u0131na ba\u015flam\u0131\u015ft\u0131r. Mezun olduktan sonra farkl\u0131 d\u00f6nemlerde TV8 Haber ve Cem TV\u2019de; yap\u0131mc\u0131, y\u00f6netmen ve edit\u00f6r olarak g\u00f6rev alm\u0131\u015ft\u0131r. Dijital d\u00fcnyadaki geli\u015fmelerle birlikte editoryal deneyimini online platformlara ta\u015f\u0131m\u0131\u015f, Markafoni\u2019de ve Mudo\u2019da i\u00e7erik edit\u00f6rl\u00fc\u011f\u00fc yapm\u0131\u015ft\u0131r. Kurumsal markalar i\u00e7in freelance SEO edit\u00f6rl\u00fc\u011f\u00fc de yapan \u00d6zden, 2018 y\u0131l\u0131 itibar\u0131yla kariyerine, Kariyer.net i\u00e7erik edit\u00f6r\u00fc olarak devam etmekte ve online\/offline i\u00e7erik \u00fcretmektedir.","url":"https:\/\/www.kariyer.net\/kariyer-rehberi\/author\/ozdenyilmaz\/"}]}},"_links":{"self":[{"href":"https:\/\/www.kariyer.net\/kariyer-rehberi\/wp-json\/wp\/v2\/posts\/22151","targetHints":{"allow":["GET"]}}],"collection":[{"href":"https:\/\/www.kariyer.net\/kariyer-rehberi\/wp-json\/wp\/v2\/posts"}],"about":[{"href":"https:\/\/www.kariyer.net\/kariyer-rehberi\/wp-json\/wp\/v2\/types\/post"}],"author":[{"embeddable":true,"href":"https:\/\/www.kariyer.net\/kariyer-rehberi\/wp-json\/wp\/v2\/users\/29"}],"replies":[{"embeddable":true,"href":"https:\/\/www.kariyer.net\/kariyer-rehberi\/wp-json\/wp\/v2\/comments?post=22151"}],"version-history":[{"count":5,"href":"https:\/\/www.kariyer.net\/kariyer-rehberi\/wp-json\/wp\/v2\/posts\/22151\/revisions"}],"predecessor-version":[{"id":22157,"href":"https:\/\/www.kariyer.net\/kariyer-rehberi\/wp-json\/wp\/v2\/posts\/22151\/revisions\/22157"}],"wp:featuredmedia":[{"embeddable":true,"href":"https:\/\/www.kariyer.net\/kariyer-rehberi\/wp-json\/wp\/v2\/media\/22152"}],"wp:attachment":[{"href":"https:\/\/www.kariyer.net\/kariyer-rehberi\/wp-json\/wp\/v2\/media?parent=22151"}],"wp:term":[{"taxonomy":"category","embeddable":true,"href":"https:\/\/www.kariyer.net\/kariyer-rehberi\/wp-json\/wp\/v2\/categories?post=22151"},{"taxonomy":"post_tag","embeddable":true,"href":"https:\/\/www.kariyer.net\/kariyer-rehberi\/wp-json\/wp\/v2\/tags?post=22151"}],"curies":[{"name":"wp","href":"https:\/\/api.w.org\/{rel}","templated":true}]}}