{"id":22159,"date":"2025-05-20T21:07:36","date_gmt":"2025-05-20T18:07:36","guid":{"rendered":"https:\/\/www.kariyer.net\/kariyer-rehberi\/?p=22159"},"modified":"2025-06-19T18:04:52","modified_gmt":"2025-06-19T15:04:52","slug":"bare-minimum-monday-ile-pazartesi-sendromuna-elveda-mi","status":"publish","type":"post","link":"https:\/\/www.kariyer.net\/kariyer-rehberi\/bare-minimum-monday-ile-pazartesi-sendromuna-elveda-mi\/","title":{"rendered":"Bare Minimum Monday ile pazartesi sendromuna elveda m\u0131?"},"content":{"rendered":"<p><strong>Pazartesileri g\u00f6z\u00fcnde b\u00fcy\u00fct\u00fcyor, haftaya stresle mi ba\u015fl\u0131yorsun? Sosyal medyada giderek yay\u0131lan &#8220;Bare Minimum Monday&#8221; ak\u0131m\u0131, haftan\u0131n ilk g\u00fcn\u00fcn\u00fc daha az i\u015fle ge\u00e7irmeni \u00f6neriyor. Peki bu y\u00f6ntem ger\u00e7ekten i\u015fe yar\u0131yor mu? Avantajlar\u0131, dezavantajlar\u0131 ve uygularken dikkat etmen gerekenleri senin i\u00e7in inceledik.<\/strong><\/p>\n<h2>Bare Minimum Monday nedir?<\/h2>\n<p class=\"\" data-start=\"567\" data-end=\"886\">Bare Minimum Monday (T\u00fcrk\u00e7eye \u201cAsgari Pazartesi\u201d olarak \u00e7evrilebilir), haftan\u0131n ilk g\u00fcn\u00fcne yumu\u015fak bir ge\u00e7i\u015f yapmay\u0131 hedefleyen bir \u00e7al\u0131\u015fma modeli. Bu yakla\u015f\u0131mda, pazartesi g\u00fcn\u00fc yaln\u0131zca en gerekli i\u015fleri yaparak ge\u00e7iriyorsun. Ama\u00e7: T\u00fckenmi\u015fli\u011fin \u00f6n\u00fcne ge\u00e7mek, zihinsel y\u00fck\u00fc azaltmak ve haftaya daha dengeli ba\u015flamak.<\/p>\n<p class=\"\" data-start=\"888\" data-end=\"1082\">Kavram\u0131 pop\u00fcler hale getiren ki\u015fi i\u00e7erik \u00fcreticisi Marisa Jo Mays. Kendisi, kurumsal d\u00fcnyada ya\u015fad\u0131\u011f\u0131 <a href=\"https:\/\/www.kariyer.net\/kariyer-rehberi\/is-hayatinda-tukenmislik-sendromundan-kurtulmak-mumkun-mu\/\" target=\"_blank\" rel=\"noopener\"><strong>t\u00fckenmi\u015flik<\/strong><\/a> sonras\u0131 bu y\u00f6ntemi geli\u015ftirmi\u015f ve TikTok\u2019ta payla\u015ft\u0131\u011f\u0131 videolarla milyonlarca ki\u015fiye ula\u015fm\u0131\u015f durumda.<\/p>\n<h2>Neden bu kadar pop\u00fcler oldu?<\/h2>\n<p>\u0130\u015f d\u00fcnyas\u0131nda \u00f6zellikle pandemi sonras\u0131 yayg\u0131nla\u015fan \u201c<strong><a href=\"https:\/\/www.kariyer.net\/kariyer-rehberi\/sessiz-istifa-nedir-tukenmislige-bir-tepki-midir\/\" target=\"_blank\" rel=\"noopener\">sessiz istifa<\/a><\/strong>\u201d, \u201cduygusal t\u00fckenmi\u015flik\u201d ve \u201ci\u015f-ya\u015fam dengesi\u201d aray\u0131\u015f\u0131, Bare Minimum Monday gibi yakla\u015f\u0131mlar\u0131n h\u0131zla pop\u00fclerle\u015fmesine yol a\u00e7t\u0131. \u00c7al\u0131\u015fanlar art\u0131k sadece \u201cverimli\u201d de\u011fil, ayn\u0131 zamanda \u201ciyi hissettiren\u201d i\u015f modellerine y\u00f6neliyor.<\/p>\n<p>Bu model, \u00f6zellikle uzaktan \u00e7al\u0131\u015fanlar, serbest \u00e7al\u0131\u015fanlar ya da esnek \u00e7al\u0131\u015fma sistemine sahip olanlar aras\u0131nda h\u0131zla benimsendi. \u00c7\u00fcnk\u00fc klasik \u201cpazartesi ko\u015fturmas\u0131\u201d yerine daha bilin\u00e7li bir tempo sunuyor.<\/p>\n<h2 data-start=\"1631\" data-end=\"1662\">Nas\u0131l uygulanabilir?<\/h2>\n<p class=\"\" data-start=\"1664\" data-end=\"1783\">E\u011fer sen de haftan\u0131n ilk g\u00fcn\u00fcn\u00fc daha sakin, ama yine de etkili ge\u00e7irmek istiyorsan a\u015fa\u011f\u0131daki ad\u0131mlar\u0131 uygulayabilirsin:<\/p>\n<ul>\n<li data-start=\"1787\" data-end=\"1916\"><strong data-start=\"1787\" data-end=\"1821\">Haftal\u0131k plan\u0131n\u0131 cumadan yap:<\/strong> Pazartesi sabah\u0131 \u201cne yapaca\u011f\u0131m?\u201d pani\u011fiyle ba\u015flamak yerine, temel g\u00f6revlerini \u00f6nceden belirle.<\/li>\n<li data-start=\"1919\" data-end=\"2080\"><strong data-start=\"1919\" data-end=\"1947\">Toplant\u0131 koyma, odaklan:<\/strong> Pazartesi g\u00fcn\u00fcn\u00fc m\u00fcmk\u00fcn oldu\u011funca kendi i\u015flerine ay\u0131r. Toplant\u0131s\u0131z bir g\u00fcn hem zihinsel da\u011f\u0131n\u0131kl\u0131\u011f\u0131 azalt\u0131r hem de \u00fcretkenli\u011fi art\u0131r\u0131r.<\/li>\n<li data-start=\"2083\" data-end=\"2184\"><strong data-start=\"2083\" data-end=\"2103\">G\u00fcn\u00fcn\u00fc sade tut:<\/strong> O g\u00fcn sadece \u201colmazsa olmaz\u201d i\u015flere odaklan. Yap\u0131lacaklar listeni minimumda tut.<\/li>\n<li data-start=\"2187\" data-end=\"2308\"><strong data-start=\"2187\" data-end=\"2210\">Kendine zaman tan\u0131:<\/strong> G\u00fcn i\u00e7inde k\u0131sa y\u00fcr\u00fcy\u00fc\u015fler, nefes egzersizleri ya da kahve molalar\u0131yla motivasyonunu dengede tut.<\/li>\n<\/ul>\n<h2><strong>Avantajlar\u0131 ve Dezavantajlar\u0131<\/strong><\/h2>\n<p><strong>Avantajlar\u0131:<\/strong><\/p>\n<ul>\n<li>Haftaya daha az stresle ba\u015flaman\u0131 sa\u011flar.<\/li>\n<li>Zihinsel y\u00fck\u00fc azalt\u0131r, t\u00fckenmi\u015fli\u011fi \u00f6nleyebilir.<\/li>\n<li>Haftan\u0131n planlamas\u0131n\u0131 yapmak ve odaklanmak i\u00e7in alan yarat\u0131r.<\/li>\n<li>Uzun vadede i\u015f-ya\u015fam dengesini destekler.<\/li>\n<\/ul>\n<p><strong>Dezavantajlar\u0131:<\/strong><\/p>\n<ul>\n<li>\u015eirket k\u00fclt\u00fcr\u00fcn veya y\u00f6neticin bu yakla\u015f\u0131m\u0131 desteklemeyebilir.<\/li>\n<li>Pazartesi g\u00fcn\u00fc yap\u0131lmayan i\u015fler di\u011fer g\u00fcnlere y\u0131\u011f\u0131labilir.<\/li>\n<li>Disiplini korumak zor olabilir; \u201cminimum\u201dun s\u0131n\u0131rlar\u0131 belirsizle\u015febilir.<\/li>\n<\/ul>\n<h2><strong>Uygularken nelere dikkat etmelisin?<\/strong><\/h2>\n<p>E\u011fer sen de Bare Minimum Monday\u2019i denemek istiyorsan, bunu t\u00fcm i\u015f g\u00fcn\u00fcn\u00fc bo\u015faltmak gibi de\u011fil, bir strateji olarak g\u00f6rmelisin. O g\u00fcn yapman gerekenleri belirle, ama ekstra bir \u015fey ekleme. Toplant\u0131 koymamaya \u00e7al\u0131\u015f, e-posta temizli\u011fi ya da haftal\u0131k \u00f6nceliklendirme gibi g\u00f6revleri \u00f6ne al.<\/p>\n<p>Bu uygulamay\u0131 kendi i\u015f yap\u0131\u015f bi\u00e7imine ve kurum k\u00fclt\u00fcr\u00fcne g\u00f6re \u00f6zelle\u015ftirmen s\u00fcrd\u00fcr\u00fclebilir olmas\u0131n\u0131 sa\u011flar.<\/p>\n<p>Elbette Bare Minimum Monday her sekt\u00f6re ya da her pozisyona uymayabilir; ancak bu modelin temel felsefesi, i\u015f g\u00fcnlerini daha bilin\u00e7li ve dengeli planlama \u00fczerine kurulu. \u00d6zellikle y\u00f6neticiler i\u00e7in ekip \u00fcyelerinin zihinsel sa\u011fl\u0131\u011f\u0131n\u0131 g\u00f6zeten bu tarz yakla\u015f\u0131mlar\u0131 desteklemek, uzun vadede verimlilik ve ba\u011fl\u0131l\u0131k \u00fczerinde pozitif etkiler yaratabilir.<\/p>\n<!-- templates\/buttons-placeholder.php -->\n<div class=\"da-reactions-outer TpostID22159\">\n\t    <div class=\"da-reactions-data da-reactions-container-async center\"\n         data-type=\"post\"\n         data-id=\"22159\"\n         id=\"da-reactions-slot-post-22159\">\n        <div class=\"da-reactions-static\">\n\t\t\t<img src=\"https:\/\/www.kariyer.net\/kariyer-rehberi\/wp-content\/plugins\/da-reactions\/assets\/dist\/loading.svg\" alt=\"Loading spinner\" width=\"48\" height=\"48\" style=\"width:48px\" \/>\n        <\/div>\n    <\/div>\n<\/div>\n","protected":false},"excerpt":{"rendered":"<p>Pazartesileri g\u00f6z\u00fcnde b\u00fcy\u00fct\u00fcyor, haftaya stresle mi ba\u015fl\u0131yorsun? Sosyal medyada giderek yay\u0131lan &#8220;Bare Minimum Monday&#8221; ak\u0131m\u0131, haftan\u0131n ilk g\u00fcn\u00fcn\u00fc daha az i\u015fle ge\u00e7irmeni \u00f6neriyor. Peki bu y\u00f6ntem ger\u00e7ekten i\u015fe yar\u0131yor mu? Avantajlar\u0131, dezavantajlar\u0131 ve uygularken dikkat etmen gerekenleri senin i\u00e7in inceledik. Bare Minimum Monday nedir? Bare Minimum Monday (T\u00fcrk\u00e7eye \u201cAsgari Pazartesi\u201d olarak \u00e7evrilebilir), haftan\u0131n ilk g\u00fcn\u00fcne [&hellip;]<\/p>\n<!-- templates\/buttons-placeholder.php -->\n<div class=\"da-reactions-outer TpostID22159\">\n\t    <div class=\"da-reactions-data da-reactions-container-async center\"\n         data-type=\"post\"\n         data-id=\"22159\"\n         id=\"da-reactions-slot-post-22159\">\n        <div class=\"da-reactions-static\">\n\t\t\t<img src=\"https:\/\/www.kariyer.net\/kariyer-rehberi\/wp-content\/plugins\/da-reactions\/assets\/dist\/loading.svg\" alt=\"Loading spinner\" width=\"48\" height=\"48\" style=\"width:48px\" \/>\n        <\/div>\n    <\/div>\n<\/div>\n","protected":false},"author":12,"featured_media":22161,"comment_status":"closed","ping_status":"open","sticky":false,"template":"","format":"standard","meta":{"footnotes":"","_elementor_edit_mode":"","_elementor_template_type":"","_elementor_data":"","_elementor_page_settings":null,"_elementor_conditions":[]},"categories":[46],"tags":[959,2219,2220],"class_list":{"0":"post-22159","1":"post","2":"type-post","3":"status-publish","4":"format-standard","5":"has-post-thumbnail","7":"category-is-hayati","8":"tag-beyaz-yaka","9":"tag-calisma-ve-is-dunyasi-trendleri","10":"tag-tecrubeli"},"yoast_head":"<!-- This site is optimized with the Yoast SEO Premium plugin v21.4 (Yoast SEO v27.0) - https:\/\/yoast.com\/product\/yoast-seo-premium-wordpress\/ -->\n<title>Bare Minimum Monday ile pazartesi sendromuna elveda m\u0131?<\/title>\n<meta name=\"description\" content=\"Sosyal medyada giderek yay\u0131lan &quot;Bare Minimum Monday&quot; ak\u0131m\u0131, haftan\u0131n ilk g\u00fcn\u00fcn\u00fc daha az i\u015fle ge\u00e7irmeni \u00f6neriyor.\" \/>\n<meta name=\"robots\" content=\"index, follow, max-snippet:-1, max-image-preview:large, max-video-preview:-1\" \/>\n<link rel=\"canonical\" href=\"https:\/\/www.kariyer.net\/kariyer-rehberi\/bare-minimum-monday-ile-pazartesi-sendromuna-elveda-mi\/\" \/>\n<meta property=\"og:locale\" content=\"tr_TR\" \/>\n<meta property=\"og:type\" content=\"article\" \/>\n<meta property=\"og:title\" content=\"Bare Minimum Monday ile pazartesi sendromuna elveda m\u0131?\" \/>\n<meta property=\"og:description\" content=\"Pazartesileri g\u00f6z\u00fcnde b\u00fcy\u00fct\u00fcyor, haftaya stresle mi ba\u015fl\u0131yorsun? Sosyal medyada giderek yay\u0131lan &quot;Bare Minimum Monday&quot; ak\u0131m\u0131, haftan\u0131n ilk g\u00fcn\u00fcn\u00fc daha az\" \/>\n<meta property=\"og:url\" content=\"https:\/\/www.kariyer.net\/kariyer-rehberi\/bare-minimum-monday-ile-pazartesi-sendromuna-elveda-mi\/\" \/>\n<meta property=\"og:site_name\" content=\"Kariyer Rehberi\" \/>\n<meta property=\"article:published_time\" content=\"2025-05-20T18:07:36+00:00\" \/>\n<meta property=\"article:modified_time\" content=\"2025-06-19T15:04:52+00:00\" \/>\n<meta property=\"og:image\" content=\"https:\/\/www.kariyer.net\/kariyer-rehberi\/wp-content\/uploads\/2025\/05\/Bare-Minimum-Monday.jpg\" \/>\n\t<meta property=\"og:image:width\" content=\"900\" \/>\n\t<meta property=\"og:image:height\" content=\"618\" \/>\n\t<meta property=\"og:image:type\" content=\"image\/jpeg\" \/>\n<meta name=\"author\" content=\"Edit\u00f6r\" \/>\n<meta name=\"twitter:card\" content=\"summary_large_image\" \/>\n<meta name=\"twitter:label1\" content=\"Yazan:\" \/>\n\t<meta name=\"twitter:data1\" content=\"Edit\u00f6r\" \/>\n\t<meta name=\"twitter:label2\" content=\"Tahmini okuma s\u00fcresi\" \/>\n\t<meta name=\"twitter:data2\" content=\"3 dakika\" \/>\n<!-- \/ Yoast SEO Premium plugin. -->","yoast_head_json":{"title":"Bare Minimum Monday ile pazartesi sendromuna elveda m\u0131?","description":"Sosyal medyada giderek yay\u0131lan \"Bare Minimum Monday\" ak\u0131m\u0131, haftan\u0131n ilk g\u00fcn\u00fcn\u00fc daha az i\u015fle ge\u00e7irmeni \u00f6neriyor.","robots":{"index":"index","follow":"follow","max-snippet":"max-snippet:-1","max-image-preview":"max-image-preview:large","max-video-preview":"max-video-preview:-1"},"canonical":"https:\/\/www.kariyer.net\/kariyer-rehberi\/bare-minimum-monday-ile-pazartesi-sendromuna-elveda-mi\/","og_locale":"tr_TR","og_type":"article","og_title":"Bare Minimum Monday ile pazartesi sendromuna elveda m\u0131?","og_description":"Pazartesileri g\u00f6z\u00fcnde b\u00fcy\u00fct\u00fcyor, haftaya stresle mi ba\u015fl\u0131yorsun? Sosyal medyada giderek yay\u0131lan \"Bare Minimum Monday\" ak\u0131m\u0131, haftan\u0131n ilk g\u00fcn\u00fcn\u00fc daha az","og_url":"https:\/\/www.kariyer.net\/kariyer-rehberi\/bare-minimum-monday-ile-pazartesi-sendromuna-elveda-mi\/","og_site_name":"Kariyer Rehberi","article_published_time":"2025-05-20T18:07:36+00:00","article_modified_time":"2025-06-19T15:04:52+00:00","og_image":[{"width":900,"height":618,"url":"https:\/\/www.kariyer.net\/kariyer-rehberi\/wp-content\/uploads\/2025\/05\/Bare-Minimum-Monday.jpg","type":"image\/jpeg"}],"author":"Edit\u00f6r","twitter_card":"summary_large_image","twitter_misc":{"Yazan:":"Edit\u00f6r","Tahmini okuma s\u00fcresi":"3 dakika"},"schema":{"@context":"https:\/\/schema.org","@graph":[{"@type":"Article","@id":"https:\/\/www.kariyer.net\/kariyer-rehberi\/bare-minimum-monday-ile-pazartesi-sendromuna-elveda-mi\/#article","isPartOf":{"@id":"https:\/\/www.kariyer.net\/kariyer-rehberi\/bare-minimum-monday-ile-pazartesi-sendromuna-elveda-mi\/"},"author":{"name":"Edit\u00f6r","@id":"https:\/\/www.kariyer.net\/kariyer-rehberi\/#\/schema\/person\/94fd6e49c7ff1b1b2565a2cc4fd685dd"},"headline":"Bare Minimum Monday ile pazartesi sendromuna elveda m\u0131?","datePublished":"2025-05-20T18:07:36+00:00","dateModified":"2025-06-19T15:04:52+00:00","mainEntityOfPage":{"@id":"https:\/\/www.kariyer.net\/kariyer-rehberi\/bare-minimum-monday-ile-pazartesi-sendromuna-elveda-mi\/"},"wordCount":611,"publisher":{"@id":"https:\/\/www.kariyer.net\/kariyer-rehberi\/#organization"},"image":{"@id":"https:\/\/www.kariyer.net\/kariyer-rehberi\/bare-minimum-monday-ile-pazartesi-sendromuna-elveda-mi\/#primaryimage"},"thumbnailUrl":"https:\/\/www.kariyer.net\/kariyer-rehberi\/wp-content\/uploads\/2025\/05\/Bare-Minimum-Monday.jpg","keywords":["beyaz yaka","\u00c7al\u0131\u015fma ve \u0130\u015f D\u00fcnyas\u0131 Trendleri","Tecr\u00fcbeli"],"articleSection":["\u0130\u015f Hayat\u0131"],"inLanguage":"tr"},{"@type":"WebPage","@id":"https:\/\/www.kariyer.net\/kariyer-rehberi\/bare-minimum-monday-ile-pazartesi-sendromuna-elveda-mi\/","url":"https:\/\/www.kariyer.net\/kariyer-rehberi\/bare-minimum-monday-ile-pazartesi-sendromuna-elveda-mi\/","name":"Bare Minimum Monday ile pazartesi sendromuna elveda m\u0131?","isPartOf":{"@id":"https:\/\/www.kariyer.net\/kariyer-rehberi\/#website"},"primaryImageOfPage":{"@id":"https:\/\/www.kariyer.net\/kariyer-rehberi\/bare-minimum-monday-ile-pazartesi-sendromuna-elveda-mi\/#primaryimage"},"image":{"@id":"https:\/\/www.kariyer.net\/kariyer-rehberi\/bare-minimum-monday-ile-pazartesi-sendromuna-elveda-mi\/#primaryimage"},"thumbnailUrl":"https:\/\/www.kariyer.net\/kariyer-rehberi\/wp-content\/uploads\/2025\/05\/Bare-Minimum-Monday.jpg","datePublished":"2025-05-20T18:07:36+00:00","dateModified":"2025-06-19T15:04:52+00:00","description":"Sosyal medyada giderek yay\u0131lan \"Bare Minimum Monday\" ak\u0131m\u0131, haftan\u0131n ilk g\u00fcn\u00fcn\u00fc daha az i\u015fle ge\u00e7irmeni \u00f6neriyor.","breadcrumb":{"@id":"https:\/\/www.kariyer.net\/kariyer-rehberi\/bare-minimum-monday-ile-pazartesi-sendromuna-elveda-mi\/#breadcrumb"},"inLanguage":"tr","potentialAction":[{"@type":"ReadAction","target":["https:\/\/www.kariyer.net\/kariyer-rehberi\/bare-minimum-monday-ile-pazartesi-sendromuna-elveda-mi\/"]}]},{"@type":"ImageObject","inLanguage":"tr","@id":"https:\/\/www.kariyer.net\/kariyer-rehberi\/bare-minimum-monday-ile-pazartesi-sendromuna-elveda-mi\/#primaryimage","url":"https:\/\/www.kariyer.net\/kariyer-rehberi\/wp-content\/uploads\/2025\/05\/Bare-Minimum-Monday.jpg","contentUrl":"https:\/\/www.kariyer.net\/kariyer-rehberi\/wp-content\/uploads\/2025\/05\/Bare-Minimum-Monday.jpg","width":900,"height":618},{"@type":"BreadcrumbList","@id":"https:\/\/www.kariyer.net\/kariyer-rehberi\/bare-minimum-monday-ile-pazartesi-sendromuna-elveda-mi\/#breadcrumb","itemListElement":[{"@type":"ListItem","position":1,"name":"Anasayfa","item":"https:\/\/www.kariyer.net\/kariyer-rehberi\/"},{"@type":"ListItem","position":2,"name":"Bare Minimum Monday ile pazartesi sendromuna elveda m\u0131?"}]},{"@type":"WebSite","@id":"https:\/\/www.kariyer.net\/kariyer-rehberi\/#website","url":"https:\/\/www.kariyer.net\/kariyer-rehberi\/","name":"Kariyer Rehberi","description":"\u0130\u015f D\u00fcnyas\u0131yla \u0130lgili Bilmek \u0130stedi\u011finiz Her \u015eey","publisher":{"@id":"https:\/\/www.kariyer.net\/kariyer-rehberi\/#organization"},"potentialAction":[{"@type":"SearchAction","target":{"@type":"EntryPoint","urlTemplate":"https:\/\/www.kariyer.net\/kariyer-rehberi\/?s={search_term_string}"},"query-input":{"@type":"PropertyValueSpecification","valueRequired":true,"valueName":"search_term_string"}}],"inLanguage":"tr"},{"@type":"Organization","@id":"https:\/\/www.kariyer.net\/kariyer-rehberi\/#organization","name":"Kariyer.net","url":"https:\/\/www.kariyer.net\/kariyer-rehberi\/","logo":{"@type":"ImageObject","inLanguage":"tr","@id":"https:\/\/www.kariyer.net\/kariyer-rehberi\/#\/schema\/logo\/image\/","url":"https:\/\/www.kariyer.net\/kariyer-rehberi-new\/wp-content\/uploads\/2023\/01\/og-image11.jpg","contentUrl":"https:\/\/www.kariyer.net\/kariyer-rehberi-new\/wp-content\/uploads\/2023\/01\/og-image11.jpg","width":800,"height":800,"caption":"Kariyer.net"},"image":{"@id":"https:\/\/www.kariyer.net\/kariyer-rehberi\/#\/schema\/logo\/image\/"}},{"@type":"Person","@id":"https:\/\/www.kariyer.net\/kariyer-rehberi\/#\/schema\/person\/94fd6e49c7ff1b1b2565a2cc4fd685dd","name":"Edit\u00f6r","image":{"@type":"ImageObject","inLanguage":"tr","@id":"https:\/\/www.kariyer.net\/kariyer-rehberi\/#\/schema\/person\/image\/","url":"https:\/\/secure.gravatar.com\/avatar\/0c4fe6688343aed3693b15573beae12c08ace5565409d5ab7509bf9c115f458d?s=96&d=mm&r=g","contentUrl":"https:\/\/secure.gravatar.com\/avatar\/0c4fe6688343aed3693b15573beae12c08ace5565409d5ab7509bf9c115f458d?s=96&d=mm&r=g","caption":"Edit\u00f6r"},"url":"https:\/\/www.kariyer.net\/kariyer-rehberi\/author\/editor\/"}]}},"_links":{"self":[{"href":"https:\/\/www.kariyer.net\/kariyer-rehberi\/wp-json\/wp\/v2\/posts\/22159","targetHints":{"allow":["GET"]}}],"collection":[{"href":"https:\/\/www.kariyer.net\/kariyer-rehberi\/wp-json\/wp\/v2\/posts"}],"about":[{"href":"https:\/\/www.kariyer.net\/kariyer-rehberi\/wp-json\/wp\/v2\/types\/post"}],"author":[{"embeddable":true,"href":"https:\/\/www.kariyer.net\/kariyer-rehberi\/wp-json\/wp\/v2\/users\/12"}],"replies":[{"embeddable":true,"href":"https:\/\/www.kariyer.net\/kariyer-rehberi\/wp-json\/wp\/v2\/comments?post=22159"}],"version-history":[{"count":7,"href":"https:\/\/www.kariyer.net\/kariyer-rehberi\/wp-json\/wp\/v2\/posts\/22159\/revisions"}],"predecessor-version":[{"id":22167,"href":"https:\/\/www.kariyer.net\/kariyer-rehberi\/wp-json\/wp\/v2\/posts\/22159\/revisions\/22167"}],"wp:featuredmedia":[{"embeddable":true,"href":"https:\/\/www.kariyer.net\/kariyer-rehberi\/wp-json\/wp\/v2\/media\/22161"}],"wp:attachment":[{"href":"https:\/\/www.kariyer.net\/kariyer-rehberi\/wp-json\/wp\/v2\/media?parent=22159"}],"wp:term":[{"taxonomy":"category","embeddable":true,"href":"https:\/\/www.kariyer.net\/kariyer-rehberi\/wp-json\/wp\/v2\/categories?post=22159"},{"taxonomy":"post_tag","embeddable":true,"href":"https:\/\/www.kariyer.net\/kariyer-rehberi\/wp-json\/wp\/v2\/tags?post=22159"}],"curies":[{"name":"wp","href":"https:\/\/api.w.org\/{rel}","templated":true}]}}