{"id":22193,"date":"2025-05-30T09:00:17","date_gmt":"2025-05-30T06:00:17","guid":{"rendered":"https:\/\/www.kariyer.net\/kariyer-rehberi\/?p=22193"},"modified":"2025-05-26T17:21:08","modified_gmt":"2025-05-26T14:21:08","slug":"evden-calisirken-burnout-hissinden-nasil-kurtulursun","status":"publish","type":"post","link":"https:\/\/www.kariyer.net\/kariyer-rehberi\/evden-calisirken-burnout-hissinden-nasil-kurtulursun\/","title":{"rendered":"Evden \u00e7al\u0131\u015f\u0131rken &#8220;burnout&#8221; hissinden nas\u0131l kurtulursun?"},"content":{"rendered":"<p><strong>Ev rahatl\u0131\u011f\u0131nda \u00e7al\u0131\u015fmak keyifli gibi g\u00f6r\u00fcnse de zamanla ayn\u0131 duvarlara bakmak, s\u0131n\u0131rlar\u0131n silikle\u015fmesi ve sosyal izolasyon burnout sendromuna kap\u0131 aralayabilir. Peki bu duygusal t\u00fckenmi\u015flik hissinden kurtulmak m\u00fcmk\u00fcn m\u00fc? Detaylar bu yaz\u0131da.<\/strong><\/p>\n<h2><strong>Burnout nedir, nas\u0131l ba\u015flar?<\/strong><\/h2>\n<p>\u00d6nce temel bir soruyla ba\u015flayal\u0131m: Burnout ne demek? T\u00fcrk\u00e7eye &#8220;<a href=\"https:\/\/www.kariyer.net\/kariyer-rehberi\/tukenmislik-sendromunu-yenmek-icin-3-oneri\/\" target=\"_blank\" rel=\"noopener\">t\u00fckenmi\u015flik sendromu<\/a>&#8221; olarak \u00e7evrilen bu kavram, yo\u011fun stres, bitmeyen sorumluluklar ve duygusal y\u0131pranmayla gelen bir ruhsal \u00e7\u00f6k\u00fc\u015f halidir. \u201cBurnout olmak ne demek?\u201d dersen, i\u015fe kar\u015f\u0131 isteksizlik, kronik yorgunluk, verimsizlik ve hayattan keyif almama gibi belirtilerle kar\u015f\u0131la\u015fman burnout sendromu ya\u015fad\u0131\u011f\u0131n\u0131 g\u00f6sterebilir.<\/p>\n<h2><strong>T\u00fckenmi\u015flik sendromu nedir, belirtileri nelerdir?<\/strong><\/h2>\n<p>Evden \u00e7al\u0131\u015f\u0131rken i\u015f-\u00f6zel hayat dengesi bozuldu\u011funda, sabah uyanmak bile zor geliyorsa, dikkatin kolay da\u011f\u0131l\u0131yorsa ve s\u00fcrekli yorgun hissediyorsan, bu duygusal t\u00fckenmi\u015flik sendromu ile kar\u015f\u0131 kar\u015f\u0131ya olabilirsin. T\u00fckenmi\u015flik sendromu nedir belirtileri nelerdir sorusuna verilecek k\u0131sa cevap: Duygusal, zihinsel ve fiziksel t\u00fckenme hali.<\/p>\n<h2><strong>T\u00fckenmi\u015flik sendromu neden olur?<\/strong><\/h2>\n<p>T\u00fckenmi\u015flik sendromu, uzun s\u00fcreli stresle tetiklenir. Evde \u00e7al\u0131\u015f\u0131rken mola vermemek, s\u00fcrekli ula\u015f\u0131labilir olmak, g\u00f6revlerin net \u00e7izilmemesi gibi etkenler bu durumu kolayla\u015ft\u0131r\u0131r. Yani t\u00fckenmi\u015flik sendromu neden olur sorusunun cevab\u0131, hem i\u015f y\u00fck\u00fcn hem de bu y\u00fckle ba\u015fa \u00e7\u0131kma bi\u00e7imin olabilir.<\/p>\n<h2><strong>Peki, bu durumdan nas\u0131l kurtulabilirsin?<\/strong><\/h2>\n<p>\u201cT\u00fckenmi\u015flik sendromu nas\u0131l ge\u00e7er?\u201d diye merak ediyorsan sana baz\u0131 \u00f6nerilerimiz olacak:<\/p>\n<ul>\n<li><strong>Net s\u0131n\u0131rlar \u00e7iz:<\/strong> \u00c7al\u0131\u015fma saatlerini belirle ve bu saatlerin d\u0131\u015f\u0131nda i\u015fle ilgilenme.<\/li>\n<li><strong>Mikro molalar ver:<\/strong> Her 45-50 dakikada bir 5-10 dakika y\u00fcr\u00fcy\u00fc\u015f yap ya da g\u00f6zlerini dinlendir.<\/li>\n<li><strong>\u0130\u015f d\u0131\u015f\u0131 aktiviteler yarat:<\/strong> Sadece i\u015fle me\u015fgul olmak seni daha h\u0131zl\u0131 yorar. Bir hobi edinmek bu d\u00f6ng\u00fcy\u00fc k\u0131rmana yard\u0131mc\u0131 olur.<\/li>\n<li><strong>Konu\u015fmaktan \u00e7ekinme:<\/strong> T\u00fckenmi\u015flik sendromu ya\u015fayan birine nas\u0131l davranmal\u0131 diyorsan, en iyi yakla\u015f\u0131m dinlemek ve yarg\u0131lamadan destek olmak. Sen de g\u00fcvendi\u011fin biriyle duygular\u0131n\u0131 payla\u015fmaktan \u00e7ekinme.<\/li>\n<\/ul>\n<h2><strong>T\u00fckenmi\u015flik sendromuna ne iyi gelir?<\/strong><\/h2>\n<p>Meditasyon, d\u00fczenli uyku, a\u00e7\u0131k havada y\u00fcr\u00fcy\u00fc\u015f gibi k\u00fc\u00e7\u00fck ama etkili ad\u0131mlar sana iyi gelir. Ayr\u0131ca bir uzmandan yard\u0131m almak da s\u00fcreci h\u0131zland\u0131r\u0131r. Unutma, t\u00fckenmi\u015flik sendromu tedavi edilmezse ilerleyebilir ve daha derin psikolojik sorunlara yol a\u00e7abilir.<\/p>\n<h2><strong>Ne zaman profesyonel destek almal\u0131s\u0131n?<\/strong><\/h2>\n<p>E\u011fer bu hisler birka\u00e7 haftadan uzun s\u00fcredir devam ediyorsa ve i\u015flevselli\u011fini etkiliyorsa, mutlaka bir uzmana dan\u0131\u015fmal\u0131s\u0131n. T\u00fckenmi\u015flik sendromu hangi doktora gidilir dersen, bir psikiyatrist ya da klinik psikolog sana yard\u0131mc\u0131 olabilir. \u00c7\u00fcnk\u00fc t\u00fckenmi\u015flik sendromu nas\u0131l atlat\u0131l\u0131r sorusunun ki\u015fiye \u00f6zel yan\u0131tlar\u0131 olabilir.<\/p>\n<h2><strong>Bu durum ne kadar s\u00fcrer?<\/strong><\/h2>\n<p>\u201cT\u00fckenmi\u015flik sendromu ne kadar s\u00fcrer?\u201d diye d\u00fc\u015f\u00fcn\u00fcyorsan, bu tamamen m\u00fcdahale \u015fekline ve bireysel dayan\u0131kl\u0131l\u0131\u011f\u0131na ba\u011fl\u0131. Kimi birka\u00e7 haftada toparlan\u0131rken, kimi i\u00e7in bu s\u00fcre\u00e7 aylar s\u00fcrebilir.<\/p>\n<p>T\u00fckenmi\u015flik sendromu kurtulmak m\u00fcmk\u00fcn, ama \u00f6nce bu halini kabul edip harekete ge\u00e7men gerek. Kendine kar\u015f\u0131 anlay\u0131\u015fl\u0131 ol, yetersiz hissetti\u011finde bunu do\u011fal kabul et ve ihtiya\u00e7 duydu\u011funda profesyonel destek almaktan \u00e7ekinme.<\/p>\n<!-- templates\/buttons-placeholder.php -->\n<div class=\"da-reactions-outer TpostID22193\">\n\t    <div class=\"da-reactions-data da-reactions-container-async center\"\n         data-type=\"post\"\n         data-id=\"22193\"\n         id=\"da-reactions-slot-post-22193\">\n        <div class=\"da-reactions-static\">\n\t\t\t<img src=\"https:\/\/www.kariyer.net\/kariyer-rehberi\/wp-content\/plugins\/da-reactions\/assets\/dist\/loading.svg\" alt=\"Loading spinner\" width=\"48\" height=\"48\" style=\"width:48px\" \/>\n        <\/div>\n    <\/div>\n<\/div>\n","protected":false},"excerpt":{"rendered":"<p>Ev rahatl\u0131\u011f\u0131nda \u00e7al\u0131\u015fmak keyifli gibi g\u00f6r\u00fcnse de zamanla ayn\u0131 duvarlara bakmak, s\u0131n\u0131rlar\u0131n silikle\u015fmesi ve sosyal izolasyon burnout sendromuna kap\u0131 aralayabilir. Peki bu duygusal t\u00fckenmi\u015flik hissinden kurtulmak m\u00fcmk\u00fcn m\u00fc? Detaylar bu yaz\u0131da. Burnout nedir, nas\u0131l ba\u015flar? \u00d6nce temel bir soruyla ba\u015flayal\u0131m: Burnout ne demek? T\u00fcrk\u00e7eye &#8220;t\u00fckenmi\u015flik sendromu&#8221; olarak \u00e7evrilen bu kavram, yo\u011fun stres, bitmeyen sorumluluklar ve [&hellip;]<\/p>\n<!-- templates\/buttons-placeholder.php -->\n<div class=\"da-reactions-outer TpostID22193\">\n\t    <div class=\"da-reactions-data da-reactions-container-async center\"\n         data-type=\"post\"\n         data-id=\"22193\"\n         id=\"da-reactions-slot-post-22193\">\n        <div class=\"da-reactions-static\">\n\t\t\t<img src=\"https:\/\/www.kariyer.net\/kariyer-rehberi\/wp-content\/plugins\/da-reactions\/assets\/dist\/loading.svg\" alt=\"Loading spinner\" width=\"48\" height=\"48\" style=\"width:48px\" \/>\n        <\/div>\n    <\/div>\n<\/div>\n","protected":false},"author":12,"featured_media":22195,"comment_status":"closed","ping_status":"open","sticky":false,"template":"","format":"standard","meta":{"footnotes":"","_elementor_edit_mode":"","_elementor_template_type":"","_elementor_data":"","_elementor_page_settings":null,"_elementor_conditions":[]},"categories":[2214],"tags":[2199],"class_list":{"0":"post-22193","1":"post","2":"type-post","3":"status-publish","4":"format-standard","5":"has-post-thumbnail","7":"category-yasam","8":"tag-ai"},"yoast_head":"<!-- This site is optimized with the Yoast SEO Premium plugin v21.4 (Yoast SEO v27.0) - https:\/\/yoast.com\/product\/yoast-seo-premium-wordpress\/ -->\n<title>Evden \u00e7al\u0131\u015f\u0131rken &quot;burnout&quot; hissinden nas\u0131l kurtulursun?<\/title>\n<meta name=\"description\" content=\"Evden \u00e7al\u0131\u015fmak keyifli gibi g\u00f6r\u00fcnse de zamanla s\u0131n\u0131rlar\u0131n silikle\u015fmesi ve sosyal izolasyon burnout sendromuna kap\u0131 aralayabilir.\" \/>\n<meta name=\"robots\" content=\"index, follow, max-snippet:-1, max-image-preview:large, max-video-preview:-1\" \/>\n<link rel=\"canonical\" href=\"https:\/\/www.kariyer.net\/kariyer-rehberi\/evden-calisirken-burnout-hissinden-nasil-kurtulursun\/\" \/>\n<meta property=\"og:locale\" content=\"tr_TR\" \/>\n<meta property=\"og:type\" content=\"article\" \/>\n<meta property=\"og:title\" content=\"Evden \u00e7al\u0131\u015f\u0131rken &quot;burnout&quot; hissinden nas\u0131l kurtulursun?\" \/>\n<meta property=\"og:description\" content=\"Ev rahatl\u0131\u011f\u0131nda \u00e7al\u0131\u015fmak keyifli gibi g\u00f6r\u00fcnse de zamanla ayn\u0131 duvarlara bakmak, s\u0131n\u0131rlar\u0131n silikle\u015fmesi ve sosyal izolasyon burnout sendromuna kap\u0131\" \/>\n<meta property=\"og:url\" content=\"https:\/\/www.kariyer.net\/kariyer-rehberi\/evden-calisirken-burnout-hissinden-nasil-kurtulursun\/\" \/>\n<meta property=\"og:site_name\" content=\"Kariyer Rehberi\" \/>\n<meta property=\"article:published_time\" content=\"2025-05-30T06:00:17+00:00\" \/>\n<meta property=\"og:image\" content=\"https:\/\/www.kariyer.net\/kariyer-rehberi\/wp-content\/uploads\/2025\/05\/burnout_nedir.jpg\" \/>\n\t<meta property=\"og:image:width\" content=\"900\" \/>\n\t<meta property=\"og:image:height\" content=\"600\" \/>\n\t<meta property=\"og:image:type\" content=\"image\/jpeg\" \/>\n<meta name=\"author\" content=\"Edit\u00f6r\" \/>\n<meta name=\"twitter:card\" content=\"summary_large_image\" \/>\n<meta name=\"twitter:label1\" content=\"Yazan:\" \/>\n\t<meta name=\"twitter:data1\" content=\"Edit\u00f6r\" \/>\n\t<meta name=\"twitter:label2\" content=\"Tahmini okuma s\u00fcresi\" \/>\n\t<meta name=\"twitter:data2\" content=\"3 dakika\" \/>\n<!-- \/ Yoast SEO Premium plugin. -->","yoast_head_json":{"title":"Evden \u00e7al\u0131\u015f\u0131rken \"burnout\" hissinden nas\u0131l kurtulursun?","description":"Evden \u00e7al\u0131\u015fmak keyifli gibi g\u00f6r\u00fcnse de zamanla s\u0131n\u0131rlar\u0131n silikle\u015fmesi ve sosyal izolasyon burnout sendromuna kap\u0131 aralayabilir.","robots":{"index":"index","follow":"follow","max-snippet":"max-snippet:-1","max-image-preview":"max-image-preview:large","max-video-preview":"max-video-preview:-1"},"canonical":"https:\/\/www.kariyer.net\/kariyer-rehberi\/evden-calisirken-burnout-hissinden-nasil-kurtulursun\/","og_locale":"tr_TR","og_type":"article","og_title":"Evden \u00e7al\u0131\u015f\u0131rken \"burnout\" hissinden nas\u0131l kurtulursun?","og_description":"Ev rahatl\u0131\u011f\u0131nda \u00e7al\u0131\u015fmak keyifli gibi g\u00f6r\u00fcnse de zamanla ayn\u0131 duvarlara bakmak, s\u0131n\u0131rlar\u0131n silikle\u015fmesi ve sosyal izolasyon burnout sendromuna kap\u0131","og_url":"https:\/\/www.kariyer.net\/kariyer-rehberi\/evden-calisirken-burnout-hissinden-nasil-kurtulursun\/","og_site_name":"Kariyer Rehberi","article_published_time":"2025-05-30T06:00:17+00:00","og_image":[{"width":900,"height":600,"url":"https:\/\/www.kariyer.net\/kariyer-rehberi\/wp-content\/uploads\/2025\/05\/burnout_nedir.jpg","type":"image\/jpeg"}],"author":"Edit\u00f6r","twitter_card":"summary_large_image","twitter_misc":{"Yazan:":"Edit\u00f6r","Tahmini okuma s\u00fcresi":"3 dakika"},"schema":{"@context":"https:\/\/schema.org","@graph":[{"@type":"Article","@id":"https:\/\/www.kariyer.net\/kariyer-rehberi\/evden-calisirken-burnout-hissinden-nasil-kurtulursun\/#article","isPartOf":{"@id":"https:\/\/www.kariyer.net\/kariyer-rehberi\/evden-calisirken-burnout-hissinden-nasil-kurtulursun\/"},"author":{"name":"Edit\u00f6r","@id":"https:\/\/www.kariyer.net\/kariyer-rehberi\/#\/schema\/person\/94fd6e49c7ff1b1b2565a2cc4fd685dd"},"headline":"Evden \u00e7al\u0131\u015f\u0131rken &#8220;burnout&#8221; hissinden nas\u0131l kurtulursun?","datePublished":"2025-05-30T06:00:17+00:00","mainEntityOfPage":{"@id":"https:\/\/www.kariyer.net\/kariyer-rehberi\/evden-calisirken-burnout-hissinden-nasil-kurtulursun\/"},"wordCount":568,"publisher":{"@id":"https:\/\/www.kariyer.net\/kariyer-rehberi\/#organization"},"image":{"@id":"https:\/\/www.kariyer.net\/kariyer-rehberi\/evden-calisirken-burnout-hissinden-nasil-kurtulursun\/#primaryimage"},"thumbnailUrl":"https:\/\/www.kariyer.net\/kariyer-rehberi\/wp-content\/uploads\/2025\/05\/burnout_nedir.jpg","keywords":["AI"],"articleSection":["Ya\u015fam"],"inLanguage":"tr"},{"@type":"WebPage","@id":"https:\/\/www.kariyer.net\/kariyer-rehberi\/evden-calisirken-burnout-hissinden-nasil-kurtulursun\/","url":"https:\/\/www.kariyer.net\/kariyer-rehberi\/evden-calisirken-burnout-hissinden-nasil-kurtulursun\/","name":"Evden \u00e7al\u0131\u015f\u0131rken \"burnout\" hissinden nas\u0131l kurtulursun?","isPartOf":{"@id":"https:\/\/www.kariyer.net\/kariyer-rehberi\/#website"},"primaryImageOfPage":{"@id":"https:\/\/www.kariyer.net\/kariyer-rehberi\/evden-calisirken-burnout-hissinden-nasil-kurtulursun\/#primaryimage"},"image":{"@id":"https:\/\/www.kariyer.net\/kariyer-rehberi\/evden-calisirken-burnout-hissinden-nasil-kurtulursun\/#primaryimage"},"thumbnailUrl":"https:\/\/www.kariyer.net\/kariyer-rehberi\/wp-content\/uploads\/2025\/05\/burnout_nedir.jpg","datePublished":"2025-05-30T06:00:17+00:00","description":"Evden \u00e7al\u0131\u015fmak keyifli gibi g\u00f6r\u00fcnse de zamanla s\u0131n\u0131rlar\u0131n silikle\u015fmesi ve sosyal izolasyon burnout sendromuna kap\u0131 aralayabilir.","breadcrumb":{"@id":"https:\/\/www.kariyer.net\/kariyer-rehberi\/evden-calisirken-burnout-hissinden-nasil-kurtulursun\/#breadcrumb"},"inLanguage":"tr","potentialAction":[{"@type":"ReadAction","target":["https:\/\/www.kariyer.net\/kariyer-rehberi\/evden-calisirken-burnout-hissinden-nasil-kurtulursun\/"]}]},{"@type":"ImageObject","inLanguage":"tr","@id":"https:\/\/www.kariyer.net\/kariyer-rehberi\/evden-calisirken-burnout-hissinden-nasil-kurtulursun\/#primaryimage","url":"https:\/\/www.kariyer.net\/kariyer-rehberi\/wp-content\/uploads\/2025\/05\/burnout_nedir.jpg","contentUrl":"https:\/\/www.kariyer.net\/kariyer-rehberi\/wp-content\/uploads\/2025\/05\/burnout_nedir.jpg","width":900,"height":600},{"@type":"BreadcrumbList","@id":"https:\/\/www.kariyer.net\/kariyer-rehberi\/evden-calisirken-burnout-hissinden-nasil-kurtulursun\/#breadcrumb","itemListElement":[{"@type":"ListItem","position":1,"name":"Anasayfa","item":"https:\/\/www.kariyer.net\/kariyer-rehberi\/"},{"@type":"ListItem","position":2,"name":"Evden \u00e7al\u0131\u015f\u0131rken &#8220;burnout&#8221; hissinden nas\u0131l kurtulursun?"}]},{"@type":"WebSite","@id":"https:\/\/www.kariyer.net\/kariyer-rehberi\/#website","url":"https:\/\/www.kariyer.net\/kariyer-rehberi\/","name":"Kariyer Rehberi","description":"\u0130\u015f D\u00fcnyas\u0131yla \u0130lgili Bilmek \u0130stedi\u011finiz Her \u015eey","publisher":{"@id":"https:\/\/www.kariyer.net\/kariyer-rehberi\/#organization"},"potentialAction":[{"@type":"SearchAction","target":{"@type":"EntryPoint","urlTemplate":"https:\/\/www.kariyer.net\/kariyer-rehberi\/?s={search_term_string}"},"query-input":{"@type":"PropertyValueSpecification","valueRequired":true,"valueName":"search_term_string"}}],"inLanguage":"tr"},{"@type":"Organization","@id":"https:\/\/www.kariyer.net\/kariyer-rehberi\/#organization","name":"Kariyer.net","url":"https:\/\/www.kariyer.net\/kariyer-rehberi\/","logo":{"@type":"ImageObject","inLanguage":"tr","@id":"https:\/\/www.kariyer.net\/kariyer-rehberi\/#\/schema\/logo\/image\/","url":"https:\/\/www.kariyer.net\/kariyer-rehberi-new\/wp-content\/uploads\/2023\/01\/og-image11.jpg","contentUrl":"https:\/\/www.kariyer.net\/kariyer-rehberi-new\/wp-content\/uploads\/2023\/01\/og-image11.jpg","width":800,"height":800,"caption":"Kariyer.net"},"image":{"@id":"https:\/\/www.kariyer.net\/kariyer-rehberi\/#\/schema\/logo\/image\/"}},{"@type":"Person","@id":"https:\/\/www.kariyer.net\/kariyer-rehberi\/#\/schema\/person\/94fd6e49c7ff1b1b2565a2cc4fd685dd","name":"Edit\u00f6r","image":{"@type":"ImageObject","inLanguage":"tr","@id":"https:\/\/www.kariyer.net\/kariyer-rehberi\/#\/schema\/person\/image\/","url":"https:\/\/secure.gravatar.com\/avatar\/0c4fe6688343aed3693b15573beae12c08ace5565409d5ab7509bf9c115f458d?s=96&d=mm&r=g","contentUrl":"https:\/\/secure.gravatar.com\/avatar\/0c4fe6688343aed3693b15573beae12c08ace5565409d5ab7509bf9c115f458d?s=96&d=mm&r=g","caption":"Edit\u00f6r"},"url":"https:\/\/www.kariyer.net\/kariyer-rehberi\/author\/editor\/"}]}},"_links":{"self":[{"href":"https:\/\/www.kariyer.net\/kariyer-rehberi\/wp-json\/wp\/v2\/posts\/22193","targetHints":{"allow":["GET"]}}],"collection":[{"href":"https:\/\/www.kariyer.net\/kariyer-rehberi\/wp-json\/wp\/v2\/posts"}],"about":[{"href":"https:\/\/www.kariyer.net\/kariyer-rehberi\/wp-json\/wp\/v2\/types\/post"}],"author":[{"embeddable":true,"href":"https:\/\/www.kariyer.net\/kariyer-rehberi\/wp-json\/wp\/v2\/users\/12"}],"replies":[{"embeddable":true,"href":"https:\/\/www.kariyer.net\/kariyer-rehberi\/wp-json\/wp\/v2\/comments?post=22193"}],"version-history":[{"count":1,"href":"https:\/\/www.kariyer.net\/kariyer-rehberi\/wp-json\/wp\/v2\/posts\/22193\/revisions"}],"predecessor-version":[{"id":22194,"href":"https:\/\/www.kariyer.net\/kariyer-rehberi\/wp-json\/wp\/v2\/posts\/22193\/revisions\/22194"}],"wp:featuredmedia":[{"embeddable":true,"href":"https:\/\/www.kariyer.net\/kariyer-rehberi\/wp-json\/wp\/v2\/media\/22195"}],"wp:attachment":[{"href":"https:\/\/www.kariyer.net\/kariyer-rehberi\/wp-json\/wp\/v2\/media?parent=22193"}],"wp:term":[{"taxonomy":"category","embeddable":true,"href":"https:\/\/www.kariyer.net\/kariyer-rehberi\/wp-json\/wp\/v2\/categories?post=22193"},{"taxonomy":"post_tag","embeddable":true,"href":"https:\/\/www.kariyer.net\/kariyer-rehberi\/wp-json\/wp\/v2\/tags?post=22193"}],"curies":[{"name":"wp","href":"https:\/\/api.w.org\/{rel}","templated":true}]}}