{"id":22219,"date":"2025-06-03T15:12:35","date_gmt":"2025-06-03T12:12:35","guid":{"rendered":"https:\/\/www.kariyer.net\/kariyer-rehberi\/?p=22219"},"modified":"2025-06-03T15:12:35","modified_gmt":"2025-06-03T12:12:35","slug":"etkili-iliski-yonetimi-is-hayatindaki-gorunmeyen-avantajini-nasil-kullanirsin","status":"publish","type":"post","link":"https:\/\/www.kariyer.net\/kariyer-rehberi\/etkili-iliski-yonetimi-is-hayatindaki-gorunmeyen-avantajini-nasil-kullanirsin\/","title":{"rendered":"Etkili ili\u015fki y\u00f6netimi: \u0130\u015f hayat\u0131ndaki g\u00f6r\u00fcnmeyen avantaj\u0131n\u0131 nas\u0131l kullan\u0131rs\u0131n?"},"content":{"rendered":"\n<p><strong>Ba\u015far\u0131l\u0131 bir kariyer sadece teknik becerilerle de\u011fil, insan ili\u015fkilerindeki ustal\u0131\u011f\u0131nla da \u015fekillenir. Peki, sen i\u015f hayat\u0131nda ili\u015fkilerini ger\u00e7ekten ne kadar etkili y\u00f6netebiliyorsun?<\/strong><\/p>\n\n\n\n<h2 class=\"wp-block-heading\"><strong>Sadece ne s\u00f6yledi\u011fin de\u011fil, nas\u0131l s\u00f6yledi\u011fin de \u00f6nemli<\/strong><\/h2>\n\n\n\n<p>\u0130\u015f yerinde ileti\u015fim kurarken \u00e7o\u011fu zaman sadece konu\u015fmaya odaklan\u0131rs\u0131n; ama etkili ileti\u015fim \u00e7ok daha fazlas\u0131n\u0131 i\u00e7erir. Kendini do\u011fru ifade etmek, beden dilinle s\u00f6ylediklerini desteklemek ve kar\u015f\u0131ndakini ger\u00e7ekten dinleyebilmek\u2026 Bunlar\u0131n hepsi bir b\u00fct\u00fcn\u00fcn par\u00e7alar\u0131d\u0131r.<\/p>\n\n\n\n<p>\u0130leti\u015fim tarz\u0131n; ekip arkada\u015flar\u0131nla uyumunu, y\u00f6neticinle kurdu\u011fun ba\u011f\u0131 ve hatta <a href=\"https:\/\/www.kariyer.net\/kariyer-rehberi\/terfi-yolunda-engeller-ilerleyememenin-carpici-3-nedeni\/\">terfi <\/a>s\u00fcrecindeki ba\u015far\u0131n\u0131 bile do\u011frudan etkiler.<\/p>\n\n\n\n<h2 class=\"wp-block-heading\"><strong>\u0130li\u015fki y\u00f6netimi neden bu kadar kritik?<\/strong><\/h2>\n\n\n\n<p>\u00c7\u00fcnk\u00fc bir projede ya\u015fanan t\u0131kan\u0131kl\u0131\u011f\u0131n nedeni \u00e7o\u011fu zaman teknik yetersizlik de\u011fil, kopuk ili\u015fkiler olur. Fikirlerin duyulmuyorsa, toplant\u0131larda zorlan\u0131yorsan ya da ekip i\u00e7i \u00e7at\u0131\u015fmalar seni yoruyorsa, belki de durup ili\u015fkilerini nas\u0131l y\u00f6netti\u011fine bakman gerekir.<\/p>\n\n\n\n<p>Etkili ili\u015fki y\u00f6netimi sayesinde:<\/p>\n\n\n\n<ul class=\"wp-block-list\">\n<li>Empati kurar, kar\u015f\u0131 taraf\u0131n perspektifini anlayabilirsin.<\/li>\n\n\n\n<li>Zor konu\u015fmalar\u0131 daha cesu,r ama yap\u0131c\u0131 bi\u00e7imde yapabilirsin.<\/li>\n\n\n\n<li>Geri bildirimi bir tehdit de\u011fil, geli\u015fim f\u0131rsat\u0131 olarak g\u00f6rebilirsin.<\/li>\n\n\n\n<li>\u0130\u015f birliklerini daha sa\u011fl\u0131kl\u0131 ve s\u00fcrd\u00fcr\u00fclebilir hale getirebilirsin.<\/li>\n<\/ul>\n\n\n\n<h2 class=\"wp-block-heading\"><strong>Fark\u0131ndal\u0131k olmadan ili\u015fki geli\u015fmez<\/strong><\/h2>\n\n\n\n<p>\u0130li\u015fkilerini d\u00f6n\u00fc\u015ft\u00fcrmek istiyorsan, \u00f6nce aynaya bakman gerekir. \u0130leti\u015fim tarz\u0131n, stres alt\u0131ndaki tepkilerin, \u00e7at\u0131\u015fmalara yakla\u015f\u0131m bi\u00e7imin seninle ilgili \u00e7ok \u015fey anlat\u0131r. Bu fark\u0131ndal\u0131\u011f\u0131 geli\u015ftirerek i\u015f ortam\u0131nda g\u00fcven in\u015fa edebilir, daha etkili i\u015f birliklerine zemin haz\u0131rlayabilirsin.<\/p>\n\n\n\n<h2 class=\"wp-block-heading\"><strong>\u0130leti\u015fim sadece kelimeler de\u011fildir<\/strong><\/h2>\n\n\n\n<p>S\u00f6zs\u00fcz ileti\u015fim (beden dilin, ses tonun, g\u00f6z temas\u0131 kurup kurmad\u0131\u011f\u0131n) d\u00fc\u015f\u00fcnd\u00fc\u011f\u00fcnden daha fazla anlam ta\u015f\u0131r. \u00d6zellikle y\u00fcz y\u00fcze ya da hibrit \u00e7al\u0131\u015fma modellerinde bu detaylar ili\u015fkilerin do\u011fas\u0131n\u0131 \u015fekillendirir. Bu nedenle profesyonel geli\u015fimin sadece teknik e\u011fitimlerle de\u011fil, ileti\u015fim becerilerinle de desteklenmelidir.<\/p>\n\n\n\n<h2 class=\"wp-block-heading\"><strong>Fark\u0131ndal\u0131kla ba\u015flayan de\u011fi\u015fim<\/strong><\/h2>\n\n\n<div class=\"wp-block-image\">\n<figure class=\"alignleft size-large is-resized\"><a href=\"https:\/\/www.kariyer.net\/kariyer-rehberi\/wp-content\/uploads\/2025\/06\/Stratejik-Netlik-Olusturma-1-1.png\"><img fetchpriority=\"high\" decoding=\"async\" width=\"1024\" height=\"352\" src=\"https:\/\/www.kariyer.net\/kariyer-rehberi\/wp-content\/uploads\/2025\/06\/Stratejik-Netlik-Olusturma-1-1-1024x352.png\" alt=\"\" class=\"wp-image-22220\" style=\"width:476px;height:auto\" srcset=\"https:\/\/www.kariyer.net\/kariyer-rehberi\/wp-content\/uploads\/2025\/06\/Stratejik-Netlik-Olusturma-1-1-1024x352.png 1024w, https:\/\/www.kariyer.net\/kariyer-rehberi\/wp-content\/uploads\/2025\/06\/Stratejik-Netlik-Olusturma-1-1-300x103.png 300w, https:\/\/www.kariyer.net\/kariyer-rehberi\/wp-content\/uploads\/2025\/06\/Stratejik-Netlik-Olusturma-1-1-768x264.png 768w, https:\/\/www.kariyer.net\/kariyer-rehberi\/wp-content\/uploads\/2025\/06\/Stratejik-Netlik-Olusturma-1-1-1536x528.png 1536w, https:\/\/www.kariyer.net\/kariyer-rehberi\/wp-content\/uploads\/2025\/06\/Stratejik-Netlik-Olusturma-1-1-450x155.png 450w, https:\/\/www.kariyer.net\/kariyer-rehberi\/wp-content\/uploads\/2025\/06\/Stratejik-Netlik-Olusturma-1-1-780x268.png 780w, https:\/\/www.kariyer.net\/kariyer-rehberi\/wp-content\/uploads\/2025\/06\/Stratejik-Netlik-Olusturma-1-1.png 1600w\" sizes=\"(max-width: 1024px) 100vw, 1024px\" \/><\/a><\/figure>\n<\/div>\n\n\n<p class=\"has-text-align-left\">\u0130\u015f ya\u015fam\u0131nda daha iyi ili\u015fkiler kurman\u0131n ilk ad\u0131m\u0131 kendimizi ve \u00e7evremizi tan\u0131maktan ge\u00e7iyor. Kendimize dair fark\u0131ndal\u0131k geli\u015ftirdik\u00e7e, nas\u0131l alg\u0131land\u0131\u011f\u0131m\u0131z\u0131, hangi durumlarda nas\u0131l tepki verdi\u011fimizi ve ileti\u015fim tarz\u0131m\u0131z\u0131n kar\u015f\u0131 tarafa nas\u0131l yans\u0131d\u0131\u011f\u0131n\u0131 anlamaya ba\u015flar\u0131z. Bu fark\u0131ndal\u0131k, hem i\u015f arkada\u015flar\u0131m\u0131zla hem y\u00f6neticilerimizle hem de d\u0131\u015f payda\u015flarla daha sa\u011fl\u0131kl\u0131 ili\u015fkiler kurmam\u0131z\u0131n \u00f6n\u00fcn\u00fc a\u00e7ar.<\/p>\n\n\n\n<p class=\"has-text-align-left\">\u0130\u015f hayat\u0131nda ileti\u015fim becerilerini geli\u015ftirmek ve ili\u015fkilerini g\u00fc\u00e7lendirmek istiyorsan, <a href=\"https:\/\/bit.ly\/4mAAmAm\" target=\"_blank\" rel=\"noreferrer noopener\"><strong>ilgili e\u011fitimleri<\/strong><\/a> inceleyerek \u00f6nemli bir ad\u0131m atabilirsin.<\/p>\n<!-- templates\/buttons-placeholder.php -->\n<div class=\"da-reactions-outer TpostID22219\">\n\t    <div class=\"da-reactions-data da-reactions-container-async center\"\n         data-type=\"post\"\n         data-id=\"22219\"\n         id=\"da-reactions-slot-post-22219\">\n        <div class=\"da-reactions-static\">\n\t\t\t<img src=\"https:\/\/www.kariyer.net\/kariyer-rehberi\/wp-content\/plugins\/da-reactions\/assets\/dist\/loading.svg\" alt=\"Loading spinner\" width=\"48\" height=\"48\" style=\"width:48px\" \/>\n        <\/div>\n    <\/div>\n<\/div>\n","protected":false},"excerpt":{"rendered":"<p>Ba\u015far\u0131l\u0131 bir kariyer sadece teknik becerilerle de\u011fil, insan ili\u015fkilerindeki ustal\u0131\u011f\u0131nla da \u015fekillenir. Peki, sen i\u015f hayat\u0131nda ili\u015fkilerini ger\u00e7ekten ne kadar etkili y\u00f6netebiliyorsun? Sadece ne s\u00f6yledi\u011fin de\u011fil, nas\u0131l s\u00f6yledi\u011fin de \u00f6nemli \u0130\u015f yerinde ileti\u015fim kurarken \u00e7o\u011fu zaman sadece konu\u015fmaya odaklan\u0131rs\u0131n; ama etkili ileti\u015fim \u00e7ok daha fazlas\u0131n\u0131 i\u00e7erir. Kendini do\u011fru ifade etmek, beden dilinle s\u00f6ylediklerini desteklemek ve [&hellip;]<\/p>\n<!-- templates\/buttons-placeholder.php -->\n<div class=\"da-reactions-outer TpostID22219\">\n\t    <div class=\"da-reactions-data da-reactions-container-async center\"\n         data-type=\"post\"\n         data-id=\"22219\"\n         id=\"da-reactions-slot-post-22219\">\n        <div class=\"da-reactions-static\">\n\t\t\t<img src=\"https:\/\/www.kariyer.net\/kariyer-rehberi\/wp-content\/plugins\/da-reactions\/assets\/dist\/loading.svg\" alt=\"Loading spinner\" width=\"48\" height=\"48\" style=\"width:48px\" \/>\n        <\/div>\n    <\/div>\n<\/div>\n","protected":false},"author":12,"featured_media":22221,"comment_status":"closed","ping_status":"open","sticky":false,"template":"","format":"standard","meta":{"footnotes":"","_elementor_edit_mode":"","_elementor_template_type":"","_elementor_data":"","_elementor_page_settings":null,"_elementor_conditions":[]},"categories":[2214],"tags":[],"class_list":{"0":"post-22219","1":"post","2":"type-post","3":"status-publish","4":"format-standard","5":"has-post-thumbnail","7":"category-yasam"},"yoast_head":"<!-- This site is optimized with the Yoast SEO Premium plugin v21.4 (Yoast SEO v27.0) - https:\/\/yoast.com\/product\/yoast-seo-premium-wordpress\/ -->\n<title>\u0130\u015f hayat\u0131ndaki g\u00f6r\u00fcnmeyen avantaj\u0131n\u0131 nas\u0131l kullan\u0131rs\u0131n?<\/title>\n<meta name=\"description\" content=\"Ba\u015far\u0131l\u0131 bir kariyer sadece teknik becerilerle de\u011fil, insan ili\u015fkilerindeki ustal\u0131\u011f\u0131nla da \u015fekillenir. Peki, bunu nas\u0131l geli\u015ftirirsin?\" \/>\n<meta name=\"robots\" content=\"index, follow, max-snippet:-1, max-image-preview:large, max-video-preview:-1\" \/>\n<link rel=\"canonical\" href=\"https:\/\/www.kariyer.net\/kariyer-rehberi\/etkili-iliski-yonetimi-is-hayatindaki-gorunmeyen-avantajini-nasil-kullanirsin\/\" \/>\n<meta property=\"og:locale\" content=\"tr_TR\" \/>\n<meta property=\"og:type\" content=\"article\" \/>\n<meta property=\"og:title\" content=\"Etkili ili\u015fki y\u00f6netimi: \u0130\u015f hayat\u0131ndaki g\u00f6r\u00fcnmeyen avantaj\u0131n\u0131 nas\u0131l kullan\u0131rs\u0131n?\" \/>\n<meta property=\"og:description\" content=\"Ba\u015far\u0131l\u0131 bir kariyer sadece teknik becerilerle de\u011fil, insan ili\u015fkilerindeki ustal\u0131\u011f\u0131nla da \u015fekillenir. Peki, sen i\u015f hayat\u0131nda ili\u015fkilerini ger\u00e7ekten ne\" \/>\n<meta property=\"og:url\" content=\"https:\/\/www.kariyer.net\/kariyer-rehberi\/etkili-iliski-yonetimi-is-hayatindaki-gorunmeyen-avantajini-nasil-kullanirsin\/\" \/>\n<meta property=\"og:site_name\" content=\"Kariyer Rehberi\" \/>\n<meta property=\"article:published_time\" content=\"2025-06-03T12:12:35+00:00\" \/>\n<meta property=\"og:image\" content=\"https:\/\/www.kariyer.net\/kariyer-rehberi\/wp-content\/uploads\/2025\/06\/etkili_iletisim.jpg\" \/>\n\t<meta property=\"og:image:width\" content=\"900\" \/>\n\t<meta property=\"og:image:height\" content=\"600\" \/>\n\t<meta property=\"og:image:type\" content=\"image\/jpeg\" \/>\n<meta name=\"author\" content=\"Edit\u00f6r\" \/>\n<meta name=\"twitter:card\" content=\"summary_large_image\" \/>\n<meta name=\"twitter:label1\" content=\"Yazan:\" \/>\n\t<meta name=\"twitter:data1\" content=\"Edit\u00f6r\" \/>\n\t<meta name=\"twitter:label2\" content=\"Tahmini okuma s\u00fcresi\" \/>\n\t<meta name=\"twitter:data2\" content=\"3 dakika\" \/>\n<!-- \/ Yoast SEO Premium plugin. -->","yoast_head_json":{"title":"\u0130\u015f hayat\u0131ndaki g\u00f6r\u00fcnmeyen avantaj\u0131n\u0131 nas\u0131l kullan\u0131rs\u0131n?","description":"Ba\u015far\u0131l\u0131 bir kariyer sadece teknik becerilerle de\u011fil, insan ili\u015fkilerindeki ustal\u0131\u011f\u0131nla da \u015fekillenir. Peki, bunu nas\u0131l geli\u015ftirirsin?","robots":{"index":"index","follow":"follow","max-snippet":"max-snippet:-1","max-image-preview":"max-image-preview:large","max-video-preview":"max-video-preview:-1"},"canonical":"https:\/\/www.kariyer.net\/kariyer-rehberi\/etkili-iliski-yonetimi-is-hayatindaki-gorunmeyen-avantajini-nasil-kullanirsin\/","og_locale":"tr_TR","og_type":"article","og_title":"Etkili ili\u015fki y\u00f6netimi: \u0130\u015f hayat\u0131ndaki g\u00f6r\u00fcnmeyen avantaj\u0131n\u0131 nas\u0131l kullan\u0131rs\u0131n?","og_description":"Ba\u015far\u0131l\u0131 bir kariyer sadece teknik becerilerle de\u011fil, insan ili\u015fkilerindeki ustal\u0131\u011f\u0131nla da \u015fekillenir. Peki, sen i\u015f hayat\u0131nda ili\u015fkilerini ger\u00e7ekten ne","og_url":"https:\/\/www.kariyer.net\/kariyer-rehberi\/etkili-iliski-yonetimi-is-hayatindaki-gorunmeyen-avantajini-nasil-kullanirsin\/","og_site_name":"Kariyer Rehberi","article_published_time":"2025-06-03T12:12:35+00:00","og_image":[{"width":900,"height":600,"url":"https:\/\/www.kariyer.net\/kariyer-rehberi\/wp-content\/uploads\/2025\/06\/etkili_iletisim.jpg","type":"image\/jpeg"}],"author":"Edit\u00f6r","twitter_card":"summary_large_image","twitter_misc":{"Yazan:":"Edit\u00f6r","Tahmini okuma s\u00fcresi":"3 dakika"},"schema":{"@context":"https:\/\/schema.org","@graph":[{"@type":"Article","@id":"https:\/\/www.kariyer.net\/kariyer-rehberi\/etkili-iliski-yonetimi-is-hayatindaki-gorunmeyen-avantajini-nasil-kullanirsin\/#article","isPartOf":{"@id":"https:\/\/www.kariyer.net\/kariyer-rehberi\/etkili-iliski-yonetimi-is-hayatindaki-gorunmeyen-avantajini-nasil-kullanirsin\/"},"author":{"name":"Edit\u00f6r","@id":"https:\/\/www.kariyer.net\/kariyer-rehberi\/#\/schema\/person\/94fd6e49c7ff1b1b2565a2cc4fd685dd"},"headline":"Etkili ili\u015fki y\u00f6netimi: \u0130\u015f hayat\u0131ndaki g\u00f6r\u00fcnmeyen avantaj\u0131n\u0131 nas\u0131l kullan\u0131rs\u0131n?","datePublished":"2025-06-03T12:12:35+00:00","mainEntityOfPage":{"@id":"https:\/\/www.kariyer.net\/kariyer-rehberi\/etkili-iliski-yonetimi-is-hayatindaki-gorunmeyen-avantajini-nasil-kullanirsin\/"},"wordCount":487,"publisher":{"@id":"https:\/\/www.kariyer.net\/kariyer-rehberi\/#organization"},"image":{"@id":"https:\/\/www.kariyer.net\/kariyer-rehberi\/etkili-iliski-yonetimi-is-hayatindaki-gorunmeyen-avantajini-nasil-kullanirsin\/#primaryimage"},"thumbnailUrl":"https:\/\/www.kariyer.net\/kariyer-rehberi\/wp-content\/uploads\/2025\/06\/etkili_iletisim.jpg","articleSection":["Ya\u015fam"],"inLanguage":"tr"},{"@type":"WebPage","@id":"https:\/\/www.kariyer.net\/kariyer-rehberi\/etkili-iliski-yonetimi-is-hayatindaki-gorunmeyen-avantajini-nasil-kullanirsin\/","url":"https:\/\/www.kariyer.net\/kariyer-rehberi\/etkili-iliski-yonetimi-is-hayatindaki-gorunmeyen-avantajini-nasil-kullanirsin\/","name":"\u0130\u015f hayat\u0131ndaki g\u00f6r\u00fcnmeyen avantaj\u0131n\u0131 nas\u0131l kullan\u0131rs\u0131n?","isPartOf":{"@id":"https:\/\/www.kariyer.net\/kariyer-rehberi\/#website"},"primaryImageOfPage":{"@id":"https:\/\/www.kariyer.net\/kariyer-rehberi\/etkili-iliski-yonetimi-is-hayatindaki-gorunmeyen-avantajini-nasil-kullanirsin\/#primaryimage"},"image":{"@id":"https:\/\/www.kariyer.net\/kariyer-rehberi\/etkili-iliski-yonetimi-is-hayatindaki-gorunmeyen-avantajini-nasil-kullanirsin\/#primaryimage"},"thumbnailUrl":"https:\/\/www.kariyer.net\/kariyer-rehberi\/wp-content\/uploads\/2025\/06\/etkili_iletisim.jpg","datePublished":"2025-06-03T12:12:35+00:00","description":"Ba\u015far\u0131l\u0131 bir kariyer sadece teknik becerilerle de\u011fil, insan ili\u015fkilerindeki ustal\u0131\u011f\u0131nla da \u015fekillenir. Peki, bunu nas\u0131l geli\u015ftirirsin?","breadcrumb":{"@id":"https:\/\/www.kariyer.net\/kariyer-rehberi\/etkili-iliski-yonetimi-is-hayatindaki-gorunmeyen-avantajini-nasil-kullanirsin\/#breadcrumb"},"inLanguage":"tr","potentialAction":[{"@type":"ReadAction","target":["https:\/\/www.kariyer.net\/kariyer-rehberi\/etkili-iliski-yonetimi-is-hayatindaki-gorunmeyen-avantajini-nasil-kullanirsin\/"]}]},{"@type":"ImageObject","inLanguage":"tr","@id":"https:\/\/www.kariyer.net\/kariyer-rehberi\/etkili-iliski-yonetimi-is-hayatindaki-gorunmeyen-avantajini-nasil-kullanirsin\/#primaryimage","url":"https:\/\/www.kariyer.net\/kariyer-rehberi\/wp-content\/uploads\/2025\/06\/etkili_iletisim.jpg","contentUrl":"https:\/\/www.kariyer.net\/kariyer-rehberi\/wp-content\/uploads\/2025\/06\/etkili_iletisim.jpg","width":900,"height":600},{"@type":"BreadcrumbList","@id":"https:\/\/www.kariyer.net\/kariyer-rehberi\/etkili-iliski-yonetimi-is-hayatindaki-gorunmeyen-avantajini-nasil-kullanirsin\/#breadcrumb","itemListElement":[{"@type":"ListItem","position":1,"name":"Anasayfa","item":"https:\/\/www.kariyer.net\/kariyer-rehberi\/"},{"@type":"ListItem","position":2,"name":"Etkili ili\u015fki y\u00f6netimi: \u0130\u015f hayat\u0131ndaki g\u00f6r\u00fcnmeyen avantaj\u0131n\u0131 nas\u0131l kullan\u0131rs\u0131n?"}]},{"@type":"WebSite","@id":"https:\/\/www.kariyer.net\/kariyer-rehberi\/#website","url":"https:\/\/www.kariyer.net\/kariyer-rehberi\/","name":"Kariyer Rehberi","description":"\u0130\u015f D\u00fcnyas\u0131yla \u0130lgili Bilmek \u0130stedi\u011finiz Her \u015eey","publisher":{"@id":"https:\/\/www.kariyer.net\/kariyer-rehberi\/#organization"},"potentialAction":[{"@type":"SearchAction","target":{"@type":"EntryPoint","urlTemplate":"https:\/\/www.kariyer.net\/kariyer-rehberi\/?s={search_term_string}"},"query-input":{"@type":"PropertyValueSpecification","valueRequired":true,"valueName":"search_term_string"}}],"inLanguage":"tr"},{"@type":"Organization","@id":"https:\/\/www.kariyer.net\/kariyer-rehberi\/#organization","name":"Kariyer.net","url":"https:\/\/www.kariyer.net\/kariyer-rehberi\/","logo":{"@type":"ImageObject","inLanguage":"tr","@id":"https:\/\/www.kariyer.net\/kariyer-rehberi\/#\/schema\/logo\/image\/","url":"https:\/\/www.kariyer.net\/kariyer-rehberi-new\/wp-content\/uploads\/2023\/01\/og-image11.jpg","contentUrl":"https:\/\/www.kariyer.net\/kariyer-rehberi-new\/wp-content\/uploads\/2023\/01\/og-image11.jpg","width":800,"height":800,"caption":"Kariyer.net"},"image":{"@id":"https:\/\/www.kariyer.net\/kariyer-rehberi\/#\/schema\/logo\/image\/"}},{"@type":"Person","@id":"https:\/\/www.kariyer.net\/kariyer-rehberi\/#\/schema\/person\/94fd6e49c7ff1b1b2565a2cc4fd685dd","name":"Edit\u00f6r","image":{"@type":"ImageObject","inLanguage":"tr","@id":"https:\/\/www.kariyer.net\/kariyer-rehberi\/#\/schema\/person\/image\/","url":"https:\/\/secure.gravatar.com\/avatar\/0c4fe6688343aed3693b15573beae12c08ace5565409d5ab7509bf9c115f458d?s=96&d=mm&r=g","contentUrl":"https:\/\/secure.gravatar.com\/avatar\/0c4fe6688343aed3693b15573beae12c08ace5565409d5ab7509bf9c115f458d?s=96&d=mm&r=g","caption":"Edit\u00f6r"},"url":"https:\/\/www.kariyer.net\/kariyer-rehberi\/author\/editor\/"}]}},"_links":{"self":[{"href":"https:\/\/www.kariyer.net\/kariyer-rehberi\/wp-json\/wp\/v2\/posts\/22219","targetHints":{"allow":["GET"]}}],"collection":[{"href":"https:\/\/www.kariyer.net\/kariyer-rehberi\/wp-json\/wp\/v2\/posts"}],"about":[{"href":"https:\/\/www.kariyer.net\/kariyer-rehberi\/wp-json\/wp\/v2\/types\/post"}],"author":[{"embeddable":true,"href":"https:\/\/www.kariyer.net\/kariyer-rehberi\/wp-json\/wp\/v2\/users\/12"}],"replies":[{"embeddable":true,"href":"https:\/\/www.kariyer.net\/kariyer-rehberi\/wp-json\/wp\/v2\/comments?post=22219"}],"version-history":[{"count":2,"href":"https:\/\/www.kariyer.net\/kariyer-rehberi\/wp-json\/wp\/v2\/posts\/22219\/revisions"}],"predecessor-version":[{"id":22224,"href":"https:\/\/www.kariyer.net\/kariyer-rehberi\/wp-json\/wp\/v2\/posts\/22219\/revisions\/22224"}],"wp:featuredmedia":[{"embeddable":true,"href":"https:\/\/www.kariyer.net\/kariyer-rehberi\/wp-json\/wp\/v2\/media\/22221"}],"wp:attachment":[{"href":"https:\/\/www.kariyer.net\/kariyer-rehberi\/wp-json\/wp\/v2\/media?parent=22219"}],"wp:term":[{"taxonomy":"category","embeddable":true,"href":"https:\/\/www.kariyer.net\/kariyer-rehberi\/wp-json\/wp\/v2\/categories?post=22219"},{"taxonomy":"post_tag","embeddable":true,"href":"https:\/\/www.kariyer.net\/kariyer-rehberi\/wp-json\/wp\/v2\/tags?post=22219"}],"curies":[{"name":"wp","href":"https:\/\/api.w.org\/{rel}","templated":true}]}}