{"id":22227,"date":"2025-06-04T14:55:58","date_gmt":"2025-06-04T11:55:58","guid":{"rendered":"https:\/\/www.kariyer.net\/kariyer-rehberi\/?p=22227"},"modified":"2025-06-16T17:56:00","modified_gmt":"2025-06-16T14:56:00","slug":"astsubay-nedir-2025-astsubay-maasi-ne-kadar-oldu","status":"publish","type":"post","link":"https:\/\/www.kariyer.net\/kariyer-rehberi\/astsubay-nedir-2025-astsubay-maasi-ne-kadar-oldu\/","title":{"rendered":"Astsubay nedir? 2025 astsubay maa\u015f\u0131 ne kadar oldu?"},"content":{"rendered":"\r\n<p><strong>Yerel g\u00fcvenlikten ulusal savunmaya kadar bir\u00e7ok g\u00f6revde kar\u015f\u0131m\u0131za \u00e7\u0131kan bir meslek: Astsubayl\u0131k. Peki, bir astsubay ne i\u015f yapar? 2025 y\u0131l\u0131nda astsubay maa\u015flar\u0131 ne kadar oldu? Astsubay olmak i\u00e7in hangi \u015fartlar\u0131 ta\u015f\u0131mak gerekiyor? T\u00fcm bu sorular\u0131n yan\u0131tlar\u0131n\u0131 senin i\u00e7in derledik.<\/strong><\/p>\r\n\r\n\r\n\r\n<h2 class=\"wp-block-heading\"><strong>Astsubay kimdir, ne i\u015f yapar?<\/strong><\/h2>\r\n\r\n\r\n\r\n<p>Astsubaylar, T\u00fcrk Silahl\u0131 Kuvvetleri (TSK) i\u00e7inde yer alan, subay ve er\/erba\u015f aras\u0131nda g\u00f6rev yapan profesyonel askeri personeldir. Kara, Hava ve Deniz Kuvvetleri ile Jandarma ve Sahil G\u00fcvenlik Komutanl\u0131\u011f\u0131\u2019nda g\u00f6rev alabilirler. Genellikle teknik bilgi gerektiren birimlerde g\u00f6rev yaparlar ve bir\u00e7ok alanda k\u0131demli uzmanl\u0131k pozisyonlar\u0131n\u0131 \u00fcstlenirler.<\/p>\r\n\r\n\r\n\r\n<p>G\u00f6rev alanlar\u0131 olduk\u00e7a \u00e7e\u015fitlidir:<\/p>\r\n\r\n\r\n\r\n<ul class=\"wp-block-list\">\r\n<li>Askeri birliklerin sevk ve idaresine yard\u0131mc\u0131 olmak,<\/li>\r\n\r\n\r\n\r\n<li>Teknik ara\u00e7 ve silah sistemlerini kullanmak ve bak\u0131m\u0131n\u0131 yapmak,<\/li>\r\n\r\n\r\n\r\n<li>Personel e\u011fitimine katk\u0131 sa\u011flamak,<\/li>\r\n\r\n\r\n\r\n<li>N\u00f6bet, devriye ve operasyonel g\u00f6revleri yerine getirmek.<\/li>\r\n<\/ul>\r\n\r\n\r\n\r\n<h2 class=\"wp-block-heading\"><strong>2025 astsubay maa\u015f\u0131 ne kadar oldu?<\/strong><\/h2>\r\n\r\n\r\n\r\n<p>2025 y\u0131l\u0131nda astsubay maa\u015flar\u0131na da di\u011fer kamu personellerinde oldu\u011fu gibi toplu s\u00f6zle\u015fme ve enflasyon fark\u0131na ba\u011fl\u0131 olarak art\u0131\u015f yap\u0131ld\u0131. Astsubay maa\u015flar\u0131; g\u00f6rev yap\u0131lan birlik, k\u0131dem y\u0131l\u0131, aile durumu ve varsa g\u00f6rev tazminatlar\u0131 gibi unsurlara g\u00f6re de\u011fi\u015fiklik g\u00f6steriyor. Yeni ba\u015flayan bir <a href=\"https:\/\/www.kariyer.net\/pozisyonlar\/astsubay\/nedir\" target=\"_blank\" rel=\"noreferrer noopener\"><strong>astsubay<\/strong><\/a> ile k\u0131demli bir astsubay aras\u0131nda \u00f6nemli farklar bulunabiliyor. Genel olarak bak\u0131ld\u0131\u011f\u0131nda, g\u00fcncel maa\u015flar\u0131n \u00fclke ortalamas\u0131n\u0131n \u00fczerinde seyretti\u011fi s\u00f6ylenebilir.<\/p>\r\n\r\n\r\n\r\n<h2 class=\"wp-block-heading\">Emekli Astsubay maa\u015flar\u0131 ne kadar?<\/h2>\r\n\r\n\r\n\r\n<p>Emekli astsubaylar\u0131n maa\u015flar\u0131 da g\u00f6rev s\u00fcresi boyunca bulunduklar\u0131 r\u00fctbe, hizmet y\u0131l\u0131 ve tazminat haklar\u0131na g\u00f6re farkl\u0131l\u0131k g\u00f6steriyor. Emeklilikte al\u0131nan maa\u015f tutar\u0131, aktif g\u00f6revdeki maa\u015f\u0131n tamam\u0131n\u0131 yans\u0131tmasa da di\u011fer kamu emeklileriyle k\u0131yasland\u0131\u011f\u0131nda daha avantajl\u0131 bir seviyede yer al\u0131yor denilebilir. Ayr\u0131ca emekli astsubaylar da belirli durumlarda ek \u00f6demeler ve ikramiye gibi haklardan faydalanabiliyor.<\/p>\r\n\r\n\r\n\r\n<h2 class=\"wp-block-heading\"><strong>Astsubay olmak i\u00e7in gereken \u015fartlar neler?<\/strong><\/h2>\r\n\r\n\r\n\r\n<p>Astsubay olabilmek i\u00e7in Milli Savunma \u00dcniversitesi\u2019ne (MS\u00dc) ba\u011fl\u0131 Astsubay Meslek Y\u00fcksekokullar\u0131ndan mezun olmak ya da d\u0131\u015f kaynaktan yap\u0131lan al\u0131mlara ba\u015fvurmak gerekiyor. Adaylarda aranan temel \u015fartlar \u015funlar:<\/p>\r\n\r\n\r\n\r\n<ul class=\"wp-block-list\">\r\n<li>T.C. vatanda\u015f\u0131 olmak,<\/li>\r\n\r\n\r\n\r\n<li>En az lise veya dengi okul mezunu olmak (d\u0131\u015f kaynaktan al\u0131m i\u00e7in),<\/li>\r\n\r\n\r\n\r\n<li>MS\u00dc s\u0131nav\u0131na girip yeterli puan\u0131 almak (i\u00e7 kaynak i\u00e7in),<\/li>\r\n\r\n\r\n\r\n<li>Sa\u011fl\u0131k ve fiziki yeterlilik testlerinden ge\u00e7mek,<\/li>\r\n\r\n\r\n\r\n<li>G\u00fcvenlik soru\u015fturmas\u0131ndan olumlu sonu\u00e7 almak.<\/li>\r\n<\/ul>\r\n\r\n\r\n\r\n<h2 class=\"wp-block-heading\"><strong>Astsubaylar\u0131n sosyal haklar\u0131 neler?<\/strong><\/h2>\r\n\r\n\r\n\r\n<p>Astsubaylar, devlet memurlar\u0131na sa\u011flanan pek \u00e7ok sosyal haktan yararlan\u0131r. Ayr\u0131ca g\u00f6revleri nedeniyle baz\u0131 ek avantajlara da sahiptirler:<\/p>\r\n\r\n\r\n\r\n<ul class=\"wp-block-list\">\r\n<li><strong>Sa\u011fl\u0131k hizmetleri:<\/strong> TSK Rehberlik ve Psikolojik Dan\u0131\u015fma Merkezleri ile asker hastanelerinden faydalanma,<\/li>\r\n\r\n\r\n\r\n<li><strong>Emeklilik:<\/strong> 5434 say\u0131l\u0131 Emekli Sand\u0131\u011f\u0131 kapsam\u0131nda emekli olurlar,<\/li>\r\n\r\n\r\n\r\n<li><strong>Tayin ve lojman hakk\u0131<\/strong>: G\u00f6rev b\u00f6lgelerine g\u00f6re lojman hakk\u0131 veya kira yard\u0131m\u0131 sa\u011flan\u0131r,<\/li>\r\n\r\n\r\n\r\n<li><strong>Yurt d\u0131\u015f\u0131 g\u00f6rev:<\/strong> NATO, BM gibi uluslararas\u0131 g\u00f6revlerde yer alma imk\u00e2n\u0131,<\/li>\r\n\r\n\r\n\r\n<li><strong>Sosyal tesisler ve kamplar:<\/strong> Orduevleri, askeri tatil kamplar\u0131 gibi tesislerden indirimli faydalanma.<\/li>\r\n<\/ul>\r\n\r\n\r\n\r\n<h2 class=\"wp-block-heading\"><strong>Astsubayl\u0131k hakk\u0131nda s\u0131k sorulan sorular<\/strong><\/h2>\r\n\r\n\r\n\r\n<h3 class=\"wp-block-heading\"><strong>Astsubayla subay aras\u0131nda fark nedir?<\/strong><\/h3>\r\n\r\n\r\n\r\n<p>Astsubaylar teknik uygulamada g\u00f6rev al\u0131rken, subaylar genellikle y\u00f6netim ve komuta kademesinde yer al\u0131r. R\u00fctbe ve sorumluluk a\u00e7\u0131s\u0131ndan subaylar \u00fcst pozisyondad\u0131r.<\/p>\r\n\r\n\r\n\r\n<h3 class=\"wp-block-heading\"><strong>Kad\u0131nlar astsubay olabilir mi?<\/strong><\/h3>\r\n\r\n\r\n\r\n<p>Evet. Kad\u0131n adaylar da gerekli fiziki ve sa\u011fl\u0131k \u015fartlar\u0131n\u0131 ta\u015f\u0131malar\u0131 halinde astsubay olabilir.<\/p>\r\n\r\n\r\n\r\n<h3 class=\"wp-block-heading\"><strong>Astsubaylar sivil hayatta hangi alanlarda \u00e7al\u0131\u015fabilir?<\/strong><\/h3>\r\n\r\n\r\n\r\n<p>Emeklilik sonras\u0131 savunma sanayi, g\u00fcvenlik hizmetleri, teknik dan\u0131\u015fmanl\u0131k gibi alanlarda s\u0131kl\u0131kla g\u00f6rev al\u0131rlar.<\/p>\r\n<!-- templates\/buttons-placeholder.php -->\n<div class=\"da-reactions-outer TpostID22227\">\n\t    <div class=\"da-reactions-data da-reactions-container-async center\"\n         data-type=\"post\"\n         data-id=\"22227\"\n         id=\"da-reactions-slot-post-22227\">\n        <div class=\"da-reactions-static\">\n\t\t\t<img src=\"https:\/\/www.kariyer.net\/kariyer-rehberi\/wp-content\/plugins\/da-reactions\/assets\/dist\/loading.svg\" alt=\"Loading spinner\" width=\"48\" height=\"48\" style=\"width:48px\" \/>\n        <\/div>\n    <\/div>\n<\/div>\n","protected":false},"excerpt":{"rendered":"<p>Yerel g\u00fcvenlikten ulusal savunmaya kadar bir\u00e7ok g\u00f6revde kar\u015f\u0131m\u0131za \u00e7\u0131kan bir meslek: Astsubayl\u0131k. Peki, bir astsubay ne i\u015f yapar? 2025 y\u0131l\u0131nda astsubay maa\u015flar\u0131 ne kadar oldu? Astsubay olmak i\u00e7in hangi \u015fartlar\u0131 ta\u015f\u0131mak gerekiyor? T\u00fcm bu sorular\u0131n yan\u0131tlar\u0131n\u0131 senin i\u00e7in derledik. Astsubay kimdir, ne i\u015f yapar? Astsubaylar, T\u00fcrk Silahl\u0131 Kuvvetleri (TSK) i\u00e7inde yer alan, subay ve er\/erba\u015f [&hellip;]<\/p>\n<!-- templates\/buttons-placeholder.php -->\n<div class=\"da-reactions-outer TpostID22227\">\n\t    <div class=\"da-reactions-data da-reactions-container-async center\"\n         data-type=\"post\"\n         data-id=\"22227\"\n         id=\"da-reactions-slot-post-22227\">\n        <div class=\"da-reactions-static\">\n\t\t\t<img src=\"https:\/\/www.kariyer.net\/kariyer-rehberi\/wp-content\/plugins\/da-reactions\/assets\/dist\/loading.svg\" alt=\"Loading spinner\" width=\"48\" height=\"48\" style=\"width:48px\" \/>\n        <\/div>\n    <\/div>\n<\/div>\n","protected":false},"author":12,"featured_media":22229,"comment_status":"closed","ping_status":"open","sticky":false,"template":"","format":"standard","meta":{"footnotes":"","_elementor_edit_mode":"","_elementor_template_type":"","_elementor_data":"","_elementor_page_settings":null,"_elementor_conditions":[]},"categories":[2215],"tags":[],"class_list":{"0":"post-22227","1":"post","2":"type-post","3":"status-publish","4":"format-standard","5":"has-post-thumbnail","7":"category-kamuda-kariyer"},"yoast_head":"<!-- This site is optimized with the Yoast SEO Premium plugin v21.4 (Yoast SEO v27.0) - https:\/\/yoast.com\/product\/yoast-seo-premium-wordpress\/ -->\n<title>Astsubay nedir? 2025 Astsubay maa\u015f\u0131 ne kadar oldu?<\/title>\n<meta name=\"description\" content=\"Yerel g\u00fcvenlikten ulusal savunmaya kadar bir\u00e7ok g\u00f6revde kar\u015f\u0131m\u0131za \u00e7\u0131kan bir meslek: Astsubayl\u0131k. Peki, bir astsubay ne i\u015f yapar?\" \/>\n<meta name=\"robots\" content=\"index, follow, max-snippet:-1, max-image-preview:large, max-video-preview:-1\" \/>\n<link rel=\"canonical\" href=\"https:\/\/www.kariyer.net\/kariyer-rehberi\/astsubay-nedir-2025-astsubay-maasi-ne-kadar-oldu\/\" \/>\n<meta property=\"og:locale\" content=\"tr_TR\" \/>\n<meta property=\"og:type\" content=\"article\" \/>\n<meta property=\"og:title\" content=\"Astsubay nedir? 2025 astsubay maa\u015f\u0131 ne kadar oldu?\" \/>\n<meta property=\"og:description\" content=\"Yerel g\u00fcvenlikten ulusal savunmaya kadar bir\u00e7ok g\u00f6revde kar\u015f\u0131m\u0131za \u00e7\u0131kan bir meslek: Astsubayl\u0131k. Peki, bir astsubay ne i\u015f yapar? 2025 y\u0131l\u0131nda astsubay\" \/>\n<meta property=\"og:url\" content=\"https:\/\/www.kariyer.net\/kariyer-rehberi\/astsubay-nedir-2025-astsubay-maasi-ne-kadar-oldu\/\" \/>\n<meta property=\"og:site_name\" content=\"Kariyer Rehberi\" \/>\n<meta property=\"article:published_time\" content=\"2025-06-04T11:55:58+00:00\" \/>\n<meta property=\"article:modified_time\" content=\"2025-06-16T14:56:00+00:00\" \/>\n<meta property=\"og:image\" content=\"https:\/\/www.kariyer.net\/kariyer-rehberi\/wp-content\/uploads\/2025\/06\/astsubay_maaslari.jpg\" \/>\n\t<meta property=\"og:image:width\" content=\"900\" \/>\n\t<meta property=\"og:image:height\" content=\"600\" \/>\n\t<meta property=\"og:image:type\" content=\"image\/jpeg\" \/>\n<meta name=\"author\" content=\"Edit\u00f6r\" \/>\n<meta name=\"twitter:card\" content=\"summary_large_image\" \/>\n<meta name=\"twitter:label1\" content=\"Yazan:\" \/>\n\t<meta name=\"twitter:data1\" content=\"Edit\u00f6r\" \/>\n\t<meta name=\"twitter:label2\" content=\"Tahmini okuma s\u00fcresi\" \/>\n\t<meta name=\"twitter:data2\" content=\"3 dakika\" \/>\n<!-- \/ Yoast SEO Premium plugin. -->","yoast_head_json":{"title":"Astsubay nedir? 2025 Astsubay maa\u015f\u0131 ne kadar oldu?","description":"Yerel g\u00fcvenlikten ulusal savunmaya kadar bir\u00e7ok g\u00f6revde kar\u015f\u0131m\u0131za \u00e7\u0131kan bir meslek: Astsubayl\u0131k. Peki, bir astsubay ne i\u015f yapar?","robots":{"index":"index","follow":"follow","max-snippet":"max-snippet:-1","max-image-preview":"max-image-preview:large","max-video-preview":"max-video-preview:-1"},"canonical":"https:\/\/www.kariyer.net\/kariyer-rehberi\/astsubay-nedir-2025-astsubay-maasi-ne-kadar-oldu\/","og_locale":"tr_TR","og_type":"article","og_title":"Astsubay nedir? 2025 astsubay maa\u015f\u0131 ne kadar oldu?","og_description":"Yerel g\u00fcvenlikten ulusal savunmaya kadar bir\u00e7ok g\u00f6revde kar\u015f\u0131m\u0131za \u00e7\u0131kan bir meslek: Astsubayl\u0131k. Peki, bir astsubay ne i\u015f yapar? 2025 y\u0131l\u0131nda astsubay","og_url":"https:\/\/www.kariyer.net\/kariyer-rehberi\/astsubay-nedir-2025-astsubay-maasi-ne-kadar-oldu\/","og_site_name":"Kariyer Rehberi","article_published_time":"2025-06-04T11:55:58+00:00","article_modified_time":"2025-06-16T14:56:00+00:00","og_image":[{"width":900,"height":600,"url":"https:\/\/www.kariyer.net\/kariyer-rehberi\/wp-content\/uploads\/2025\/06\/astsubay_maaslari.jpg","type":"image\/jpeg"}],"author":"Edit\u00f6r","twitter_card":"summary_large_image","twitter_misc":{"Yazan:":"Edit\u00f6r","Tahmini okuma s\u00fcresi":"3 dakika"},"schema":{"@context":"https:\/\/schema.org","@graph":[{"@type":"Article","@id":"https:\/\/www.kariyer.net\/kariyer-rehberi\/astsubay-nedir-2025-astsubay-maasi-ne-kadar-oldu\/#article","isPartOf":{"@id":"https:\/\/www.kariyer.net\/kariyer-rehberi\/astsubay-nedir-2025-astsubay-maasi-ne-kadar-oldu\/"},"author":{"name":"Edit\u00f6r","@id":"https:\/\/www.kariyer.net\/kariyer-rehberi\/#\/schema\/person\/94fd6e49c7ff1b1b2565a2cc4fd685dd"},"headline":"Astsubay nedir? 2025 astsubay maa\u015f\u0131 ne kadar oldu?","datePublished":"2025-06-04T11:55:58+00:00","dateModified":"2025-06-16T14:56:00+00:00","mainEntityOfPage":{"@id":"https:\/\/www.kariyer.net\/kariyer-rehberi\/astsubay-nedir-2025-astsubay-maasi-ne-kadar-oldu\/"},"wordCount":614,"publisher":{"@id":"https:\/\/www.kariyer.net\/kariyer-rehberi\/#organization"},"image":{"@id":"https:\/\/www.kariyer.net\/kariyer-rehberi\/astsubay-nedir-2025-astsubay-maasi-ne-kadar-oldu\/#primaryimage"},"thumbnailUrl":"https:\/\/www.kariyer.net\/kariyer-rehberi\/wp-content\/uploads\/2025\/06\/astsubay_maaslari.jpg","articleSection":["Kamuda Kariyer"],"inLanguage":"tr"},{"@type":"WebPage","@id":"https:\/\/www.kariyer.net\/kariyer-rehberi\/astsubay-nedir-2025-astsubay-maasi-ne-kadar-oldu\/","url":"https:\/\/www.kariyer.net\/kariyer-rehberi\/astsubay-nedir-2025-astsubay-maasi-ne-kadar-oldu\/","name":"Astsubay nedir? 2025 Astsubay maa\u015f\u0131 ne kadar oldu?","isPartOf":{"@id":"https:\/\/www.kariyer.net\/kariyer-rehberi\/#website"},"primaryImageOfPage":{"@id":"https:\/\/www.kariyer.net\/kariyer-rehberi\/astsubay-nedir-2025-astsubay-maasi-ne-kadar-oldu\/#primaryimage"},"image":{"@id":"https:\/\/www.kariyer.net\/kariyer-rehberi\/astsubay-nedir-2025-astsubay-maasi-ne-kadar-oldu\/#primaryimage"},"thumbnailUrl":"https:\/\/www.kariyer.net\/kariyer-rehberi\/wp-content\/uploads\/2025\/06\/astsubay_maaslari.jpg","datePublished":"2025-06-04T11:55:58+00:00","dateModified":"2025-06-16T14:56:00+00:00","description":"Yerel g\u00fcvenlikten ulusal savunmaya kadar bir\u00e7ok g\u00f6revde kar\u015f\u0131m\u0131za \u00e7\u0131kan bir meslek: Astsubayl\u0131k. Peki, bir astsubay ne i\u015f yapar?","breadcrumb":{"@id":"https:\/\/www.kariyer.net\/kariyer-rehberi\/astsubay-nedir-2025-astsubay-maasi-ne-kadar-oldu\/#breadcrumb"},"inLanguage":"tr","potentialAction":[{"@type":"ReadAction","target":["https:\/\/www.kariyer.net\/kariyer-rehberi\/astsubay-nedir-2025-astsubay-maasi-ne-kadar-oldu\/"]}]},{"@type":"ImageObject","inLanguage":"tr","@id":"https:\/\/www.kariyer.net\/kariyer-rehberi\/astsubay-nedir-2025-astsubay-maasi-ne-kadar-oldu\/#primaryimage","url":"https:\/\/www.kariyer.net\/kariyer-rehberi\/wp-content\/uploads\/2025\/06\/astsubay_maaslari.jpg","contentUrl":"https:\/\/www.kariyer.net\/kariyer-rehberi\/wp-content\/uploads\/2025\/06\/astsubay_maaslari.jpg","width":900,"height":600},{"@type":"BreadcrumbList","@id":"https:\/\/www.kariyer.net\/kariyer-rehberi\/astsubay-nedir-2025-astsubay-maasi-ne-kadar-oldu\/#breadcrumb","itemListElement":[{"@type":"ListItem","position":1,"name":"Anasayfa","item":"https:\/\/www.kariyer.net\/kariyer-rehberi\/"},{"@type":"ListItem","position":2,"name":"Astsubay nedir? 2025 astsubay maa\u015f\u0131 ne kadar oldu?"}]},{"@type":"WebSite","@id":"https:\/\/www.kariyer.net\/kariyer-rehberi\/#website","url":"https:\/\/www.kariyer.net\/kariyer-rehberi\/","name":"Kariyer Rehberi","description":"\u0130\u015f D\u00fcnyas\u0131yla \u0130lgili Bilmek \u0130stedi\u011finiz Her \u015eey","publisher":{"@id":"https:\/\/www.kariyer.net\/kariyer-rehberi\/#organization"},"potentialAction":[{"@type":"SearchAction","target":{"@type":"EntryPoint","urlTemplate":"https:\/\/www.kariyer.net\/kariyer-rehberi\/?s={search_term_string}"},"query-input":{"@type":"PropertyValueSpecification","valueRequired":true,"valueName":"search_term_string"}}],"inLanguage":"tr"},{"@type":"Organization","@id":"https:\/\/www.kariyer.net\/kariyer-rehberi\/#organization","name":"Kariyer.net","url":"https:\/\/www.kariyer.net\/kariyer-rehberi\/","logo":{"@type":"ImageObject","inLanguage":"tr","@id":"https:\/\/www.kariyer.net\/kariyer-rehberi\/#\/schema\/logo\/image\/","url":"https:\/\/www.kariyer.net\/kariyer-rehberi-new\/wp-content\/uploads\/2023\/01\/og-image11.jpg","contentUrl":"https:\/\/www.kariyer.net\/kariyer-rehberi-new\/wp-content\/uploads\/2023\/01\/og-image11.jpg","width":800,"height":800,"caption":"Kariyer.net"},"image":{"@id":"https:\/\/www.kariyer.net\/kariyer-rehberi\/#\/schema\/logo\/image\/"}},{"@type":"Person","@id":"https:\/\/www.kariyer.net\/kariyer-rehberi\/#\/schema\/person\/94fd6e49c7ff1b1b2565a2cc4fd685dd","name":"Edit\u00f6r","image":{"@type":"ImageObject","inLanguage":"tr","@id":"https:\/\/www.kariyer.net\/kariyer-rehberi\/#\/schema\/person\/image\/","url":"https:\/\/secure.gravatar.com\/avatar\/0c4fe6688343aed3693b15573beae12c08ace5565409d5ab7509bf9c115f458d?s=96&d=mm&r=g","contentUrl":"https:\/\/secure.gravatar.com\/avatar\/0c4fe6688343aed3693b15573beae12c08ace5565409d5ab7509bf9c115f458d?s=96&d=mm&r=g","caption":"Edit\u00f6r"},"url":"https:\/\/www.kariyer.net\/kariyer-rehberi\/author\/editor\/"}]}},"_links":{"self":[{"href":"https:\/\/www.kariyer.net\/kariyer-rehberi\/wp-json\/wp\/v2\/posts\/22227","targetHints":{"allow":["GET"]}}],"collection":[{"href":"https:\/\/www.kariyer.net\/kariyer-rehberi\/wp-json\/wp\/v2\/posts"}],"about":[{"href":"https:\/\/www.kariyer.net\/kariyer-rehberi\/wp-json\/wp\/v2\/types\/post"}],"author":[{"embeddable":true,"href":"https:\/\/www.kariyer.net\/kariyer-rehberi\/wp-json\/wp\/v2\/users\/12"}],"replies":[{"embeddable":true,"href":"https:\/\/www.kariyer.net\/kariyer-rehberi\/wp-json\/wp\/v2\/comments?post=22227"}],"version-history":[{"count":7,"href":"https:\/\/www.kariyer.net\/kariyer-rehberi\/wp-json\/wp\/v2\/posts\/22227\/revisions"}],"predecessor-version":[{"id":22317,"href":"https:\/\/www.kariyer.net\/kariyer-rehberi\/wp-json\/wp\/v2\/posts\/22227\/revisions\/22317"}],"wp:featuredmedia":[{"embeddable":true,"href":"https:\/\/www.kariyer.net\/kariyer-rehberi\/wp-json\/wp\/v2\/media\/22229"}],"wp:attachment":[{"href":"https:\/\/www.kariyer.net\/kariyer-rehberi\/wp-json\/wp\/v2\/media?parent=22227"}],"wp:term":[{"taxonomy":"category","embeddable":true,"href":"https:\/\/www.kariyer.net\/kariyer-rehberi\/wp-json\/wp\/v2\/categories?post=22227"},{"taxonomy":"post_tag","embeddable":true,"href":"https:\/\/www.kariyer.net\/kariyer-rehberi\/wp-json\/wp\/v2\/tags?post=22227"}],"curies":[{"name":"wp","href":"https:\/\/api.w.org\/{rel}","templated":true}]}}